{"id":1208,"date":"2022-12-01T11:46:01","date_gmt":"2022-12-01T16:46:01","guid":{"rendered":"https:\/\/tuguia.combarranquilla.co\/Revista\/?p=1208"},"modified":"2022-12-07T11:20:28","modified_gmt":"2022-12-07T16:20:28","slug":"postulate-a-la-beca-de-programas-tecnicos-laborales","status":"publish","type":"post","link":"https:\/\/tuguia.combarranquilla.co\/Revista\/postulate-a-la-beca-de-programas-tecnicos-laborales\/","title":{"rendered":"Post\u00falate a la beca de programas t\u00e9cnicos laborales"},"content":{"rendered":"\n<p>Combarranquilla a trav\u00e9s de su Centro de Formaci\u00f3n se interesa y promueve la educaci\u00f3n de los j\u00f3venes para que as\u00ed puedan consolidar sus sue\u00f1os profesionales.<\/p>\n\n\n\n<p>Con el animo de incentivar la educaci\u00f3n, el Centro de Formaci\u00f3n Combarranquilla otorga becas del 100% de la matricula de programas t\u00e9cnicos laborales. Los programas tienen aproximadamente una duraci\u00f3n entre 12 y 16 meses, lo que permite que el estudiante pueda desempe\u00f1arse y vincularse al sector productivo.<\/p>\n\n\n\n<p><strong>Para acceder a la beca, los aspirantes deben cumplir unos requisitos, los cuales son:<\/strong><\/p>\n\n\n\n<p>Ser menor de 19 a\u00f1os<br>Hijo de trabajadores afiliados categor\u00eda A o B<br>Haber cursado y aprobado noveno grado<br>Ser admitido por el Centro de Formaci\u00f3n<\/p>\n\n\n\n<p><strong>Los programas a los que se pueden postular son:<\/strong><\/p>\n\n\n\n<p>T\u00e9cnico Laboral en Auxiliar Contable y Financiero; T\u00e9cnico Laboral en Contact Center; T\u00e9cnico Laboral en Mercadeo y Ventas; T\u00e9cnico en Auxiliar Agente de Viajes; T\u00e9cnico Laboral en Auxiliar Administrativo;  T\u00e9cnico Laboral en Almac\u00e9n y Bodegaje, T\u00e9cnico en Auxiliar de Cocina; T\u00e9cnico Laboral en Recursos Humanos y T\u00e9cnico Laboral Auxiliar de Panader\u00eda y Pasteler\u00eda.<\/p>\n\n\n\n<p>El plazo para postularse es hasta el 17 de diciembre as\u00ed que no esperes m\u00e1s y ac\u00e9rcate a las unidades de servicio y lleva la documentaci\u00f3n requerida.<\/p>\n\n\n\n<p> <\/p>\n\n\n\n<p><\/p>\n","protected":false},"excerpt":{"rendered":"<p>Combarranquilla a trav\u00e9s de su Centro de Formaci\u00f3n se interesa y promueve la educaci\u00f3n de los j\u00f3venes para que as\u00ed puedan consolidar sus sue\u00f1os profesionales. Con el animo de incentivar la educaci\u00f3n, el Centro de Formaci\u00f3n Combarranquilla otorga becas del 100% de la matricula de programas t\u00e9cnicos laborales. Los programas tienen aproximadamente una duraci\u00f3n entre [&hellip;]<\/p>\n","protected":false},"author":2,"featured_media":1209,"comment_status":"open","ping_status":"open","sticky":false,"template":"","format":"standard","meta":{"inline_featured_image":false,"footnotes":""},"categories":[8],"tags":[],"class_list":["post-1208","post","type-post","status-publish","format-standard","has-post-thumbnail","hentry","category-formacion"],"yoast_head":"<!-- This site is optimized with the Yoast SEO plugin v27.4 - https:\/\/yoast.com\/product\/yoast-seo-wordpress\/ -->\n<title>Post\u00falate a la beca de programas t\u00e9cnicos laborales - Tu Gu\u00eda<\/title>\n<meta name=\"robots\" content=\"index, follow, max-snippet:-1, max-image-preview:large, max-video-preview:-1\" \/>\n<link rel=\"canonical\" href=\"https:\/\/tuguia.combarranquilla.co\/Revista\/postulate-a-la-beca-de-programas-tecnicos-laborales\/\" \/>\n<meta property=\"og:locale\" content=\"es_ES\" \/>\n<meta property=\"og:type\" content=\"article\" \/>\n<meta property=\"og:title\" content=\"Post\u00falate a la beca de programas t\u00e9cnicos laborales - Tu Gu\u00eda\" \/>\n<meta property=\"og:description\" content=\"Combarranquilla a trav\u00e9s de su Centro de Formaci\u00f3n se interesa y promueve la educaci\u00f3n de los j\u00f3venes para que as\u00ed puedan consolidar sus sue\u00f1os profesionales. Con el animo de incentivar la educaci\u00f3n, el Centro de Formaci\u00f3n Combarranquilla otorga becas del 100% de la matricula de programas t\u00e9cnicos laborales. Los programas tienen aproximadamente una duraci\u00f3n entre [&hellip;]\" \/>\n<meta property=\"og:url\" content=\"https:\/\/tuguia.combarranquilla.co\/Revista\/postulate-a-la-beca-de-programas-tecnicos-laborales\/\" \/>\n<meta property=\"og:site_name\" content=\"Tu Gu\u00eda\" \/>\n<meta property=\"article:published_time\" content=\"2022-12-01T16:46:01+00:00\" \/>\n<meta property=\"article:modified_time\" content=\"2022-12-07T16:20:28+00:00\" \/>\n<meta property=\"og:image\" content=\"https:\/\/tuguia.combarranquilla.co\/Revista\/wp-content\/uploads\/2022\/12\/Slider-Convocatoria-Becas-Tecnicas.png\" \/>\n\t<meta property=\"og:image:width\" content=\"4000\" \/>\n\t<meta property=\"og:image:height\" content=\"1667\" \/>\n\t<meta property=\"og:image:type\" content=\"image\/png\" \/>\n<meta name=\"author\" content=\"Comunicaciones Combarranquilla\" \/>\n<meta name=\"twitter:card\" content=\"summary_large_image\" \/>\n<meta name=\"twitter:label1\" content=\"Escrito por\" \/>\n\t<meta name=\"twitter:data1\" content=\"Comunicaciones Combarranquilla\" \/>\n\t<meta name=\"twitter:label2\" content=\"Tiempo de lectura\" \/>\n\t<meta name=\"twitter:data2\" content=\"1 minuto\" \/>\n<script type=\"application\/ld+json\" class=\"yoast-schema-graph\">{\"@context\":\"https:\\\/\\\/schema.org\",\"@graph\":[{\"@type\":\"Article\",\"@id\":\"https:\\\/\\\/tuguia.combarranquilla.co\\\/Revista\\\/postulate-a-la-beca-de-programas-tecnicos-laborales\\\/#article\",\"isPartOf\":{\"@id\":\"https:\\\/\\\/tuguia.combarranquilla.co\\\/Revista\\\/postulate-a-la-beca-de-programas-tecnicos-laborales\\\/\"},\"author\":{\"name\":\"Comunicaciones Combarranquilla\",\"@id\":\"https:\\\/\\\/tuguia.combarranquilla.co\\\/Revista\\\/#\\\/schema\\\/person\\\/c2c396a77170bd1d5f8ba73294eb0d10\"},\"headline\":\"Post\u00falate a la beca de programas t\u00e9cnicos laborales\",\"datePublished\":\"2022-12-01T16:46:01+00:00\",\"dateModified\":\"2022-12-07T16:20:28+00:00\",\"mainEntityOfPage\":{\"@id\":\"https:\\\/\\\/tuguia.combarranquilla.co\\\/Revista\\\/postulate-a-la-beca-de-programas-tecnicos-laborales\\\/\"},\"wordCount\":231,\"commentCount\":0,\"publisher\":{\"@id\":\"https:\\\/\\\/tuguia.combarranquilla.co\\\/Revista\\\/#organization\"},\"image\":{\"@id\":\"https:\\\/\\\/tuguia.combarranquilla.co\\\/Revista\\\/postulate-a-la-beca-de-programas-tecnicos-laborales\\\/#primaryimage\"},\"thumbnailUrl\":\"https:\\\/\\\/tuguia.combarranquilla.co\\\/Revista\\\/wp-content\\\/uploads\\\/2022\\\/12\\\/Slider-Convocatoria-Becas-Tecnicas.png\",\"articleSection\":[\"FORMACI\u00d3N\"],\"inLanguage\":\"es-CO\",\"potentialAction\":[{\"@type\":\"CommentAction\",\"name\":\"Comment\",\"target\":[\"https:\\\/\\\/tuguia.combarranquilla.co\\\/Revista\\\/postulate-a-la-beca-de-programas-tecnicos-laborales\\\/#respond\"]}]},{\"@type\":\"WebPage\",\"@id\":\"https:\\\/\\\/tuguia.combarranquilla.co\\\/Revista\\\/postulate-a-la-beca-de-programas-tecnicos-laborales\\\/\",\"url\":\"https:\\\/\\\/tuguia.combarranquilla.co\\\/Revista\\\/postulate-a-la-beca-de-programas-tecnicos-laborales\\\/\",\"name\":\"Post\u00falate a la beca de programas t\u00e9cnicos laborales - Tu Gu\u00eda\",\"isPartOf\":{\"@id\":\"https:\\\/\\\/tuguia.combarranquilla.co\\\/Revista\\\/#website\"},\"primaryImageOfPage\":{\"@id\":\"https:\\\/\\\/tuguia.combarranquilla.co\\\/Revista\\\/postulate-a-la-beca-de-programas-tecnicos-laborales\\\/#primaryimage\"},\"image\":{\"@id\":\"https:\\\/\\\/tuguia.combarranquilla.co\\\/Revista\\\/postulate-a-la-beca-de-programas-tecnicos-laborales\\\/#primaryimage\"},\"thumbnailUrl\":\"https:\\\/\\\/tuguia.combarranquilla.co\\\/Revista\\\/wp-content\\\/uploads\\\/2022\\\/12\\\/Slider-Convocatoria-Becas-Tecnicas.png\",\"datePublished\":\"2022-12-01T16:46:01+00:00\",\"dateModified\":\"2022-12-07T16:20:28+00:00\",\"breadcrumb\":{\"@id\":\"https:\\\/\\\/tuguia.combarranquilla.co\\\/Revista\\\/postulate-a-la-beca-de-programas-tecnicos-laborales\\\/#breadcrumb\"},\"inLanguage\":\"es-CO\",\"potentialAction\":[{\"@type\":\"ReadAction\",\"target\":[\"https:\\\/\\\/tuguia.combarranquilla.co\\\/Revista\\\/postulate-a-la-beca-de-programas-tecnicos-laborales\\\/\"]}]},{\"@type\":\"ImageObject\",\"inLanguage\":\"es-CO\",\"@id\":\"https:\\\/\\\/tuguia.combarranquilla.co\\\/Revista\\\/postulate-a-la-beca-de-programas-tecnicos-laborales\\\/#primaryimage\",\"url\":\"https:\\\/\\\/tuguia.combarranquilla.co\\\/Revista\\\/wp-content\\\/uploads\\\/2022\\\/12\\\/Slider-Convocatoria-Becas-Tecnicas.png\",\"contentUrl\":\"https:\\\/\\\/tuguia.combarranquilla.co\\\/Revista\\\/wp-content\\\/uploads\\\/2022\\\/12\\\/Slider-Convocatoria-Becas-Tecnicas.png\",\"width\":4000,\"height\":1667},{\"@type\":\"BreadcrumbList\",\"@id\":\"https:\\\/\\\/tuguia.combarranquilla.co\\\/Revista\\\/postulate-a-la-beca-de-programas-tecnicos-laborales\\\/#breadcrumb\",\"itemListElement\":[{\"@type\":\"ListItem\",\"position\":1,\"name\":\"Inicio\",\"item\":\"https:\\\/\\\/tuguia.combarranquilla.co\\\/Revista\\\/\"},{\"@type\":\"ListItem\",\"position\":2,\"name\":\"Post\u00falate a la beca de programas t\u00e9cnicos laborales\"}]},{\"@type\":\"WebSite\",\"@id\":\"https:\\\/\\\/tuguia.combarranquilla.co\\\/Revista\\\/#website\",\"url\":\"https:\\\/\\\/tuguia.combarranquilla.co\\\/Revista\\\/\",\"name\":\"Tu Gu\u00eda\",\"description\":\"La revista donde lo tienes todo.\",\"publisher\":{\"@id\":\"https:\\\/\\\/tuguia.combarranquilla.co\\\/Revista\\\/#organization\"},\"alternateName\":\"Tu Gu\u00eda Combarranquilla\",\"potentialAction\":[{\"@type\":\"SearchAction\",\"target\":{\"@type\":\"EntryPoint\",\"urlTemplate\":\"https:\\\/\\\/tuguia.combarranquilla.co\\\/Revista\\\/?s={search_term_string}\"},\"query-input\":{\"@type\":\"PropertyValueSpecification\",\"valueRequired\":true,\"valueName\":\"search_term_string\"}}],\"inLanguage\":\"es-CO\"},{\"@type\":\"Organization\",\"@id\":\"https:\\\/\\\/tuguia.combarranquilla.co\\\/Revista\\\/#organization\",\"name\":\"Tu Gu\u00eda Combarranquilla\",\"url\":\"https:\\\/\\\/tuguia.combarranquilla.co\\\/Revista\\\/\",\"logo\":{\"@type\":\"ImageObject\",\"inLanguage\":\"es-CO\",\"@id\":\"https:\\\/\\\/tuguia.combarranquilla.co\\\/Revista\\\/#\\\/schema\\\/logo\\\/image\\\/\",\"url\":\"https:\\\/\\\/tuguia.combarranquilla.co\\\/Revista\\\/wp-content\\\/uploads\\\/2022\\\/02\\\/logo-guia-combarranquilla.svg\",\"contentUrl\":\"https:\\\/\\\/tuguia.combarranquilla.co\\\/Revista\\\/wp-content\\\/uploads\\\/2022\\\/02\\\/logo-guia-combarranquilla.svg\",\"caption\":\"Tu Gu\u00eda Combarranquilla\"},\"image\":{\"@id\":\"https:\\\/\\\/tuguia.combarranquilla.co\\\/Revista\\\/#\\\/schema\\\/logo\\\/image\\\/\"}},{\"@type\":\"Person\",\"@id\":\"https:\\\/\\\/tuguia.combarranquilla.co\\\/Revista\\\/#\\\/schema\\\/person\\\/c2c396a77170bd1d5f8ba73294eb0d10\",\"name\":\"Comunicaciones Combarranquilla\",\"image\":{\"@type\":\"ImageObject\",\"inLanguage\":\"es-CO\",\"@id\":\"https:\\\/\\\/tuguia.combarranquilla.co\\\/Revista\\\/wp-content\\\/uploads\\\/2025\\\/05\\\/ABC-Al-Rojo-Logo-96x96.jpg\",\"url\":\"https:\\\/\\\/tuguia.combarranquilla.co\\\/Revista\\\/wp-content\\\/uploads\\\/2025\\\/05\\\/ABC-Al-Rojo-Logo-96x96.jpg\",\"contentUrl\":\"https:\\\/\\\/tuguia.combarranquilla.co\\\/Revista\\\/wp-content\\\/uploads\\\/2025\\\/05\\\/ABC-Al-Rojo-Logo-96x96.jpg\",\"caption\":\"Comunicaciones Combarranquilla\"},\"sameAs\":[\"https:\\\/\\\/www.combarranquilla.co\"],\"url\":\"https:\\\/\\\/tuguia.combarranquilla.co\\\/Revista\\\/author\\\/comunicaciones\\\/\"}]}<\/script>\n<!-- \/ Yoast SEO plugin. -->","yoast_head_json":{"title":"Post\u00falate a la beca de programas t\u00e9cnicos laborales - Tu Gu\u00eda","robots":{"index":"index","follow":"follow","max-snippet":"max-snippet:-1","max-image-preview":"max-image-preview:large","max-video-preview":"max-video-preview:-1"},"canonical":"https:\/\/tuguia.combarranquilla.co\/Revista\/postulate-a-la-beca-de-programas-tecnicos-laborales\/","og_locale":"es_ES","og_type":"article","og_title":"Post\u00falate a la beca de programas t\u00e9cnicos laborales - Tu Gu\u00eda","og_description":"Combarranquilla a trav\u00e9s de su Centro de Formaci\u00f3n se interesa y promueve la educaci\u00f3n de los j\u00f3venes para que as\u00ed puedan consolidar sus sue\u00f1os profesionales. Con el animo de incentivar la educaci\u00f3n, el Centro de Formaci\u00f3n Combarranquilla otorga becas del 100% de la matricula de programas t\u00e9cnicos laborales. Los programas tienen aproximadamente una duraci\u00f3n entre [&hellip;]","og_url":"https:\/\/tuguia.combarranquilla.co\/Revista\/postulate-a-la-beca-de-programas-tecnicos-laborales\/","og_site_name":"Tu Gu\u00eda","article_published_time":"2022-12-01T16:46:01+00:00","article_modified_time":"2022-12-07T16:20:28+00:00","og_image":[{"width":4000,"height":1667,"url":"https:\/\/tuguia.combarranquilla.co\/Revista\/wp-content\/uploads\/2022\/12\/Slider-Convocatoria-Becas-Tecnicas.png","type":"image\/png"}],"author":"Comunicaciones Combarranquilla","twitter_card":"summary_large_image","twitter_misc":{"Escrito por":"Comunicaciones Combarranquilla","Tiempo de lectura":"1 minuto"},"schema":{"@context":"https:\/\/schema.org","@graph":[{"@type":"Article","@id":"https:\/\/tuguia.combarranquilla.co\/Revista\/postulate-a-la-beca-de-programas-tecnicos-laborales\/#article","isPartOf":{"@id":"https:\/\/tuguia.combarranquilla.co\/Revista\/postulate-a-la-beca-de-programas-tecnicos-laborales\/"},"author":{"name":"Comunicaciones Combarranquilla","@id":"https:\/\/tuguia.combarranquilla.co\/Revista\/#\/schema\/person\/c2c396a77170bd1d5f8ba73294eb0d10"},"headline":"Post\u00falate a la beca de programas t\u00e9cnicos laborales","datePublished":"2022-12-01T16:46:01+00:00","dateModified":"2022-12-07T16:20:28+00:00","mainEntityOfPage":{"@id":"https:\/\/tuguia.combarranquilla.co\/Revista\/postulate-a-la-beca-de-programas-tecnicos-laborales\/"},"wordCount":231,"commentCount":0,"publisher":{"@id":"https:\/\/tuguia.combarranquilla.co\/Revista\/#organization"},"image":{"@id":"https:\/\/tuguia.combarranquilla.co\/Revista\/postulate-a-la-beca-de-programas-tecnicos-laborales\/#primaryimage"},"thumbnailUrl":"https:\/\/tuguia.combarranquilla.co\/Revista\/wp-content\/uploads\/2022\/12\/Slider-Convocatoria-Becas-Tecnicas.png","articleSection":["FORMACI\u00d3N"],"inLanguage":"es-CO","potentialAction":[{"@type":"CommentAction","name":"Comment","target":["https:\/\/tuguia.combarranquilla.co\/Revista\/postulate-a-la-beca-de-programas-tecnicos-laborales\/#respond"]}]},{"@type":"WebPage","@id":"https:\/\/tuguia.combarranquilla.co\/Revista\/postulate-a-la-beca-de-programas-tecnicos-laborales\/","url":"https:\/\/tuguia.combarranquilla.co\/Revista\/postulate-a-la-beca-de-programas-tecnicos-laborales\/","name":"Post\u00falate a la beca de programas t\u00e9cnicos laborales - Tu Gu\u00eda","isPartOf":{"@id":"https:\/\/tuguia.combarranquilla.co\/Revista\/#website"},"primaryImageOfPage":{"@id":"https:\/\/tuguia.combarranquilla.co\/Revista\/postulate-a-la-beca-de-programas-tecnicos-laborales\/#primaryimage"},"image":{"@id":"https:\/\/tuguia.combarranquilla.co\/Revista\/postulate-a-la-beca-de-programas-tecnicos-laborales\/#primaryimage"},"thumbnailUrl":"https:\/\/tuguia.combarranquilla.co\/Revista\/wp-content\/uploads\/2022\/12\/Slider-Convocatoria-Becas-Tecnicas.png","datePublished":"2022-12-01T16:46:01+00:00","dateModified":"2022-12-07T16:20:28+00:00","breadcrumb":{"@id":"https:\/\/tuguia.combarranquilla.co\/Revista\/postulate-a-la-beca-de-programas-tecnicos-laborales\/#breadcrumb"},"inLanguage":"es-CO","potentialAction":[{"@type":"ReadAction","target":["https:\/\/tuguia.combarranquilla.co\/Revista\/postulate-a-la-beca-de-programas-tecnicos-laborales\/"]}]},{"@type":"ImageObject","inLanguage":"es-CO","@id":"https:\/\/tuguia.combarranquilla.co\/Revista\/postulate-a-la-beca-de-programas-tecnicos-laborales\/#primaryimage","url":"https:\/\/tuguia.combarranquilla.co\/Revista\/wp-content\/uploads\/2022\/12\/Slider-Convocatoria-Becas-Tecnicas.png","contentUrl":"https:\/\/tuguia.combarranquilla.co\/Revista\/wp-content\/uploads\/2022\/12\/Slider-Convocatoria-Becas-Tecnicas.png","width":4000,"height":1667},{"@type":"BreadcrumbList","@id":"https:\/\/tuguia.combarranquilla.co\/Revista\/postulate-a-la-beca-de-programas-tecnicos-laborales\/#breadcrumb","itemListElement":[{"@type":"ListItem","position":1,"name":"Inicio","item":"https:\/\/tuguia.combarranquilla.co\/Revista\/"},{"@type":"ListItem","position":2,"name":"Post\u00falate a la beca de programas t\u00e9cnicos laborales"}]},{"@type":"WebSite","@id":"https:\/\/tuguia.combarranquilla.co\/Revista\/#website","url":"https:\/\/tuguia.combarranquilla.co\/Revista\/","name":"Tu Gu\u00eda","description":"La revista donde lo tienes todo.","publisher":{"@id":"https:\/\/tuguia.combarranquilla.co\/Revista\/#organization"},"alternateName":"Tu Gu\u00eda Combarranquilla","potentialAction":[{"@type":"SearchAction","target":{"@type":"EntryPoint","urlTemplate":"https:\/\/tuguia.combarranquilla.co\/Revista\/?s={search_term_string}"},"query-input":{"@type":"PropertyValueSpecification","valueRequired":true,"valueName":"search_term_string"}}],"inLanguage":"es-CO"},{"@type":"Organization","@id":"https:\/\/tuguia.combarranquilla.co\/Revista\/#organization","name":"Tu Gu\u00eda Combarranquilla","url":"https:\/\/tuguia.combarranquilla.co\/Revista\/","logo":{"@type":"ImageObject","inLanguage":"es-CO","@id":"https:\/\/tuguia.combarranquilla.co\/Revista\/#\/schema\/logo\/image\/","url":"https:\/\/tuguia.combarranquilla.co\/Revista\/wp-content\/uploads\/2022\/02\/logo-guia-combarranquilla.svg","contentUrl":"https:\/\/tuguia.combarranquilla.co\/Revista\/wp-content\/uploads\/2022\/02\/logo-guia-combarranquilla.svg","caption":"Tu Gu\u00eda Combarranquilla"},"image":{"@id":"https:\/\/tuguia.combarranquilla.co\/Revista\/#\/schema\/logo\/image\/"}},{"@type":"Person","@id":"https:\/\/tuguia.combarranquilla.co\/Revista\/#\/schema\/person\/c2c396a77170bd1d5f8ba73294eb0d10","name":"Comunicaciones Combarranquilla","image":{"@type":"ImageObject","inLanguage":"es-CO","@id":"https:\/\/tuguia.combarranquilla.co\/Revista\/wp-content\/uploads\/2025\/05\/ABC-Al-Rojo-Logo-96x96.jpg","url":"https:\/\/tuguia.combarranquilla.co\/Revista\/wp-content\/uploads\/2025\/05\/ABC-Al-Rojo-Logo-96x96.jpg","contentUrl":"https:\/\/tuguia.combarranquilla.co\/Revista\/wp-content\/uploads\/2025\/05\/ABC-Al-Rojo-Logo-96x96.jpg","caption":"Comunicaciones Combarranquilla"},"sameAs":["https:\/\/www.combarranquilla.co"],"url":"https:\/\/tuguia.combarranquilla.co\/Revista\/author\/comunicaciones\/"}]}},"_links":{"self":[{"href":"https:\/\/tuguia.combarranquilla.co\/Revista\/wp-json\/wp\/v2\/posts\/1208","targetHints":{"allow":["GET"]}}],"collection":[{"href":"https:\/\/tuguia.combarranquilla.co\/Revista\/wp-json\/wp\/v2\/posts"}],"about":[{"href":"https:\/\/tuguia.combarranquilla.co\/Revista\/wp-json\/wp\/v2\/types\/post"}],"author":[{"embeddable":true,"href":"https:\/\/tuguia.combarranquilla.co\/Revista\/wp-json\/wp\/v2\/users\/2"}],"replies":[{"embeddable":true,"href":"https:\/\/tuguia.combarranquilla.co\/Revista\/wp-json\/wp\/v2\/comments?post=1208"}],"version-history":[{"count":4,"href":"https:\/\/tuguia.combarranquilla.co\/Revista\/wp-json\/wp\/v2\/posts\/1208\/revisions"}],"predecessor-version":[{"id":1300,"href":"https:\/\/tuguia.combarranquilla.co\/Revista\/wp-json\/wp\/v2\/posts\/1208\/revisions\/1300"}],"wp:featuredmedia":[{"embeddable":true,"href":"https:\/\/tuguia.combarranquilla.co\/Revista\/wp-json\/wp\/v2\/media\/1209"}],"wp:attachment":[{"href":"https:\/\/tuguia.combarranquilla.co\/Revista\/wp-json\/wp\/v2\/media?parent=1208"}],"wp:term":[{"taxonomy":"category","embeddable":true,"href":"https:\/\/tuguia.combarranquilla.co\/Revista\/wp-json\/wp\/v2\/categories?post=1208"},{"taxonomy":"post_tag","embeddable":true,"href":"https:\/\/tuguia.combarranquilla.co\/Revista\/wp-json\/wp\/v2\/tags?post=1208"}],"curies":[{"name":"wp","href":"https:\/\/api.w.org\/{rel}","templated":true}]}}