{"id":1212,"date":"2022-11-01T10:30:00","date_gmt":"2022-11-01T15:30:00","guid":{"rendered":"https:\/\/tuguia.combarranquilla.co\/Revista\/?p=1212"},"modified":"2022-12-06T16:44:25","modified_gmt":"2022-12-06T21:44:25","slug":"disfruta-del-eclipse-lunar-en-la-sala-domo","status":"publish","type":"post","link":"https:\/\/tuguia.combarranquilla.co\/Revista\/disfruta-del-eclipse-lunar-en-la-sala-domo\/","title":{"rendered":"Disfruta del ECLIPSE LUNAR en la Sala Domo"},"content":{"rendered":"\n<p>Nuestro Planetario est\u00e1 listo para proyectar el eclipse lunar del martes 8 de noviembre. Un espect\u00e1culo para compartir con tu familia y amigos.<\/p>\n\n\n\n<h2 class=\"wp-block-heading\">\u00a1Datos curiosos!<\/h2>\n\n\n\n<ul class=\"wp-block-list\">\n<li>Cuando el eclipse lunar es total, se produce un\u00a0efecto \u00f3ptico que se conoce como<strong>\u00a0luna roja o sangre<\/strong>. De acuerdo con la NASA, esto ser\u00e1 visible en Am\u00e9rica del Norte y del Sur, Asia y Australia.<\/li>\n\n\n\n<li>La totalidad\u00a0del eclipse <strong>dura una hora y media\u00a0<\/strong>antes de que la Luna comience a emerger de la sombra central. &#8220;<em>A lo largo del eclipse, la Luna se mover\u00e1 a trav\u00e9s de la\u00a0constelaci\u00f3n\u00a0de Aries<\/em>&#8220;, se\u00f1al\u00f3 la NASA. En Colombia, esta magnifica experiencia ser\u00e1 visible desde las 10:00 de la noche. <\/li>\n\n\n\n<li>Este evento, se contemplar\u00e1 por segunda vez durante el a\u00f1o 2022, ya que hasta el&nbsp;<strong>14 de marzo de 2025<\/strong>&nbsp;se volver\u00e1 a divisar un fen\u00f3meno similar.<\/li>\n\n\n\n<li>En el a\u00f1o 2023 y 2024, la luna experimentar\u00e1 un eclipse lunar parcial, es decir, la Luna pasar\u00e1 por el centro de la sombra de la Tierra\u00a0sin llegar a oscurecerse por completo.<\/li>\n\n\n\n<li>A principios de noviembre, tambi\u00e9n se presentan <strong>las T\u00e1uridas del Sur<\/strong>, una\u00a0<strong>lluvia de estrellas que presentan unos cinco meteoros por hora\u00a0<\/strong>y que permiten ver en el cielo bolas de fuego sobrevolando.<\/li>\n<\/ul>\n\n\n<div class=\"wp-block-image\">\n<figure class=\"aligncenter size-large\"><img decoding=\"async\" width=\"1024\" height=\"682\" data-src=\"https:\/\/tuguia.combarranquilla.co\/Revista\/wp-content\/uploads\/2022\/12\/1652710623043-1024x682.jpg\" alt=\"\" class=\"wp-image-1230 lazyload\" data-srcset=\"https:\/\/tuguia.combarranquilla.co\/Revista\/wp-content\/uploads\/2022\/12\/1652710623043-1024x682.jpg 1024w, https:\/\/tuguia.combarranquilla.co\/Revista\/wp-content\/uploads\/2022\/12\/1652710623043-300x200.jpg 300w, https:\/\/tuguia.combarranquilla.co\/Revista\/wp-content\/uploads\/2022\/12\/1652710623043-768x512.jpg 768w, https:\/\/tuguia.combarranquilla.co\/Revista\/wp-content\/uploads\/2022\/12\/1652710623043-1536x1024.jpg 1536w, https:\/\/tuguia.combarranquilla.co\/Revista\/wp-content\/uploads\/2022\/12\/1652710623043-2048x1365.jpg 2048w\" data-sizes=\"(max-width: 1024px) 100vw, 1024px\" src=\"data:image\/svg+xml;base64,PHN2ZyB3aWR0aD0iMSIgaGVpZ2h0PSIxIiB4bWxucz0iaHR0cDovL3d3dy53My5vcmcvMjAwMC9zdmciPjwvc3ZnPg==\" style=\"--smush-placeholder-width: 1024px; --smush-placeholder-aspect-ratio: 1024\/682;\" \/><figcaption class=\"wp-element-caption\"><em>Equipo del Planetario Combarranquilla durante el primer eclipse lunar, (13\/05\/2022)<\/em>.<\/figcaption><\/figure><\/div>\n\n\n<h2 class=\"wp-block-heading\">EN VIVO | NASA &#8211; Eclipse Lunar 8 de noviembre 2022.<\/h2>\n\n\n\n<figure class=\"wp-block-video\"><video controls src=\"https:\/\/tuguia.combarranquilla.co\/Revista\/wp-content\/uploads\/2022\/12\/Eclipse-lunar-total_-8-de-noviembre-de-2022.mp4\"><\/video><\/figure>\n","protected":false},"excerpt":{"rendered":"<p>Nuestro Planetario est\u00e1 listo para proyectar el eclipse lunar del martes 8 de noviembre. Un espect\u00e1culo para compartir con tu familia y amigos. \u00a1Datos curiosos! EN VIVO | NASA &#8211; Eclipse Lunar 8 de noviembre 2022.<\/p>\n","protected":false},"author":2,"featured_media":1219,"comment_status":"open","ping_status":"open","sticky":false,"template":"","format":"standard","meta":{"inline_featured_image":false,"footnotes":""},"categories":[4],"tags":[],"class_list":["post-1212","post","type-post","status-publish","format-standard","has-post-thumbnail","hentry","category-ciencia-y-cultura"],"yoast_head":"<!-- This site is optimized with the Yoast SEO plugin v27.4 - https:\/\/yoast.com\/product\/yoast-seo-wordpress\/ -->\n<title>Disfruta del ECLIPSE LUNAR en la Sala Domo - Tu Gu\u00eda<\/title>\n<meta name=\"robots\" content=\"index, follow, max-snippet:-1, max-image-preview:large, max-video-preview:-1\" \/>\n<link rel=\"canonical\" href=\"https:\/\/tuguia.combarranquilla.co\/Revista\/disfruta-del-eclipse-lunar-en-la-sala-domo\/\" \/>\n<meta property=\"og:locale\" content=\"es_ES\" \/>\n<meta property=\"og:type\" content=\"article\" \/>\n<meta property=\"og:title\" content=\"Disfruta del ECLIPSE LUNAR en la Sala Domo - Tu Gu\u00eda\" \/>\n<meta property=\"og:description\" content=\"Nuestro Planetario est\u00e1 listo para proyectar el eclipse lunar del martes 8 de noviembre. Un espect\u00e1culo para compartir con tu familia y amigos. \u00a1Datos curiosos! EN VIVO | NASA &#8211; Eclipse Lunar 8 de noviembre 2022.\" \/>\n<meta property=\"og:url\" content=\"https:\/\/tuguia.combarranquilla.co\/Revista\/disfruta-del-eclipse-lunar-en-la-sala-domo\/\" \/>\n<meta property=\"og:site_name\" content=\"Tu Gu\u00eda\" \/>\n<meta property=\"article:published_time\" content=\"2022-11-01T15:30:00+00:00\" \/>\n<meta property=\"article:modified_time\" content=\"2022-12-06T21:44:25+00:00\" \/>\n<meta property=\"og:image\" content=\"https:\/\/tuguia.combarranquilla.co\/Revista\/wp-content\/uploads\/2022\/12\/beautiful-shot-of-red-moon-with-black-night-sky-scaled.jpg\" \/>\n\t<meta property=\"og:image:width\" content=\"2560\" \/>\n\t<meta property=\"og:image:height\" content=\"1707\" \/>\n\t<meta property=\"og:image:type\" content=\"image\/jpeg\" \/>\n<meta name=\"author\" content=\"Comunicaciones Combarranquilla\" \/>\n<meta name=\"twitter:card\" content=\"summary_large_image\" \/>\n<meta name=\"twitter:label1\" content=\"Escrito por\" \/>\n\t<meta name=\"twitter:data1\" content=\"Comunicaciones Combarranquilla\" \/>\n\t<meta name=\"twitter:label2\" content=\"Tiempo de lectura\" \/>\n\t<meta name=\"twitter:data2\" content=\"1 minuto\" \/>\n<script type=\"application\/ld+json\" class=\"yoast-schema-graph\">{\"@context\":\"https:\\\/\\\/schema.org\",\"@graph\":[{\"@type\":\"Article\",\"@id\":\"https:\\\/\\\/tuguia.combarranquilla.co\\\/Revista\\\/disfruta-del-eclipse-lunar-en-la-sala-domo\\\/#article\",\"isPartOf\":{\"@id\":\"https:\\\/\\\/tuguia.combarranquilla.co\\\/Revista\\\/disfruta-del-eclipse-lunar-en-la-sala-domo\\\/\"},\"author\":{\"name\":\"Comunicaciones Combarranquilla\",\"@id\":\"https:\\\/\\\/tuguia.combarranquilla.co\\\/Revista\\\/#\\\/schema\\\/person\\\/c2c396a77170bd1d5f8ba73294eb0d10\"},\"headline\":\"Disfruta del ECLIPSE LUNAR en la Sala Domo\",\"datePublished\":\"2022-11-01T15:30:00+00:00\",\"dateModified\":\"2022-12-06T21:44:25+00:00\",\"mainEntityOfPage\":{\"@id\":\"https:\\\/\\\/tuguia.combarranquilla.co\\\/Revista\\\/disfruta-del-eclipse-lunar-en-la-sala-domo\\\/\"},\"wordCount\":238,\"commentCount\":0,\"publisher\":{\"@id\":\"https:\\\/\\\/tuguia.combarranquilla.co\\\/Revista\\\/#organization\"},\"image\":{\"@id\":\"https:\\\/\\\/tuguia.combarranquilla.co\\\/Revista\\\/disfruta-del-eclipse-lunar-en-la-sala-domo\\\/#primaryimage\"},\"thumbnailUrl\":\"https:\\\/\\\/tuguia.combarranquilla.co\\\/Revista\\\/wp-content\\\/uploads\\\/2022\\\/12\\\/beautiful-shot-of-red-moon-with-black-night-sky-scaled.jpg\",\"articleSection\":[\"CIENCIA Y CULTURA\"],\"inLanguage\":\"es-CO\",\"potentialAction\":[{\"@type\":\"CommentAction\",\"name\":\"Comment\",\"target\":[\"https:\\\/\\\/tuguia.combarranquilla.co\\\/Revista\\\/disfruta-del-eclipse-lunar-en-la-sala-domo\\\/#respond\"]}]},{\"@type\":\"WebPage\",\"@id\":\"https:\\\/\\\/tuguia.combarranquilla.co\\\/Revista\\\/disfruta-del-eclipse-lunar-en-la-sala-domo\\\/\",\"url\":\"https:\\\/\\\/tuguia.combarranquilla.co\\\/Revista\\\/disfruta-del-eclipse-lunar-en-la-sala-domo\\\/\",\"name\":\"Disfruta del ECLIPSE LUNAR en la Sala Domo - Tu Gu\u00eda\",\"isPartOf\":{\"@id\":\"https:\\\/\\\/tuguia.combarranquilla.co\\\/Revista\\\/#website\"},\"primaryImageOfPage\":{\"@id\":\"https:\\\/\\\/tuguia.combarranquilla.co\\\/Revista\\\/disfruta-del-eclipse-lunar-en-la-sala-domo\\\/#primaryimage\"},\"image\":{\"@id\":\"https:\\\/\\\/tuguia.combarranquilla.co\\\/Revista\\\/disfruta-del-eclipse-lunar-en-la-sala-domo\\\/#primaryimage\"},\"thumbnailUrl\":\"https:\\\/\\\/tuguia.combarranquilla.co\\\/Revista\\\/wp-content\\\/uploads\\\/2022\\\/12\\\/beautiful-shot-of-red-moon-with-black-night-sky-scaled.jpg\",\"datePublished\":\"2022-11-01T15:30:00+00:00\",\"dateModified\":\"2022-12-06T21:44:25+00:00\",\"breadcrumb\":{\"@id\":\"https:\\\/\\\/tuguia.combarranquilla.co\\\/Revista\\\/disfruta-del-eclipse-lunar-en-la-sala-domo\\\/#breadcrumb\"},\"inLanguage\":\"es-CO\",\"potentialAction\":[{\"@type\":\"ReadAction\",\"target\":[\"https:\\\/\\\/tuguia.combarranquilla.co\\\/Revista\\\/disfruta-del-eclipse-lunar-en-la-sala-domo\\\/\"]}]},{\"@type\":\"ImageObject\",\"inLanguage\":\"es-CO\",\"@id\":\"https:\\\/\\\/tuguia.combarranquilla.co\\\/Revista\\\/disfruta-del-eclipse-lunar-en-la-sala-domo\\\/#primaryimage\",\"url\":\"https:\\\/\\\/tuguia.combarranquilla.co\\\/Revista\\\/wp-content\\\/uploads\\\/2022\\\/12\\\/beautiful-shot-of-red-moon-with-black-night-sky-scaled.jpg\",\"contentUrl\":\"https:\\\/\\\/tuguia.combarranquilla.co\\\/Revista\\\/wp-content\\\/uploads\\\/2022\\\/12\\\/beautiful-shot-of-red-moon-with-black-night-sky-scaled.jpg\",\"width\":2560,\"height\":1707,\"caption\":\"A beautiful shot of a red moon, total lunar eclipse with a black night sky in the background\"},{\"@type\":\"BreadcrumbList\",\"@id\":\"https:\\\/\\\/tuguia.combarranquilla.co\\\/Revista\\\/disfruta-del-eclipse-lunar-en-la-sala-domo\\\/#breadcrumb\",\"itemListElement\":[{\"@type\":\"ListItem\",\"position\":1,\"name\":\"Inicio\",\"item\":\"https:\\\/\\\/tuguia.combarranquilla.co\\\/Revista\\\/\"},{\"@type\":\"ListItem\",\"position\":2,\"name\":\"Disfruta del ECLIPSE LUNAR en la Sala Domo\"}]},{\"@type\":\"WebSite\",\"@id\":\"https:\\\/\\\/tuguia.combarranquilla.co\\\/Revista\\\/#website\",\"url\":\"https:\\\/\\\/tuguia.combarranquilla.co\\\/Revista\\\/\",\"name\":\"Tu Gu\u00eda\",\"description\":\"La revista donde lo tienes todo.\",\"publisher\":{\"@id\":\"https:\\\/\\\/tuguia.combarranquilla.co\\\/Revista\\\/#organization\"},\"alternateName\":\"Tu Gu\u00eda Combarranquilla\",\"potentialAction\":[{\"@type\":\"SearchAction\",\"target\":{\"@type\":\"EntryPoint\",\"urlTemplate\":\"https:\\\/\\\/tuguia.combarranquilla.co\\\/Revista\\\/?s={search_term_string}\"},\"query-input\":{\"@type\":\"PropertyValueSpecification\",\"valueRequired\":true,\"valueName\":\"search_term_string\"}}],\"inLanguage\":\"es-CO\"},{\"@type\":\"Organization\",\"@id\":\"https:\\\/\\\/tuguia.combarranquilla.co\\\/Revista\\\/#organization\",\"name\":\"Tu Gu\u00eda Combarranquilla\",\"url\":\"https:\\\/\\\/tuguia.combarranquilla.co\\\/Revista\\\/\",\"logo\":{\"@type\":\"ImageObject\",\"inLanguage\":\"es-CO\",\"@id\":\"https:\\\/\\\/tuguia.combarranquilla.co\\\/Revista\\\/#\\\/schema\\\/logo\\\/image\\\/\",\"url\":\"https:\\\/\\\/tuguia.combarranquilla.co\\\/Revista\\\/wp-content\\\/uploads\\\/2022\\\/02\\\/logo-guia-combarranquilla.svg\",\"contentUrl\":\"https:\\\/\\\/tuguia.combarranquilla.co\\\/Revista\\\/wp-content\\\/uploads\\\/2022\\\/02\\\/logo-guia-combarranquilla.svg\",\"caption\":\"Tu Gu\u00eda Combarranquilla\"},\"image\":{\"@id\":\"https:\\\/\\\/tuguia.combarranquilla.co\\\/Revista\\\/#\\\/schema\\\/logo\\\/image\\\/\"}},{\"@type\":\"Person\",\"@id\":\"https:\\\/\\\/tuguia.combarranquilla.co\\\/Revista\\\/#\\\/schema\\\/person\\\/c2c396a77170bd1d5f8ba73294eb0d10\",\"name\":\"Comunicaciones Combarranquilla\",\"image\":{\"@type\":\"ImageObject\",\"inLanguage\":\"es-CO\",\"@id\":\"https:\\\/\\\/tuguia.combarranquilla.co\\\/Revista\\\/wp-content\\\/uploads\\\/2025\\\/05\\\/ABC-Al-Rojo-Logo-96x96.jpg\",\"url\":\"https:\\\/\\\/tuguia.combarranquilla.co\\\/Revista\\\/wp-content\\\/uploads\\\/2025\\\/05\\\/ABC-Al-Rojo-Logo-96x96.jpg\",\"contentUrl\":\"https:\\\/\\\/tuguia.combarranquilla.co\\\/Revista\\\/wp-content\\\/uploads\\\/2025\\\/05\\\/ABC-Al-Rojo-Logo-96x96.jpg\",\"caption\":\"Comunicaciones Combarranquilla\"},\"sameAs\":[\"https:\\\/\\\/www.combarranquilla.co\"],\"url\":\"https:\\\/\\\/tuguia.combarranquilla.co\\\/Revista\\\/author\\\/comunicaciones\\\/\"}]}<\/script>\n<!-- \/ Yoast SEO plugin. -->","yoast_head_json":{"title":"Disfruta del ECLIPSE LUNAR en la Sala Domo - Tu Gu\u00eda","robots":{"index":"index","follow":"follow","max-snippet":"max-snippet:-1","max-image-preview":"max-image-preview:large","max-video-preview":"max-video-preview:-1"},"canonical":"https:\/\/tuguia.combarranquilla.co\/Revista\/disfruta-del-eclipse-lunar-en-la-sala-domo\/","og_locale":"es_ES","og_type":"article","og_title":"Disfruta del ECLIPSE LUNAR en la Sala Domo - Tu Gu\u00eda","og_description":"Nuestro Planetario est\u00e1 listo para proyectar el eclipse lunar del martes 8 de noviembre. Un espect\u00e1culo para compartir con tu familia y amigos. \u00a1Datos curiosos! EN VIVO | NASA &#8211; Eclipse Lunar 8 de noviembre 2022.","og_url":"https:\/\/tuguia.combarranquilla.co\/Revista\/disfruta-del-eclipse-lunar-en-la-sala-domo\/","og_site_name":"Tu Gu\u00eda","article_published_time":"2022-11-01T15:30:00+00:00","article_modified_time":"2022-12-06T21:44:25+00:00","og_image":[{"width":2560,"height":1707,"url":"https:\/\/tuguia.combarranquilla.co\/Revista\/wp-content\/uploads\/2022\/12\/beautiful-shot-of-red-moon-with-black-night-sky-scaled.jpg","type":"image\/jpeg"}],"author":"Comunicaciones Combarranquilla","twitter_card":"summary_large_image","twitter_misc":{"Escrito por":"Comunicaciones Combarranquilla","Tiempo de lectura":"1 minuto"},"schema":{"@context":"https:\/\/schema.org","@graph":[{"@type":"Article","@id":"https:\/\/tuguia.combarranquilla.co\/Revista\/disfruta-del-eclipse-lunar-en-la-sala-domo\/#article","isPartOf":{"@id":"https:\/\/tuguia.combarranquilla.co\/Revista\/disfruta-del-eclipse-lunar-en-la-sala-domo\/"},"author":{"name":"Comunicaciones Combarranquilla","@id":"https:\/\/tuguia.combarranquilla.co\/Revista\/#\/schema\/person\/c2c396a77170bd1d5f8ba73294eb0d10"},"headline":"Disfruta del ECLIPSE LUNAR en la Sala Domo","datePublished":"2022-11-01T15:30:00+00:00","dateModified":"2022-12-06T21:44:25+00:00","mainEntityOfPage":{"@id":"https:\/\/tuguia.combarranquilla.co\/Revista\/disfruta-del-eclipse-lunar-en-la-sala-domo\/"},"wordCount":238,"commentCount":0,"publisher":{"@id":"https:\/\/tuguia.combarranquilla.co\/Revista\/#organization"},"image":{"@id":"https:\/\/tuguia.combarranquilla.co\/Revista\/disfruta-del-eclipse-lunar-en-la-sala-domo\/#primaryimage"},"thumbnailUrl":"https:\/\/tuguia.combarranquilla.co\/Revista\/wp-content\/uploads\/2022\/12\/beautiful-shot-of-red-moon-with-black-night-sky-scaled.jpg","articleSection":["CIENCIA Y CULTURA"],"inLanguage":"es-CO","potentialAction":[{"@type":"CommentAction","name":"Comment","target":["https:\/\/tuguia.combarranquilla.co\/Revista\/disfruta-del-eclipse-lunar-en-la-sala-domo\/#respond"]}]},{"@type":"WebPage","@id":"https:\/\/tuguia.combarranquilla.co\/Revista\/disfruta-del-eclipse-lunar-en-la-sala-domo\/","url":"https:\/\/tuguia.combarranquilla.co\/Revista\/disfruta-del-eclipse-lunar-en-la-sala-domo\/","name":"Disfruta del ECLIPSE LUNAR en la Sala Domo - Tu Gu\u00eda","isPartOf":{"@id":"https:\/\/tuguia.combarranquilla.co\/Revista\/#website"},"primaryImageOfPage":{"@id":"https:\/\/tuguia.combarranquilla.co\/Revista\/disfruta-del-eclipse-lunar-en-la-sala-domo\/#primaryimage"},"image":{"@id":"https:\/\/tuguia.combarranquilla.co\/Revista\/disfruta-del-eclipse-lunar-en-la-sala-domo\/#primaryimage"},"thumbnailUrl":"https:\/\/tuguia.combarranquilla.co\/Revista\/wp-content\/uploads\/2022\/12\/beautiful-shot-of-red-moon-with-black-night-sky-scaled.jpg","datePublished":"2022-11-01T15:30:00+00:00","dateModified":"2022-12-06T21:44:25+00:00","breadcrumb":{"@id":"https:\/\/tuguia.combarranquilla.co\/Revista\/disfruta-del-eclipse-lunar-en-la-sala-domo\/#breadcrumb"},"inLanguage":"es-CO","potentialAction":[{"@type":"ReadAction","target":["https:\/\/tuguia.combarranquilla.co\/Revista\/disfruta-del-eclipse-lunar-en-la-sala-domo\/"]}]},{"@type":"ImageObject","inLanguage":"es-CO","@id":"https:\/\/tuguia.combarranquilla.co\/Revista\/disfruta-del-eclipse-lunar-en-la-sala-domo\/#primaryimage","url":"https:\/\/tuguia.combarranquilla.co\/Revista\/wp-content\/uploads\/2022\/12\/beautiful-shot-of-red-moon-with-black-night-sky-scaled.jpg","contentUrl":"https:\/\/tuguia.combarranquilla.co\/Revista\/wp-content\/uploads\/2022\/12\/beautiful-shot-of-red-moon-with-black-night-sky-scaled.jpg","width":2560,"height":1707,"caption":"A beautiful shot of a red moon, total lunar eclipse with a black night sky in the background"},{"@type":"BreadcrumbList","@id":"https:\/\/tuguia.combarranquilla.co\/Revista\/disfruta-del-eclipse-lunar-en-la-sala-domo\/#breadcrumb","itemListElement":[{"@type":"ListItem","position":1,"name":"Inicio","item":"https:\/\/tuguia.combarranquilla.co\/Revista\/"},{"@type":"ListItem","position":2,"name":"Disfruta del ECLIPSE LUNAR en la Sala Domo"}]},{"@type":"WebSite","@id":"https:\/\/tuguia.combarranquilla.co\/Revista\/#website","url":"https:\/\/tuguia.combarranquilla.co\/Revista\/","name":"Tu Gu\u00eda","description":"La revista donde lo tienes todo.","publisher":{"@id":"https:\/\/tuguia.combarranquilla.co\/Revista\/#organization"},"alternateName":"Tu Gu\u00eda Combarranquilla","potentialAction":[{"@type":"SearchAction","target":{"@type":"EntryPoint","urlTemplate":"https:\/\/tuguia.combarranquilla.co\/Revista\/?s={search_term_string}"},"query-input":{"@type":"PropertyValueSpecification","valueRequired":true,"valueName":"search_term_string"}}],"inLanguage":"es-CO"},{"@type":"Organization","@id":"https:\/\/tuguia.combarranquilla.co\/Revista\/#organization","name":"Tu Gu\u00eda Combarranquilla","url":"https:\/\/tuguia.combarranquilla.co\/Revista\/","logo":{"@type":"ImageObject","inLanguage":"es-CO","@id":"https:\/\/tuguia.combarranquilla.co\/Revista\/#\/schema\/logo\/image\/","url":"https:\/\/tuguia.combarranquilla.co\/Revista\/wp-content\/uploads\/2022\/02\/logo-guia-combarranquilla.svg","contentUrl":"https:\/\/tuguia.combarranquilla.co\/Revista\/wp-content\/uploads\/2022\/02\/logo-guia-combarranquilla.svg","caption":"Tu Gu\u00eda Combarranquilla"},"image":{"@id":"https:\/\/tuguia.combarranquilla.co\/Revista\/#\/schema\/logo\/image\/"}},{"@type":"Person","@id":"https:\/\/tuguia.combarranquilla.co\/Revista\/#\/schema\/person\/c2c396a77170bd1d5f8ba73294eb0d10","name":"Comunicaciones Combarranquilla","image":{"@type":"ImageObject","inLanguage":"es-CO","@id":"https:\/\/tuguia.combarranquilla.co\/Revista\/wp-content\/uploads\/2025\/05\/ABC-Al-Rojo-Logo-96x96.jpg","url":"https:\/\/tuguia.combarranquilla.co\/Revista\/wp-content\/uploads\/2025\/05\/ABC-Al-Rojo-Logo-96x96.jpg","contentUrl":"https:\/\/tuguia.combarranquilla.co\/Revista\/wp-content\/uploads\/2025\/05\/ABC-Al-Rojo-Logo-96x96.jpg","caption":"Comunicaciones Combarranquilla"},"sameAs":["https:\/\/www.combarranquilla.co"],"url":"https:\/\/tuguia.combarranquilla.co\/Revista\/author\/comunicaciones\/"}]}},"_links":{"self":[{"href":"https:\/\/tuguia.combarranquilla.co\/Revista\/wp-json\/wp\/v2\/posts\/1212","targetHints":{"allow":["GET"]}}],"collection":[{"href":"https:\/\/tuguia.combarranquilla.co\/Revista\/wp-json\/wp\/v2\/posts"}],"about":[{"href":"https:\/\/tuguia.combarranquilla.co\/Revista\/wp-json\/wp\/v2\/types\/post"}],"author":[{"embeddable":true,"href":"https:\/\/tuguia.combarranquilla.co\/Revista\/wp-json\/wp\/v2\/users\/2"}],"replies":[{"embeddable":true,"href":"https:\/\/tuguia.combarranquilla.co\/Revista\/wp-json\/wp\/v2\/comments?post=1212"}],"version-history":[{"count":35,"href":"https:\/\/tuguia.combarranquilla.co\/Revista\/wp-json\/wp\/v2\/posts\/1212\/revisions"}],"predecessor-version":[{"id":1263,"href":"https:\/\/tuguia.combarranquilla.co\/Revista\/wp-json\/wp\/v2\/posts\/1212\/revisions\/1263"}],"wp:featuredmedia":[{"embeddable":true,"href":"https:\/\/tuguia.combarranquilla.co\/Revista\/wp-json\/wp\/v2\/media\/1219"}],"wp:attachment":[{"href":"https:\/\/tuguia.combarranquilla.co\/Revista\/wp-json\/wp\/v2\/media?parent=1212"}],"wp:term":[{"taxonomy":"category","embeddable":true,"href":"https:\/\/tuguia.combarranquilla.co\/Revista\/wp-json\/wp\/v2\/categories?post=1212"},{"taxonomy":"post_tag","embeddable":true,"href":"https:\/\/tuguia.combarranquilla.co\/Revista\/wp-json\/wp\/v2\/tags?post=1212"}],"curies":[{"name":"wp","href":"https:\/\/api.w.org\/{rel}","templated":true}]}}