{"id":1235,"date":"2022-12-01T15:24:31","date_gmt":"2022-12-01T20:24:31","guid":{"rendered":"https:\/\/tuguia.combarranquilla.co\/Revista\/?p=1235"},"modified":"2022-12-06T15:47:00","modified_gmt":"2022-12-06T20:47:00","slug":"gran-novena-navidena-combarranquilla","status":"publish","type":"post","link":"https:\/\/tuguia.combarranquilla.co\/Revista\/gran-novena-navidena-combarranquilla\/","title":{"rendered":"Gran novena navide\u00f1a Combarranquilla"},"content":{"rendered":"\n<p>Diciembre es un mes maravilloso, un mes que une familias, trae recuerdos, celebraciones, alegr\u00edas y mucha paz.  Es por eso que en Colombia existe una celebraci\u00f3n muy significativa e importante, rezar la novena navide\u00f1a la cual se hace desde el 16 al 24 de diciembre reuniendo a las familias y amigos y tiene como objetivo principal rememorar los meses previos al nacimiento de Jes\u00fas y su llegada a Bel\u00e9n.<\/p>\n\n\n\n<p>En medio de la Reuni\u00f3n se ofrece diferentes aperitivos t\u00edpicos de navidad tales como&nbsp;<strong>bu\u00f1uelos, natillas, empanadas, tamales, platos de lechona, galletas, entre otros.<\/strong><\/p>\n\n\n\n<p>En Combarranquilla tenemos una invitaci\u00f3n muy especial. A partir del 16 de diciembre las familias podr\u00e1n llevar a los ni\u00f1os a las unidades Boston y Calle 30 a las 4:00 p.m. para rezar la novena de aguinaldos y compartir un espacio de mucha felicidad. . <\/p>\n\n\n\n<h4 class=\"wp-block-heading\" id=\"m605-604-606\">\u00bfC\u00f3mo se reza la novena?<\/h4>\n\n\n\n<p id=\"p61457620-m638-2-639\">1. Villancico<br>2. Bendici\u00f3n inicial<br>3. Oraci\u00f3n para todos los d\u00edas<br>4. Reflexi\u00f3n del d\u00eda<br>5. Oraci\u00f3n a la Virgen Mar\u00eda<br>6. Oraci\u00f3n a San Jos\u00e9<br>7. Gozos<br>8. Oraci\u00f3n al Ni\u00f1o Jes\u00fas<br>9. Bendici\u00f3n final<br>10. Villancico<\/p>\n","protected":false},"excerpt":{"rendered":"<p>Diciembre es un mes maravilloso, un mes que une familias, trae recuerdos, celebraciones, alegr\u00edas y mucha paz. Es por eso que en Colombia existe una celebraci\u00f3n muy significativa e importante, rezar la novena navide\u00f1a la cual se hace desde el 16 al 24 de diciembre reuniendo a las familias y amigos y tiene como objetivo [&hellip;]<\/p>\n","protected":false},"author":2,"featured_media":1236,"comment_status":"open","ping_status":"open","sticky":false,"template":"","format":"standard","meta":{"inline_featured_image":false,"footnotes":""},"categories":[7],"tags":[],"class_list":["post-1235","post","type-post","status-publish","format-standard","has-post-thumbnail","hentry","category-familia-combarranquilla"],"yoast_head":"<!-- This site is optimized with the Yoast SEO plugin v27.4 - https:\/\/yoast.com\/product\/yoast-seo-wordpress\/ -->\n<title>Gran novena navide\u00f1a Combarranquilla - Tu Gu\u00eda<\/title>\n<meta name=\"robots\" content=\"index, follow, max-snippet:-1, max-image-preview:large, max-video-preview:-1\" \/>\n<link rel=\"canonical\" href=\"https:\/\/tuguia.combarranquilla.co\/Revista\/gran-novena-navidena-combarranquilla\/\" \/>\n<meta property=\"og:locale\" content=\"es_ES\" \/>\n<meta property=\"og:type\" content=\"article\" \/>\n<meta property=\"og:title\" content=\"Gran novena navide\u00f1a Combarranquilla - Tu Gu\u00eda\" \/>\n<meta property=\"og:description\" content=\"Diciembre es un mes maravilloso, un mes que une familias, trae recuerdos, celebraciones, alegr\u00edas y mucha paz. Es por eso que en Colombia existe una celebraci\u00f3n muy significativa e importante, rezar la novena navide\u00f1a la cual se hace desde el 16 al 24 de diciembre reuniendo a las familias y amigos y tiene como objetivo [&hellip;]\" \/>\n<meta property=\"og:url\" content=\"https:\/\/tuguia.combarranquilla.co\/Revista\/gran-novena-navidena-combarranquilla\/\" \/>\n<meta property=\"og:site_name\" content=\"Tu Gu\u00eda\" \/>\n<meta property=\"article:published_time\" content=\"2022-12-01T20:24:31+00:00\" \/>\n<meta property=\"article:modified_time\" content=\"2022-12-06T20:47:00+00:00\" \/>\n<meta property=\"og:image\" content=\"https:\/\/tuguia.combarranquilla.co\/Revista\/wp-content\/uploads\/2022\/12\/Novena-navidena_Mesa-de-trabajo-1-1-1024x1024.png\" \/>\n\t<meta property=\"og:image:width\" content=\"1024\" \/>\n\t<meta property=\"og:image:height\" content=\"1024\" \/>\n\t<meta property=\"og:image:type\" content=\"image\/png\" \/>\n<meta name=\"author\" content=\"Comunicaciones Combarranquilla\" \/>\n<meta name=\"twitter:card\" content=\"summary_large_image\" \/>\n<meta name=\"twitter:label1\" content=\"Escrito por\" \/>\n\t<meta name=\"twitter:data1\" content=\"Comunicaciones Combarranquilla\" \/>\n\t<meta name=\"twitter:label2\" content=\"Tiempo de lectura\" \/>\n\t<meta name=\"twitter:data2\" content=\"1 minuto\" \/>\n<script type=\"application\/ld+json\" class=\"yoast-schema-graph\">{\"@context\":\"https:\\\/\\\/schema.org\",\"@graph\":[{\"@type\":\"Article\",\"@id\":\"https:\\\/\\\/tuguia.combarranquilla.co\\\/Revista\\\/gran-novena-navidena-combarranquilla\\\/#article\",\"isPartOf\":{\"@id\":\"https:\\\/\\\/tuguia.combarranquilla.co\\\/Revista\\\/gran-novena-navidena-combarranquilla\\\/\"},\"author\":{\"name\":\"Comunicaciones Combarranquilla\",\"@id\":\"https:\\\/\\\/tuguia.combarranquilla.co\\\/Revista\\\/#\\\/schema\\\/person\\\/c2c396a77170bd1d5f8ba73294eb0d10\"},\"headline\":\"Gran novena navide\u00f1a Combarranquilla\",\"datePublished\":\"2022-12-01T20:24:31+00:00\",\"dateModified\":\"2022-12-06T20:47:00+00:00\",\"mainEntityOfPage\":{\"@id\":\"https:\\\/\\\/tuguia.combarranquilla.co\\\/Revista\\\/gran-novena-navidena-combarranquilla\\\/\"},\"wordCount\":196,\"commentCount\":0,\"publisher\":{\"@id\":\"https:\\\/\\\/tuguia.combarranquilla.co\\\/Revista\\\/#organization\"},\"image\":{\"@id\":\"https:\\\/\\\/tuguia.combarranquilla.co\\\/Revista\\\/gran-novena-navidena-combarranquilla\\\/#primaryimage\"},\"thumbnailUrl\":\"https:\\\/\\\/tuguia.combarranquilla.co\\\/Revista\\\/wp-content\\\/uploads\\\/2022\\\/12\\\/Novena-navidena_Mesa-de-trabajo-1-1.png\",\"articleSection\":[\"FAMILIA COMBARRANQUILLA\"],\"inLanguage\":\"es-CO\",\"potentialAction\":[{\"@type\":\"CommentAction\",\"name\":\"Comment\",\"target\":[\"https:\\\/\\\/tuguia.combarranquilla.co\\\/Revista\\\/gran-novena-navidena-combarranquilla\\\/#respond\"]}]},{\"@type\":\"WebPage\",\"@id\":\"https:\\\/\\\/tuguia.combarranquilla.co\\\/Revista\\\/gran-novena-navidena-combarranquilla\\\/\",\"url\":\"https:\\\/\\\/tuguia.combarranquilla.co\\\/Revista\\\/gran-novena-navidena-combarranquilla\\\/\",\"name\":\"Gran novena navide\u00f1a Combarranquilla - Tu Gu\u00eda\",\"isPartOf\":{\"@id\":\"https:\\\/\\\/tuguia.combarranquilla.co\\\/Revista\\\/#website\"},\"primaryImageOfPage\":{\"@id\":\"https:\\\/\\\/tuguia.combarranquilla.co\\\/Revista\\\/gran-novena-navidena-combarranquilla\\\/#primaryimage\"},\"image\":{\"@id\":\"https:\\\/\\\/tuguia.combarranquilla.co\\\/Revista\\\/gran-novena-navidena-combarranquilla\\\/#primaryimage\"},\"thumbnailUrl\":\"https:\\\/\\\/tuguia.combarranquilla.co\\\/Revista\\\/wp-content\\\/uploads\\\/2022\\\/12\\\/Novena-navidena_Mesa-de-trabajo-1-1.png\",\"datePublished\":\"2022-12-01T20:24:31+00:00\",\"dateModified\":\"2022-12-06T20:47:00+00:00\",\"breadcrumb\":{\"@id\":\"https:\\\/\\\/tuguia.combarranquilla.co\\\/Revista\\\/gran-novena-navidena-combarranquilla\\\/#breadcrumb\"},\"inLanguage\":\"es-CO\",\"potentialAction\":[{\"@type\":\"ReadAction\",\"target\":[\"https:\\\/\\\/tuguia.combarranquilla.co\\\/Revista\\\/gran-novena-navidena-combarranquilla\\\/\"]}]},{\"@type\":\"ImageObject\",\"inLanguage\":\"es-CO\",\"@id\":\"https:\\\/\\\/tuguia.combarranquilla.co\\\/Revista\\\/gran-novena-navidena-combarranquilla\\\/#primaryimage\",\"url\":\"https:\\\/\\\/tuguia.combarranquilla.co\\\/Revista\\\/wp-content\\\/uploads\\\/2022\\\/12\\\/Novena-navidena_Mesa-de-trabajo-1-1.png\",\"contentUrl\":\"https:\\\/\\\/tuguia.combarranquilla.co\\\/Revista\\\/wp-content\\\/uploads\\\/2022\\\/12\\\/Novena-navidena_Mesa-de-trabajo-1-1.png\",\"width\":2000,\"height\":2000},{\"@type\":\"BreadcrumbList\",\"@id\":\"https:\\\/\\\/tuguia.combarranquilla.co\\\/Revista\\\/gran-novena-navidena-combarranquilla\\\/#breadcrumb\",\"itemListElement\":[{\"@type\":\"ListItem\",\"position\":1,\"name\":\"Inicio\",\"item\":\"https:\\\/\\\/tuguia.combarranquilla.co\\\/Revista\\\/\"},{\"@type\":\"ListItem\",\"position\":2,\"name\":\"Gran novena navide\u00f1a Combarranquilla\"}]},{\"@type\":\"WebSite\",\"@id\":\"https:\\\/\\\/tuguia.combarranquilla.co\\\/Revista\\\/#website\",\"url\":\"https:\\\/\\\/tuguia.combarranquilla.co\\\/Revista\\\/\",\"name\":\"Tu Gu\u00eda\",\"description\":\"La revista donde lo tienes todo.\",\"publisher\":{\"@id\":\"https:\\\/\\\/tuguia.combarranquilla.co\\\/Revista\\\/#organization\"},\"alternateName\":\"Tu Gu\u00eda Combarranquilla\",\"potentialAction\":[{\"@type\":\"SearchAction\",\"target\":{\"@type\":\"EntryPoint\",\"urlTemplate\":\"https:\\\/\\\/tuguia.combarranquilla.co\\\/Revista\\\/?s={search_term_string}\"},\"query-input\":{\"@type\":\"PropertyValueSpecification\",\"valueRequired\":true,\"valueName\":\"search_term_string\"}}],\"inLanguage\":\"es-CO\"},{\"@type\":\"Organization\",\"@id\":\"https:\\\/\\\/tuguia.combarranquilla.co\\\/Revista\\\/#organization\",\"name\":\"Tu Gu\u00eda Combarranquilla\",\"url\":\"https:\\\/\\\/tuguia.combarranquilla.co\\\/Revista\\\/\",\"logo\":{\"@type\":\"ImageObject\",\"inLanguage\":\"es-CO\",\"@id\":\"https:\\\/\\\/tuguia.combarranquilla.co\\\/Revista\\\/#\\\/schema\\\/logo\\\/image\\\/\",\"url\":\"https:\\\/\\\/tuguia.combarranquilla.co\\\/Revista\\\/wp-content\\\/uploads\\\/2022\\\/02\\\/logo-guia-combarranquilla.svg\",\"contentUrl\":\"https:\\\/\\\/tuguia.combarranquilla.co\\\/Revista\\\/wp-content\\\/uploads\\\/2022\\\/02\\\/logo-guia-combarranquilla.svg\",\"caption\":\"Tu Gu\u00eda Combarranquilla\"},\"image\":{\"@id\":\"https:\\\/\\\/tuguia.combarranquilla.co\\\/Revista\\\/#\\\/schema\\\/logo\\\/image\\\/\"}},{\"@type\":\"Person\",\"@id\":\"https:\\\/\\\/tuguia.combarranquilla.co\\\/Revista\\\/#\\\/schema\\\/person\\\/c2c396a77170bd1d5f8ba73294eb0d10\",\"name\":\"Comunicaciones Combarranquilla\",\"image\":{\"@type\":\"ImageObject\",\"inLanguage\":\"es-CO\",\"@id\":\"https:\\\/\\\/tuguia.combarranquilla.co\\\/Revista\\\/wp-content\\\/uploads\\\/2025\\\/05\\\/ABC-Al-Rojo-Logo-96x96.jpg\",\"url\":\"https:\\\/\\\/tuguia.combarranquilla.co\\\/Revista\\\/wp-content\\\/uploads\\\/2025\\\/05\\\/ABC-Al-Rojo-Logo-96x96.jpg\",\"contentUrl\":\"https:\\\/\\\/tuguia.combarranquilla.co\\\/Revista\\\/wp-content\\\/uploads\\\/2025\\\/05\\\/ABC-Al-Rojo-Logo-96x96.jpg\",\"caption\":\"Comunicaciones Combarranquilla\"},\"sameAs\":[\"https:\\\/\\\/www.combarranquilla.co\"],\"url\":\"https:\\\/\\\/tuguia.combarranquilla.co\\\/Revista\\\/author\\\/comunicaciones\\\/\"}]}<\/script>\n<!-- \/ Yoast SEO plugin. -->","yoast_head_json":{"title":"Gran novena navide\u00f1a Combarranquilla - Tu Gu\u00eda","robots":{"index":"index","follow":"follow","max-snippet":"max-snippet:-1","max-image-preview":"max-image-preview:large","max-video-preview":"max-video-preview:-1"},"canonical":"https:\/\/tuguia.combarranquilla.co\/Revista\/gran-novena-navidena-combarranquilla\/","og_locale":"es_ES","og_type":"article","og_title":"Gran novena navide\u00f1a Combarranquilla - Tu Gu\u00eda","og_description":"Diciembre es un mes maravilloso, un mes que une familias, trae recuerdos, celebraciones, alegr\u00edas y mucha paz. Es por eso que en Colombia existe una celebraci\u00f3n muy significativa e importante, rezar la novena navide\u00f1a la cual se hace desde el 16 al 24 de diciembre reuniendo a las familias y amigos y tiene como objetivo [&hellip;]","og_url":"https:\/\/tuguia.combarranquilla.co\/Revista\/gran-novena-navidena-combarranquilla\/","og_site_name":"Tu Gu\u00eda","article_published_time":"2022-12-01T20:24:31+00:00","article_modified_time":"2022-12-06T20:47:00+00:00","og_image":[{"width":1024,"height":1024,"url":"https:\/\/tuguia.combarranquilla.co\/Revista\/wp-content\/uploads\/2022\/12\/Novena-navidena_Mesa-de-trabajo-1-1-1024x1024.png","type":"image\/png"}],"author":"Comunicaciones Combarranquilla","twitter_card":"summary_large_image","twitter_misc":{"Escrito por":"Comunicaciones Combarranquilla","Tiempo de lectura":"1 minuto"},"schema":{"@context":"https:\/\/schema.org","@graph":[{"@type":"Article","@id":"https:\/\/tuguia.combarranquilla.co\/Revista\/gran-novena-navidena-combarranquilla\/#article","isPartOf":{"@id":"https:\/\/tuguia.combarranquilla.co\/Revista\/gran-novena-navidena-combarranquilla\/"},"author":{"name":"Comunicaciones Combarranquilla","@id":"https:\/\/tuguia.combarranquilla.co\/Revista\/#\/schema\/person\/c2c396a77170bd1d5f8ba73294eb0d10"},"headline":"Gran novena navide\u00f1a Combarranquilla","datePublished":"2022-12-01T20:24:31+00:00","dateModified":"2022-12-06T20:47:00+00:00","mainEntityOfPage":{"@id":"https:\/\/tuguia.combarranquilla.co\/Revista\/gran-novena-navidena-combarranquilla\/"},"wordCount":196,"commentCount":0,"publisher":{"@id":"https:\/\/tuguia.combarranquilla.co\/Revista\/#organization"},"image":{"@id":"https:\/\/tuguia.combarranquilla.co\/Revista\/gran-novena-navidena-combarranquilla\/#primaryimage"},"thumbnailUrl":"https:\/\/tuguia.combarranquilla.co\/Revista\/wp-content\/uploads\/2022\/12\/Novena-navidena_Mesa-de-trabajo-1-1.png","articleSection":["FAMILIA COMBARRANQUILLA"],"inLanguage":"es-CO","potentialAction":[{"@type":"CommentAction","name":"Comment","target":["https:\/\/tuguia.combarranquilla.co\/Revista\/gran-novena-navidena-combarranquilla\/#respond"]}]},{"@type":"WebPage","@id":"https:\/\/tuguia.combarranquilla.co\/Revista\/gran-novena-navidena-combarranquilla\/","url":"https:\/\/tuguia.combarranquilla.co\/Revista\/gran-novena-navidena-combarranquilla\/","name":"Gran novena navide\u00f1a Combarranquilla - Tu Gu\u00eda","isPartOf":{"@id":"https:\/\/tuguia.combarranquilla.co\/Revista\/#website"},"primaryImageOfPage":{"@id":"https:\/\/tuguia.combarranquilla.co\/Revista\/gran-novena-navidena-combarranquilla\/#primaryimage"},"image":{"@id":"https:\/\/tuguia.combarranquilla.co\/Revista\/gran-novena-navidena-combarranquilla\/#primaryimage"},"thumbnailUrl":"https:\/\/tuguia.combarranquilla.co\/Revista\/wp-content\/uploads\/2022\/12\/Novena-navidena_Mesa-de-trabajo-1-1.png","datePublished":"2022-12-01T20:24:31+00:00","dateModified":"2022-12-06T20:47:00+00:00","breadcrumb":{"@id":"https:\/\/tuguia.combarranquilla.co\/Revista\/gran-novena-navidena-combarranquilla\/#breadcrumb"},"inLanguage":"es-CO","potentialAction":[{"@type":"ReadAction","target":["https:\/\/tuguia.combarranquilla.co\/Revista\/gran-novena-navidena-combarranquilla\/"]}]},{"@type":"ImageObject","inLanguage":"es-CO","@id":"https:\/\/tuguia.combarranquilla.co\/Revista\/gran-novena-navidena-combarranquilla\/#primaryimage","url":"https:\/\/tuguia.combarranquilla.co\/Revista\/wp-content\/uploads\/2022\/12\/Novena-navidena_Mesa-de-trabajo-1-1.png","contentUrl":"https:\/\/tuguia.combarranquilla.co\/Revista\/wp-content\/uploads\/2022\/12\/Novena-navidena_Mesa-de-trabajo-1-1.png","width":2000,"height":2000},{"@type":"BreadcrumbList","@id":"https:\/\/tuguia.combarranquilla.co\/Revista\/gran-novena-navidena-combarranquilla\/#breadcrumb","itemListElement":[{"@type":"ListItem","position":1,"name":"Inicio","item":"https:\/\/tuguia.combarranquilla.co\/Revista\/"},{"@type":"ListItem","position":2,"name":"Gran novena navide\u00f1a Combarranquilla"}]},{"@type":"WebSite","@id":"https:\/\/tuguia.combarranquilla.co\/Revista\/#website","url":"https:\/\/tuguia.combarranquilla.co\/Revista\/","name":"Tu Gu\u00eda","description":"La revista donde lo tienes todo.","publisher":{"@id":"https:\/\/tuguia.combarranquilla.co\/Revista\/#organization"},"alternateName":"Tu Gu\u00eda Combarranquilla","potentialAction":[{"@type":"SearchAction","target":{"@type":"EntryPoint","urlTemplate":"https:\/\/tuguia.combarranquilla.co\/Revista\/?s={search_term_string}"},"query-input":{"@type":"PropertyValueSpecification","valueRequired":true,"valueName":"search_term_string"}}],"inLanguage":"es-CO"},{"@type":"Organization","@id":"https:\/\/tuguia.combarranquilla.co\/Revista\/#organization","name":"Tu Gu\u00eda Combarranquilla","url":"https:\/\/tuguia.combarranquilla.co\/Revista\/","logo":{"@type":"ImageObject","inLanguage":"es-CO","@id":"https:\/\/tuguia.combarranquilla.co\/Revista\/#\/schema\/logo\/image\/","url":"https:\/\/tuguia.combarranquilla.co\/Revista\/wp-content\/uploads\/2022\/02\/logo-guia-combarranquilla.svg","contentUrl":"https:\/\/tuguia.combarranquilla.co\/Revista\/wp-content\/uploads\/2022\/02\/logo-guia-combarranquilla.svg","caption":"Tu Gu\u00eda Combarranquilla"},"image":{"@id":"https:\/\/tuguia.combarranquilla.co\/Revista\/#\/schema\/logo\/image\/"}},{"@type":"Person","@id":"https:\/\/tuguia.combarranquilla.co\/Revista\/#\/schema\/person\/c2c396a77170bd1d5f8ba73294eb0d10","name":"Comunicaciones Combarranquilla","image":{"@type":"ImageObject","inLanguage":"es-CO","@id":"https:\/\/tuguia.combarranquilla.co\/Revista\/wp-content\/uploads\/2025\/05\/ABC-Al-Rojo-Logo-96x96.jpg","url":"https:\/\/tuguia.combarranquilla.co\/Revista\/wp-content\/uploads\/2025\/05\/ABC-Al-Rojo-Logo-96x96.jpg","contentUrl":"https:\/\/tuguia.combarranquilla.co\/Revista\/wp-content\/uploads\/2025\/05\/ABC-Al-Rojo-Logo-96x96.jpg","caption":"Comunicaciones Combarranquilla"},"sameAs":["https:\/\/www.combarranquilla.co"],"url":"https:\/\/tuguia.combarranquilla.co\/Revista\/author\/comunicaciones\/"}]}},"_links":{"self":[{"href":"https:\/\/tuguia.combarranquilla.co\/Revista\/wp-json\/wp\/v2\/posts\/1235","targetHints":{"allow":["GET"]}}],"collection":[{"href":"https:\/\/tuguia.combarranquilla.co\/Revista\/wp-json\/wp\/v2\/posts"}],"about":[{"href":"https:\/\/tuguia.combarranquilla.co\/Revista\/wp-json\/wp\/v2\/types\/post"}],"author":[{"embeddable":true,"href":"https:\/\/tuguia.combarranquilla.co\/Revista\/wp-json\/wp\/v2\/users\/2"}],"replies":[{"embeddable":true,"href":"https:\/\/tuguia.combarranquilla.co\/Revista\/wp-json\/wp\/v2\/comments?post=1235"}],"version-history":[{"count":5,"href":"https:\/\/tuguia.combarranquilla.co\/Revista\/wp-json\/wp\/v2\/posts\/1235\/revisions"}],"predecessor-version":[{"id":1243,"href":"https:\/\/tuguia.combarranquilla.co\/Revista\/wp-json\/wp\/v2\/posts\/1235\/revisions\/1243"}],"wp:featuredmedia":[{"embeddable":true,"href":"https:\/\/tuguia.combarranquilla.co\/Revista\/wp-json\/wp\/v2\/media\/1236"}],"wp:attachment":[{"href":"https:\/\/tuguia.combarranquilla.co\/Revista\/wp-json\/wp\/v2\/media?parent=1235"}],"wp:term":[{"taxonomy":"category","embeddable":true,"href":"https:\/\/tuguia.combarranquilla.co\/Revista\/wp-json\/wp\/v2\/categories?post=1235"},{"taxonomy":"post_tag","embeddable":true,"href":"https:\/\/tuguia.combarranquilla.co\/Revista\/wp-json\/wp\/v2\/tags?post=1235"}],"curies":[{"name":"wp","href":"https:\/\/api.w.org\/{rel}","templated":true}]}}