{"id":125,"date":"2022-07-05T17:14:00","date_gmt":"2022-07-05T22:14:00","guid":{"rendered":"http:\/\/tuguia.combarranquilla.co\/Revista\/?p=125"},"modified":"2022-12-02T11:34:25","modified_gmt":"2022-12-02T16:34:25","slug":"los-eventos-que-se-tendran-en-cuenta-en-post-covid-19","status":"publish","type":"post","link":"https:\/\/tuguia.combarranquilla.co\/Revista\/los-eventos-que-se-tendran-en-cuenta-en-post-covid-19\/","title":{"rendered":"Estudia en el Centro de Formaci\u00f3n Combarranquilla"},"content":{"rendered":"\n<div class=\"wp-block-columns is-layout-flex wp-container-core-columns-is-layout-9d6595d7 wp-block-columns-is-layout-flex\">\n<div class=\"wp-block-column is-layout-flow wp-block-column-is-layout-flow\" style=\"flex-basis:100%\">\n<p>Nuestro Centro de Formaci\u00f3n Combarranquilla ofrece alternativas de educaci\u00f3n que respondan a las necesidades e intereses de las empresas, los trabajadores y sus familias.<\/p>\n<p>Contamos con un alto portafolio de servicios de capacitaci\u00f3n con una oferta educativa orientada a satisfacer las expectativas de cada uno de sus grupos de inter\u00e9s.<\/p>\n<p><strong>T\u00e9<\/strong><strong>cnicos laborales<\/strong><\/p>\n<ul>\n<li><span style=\"color: initial;\">T\u00e9cnico en Almac\u00e9n y Bodegaje<\/span><strong><br><\/strong><\/li>\n<li>T\u00e9cnico en Auxiliar Contable y Financiero<\/li>\n<li>T\u00e9cnico en Auxiliar de Aduanas<\/li>\n<li>T\u00e9cnico laboral Auxiliar Administrativo<\/li>\n<li>T\u00e9cnico en Contact Center<\/li>\n<li>T\u00e9cnico laboral en Auxiliar de Cocina<\/li>\n<li>T\u00e9cnico en Agente de Viajes<\/li>\n<li>t\u00e9cnico laboral en Mercadeo y Ventas<\/li>\n<li>T\u00e9cnico laboral en Auxiliar de Recursos Humanos<\/li>\n<\/ul>\n<p><strong>Escuela de formaci\u00f3n en TIC:<\/strong><br>Tiene como objetivo potencializar los conocimientos inform\u00e1ticos que permitan a los participantes afianzar sus destrezas en el marco de los avances tecnol\u00f3gicos.<\/p>\n<ul>\n<li><span style=\"color: initial;\">Excel: B\u00e1sico, Intermedio y Avanzado.<\/span><\/li>\n<li>Excel Financiero.<\/li>\n<li>Excel para contadores, docentes, personal del \u00e1rea log\u00edstica.<\/li>\n<li>Power Point.<\/li>\n<li>Microsoft Internet Explorer.<\/li>\n<\/ul>\n<p><strong>Escuelas ocupacionales:<br><\/strong>A trav\u00e9s de las escuelas ocupacionales se busca incrementar la productividad, creatividad e innovaci\u00f3n de los participantes, contribuyendo de esta manera al desarrollo personal y profesional.<\/p>\n<ul>\n<li>Cursos ocupacionales de Gastronom\u00eda y Manualidades.<strong><br><\/strong><\/li>\n<\/ul>\n<p><strong>Seminarios y talleres:<br><\/strong>Ofrecemos \u00e1reas de formaci\u00f3n con el objetivo de mejorar las competencias laborales de sus afiliados, brindando herramientas que contribuyan a una ciudadan\u00eda global de acuerdo a las exigencias del mercado.<\/p>\n<ul>\n<li><span style=\"color: initial;\">Charlas<\/span><\/li>\n<li>Seminarios<\/li>\n<li>Talleres de Formaci\u00f3n Personal<\/li>\n<li>Talleres de Formaci\u00f3n Empresarial<\/li>\n<\/ul>\n<h1><strong>Conozca los cursos que tenemos vigentes actualmente.<\/strong><\/h1>\n<p><\/p>\n\n\n\n<\/p>\n<p>\n\n<\/p>\n<p>\n\n<\/p>\n<p>\n\n<\/p>\n<p><strong>Unidad Boston:<\/strong><\/p>\n<ul>\n<li>Diplomado en Gerencia de Proyectos<\/li>\n<li>Diplomado en Gerencia de Talento Humano<\/li>\n<li>Diplomado en Gerencia Estrat\u00e9gica<\/li>\n<li>Diplomado en Gerencia Financiera<\/li>\n<li>Diplomado en Gerencia de la Calidad y Auditoria en Salud<\/li>\n<li>Taller Postres de Verrines<\/li>\n<li>Taller Decoraci\u00f3n de Fiestas &#8211; Unidad Boston<\/li>\n<li>Taller de Cocina Espa\u00f1ola &#8211; Unidad Boston<\/li>\n<li>Excel B\u00e1sico &#8211; Unidad Boston<\/li>\n<li>Excel Intermedio &#8211; Unidad Boston<\/li>\n<li>Excel Avanzado I &#8211; Unidad Boston<\/li>\n<li>Excel Avanzado II virtual<\/li>\n<li>Formaci\u00f3n en TICS: An\u00e1lisis y visualizaci\u00f3n de dato con power BI<\/li>\n<li>Formaci\u00f3n en TICS: Excel en Dashboard para an\u00e1lisis de datos y toma de decisiones<br \/>Herramientas de google drive<\/li>\n<\/ul>\n<p>\n\n<\/p>\n<p>\n\n<\/p>\n<p><strong>Unidad Calle 30:<\/strong><\/p>\n<ul>\n<li>Taller Fast Food &#8211; Unidad Calle 30<\/li>\n<\/ul>\n<p>\n\n<\/p>\n<p>\n\n<\/p>\n<p>\n\n<\/p>\n<p>\n\n<\/p>\n<p><em>M\u00e1s informes: 605-3718900 ext. 1232 &#8211; 1233 &#8211; 1236 &#8211; 1237<\/em><br \/><a href=\"kelly.montano@combarranquilla.co\" data-type=\"URL\" data-id=\"kelly.montano@combarranquilla.co\">kelly.montano@combarranquilla.co<\/a><\/p>\n<p><a href=\"https:\/\/bit.ly\/PreinscripcionesCombarranquilla\">https:\/\/bit.ly\/PreinscripcionesCombarranquilla<\/a><\/p>\n<p>\u00a0<\/p>\n<p>\n\n<\/p>\n<p>\n\n<\/p>\n<p>\n\n<\/p>\n<p>\n\n<\/p>\n<p>\n\n<\/p>\n<p>\n\n<\/p>\n<p>\n\n<\/p>\n<p>\n\n<\/p>\n<p>\n\n<\/p>\n<p>\n\n<\/p>\n<p>\n\n<\/p>\n<p>\n\n<\/p>\n<div class=\"wp-block-group is-nowrap is-layout-flex wp-container-core-group-is-layout-ad2f72ca wp-block-group-is-layout-flex\">\u00a0<\/div>\n<p>\n\n<\/p>\n<\/div>\n<\/div>\n","protected":false},"excerpt":{"rendered":"<p>Nuestro Centro de Formaci\u00f3n Combarranquilla ofrece alternativas de educaci\u00f3n que respondan a las necesidades e intereses de las empresas, los trabajadores y sus familias. Contamos con un alto portafolio de servicios de capacitaci\u00f3n con una oferta educativa orientada a satisfacer las expectativas de cada uno de sus grupos de inter\u00e9s. T\u00e9cnicos laborales T\u00e9cnico en Almac\u00e9n [&hellip;]<\/p>\n","protected":false},"author":1,"featured_media":631,"comment_status":"open","ping_status":"open","sticky":false,"template":"","format":"standard","meta":{"inline_featured_image":false,"footnotes":""},"categories":[8],"tags":[],"class_list":["post-125","post","type-post","status-publish","format-standard","has-post-thumbnail","hentry","category-formacion"],"yoast_head":"<!-- This site is optimized with the Yoast SEO plugin v27.4 - https:\/\/yoast.com\/product\/yoast-seo-wordpress\/ -->\n<title>Estudia en el Centro de Formaci\u00f3n Combarranquilla - Tu Gu\u00eda<\/title>\n<meta name=\"robots\" content=\"index, follow, max-snippet:-1, max-image-preview:large, max-video-preview:-1\" \/>\n<link rel=\"canonical\" href=\"https:\/\/tuguia.combarranquilla.co\/Revista\/los-eventos-que-se-tendran-en-cuenta-en-post-covid-19\/\" \/>\n<meta property=\"og:locale\" content=\"es_ES\" \/>\n<meta property=\"og:type\" content=\"article\" \/>\n<meta property=\"og:title\" content=\"Estudia en el Centro de Formaci\u00f3n Combarranquilla - Tu Gu\u00eda\" \/>\n<meta property=\"og:description\" content=\"Nuestro Centro de Formaci\u00f3n Combarranquilla ofrece alternativas de educaci\u00f3n que respondan a las necesidades e intereses de las empresas, los trabajadores y sus familias. Contamos con un alto portafolio de servicios de capacitaci\u00f3n con una oferta educativa orientada a satisfacer las expectativas de cada uno de sus grupos de inter\u00e9s. T\u00e9cnicos laborales T\u00e9cnico en Almac\u00e9n [&hellip;]\" \/>\n<meta property=\"og:url\" content=\"https:\/\/tuguia.combarranquilla.co\/Revista\/los-eventos-que-se-tendran-en-cuenta-en-post-covid-19\/\" \/>\n<meta property=\"og:site_name\" content=\"Tu Gu\u00eda\" \/>\n<meta property=\"article:published_time\" content=\"2022-07-05T22:14:00+00:00\" \/>\n<meta property=\"article:modified_time\" content=\"2022-12-02T16:34:25+00:00\" \/>\n<meta property=\"og:image\" content=\"https:\/\/tuguia.combarranquilla.co\/Revista\/wp-content\/uploads\/2022\/01\/TECNICOSLABORALES170120222_1-e1658175296951.jpg\" \/>\n\t<meta property=\"og:image:width\" content=\"1077\" \/>\n\t<meta property=\"og:image:height\" content=\"658\" \/>\n\t<meta property=\"og:image:type\" content=\"image\/jpeg\" \/>\n<meta name=\"author\" content=\"Redacci\u00f3n\" \/>\n<meta name=\"twitter:card\" content=\"summary_large_image\" \/>\n<meta name=\"twitter:label1\" content=\"Escrito por\" \/>\n\t<meta name=\"twitter:data1\" content=\"Redacci\u00f3n\" \/>\n\t<meta name=\"twitter:label2\" content=\"Tiempo de lectura\" \/>\n\t<meta name=\"twitter:data2\" content=\"2 minutos\" \/>\n<script type=\"application\/ld+json\" class=\"yoast-schema-graph\">{\"@context\":\"https:\\\/\\\/schema.org\",\"@graph\":[{\"@type\":\"Article\",\"@id\":\"https:\\\/\\\/tuguia.combarranquilla.co\\\/Revista\\\/los-eventos-que-se-tendran-en-cuenta-en-post-covid-19\\\/#article\",\"isPartOf\":{\"@id\":\"https:\\\/\\\/tuguia.combarranquilla.co\\\/Revista\\\/los-eventos-que-se-tendran-en-cuenta-en-post-covid-19\\\/\"},\"author\":{\"name\":\"Redacci\u00f3n\",\"@id\":\"https:\\\/\\\/tuguia.combarranquilla.co\\\/Revista\\\/#\\\/schema\\\/person\\\/81649010a198d4aceebfa0a1f71fb840\"},\"headline\":\"Estudia en el Centro de Formaci\u00f3n Combarranquilla\",\"datePublished\":\"2022-07-05T22:14:00+00:00\",\"dateModified\":\"2022-12-02T16:34:25+00:00\",\"mainEntityOfPage\":{\"@id\":\"https:\\\/\\\/tuguia.combarranquilla.co\\\/Revista\\\/los-eventos-que-se-tendran-en-cuenta-en-post-covid-19\\\/\"},\"wordCount\":396,\"commentCount\":0,\"publisher\":{\"@id\":\"https:\\\/\\\/tuguia.combarranquilla.co\\\/Revista\\\/#organization\"},\"image\":{\"@id\":\"https:\\\/\\\/tuguia.combarranquilla.co\\\/Revista\\\/los-eventos-que-se-tendran-en-cuenta-en-post-covid-19\\\/#primaryimage\"},\"thumbnailUrl\":\"https:\\\/\\\/tuguia.combarranquilla.co\\\/Revista\\\/wp-content\\\/uploads\\\/2022\\\/01\\\/TECNICOSLABORALES170120222_1-e1658175296951.jpg\",\"articleSection\":[\"FORMACI\u00d3N\"],\"inLanguage\":\"es-CO\",\"potentialAction\":[{\"@type\":\"CommentAction\",\"name\":\"Comment\",\"target\":[\"https:\\\/\\\/tuguia.combarranquilla.co\\\/Revista\\\/los-eventos-que-se-tendran-en-cuenta-en-post-covid-19\\\/#respond\"]}]},{\"@type\":\"WebPage\",\"@id\":\"https:\\\/\\\/tuguia.combarranquilla.co\\\/Revista\\\/los-eventos-que-se-tendran-en-cuenta-en-post-covid-19\\\/\",\"url\":\"https:\\\/\\\/tuguia.combarranquilla.co\\\/Revista\\\/los-eventos-que-se-tendran-en-cuenta-en-post-covid-19\\\/\",\"name\":\"Estudia en el Centro de Formaci\u00f3n Combarranquilla - Tu Gu\u00eda\",\"isPartOf\":{\"@id\":\"https:\\\/\\\/tuguia.combarranquilla.co\\\/Revista\\\/#website\"},\"primaryImageOfPage\":{\"@id\":\"https:\\\/\\\/tuguia.combarranquilla.co\\\/Revista\\\/los-eventos-que-se-tendran-en-cuenta-en-post-covid-19\\\/#primaryimage\"},\"image\":{\"@id\":\"https:\\\/\\\/tuguia.combarranquilla.co\\\/Revista\\\/los-eventos-que-se-tendran-en-cuenta-en-post-covid-19\\\/#primaryimage\"},\"thumbnailUrl\":\"https:\\\/\\\/tuguia.combarranquilla.co\\\/Revista\\\/wp-content\\\/uploads\\\/2022\\\/01\\\/TECNICOSLABORALES170120222_1-e1658175296951.jpg\",\"datePublished\":\"2022-07-05T22:14:00+00:00\",\"dateModified\":\"2022-12-02T16:34:25+00:00\",\"breadcrumb\":{\"@id\":\"https:\\\/\\\/tuguia.combarranquilla.co\\\/Revista\\\/los-eventos-que-se-tendran-en-cuenta-en-post-covid-19\\\/#breadcrumb\"},\"inLanguage\":\"es-CO\",\"potentialAction\":[{\"@type\":\"ReadAction\",\"target\":[\"https:\\\/\\\/tuguia.combarranquilla.co\\\/Revista\\\/los-eventos-que-se-tendran-en-cuenta-en-post-covid-19\\\/\"]}]},{\"@type\":\"ImageObject\",\"inLanguage\":\"es-CO\",\"@id\":\"https:\\\/\\\/tuguia.combarranquilla.co\\\/Revista\\\/los-eventos-que-se-tendran-en-cuenta-en-post-covid-19\\\/#primaryimage\",\"url\":\"https:\\\/\\\/tuguia.combarranquilla.co\\\/Revista\\\/wp-content\\\/uploads\\\/2022\\\/01\\\/TECNICOSLABORALES170120222_1-e1658175296951.jpg\",\"contentUrl\":\"https:\\\/\\\/tuguia.combarranquilla.co\\\/Revista\\\/wp-content\\\/uploads\\\/2022\\\/01\\\/TECNICOSLABORALES170120222_1-e1658175296951.jpg\",\"width\":1077,\"height\":658},{\"@type\":\"BreadcrumbList\",\"@id\":\"https:\\\/\\\/tuguia.combarranquilla.co\\\/Revista\\\/los-eventos-que-se-tendran-en-cuenta-en-post-covid-19\\\/#breadcrumb\",\"itemListElement\":[{\"@type\":\"ListItem\",\"position\":1,\"name\":\"Inicio\",\"item\":\"https:\\\/\\\/tuguia.combarranquilla.co\\\/Revista\\\/\"},{\"@type\":\"ListItem\",\"position\":2,\"name\":\"Estudia en el Centro de Formaci\u00f3n Combarranquilla\"}]},{\"@type\":\"WebSite\",\"@id\":\"https:\\\/\\\/tuguia.combarranquilla.co\\\/Revista\\\/#website\",\"url\":\"https:\\\/\\\/tuguia.combarranquilla.co\\\/Revista\\\/\",\"name\":\"Tu Gu\u00eda\",\"description\":\"La revista donde lo tienes todo.\",\"publisher\":{\"@id\":\"https:\\\/\\\/tuguia.combarranquilla.co\\\/Revista\\\/#organization\"},\"alternateName\":\"Tu Gu\u00eda Combarranquilla\",\"potentialAction\":[{\"@type\":\"SearchAction\",\"target\":{\"@type\":\"EntryPoint\",\"urlTemplate\":\"https:\\\/\\\/tuguia.combarranquilla.co\\\/Revista\\\/?s={search_term_string}\"},\"query-input\":{\"@type\":\"PropertyValueSpecification\",\"valueRequired\":true,\"valueName\":\"search_term_string\"}}],\"inLanguage\":\"es-CO\"},{\"@type\":\"Organization\",\"@id\":\"https:\\\/\\\/tuguia.combarranquilla.co\\\/Revista\\\/#organization\",\"name\":\"Tu Gu\u00eda Combarranquilla\",\"url\":\"https:\\\/\\\/tuguia.combarranquilla.co\\\/Revista\\\/\",\"logo\":{\"@type\":\"ImageObject\",\"inLanguage\":\"es-CO\",\"@id\":\"https:\\\/\\\/tuguia.combarranquilla.co\\\/Revista\\\/#\\\/schema\\\/logo\\\/image\\\/\",\"url\":\"https:\\\/\\\/tuguia.combarranquilla.co\\\/Revista\\\/wp-content\\\/uploads\\\/2022\\\/02\\\/logo-guia-combarranquilla.svg\",\"contentUrl\":\"https:\\\/\\\/tuguia.combarranquilla.co\\\/Revista\\\/wp-content\\\/uploads\\\/2022\\\/02\\\/logo-guia-combarranquilla.svg\",\"caption\":\"Tu Gu\u00eda Combarranquilla\"},\"image\":{\"@id\":\"https:\\\/\\\/tuguia.combarranquilla.co\\\/Revista\\\/#\\\/schema\\\/logo\\\/image\\\/\"}},{\"@type\":\"Person\",\"@id\":\"https:\\\/\\\/tuguia.combarranquilla.co\\\/Revista\\\/#\\\/schema\\\/person\\\/81649010a198d4aceebfa0a1f71fb840\",\"name\":\"Redacci\u00f3n\",\"image\":{\"@type\":\"ImageObject\",\"inLanguage\":\"es-CO\",\"@id\":\"https:\\\/\\\/secure.gravatar.com\\\/avatar\\\/af0f833ac8495e56b305432b0e091c21a1300f4dc920782429b9bc423140050f?s=96&d=mm&r=g\",\"url\":\"https:\\\/\\\/secure.gravatar.com\\\/avatar\\\/af0f833ac8495e56b305432b0e091c21a1300f4dc920782429b9bc423140050f?s=96&d=mm&r=g\",\"contentUrl\":\"https:\\\/\\\/secure.gravatar.com\\\/avatar\\\/af0f833ac8495e56b305432b0e091c21a1300f4dc920782429b9bc423140050f?s=96&d=mm&r=g\",\"caption\":\"Redacci\u00f3n\"},\"sameAs\":[\"http:\\\/\\\/tuguia.combarranquilla.co\\\/Revista\"],\"url\":\"https:\\\/\\\/tuguia.combarranquilla.co\\\/Revista\\\/author\\\/admincomba\\\/\"}]}<\/script>\n<!-- \/ Yoast SEO plugin. -->","yoast_head_json":{"title":"Estudia en el Centro de Formaci\u00f3n Combarranquilla - Tu Gu\u00eda","robots":{"index":"index","follow":"follow","max-snippet":"max-snippet:-1","max-image-preview":"max-image-preview:large","max-video-preview":"max-video-preview:-1"},"canonical":"https:\/\/tuguia.combarranquilla.co\/Revista\/los-eventos-que-se-tendran-en-cuenta-en-post-covid-19\/","og_locale":"es_ES","og_type":"article","og_title":"Estudia en el Centro de Formaci\u00f3n Combarranquilla - Tu Gu\u00eda","og_description":"Nuestro Centro de Formaci\u00f3n Combarranquilla ofrece alternativas de educaci\u00f3n que respondan a las necesidades e intereses de las empresas, los trabajadores y sus familias. Contamos con un alto portafolio de servicios de capacitaci\u00f3n con una oferta educativa orientada a satisfacer las expectativas de cada uno de sus grupos de inter\u00e9s. T\u00e9cnicos laborales T\u00e9cnico en Almac\u00e9n [&hellip;]","og_url":"https:\/\/tuguia.combarranquilla.co\/Revista\/los-eventos-que-se-tendran-en-cuenta-en-post-covid-19\/","og_site_name":"Tu Gu\u00eda","article_published_time":"2022-07-05T22:14:00+00:00","article_modified_time":"2022-12-02T16:34:25+00:00","og_image":[{"width":1077,"height":658,"url":"https:\/\/tuguia.combarranquilla.co\/Revista\/wp-content\/uploads\/2022\/01\/TECNICOSLABORALES170120222_1-e1658175296951.jpg","type":"image\/jpeg"}],"author":"Redacci\u00f3n","twitter_card":"summary_large_image","twitter_misc":{"Escrito por":"Redacci\u00f3n","Tiempo de lectura":"2 minutos"},"schema":{"@context":"https:\/\/schema.org","@graph":[{"@type":"Article","@id":"https:\/\/tuguia.combarranquilla.co\/Revista\/los-eventos-que-se-tendran-en-cuenta-en-post-covid-19\/#article","isPartOf":{"@id":"https:\/\/tuguia.combarranquilla.co\/Revista\/los-eventos-que-se-tendran-en-cuenta-en-post-covid-19\/"},"author":{"name":"Redacci\u00f3n","@id":"https:\/\/tuguia.combarranquilla.co\/Revista\/#\/schema\/person\/81649010a198d4aceebfa0a1f71fb840"},"headline":"Estudia en el Centro de Formaci\u00f3n Combarranquilla","datePublished":"2022-07-05T22:14:00+00:00","dateModified":"2022-12-02T16:34:25+00:00","mainEntityOfPage":{"@id":"https:\/\/tuguia.combarranquilla.co\/Revista\/los-eventos-que-se-tendran-en-cuenta-en-post-covid-19\/"},"wordCount":396,"commentCount":0,"publisher":{"@id":"https:\/\/tuguia.combarranquilla.co\/Revista\/#organization"},"image":{"@id":"https:\/\/tuguia.combarranquilla.co\/Revista\/los-eventos-que-se-tendran-en-cuenta-en-post-covid-19\/#primaryimage"},"thumbnailUrl":"https:\/\/tuguia.combarranquilla.co\/Revista\/wp-content\/uploads\/2022\/01\/TECNICOSLABORALES170120222_1-e1658175296951.jpg","articleSection":["FORMACI\u00d3N"],"inLanguage":"es-CO","potentialAction":[{"@type":"CommentAction","name":"Comment","target":["https:\/\/tuguia.combarranquilla.co\/Revista\/los-eventos-que-se-tendran-en-cuenta-en-post-covid-19\/#respond"]}]},{"@type":"WebPage","@id":"https:\/\/tuguia.combarranquilla.co\/Revista\/los-eventos-que-se-tendran-en-cuenta-en-post-covid-19\/","url":"https:\/\/tuguia.combarranquilla.co\/Revista\/los-eventos-que-se-tendran-en-cuenta-en-post-covid-19\/","name":"Estudia en el Centro de Formaci\u00f3n Combarranquilla - Tu Gu\u00eda","isPartOf":{"@id":"https:\/\/tuguia.combarranquilla.co\/Revista\/#website"},"primaryImageOfPage":{"@id":"https:\/\/tuguia.combarranquilla.co\/Revista\/los-eventos-que-se-tendran-en-cuenta-en-post-covid-19\/#primaryimage"},"image":{"@id":"https:\/\/tuguia.combarranquilla.co\/Revista\/los-eventos-que-se-tendran-en-cuenta-en-post-covid-19\/#primaryimage"},"thumbnailUrl":"https:\/\/tuguia.combarranquilla.co\/Revista\/wp-content\/uploads\/2022\/01\/TECNICOSLABORALES170120222_1-e1658175296951.jpg","datePublished":"2022-07-05T22:14:00+00:00","dateModified":"2022-12-02T16:34:25+00:00","breadcrumb":{"@id":"https:\/\/tuguia.combarranquilla.co\/Revista\/los-eventos-que-se-tendran-en-cuenta-en-post-covid-19\/#breadcrumb"},"inLanguage":"es-CO","potentialAction":[{"@type":"ReadAction","target":["https:\/\/tuguia.combarranquilla.co\/Revista\/los-eventos-que-se-tendran-en-cuenta-en-post-covid-19\/"]}]},{"@type":"ImageObject","inLanguage":"es-CO","@id":"https:\/\/tuguia.combarranquilla.co\/Revista\/los-eventos-que-se-tendran-en-cuenta-en-post-covid-19\/#primaryimage","url":"https:\/\/tuguia.combarranquilla.co\/Revista\/wp-content\/uploads\/2022\/01\/TECNICOSLABORALES170120222_1-e1658175296951.jpg","contentUrl":"https:\/\/tuguia.combarranquilla.co\/Revista\/wp-content\/uploads\/2022\/01\/TECNICOSLABORALES170120222_1-e1658175296951.jpg","width":1077,"height":658},{"@type":"BreadcrumbList","@id":"https:\/\/tuguia.combarranquilla.co\/Revista\/los-eventos-que-se-tendran-en-cuenta-en-post-covid-19\/#breadcrumb","itemListElement":[{"@type":"ListItem","position":1,"name":"Inicio","item":"https:\/\/tuguia.combarranquilla.co\/Revista\/"},{"@type":"ListItem","position":2,"name":"Estudia en el Centro de Formaci\u00f3n Combarranquilla"}]},{"@type":"WebSite","@id":"https:\/\/tuguia.combarranquilla.co\/Revista\/#website","url":"https:\/\/tuguia.combarranquilla.co\/Revista\/","name":"Tu Gu\u00eda","description":"La revista donde lo tienes todo.","publisher":{"@id":"https:\/\/tuguia.combarranquilla.co\/Revista\/#organization"},"alternateName":"Tu Gu\u00eda Combarranquilla","potentialAction":[{"@type":"SearchAction","target":{"@type":"EntryPoint","urlTemplate":"https:\/\/tuguia.combarranquilla.co\/Revista\/?s={search_term_string}"},"query-input":{"@type":"PropertyValueSpecification","valueRequired":true,"valueName":"search_term_string"}}],"inLanguage":"es-CO"},{"@type":"Organization","@id":"https:\/\/tuguia.combarranquilla.co\/Revista\/#organization","name":"Tu Gu\u00eda Combarranquilla","url":"https:\/\/tuguia.combarranquilla.co\/Revista\/","logo":{"@type":"ImageObject","inLanguage":"es-CO","@id":"https:\/\/tuguia.combarranquilla.co\/Revista\/#\/schema\/logo\/image\/","url":"https:\/\/tuguia.combarranquilla.co\/Revista\/wp-content\/uploads\/2022\/02\/logo-guia-combarranquilla.svg","contentUrl":"https:\/\/tuguia.combarranquilla.co\/Revista\/wp-content\/uploads\/2022\/02\/logo-guia-combarranquilla.svg","caption":"Tu Gu\u00eda Combarranquilla"},"image":{"@id":"https:\/\/tuguia.combarranquilla.co\/Revista\/#\/schema\/logo\/image\/"}},{"@type":"Person","@id":"https:\/\/tuguia.combarranquilla.co\/Revista\/#\/schema\/person\/81649010a198d4aceebfa0a1f71fb840","name":"Redacci\u00f3n","image":{"@type":"ImageObject","inLanguage":"es-CO","@id":"https:\/\/secure.gravatar.com\/avatar\/af0f833ac8495e56b305432b0e091c21a1300f4dc920782429b9bc423140050f?s=96&d=mm&r=g","url":"https:\/\/secure.gravatar.com\/avatar\/af0f833ac8495e56b305432b0e091c21a1300f4dc920782429b9bc423140050f?s=96&d=mm&r=g","contentUrl":"https:\/\/secure.gravatar.com\/avatar\/af0f833ac8495e56b305432b0e091c21a1300f4dc920782429b9bc423140050f?s=96&d=mm&r=g","caption":"Redacci\u00f3n"},"sameAs":["http:\/\/tuguia.combarranquilla.co\/Revista"],"url":"https:\/\/tuguia.combarranquilla.co\/Revista\/author\/admincomba\/"}]}},"_links":{"self":[{"href":"https:\/\/tuguia.combarranquilla.co\/Revista\/wp-json\/wp\/v2\/posts\/125","targetHints":{"allow":["GET"]}}],"collection":[{"href":"https:\/\/tuguia.combarranquilla.co\/Revista\/wp-json\/wp\/v2\/posts"}],"about":[{"href":"https:\/\/tuguia.combarranquilla.co\/Revista\/wp-json\/wp\/v2\/types\/post"}],"author":[{"embeddable":true,"href":"https:\/\/tuguia.combarranquilla.co\/Revista\/wp-json\/wp\/v2\/users\/1"}],"replies":[{"embeddable":true,"href":"https:\/\/tuguia.combarranquilla.co\/Revista\/wp-json\/wp\/v2\/comments?post=125"}],"version-history":[{"count":24,"href":"https:\/\/tuguia.combarranquilla.co\/Revista\/wp-json\/wp\/v2\/posts\/125\/revisions"}],"predecessor-version":[{"id":643,"href":"https:\/\/tuguia.combarranquilla.co\/Revista\/wp-json\/wp\/v2\/posts\/125\/revisions\/643"}],"wp:featuredmedia":[{"embeddable":true,"href":"https:\/\/tuguia.combarranquilla.co\/Revista\/wp-json\/wp\/v2\/media\/631"}],"wp:attachment":[{"href":"https:\/\/tuguia.combarranquilla.co\/Revista\/wp-json\/wp\/v2\/media?parent=125"}],"wp:term":[{"taxonomy":"category","embeddable":true,"href":"https:\/\/tuguia.combarranquilla.co\/Revista\/wp-json\/wp\/v2\/categories?post=125"},{"taxonomy":"post_tag","embeddable":true,"href":"https:\/\/tuguia.combarranquilla.co\/Revista\/wp-json\/wp\/v2\/tags?post=125"}],"curies":[{"name":"wp","href":"https:\/\/api.w.org\/{rel}","templated":true}]}}