{"id":132,"date":"2022-07-05T11:32:00","date_gmt":"2022-07-05T16:32:00","guid":{"rendered":"http:\/\/tuguia.combarranquilla.co\/Revista\/?p=132"},"modified":"2022-12-02T11:31:17","modified_gmt":"2022-12-02T16:31:17","slug":"subsidios-que-se-otorgaran-al-campesino-que-labora-con-artesanias-en-nuestro-pais","status":"publish","type":"post","link":"https:\/\/tuguia.combarranquilla.co\/Revista\/subsidios-que-se-otorgaran-al-campesino-que-labora-con-artesanias-en-nuestro-pais\/","title":{"rendered":"Tener la casa de tus sue\u00f1os SI es posible."},"content":{"rendered":"\n<p>Muchas personas anhelan tener vivienda propia y aunque para algunos parece un sue\u00f1o inalcanzable, lo cierto es que cada vez se est\u00e1 mas cerca de cumplirlo. Gracias al Subsidio Familiar de Vivienda \u2013 programa FOVIS muchos colombianos podr\u00e1n recibir un aporte en dinero sin que tenga que ser restituido por parte del beneficiario. Con este dinero se busca facilitar la adquisici\u00f3n de una sola vivienda de inter\u00e9s social  a las personas que tengan ingresos inferiores a 4 <em>SMLMV<\/em>.<\/p>\n\n\n\n<p>Si estas interesado en adquirir vivienda propia <em><strong>esta es tu oportunidad.<\/strong><\/em> Te invitamos a presentar  tu solicitud para acceder al Subsidio Familiar de Vivienda \u2013 programa FOVIS, de manera presencial hasta el <strong><em>30 de julio de 2022<\/em><\/strong>, en las unidades de servicio habilitadas (Unidad Mario Santo&nbsp;Domingo, Unidad Boston, Unidad country, Unidad de paseo bol\u00edvar, BC Empresarial y Unidad Deportiva) cumpliendo con los protocolos de bioseguridad, o realizando su postulaci\u00f3n en l\u00ednea a trav\u00e9s de nuestra p\u00e1gina web <strong><u><a rel=\"noreferrer noopener\" href=\"http:\/\/www.combarranquilla.co\/\" target=\"_blank\">www.combarranquilla.co<\/a><\/u><\/strong>&nbsp; &#8211; <strong>Servicios en l\u00ednea _ Subsidios _ Vivienda _ Postulaci\u00f3n en l\u00ednea<\/strong>.&nbsp;<\/p>\n\n\n\n<p><strong>Ten en cuenta los requisitos para acceder al Subsidio Familiar de Vivienda<\/strong><\/p>\n\n\n\n<div class=\"wp-block-group is-vertical is-layout-flex wp-container-core-group-is-layout-8cf370e7 wp-block-group-is-layout-flex\">\n<ol class=\"wp-block-list\" type=\"1\">\n<li>Ser afiliado a la Caja de Compensaci\u00f3n Familiar de Barranquilla &#8211; Combarranquilla como: Empleado aportante. Se entiende por hogar el conformado por <strong>una o m\u00e1s personas que integren el mismo n\u00facleo familiar<\/strong>, los c\u00f3nyuges, las uniones maritales de hecho, incluyendo las parejas del mismo sexo, y\/o el grupo de personas unidas por v\u00ednculos de parentesco hasta tercer grado de consanguinidad, segundo de afinidad y primero civil, que compartan un mismo espacio habitacional.<\/li>\n\n\n\n<li>No percibir ingresos familiares superiores a cuatro (4) salarios m\u00ednimos mensuales legales vigentes (SMMLV) para el a\u00f1o en vigencia.<\/li>\n\n\n\n<li>No ser propietario o poseedor de vivienda. (No figurar en escritura p\u00fablica de un bien inmueble).<\/li>\n\n\n\n<li>No haber sido beneficiarios de un Subsidio Familiar de Vivienda, incluyendo a los menores de edad postulantes.<\/li>\n\n\n\n<li>No haber sido beneficiario de otro subsidio de vivienda o subsidio a la tasa de inter\u00e9s (FRECH).<\/li>\n\n\n\n<li>Contar con un cr\u00e9dito hipotecario preaprobado o aprobado<\/li>\n\n\n\n<li>Contar con un ahorro previo, que puede estar representado en cuenta de ahorro programado, cesant\u00edas inmovilizadas y\/o giro cuota inicial a constructora.<\/li>\n<\/ol>\n\n\n\n<p>PD: para SFV en programa concurrente; No percibir ingresos familiares superiores a dos (2) salarios m\u00ednimos mensuales legales vigentes (SMMLV) para el a\u00f1o en vigencia.<\/p>\n\n\n\n<p><strong>M\u00e1s informes<\/strong><br><a href=\"mailto:maria.chavez@combarranquilla.co\">maria.cha<\/a><a href=\"mailto:vez@comunicaciones.co\">vez@comunicaciones.co<\/a><br><a href=\"mailto:kevin.delassalas@combarranquilla.co\">kevin.delassalas@combarranquilla.co<\/a> <br><a href=\"mailto:dayana.gomez@comunicaciones.co\">dayana.gomez@comunicaciones.co<\/a><\/p>\n\n\n\n<p> <\/p>\n\n\n\n<p><\/p>\n\n\n\n<p><\/p>\n<\/div>\n","protected":false},"excerpt":{"rendered":"<p>Muchas personas anhelan tener vivienda propia y aunque para algunos parece un sue\u00f1o inalcanzable, lo cierto es que cada vez se est\u00e1 mas cerca de cumplirlo. Gracias al Subsidio Familiar de Vivienda \u2013 programa FOVIS muchos colombianos podr\u00e1n recibir un aporte en dinero sin que tenga que ser restituido por parte del beneficiario. Con este [&hellip;]<\/p>\n","protected":false},"author":2,"featured_media":302,"comment_status":"open","ping_status":"open","sticky":false,"template":"","format":"standard","meta":{"inline_featured_image":false,"footnotes":""},"categories":[2],"tags":[],"class_list":["post-132","post","type-post","status-publish","format-standard","has-post-thumbnail","hentry","category-subsidios"],"yoast_head":"<!-- This site is optimized with the Yoast SEO plugin v27.4 - https:\/\/yoast.com\/product\/yoast-seo-wordpress\/ -->\n<title>Tener la casa de tus sue\u00f1os SI es posible. - Tu Gu\u00eda<\/title>\n<meta name=\"robots\" content=\"index, follow, max-snippet:-1, max-image-preview:large, max-video-preview:-1\" \/>\n<link rel=\"canonical\" href=\"https:\/\/tuguia.combarranquilla.co\/Revista\/subsidios-que-se-otorgaran-al-campesino-que-labora-con-artesanias-en-nuestro-pais\/\" \/>\n<meta property=\"og:locale\" content=\"es_ES\" \/>\n<meta property=\"og:type\" content=\"article\" \/>\n<meta property=\"og:title\" content=\"Tener la casa de tus sue\u00f1os SI es posible. - Tu Gu\u00eda\" \/>\n<meta property=\"og:description\" content=\"Muchas personas anhelan tener vivienda propia y aunque para algunos parece un sue\u00f1o inalcanzable, lo cierto es que cada vez se est\u00e1 mas cerca de cumplirlo. Gracias al Subsidio Familiar de Vivienda \u2013 programa FOVIS muchos colombianos podr\u00e1n recibir un aporte en dinero sin que tenga que ser restituido por parte del beneficiario. Con este [&hellip;]\" \/>\n<meta property=\"og:url\" content=\"https:\/\/tuguia.combarranquilla.co\/Revista\/subsidios-que-se-otorgaran-al-campesino-que-labora-con-artesanias-en-nuestro-pais\/\" \/>\n<meta property=\"og:site_name\" content=\"Tu Gu\u00eda\" \/>\n<meta property=\"article:published_time\" content=\"2022-07-05T16:32:00+00:00\" \/>\n<meta property=\"article:modified_time\" content=\"2022-12-02T16:31:17+00:00\" \/>\n<meta property=\"og:image\" content=\"https:\/\/tuguia.combarranquilla.co\/Revista\/wp-content\/uploads\/2022\/06\/PROYECTO-DE-VIVIENDA-scaled.jpg\" \/>\n\t<meta property=\"og:image:width\" content=\"2560\" \/>\n\t<meta property=\"og:image:height\" content=\"1818\" \/>\n\t<meta property=\"og:image:type\" content=\"image\/jpeg\" \/>\n<meta name=\"author\" content=\"Comunicaciones Combarranquilla\" \/>\n<meta name=\"twitter:card\" content=\"summary_large_image\" \/>\n<meta name=\"twitter:label1\" content=\"Escrito por\" \/>\n\t<meta name=\"twitter:data1\" content=\"Comunicaciones Combarranquilla\" \/>\n\t<meta name=\"twitter:label2\" content=\"Tiempo de lectura\" \/>\n\t<meta name=\"twitter:data2\" content=\"2 minutos\" \/>\n<script type=\"application\/ld+json\" class=\"yoast-schema-graph\">{\"@context\":\"https:\\\/\\\/schema.org\",\"@graph\":[{\"@type\":\"Article\",\"@id\":\"https:\\\/\\\/tuguia.combarranquilla.co\\\/Revista\\\/subsidios-que-se-otorgaran-al-campesino-que-labora-con-artesanias-en-nuestro-pais\\\/#article\",\"isPartOf\":{\"@id\":\"https:\\\/\\\/tuguia.combarranquilla.co\\\/Revista\\\/subsidios-que-se-otorgaran-al-campesino-que-labora-con-artesanias-en-nuestro-pais\\\/\"},\"author\":{\"name\":\"Comunicaciones Combarranquilla\",\"@id\":\"https:\\\/\\\/tuguia.combarranquilla.co\\\/Revista\\\/#\\\/schema\\\/person\\\/c2c396a77170bd1d5f8ba73294eb0d10\"},\"headline\":\"Tener la casa de tus sue\u00f1os SI es posible.\",\"datePublished\":\"2022-07-05T16:32:00+00:00\",\"dateModified\":\"2022-12-02T16:31:17+00:00\",\"mainEntityOfPage\":{\"@id\":\"https:\\\/\\\/tuguia.combarranquilla.co\\\/Revista\\\/subsidios-que-se-otorgaran-al-campesino-que-labora-con-artesanias-en-nuestro-pais\\\/\"},\"wordCount\":425,\"commentCount\":0,\"publisher\":{\"@id\":\"https:\\\/\\\/tuguia.combarranquilla.co\\\/Revista\\\/#organization\"},\"image\":{\"@id\":\"https:\\\/\\\/tuguia.combarranquilla.co\\\/Revista\\\/subsidios-que-se-otorgaran-al-campesino-que-labora-con-artesanias-en-nuestro-pais\\\/#primaryimage\"},\"thumbnailUrl\":\"https:\\\/\\\/tuguia.combarranquilla.co\\\/Revista\\\/wp-content\\\/uploads\\\/2022\\\/06\\\/PROYECTO-DE-VIVIENDA-scaled.jpg\",\"articleSection\":[\"SUBSIDIOS\"],\"inLanguage\":\"es-CO\",\"potentialAction\":[{\"@type\":\"CommentAction\",\"name\":\"Comment\",\"target\":[\"https:\\\/\\\/tuguia.combarranquilla.co\\\/Revista\\\/subsidios-que-se-otorgaran-al-campesino-que-labora-con-artesanias-en-nuestro-pais\\\/#respond\"]}]},{\"@type\":\"WebPage\",\"@id\":\"https:\\\/\\\/tuguia.combarranquilla.co\\\/Revista\\\/subsidios-que-se-otorgaran-al-campesino-que-labora-con-artesanias-en-nuestro-pais\\\/\",\"url\":\"https:\\\/\\\/tuguia.combarranquilla.co\\\/Revista\\\/subsidios-que-se-otorgaran-al-campesino-que-labora-con-artesanias-en-nuestro-pais\\\/\",\"name\":\"Tener la casa de tus sue\u00f1os SI es posible. - Tu Gu\u00eda\",\"isPartOf\":{\"@id\":\"https:\\\/\\\/tuguia.combarranquilla.co\\\/Revista\\\/#website\"},\"primaryImageOfPage\":{\"@id\":\"https:\\\/\\\/tuguia.combarranquilla.co\\\/Revista\\\/subsidios-que-se-otorgaran-al-campesino-que-labora-con-artesanias-en-nuestro-pais\\\/#primaryimage\"},\"image\":{\"@id\":\"https:\\\/\\\/tuguia.combarranquilla.co\\\/Revista\\\/subsidios-que-se-otorgaran-al-campesino-que-labora-con-artesanias-en-nuestro-pais\\\/#primaryimage\"},\"thumbnailUrl\":\"https:\\\/\\\/tuguia.combarranquilla.co\\\/Revista\\\/wp-content\\\/uploads\\\/2022\\\/06\\\/PROYECTO-DE-VIVIENDA-scaled.jpg\",\"datePublished\":\"2022-07-05T16:32:00+00:00\",\"dateModified\":\"2022-12-02T16:31:17+00:00\",\"breadcrumb\":{\"@id\":\"https:\\\/\\\/tuguia.combarranquilla.co\\\/Revista\\\/subsidios-que-se-otorgaran-al-campesino-que-labora-con-artesanias-en-nuestro-pais\\\/#breadcrumb\"},\"inLanguage\":\"es-CO\",\"potentialAction\":[{\"@type\":\"ReadAction\",\"target\":[\"https:\\\/\\\/tuguia.combarranquilla.co\\\/Revista\\\/subsidios-que-se-otorgaran-al-campesino-que-labora-con-artesanias-en-nuestro-pais\\\/\"]}]},{\"@type\":\"ImageObject\",\"inLanguage\":\"es-CO\",\"@id\":\"https:\\\/\\\/tuguia.combarranquilla.co\\\/Revista\\\/subsidios-que-se-otorgaran-al-campesino-que-labora-con-artesanias-en-nuestro-pais\\\/#primaryimage\",\"url\":\"https:\\\/\\\/tuguia.combarranquilla.co\\\/Revista\\\/wp-content\\\/uploads\\\/2022\\\/06\\\/PROYECTO-DE-VIVIENDA-scaled.jpg\",\"contentUrl\":\"https:\\\/\\\/tuguia.combarranquilla.co\\\/Revista\\\/wp-content\\\/uploads\\\/2022\\\/06\\\/PROYECTO-DE-VIVIENDA-scaled.jpg\",\"width\":2560,\"height\":1818},{\"@type\":\"BreadcrumbList\",\"@id\":\"https:\\\/\\\/tuguia.combarranquilla.co\\\/Revista\\\/subsidios-que-se-otorgaran-al-campesino-que-labora-con-artesanias-en-nuestro-pais\\\/#breadcrumb\",\"itemListElement\":[{\"@type\":\"ListItem\",\"position\":1,\"name\":\"Inicio\",\"item\":\"https:\\\/\\\/tuguia.combarranquilla.co\\\/Revista\\\/\"},{\"@type\":\"ListItem\",\"position\":2,\"name\":\"Tener la casa de tus sue\u00f1os SI es posible.\"}]},{\"@type\":\"WebSite\",\"@id\":\"https:\\\/\\\/tuguia.combarranquilla.co\\\/Revista\\\/#website\",\"url\":\"https:\\\/\\\/tuguia.combarranquilla.co\\\/Revista\\\/\",\"name\":\"Tu Gu\u00eda\",\"description\":\"La revista donde lo tienes todo.\",\"publisher\":{\"@id\":\"https:\\\/\\\/tuguia.combarranquilla.co\\\/Revista\\\/#organization\"},\"alternateName\":\"Tu Gu\u00eda Combarranquilla\",\"potentialAction\":[{\"@type\":\"SearchAction\",\"target\":{\"@type\":\"EntryPoint\",\"urlTemplate\":\"https:\\\/\\\/tuguia.combarranquilla.co\\\/Revista\\\/?s={search_term_string}\"},\"query-input\":{\"@type\":\"PropertyValueSpecification\",\"valueRequired\":true,\"valueName\":\"search_term_string\"}}],\"inLanguage\":\"es-CO\"},{\"@type\":\"Organization\",\"@id\":\"https:\\\/\\\/tuguia.combarranquilla.co\\\/Revista\\\/#organization\",\"name\":\"Tu Gu\u00eda Combarranquilla\",\"url\":\"https:\\\/\\\/tuguia.combarranquilla.co\\\/Revista\\\/\",\"logo\":{\"@type\":\"ImageObject\",\"inLanguage\":\"es-CO\",\"@id\":\"https:\\\/\\\/tuguia.combarranquilla.co\\\/Revista\\\/#\\\/schema\\\/logo\\\/image\\\/\",\"url\":\"https:\\\/\\\/tuguia.combarranquilla.co\\\/Revista\\\/wp-content\\\/uploads\\\/2022\\\/02\\\/logo-guia-combarranquilla.svg\",\"contentUrl\":\"https:\\\/\\\/tuguia.combarranquilla.co\\\/Revista\\\/wp-content\\\/uploads\\\/2022\\\/02\\\/logo-guia-combarranquilla.svg\",\"caption\":\"Tu Gu\u00eda Combarranquilla\"},\"image\":{\"@id\":\"https:\\\/\\\/tuguia.combarranquilla.co\\\/Revista\\\/#\\\/schema\\\/logo\\\/image\\\/\"}},{\"@type\":\"Person\",\"@id\":\"https:\\\/\\\/tuguia.combarranquilla.co\\\/Revista\\\/#\\\/schema\\\/person\\\/c2c396a77170bd1d5f8ba73294eb0d10\",\"name\":\"Comunicaciones Combarranquilla\",\"image\":{\"@type\":\"ImageObject\",\"inLanguage\":\"es-CO\",\"@id\":\"https:\\\/\\\/tuguia.combarranquilla.co\\\/Revista\\\/wp-content\\\/uploads\\\/2025\\\/05\\\/ABC-Al-Rojo-Logo-96x96.jpg\",\"url\":\"https:\\\/\\\/tuguia.combarranquilla.co\\\/Revista\\\/wp-content\\\/uploads\\\/2025\\\/05\\\/ABC-Al-Rojo-Logo-96x96.jpg\",\"contentUrl\":\"https:\\\/\\\/tuguia.combarranquilla.co\\\/Revista\\\/wp-content\\\/uploads\\\/2025\\\/05\\\/ABC-Al-Rojo-Logo-96x96.jpg\",\"caption\":\"Comunicaciones Combarranquilla\"},\"sameAs\":[\"https:\\\/\\\/www.combarranquilla.co\"],\"url\":\"https:\\\/\\\/tuguia.combarranquilla.co\\\/Revista\\\/author\\\/comunicaciones\\\/\"}]}<\/script>\n<!-- \/ Yoast SEO plugin. -->","yoast_head_json":{"title":"Tener la casa de tus sue\u00f1os SI es posible. - Tu Gu\u00eda","robots":{"index":"index","follow":"follow","max-snippet":"max-snippet:-1","max-image-preview":"max-image-preview:large","max-video-preview":"max-video-preview:-1"},"canonical":"https:\/\/tuguia.combarranquilla.co\/Revista\/subsidios-que-se-otorgaran-al-campesino-que-labora-con-artesanias-en-nuestro-pais\/","og_locale":"es_ES","og_type":"article","og_title":"Tener la casa de tus sue\u00f1os SI es posible. - Tu Gu\u00eda","og_description":"Muchas personas anhelan tener vivienda propia y aunque para algunos parece un sue\u00f1o inalcanzable, lo cierto es que cada vez se est\u00e1 mas cerca de cumplirlo. Gracias al Subsidio Familiar de Vivienda \u2013 programa FOVIS muchos colombianos podr\u00e1n recibir un aporte en dinero sin que tenga que ser restituido por parte del beneficiario. Con este [&hellip;]","og_url":"https:\/\/tuguia.combarranquilla.co\/Revista\/subsidios-que-se-otorgaran-al-campesino-que-labora-con-artesanias-en-nuestro-pais\/","og_site_name":"Tu Gu\u00eda","article_published_time":"2022-07-05T16:32:00+00:00","article_modified_time":"2022-12-02T16:31:17+00:00","og_image":[{"width":2560,"height":1818,"url":"https:\/\/tuguia.combarranquilla.co\/Revista\/wp-content\/uploads\/2022\/06\/PROYECTO-DE-VIVIENDA-scaled.jpg","type":"image\/jpeg"}],"author":"Comunicaciones Combarranquilla","twitter_card":"summary_large_image","twitter_misc":{"Escrito por":"Comunicaciones Combarranquilla","Tiempo de lectura":"2 minutos"},"schema":{"@context":"https:\/\/schema.org","@graph":[{"@type":"Article","@id":"https:\/\/tuguia.combarranquilla.co\/Revista\/subsidios-que-se-otorgaran-al-campesino-que-labora-con-artesanias-en-nuestro-pais\/#article","isPartOf":{"@id":"https:\/\/tuguia.combarranquilla.co\/Revista\/subsidios-que-se-otorgaran-al-campesino-que-labora-con-artesanias-en-nuestro-pais\/"},"author":{"name":"Comunicaciones Combarranquilla","@id":"https:\/\/tuguia.combarranquilla.co\/Revista\/#\/schema\/person\/c2c396a77170bd1d5f8ba73294eb0d10"},"headline":"Tener la casa de tus sue\u00f1os SI es posible.","datePublished":"2022-07-05T16:32:00+00:00","dateModified":"2022-12-02T16:31:17+00:00","mainEntityOfPage":{"@id":"https:\/\/tuguia.combarranquilla.co\/Revista\/subsidios-que-se-otorgaran-al-campesino-que-labora-con-artesanias-en-nuestro-pais\/"},"wordCount":425,"commentCount":0,"publisher":{"@id":"https:\/\/tuguia.combarranquilla.co\/Revista\/#organization"},"image":{"@id":"https:\/\/tuguia.combarranquilla.co\/Revista\/subsidios-que-se-otorgaran-al-campesino-que-labora-con-artesanias-en-nuestro-pais\/#primaryimage"},"thumbnailUrl":"https:\/\/tuguia.combarranquilla.co\/Revista\/wp-content\/uploads\/2022\/06\/PROYECTO-DE-VIVIENDA-scaled.jpg","articleSection":["SUBSIDIOS"],"inLanguage":"es-CO","potentialAction":[{"@type":"CommentAction","name":"Comment","target":["https:\/\/tuguia.combarranquilla.co\/Revista\/subsidios-que-se-otorgaran-al-campesino-que-labora-con-artesanias-en-nuestro-pais\/#respond"]}]},{"@type":"WebPage","@id":"https:\/\/tuguia.combarranquilla.co\/Revista\/subsidios-que-se-otorgaran-al-campesino-que-labora-con-artesanias-en-nuestro-pais\/","url":"https:\/\/tuguia.combarranquilla.co\/Revista\/subsidios-que-se-otorgaran-al-campesino-que-labora-con-artesanias-en-nuestro-pais\/","name":"Tener la casa de tus sue\u00f1os SI es posible. - Tu Gu\u00eda","isPartOf":{"@id":"https:\/\/tuguia.combarranquilla.co\/Revista\/#website"},"primaryImageOfPage":{"@id":"https:\/\/tuguia.combarranquilla.co\/Revista\/subsidios-que-se-otorgaran-al-campesino-que-labora-con-artesanias-en-nuestro-pais\/#primaryimage"},"image":{"@id":"https:\/\/tuguia.combarranquilla.co\/Revista\/subsidios-que-se-otorgaran-al-campesino-que-labora-con-artesanias-en-nuestro-pais\/#primaryimage"},"thumbnailUrl":"https:\/\/tuguia.combarranquilla.co\/Revista\/wp-content\/uploads\/2022\/06\/PROYECTO-DE-VIVIENDA-scaled.jpg","datePublished":"2022-07-05T16:32:00+00:00","dateModified":"2022-12-02T16:31:17+00:00","breadcrumb":{"@id":"https:\/\/tuguia.combarranquilla.co\/Revista\/subsidios-que-se-otorgaran-al-campesino-que-labora-con-artesanias-en-nuestro-pais\/#breadcrumb"},"inLanguage":"es-CO","potentialAction":[{"@type":"ReadAction","target":["https:\/\/tuguia.combarranquilla.co\/Revista\/subsidios-que-se-otorgaran-al-campesino-que-labora-con-artesanias-en-nuestro-pais\/"]}]},{"@type":"ImageObject","inLanguage":"es-CO","@id":"https:\/\/tuguia.combarranquilla.co\/Revista\/subsidios-que-se-otorgaran-al-campesino-que-labora-con-artesanias-en-nuestro-pais\/#primaryimage","url":"https:\/\/tuguia.combarranquilla.co\/Revista\/wp-content\/uploads\/2022\/06\/PROYECTO-DE-VIVIENDA-scaled.jpg","contentUrl":"https:\/\/tuguia.combarranquilla.co\/Revista\/wp-content\/uploads\/2022\/06\/PROYECTO-DE-VIVIENDA-scaled.jpg","width":2560,"height":1818},{"@type":"BreadcrumbList","@id":"https:\/\/tuguia.combarranquilla.co\/Revista\/subsidios-que-se-otorgaran-al-campesino-que-labora-con-artesanias-en-nuestro-pais\/#breadcrumb","itemListElement":[{"@type":"ListItem","position":1,"name":"Inicio","item":"https:\/\/tuguia.combarranquilla.co\/Revista\/"},{"@type":"ListItem","position":2,"name":"Tener la casa de tus sue\u00f1os SI es posible."}]},{"@type":"WebSite","@id":"https:\/\/tuguia.combarranquilla.co\/Revista\/#website","url":"https:\/\/tuguia.combarranquilla.co\/Revista\/","name":"Tu Gu\u00eda","description":"La revista donde lo tienes todo.","publisher":{"@id":"https:\/\/tuguia.combarranquilla.co\/Revista\/#organization"},"alternateName":"Tu Gu\u00eda Combarranquilla","potentialAction":[{"@type":"SearchAction","target":{"@type":"EntryPoint","urlTemplate":"https:\/\/tuguia.combarranquilla.co\/Revista\/?s={search_term_string}"},"query-input":{"@type":"PropertyValueSpecification","valueRequired":true,"valueName":"search_term_string"}}],"inLanguage":"es-CO"},{"@type":"Organization","@id":"https:\/\/tuguia.combarranquilla.co\/Revista\/#organization","name":"Tu Gu\u00eda Combarranquilla","url":"https:\/\/tuguia.combarranquilla.co\/Revista\/","logo":{"@type":"ImageObject","inLanguage":"es-CO","@id":"https:\/\/tuguia.combarranquilla.co\/Revista\/#\/schema\/logo\/image\/","url":"https:\/\/tuguia.combarranquilla.co\/Revista\/wp-content\/uploads\/2022\/02\/logo-guia-combarranquilla.svg","contentUrl":"https:\/\/tuguia.combarranquilla.co\/Revista\/wp-content\/uploads\/2022\/02\/logo-guia-combarranquilla.svg","caption":"Tu Gu\u00eda Combarranquilla"},"image":{"@id":"https:\/\/tuguia.combarranquilla.co\/Revista\/#\/schema\/logo\/image\/"}},{"@type":"Person","@id":"https:\/\/tuguia.combarranquilla.co\/Revista\/#\/schema\/person\/c2c396a77170bd1d5f8ba73294eb0d10","name":"Comunicaciones Combarranquilla","image":{"@type":"ImageObject","inLanguage":"es-CO","@id":"https:\/\/tuguia.combarranquilla.co\/Revista\/wp-content\/uploads\/2025\/05\/ABC-Al-Rojo-Logo-96x96.jpg","url":"https:\/\/tuguia.combarranquilla.co\/Revista\/wp-content\/uploads\/2025\/05\/ABC-Al-Rojo-Logo-96x96.jpg","contentUrl":"https:\/\/tuguia.combarranquilla.co\/Revista\/wp-content\/uploads\/2025\/05\/ABC-Al-Rojo-Logo-96x96.jpg","caption":"Comunicaciones Combarranquilla"},"sameAs":["https:\/\/www.combarranquilla.co"],"url":"https:\/\/tuguia.combarranquilla.co\/Revista\/author\/comunicaciones\/"}]}},"_links":{"self":[{"href":"https:\/\/tuguia.combarranquilla.co\/Revista\/wp-json\/wp\/v2\/posts\/132","targetHints":{"allow":["GET"]}}],"collection":[{"href":"https:\/\/tuguia.combarranquilla.co\/Revista\/wp-json\/wp\/v2\/posts"}],"about":[{"href":"https:\/\/tuguia.combarranquilla.co\/Revista\/wp-json\/wp\/v2\/types\/post"}],"author":[{"embeddable":true,"href":"https:\/\/tuguia.combarranquilla.co\/Revista\/wp-json\/wp\/v2\/users\/2"}],"replies":[{"embeddable":true,"href":"https:\/\/tuguia.combarranquilla.co\/Revista\/wp-json\/wp\/v2\/comments?post=132"}],"version-history":[{"count":9,"href":"https:\/\/tuguia.combarranquilla.co\/Revista\/wp-json\/wp\/v2\/posts\/132\/revisions"}],"predecessor-version":[{"id":1147,"href":"https:\/\/tuguia.combarranquilla.co\/Revista\/wp-json\/wp\/v2\/posts\/132\/revisions\/1147"}],"wp:featuredmedia":[{"embeddable":true,"href":"https:\/\/tuguia.combarranquilla.co\/Revista\/wp-json\/wp\/v2\/media\/302"}],"wp:attachment":[{"href":"https:\/\/tuguia.combarranquilla.co\/Revista\/wp-json\/wp\/v2\/media?parent=132"}],"wp:term":[{"taxonomy":"category","embeddable":true,"href":"https:\/\/tuguia.combarranquilla.co\/Revista\/wp-json\/wp\/v2\/categories?post=132"},{"taxonomy":"post_tag","embeddable":true,"href":"https:\/\/tuguia.combarranquilla.co\/Revista\/wp-json\/wp\/v2\/tags?post=132"}],"curies":[{"name":"wp","href":"https:\/\/api.w.org\/{rel}","templated":true}]}}