{"id":1370,"date":"2022-09-02T07:50:00","date_gmt":"2022-09-02T12:50:00","guid":{"rendered":"https:\/\/tuguia.combarranquilla.co\/Revista\/?p=1370"},"modified":"2022-12-12T07:50:33","modified_gmt":"2022-12-12T12:50:33","slug":"tu-puedes-ser-nuestro-proximo-becado","status":"publish","type":"post","link":"https:\/\/tuguia.combarranquilla.co\/Revista\/tu-puedes-ser-nuestro-proximo-becado\/","title":{"rendered":"<strong>T\u00fa puedes ser nuestro pr\u00f3ximo becado<\/strong>"},"content":{"rendered":"\n<p>Combarranquilla a\u00f1o tras a\u00f1o abre convocatoria para inscribirse a la Beca Progreso para hijos beneficiarios del Subsidio Familiar que hayan presentado las pruebas del ICFES en el presente a\u00f1o lectivo y cumplan con los requisitos establecidos por la Caja.<\/p>\n\n\n\n<p>La beca ofrece los siguientes beneficios:<\/p>\n\n\n\n<ul class=\"wp-block-list\">\n<li>100% del valor de la matr\u00edcula de Pregrado durante toda la carrera.<\/li>\n\n\n\n<li>100% del valor de la matr\u00edcula de Idiomas durante toda la carrera. Para los ocho (8) niveles de estudio de la segunda lengua en la Universidad del Norte.<\/li>\n<\/ul>\n\n\n\n<p>En el 2022 la fecha de convocatoria es del 9 de septiembre hasta el 29 de noviembre y los hijos de los trabajadores afiliados categor\u00eda A y\/o B deben cumplir con los siguientes requisitos:<\/p>\n\n\n\n<ul class=\"wp-block-list\">\n<li>Ser hijo de trabajador beneficiario afiliado a COMBARRANQUILLA, que devengue menos de cuatro (4) salarios m\u00ednimos.<\/li>\n\n\n\n<li>Ser menor de 19 a\u00f1os.<\/li>\n\n\n\n<li>Haberse graduado o ser candidato a grado de bachiller en el mismo periodo de la convocatoria.<\/li>\n\n\n\n<li>Ser admitido en la Universidad del Norte para estudios de Pregrado.<\/li>\n\n\n\n<li>Copia del resultado de las pruebas ICFES (m\u00ednimo 60%).<\/li>\n\n\n\n<li>Certificado de calificaciones definitivas de los grados d\u00e9cimo (10\u00b0) y und\u00e9cimo (11\u00b0) con notas B\u00e1sicas, Sobresalientes y Excelentes.<\/li>\n\n\n\n<li>Diligenciar solicitud de inscripci\u00f3n para el programa de Becas Progreso COMBARRANQUILLA en las Unidades de Servicio de COMBARRANQUILLA o enviar la documentaci\u00f3n al correo electr\u00f3nico <a href=\"mailto:joel.mindiola@combarranquilla.co\">joel.mindiola@combarranquilla.co<\/a><\/li>\n<\/ul>\n\n\n\n<p>Aplica para todos los programas de Pregrado que ofrece la Universidad del Norte, excepto para el programa de Medicina.<\/p>\n","protected":false},"excerpt":{"rendered":"<p>Combarranquilla a\u00f1o tras a\u00f1o abre convocatoria para inscribirse a la Beca Progreso para hijos beneficiarios del Subsidio Familiar que hayan presentado las pruebas del ICFES en el presente a\u00f1o lectivo y cumplan con los requisitos establecidos por la Caja. La beca ofrece los siguientes beneficios: En el 2022 la fecha de convocatoria es del 9 [&hellip;]<\/p>\n","protected":false},"author":2,"featured_media":1371,"comment_status":"open","ping_status":"open","sticky":false,"template":"","format":"standard","meta":{"inline_featured_image":false,"footnotes":""},"categories":[2],"tags":[],"class_list":["post-1370","post","type-post","status-publish","format-standard","has-post-thumbnail","hentry","category-subsidios"],"yoast_head":"<!-- This site is optimized with the Yoast SEO plugin v27.4 - https:\/\/yoast.com\/product\/yoast-seo-wordpress\/ -->\n<title>T\u00fa puedes ser nuestro pr\u00f3ximo becado - Tu Gu\u00eda<\/title>\n<meta name=\"robots\" content=\"index, follow, max-snippet:-1, max-image-preview:large, max-video-preview:-1\" \/>\n<link rel=\"canonical\" href=\"https:\/\/tuguia.combarranquilla.co\/Revista\/tu-puedes-ser-nuestro-proximo-becado\/\" \/>\n<meta property=\"og:locale\" content=\"es_ES\" \/>\n<meta property=\"og:type\" content=\"article\" \/>\n<meta property=\"og:title\" content=\"T\u00fa puedes ser nuestro pr\u00f3ximo becado - Tu Gu\u00eda\" \/>\n<meta property=\"og:description\" content=\"Combarranquilla a\u00f1o tras a\u00f1o abre convocatoria para inscribirse a la Beca Progreso para hijos beneficiarios del Subsidio Familiar que hayan presentado las pruebas del ICFES en el presente a\u00f1o lectivo y cumplan con los requisitos establecidos por la Caja. La beca ofrece los siguientes beneficios: En el 2022 la fecha de convocatoria es del 9 [&hellip;]\" \/>\n<meta property=\"og:url\" content=\"https:\/\/tuguia.combarranquilla.co\/Revista\/tu-puedes-ser-nuestro-proximo-becado\/\" \/>\n<meta property=\"og:site_name\" content=\"Tu Gu\u00eda\" \/>\n<meta property=\"article:published_time\" content=\"2022-09-02T12:50:00+00:00\" \/>\n<meta property=\"article:modified_time\" content=\"2022-12-12T12:50:33+00:00\" \/>\n<meta property=\"og:image\" content=\"https:\/\/tuguia.combarranquilla.co\/Revista\/wp-content\/uploads\/2022\/12\/BECA-PROGRESO.jpg\" \/>\n\t<meta property=\"og:image:width\" content=\"1080\" \/>\n\t<meta property=\"og:image:height\" content=\"1080\" \/>\n\t<meta property=\"og:image:type\" content=\"image\/jpeg\" \/>\n<meta name=\"author\" content=\"Comunicaciones Combarranquilla\" \/>\n<meta name=\"twitter:card\" content=\"summary_large_image\" \/>\n<meta name=\"twitter:label1\" content=\"Escrito por\" \/>\n\t<meta name=\"twitter:data1\" content=\"Comunicaciones Combarranquilla\" \/>\n\t<meta name=\"twitter:label2\" content=\"Tiempo de lectura\" \/>\n\t<meta name=\"twitter:data2\" content=\"1 minuto\" \/>\n<script type=\"application\/ld+json\" class=\"yoast-schema-graph\">{\"@context\":\"https:\\\/\\\/schema.org\",\"@graph\":[{\"@type\":\"Article\",\"@id\":\"https:\\\/\\\/tuguia.combarranquilla.co\\\/Revista\\\/tu-puedes-ser-nuestro-proximo-becado\\\/#article\",\"isPartOf\":{\"@id\":\"https:\\\/\\\/tuguia.combarranquilla.co\\\/Revista\\\/tu-puedes-ser-nuestro-proximo-becado\\\/\"},\"author\":{\"name\":\"Comunicaciones Combarranquilla\",\"@id\":\"https:\\\/\\\/tuguia.combarranquilla.co\\\/Revista\\\/#\\\/schema\\\/person\\\/c2c396a77170bd1d5f8ba73294eb0d10\"},\"headline\":\"T\u00fa puedes ser nuestro pr\u00f3ximo becado\",\"datePublished\":\"2022-09-02T12:50:00+00:00\",\"dateModified\":\"2022-12-12T12:50:33+00:00\",\"mainEntityOfPage\":{\"@id\":\"https:\\\/\\\/tuguia.combarranquilla.co\\\/Revista\\\/tu-puedes-ser-nuestro-proximo-becado\\\/\"},\"wordCount\":254,\"commentCount\":0,\"publisher\":{\"@id\":\"https:\\\/\\\/tuguia.combarranquilla.co\\\/Revista\\\/#organization\"},\"image\":{\"@id\":\"https:\\\/\\\/tuguia.combarranquilla.co\\\/Revista\\\/tu-puedes-ser-nuestro-proximo-becado\\\/#primaryimage\"},\"thumbnailUrl\":\"https:\\\/\\\/tuguia.combarranquilla.co\\\/Revista\\\/wp-content\\\/uploads\\\/2022\\\/12\\\/BECA-PROGRESO.jpg\",\"articleSection\":[\"SUBSIDIOS\"],\"inLanguage\":\"es-CO\",\"potentialAction\":[{\"@type\":\"CommentAction\",\"name\":\"Comment\",\"target\":[\"https:\\\/\\\/tuguia.combarranquilla.co\\\/Revista\\\/tu-puedes-ser-nuestro-proximo-becado\\\/#respond\"]}]},{\"@type\":\"WebPage\",\"@id\":\"https:\\\/\\\/tuguia.combarranquilla.co\\\/Revista\\\/tu-puedes-ser-nuestro-proximo-becado\\\/\",\"url\":\"https:\\\/\\\/tuguia.combarranquilla.co\\\/Revista\\\/tu-puedes-ser-nuestro-proximo-becado\\\/\",\"name\":\"T\u00fa puedes ser nuestro pr\u00f3ximo becado - Tu Gu\u00eda\",\"isPartOf\":{\"@id\":\"https:\\\/\\\/tuguia.combarranquilla.co\\\/Revista\\\/#website\"},\"primaryImageOfPage\":{\"@id\":\"https:\\\/\\\/tuguia.combarranquilla.co\\\/Revista\\\/tu-puedes-ser-nuestro-proximo-becado\\\/#primaryimage\"},\"image\":{\"@id\":\"https:\\\/\\\/tuguia.combarranquilla.co\\\/Revista\\\/tu-puedes-ser-nuestro-proximo-becado\\\/#primaryimage\"},\"thumbnailUrl\":\"https:\\\/\\\/tuguia.combarranquilla.co\\\/Revista\\\/wp-content\\\/uploads\\\/2022\\\/12\\\/BECA-PROGRESO.jpg\",\"datePublished\":\"2022-09-02T12:50:00+00:00\",\"dateModified\":\"2022-12-12T12:50:33+00:00\",\"breadcrumb\":{\"@id\":\"https:\\\/\\\/tuguia.combarranquilla.co\\\/Revista\\\/tu-puedes-ser-nuestro-proximo-becado\\\/#breadcrumb\"},\"inLanguage\":\"es-CO\",\"potentialAction\":[{\"@type\":\"ReadAction\",\"target\":[\"https:\\\/\\\/tuguia.combarranquilla.co\\\/Revista\\\/tu-puedes-ser-nuestro-proximo-becado\\\/\"]}]},{\"@type\":\"ImageObject\",\"inLanguage\":\"es-CO\",\"@id\":\"https:\\\/\\\/tuguia.combarranquilla.co\\\/Revista\\\/tu-puedes-ser-nuestro-proximo-becado\\\/#primaryimage\",\"url\":\"https:\\\/\\\/tuguia.combarranquilla.co\\\/Revista\\\/wp-content\\\/uploads\\\/2022\\\/12\\\/BECA-PROGRESO.jpg\",\"contentUrl\":\"https:\\\/\\\/tuguia.combarranquilla.co\\\/Revista\\\/wp-content\\\/uploads\\\/2022\\\/12\\\/BECA-PROGRESO.jpg\",\"width\":1080,\"height\":1080},{\"@type\":\"BreadcrumbList\",\"@id\":\"https:\\\/\\\/tuguia.combarranquilla.co\\\/Revista\\\/tu-puedes-ser-nuestro-proximo-becado\\\/#breadcrumb\",\"itemListElement\":[{\"@type\":\"ListItem\",\"position\":1,\"name\":\"Inicio\",\"item\":\"https:\\\/\\\/tuguia.combarranquilla.co\\\/Revista\\\/\"},{\"@type\":\"ListItem\",\"position\":2,\"name\":\"T\u00fa puedes ser nuestro pr\u00f3ximo becado\"}]},{\"@type\":\"WebSite\",\"@id\":\"https:\\\/\\\/tuguia.combarranquilla.co\\\/Revista\\\/#website\",\"url\":\"https:\\\/\\\/tuguia.combarranquilla.co\\\/Revista\\\/\",\"name\":\"Tu Gu\u00eda\",\"description\":\"La revista donde lo tienes todo.\",\"publisher\":{\"@id\":\"https:\\\/\\\/tuguia.combarranquilla.co\\\/Revista\\\/#organization\"},\"alternateName\":\"Tu Gu\u00eda Combarranquilla\",\"potentialAction\":[{\"@type\":\"SearchAction\",\"target\":{\"@type\":\"EntryPoint\",\"urlTemplate\":\"https:\\\/\\\/tuguia.combarranquilla.co\\\/Revista\\\/?s={search_term_string}\"},\"query-input\":{\"@type\":\"PropertyValueSpecification\",\"valueRequired\":true,\"valueName\":\"search_term_string\"}}],\"inLanguage\":\"es-CO\"},{\"@type\":\"Organization\",\"@id\":\"https:\\\/\\\/tuguia.combarranquilla.co\\\/Revista\\\/#organization\",\"name\":\"Tu Gu\u00eda Combarranquilla\",\"url\":\"https:\\\/\\\/tuguia.combarranquilla.co\\\/Revista\\\/\",\"logo\":{\"@type\":\"ImageObject\",\"inLanguage\":\"es-CO\",\"@id\":\"https:\\\/\\\/tuguia.combarranquilla.co\\\/Revista\\\/#\\\/schema\\\/logo\\\/image\\\/\",\"url\":\"https:\\\/\\\/tuguia.combarranquilla.co\\\/Revista\\\/wp-content\\\/uploads\\\/2022\\\/02\\\/logo-guia-combarranquilla.svg\",\"contentUrl\":\"https:\\\/\\\/tuguia.combarranquilla.co\\\/Revista\\\/wp-content\\\/uploads\\\/2022\\\/02\\\/logo-guia-combarranquilla.svg\",\"caption\":\"Tu Gu\u00eda Combarranquilla\"},\"image\":{\"@id\":\"https:\\\/\\\/tuguia.combarranquilla.co\\\/Revista\\\/#\\\/schema\\\/logo\\\/image\\\/\"}},{\"@type\":\"Person\",\"@id\":\"https:\\\/\\\/tuguia.combarranquilla.co\\\/Revista\\\/#\\\/schema\\\/person\\\/c2c396a77170bd1d5f8ba73294eb0d10\",\"name\":\"Comunicaciones Combarranquilla\",\"image\":{\"@type\":\"ImageObject\",\"inLanguage\":\"es-CO\",\"@id\":\"https:\\\/\\\/tuguia.combarranquilla.co\\\/Revista\\\/wp-content\\\/uploads\\\/2025\\\/05\\\/ABC-Al-Rojo-Logo-96x96.jpg\",\"url\":\"https:\\\/\\\/tuguia.combarranquilla.co\\\/Revista\\\/wp-content\\\/uploads\\\/2025\\\/05\\\/ABC-Al-Rojo-Logo-96x96.jpg\",\"contentUrl\":\"https:\\\/\\\/tuguia.combarranquilla.co\\\/Revista\\\/wp-content\\\/uploads\\\/2025\\\/05\\\/ABC-Al-Rojo-Logo-96x96.jpg\",\"caption\":\"Comunicaciones Combarranquilla\"},\"sameAs\":[\"https:\\\/\\\/www.combarranquilla.co\"],\"url\":\"https:\\\/\\\/tuguia.combarranquilla.co\\\/Revista\\\/author\\\/comunicaciones\\\/\"}]}<\/script>\n<!-- \/ Yoast SEO plugin. -->","yoast_head_json":{"title":"T\u00fa puedes ser nuestro pr\u00f3ximo becado - Tu Gu\u00eda","robots":{"index":"index","follow":"follow","max-snippet":"max-snippet:-1","max-image-preview":"max-image-preview:large","max-video-preview":"max-video-preview:-1"},"canonical":"https:\/\/tuguia.combarranquilla.co\/Revista\/tu-puedes-ser-nuestro-proximo-becado\/","og_locale":"es_ES","og_type":"article","og_title":"T\u00fa puedes ser nuestro pr\u00f3ximo becado - Tu Gu\u00eda","og_description":"Combarranquilla a\u00f1o tras a\u00f1o abre convocatoria para inscribirse a la Beca Progreso para hijos beneficiarios del Subsidio Familiar que hayan presentado las pruebas del ICFES en el presente a\u00f1o lectivo y cumplan con los requisitos establecidos por la Caja. La beca ofrece los siguientes beneficios: En el 2022 la fecha de convocatoria es del 9 [&hellip;]","og_url":"https:\/\/tuguia.combarranquilla.co\/Revista\/tu-puedes-ser-nuestro-proximo-becado\/","og_site_name":"Tu Gu\u00eda","article_published_time":"2022-09-02T12:50:00+00:00","article_modified_time":"2022-12-12T12:50:33+00:00","og_image":[{"width":1080,"height":1080,"url":"https:\/\/tuguia.combarranquilla.co\/Revista\/wp-content\/uploads\/2022\/12\/BECA-PROGRESO.jpg","type":"image\/jpeg"}],"author":"Comunicaciones Combarranquilla","twitter_card":"summary_large_image","twitter_misc":{"Escrito por":"Comunicaciones Combarranquilla","Tiempo de lectura":"1 minuto"},"schema":{"@context":"https:\/\/schema.org","@graph":[{"@type":"Article","@id":"https:\/\/tuguia.combarranquilla.co\/Revista\/tu-puedes-ser-nuestro-proximo-becado\/#article","isPartOf":{"@id":"https:\/\/tuguia.combarranquilla.co\/Revista\/tu-puedes-ser-nuestro-proximo-becado\/"},"author":{"name":"Comunicaciones Combarranquilla","@id":"https:\/\/tuguia.combarranquilla.co\/Revista\/#\/schema\/person\/c2c396a77170bd1d5f8ba73294eb0d10"},"headline":"T\u00fa puedes ser nuestro pr\u00f3ximo becado","datePublished":"2022-09-02T12:50:00+00:00","dateModified":"2022-12-12T12:50:33+00:00","mainEntityOfPage":{"@id":"https:\/\/tuguia.combarranquilla.co\/Revista\/tu-puedes-ser-nuestro-proximo-becado\/"},"wordCount":254,"commentCount":0,"publisher":{"@id":"https:\/\/tuguia.combarranquilla.co\/Revista\/#organization"},"image":{"@id":"https:\/\/tuguia.combarranquilla.co\/Revista\/tu-puedes-ser-nuestro-proximo-becado\/#primaryimage"},"thumbnailUrl":"https:\/\/tuguia.combarranquilla.co\/Revista\/wp-content\/uploads\/2022\/12\/BECA-PROGRESO.jpg","articleSection":["SUBSIDIOS"],"inLanguage":"es-CO","potentialAction":[{"@type":"CommentAction","name":"Comment","target":["https:\/\/tuguia.combarranquilla.co\/Revista\/tu-puedes-ser-nuestro-proximo-becado\/#respond"]}]},{"@type":"WebPage","@id":"https:\/\/tuguia.combarranquilla.co\/Revista\/tu-puedes-ser-nuestro-proximo-becado\/","url":"https:\/\/tuguia.combarranquilla.co\/Revista\/tu-puedes-ser-nuestro-proximo-becado\/","name":"T\u00fa puedes ser nuestro pr\u00f3ximo becado - Tu Gu\u00eda","isPartOf":{"@id":"https:\/\/tuguia.combarranquilla.co\/Revista\/#website"},"primaryImageOfPage":{"@id":"https:\/\/tuguia.combarranquilla.co\/Revista\/tu-puedes-ser-nuestro-proximo-becado\/#primaryimage"},"image":{"@id":"https:\/\/tuguia.combarranquilla.co\/Revista\/tu-puedes-ser-nuestro-proximo-becado\/#primaryimage"},"thumbnailUrl":"https:\/\/tuguia.combarranquilla.co\/Revista\/wp-content\/uploads\/2022\/12\/BECA-PROGRESO.jpg","datePublished":"2022-09-02T12:50:00+00:00","dateModified":"2022-12-12T12:50:33+00:00","breadcrumb":{"@id":"https:\/\/tuguia.combarranquilla.co\/Revista\/tu-puedes-ser-nuestro-proximo-becado\/#breadcrumb"},"inLanguage":"es-CO","potentialAction":[{"@type":"ReadAction","target":["https:\/\/tuguia.combarranquilla.co\/Revista\/tu-puedes-ser-nuestro-proximo-becado\/"]}]},{"@type":"ImageObject","inLanguage":"es-CO","@id":"https:\/\/tuguia.combarranquilla.co\/Revista\/tu-puedes-ser-nuestro-proximo-becado\/#primaryimage","url":"https:\/\/tuguia.combarranquilla.co\/Revista\/wp-content\/uploads\/2022\/12\/BECA-PROGRESO.jpg","contentUrl":"https:\/\/tuguia.combarranquilla.co\/Revista\/wp-content\/uploads\/2022\/12\/BECA-PROGRESO.jpg","width":1080,"height":1080},{"@type":"BreadcrumbList","@id":"https:\/\/tuguia.combarranquilla.co\/Revista\/tu-puedes-ser-nuestro-proximo-becado\/#breadcrumb","itemListElement":[{"@type":"ListItem","position":1,"name":"Inicio","item":"https:\/\/tuguia.combarranquilla.co\/Revista\/"},{"@type":"ListItem","position":2,"name":"T\u00fa puedes ser nuestro pr\u00f3ximo becado"}]},{"@type":"WebSite","@id":"https:\/\/tuguia.combarranquilla.co\/Revista\/#website","url":"https:\/\/tuguia.combarranquilla.co\/Revista\/","name":"Tu Gu\u00eda","description":"La revista donde lo tienes todo.","publisher":{"@id":"https:\/\/tuguia.combarranquilla.co\/Revista\/#organization"},"alternateName":"Tu Gu\u00eda Combarranquilla","potentialAction":[{"@type":"SearchAction","target":{"@type":"EntryPoint","urlTemplate":"https:\/\/tuguia.combarranquilla.co\/Revista\/?s={search_term_string}"},"query-input":{"@type":"PropertyValueSpecification","valueRequired":true,"valueName":"search_term_string"}}],"inLanguage":"es-CO"},{"@type":"Organization","@id":"https:\/\/tuguia.combarranquilla.co\/Revista\/#organization","name":"Tu Gu\u00eda Combarranquilla","url":"https:\/\/tuguia.combarranquilla.co\/Revista\/","logo":{"@type":"ImageObject","inLanguage":"es-CO","@id":"https:\/\/tuguia.combarranquilla.co\/Revista\/#\/schema\/logo\/image\/","url":"https:\/\/tuguia.combarranquilla.co\/Revista\/wp-content\/uploads\/2022\/02\/logo-guia-combarranquilla.svg","contentUrl":"https:\/\/tuguia.combarranquilla.co\/Revista\/wp-content\/uploads\/2022\/02\/logo-guia-combarranquilla.svg","caption":"Tu Gu\u00eda Combarranquilla"},"image":{"@id":"https:\/\/tuguia.combarranquilla.co\/Revista\/#\/schema\/logo\/image\/"}},{"@type":"Person","@id":"https:\/\/tuguia.combarranquilla.co\/Revista\/#\/schema\/person\/c2c396a77170bd1d5f8ba73294eb0d10","name":"Comunicaciones Combarranquilla","image":{"@type":"ImageObject","inLanguage":"es-CO","@id":"https:\/\/tuguia.combarranquilla.co\/Revista\/wp-content\/uploads\/2025\/05\/ABC-Al-Rojo-Logo-96x96.jpg","url":"https:\/\/tuguia.combarranquilla.co\/Revista\/wp-content\/uploads\/2025\/05\/ABC-Al-Rojo-Logo-96x96.jpg","contentUrl":"https:\/\/tuguia.combarranquilla.co\/Revista\/wp-content\/uploads\/2025\/05\/ABC-Al-Rojo-Logo-96x96.jpg","caption":"Comunicaciones Combarranquilla"},"sameAs":["https:\/\/www.combarranquilla.co"],"url":"https:\/\/tuguia.combarranquilla.co\/Revista\/author\/comunicaciones\/"}]}},"_links":{"self":[{"href":"https:\/\/tuguia.combarranquilla.co\/Revista\/wp-json\/wp\/v2\/posts\/1370","targetHints":{"allow":["GET"]}}],"collection":[{"href":"https:\/\/tuguia.combarranquilla.co\/Revista\/wp-json\/wp\/v2\/posts"}],"about":[{"href":"https:\/\/tuguia.combarranquilla.co\/Revista\/wp-json\/wp\/v2\/types\/post"}],"author":[{"embeddable":true,"href":"https:\/\/tuguia.combarranquilla.co\/Revista\/wp-json\/wp\/v2\/users\/2"}],"replies":[{"embeddable":true,"href":"https:\/\/tuguia.combarranquilla.co\/Revista\/wp-json\/wp\/v2\/comments?post=1370"}],"version-history":[{"count":1,"href":"https:\/\/tuguia.combarranquilla.co\/Revista\/wp-json\/wp\/v2\/posts\/1370\/revisions"}],"predecessor-version":[{"id":1372,"href":"https:\/\/tuguia.combarranquilla.co\/Revista\/wp-json\/wp\/v2\/posts\/1370\/revisions\/1372"}],"wp:featuredmedia":[{"embeddable":true,"href":"https:\/\/tuguia.combarranquilla.co\/Revista\/wp-json\/wp\/v2\/media\/1371"}],"wp:attachment":[{"href":"https:\/\/tuguia.combarranquilla.co\/Revista\/wp-json\/wp\/v2\/media?parent=1370"}],"wp:term":[{"taxonomy":"category","embeddable":true,"href":"https:\/\/tuguia.combarranquilla.co\/Revista\/wp-json\/wp\/v2\/categories?post=1370"},{"taxonomy":"post_tag","embeddable":true,"href":"https:\/\/tuguia.combarranquilla.co\/Revista\/wp-json\/wp\/v2\/tags?post=1370"}],"curies":[{"name":"wp","href":"https:\/\/api.w.org\/{rel}","templated":true}]}}