{"id":1378,"date":"2022-10-15T13:39:00","date_gmt":"2022-10-15T18:39:00","guid":{"rendered":"https:\/\/tuguia.combarranquilla.co\/Revista\/?p=1378"},"modified":"2022-12-14T14:19:30","modified_gmt":"2022-12-14T19:19:30","slug":"afiliacion-de-veteranos-de-la-fuerza-publica-a-cajas-de-compensacion-familiar","status":"publish","type":"post","link":"https:\/\/tuguia.combarranquilla.co\/Revista\/afiliacion-de-veteranos-de-la-fuerza-publica-a-cajas-de-compensacion-familiar\/","title":{"rendered":"<strong>Afiliaci\u00f3n de Veteranos de la Fuerza P\u00fablica a Cajas De Compensaci\u00f3n Familiar <\/strong>"},"content":{"rendered":"\n<p>De acuerdo con lo establecido en la Ley 1979 del 25 de julio de 2019 en su art\u00edculo 16, as\u00ed como en el Decreto 1346 del 10 de octubre de 2020 y la Resoluci\u00f3n 1881 del 3 de 2021, las empresas que contraten o vinculen laboralmente a <strong>Veteranos de la Fuerza P\u00fablica<\/strong> entre los 18 y 40 a\u00f1os, se beneficiar\u00e1n con la exenci\u00f3n del pago de aportes por la vinculaci\u00f3n de estos trabajadores durante los dos primeros a\u00f1os de su contrato.<\/p>\n\n\n\n<p>Requisitos que deber\u00e1 cumplir el empleador para acceder al beneficio:<\/p>\n\n\n\n<ul class=\"wp-block-list\">\n<li>Incrementar el n\u00famero de empleados, con relaci\u00f3n a los que ten\u00eda en la n\u00f3mina a 31 de diciembre del a\u00f1o inmediatamente anterior, y el valor de la n\u00f3mina deber\u00e1 aumentarse en cuant\u00eda superior al incremento del IPC determinado por el DANE.<\/li>\n<\/ul>\n\n\n\n<ul class=\"wp-block-list\">\n<li>Este beneficio s\u00f3lo aplica para nuevo personal, sin que pueda interpretarse como aquel que se vincule luego de una fusi\u00f3n, adquisici\u00f3n, alianza y\/o escisi\u00f3n de empresa.<\/li>\n<\/ul>\n\n\n\n<ul class=\"wp-block-list\">\n<li>El empleador deber\u00e1 manifestar por escrito que increment\u00f3 el n\u00famero de trabajadores y por ende el valor de la n\u00f3mina, anexando las planillas Integradas de Liquidaci\u00f3n de Aportes (PILA) del mes de diciembre del a\u00f1o inmediatamente anterior y la del mes en que se quiera hacer la nueva vinculaci\u00f3n del trabajador \u201cVeterano de la Fuerza P\u00fablica\u201d.<\/li>\n<\/ul>\n\n\n\n<ul class=\"wp-block-list\">\n<li>En ning\u00fan caso este beneficio previsto, se podr\u00e1 realizar sobre las personas menores de 40 a\u00f1os de edad, que se vinculen por reemplazar personal contratado con anterioridad.<\/li>\n<\/ul>\n\n\n\n<ul class=\"wp-block-list\">\n<li>El empleador deber\u00e1 presentar certificaci\u00f3n de acreditaci\u00f3n como veterano del trabajador expedido por Ministerio de Defensa, y tendr\u00e1n derecho a los servicios sociales referentes a Recreaci\u00f3n, Turismo social y Capacitaci\u00f3n, durante los a\u00f1os a que aplica dicho beneficio. A partir del cuarto a\u00f1o de afiliaci\u00f3n, gozar\u00e1n de la plenitud de los servicios del sistema de subsidio familiar.<\/li>\n<\/ul>\n\n\n\n<p>Los empleadores que requieran mayor informaci\u00f3n para la afiliaci\u00f3n de esta poblaci\u00f3n, recibir\u00e1n acompa\u00f1amiento por parte de Combarranquilla, con el prop\u00f3sito de lograr la vinculaci\u00f3n de los Veteranos de la Fuerza P\u00fablica y de esta manera, puedan disfrutar de los beneficios que ofrece la Caja de Compensaci\u00f3n.<\/p>\n\n\n\n<p>Las afiliaciones pueden realizarse de forma virtual en nuestra p\u00e1gina web <a href=\"http:\/\/www.combarranquilla.co\">www.combarranquilla.co<\/a> o diligenciando el formulario f\u00edsico en las Unidades de Servicio.<\/p>\n","protected":false},"excerpt":{"rendered":"<p>De acuerdo con lo establecido en la Ley 1979 del 25 de julio de 2019 en su art\u00edculo 16, as\u00ed como en el Decreto 1346 del 10 de octubre de 2020 y la Resoluci\u00f3n 1881 del 3 de 2021, las empresas que contraten o vinculen laboralmente a Veteranos de la Fuerza P\u00fablica entre los 18 [&hellip;]<\/p>\n","protected":false},"author":2,"featured_media":1412,"comment_status":"open","ping_status":"open","sticky":false,"template":"","format":"standard","meta":{"inline_featured_image":false,"footnotes":""},"categories":[2],"tags":[],"class_list":["post-1378","post","type-post","status-publish","format-standard","has-post-thumbnail","hentry","category-subsidios"],"yoast_head":"<!-- This site is optimized with the Yoast SEO plugin v27.4 - https:\/\/yoast.com\/product\/yoast-seo-wordpress\/ -->\n<title>Afiliaci\u00f3n de Veteranos de la Fuerza P\u00fablica a Cajas De Compensaci\u00f3n Familiar  - Tu Gu\u00eda<\/title>\n<meta name=\"robots\" content=\"index, follow, max-snippet:-1, max-image-preview:large, max-video-preview:-1\" \/>\n<link rel=\"canonical\" href=\"https:\/\/tuguia.combarranquilla.co\/Revista\/afiliacion-de-veteranos-de-la-fuerza-publica-a-cajas-de-compensacion-familiar\/\" \/>\n<meta property=\"og:locale\" content=\"es_ES\" \/>\n<meta property=\"og:type\" content=\"article\" \/>\n<meta property=\"og:title\" content=\"Afiliaci\u00f3n de Veteranos de la Fuerza P\u00fablica a Cajas De Compensaci\u00f3n Familiar  - Tu Gu\u00eda\" \/>\n<meta property=\"og:description\" content=\"De acuerdo con lo establecido en la Ley 1979 del 25 de julio de 2019 en su art\u00edculo 16, as\u00ed como en el Decreto 1346 del 10 de octubre de 2020 y la Resoluci\u00f3n 1881 del 3 de 2021, las empresas que contraten o vinculen laboralmente a Veteranos de la Fuerza P\u00fablica entre los 18 [&hellip;]\" \/>\n<meta property=\"og:url\" content=\"https:\/\/tuguia.combarranquilla.co\/Revista\/afiliacion-de-veteranos-de-la-fuerza-publica-a-cajas-de-compensacion-familiar\/\" \/>\n<meta property=\"og:site_name\" content=\"Tu Gu\u00eda\" \/>\n<meta property=\"article:published_time\" content=\"2022-10-15T18:39:00+00:00\" \/>\n<meta property=\"article:modified_time\" content=\"2022-12-14T19:19:30+00:00\" \/>\n<meta property=\"og:image\" content=\"https:\/\/tuguia.combarranquilla.co\/Revista\/wp-content\/uploads\/2022\/10\/1-scaled.jpg\" \/>\n\t<meta property=\"og:image:width\" content=\"2560\" \/>\n\t<meta property=\"og:image:height\" content=\"1443\" \/>\n\t<meta property=\"og:image:type\" content=\"image\/jpeg\" \/>\n<meta name=\"author\" content=\"Comunicaciones Combarranquilla\" \/>\n<meta name=\"twitter:card\" content=\"summary_large_image\" \/>\n<meta name=\"twitter:label1\" content=\"Escrito por\" \/>\n\t<meta name=\"twitter:data1\" content=\"Comunicaciones Combarranquilla\" \/>\n\t<meta name=\"twitter:label2\" content=\"Tiempo de lectura\" \/>\n\t<meta name=\"twitter:data2\" content=\"2 minutos\" \/>\n<script type=\"application\/ld+json\" class=\"yoast-schema-graph\">{\"@context\":\"https:\\\/\\\/schema.org\",\"@graph\":[{\"@type\":\"Article\",\"@id\":\"https:\\\/\\\/tuguia.combarranquilla.co\\\/Revista\\\/afiliacion-de-veteranos-de-la-fuerza-publica-a-cajas-de-compensacion-familiar\\\/#article\",\"isPartOf\":{\"@id\":\"https:\\\/\\\/tuguia.combarranquilla.co\\\/Revista\\\/afiliacion-de-veteranos-de-la-fuerza-publica-a-cajas-de-compensacion-familiar\\\/\"},\"author\":{\"name\":\"Comunicaciones Combarranquilla\",\"@id\":\"https:\\\/\\\/tuguia.combarranquilla.co\\\/Revista\\\/#\\\/schema\\\/person\\\/c2c396a77170bd1d5f8ba73294eb0d10\"},\"headline\":\"Afiliaci\u00f3n de Veteranos de la Fuerza P\u00fablica a Cajas De Compensaci\u00f3n Familiar\",\"datePublished\":\"2022-10-15T18:39:00+00:00\",\"dateModified\":\"2022-12-14T19:19:30+00:00\",\"mainEntityOfPage\":{\"@id\":\"https:\\\/\\\/tuguia.combarranquilla.co\\\/Revista\\\/afiliacion-de-veteranos-de-la-fuerza-publica-a-cajas-de-compensacion-familiar\\\/\"},\"wordCount\":418,\"commentCount\":0,\"publisher\":{\"@id\":\"https:\\\/\\\/tuguia.combarranquilla.co\\\/Revista\\\/#organization\"},\"image\":{\"@id\":\"https:\\\/\\\/tuguia.combarranquilla.co\\\/Revista\\\/afiliacion-de-veteranos-de-la-fuerza-publica-a-cajas-de-compensacion-familiar\\\/#primaryimage\"},\"thumbnailUrl\":\"https:\\\/\\\/tuguia.combarranquilla.co\\\/Revista\\\/wp-content\\\/uploads\\\/2022\\\/10\\\/1-scaled.jpg\",\"articleSection\":[\"SUBSIDIOS\"],\"inLanguage\":\"es-CO\",\"potentialAction\":[{\"@type\":\"CommentAction\",\"name\":\"Comment\",\"target\":[\"https:\\\/\\\/tuguia.combarranquilla.co\\\/Revista\\\/afiliacion-de-veteranos-de-la-fuerza-publica-a-cajas-de-compensacion-familiar\\\/#respond\"]}]},{\"@type\":\"WebPage\",\"@id\":\"https:\\\/\\\/tuguia.combarranquilla.co\\\/Revista\\\/afiliacion-de-veteranos-de-la-fuerza-publica-a-cajas-de-compensacion-familiar\\\/\",\"url\":\"https:\\\/\\\/tuguia.combarranquilla.co\\\/Revista\\\/afiliacion-de-veteranos-de-la-fuerza-publica-a-cajas-de-compensacion-familiar\\\/\",\"name\":\"Afiliaci\u00f3n de Veteranos de la Fuerza P\u00fablica a Cajas De Compensaci\u00f3n Familiar - Tu Gu\u00eda\",\"isPartOf\":{\"@id\":\"https:\\\/\\\/tuguia.combarranquilla.co\\\/Revista\\\/#website\"},\"primaryImageOfPage\":{\"@id\":\"https:\\\/\\\/tuguia.combarranquilla.co\\\/Revista\\\/afiliacion-de-veteranos-de-la-fuerza-publica-a-cajas-de-compensacion-familiar\\\/#primaryimage\"},\"image\":{\"@id\":\"https:\\\/\\\/tuguia.combarranquilla.co\\\/Revista\\\/afiliacion-de-veteranos-de-la-fuerza-publica-a-cajas-de-compensacion-familiar\\\/#primaryimage\"},\"thumbnailUrl\":\"https:\\\/\\\/tuguia.combarranquilla.co\\\/Revista\\\/wp-content\\\/uploads\\\/2022\\\/10\\\/1-scaled.jpg\",\"datePublished\":\"2022-10-15T18:39:00+00:00\",\"dateModified\":\"2022-12-14T19:19:30+00:00\",\"breadcrumb\":{\"@id\":\"https:\\\/\\\/tuguia.combarranquilla.co\\\/Revista\\\/afiliacion-de-veteranos-de-la-fuerza-publica-a-cajas-de-compensacion-familiar\\\/#breadcrumb\"},\"inLanguage\":\"es-CO\",\"potentialAction\":[{\"@type\":\"ReadAction\",\"target\":[\"https:\\\/\\\/tuguia.combarranquilla.co\\\/Revista\\\/afiliacion-de-veteranos-de-la-fuerza-publica-a-cajas-de-compensacion-familiar\\\/\"]}]},{\"@type\":\"ImageObject\",\"inLanguage\":\"es-CO\",\"@id\":\"https:\\\/\\\/tuguia.combarranquilla.co\\\/Revista\\\/afiliacion-de-veteranos-de-la-fuerza-publica-a-cajas-de-compensacion-familiar\\\/#primaryimage\",\"url\":\"https:\\\/\\\/tuguia.combarranquilla.co\\\/Revista\\\/wp-content\\\/uploads\\\/2022\\\/10\\\/1-scaled.jpg\",\"contentUrl\":\"https:\\\/\\\/tuguia.combarranquilla.co\\\/Revista\\\/wp-content\\\/uploads\\\/2022\\\/10\\\/1-scaled.jpg\",\"width\":2560,\"height\":1443,\"caption\":\"default\"},{\"@type\":\"BreadcrumbList\",\"@id\":\"https:\\\/\\\/tuguia.combarranquilla.co\\\/Revista\\\/afiliacion-de-veteranos-de-la-fuerza-publica-a-cajas-de-compensacion-familiar\\\/#breadcrumb\",\"itemListElement\":[{\"@type\":\"ListItem\",\"position\":1,\"name\":\"Inicio\",\"item\":\"https:\\\/\\\/tuguia.combarranquilla.co\\\/Revista\\\/\"},{\"@type\":\"ListItem\",\"position\":2,\"name\":\"Afiliaci\u00f3n de Veteranos de la Fuerza P\u00fablica a Cajas De Compensaci\u00f3n Familiar\"}]},{\"@type\":\"WebSite\",\"@id\":\"https:\\\/\\\/tuguia.combarranquilla.co\\\/Revista\\\/#website\",\"url\":\"https:\\\/\\\/tuguia.combarranquilla.co\\\/Revista\\\/\",\"name\":\"Tu Gu\u00eda\",\"description\":\"La revista donde lo tienes todo.\",\"publisher\":{\"@id\":\"https:\\\/\\\/tuguia.combarranquilla.co\\\/Revista\\\/#organization\"},\"alternateName\":\"Tu Gu\u00eda Combarranquilla\",\"potentialAction\":[{\"@type\":\"SearchAction\",\"target\":{\"@type\":\"EntryPoint\",\"urlTemplate\":\"https:\\\/\\\/tuguia.combarranquilla.co\\\/Revista\\\/?s={search_term_string}\"},\"query-input\":{\"@type\":\"PropertyValueSpecification\",\"valueRequired\":true,\"valueName\":\"search_term_string\"}}],\"inLanguage\":\"es-CO\"},{\"@type\":\"Organization\",\"@id\":\"https:\\\/\\\/tuguia.combarranquilla.co\\\/Revista\\\/#organization\",\"name\":\"Tu Gu\u00eda Combarranquilla\",\"url\":\"https:\\\/\\\/tuguia.combarranquilla.co\\\/Revista\\\/\",\"logo\":{\"@type\":\"ImageObject\",\"inLanguage\":\"es-CO\",\"@id\":\"https:\\\/\\\/tuguia.combarranquilla.co\\\/Revista\\\/#\\\/schema\\\/logo\\\/image\\\/\",\"url\":\"https:\\\/\\\/tuguia.combarranquilla.co\\\/Revista\\\/wp-content\\\/uploads\\\/2022\\\/02\\\/logo-guia-combarranquilla.svg\",\"contentUrl\":\"https:\\\/\\\/tuguia.combarranquilla.co\\\/Revista\\\/wp-content\\\/uploads\\\/2022\\\/02\\\/logo-guia-combarranquilla.svg\",\"caption\":\"Tu Gu\u00eda Combarranquilla\"},\"image\":{\"@id\":\"https:\\\/\\\/tuguia.combarranquilla.co\\\/Revista\\\/#\\\/schema\\\/logo\\\/image\\\/\"}},{\"@type\":\"Person\",\"@id\":\"https:\\\/\\\/tuguia.combarranquilla.co\\\/Revista\\\/#\\\/schema\\\/person\\\/c2c396a77170bd1d5f8ba73294eb0d10\",\"name\":\"Comunicaciones Combarranquilla\",\"image\":{\"@type\":\"ImageObject\",\"inLanguage\":\"es-CO\",\"@id\":\"https:\\\/\\\/tuguia.combarranquilla.co\\\/Revista\\\/wp-content\\\/uploads\\\/2025\\\/05\\\/ABC-Al-Rojo-Logo-96x96.jpg\",\"url\":\"https:\\\/\\\/tuguia.combarranquilla.co\\\/Revista\\\/wp-content\\\/uploads\\\/2025\\\/05\\\/ABC-Al-Rojo-Logo-96x96.jpg\",\"contentUrl\":\"https:\\\/\\\/tuguia.combarranquilla.co\\\/Revista\\\/wp-content\\\/uploads\\\/2025\\\/05\\\/ABC-Al-Rojo-Logo-96x96.jpg\",\"caption\":\"Comunicaciones Combarranquilla\"},\"sameAs\":[\"https:\\\/\\\/www.combarranquilla.co\"],\"url\":\"https:\\\/\\\/tuguia.combarranquilla.co\\\/Revista\\\/author\\\/comunicaciones\\\/\"}]}<\/script>\n<!-- \/ Yoast SEO plugin. -->","yoast_head_json":{"title":"Afiliaci\u00f3n de Veteranos de la Fuerza P\u00fablica a Cajas De Compensaci\u00f3n Familiar  - Tu Gu\u00eda","robots":{"index":"index","follow":"follow","max-snippet":"max-snippet:-1","max-image-preview":"max-image-preview:large","max-video-preview":"max-video-preview:-1"},"canonical":"https:\/\/tuguia.combarranquilla.co\/Revista\/afiliacion-de-veteranos-de-la-fuerza-publica-a-cajas-de-compensacion-familiar\/","og_locale":"es_ES","og_type":"article","og_title":"Afiliaci\u00f3n de Veteranos de la Fuerza P\u00fablica a Cajas De Compensaci\u00f3n Familiar  - Tu Gu\u00eda","og_description":"De acuerdo con lo establecido en la Ley 1979 del 25 de julio de 2019 en su art\u00edculo 16, as\u00ed como en el Decreto 1346 del 10 de octubre de 2020 y la Resoluci\u00f3n 1881 del 3 de 2021, las empresas que contraten o vinculen laboralmente a Veteranos de la Fuerza P\u00fablica entre los 18 [&hellip;]","og_url":"https:\/\/tuguia.combarranquilla.co\/Revista\/afiliacion-de-veteranos-de-la-fuerza-publica-a-cajas-de-compensacion-familiar\/","og_site_name":"Tu Gu\u00eda","article_published_time":"2022-10-15T18:39:00+00:00","article_modified_time":"2022-12-14T19:19:30+00:00","og_image":[{"width":2560,"height":1443,"url":"https:\/\/tuguia.combarranquilla.co\/Revista\/wp-content\/uploads\/2022\/10\/1-scaled.jpg","type":"image\/jpeg"}],"author":"Comunicaciones Combarranquilla","twitter_card":"summary_large_image","twitter_misc":{"Escrito por":"Comunicaciones Combarranquilla","Tiempo de lectura":"2 minutos"},"schema":{"@context":"https:\/\/schema.org","@graph":[{"@type":"Article","@id":"https:\/\/tuguia.combarranquilla.co\/Revista\/afiliacion-de-veteranos-de-la-fuerza-publica-a-cajas-de-compensacion-familiar\/#article","isPartOf":{"@id":"https:\/\/tuguia.combarranquilla.co\/Revista\/afiliacion-de-veteranos-de-la-fuerza-publica-a-cajas-de-compensacion-familiar\/"},"author":{"name":"Comunicaciones Combarranquilla","@id":"https:\/\/tuguia.combarranquilla.co\/Revista\/#\/schema\/person\/c2c396a77170bd1d5f8ba73294eb0d10"},"headline":"Afiliaci\u00f3n de Veteranos de la Fuerza P\u00fablica a Cajas De Compensaci\u00f3n Familiar","datePublished":"2022-10-15T18:39:00+00:00","dateModified":"2022-12-14T19:19:30+00:00","mainEntityOfPage":{"@id":"https:\/\/tuguia.combarranquilla.co\/Revista\/afiliacion-de-veteranos-de-la-fuerza-publica-a-cajas-de-compensacion-familiar\/"},"wordCount":418,"commentCount":0,"publisher":{"@id":"https:\/\/tuguia.combarranquilla.co\/Revista\/#organization"},"image":{"@id":"https:\/\/tuguia.combarranquilla.co\/Revista\/afiliacion-de-veteranos-de-la-fuerza-publica-a-cajas-de-compensacion-familiar\/#primaryimage"},"thumbnailUrl":"https:\/\/tuguia.combarranquilla.co\/Revista\/wp-content\/uploads\/2022\/10\/1-scaled.jpg","articleSection":["SUBSIDIOS"],"inLanguage":"es-CO","potentialAction":[{"@type":"CommentAction","name":"Comment","target":["https:\/\/tuguia.combarranquilla.co\/Revista\/afiliacion-de-veteranos-de-la-fuerza-publica-a-cajas-de-compensacion-familiar\/#respond"]}]},{"@type":"WebPage","@id":"https:\/\/tuguia.combarranquilla.co\/Revista\/afiliacion-de-veteranos-de-la-fuerza-publica-a-cajas-de-compensacion-familiar\/","url":"https:\/\/tuguia.combarranquilla.co\/Revista\/afiliacion-de-veteranos-de-la-fuerza-publica-a-cajas-de-compensacion-familiar\/","name":"Afiliaci\u00f3n de Veteranos de la Fuerza P\u00fablica a Cajas De Compensaci\u00f3n Familiar - Tu Gu\u00eda","isPartOf":{"@id":"https:\/\/tuguia.combarranquilla.co\/Revista\/#website"},"primaryImageOfPage":{"@id":"https:\/\/tuguia.combarranquilla.co\/Revista\/afiliacion-de-veteranos-de-la-fuerza-publica-a-cajas-de-compensacion-familiar\/#primaryimage"},"image":{"@id":"https:\/\/tuguia.combarranquilla.co\/Revista\/afiliacion-de-veteranos-de-la-fuerza-publica-a-cajas-de-compensacion-familiar\/#primaryimage"},"thumbnailUrl":"https:\/\/tuguia.combarranquilla.co\/Revista\/wp-content\/uploads\/2022\/10\/1-scaled.jpg","datePublished":"2022-10-15T18:39:00+00:00","dateModified":"2022-12-14T19:19:30+00:00","breadcrumb":{"@id":"https:\/\/tuguia.combarranquilla.co\/Revista\/afiliacion-de-veteranos-de-la-fuerza-publica-a-cajas-de-compensacion-familiar\/#breadcrumb"},"inLanguage":"es-CO","potentialAction":[{"@type":"ReadAction","target":["https:\/\/tuguia.combarranquilla.co\/Revista\/afiliacion-de-veteranos-de-la-fuerza-publica-a-cajas-de-compensacion-familiar\/"]}]},{"@type":"ImageObject","inLanguage":"es-CO","@id":"https:\/\/tuguia.combarranquilla.co\/Revista\/afiliacion-de-veteranos-de-la-fuerza-publica-a-cajas-de-compensacion-familiar\/#primaryimage","url":"https:\/\/tuguia.combarranquilla.co\/Revista\/wp-content\/uploads\/2022\/10\/1-scaled.jpg","contentUrl":"https:\/\/tuguia.combarranquilla.co\/Revista\/wp-content\/uploads\/2022\/10\/1-scaled.jpg","width":2560,"height":1443,"caption":"default"},{"@type":"BreadcrumbList","@id":"https:\/\/tuguia.combarranquilla.co\/Revista\/afiliacion-de-veteranos-de-la-fuerza-publica-a-cajas-de-compensacion-familiar\/#breadcrumb","itemListElement":[{"@type":"ListItem","position":1,"name":"Inicio","item":"https:\/\/tuguia.combarranquilla.co\/Revista\/"},{"@type":"ListItem","position":2,"name":"Afiliaci\u00f3n de Veteranos de la Fuerza P\u00fablica a Cajas De Compensaci\u00f3n Familiar"}]},{"@type":"WebSite","@id":"https:\/\/tuguia.combarranquilla.co\/Revista\/#website","url":"https:\/\/tuguia.combarranquilla.co\/Revista\/","name":"Tu Gu\u00eda","description":"La revista donde lo tienes todo.","publisher":{"@id":"https:\/\/tuguia.combarranquilla.co\/Revista\/#organization"},"alternateName":"Tu Gu\u00eda Combarranquilla","potentialAction":[{"@type":"SearchAction","target":{"@type":"EntryPoint","urlTemplate":"https:\/\/tuguia.combarranquilla.co\/Revista\/?s={search_term_string}"},"query-input":{"@type":"PropertyValueSpecification","valueRequired":true,"valueName":"search_term_string"}}],"inLanguage":"es-CO"},{"@type":"Organization","@id":"https:\/\/tuguia.combarranquilla.co\/Revista\/#organization","name":"Tu Gu\u00eda Combarranquilla","url":"https:\/\/tuguia.combarranquilla.co\/Revista\/","logo":{"@type":"ImageObject","inLanguage":"es-CO","@id":"https:\/\/tuguia.combarranquilla.co\/Revista\/#\/schema\/logo\/image\/","url":"https:\/\/tuguia.combarranquilla.co\/Revista\/wp-content\/uploads\/2022\/02\/logo-guia-combarranquilla.svg","contentUrl":"https:\/\/tuguia.combarranquilla.co\/Revista\/wp-content\/uploads\/2022\/02\/logo-guia-combarranquilla.svg","caption":"Tu Gu\u00eda Combarranquilla"},"image":{"@id":"https:\/\/tuguia.combarranquilla.co\/Revista\/#\/schema\/logo\/image\/"}},{"@type":"Person","@id":"https:\/\/tuguia.combarranquilla.co\/Revista\/#\/schema\/person\/c2c396a77170bd1d5f8ba73294eb0d10","name":"Comunicaciones Combarranquilla","image":{"@type":"ImageObject","inLanguage":"es-CO","@id":"https:\/\/tuguia.combarranquilla.co\/Revista\/wp-content\/uploads\/2025\/05\/ABC-Al-Rojo-Logo-96x96.jpg","url":"https:\/\/tuguia.combarranquilla.co\/Revista\/wp-content\/uploads\/2025\/05\/ABC-Al-Rojo-Logo-96x96.jpg","contentUrl":"https:\/\/tuguia.combarranquilla.co\/Revista\/wp-content\/uploads\/2025\/05\/ABC-Al-Rojo-Logo-96x96.jpg","caption":"Comunicaciones Combarranquilla"},"sameAs":["https:\/\/www.combarranquilla.co"],"url":"https:\/\/tuguia.combarranquilla.co\/Revista\/author\/comunicaciones\/"}]}},"_links":{"self":[{"href":"https:\/\/tuguia.combarranquilla.co\/Revista\/wp-json\/wp\/v2\/posts\/1378","targetHints":{"allow":["GET"]}}],"collection":[{"href":"https:\/\/tuguia.combarranquilla.co\/Revista\/wp-json\/wp\/v2\/posts"}],"about":[{"href":"https:\/\/tuguia.combarranquilla.co\/Revista\/wp-json\/wp\/v2\/types\/post"}],"author":[{"embeddable":true,"href":"https:\/\/tuguia.combarranquilla.co\/Revista\/wp-json\/wp\/v2\/users\/2"}],"replies":[{"embeddable":true,"href":"https:\/\/tuguia.combarranquilla.co\/Revista\/wp-json\/wp\/v2\/comments?post=1378"}],"version-history":[{"count":3,"href":"https:\/\/tuguia.combarranquilla.co\/Revista\/wp-json\/wp\/v2\/posts\/1378\/revisions"}],"predecessor-version":[{"id":1382,"href":"https:\/\/tuguia.combarranquilla.co\/Revista\/wp-json\/wp\/v2\/posts\/1378\/revisions\/1382"}],"wp:featuredmedia":[{"embeddable":true,"href":"https:\/\/tuguia.combarranquilla.co\/Revista\/wp-json\/wp\/v2\/media\/1412"}],"wp:attachment":[{"href":"https:\/\/tuguia.combarranquilla.co\/Revista\/wp-json\/wp\/v2\/media?parent=1378"}],"wp:term":[{"taxonomy":"category","embeddable":true,"href":"https:\/\/tuguia.combarranquilla.co\/Revista\/wp-json\/wp\/v2\/categories?post=1378"},{"taxonomy":"post_tag","embeddable":true,"href":"https:\/\/tuguia.combarranquilla.co\/Revista\/wp-json\/wp\/v2\/tags?post=1378"}],"curies":[{"name":"wp","href":"https:\/\/api.w.org\/{rel}","templated":true}]}}