{"id":1431,"date":"2022-12-21T09:48:00","date_gmt":"2022-12-21T14:48:00","guid":{"rendered":"https:\/\/tuguia.combarranquilla.co\/Revista\/?p=1431"},"modified":"2022-12-22T14:06:24","modified_gmt":"2022-12-22T19:06:24","slug":"informacion-importante-subsidio-girados-no-cobrados","status":"publish","type":"post","link":"https:\/\/tuguia.combarranquilla.co\/Revista\/informacion-importante-subsidio-girados-no-cobrados\/","title":{"rendered":"Informaci\u00f3n importante: Subsidios girados no cobrados"},"content":{"rendered":"\n<p>De acuerdo con un titular que circula en redes sociales y en un informativo web con respecto a la reclamaci\u00f3n de aguinaldo para regalos de navidad por parte de las Cajas de Compensaci\u00f3n,&nbsp; informamos a la comunidad afiliada y en general, que de &nbsp;acuerdo con la normatividad que rige a la Cajas, no hacemos entrega de este tipo de beneficios y que el contenido period\u00edstico hace referencia a los subsidios monetarios girados no cobrados, que se&nbsp; entregan a los hijos de trabajadores afiliados menores de 19 a\u00f1os en categor\u00eda A y B; subsidios que prescriben a los tres a\u00f1os seg\u00fan lo establece la resoluci\u00f3n 017 de 2020 de la Superintendencia del Subsidio Familiar.<\/p>\n\n\n\n<p><strong>\u00bfQui\u00e9nes pueden acceder al subsidio monetario?<\/strong><br>Todo trabajador de empresa afiliada a Combarranquilla con personas a cargo, cuyo salario sea inferior a 4 SMLV y que sumados sus ingresos con los del c\u00f3nyuge no sobrepasen los 6 SMLV.<\/p>\n\n\n\n<p>Son beneficiarios del Subsidio las siguientes Personas a Cargo:<\/p>\n\n\n\n<ul class=\"wp-block-list\">\n<li>Hijos.<\/li>\n\n\n\n<li>Hijos adoptivos.<\/li>\n\n\n\n<li>Hermanos hu\u00e9rfanos de padre.<\/li>\n\n\n\n<li>Hijastros.<\/li>\n\n\n\n<li>Padres del trabajador mayores de 60 que tengan dependencia econ\u00f3mica y convivan con el trabajador afiliado.<\/li>\n<\/ul>\n\n\n\n<p><strong>Requisitos para presentar en Combarranquilla<\/strong><br>Para poder recibir Subsidio Familiar deber\u00e1 estar afiliado y haber incluido a sus personas a cargo adjuntando los documentos que prueben el derecho a recibir la cuota del Subsidio en dinero.<\/p>\n\n\n\n<p><strong>\u00bfC\u00f3mo cobrar el Subsidio en Dinero?<\/strong><br>Este subsidio es girado mes a mes a trav\u00e9s de la tarjeta Multipago o Mi Billetera Combarranquilla de la app Cobre.<\/p>\n\n\n\n<p><strong>Puntos donde pueden redimir el Subsidio en Dinero<\/strong><br>Supertiendas Ol\u00edmpica<br>SAO<br>Megatiendas<\/p>\n\n\n\n<p><strong>Valor Subsidio en Dinero 2022<\/strong><br>$ 36.200<\/p>\n\n\n\n<p>Combarranquilla a octubre 30 de 2022 ha entregado 1.095.007 cuotas en subsidio en dinero a trabajadores que cumplen con los requisitos para acceder a este beneficio.<\/p>\n\n\n\n<p>Para ampliar informaci\u00f3n consulta el comunicado de prensa emitido por la Superintendencia del Subsidio Familiar a trav\u00e9s de su p\u00e1gina web <a href=\"http:\/\/www.ssf.gov.co\">www.ssf.gov.co<\/a><\/p>\n\n\n\n<p><strong><em>Oficina de comunicaciones<\/em><\/strong><br><strong><em>Combarranquilla<\/em><\/strong><\/p>\n","protected":false},"excerpt":{"rendered":"<p>De acuerdo con un titular que circula en redes sociales y en un informativo web con respecto a la reclamaci\u00f3n de aguinaldo para regalos de navidad por parte de las Cajas de Compensaci\u00f3n,&nbsp; informamos a la comunidad afiliada y en general, que de &nbsp;acuerdo con la normatividad que rige a la Cajas, no hacemos entrega [&hellip;]<\/p>\n","protected":false},"author":2,"featured_media":1443,"comment_status":"open","ping_status":"open","sticky":false,"template":"","format":"standard","meta":{"inline_featured_image":false,"footnotes":""},"categories":[2],"tags":[],"class_list":["post-1431","post","type-post","status-publish","format-standard","has-post-thumbnail","hentry","category-subsidios"],"yoast_head":"<!-- This site is optimized with the Yoast SEO plugin v27.4 - https:\/\/yoast.com\/product\/yoast-seo-wordpress\/ -->\n<title>Informaci\u00f3n importante: Subsidios girados no cobrados - Tu Gu\u00eda<\/title>\n<meta name=\"robots\" content=\"index, follow, max-snippet:-1, max-image-preview:large, max-video-preview:-1\" \/>\n<link rel=\"canonical\" href=\"https:\/\/tuguia.combarranquilla.co\/Revista\/informacion-importante-subsidio-girados-no-cobrados\/\" \/>\n<meta property=\"og:locale\" content=\"es_ES\" \/>\n<meta property=\"og:type\" content=\"article\" \/>\n<meta property=\"og:title\" content=\"Informaci\u00f3n importante: Subsidios girados no cobrados - Tu Gu\u00eda\" \/>\n<meta property=\"og:description\" content=\"De acuerdo con un titular que circula en redes sociales y en un informativo web con respecto a la reclamaci\u00f3n de aguinaldo para regalos de navidad por parte de las Cajas de Compensaci\u00f3n,&nbsp; informamos a la comunidad afiliada y en general, que de &nbsp;acuerdo con la normatividad que rige a la Cajas, no hacemos entrega [&hellip;]\" \/>\n<meta property=\"og:url\" content=\"https:\/\/tuguia.combarranquilla.co\/Revista\/informacion-importante-subsidio-girados-no-cobrados\/\" \/>\n<meta property=\"og:site_name\" content=\"Tu Gu\u00eda\" \/>\n<meta property=\"article:published_time\" content=\"2022-12-21T14:48:00+00:00\" \/>\n<meta property=\"article:modified_time\" content=\"2022-12-22T19:06:24+00:00\" \/>\n<meta property=\"og:image\" content=\"https:\/\/tuguia.combarranquilla.co\/Revista\/wp-content\/uploads\/2022\/12\/Story-comunicado-subsidio-02.png\" \/>\n\t<meta property=\"og:image:width\" content=\"2251\" \/>\n\t<meta property=\"og:image:height\" content=\"2251\" \/>\n\t<meta property=\"og:image:type\" content=\"image\/png\" \/>\n<meta name=\"author\" content=\"Comunicaciones Combarranquilla\" \/>\n<meta name=\"twitter:card\" content=\"summary_large_image\" \/>\n<meta name=\"twitter:label1\" content=\"Escrito por\" \/>\n\t<meta name=\"twitter:data1\" content=\"Comunicaciones Combarranquilla\" \/>\n\t<meta name=\"twitter:label2\" content=\"Tiempo de lectura\" \/>\n\t<meta name=\"twitter:data2\" content=\"2 minutos\" \/>\n<script type=\"application\/ld+json\" class=\"yoast-schema-graph\">{\"@context\":\"https:\\\/\\\/schema.org\",\"@graph\":[{\"@type\":\"Article\",\"@id\":\"https:\\\/\\\/tuguia.combarranquilla.co\\\/Revista\\\/informacion-importante-subsidio-girados-no-cobrados\\\/#article\",\"isPartOf\":{\"@id\":\"https:\\\/\\\/tuguia.combarranquilla.co\\\/Revista\\\/informacion-importante-subsidio-girados-no-cobrados\\\/\"},\"author\":{\"name\":\"Comunicaciones Combarranquilla\",\"@id\":\"https:\\\/\\\/tuguia.combarranquilla.co\\\/Revista\\\/#\\\/schema\\\/person\\\/c2c396a77170bd1d5f8ba73294eb0d10\"},\"headline\":\"Informaci\u00f3n importante: Subsidios girados no cobrados\",\"datePublished\":\"2022-12-21T14:48:00+00:00\",\"dateModified\":\"2022-12-22T19:06:24+00:00\",\"mainEntityOfPage\":{\"@id\":\"https:\\\/\\\/tuguia.combarranquilla.co\\\/Revista\\\/informacion-importante-subsidio-girados-no-cobrados\\\/\"},\"wordCount\":335,\"commentCount\":0,\"publisher\":{\"@id\":\"https:\\\/\\\/tuguia.combarranquilla.co\\\/Revista\\\/#organization\"},\"image\":{\"@id\":\"https:\\\/\\\/tuguia.combarranquilla.co\\\/Revista\\\/informacion-importante-subsidio-girados-no-cobrados\\\/#primaryimage\"},\"thumbnailUrl\":\"https:\\\/\\\/tuguia.combarranquilla.co\\\/Revista\\\/wp-content\\\/uploads\\\/2022\\\/12\\\/Story-comunicado-subsidio-02.png\",\"articleSection\":[\"SUBSIDIOS\"],\"inLanguage\":\"es-CO\",\"potentialAction\":[{\"@type\":\"CommentAction\",\"name\":\"Comment\",\"target\":[\"https:\\\/\\\/tuguia.combarranquilla.co\\\/Revista\\\/informacion-importante-subsidio-girados-no-cobrados\\\/#respond\"]}]},{\"@type\":\"WebPage\",\"@id\":\"https:\\\/\\\/tuguia.combarranquilla.co\\\/Revista\\\/informacion-importante-subsidio-girados-no-cobrados\\\/\",\"url\":\"https:\\\/\\\/tuguia.combarranquilla.co\\\/Revista\\\/informacion-importante-subsidio-girados-no-cobrados\\\/\",\"name\":\"Informaci\u00f3n importante: Subsidios girados no cobrados - Tu Gu\u00eda\",\"isPartOf\":{\"@id\":\"https:\\\/\\\/tuguia.combarranquilla.co\\\/Revista\\\/#website\"},\"primaryImageOfPage\":{\"@id\":\"https:\\\/\\\/tuguia.combarranquilla.co\\\/Revista\\\/informacion-importante-subsidio-girados-no-cobrados\\\/#primaryimage\"},\"image\":{\"@id\":\"https:\\\/\\\/tuguia.combarranquilla.co\\\/Revista\\\/informacion-importante-subsidio-girados-no-cobrados\\\/#primaryimage\"},\"thumbnailUrl\":\"https:\\\/\\\/tuguia.combarranquilla.co\\\/Revista\\\/wp-content\\\/uploads\\\/2022\\\/12\\\/Story-comunicado-subsidio-02.png\",\"datePublished\":\"2022-12-21T14:48:00+00:00\",\"dateModified\":\"2022-12-22T19:06:24+00:00\",\"breadcrumb\":{\"@id\":\"https:\\\/\\\/tuguia.combarranquilla.co\\\/Revista\\\/informacion-importante-subsidio-girados-no-cobrados\\\/#breadcrumb\"},\"inLanguage\":\"es-CO\",\"potentialAction\":[{\"@type\":\"ReadAction\",\"target\":[\"https:\\\/\\\/tuguia.combarranquilla.co\\\/Revista\\\/informacion-importante-subsidio-girados-no-cobrados\\\/\"]}]},{\"@type\":\"ImageObject\",\"inLanguage\":\"es-CO\",\"@id\":\"https:\\\/\\\/tuguia.combarranquilla.co\\\/Revista\\\/informacion-importante-subsidio-girados-no-cobrados\\\/#primaryimage\",\"url\":\"https:\\\/\\\/tuguia.combarranquilla.co\\\/Revista\\\/wp-content\\\/uploads\\\/2022\\\/12\\\/Story-comunicado-subsidio-02.png\",\"contentUrl\":\"https:\\\/\\\/tuguia.combarranquilla.co\\\/Revista\\\/wp-content\\\/uploads\\\/2022\\\/12\\\/Story-comunicado-subsidio-02.png\",\"width\":2251,\"height\":2251},{\"@type\":\"BreadcrumbList\",\"@id\":\"https:\\\/\\\/tuguia.combarranquilla.co\\\/Revista\\\/informacion-importante-subsidio-girados-no-cobrados\\\/#breadcrumb\",\"itemListElement\":[{\"@type\":\"ListItem\",\"position\":1,\"name\":\"Inicio\",\"item\":\"https:\\\/\\\/tuguia.combarranquilla.co\\\/Revista\\\/\"},{\"@type\":\"ListItem\",\"position\":2,\"name\":\"Informaci\u00f3n importante: Subsidios girados no cobrados\"}]},{\"@type\":\"WebSite\",\"@id\":\"https:\\\/\\\/tuguia.combarranquilla.co\\\/Revista\\\/#website\",\"url\":\"https:\\\/\\\/tuguia.combarranquilla.co\\\/Revista\\\/\",\"name\":\"Tu Gu\u00eda\",\"description\":\"La revista donde lo tienes todo.\",\"publisher\":{\"@id\":\"https:\\\/\\\/tuguia.combarranquilla.co\\\/Revista\\\/#organization\"},\"alternateName\":\"Tu Gu\u00eda Combarranquilla\",\"potentialAction\":[{\"@type\":\"SearchAction\",\"target\":{\"@type\":\"EntryPoint\",\"urlTemplate\":\"https:\\\/\\\/tuguia.combarranquilla.co\\\/Revista\\\/?s={search_term_string}\"},\"query-input\":{\"@type\":\"PropertyValueSpecification\",\"valueRequired\":true,\"valueName\":\"search_term_string\"}}],\"inLanguage\":\"es-CO\"},{\"@type\":\"Organization\",\"@id\":\"https:\\\/\\\/tuguia.combarranquilla.co\\\/Revista\\\/#organization\",\"name\":\"Tu Gu\u00eda Combarranquilla\",\"url\":\"https:\\\/\\\/tuguia.combarranquilla.co\\\/Revista\\\/\",\"logo\":{\"@type\":\"ImageObject\",\"inLanguage\":\"es-CO\",\"@id\":\"https:\\\/\\\/tuguia.combarranquilla.co\\\/Revista\\\/#\\\/schema\\\/logo\\\/image\\\/\",\"url\":\"https:\\\/\\\/tuguia.combarranquilla.co\\\/Revista\\\/wp-content\\\/uploads\\\/2022\\\/02\\\/logo-guia-combarranquilla.svg\",\"contentUrl\":\"https:\\\/\\\/tuguia.combarranquilla.co\\\/Revista\\\/wp-content\\\/uploads\\\/2022\\\/02\\\/logo-guia-combarranquilla.svg\",\"caption\":\"Tu Gu\u00eda Combarranquilla\"},\"image\":{\"@id\":\"https:\\\/\\\/tuguia.combarranquilla.co\\\/Revista\\\/#\\\/schema\\\/logo\\\/image\\\/\"}},{\"@type\":\"Person\",\"@id\":\"https:\\\/\\\/tuguia.combarranquilla.co\\\/Revista\\\/#\\\/schema\\\/person\\\/c2c396a77170bd1d5f8ba73294eb0d10\",\"name\":\"Comunicaciones Combarranquilla\",\"image\":{\"@type\":\"ImageObject\",\"inLanguage\":\"es-CO\",\"@id\":\"https:\\\/\\\/tuguia.combarranquilla.co\\\/Revista\\\/wp-content\\\/uploads\\\/2025\\\/05\\\/ABC-Al-Rojo-Logo-96x96.jpg\",\"url\":\"https:\\\/\\\/tuguia.combarranquilla.co\\\/Revista\\\/wp-content\\\/uploads\\\/2025\\\/05\\\/ABC-Al-Rojo-Logo-96x96.jpg\",\"contentUrl\":\"https:\\\/\\\/tuguia.combarranquilla.co\\\/Revista\\\/wp-content\\\/uploads\\\/2025\\\/05\\\/ABC-Al-Rojo-Logo-96x96.jpg\",\"caption\":\"Comunicaciones Combarranquilla\"},\"sameAs\":[\"https:\\\/\\\/www.combarranquilla.co\"],\"url\":\"https:\\\/\\\/tuguia.combarranquilla.co\\\/Revista\\\/author\\\/comunicaciones\\\/\"}]}<\/script>\n<!-- \/ Yoast SEO plugin. -->","yoast_head_json":{"title":"Informaci\u00f3n importante: Subsidios girados no cobrados - Tu Gu\u00eda","robots":{"index":"index","follow":"follow","max-snippet":"max-snippet:-1","max-image-preview":"max-image-preview:large","max-video-preview":"max-video-preview:-1"},"canonical":"https:\/\/tuguia.combarranquilla.co\/Revista\/informacion-importante-subsidio-girados-no-cobrados\/","og_locale":"es_ES","og_type":"article","og_title":"Informaci\u00f3n importante: Subsidios girados no cobrados - Tu Gu\u00eda","og_description":"De acuerdo con un titular que circula en redes sociales y en un informativo web con respecto a la reclamaci\u00f3n de aguinaldo para regalos de navidad por parte de las Cajas de Compensaci\u00f3n,&nbsp; informamos a la comunidad afiliada y en general, que de &nbsp;acuerdo con la normatividad que rige a la Cajas, no hacemos entrega [&hellip;]","og_url":"https:\/\/tuguia.combarranquilla.co\/Revista\/informacion-importante-subsidio-girados-no-cobrados\/","og_site_name":"Tu Gu\u00eda","article_published_time":"2022-12-21T14:48:00+00:00","article_modified_time":"2022-12-22T19:06:24+00:00","og_image":[{"width":2251,"height":2251,"url":"https:\/\/tuguia.combarranquilla.co\/Revista\/wp-content\/uploads\/2022\/12\/Story-comunicado-subsidio-02.png","type":"image\/png"}],"author":"Comunicaciones Combarranquilla","twitter_card":"summary_large_image","twitter_misc":{"Escrito por":"Comunicaciones Combarranquilla","Tiempo de lectura":"2 minutos"},"schema":{"@context":"https:\/\/schema.org","@graph":[{"@type":"Article","@id":"https:\/\/tuguia.combarranquilla.co\/Revista\/informacion-importante-subsidio-girados-no-cobrados\/#article","isPartOf":{"@id":"https:\/\/tuguia.combarranquilla.co\/Revista\/informacion-importante-subsidio-girados-no-cobrados\/"},"author":{"name":"Comunicaciones Combarranquilla","@id":"https:\/\/tuguia.combarranquilla.co\/Revista\/#\/schema\/person\/c2c396a77170bd1d5f8ba73294eb0d10"},"headline":"Informaci\u00f3n importante: Subsidios girados no cobrados","datePublished":"2022-12-21T14:48:00+00:00","dateModified":"2022-12-22T19:06:24+00:00","mainEntityOfPage":{"@id":"https:\/\/tuguia.combarranquilla.co\/Revista\/informacion-importante-subsidio-girados-no-cobrados\/"},"wordCount":335,"commentCount":0,"publisher":{"@id":"https:\/\/tuguia.combarranquilla.co\/Revista\/#organization"},"image":{"@id":"https:\/\/tuguia.combarranquilla.co\/Revista\/informacion-importante-subsidio-girados-no-cobrados\/#primaryimage"},"thumbnailUrl":"https:\/\/tuguia.combarranquilla.co\/Revista\/wp-content\/uploads\/2022\/12\/Story-comunicado-subsidio-02.png","articleSection":["SUBSIDIOS"],"inLanguage":"es-CO","potentialAction":[{"@type":"CommentAction","name":"Comment","target":["https:\/\/tuguia.combarranquilla.co\/Revista\/informacion-importante-subsidio-girados-no-cobrados\/#respond"]}]},{"@type":"WebPage","@id":"https:\/\/tuguia.combarranquilla.co\/Revista\/informacion-importante-subsidio-girados-no-cobrados\/","url":"https:\/\/tuguia.combarranquilla.co\/Revista\/informacion-importante-subsidio-girados-no-cobrados\/","name":"Informaci\u00f3n importante: Subsidios girados no cobrados - Tu Gu\u00eda","isPartOf":{"@id":"https:\/\/tuguia.combarranquilla.co\/Revista\/#website"},"primaryImageOfPage":{"@id":"https:\/\/tuguia.combarranquilla.co\/Revista\/informacion-importante-subsidio-girados-no-cobrados\/#primaryimage"},"image":{"@id":"https:\/\/tuguia.combarranquilla.co\/Revista\/informacion-importante-subsidio-girados-no-cobrados\/#primaryimage"},"thumbnailUrl":"https:\/\/tuguia.combarranquilla.co\/Revista\/wp-content\/uploads\/2022\/12\/Story-comunicado-subsidio-02.png","datePublished":"2022-12-21T14:48:00+00:00","dateModified":"2022-12-22T19:06:24+00:00","breadcrumb":{"@id":"https:\/\/tuguia.combarranquilla.co\/Revista\/informacion-importante-subsidio-girados-no-cobrados\/#breadcrumb"},"inLanguage":"es-CO","potentialAction":[{"@type":"ReadAction","target":["https:\/\/tuguia.combarranquilla.co\/Revista\/informacion-importante-subsidio-girados-no-cobrados\/"]}]},{"@type":"ImageObject","inLanguage":"es-CO","@id":"https:\/\/tuguia.combarranquilla.co\/Revista\/informacion-importante-subsidio-girados-no-cobrados\/#primaryimage","url":"https:\/\/tuguia.combarranquilla.co\/Revista\/wp-content\/uploads\/2022\/12\/Story-comunicado-subsidio-02.png","contentUrl":"https:\/\/tuguia.combarranquilla.co\/Revista\/wp-content\/uploads\/2022\/12\/Story-comunicado-subsidio-02.png","width":2251,"height":2251},{"@type":"BreadcrumbList","@id":"https:\/\/tuguia.combarranquilla.co\/Revista\/informacion-importante-subsidio-girados-no-cobrados\/#breadcrumb","itemListElement":[{"@type":"ListItem","position":1,"name":"Inicio","item":"https:\/\/tuguia.combarranquilla.co\/Revista\/"},{"@type":"ListItem","position":2,"name":"Informaci\u00f3n importante: Subsidios girados no cobrados"}]},{"@type":"WebSite","@id":"https:\/\/tuguia.combarranquilla.co\/Revista\/#website","url":"https:\/\/tuguia.combarranquilla.co\/Revista\/","name":"Tu Gu\u00eda","description":"La revista donde lo tienes todo.","publisher":{"@id":"https:\/\/tuguia.combarranquilla.co\/Revista\/#organization"},"alternateName":"Tu Gu\u00eda Combarranquilla","potentialAction":[{"@type":"SearchAction","target":{"@type":"EntryPoint","urlTemplate":"https:\/\/tuguia.combarranquilla.co\/Revista\/?s={search_term_string}"},"query-input":{"@type":"PropertyValueSpecification","valueRequired":true,"valueName":"search_term_string"}}],"inLanguage":"es-CO"},{"@type":"Organization","@id":"https:\/\/tuguia.combarranquilla.co\/Revista\/#organization","name":"Tu Gu\u00eda Combarranquilla","url":"https:\/\/tuguia.combarranquilla.co\/Revista\/","logo":{"@type":"ImageObject","inLanguage":"es-CO","@id":"https:\/\/tuguia.combarranquilla.co\/Revista\/#\/schema\/logo\/image\/","url":"https:\/\/tuguia.combarranquilla.co\/Revista\/wp-content\/uploads\/2022\/02\/logo-guia-combarranquilla.svg","contentUrl":"https:\/\/tuguia.combarranquilla.co\/Revista\/wp-content\/uploads\/2022\/02\/logo-guia-combarranquilla.svg","caption":"Tu Gu\u00eda Combarranquilla"},"image":{"@id":"https:\/\/tuguia.combarranquilla.co\/Revista\/#\/schema\/logo\/image\/"}},{"@type":"Person","@id":"https:\/\/tuguia.combarranquilla.co\/Revista\/#\/schema\/person\/c2c396a77170bd1d5f8ba73294eb0d10","name":"Comunicaciones Combarranquilla","image":{"@type":"ImageObject","inLanguage":"es-CO","@id":"https:\/\/tuguia.combarranquilla.co\/Revista\/wp-content\/uploads\/2025\/05\/ABC-Al-Rojo-Logo-96x96.jpg","url":"https:\/\/tuguia.combarranquilla.co\/Revista\/wp-content\/uploads\/2025\/05\/ABC-Al-Rojo-Logo-96x96.jpg","contentUrl":"https:\/\/tuguia.combarranquilla.co\/Revista\/wp-content\/uploads\/2025\/05\/ABC-Al-Rojo-Logo-96x96.jpg","caption":"Comunicaciones Combarranquilla"},"sameAs":["https:\/\/www.combarranquilla.co"],"url":"https:\/\/tuguia.combarranquilla.co\/Revista\/author\/comunicaciones\/"}]}},"_links":{"self":[{"href":"https:\/\/tuguia.combarranquilla.co\/Revista\/wp-json\/wp\/v2\/posts\/1431","targetHints":{"allow":["GET"]}}],"collection":[{"href":"https:\/\/tuguia.combarranquilla.co\/Revista\/wp-json\/wp\/v2\/posts"}],"about":[{"href":"https:\/\/tuguia.combarranquilla.co\/Revista\/wp-json\/wp\/v2\/types\/post"}],"author":[{"embeddable":true,"href":"https:\/\/tuguia.combarranquilla.co\/Revista\/wp-json\/wp\/v2\/users\/2"}],"replies":[{"embeddable":true,"href":"https:\/\/tuguia.combarranquilla.co\/Revista\/wp-json\/wp\/v2\/comments?post=1431"}],"version-history":[{"count":5,"href":"https:\/\/tuguia.combarranquilla.co\/Revista\/wp-json\/wp\/v2\/posts\/1431\/revisions"}],"predecessor-version":[{"id":1442,"href":"https:\/\/tuguia.combarranquilla.co\/Revista\/wp-json\/wp\/v2\/posts\/1431\/revisions\/1442"}],"wp:featuredmedia":[{"embeddable":true,"href":"https:\/\/tuguia.combarranquilla.co\/Revista\/wp-json\/wp\/v2\/media\/1443"}],"wp:attachment":[{"href":"https:\/\/tuguia.combarranquilla.co\/Revista\/wp-json\/wp\/v2\/media?parent=1431"}],"wp:term":[{"taxonomy":"category","embeddable":true,"href":"https:\/\/tuguia.combarranquilla.co\/Revista\/wp-json\/wp\/v2\/categories?post=1431"},{"taxonomy":"post_tag","embeddable":true,"href":"https:\/\/tuguia.combarranquilla.co\/Revista\/wp-json\/wp\/v2\/tags?post=1431"}],"curies":[{"name":"wp","href":"https:\/\/api.w.org\/{rel}","templated":true}]}}