{"id":1582,"date":"2023-02-01T09:00:00","date_gmt":"2023-02-01T14:00:00","guid":{"rendered":"https:\/\/tuguia.combarranquilla.co\/Revista\/?p=1582"},"modified":"2023-02-23T10:27:27","modified_gmt":"2023-02-23T15:27:27","slug":"aprovecha-los-cursos-y-diplomados-que-tenemos-para-ti","status":"publish","type":"post","link":"https:\/\/tuguia.combarranquilla.co\/Revista\/aprovecha-los-cursos-y-diplomados-que-tenemos-para-ti\/","title":{"rendered":"Aprovecha los cursos y diplomados que tenemos para ti"},"content":{"rendered":"\n<p>Conoce la nueva programaci\u00f3n de capacitaciones para este mes de febrero. Es el momento ideal para fortalecer tus habilidades y adquirir nuevos conocimientos. <\/p>\n\n\n\n<h2 class=\"wp-block-heading\">Cursos para desempleados<\/h2>\n\n\n<div class=\"wp-block-image\">\n<figure class=\"aligncenter size-large is-resized\"><img decoding=\"async\" data-src=\"https:\/\/tuguia.combarranquilla.co\/Revista\/wp-content\/uploads\/2023\/01\/8daef0b3-fad3-4666-9107-06e00fb3be47-1024x768.jpeg\" alt=\"\" class=\"wp-image-1592 lazyload\" width=\"647\" height=\"485\" data-srcset=\"https:\/\/tuguia.combarranquilla.co\/Revista\/wp-content\/uploads\/2023\/01\/8daef0b3-fad3-4666-9107-06e00fb3be47-1024x768.jpeg 1024w, https:\/\/tuguia.combarranquilla.co\/Revista\/wp-content\/uploads\/2023\/01\/8daef0b3-fad3-4666-9107-06e00fb3be47-300x225.jpeg 300w, https:\/\/tuguia.combarranquilla.co\/Revista\/wp-content\/uploads\/2023\/01\/8daef0b3-fad3-4666-9107-06e00fb3be47-768x576.jpeg 768w, https:\/\/tuguia.combarranquilla.co\/Revista\/wp-content\/uploads\/2023\/01\/8daef0b3-fad3-4666-9107-06e00fb3be47-1536x1152.jpeg 1536w, https:\/\/tuguia.combarranquilla.co\/Revista\/wp-content\/uploads\/2023\/01\/8daef0b3-fad3-4666-9107-06e00fb3be47.jpeg 1600w\" data-sizes=\"(max-width: 647px) 100vw, 647px\" src=\"data:image\/svg+xml;base64,PHN2ZyB3aWR0aD0iMSIgaGVpZ2h0PSIxIiB4bWxucz0iaHR0cDovL3d3dy53My5vcmcvMjAwMC9zdmciPjwvc3ZnPg==\" style=\"--smush-placeholder-width: 647px; --smush-placeholder-aspect-ratio: 647\/485;\" \/><\/figure><\/div>\n\n\n<p><\/p>\n\n\n\n<ol class=\"wp-block-list\">\n<li>Alturas nivel avanzado.<\/li>\n\n\n\n<li>B\u00e1sico de montacargas.<\/li>\n\n\n\n<li>Reentrenamiento en alturas.<\/li>\n\n\n\n<li>Fundamentaci\u00f3n en vigilancia. <\/li>\n\n\n\n<li>Reentrenamiento en vigilancia.<\/li>\n\n\n\n<li>Coordinaci\u00f3n en alturas.<\/li>\n\n\n\n<li>Espacios confinados. <\/li>\n\n\n\n<li>Reentrenamiento en coordinaci\u00f3n en alturas.<\/li>\n\n\n\n<li>Ingl\u00e9s B1, B2, C1.<\/li>\n<\/ol>\n\n\n\n<p><strong>Requisitos:<\/strong><\/p>\n\n\n\n<ul class=\"wp-block-list\">\n<li>Estar actualmente desempleado.<\/li>\n\n\n\n<li>Haber cotizado en alguna caja de compensaci\u00f3n 12 meses continuos o discontinuos durante los \u00faltimos 3 a\u00f1os.&nbsp;<\/li>\n<\/ul>\n\n\n\n<h2 class=\"wp-block-heading\">Cursos para trabajadores activos<\/h2>\n\n\n<div class=\"wp-block-image\">\n<figure class=\"aligncenter size-large is-resized\"><img decoding=\"async\" data-src=\"https:\/\/tuguia.combarranquilla.co\/Revista\/wp-content\/uploads\/2023\/01\/IMG_8534-1024x768.jpg\" alt=\"\" class=\"wp-image-1593 lazyload\" width=\"631\" height=\"473\" data-srcset=\"https:\/\/tuguia.combarranquilla.co\/Revista\/wp-content\/uploads\/2023\/01\/IMG_8534-1024x768.jpg 1024w, https:\/\/tuguia.combarranquilla.co\/Revista\/wp-content\/uploads\/2023\/01\/IMG_8534-300x225.jpg 300w, https:\/\/tuguia.combarranquilla.co\/Revista\/wp-content\/uploads\/2023\/01\/IMG_8534-768x576.jpg 768w, https:\/\/tuguia.combarranquilla.co\/Revista\/wp-content\/uploads\/2023\/01\/IMG_8534-1536x1152.jpg 1536w, https:\/\/tuguia.combarranquilla.co\/Revista\/wp-content\/uploads\/2023\/01\/IMG_8534-2048x1536.jpg 2048w\" data-sizes=\"(max-width: 631px) 100vw, 631px\" src=\"data:image\/svg+xml;base64,PHN2ZyB3aWR0aD0iMSIgaGVpZ2h0PSIxIiB4bWxucz0iaHR0cDovL3d3dy53My5vcmcvMjAwMC9zdmciPjwvc3ZnPg==\" style=\"--smush-placeholder-width: 631px; --smush-placeholder-aspect-ratio: 631\/473;\" \/><\/figure><\/div>\n\n\n<p><\/p>\n\n\n\n<ol class=\"wp-block-list\">\n<li>T\u00e9cnicas eficaces en b\u00fasqueda de empleo.<\/li>\n\n\n\n<li>Manipulaci\u00f3n de alimentos.<\/li>\n\n\n\n<li>Atenci\u00f3n al cliente.<\/li>\n\n\n\n<li>Ingl\u00e9s.<\/li>\n\n\n\n<li>Escuela de Excel: b\u00e1sico, intermedio y avanzado. <\/li>\n\n\n\n<li>Log\u00edstica, organizaci\u00f3n e inventarios.<\/li>\n\n\n\n<li>T\u00e9cnicas en ventas.<\/li>\n\n\n\n<li>Microsoft Excel 2016 completo.<\/li>\n\n\n\n<li>Planificaci\u00f3n estrat\u00e9gica y direcci\u00f3n por objetivo.<\/li>\n\n\n\n<li>Administraci\u00f3n en recursos humanos, selecci\u00f3n de personal, administraci\u00f3n en recursos humanos y liquidaci\u00f3n de n\u00f3mina.<\/li>\n<\/ol>\n\n\n\n<p><strong>Requisitos:<\/strong><\/p>\n\n\n\n<ul class=\"wp-block-list\">\n<li>Estar activo en la Caja de Compensaci\u00f3n Combarranquilla. <\/li>\n<\/ul>\n\n\n\n<h2 class=\"wp-block-heading\">Diplomados <\/h2>\n\n\n<div class=\"wp-block-image\">\n<figure class=\"aligncenter size-large is-resized\"><img decoding=\"async\" data-src=\"https:\/\/tuguia.combarranquilla.co\/Revista\/wp-content\/uploads\/2023\/01\/IMG_8560-1024x768.jpg\" alt=\"\" class=\"wp-image-1595 lazyload\" width=\"643\" height=\"482\" data-srcset=\"https:\/\/tuguia.combarranquilla.co\/Revista\/wp-content\/uploads\/2023\/01\/IMG_8560-1024x768.jpg 1024w, https:\/\/tuguia.combarranquilla.co\/Revista\/wp-content\/uploads\/2023\/01\/IMG_8560-300x225.jpg 300w, https:\/\/tuguia.combarranquilla.co\/Revista\/wp-content\/uploads\/2023\/01\/IMG_8560-768x576.jpg 768w, https:\/\/tuguia.combarranquilla.co\/Revista\/wp-content\/uploads\/2023\/01\/IMG_8560-1536x1152.jpg 1536w, https:\/\/tuguia.combarranquilla.co\/Revista\/wp-content\/uploads\/2023\/01\/IMG_8560-2048x1536.jpg 2048w\" data-sizes=\"(max-width: 643px) 100vw, 643px\" src=\"data:image\/svg+xml;base64,PHN2ZyB3aWR0aD0iMSIgaGVpZ2h0PSIxIiB4bWxucz0iaHR0cDovL3d3dy53My5vcmcvMjAwMC9zdmciPjwvc3ZnPg==\" style=\"--smush-placeholder-width: 643px; --smush-placeholder-aspect-ratio: 643\/482;\" \/><\/figure><\/div>\n\n\n<p><\/p>\n\n\n\n<ol class=\"wp-block-list\">\n<li>Diplomado en Gerencia estrat\u00e9gica.<\/li>\n\n\n\n<li>Diplomado en Talento Humano.<\/li>\n<\/ol>\n\n\n\n<p><strong>Requisitos:<\/strong><\/p>\n\n\n\n<ul class=\"wp-block-list\">\n<li>Estar activo en la Caja de Compensaci\u00f3n Combarranquilla. <\/li>\n<\/ul>\n\n\n\n<h2 class=\"wp-block-heading\">Paso a paso para inscribirte <\/h2>\n\n\n\n<p><\/p>\n\n\n<div class=\"wp-block-image\">\n<figure class=\"aligncenter size-large is-resized\"><img decoding=\"async\" data-src=\"https:\/\/tuguia.combarranquilla.co\/Revista\/wp-content\/uploads\/2023\/01\/CURSOS-Y-DIPLOMADOS2-1024x1024.jpg\" alt=\"\" class=\"wp-image-1589 lazyload\" width=\"661\" height=\"661\" data-srcset=\"https:\/\/tuguia.combarranquilla.co\/Revista\/wp-content\/uploads\/2023\/01\/CURSOS-Y-DIPLOMADOS2-1024x1024.jpg 1024w, https:\/\/tuguia.combarranquilla.co\/Revista\/wp-content\/uploads\/2023\/01\/CURSOS-Y-DIPLOMADOS2-300x300.jpg 300w, https:\/\/tuguia.combarranquilla.co\/Revista\/wp-content\/uploads\/2023\/01\/CURSOS-Y-DIPLOMADOS2-150x150.jpg 150w, https:\/\/tuguia.combarranquilla.co\/Revista\/wp-content\/uploads\/2023\/01\/CURSOS-Y-DIPLOMADOS2-768x768.jpg 768w, https:\/\/tuguia.combarranquilla.co\/Revista\/wp-content\/uploads\/2023\/01\/CURSOS-Y-DIPLOMADOS2.jpg 1080w\" data-sizes=\"(max-width: 661px) 100vw, 661px\" src=\"data:image\/svg+xml;base64,PHN2ZyB3aWR0aD0iMSIgaGVpZ2h0PSIxIiB4bWxucz0iaHR0cDovL3d3dy53My5vcmcvMjAwMC9zdmciPjwvc3ZnPg==\" style=\"--smush-placeholder-width: 661px; --smush-placeholder-aspect-ratio: 661\/661;\" \/><\/figure><\/div>","protected":false},"excerpt":{"rendered":"<p>Conoce la nueva programaci\u00f3n de capacitaciones para este mes de febrero. Es el momento ideal para fortalecer tus habilidades y adquirir nuevos conocimientos. Cursos para desempleados Requisitos: Cursos para trabajadores activos Requisitos: Diplomados Requisitos: Paso a paso para inscribirte<\/p>\n","protected":false},"author":2,"featured_media":1583,"comment_status":"open","ping_status":"open","sticky":false,"template":"","format":"standard","meta":{"inline_featured_image":false,"footnotes":""},"categories":[6],"tags":[],"class_list":["post-1582","post","type-post","status-publish","format-standard","has-post-thumbnail","hentry","category-empleabilidad"],"yoast_head":"<!-- This site is optimized with the Yoast SEO plugin v27.4 - https:\/\/yoast.com\/product\/yoast-seo-wordpress\/ -->\n<title>Aprovecha los cursos y diplomados que tenemos para ti - Tu Gu\u00eda<\/title>\n<meta name=\"robots\" content=\"index, follow, max-snippet:-1, max-image-preview:large, max-video-preview:-1\" \/>\n<link rel=\"canonical\" href=\"https:\/\/tuguia.combarranquilla.co\/Revista\/aprovecha-los-cursos-y-diplomados-que-tenemos-para-ti\/\" \/>\n<meta property=\"og:locale\" content=\"es_ES\" \/>\n<meta property=\"og:type\" content=\"article\" \/>\n<meta property=\"og:title\" content=\"Aprovecha los cursos y diplomados que tenemos para ti - Tu Gu\u00eda\" \/>\n<meta property=\"og:description\" content=\"Conoce la nueva programaci\u00f3n de capacitaciones para este mes de febrero. Es el momento ideal para fortalecer tus habilidades y adquirir nuevos conocimientos. Cursos para desempleados Requisitos: Cursos para trabajadores activos Requisitos: Diplomados Requisitos: Paso a paso para inscribirte\" \/>\n<meta property=\"og:url\" content=\"https:\/\/tuguia.combarranquilla.co\/Revista\/aprovecha-los-cursos-y-diplomados-que-tenemos-para-ti\/\" \/>\n<meta property=\"og:site_name\" content=\"Tu Gu\u00eda\" \/>\n<meta property=\"article:published_time\" content=\"2023-02-01T14:00:00+00:00\" \/>\n<meta property=\"article:modified_time\" content=\"2023-02-23T15:27:27+00:00\" \/>\n<meta property=\"og:image\" content=\"https:\/\/tuguia.combarranquilla.co\/Revista\/wp-content\/uploads\/2023\/01\/SLIDER-SPE.jpg\" \/>\n\t<meta property=\"og:image:width\" content=\"1920\" \/>\n\t<meta property=\"og:image:height\" content=\"800\" \/>\n\t<meta property=\"og:image:type\" content=\"image\/jpeg\" \/>\n<meta name=\"author\" content=\"Comunicaciones Combarranquilla\" \/>\n<meta name=\"twitter:card\" content=\"summary_large_image\" \/>\n<meta name=\"twitter:label1\" content=\"Escrito por\" \/>\n\t<meta name=\"twitter:data1\" content=\"Comunicaciones Combarranquilla\" \/>\n\t<meta name=\"twitter:label2\" content=\"Tiempo de lectura\" \/>\n\t<meta name=\"twitter:data2\" content=\"1 minuto\" \/>\n<script type=\"application\/ld+json\" class=\"yoast-schema-graph\">{\"@context\":\"https:\\\/\\\/schema.org\",\"@graph\":[{\"@type\":\"Article\",\"@id\":\"https:\\\/\\\/tuguia.combarranquilla.co\\\/Revista\\\/aprovecha-los-cursos-y-diplomados-que-tenemos-para-ti\\\/#article\",\"isPartOf\":{\"@id\":\"https:\\\/\\\/tuguia.combarranquilla.co\\\/Revista\\\/aprovecha-los-cursos-y-diplomados-que-tenemos-para-ti\\\/\"},\"author\":{\"name\":\"Comunicaciones Combarranquilla\",\"@id\":\"https:\\\/\\\/tuguia.combarranquilla.co\\\/Revista\\\/#\\\/schema\\\/person\\\/c2c396a77170bd1d5f8ba73294eb0d10\"},\"headline\":\"Aprovecha los cursos y diplomados que tenemos para ti\",\"datePublished\":\"2023-02-01T14:00:00+00:00\",\"dateModified\":\"2023-02-23T15:27:27+00:00\",\"mainEntityOfPage\":{\"@id\":\"https:\\\/\\\/tuguia.combarranquilla.co\\\/Revista\\\/aprovecha-los-cursos-y-diplomados-que-tenemos-para-ti\\\/\"},\"wordCount\":199,\"commentCount\":0,\"publisher\":{\"@id\":\"https:\\\/\\\/tuguia.combarranquilla.co\\\/Revista\\\/#organization\"},\"image\":{\"@id\":\"https:\\\/\\\/tuguia.combarranquilla.co\\\/Revista\\\/aprovecha-los-cursos-y-diplomados-que-tenemos-para-ti\\\/#primaryimage\"},\"thumbnailUrl\":\"https:\\\/\\\/tuguia.combarranquilla.co\\\/Revista\\\/wp-content\\\/uploads\\\/2023\\\/01\\\/SLIDER-SPE.jpg\",\"articleSection\":[\"EMPLEABILIDAD\"],\"inLanguage\":\"es-CO\",\"potentialAction\":[{\"@type\":\"CommentAction\",\"name\":\"Comment\",\"target\":[\"https:\\\/\\\/tuguia.combarranquilla.co\\\/Revista\\\/aprovecha-los-cursos-y-diplomados-que-tenemos-para-ti\\\/#respond\"]}]},{\"@type\":\"WebPage\",\"@id\":\"https:\\\/\\\/tuguia.combarranquilla.co\\\/Revista\\\/aprovecha-los-cursos-y-diplomados-que-tenemos-para-ti\\\/\",\"url\":\"https:\\\/\\\/tuguia.combarranquilla.co\\\/Revista\\\/aprovecha-los-cursos-y-diplomados-que-tenemos-para-ti\\\/\",\"name\":\"Aprovecha los cursos y diplomados que tenemos para ti - Tu Gu\u00eda\",\"isPartOf\":{\"@id\":\"https:\\\/\\\/tuguia.combarranquilla.co\\\/Revista\\\/#website\"},\"primaryImageOfPage\":{\"@id\":\"https:\\\/\\\/tuguia.combarranquilla.co\\\/Revista\\\/aprovecha-los-cursos-y-diplomados-que-tenemos-para-ti\\\/#primaryimage\"},\"image\":{\"@id\":\"https:\\\/\\\/tuguia.combarranquilla.co\\\/Revista\\\/aprovecha-los-cursos-y-diplomados-que-tenemos-para-ti\\\/#primaryimage\"},\"thumbnailUrl\":\"https:\\\/\\\/tuguia.combarranquilla.co\\\/Revista\\\/wp-content\\\/uploads\\\/2023\\\/01\\\/SLIDER-SPE.jpg\",\"datePublished\":\"2023-02-01T14:00:00+00:00\",\"dateModified\":\"2023-02-23T15:27:27+00:00\",\"breadcrumb\":{\"@id\":\"https:\\\/\\\/tuguia.combarranquilla.co\\\/Revista\\\/aprovecha-los-cursos-y-diplomados-que-tenemos-para-ti\\\/#breadcrumb\"},\"inLanguage\":\"es-CO\",\"potentialAction\":[{\"@type\":\"ReadAction\",\"target\":[\"https:\\\/\\\/tuguia.combarranquilla.co\\\/Revista\\\/aprovecha-los-cursos-y-diplomados-que-tenemos-para-ti\\\/\"]}]},{\"@type\":\"ImageObject\",\"inLanguage\":\"es-CO\",\"@id\":\"https:\\\/\\\/tuguia.combarranquilla.co\\\/Revista\\\/aprovecha-los-cursos-y-diplomados-que-tenemos-para-ti\\\/#primaryimage\",\"url\":\"https:\\\/\\\/tuguia.combarranquilla.co\\\/Revista\\\/wp-content\\\/uploads\\\/2023\\\/01\\\/SLIDER-SPE.jpg\",\"contentUrl\":\"https:\\\/\\\/tuguia.combarranquilla.co\\\/Revista\\\/wp-content\\\/uploads\\\/2023\\\/01\\\/SLIDER-SPE.jpg\",\"width\":1920,\"height\":800},{\"@type\":\"BreadcrumbList\",\"@id\":\"https:\\\/\\\/tuguia.combarranquilla.co\\\/Revista\\\/aprovecha-los-cursos-y-diplomados-que-tenemos-para-ti\\\/#breadcrumb\",\"itemListElement\":[{\"@type\":\"ListItem\",\"position\":1,\"name\":\"Inicio\",\"item\":\"https:\\\/\\\/tuguia.combarranquilla.co\\\/Revista\\\/\"},{\"@type\":\"ListItem\",\"position\":2,\"name\":\"Aprovecha los cursos y diplomados que tenemos para ti\"}]},{\"@type\":\"WebSite\",\"@id\":\"https:\\\/\\\/tuguia.combarranquilla.co\\\/Revista\\\/#website\",\"url\":\"https:\\\/\\\/tuguia.combarranquilla.co\\\/Revista\\\/\",\"name\":\"Tu Gu\u00eda\",\"description\":\"La revista donde lo tienes todo.\",\"publisher\":{\"@id\":\"https:\\\/\\\/tuguia.combarranquilla.co\\\/Revista\\\/#organization\"},\"alternateName\":\"Tu Gu\u00eda Combarranquilla\",\"potentialAction\":[{\"@type\":\"SearchAction\",\"target\":{\"@type\":\"EntryPoint\",\"urlTemplate\":\"https:\\\/\\\/tuguia.combarranquilla.co\\\/Revista\\\/?s={search_term_string}\"},\"query-input\":{\"@type\":\"PropertyValueSpecification\",\"valueRequired\":true,\"valueName\":\"search_term_string\"}}],\"inLanguage\":\"es-CO\"},{\"@type\":\"Organization\",\"@id\":\"https:\\\/\\\/tuguia.combarranquilla.co\\\/Revista\\\/#organization\",\"name\":\"Tu Gu\u00eda Combarranquilla\",\"url\":\"https:\\\/\\\/tuguia.combarranquilla.co\\\/Revista\\\/\",\"logo\":{\"@type\":\"ImageObject\",\"inLanguage\":\"es-CO\",\"@id\":\"https:\\\/\\\/tuguia.combarranquilla.co\\\/Revista\\\/#\\\/schema\\\/logo\\\/image\\\/\",\"url\":\"https:\\\/\\\/tuguia.combarranquilla.co\\\/Revista\\\/wp-content\\\/uploads\\\/2022\\\/02\\\/logo-guia-combarranquilla.svg\",\"contentUrl\":\"https:\\\/\\\/tuguia.combarranquilla.co\\\/Revista\\\/wp-content\\\/uploads\\\/2022\\\/02\\\/logo-guia-combarranquilla.svg\",\"caption\":\"Tu Gu\u00eda Combarranquilla\"},\"image\":{\"@id\":\"https:\\\/\\\/tuguia.combarranquilla.co\\\/Revista\\\/#\\\/schema\\\/logo\\\/image\\\/\"}},{\"@type\":\"Person\",\"@id\":\"https:\\\/\\\/tuguia.combarranquilla.co\\\/Revista\\\/#\\\/schema\\\/person\\\/c2c396a77170bd1d5f8ba73294eb0d10\",\"name\":\"Comunicaciones Combarranquilla\",\"image\":{\"@type\":\"ImageObject\",\"inLanguage\":\"es-CO\",\"@id\":\"https:\\\/\\\/tuguia.combarranquilla.co\\\/Revista\\\/wp-content\\\/uploads\\\/2025\\\/05\\\/ABC-Al-Rojo-Logo-96x96.jpg\",\"url\":\"https:\\\/\\\/tuguia.combarranquilla.co\\\/Revista\\\/wp-content\\\/uploads\\\/2025\\\/05\\\/ABC-Al-Rojo-Logo-96x96.jpg\",\"contentUrl\":\"https:\\\/\\\/tuguia.combarranquilla.co\\\/Revista\\\/wp-content\\\/uploads\\\/2025\\\/05\\\/ABC-Al-Rojo-Logo-96x96.jpg\",\"caption\":\"Comunicaciones Combarranquilla\"},\"sameAs\":[\"https:\\\/\\\/www.combarranquilla.co\"],\"url\":\"https:\\\/\\\/tuguia.combarranquilla.co\\\/Revista\\\/author\\\/comunicaciones\\\/\"}]}<\/script>\n<!-- \/ Yoast SEO plugin. -->","yoast_head_json":{"title":"Aprovecha los cursos y diplomados que tenemos para ti - Tu Gu\u00eda","robots":{"index":"index","follow":"follow","max-snippet":"max-snippet:-1","max-image-preview":"max-image-preview:large","max-video-preview":"max-video-preview:-1"},"canonical":"https:\/\/tuguia.combarranquilla.co\/Revista\/aprovecha-los-cursos-y-diplomados-que-tenemos-para-ti\/","og_locale":"es_ES","og_type":"article","og_title":"Aprovecha los cursos y diplomados que tenemos para ti - Tu Gu\u00eda","og_description":"Conoce la nueva programaci\u00f3n de capacitaciones para este mes de febrero. Es el momento ideal para fortalecer tus habilidades y adquirir nuevos conocimientos. Cursos para desempleados Requisitos: Cursos para trabajadores activos Requisitos: Diplomados Requisitos: Paso a paso para inscribirte","og_url":"https:\/\/tuguia.combarranquilla.co\/Revista\/aprovecha-los-cursos-y-diplomados-que-tenemos-para-ti\/","og_site_name":"Tu Gu\u00eda","article_published_time":"2023-02-01T14:00:00+00:00","article_modified_time":"2023-02-23T15:27:27+00:00","og_image":[{"width":1920,"height":800,"url":"https:\/\/tuguia.combarranquilla.co\/Revista\/wp-content\/uploads\/2023\/01\/SLIDER-SPE.jpg","type":"image\/jpeg"}],"author":"Comunicaciones Combarranquilla","twitter_card":"summary_large_image","twitter_misc":{"Escrito por":"Comunicaciones Combarranquilla","Tiempo de lectura":"1 minuto"},"schema":{"@context":"https:\/\/schema.org","@graph":[{"@type":"Article","@id":"https:\/\/tuguia.combarranquilla.co\/Revista\/aprovecha-los-cursos-y-diplomados-que-tenemos-para-ti\/#article","isPartOf":{"@id":"https:\/\/tuguia.combarranquilla.co\/Revista\/aprovecha-los-cursos-y-diplomados-que-tenemos-para-ti\/"},"author":{"name":"Comunicaciones Combarranquilla","@id":"https:\/\/tuguia.combarranquilla.co\/Revista\/#\/schema\/person\/c2c396a77170bd1d5f8ba73294eb0d10"},"headline":"Aprovecha los cursos y diplomados que tenemos para ti","datePublished":"2023-02-01T14:00:00+00:00","dateModified":"2023-02-23T15:27:27+00:00","mainEntityOfPage":{"@id":"https:\/\/tuguia.combarranquilla.co\/Revista\/aprovecha-los-cursos-y-diplomados-que-tenemos-para-ti\/"},"wordCount":199,"commentCount":0,"publisher":{"@id":"https:\/\/tuguia.combarranquilla.co\/Revista\/#organization"},"image":{"@id":"https:\/\/tuguia.combarranquilla.co\/Revista\/aprovecha-los-cursos-y-diplomados-que-tenemos-para-ti\/#primaryimage"},"thumbnailUrl":"https:\/\/tuguia.combarranquilla.co\/Revista\/wp-content\/uploads\/2023\/01\/SLIDER-SPE.jpg","articleSection":["EMPLEABILIDAD"],"inLanguage":"es-CO","potentialAction":[{"@type":"CommentAction","name":"Comment","target":["https:\/\/tuguia.combarranquilla.co\/Revista\/aprovecha-los-cursos-y-diplomados-que-tenemos-para-ti\/#respond"]}]},{"@type":"WebPage","@id":"https:\/\/tuguia.combarranquilla.co\/Revista\/aprovecha-los-cursos-y-diplomados-que-tenemos-para-ti\/","url":"https:\/\/tuguia.combarranquilla.co\/Revista\/aprovecha-los-cursos-y-diplomados-que-tenemos-para-ti\/","name":"Aprovecha los cursos y diplomados que tenemos para ti - Tu Gu\u00eda","isPartOf":{"@id":"https:\/\/tuguia.combarranquilla.co\/Revista\/#website"},"primaryImageOfPage":{"@id":"https:\/\/tuguia.combarranquilla.co\/Revista\/aprovecha-los-cursos-y-diplomados-que-tenemos-para-ti\/#primaryimage"},"image":{"@id":"https:\/\/tuguia.combarranquilla.co\/Revista\/aprovecha-los-cursos-y-diplomados-que-tenemos-para-ti\/#primaryimage"},"thumbnailUrl":"https:\/\/tuguia.combarranquilla.co\/Revista\/wp-content\/uploads\/2023\/01\/SLIDER-SPE.jpg","datePublished":"2023-02-01T14:00:00+00:00","dateModified":"2023-02-23T15:27:27+00:00","breadcrumb":{"@id":"https:\/\/tuguia.combarranquilla.co\/Revista\/aprovecha-los-cursos-y-diplomados-que-tenemos-para-ti\/#breadcrumb"},"inLanguage":"es-CO","potentialAction":[{"@type":"ReadAction","target":["https:\/\/tuguia.combarranquilla.co\/Revista\/aprovecha-los-cursos-y-diplomados-que-tenemos-para-ti\/"]}]},{"@type":"ImageObject","inLanguage":"es-CO","@id":"https:\/\/tuguia.combarranquilla.co\/Revista\/aprovecha-los-cursos-y-diplomados-que-tenemos-para-ti\/#primaryimage","url":"https:\/\/tuguia.combarranquilla.co\/Revista\/wp-content\/uploads\/2023\/01\/SLIDER-SPE.jpg","contentUrl":"https:\/\/tuguia.combarranquilla.co\/Revista\/wp-content\/uploads\/2023\/01\/SLIDER-SPE.jpg","width":1920,"height":800},{"@type":"BreadcrumbList","@id":"https:\/\/tuguia.combarranquilla.co\/Revista\/aprovecha-los-cursos-y-diplomados-que-tenemos-para-ti\/#breadcrumb","itemListElement":[{"@type":"ListItem","position":1,"name":"Inicio","item":"https:\/\/tuguia.combarranquilla.co\/Revista\/"},{"@type":"ListItem","position":2,"name":"Aprovecha los cursos y diplomados que tenemos para ti"}]},{"@type":"WebSite","@id":"https:\/\/tuguia.combarranquilla.co\/Revista\/#website","url":"https:\/\/tuguia.combarranquilla.co\/Revista\/","name":"Tu Gu\u00eda","description":"La revista donde lo tienes todo.","publisher":{"@id":"https:\/\/tuguia.combarranquilla.co\/Revista\/#organization"},"alternateName":"Tu Gu\u00eda Combarranquilla","potentialAction":[{"@type":"SearchAction","target":{"@type":"EntryPoint","urlTemplate":"https:\/\/tuguia.combarranquilla.co\/Revista\/?s={search_term_string}"},"query-input":{"@type":"PropertyValueSpecification","valueRequired":true,"valueName":"search_term_string"}}],"inLanguage":"es-CO"},{"@type":"Organization","@id":"https:\/\/tuguia.combarranquilla.co\/Revista\/#organization","name":"Tu Gu\u00eda Combarranquilla","url":"https:\/\/tuguia.combarranquilla.co\/Revista\/","logo":{"@type":"ImageObject","inLanguage":"es-CO","@id":"https:\/\/tuguia.combarranquilla.co\/Revista\/#\/schema\/logo\/image\/","url":"https:\/\/tuguia.combarranquilla.co\/Revista\/wp-content\/uploads\/2022\/02\/logo-guia-combarranquilla.svg","contentUrl":"https:\/\/tuguia.combarranquilla.co\/Revista\/wp-content\/uploads\/2022\/02\/logo-guia-combarranquilla.svg","caption":"Tu Gu\u00eda Combarranquilla"},"image":{"@id":"https:\/\/tuguia.combarranquilla.co\/Revista\/#\/schema\/logo\/image\/"}},{"@type":"Person","@id":"https:\/\/tuguia.combarranquilla.co\/Revista\/#\/schema\/person\/c2c396a77170bd1d5f8ba73294eb0d10","name":"Comunicaciones Combarranquilla","image":{"@type":"ImageObject","inLanguage":"es-CO","@id":"https:\/\/tuguia.combarranquilla.co\/Revista\/wp-content\/uploads\/2025\/05\/ABC-Al-Rojo-Logo-96x96.jpg","url":"https:\/\/tuguia.combarranquilla.co\/Revista\/wp-content\/uploads\/2025\/05\/ABC-Al-Rojo-Logo-96x96.jpg","contentUrl":"https:\/\/tuguia.combarranquilla.co\/Revista\/wp-content\/uploads\/2025\/05\/ABC-Al-Rojo-Logo-96x96.jpg","caption":"Comunicaciones Combarranquilla"},"sameAs":["https:\/\/www.combarranquilla.co"],"url":"https:\/\/tuguia.combarranquilla.co\/Revista\/author\/comunicaciones\/"}]}},"_links":{"self":[{"href":"https:\/\/tuguia.combarranquilla.co\/Revista\/wp-json\/wp\/v2\/posts\/1582","targetHints":{"allow":["GET"]}}],"collection":[{"href":"https:\/\/tuguia.combarranquilla.co\/Revista\/wp-json\/wp\/v2\/posts"}],"about":[{"href":"https:\/\/tuguia.combarranquilla.co\/Revista\/wp-json\/wp\/v2\/types\/post"}],"author":[{"embeddable":true,"href":"https:\/\/tuguia.combarranquilla.co\/Revista\/wp-json\/wp\/v2\/users\/2"}],"replies":[{"embeddable":true,"href":"https:\/\/tuguia.combarranquilla.co\/Revista\/wp-json\/wp\/v2\/comments?post=1582"}],"version-history":[{"count":17,"href":"https:\/\/tuguia.combarranquilla.co\/Revista\/wp-json\/wp\/v2\/posts\/1582\/revisions"}],"predecessor-version":[{"id":1606,"href":"https:\/\/tuguia.combarranquilla.co\/Revista\/wp-json\/wp\/v2\/posts\/1582\/revisions\/1606"}],"wp:featuredmedia":[{"embeddable":true,"href":"https:\/\/tuguia.combarranquilla.co\/Revista\/wp-json\/wp\/v2\/media\/1583"}],"wp:attachment":[{"href":"https:\/\/tuguia.combarranquilla.co\/Revista\/wp-json\/wp\/v2\/media?parent=1582"}],"wp:term":[{"taxonomy":"category","embeddable":true,"href":"https:\/\/tuguia.combarranquilla.co\/Revista\/wp-json\/wp\/v2\/categories?post=1582"},{"taxonomy":"post_tag","embeddable":true,"href":"https:\/\/tuguia.combarranquilla.co\/Revista\/wp-json\/wp\/v2\/tags?post=1582"}],"curies":[{"name":"wp","href":"https:\/\/api.w.org\/{rel}","templated":true}]}}