{"id":1614,"date":"2023-02-01T10:32:42","date_gmt":"2023-02-01T15:32:42","guid":{"rendered":"https:\/\/tuguia.combarranquilla.co\/Revista\/?p=1614"},"modified":"2023-02-10T14:15:19","modified_gmt":"2023-02-10T19:15:19","slug":"eje-cafetero-un-viaje-inolvidable","status":"publish","type":"post","link":"https:\/\/tuguia.combarranquilla.co\/Revista\/eje-cafetero-un-viaje-inolvidable\/","title":{"rendered":"Eje Cafetero, un viaje inolvidable&#8230;"},"content":{"rendered":"\n<h2 class=\"wp-block-heading\">Por un 2023 lleno de viajes, aventuras y experiencias, comienza el mes de febrero conociendo lugares m\u00e1gicos de Colombia. <\/h2>\n\n\n\n<p>Desde Combarranquilla ofrecemos planes turisticos para afiliados y no afiliados con el fin de facilitarles el m\u00e9todo de pago, la b\u00fasqueda de hospedajes, la alimentaci\u00f3n, etc&#8230; Permitiendo que el usuario goce de principio a fin de un <strong>viaje extraordinario.<\/strong><\/p>\n\n\n\n<p>\u00bfNo est\u00e1s planeando festejar Carnavales y estas buscando como disfrutar esos d\u00edas festivos? <strong>\u00a1Llegaste al lugar indiciado!<\/strong> Del 15 al 21 de febrero Combarraquilla te llevar\u00e1 al Eje Cafetero <strong>\u00a1ALISTA TU MALETA! <\/strong><\/p>\n\n\n\n<p><strong>5 BENEFICIOS POR VIAJAR CON COMBARRANQUILLA<\/strong><\/p>\n\n\n\n<ol class=\"wp-block-list\">\n<li>Tarifas m\u00e1s bajas.<\/li>\n\n\n\n<li>Hospedaje confiable. <\/li>\n\n\n\n<li>Traslado seguro.<\/li>\n\n\n\n<li>Guia.<\/li>\n\n\n\n<li>Asistencia m\u00e9dica.<\/li>\n<\/ol>\n\n\n\n<p><strong>\u00bfQu\u00e9 incluye el viaje? <\/strong>Transporte terrestre (ida y vuelta), alojamiento (5 d\u00edas y 4 noches), alimentaci\u00f3n completa, tarjeta de asistencia m\u00e9dica y tour. <\/p>\n\n\n\n<p><strong>\u00bfA d\u00f3nde ir\u00e1s con el tour incluido? <\/strong>Parque del Caf\u00e9, Valle del Cocora, Salento, Filandia, Termales y Recuca, con gu\u00eda acompa\u00f1ado.<\/p>\n\n\n\n<p><em><strong>Nota: El viaje no incluye gastos no especificos como: propinas, lavander\u00eda, minibar, dinero para gastos personales, etc.<\/strong><\/em><\/p>\n\n\n\n<figure class=\"wp-block-gallery has-nested-images columns-default is-cropped wp-block-gallery-1 is-layout-flex wp-block-gallery-is-layout-flex\">\n<figure class=\"wp-block-image size-large\"><img decoding=\"async\" width=\"1024\" height=\"512\" data-id=\"1623\" data-src=\"https:\/\/tuguia.combarranquilla.co\/Revista\/wp-content\/uploads\/2023\/02\/Sin-titulo-Membrete-Banner-horizontal-1024x512.png\" alt=\"\" class=\"wp-image-1623 lazyload\" data-srcset=\"https:\/\/tuguia.combarranquilla.co\/Revista\/wp-content\/uploads\/2023\/02\/Sin-titulo-Membrete-Banner-horizontal-1024x512.png 1024w, https:\/\/tuguia.combarranquilla.co\/Revista\/wp-content\/uploads\/2023\/02\/Sin-titulo-Membrete-Banner-horizontal-300x150.png 300w, https:\/\/tuguia.combarranquilla.co\/Revista\/wp-content\/uploads\/2023\/02\/Sin-titulo-Membrete-Banner-horizontal-768x384.png 768w, https:\/\/tuguia.combarranquilla.co\/Revista\/wp-content\/uploads\/2023\/02\/Sin-titulo-Membrete-Banner-horizontal-1536x768.png 1536w, https:\/\/tuguia.combarranquilla.co\/Revista\/wp-content\/uploads\/2023\/02\/Sin-titulo-Membrete-Banner-horizontal-2048x1024.png 2048w\" data-sizes=\"(max-width: 1024px) 100vw, 1024px\" src=\"data:image\/svg+xml;base64,PHN2ZyB3aWR0aD0iMSIgaGVpZ2h0PSIxIiB4bWxucz0iaHR0cDovL3d3dy53My5vcmcvMjAwMC9zdmciPjwvc3ZnPg==\" style=\"--smush-placeholder-width: 1024px; --smush-placeholder-aspect-ratio: 1024\/512;\" \/><\/figure>\n<\/figure>\n","protected":false},"excerpt":{"rendered":"<p>Por un 2023 lleno de viajes, aventuras y experiencias, comienza el mes de febrero conociendo lugares m\u00e1gicos de Colombia. Desde Combarranquilla ofrecemos planes turisticos para afiliados y no afiliados con el fin de facilitarles el m\u00e9todo de pago, la b\u00fasqueda de hospedajes, la alimentaci\u00f3n, etc&#8230; Permitiendo que el usuario goce de principio a fin de [&hellip;]<\/p>\n","protected":false},"author":2,"featured_media":1619,"comment_status":"open","ping_status":"open","sticky":false,"template":"","format":"standard","meta":{"inline_featured_image":false,"footnotes":""},"categories":[1],"tags":[],"class_list":["post-1614","post","type-post","status-publish","format-standard","has-post-thumbnail","hentry","category-entretenimiento"],"yoast_head":"<!-- This site is optimized with the Yoast SEO plugin v27.4 - https:\/\/yoast.com\/product\/yoast-seo-wordpress\/ -->\n<title>Eje Cafetero, un viaje inolvidable... - Tu Gu\u00eda<\/title>\n<meta name=\"robots\" content=\"index, follow, max-snippet:-1, max-image-preview:large, max-video-preview:-1\" \/>\n<link rel=\"canonical\" href=\"https:\/\/tuguia.combarranquilla.co\/Revista\/eje-cafetero-un-viaje-inolvidable\/\" \/>\n<meta property=\"og:locale\" content=\"es_ES\" \/>\n<meta property=\"og:type\" content=\"article\" \/>\n<meta property=\"og:title\" content=\"Eje Cafetero, un viaje inolvidable... - Tu Gu\u00eda\" \/>\n<meta property=\"og:description\" content=\"Por un 2023 lleno de viajes, aventuras y experiencias, comienza el mes de febrero conociendo lugares m\u00e1gicos de Colombia. Desde Combarranquilla ofrecemos planes turisticos para afiliados y no afiliados con el fin de facilitarles el m\u00e9todo de pago, la b\u00fasqueda de hospedajes, la alimentaci\u00f3n, etc&#8230; Permitiendo que el usuario goce de principio a fin de [&hellip;]\" \/>\n<meta property=\"og:url\" content=\"https:\/\/tuguia.combarranquilla.co\/Revista\/eje-cafetero-un-viaje-inolvidable\/\" \/>\n<meta property=\"og:site_name\" content=\"Tu Gu\u00eda\" \/>\n<meta property=\"article:published_time\" content=\"2023-02-01T15:32:42+00:00\" \/>\n<meta property=\"article:modified_time\" content=\"2023-02-10T19:15:19+00:00\" \/>\n<meta property=\"og:image\" content=\"https:\/\/tuguia.combarranquilla.co\/Revista\/wp-content\/uploads\/2023\/02\/TOUR-EJE-CAFETERO1.jpg\" \/>\n\t<meta property=\"og:image:width\" content=\"1080\" \/>\n\t<meta property=\"og:image:height\" content=\"1080\" \/>\n\t<meta property=\"og:image:type\" content=\"image\/jpeg\" \/>\n<meta name=\"author\" content=\"Comunicaciones Combarranquilla\" \/>\n<meta name=\"twitter:card\" content=\"summary_large_image\" \/>\n<meta name=\"twitter:label1\" content=\"Escrito por\" \/>\n\t<meta name=\"twitter:data1\" content=\"Comunicaciones Combarranquilla\" \/>\n\t<meta name=\"twitter:label2\" content=\"Tiempo de lectura\" \/>\n\t<meta name=\"twitter:data2\" content=\"1 minuto\" \/>\n<script type=\"application\/ld+json\" class=\"yoast-schema-graph\">{\"@context\":\"https:\\\/\\\/schema.org\",\"@graph\":[{\"@type\":\"Article\",\"@id\":\"https:\\\/\\\/tuguia.combarranquilla.co\\\/Revista\\\/eje-cafetero-un-viaje-inolvidable\\\/#article\",\"isPartOf\":{\"@id\":\"https:\\\/\\\/tuguia.combarranquilla.co\\\/Revista\\\/eje-cafetero-un-viaje-inolvidable\\\/\"},\"author\":{\"name\":\"Comunicaciones Combarranquilla\",\"@id\":\"https:\\\/\\\/tuguia.combarranquilla.co\\\/Revista\\\/#\\\/schema\\\/person\\\/c2c396a77170bd1d5f8ba73294eb0d10\"},\"headline\":\"Eje Cafetero, un viaje inolvidable&#8230;\",\"datePublished\":\"2023-02-01T15:32:42+00:00\",\"dateModified\":\"2023-02-10T19:15:19+00:00\",\"mainEntityOfPage\":{\"@id\":\"https:\\\/\\\/tuguia.combarranquilla.co\\\/Revista\\\/eje-cafetero-un-viaje-inolvidable\\\/\"},\"wordCount\":182,\"commentCount\":0,\"publisher\":{\"@id\":\"https:\\\/\\\/tuguia.combarranquilla.co\\\/Revista\\\/#organization\"},\"image\":{\"@id\":\"https:\\\/\\\/tuguia.combarranquilla.co\\\/Revista\\\/eje-cafetero-un-viaje-inolvidable\\\/#primaryimage\"},\"thumbnailUrl\":\"https:\\\/\\\/tuguia.combarranquilla.co\\\/Revista\\\/wp-content\\\/uploads\\\/2023\\\/02\\\/TOUR-EJE-CAFETERO1.jpg\",\"articleSection\":[\"ENTRETENIMIENTO\"],\"inLanguage\":\"es-CO\",\"potentialAction\":[{\"@type\":\"CommentAction\",\"name\":\"Comment\",\"target\":[\"https:\\\/\\\/tuguia.combarranquilla.co\\\/Revista\\\/eje-cafetero-un-viaje-inolvidable\\\/#respond\"]}]},{\"@type\":\"WebPage\",\"@id\":\"https:\\\/\\\/tuguia.combarranquilla.co\\\/Revista\\\/eje-cafetero-un-viaje-inolvidable\\\/\",\"url\":\"https:\\\/\\\/tuguia.combarranquilla.co\\\/Revista\\\/eje-cafetero-un-viaje-inolvidable\\\/\",\"name\":\"Eje Cafetero, un viaje inolvidable... - Tu Gu\u00eda\",\"isPartOf\":{\"@id\":\"https:\\\/\\\/tuguia.combarranquilla.co\\\/Revista\\\/#website\"},\"primaryImageOfPage\":{\"@id\":\"https:\\\/\\\/tuguia.combarranquilla.co\\\/Revista\\\/eje-cafetero-un-viaje-inolvidable\\\/#primaryimage\"},\"image\":{\"@id\":\"https:\\\/\\\/tuguia.combarranquilla.co\\\/Revista\\\/eje-cafetero-un-viaje-inolvidable\\\/#primaryimage\"},\"thumbnailUrl\":\"https:\\\/\\\/tuguia.combarranquilla.co\\\/Revista\\\/wp-content\\\/uploads\\\/2023\\\/02\\\/TOUR-EJE-CAFETERO1.jpg\",\"datePublished\":\"2023-02-01T15:32:42+00:00\",\"dateModified\":\"2023-02-10T19:15:19+00:00\",\"breadcrumb\":{\"@id\":\"https:\\\/\\\/tuguia.combarranquilla.co\\\/Revista\\\/eje-cafetero-un-viaje-inolvidable\\\/#breadcrumb\"},\"inLanguage\":\"es-CO\",\"potentialAction\":[{\"@type\":\"ReadAction\",\"target\":[\"https:\\\/\\\/tuguia.combarranquilla.co\\\/Revista\\\/eje-cafetero-un-viaje-inolvidable\\\/\"]}]},{\"@type\":\"ImageObject\",\"inLanguage\":\"es-CO\",\"@id\":\"https:\\\/\\\/tuguia.combarranquilla.co\\\/Revista\\\/eje-cafetero-un-viaje-inolvidable\\\/#primaryimage\",\"url\":\"https:\\\/\\\/tuguia.combarranquilla.co\\\/Revista\\\/wp-content\\\/uploads\\\/2023\\\/02\\\/TOUR-EJE-CAFETERO1.jpg\",\"contentUrl\":\"https:\\\/\\\/tuguia.combarranquilla.co\\\/Revista\\\/wp-content\\\/uploads\\\/2023\\\/02\\\/TOUR-EJE-CAFETERO1.jpg\",\"width\":1080,\"height\":1080},{\"@type\":\"BreadcrumbList\",\"@id\":\"https:\\\/\\\/tuguia.combarranquilla.co\\\/Revista\\\/eje-cafetero-un-viaje-inolvidable\\\/#breadcrumb\",\"itemListElement\":[{\"@type\":\"ListItem\",\"position\":1,\"name\":\"Inicio\",\"item\":\"https:\\\/\\\/tuguia.combarranquilla.co\\\/Revista\\\/\"},{\"@type\":\"ListItem\",\"position\":2,\"name\":\"Eje Cafetero, un viaje inolvidable&#8230;\"}]},{\"@type\":\"WebSite\",\"@id\":\"https:\\\/\\\/tuguia.combarranquilla.co\\\/Revista\\\/#website\",\"url\":\"https:\\\/\\\/tuguia.combarranquilla.co\\\/Revista\\\/\",\"name\":\"Tu Gu\u00eda\",\"description\":\"La revista donde lo tienes todo.\",\"publisher\":{\"@id\":\"https:\\\/\\\/tuguia.combarranquilla.co\\\/Revista\\\/#organization\"},\"alternateName\":\"Tu Gu\u00eda Combarranquilla\",\"potentialAction\":[{\"@type\":\"SearchAction\",\"target\":{\"@type\":\"EntryPoint\",\"urlTemplate\":\"https:\\\/\\\/tuguia.combarranquilla.co\\\/Revista\\\/?s={search_term_string}\"},\"query-input\":{\"@type\":\"PropertyValueSpecification\",\"valueRequired\":true,\"valueName\":\"search_term_string\"}}],\"inLanguage\":\"es-CO\"},{\"@type\":\"Organization\",\"@id\":\"https:\\\/\\\/tuguia.combarranquilla.co\\\/Revista\\\/#organization\",\"name\":\"Tu Gu\u00eda Combarranquilla\",\"url\":\"https:\\\/\\\/tuguia.combarranquilla.co\\\/Revista\\\/\",\"logo\":{\"@type\":\"ImageObject\",\"inLanguage\":\"es-CO\",\"@id\":\"https:\\\/\\\/tuguia.combarranquilla.co\\\/Revista\\\/#\\\/schema\\\/logo\\\/image\\\/\",\"url\":\"https:\\\/\\\/tuguia.combarranquilla.co\\\/Revista\\\/wp-content\\\/uploads\\\/2022\\\/02\\\/logo-guia-combarranquilla.svg\",\"contentUrl\":\"https:\\\/\\\/tuguia.combarranquilla.co\\\/Revista\\\/wp-content\\\/uploads\\\/2022\\\/02\\\/logo-guia-combarranquilla.svg\",\"caption\":\"Tu Gu\u00eda Combarranquilla\"},\"image\":{\"@id\":\"https:\\\/\\\/tuguia.combarranquilla.co\\\/Revista\\\/#\\\/schema\\\/logo\\\/image\\\/\"}},{\"@type\":\"Person\",\"@id\":\"https:\\\/\\\/tuguia.combarranquilla.co\\\/Revista\\\/#\\\/schema\\\/person\\\/c2c396a77170bd1d5f8ba73294eb0d10\",\"name\":\"Comunicaciones Combarranquilla\",\"image\":{\"@type\":\"ImageObject\",\"inLanguage\":\"es-CO\",\"@id\":\"https:\\\/\\\/tuguia.combarranquilla.co\\\/Revista\\\/wp-content\\\/uploads\\\/2025\\\/05\\\/ABC-Al-Rojo-Logo-96x96.jpg\",\"url\":\"https:\\\/\\\/tuguia.combarranquilla.co\\\/Revista\\\/wp-content\\\/uploads\\\/2025\\\/05\\\/ABC-Al-Rojo-Logo-96x96.jpg\",\"contentUrl\":\"https:\\\/\\\/tuguia.combarranquilla.co\\\/Revista\\\/wp-content\\\/uploads\\\/2025\\\/05\\\/ABC-Al-Rojo-Logo-96x96.jpg\",\"caption\":\"Comunicaciones Combarranquilla\"},\"sameAs\":[\"https:\\\/\\\/www.combarranquilla.co\"],\"url\":\"https:\\\/\\\/tuguia.combarranquilla.co\\\/Revista\\\/author\\\/comunicaciones\\\/\"}]}<\/script>\n<!-- \/ Yoast SEO plugin. -->","yoast_head_json":{"title":"Eje Cafetero, un viaje inolvidable... - Tu Gu\u00eda","robots":{"index":"index","follow":"follow","max-snippet":"max-snippet:-1","max-image-preview":"max-image-preview:large","max-video-preview":"max-video-preview:-1"},"canonical":"https:\/\/tuguia.combarranquilla.co\/Revista\/eje-cafetero-un-viaje-inolvidable\/","og_locale":"es_ES","og_type":"article","og_title":"Eje Cafetero, un viaje inolvidable... - Tu Gu\u00eda","og_description":"Por un 2023 lleno de viajes, aventuras y experiencias, comienza el mes de febrero conociendo lugares m\u00e1gicos de Colombia. Desde Combarranquilla ofrecemos planes turisticos para afiliados y no afiliados con el fin de facilitarles el m\u00e9todo de pago, la b\u00fasqueda de hospedajes, la alimentaci\u00f3n, etc&#8230; Permitiendo que el usuario goce de principio a fin de [&hellip;]","og_url":"https:\/\/tuguia.combarranquilla.co\/Revista\/eje-cafetero-un-viaje-inolvidable\/","og_site_name":"Tu Gu\u00eda","article_published_time":"2023-02-01T15:32:42+00:00","article_modified_time":"2023-02-10T19:15:19+00:00","og_image":[{"width":1080,"height":1080,"url":"https:\/\/tuguia.combarranquilla.co\/Revista\/wp-content\/uploads\/2023\/02\/TOUR-EJE-CAFETERO1.jpg","type":"image\/jpeg"}],"author":"Comunicaciones Combarranquilla","twitter_card":"summary_large_image","twitter_misc":{"Escrito por":"Comunicaciones Combarranquilla","Tiempo de lectura":"1 minuto"},"schema":{"@context":"https:\/\/schema.org","@graph":[{"@type":"Article","@id":"https:\/\/tuguia.combarranquilla.co\/Revista\/eje-cafetero-un-viaje-inolvidable\/#article","isPartOf":{"@id":"https:\/\/tuguia.combarranquilla.co\/Revista\/eje-cafetero-un-viaje-inolvidable\/"},"author":{"name":"Comunicaciones Combarranquilla","@id":"https:\/\/tuguia.combarranquilla.co\/Revista\/#\/schema\/person\/c2c396a77170bd1d5f8ba73294eb0d10"},"headline":"Eje Cafetero, un viaje inolvidable&#8230;","datePublished":"2023-02-01T15:32:42+00:00","dateModified":"2023-02-10T19:15:19+00:00","mainEntityOfPage":{"@id":"https:\/\/tuguia.combarranquilla.co\/Revista\/eje-cafetero-un-viaje-inolvidable\/"},"wordCount":182,"commentCount":0,"publisher":{"@id":"https:\/\/tuguia.combarranquilla.co\/Revista\/#organization"},"image":{"@id":"https:\/\/tuguia.combarranquilla.co\/Revista\/eje-cafetero-un-viaje-inolvidable\/#primaryimage"},"thumbnailUrl":"https:\/\/tuguia.combarranquilla.co\/Revista\/wp-content\/uploads\/2023\/02\/TOUR-EJE-CAFETERO1.jpg","articleSection":["ENTRETENIMIENTO"],"inLanguage":"es-CO","potentialAction":[{"@type":"CommentAction","name":"Comment","target":["https:\/\/tuguia.combarranquilla.co\/Revista\/eje-cafetero-un-viaje-inolvidable\/#respond"]}]},{"@type":"WebPage","@id":"https:\/\/tuguia.combarranquilla.co\/Revista\/eje-cafetero-un-viaje-inolvidable\/","url":"https:\/\/tuguia.combarranquilla.co\/Revista\/eje-cafetero-un-viaje-inolvidable\/","name":"Eje Cafetero, un viaje inolvidable... - Tu Gu\u00eda","isPartOf":{"@id":"https:\/\/tuguia.combarranquilla.co\/Revista\/#website"},"primaryImageOfPage":{"@id":"https:\/\/tuguia.combarranquilla.co\/Revista\/eje-cafetero-un-viaje-inolvidable\/#primaryimage"},"image":{"@id":"https:\/\/tuguia.combarranquilla.co\/Revista\/eje-cafetero-un-viaje-inolvidable\/#primaryimage"},"thumbnailUrl":"https:\/\/tuguia.combarranquilla.co\/Revista\/wp-content\/uploads\/2023\/02\/TOUR-EJE-CAFETERO1.jpg","datePublished":"2023-02-01T15:32:42+00:00","dateModified":"2023-02-10T19:15:19+00:00","breadcrumb":{"@id":"https:\/\/tuguia.combarranquilla.co\/Revista\/eje-cafetero-un-viaje-inolvidable\/#breadcrumb"},"inLanguage":"es-CO","potentialAction":[{"@type":"ReadAction","target":["https:\/\/tuguia.combarranquilla.co\/Revista\/eje-cafetero-un-viaje-inolvidable\/"]}]},{"@type":"ImageObject","inLanguage":"es-CO","@id":"https:\/\/tuguia.combarranquilla.co\/Revista\/eje-cafetero-un-viaje-inolvidable\/#primaryimage","url":"https:\/\/tuguia.combarranquilla.co\/Revista\/wp-content\/uploads\/2023\/02\/TOUR-EJE-CAFETERO1.jpg","contentUrl":"https:\/\/tuguia.combarranquilla.co\/Revista\/wp-content\/uploads\/2023\/02\/TOUR-EJE-CAFETERO1.jpg","width":1080,"height":1080},{"@type":"BreadcrumbList","@id":"https:\/\/tuguia.combarranquilla.co\/Revista\/eje-cafetero-un-viaje-inolvidable\/#breadcrumb","itemListElement":[{"@type":"ListItem","position":1,"name":"Inicio","item":"https:\/\/tuguia.combarranquilla.co\/Revista\/"},{"@type":"ListItem","position":2,"name":"Eje Cafetero, un viaje inolvidable&#8230;"}]},{"@type":"WebSite","@id":"https:\/\/tuguia.combarranquilla.co\/Revista\/#website","url":"https:\/\/tuguia.combarranquilla.co\/Revista\/","name":"Tu Gu\u00eda","description":"La revista donde lo tienes todo.","publisher":{"@id":"https:\/\/tuguia.combarranquilla.co\/Revista\/#organization"},"alternateName":"Tu Gu\u00eda Combarranquilla","potentialAction":[{"@type":"SearchAction","target":{"@type":"EntryPoint","urlTemplate":"https:\/\/tuguia.combarranquilla.co\/Revista\/?s={search_term_string}"},"query-input":{"@type":"PropertyValueSpecification","valueRequired":true,"valueName":"search_term_string"}}],"inLanguage":"es-CO"},{"@type":"Organization","@id":"https:\/\/tuguia.combarranquilla.co\/Revista\/#organization","name":"Tu Gu\u00eda Combarranquilla","url":"https:\/\/tuguia.combarranquilla.co\/Revista\/","logo":{"@type":"ImageObject","inLanguage":"es-CO","@id":"https:\/\/tuguia.combarranquilla.co\/Revista\/#\/schema\/logo\/image\/","url":"https:\/\/tuguia.combarranquilla.co\/Revista\/wp-content\/uploads\/2022\/02\/logo-guia-combarranquilla.svg","contentUrl":"https:\/\/tuguia.combarranquilla.co\/Revista\/wp-content\/uploads\/2022\/02\/logo-guia-combarranquilla.svg","caption":"Tu Gu\u00eda Combarranquilla"},"image":{"@id":"https:\/\/tuguia.combarranquilla.co\/Revista\/#\/schema\/logo\/image\/"}},{"@type":"Person","@id":"https:\/\/tuguia.combarranquilla.co\/Revista\/#\/schema\/person\/c2c396a77170bd1d5f8ba73294eb0d10","name":"Comunicaciones Combarranquilla","image":{"@type":"ImageObject","inLanguage":"es-CO","@id":"https:\/\/tuguia.combarranquilla.co\/Revista\/wp-content\/uploads\/2025\/05\/ABC-Al-Rojo-Logo-96x96.jpg","url":"https:\/\/tuguia.combarranquilla.co\/Revista\/wp-content\/uploads\/2025\/05\/ABC-Al-Rojo-Logo-96x96.jpg","contentUrl":"https:\/\/tuguia.combarranquilla.co\/Revista\/wp-content\/uploads\/2025\/05\/ABC-Al-Rojo-Logo-96x96.jpg","caption":"Comunicaciones Combarranquilla"},"sameAs":["https:\/\/www.combarranquilla.co"],"url":"https:\/\/tuguia.combarranquilla.co\/Revista\/author\/comunicaciones\/"}]}},"_links":{"self":[{"href":"https:\/\/tuguia.combarranquilla.co\/Revista\/wp-json\/wp\/v2\/posts\/1614","targetHints":{"allow":["GET"]}}],"collection":[{"href":"https:\/\/tuguia.combarranquilla.co\/Revista\/wp-json\/wp\/v2\/posts"}],"about":[{"href":"https:\/\/tuguia.combarranquilla.co\/Revista\/wp-json\/wp\/v2\/types\/post"}],"author":[{"embeddable":true,"href":"https:\/\/tuguia.combarranquilla.co\/Revista\/wp-json\/wp\/v2\/users\/2"}],"replies":[{"embeddable":true,"href":"https:\/\/tuguia.combarranquilla.co\/Revista\/wp-json\/wp\/v2\/comments?post=1614"}],"version-history":[{"count":5,"href":"https:\/\/tuguia.combarranquilla.co\/Revista\/wp-json\/wp\/v2\/posts\/1614\/revisions"}],"predecessor-version":[{"id":1624,"href":"https:\/\/tuguia.combarranquilla.co\/Revista\/wp-json\/wp\/v2\/posts\/1614\/revisions\/1624"}],"wp:featuredmedia":[{"embeddable":true,"href":"https:\/\/tuguia.combarranquilla.co\/Revista\/wp-json\/wp\/v2\/media\/1619"}],"wp:attachment":[{"href":"https:\/\/tuguia.combarranquilla.co\/Revista\/wp-json\/wp\/v2\/media?parent=1614"}],"wp:term":[{"taxonomy":"category","embeddable":true,"href":"https:\/\/tuguia.combarranquilla.co\/Revista\/wp-json\/wp\/v2\/categories?post=1614"},{"taxonomy":"post_tag","embeddable":true,"href":"https:\/\/tuguia.combarranquilla.co\/Revista\/wp-json\/wp\/v2\/tags?post=1614"}],"curies":[{"name":"wp","href":"https:\/\/api.w.org\/{rel}","templated":true}]}}