{"id":1634,"date":"2023-02-01T14:10:30","date_gmt":"2023-02-01T19:10:30","guid":{"rendered":"https:\/\/tuguia.combarranquilla.co\/Revista\/?p=1634"},"modified":"2023-02-10T14:15:05","modified_gmt":"2023-02-10T19:15:05","slug":"la-importancia-de-mejorar-y-reforzar-las-habilidades-linguisticas-y-o-talentos-desde-pequenos","status":"publish","type":"post","link":"https:\/\/tuguia.combarranquilla.co\/Revista\/la-importancia-de-mejorar-y-reforzar-las-habilidades-linguisticas-y-o-talentos-desde-pequenos\/","title":{"rendered":"La importancia de mejorar y reforzar las habilidades ling\u00fc\u00edsticas y\/o talentos desde peque\u00f1os"},"content":{"rendered":"\n<h2 class=\"wp-block-heading\">Aumentar el autoestima, la confianza, estimular y desarrollar las habilidades con talleres y cursos adecuados. <\/h2>\n\n\n\n<p class=\"has-medium-font-size\">Si desde peque\u00f1os realizan el ejercicio de enfocarse en lo positivo, sembrar\u00e1n una vida llena de soluciones, oportunidades y metas.  Donde, la seguridad y la confianza ser\u00e1n la mejor herramienta para lidiar cada situaci\u00f3n. <\/p>\n\n\n\n<p class=\"has-medium-font-size\">Es por eso, que es fundamental apoyar a los ni\u00f1os en sus sue\u00f1os, acompa\u00f1arlos en el camino que deseen escoger y sobretodo ense\u00f1arles el valor de fortalecer sus virtudes y pulir cada una de sus habilidades. <\/p>\n\n\n\n<p class=\"has-medium-font-size\">Combarranquilla ofrece cursos y talleres ideales para ayudar con el desarrollo c\u00f3gnitivo, aumentar y fortalecer las competencias ling\u00fc\u00edsticas, adicional estimula sus talentos. <\/p>\n\n\n\n<p class=\"has-medium-font-size\">Para el mes de febrero y marzo ofrecemos los siguientes cursos: <\/p>\n\n\n\n<figure class=\"wp-block-image size-large\"><img decoding=\"async\" width=\"1024\" height=\"1024\" data-src=\"https:\/\/tuguia.combarranquilla.co\/Revista\/wp-content\/uploads\/2023\/02\/Taller-de-lectura-y-escritura-1024x1024.png\" alt=\"\" class=\"wp-image-1648 lazyload\" data-srcset=\"https:\/\/tuguia.combarranquilla.co\/Revista\/wp-content\/uploads\/2023\/02\/Taller-de-lectura-y-escritura-1024x1024.png 1024w, https:\/\/tuguia.combarranquilla.co\/Revista\/wp-content\/uploads\/2023\/02\/Taller-de-lectura-y-escritura-300x300.png 300w, https:\/\/tuguia.combarranquilla.co\/Revista\/wp-content\/uploads\/2023\/02\/Taller-de-lectura-y-escritura-150x150.png 150w, https:\/\/tuguia.combarranquilla.co\/Revista\/wp-content\/uploads\/2023\/02\/Taller-de-lectura-y-escritura-768x768.png 768w, https:\/\/tuguia.combarranquilla.co\/Revista\/wp-content\/uploads\/2023\/02\/Taller-de-lectura-y-escritura-1536x1536.png 1536w, https:\/\/tuguia.combarranquilla.co\/Revista\/wp-content\/uploads\/2023\/02\/Taller-de-lectura-y-escritura-2048x2048.png 2048w\" data-sizes=\"(max-width: 1024px) 100vw, 1024px\" src=\"data:image\/svg+xml;base64,PHN2ZyB3aWR0aD0iMSIgaGVpZ2h0PSIxIiB4bWxucz0iaHR0cDovL3d3dy53My5vcmcvMjAwMC9zdmciPjwvc3ZnPg==\" style=\"--smush-placeholder-width: 1024px; --smush-placeholder-aspect-ratio: 1024\/1024;\" \/><\/figure>\n\n\n\n<figure class=\"wp-block-gallery has-nested-images columns-default is-cropped wp-block-gallery-1 is-layout-flex wp-block-gallery-is-layout-flex\">\n<figure class=\"wp-block-image size-large\"><img decoding=\"async\" width=\"1024\" height=\"1024\" data-id=\"1649\" data-src=\"https:\/\/tuguia.combarranquilla.co\/Revista\/wp-content\/uploads\/2023\/02\/TALLER-MUSICA-1024x1024.jpg\" alt=\"\" class=\"wp-image-1649 lazyload\" data-srcset=\"https:\/\/tuguia.combarranquilla.co\/Revista\/wp-content\/uploads\/2023\/02\/TALLER-MUSICA-1024x1024.jpg 1024w, https:\/\/tuguia.combarranquilla.co\/Revista\/wp-content\/uploads\/2023\/02\/TALLER-MUSICA-300x300.jpg 300w, https:\/\/tuguia.combarranquilla.co\/Revista\/wp-content\/uploads\/2023\/02\/TALLER-MUSICA-150x150.jpg 150w, https:\/\/tuguia.combarranquilla.co\/Revista\/wp-content\/uploads\/2023\/02\/TALLER-MUSICA-768x768.jpg 768w, https:\/\/tuguia.combarranquilla.co\/Revista\/wp-content\/uploads\/2023\/02\/TALLER-MUSICA.jpg 1080w\" data-sizes=\"(max-width: 1024px) 100vw, 1024px\" src=\"data:image\/svg+xml;base64,PHN2ZyB3aWR0aD0iMSIgaGVpZ2h0PSIxIiB4bWxucz0iaHR0cDovL3d3dy53My5vcmcvMjAwMC9zdmciPjwvc3ZnPg==\" style=\"--smush-placeholder-width: 1024px; --smush-placeholder-aspect-ratio: 1024\/1024;\" \/><\/figure>\n<\/figure>\n","protected":false},"excerpt":{"rendered":"<p>Aumentar el autoestima, la confianza, estimular y desarrollar las habilidades con talleres y cursos adecuados. Si desde peque\u00f1os realizan el ejercicio de enfocarse en lo positivo, sembrar\u00e1n una vida llena de soluciones, oportunidades y metas. Donde, la seguridad y la confianza ser\u00e1n la mejor herramienta para lidiar cada situaci\u00f3n. Es por eso, que es fundamental [&hellip;]<\/p>\n","protected":false},"author":2,"featured_media":1636,"comment_status":"open","ping_status":"open","sticky":false,"template":"","format":"standard","meta":{"inline_featured_image":false,"footnotes":""},"categories":[8],"tags":[],"class_list":["post-1634","post","type-post","status-publish","format-standard","has-post-thumbnail","hentry","category-formacion"],"yoast_head":"<!-- This site is optimized with the Yoast SEO plugin v27.4 - https:\/\/yoast.com\/product\/yoast-seo-wordpress\/ -->\n<title>La importancia de mejorar y reforzar las habilidades ling\u00fc\u00edsticas y\/o talentos desde peque\u00f1os - Tu Gu\u00eda<\/title>\n<meta name=\"robots\" content=\"index, follow, max-snippet:-1, max-image-preview:large, max-video-preview:-1\" \/>\n<link rel=\"canonical\" href=\"https:\/\/tuguia.combarranquilla.co\/Revista\/la-importancia-de-mejorar-y-reforzar-las-habilidades-linguisticas-y-o-talentos-desde-pequenos\/\" \/>\n<meta property=\"og:locale\" content=\"es_ES\" \/>\n<meta property=\"og:type\" content=\"article\" \/>\n<meta property=\"og:title\" content=\"La importancia de mejorar y reforzar las habilidades ling\u00fc\u00edsticas y\/o talentos desde peque\u00f1os - Tu Gu\u00eda\" \/>\n<meta property=\"og:description\" content=\"Aumentar el autoestima, la confianza, estimular y desarrollar las habilidades con talleres y cursos adecuados. Si desde peque\u00f1os realizan el ejercicio de enfocarse en lo positivo, sembrar\u00e1n una vida llena de soluciones, oportunidades y metas. Donde, la seguridad y la confianza ser\u00e1n la mejor herramienta para lidiar cada situaci\u00f3n. Es por eso, que es fundamental [&hellip;]\" \/>\n<meta property=\"og:url\" content=\"https:\/\/tuguia.combarranquilla.co\/Revista\/la-importancia-de-mejorar-y-reforzar-las-habilidades-linguisticas-y-o-talentos-desde-pequenos\/\" \/>\n<meta property=\"og:site_name\" content=\"Tu Gu\u00eda\" \/>\n<meta property=\"article:published_time\" content=\"2023-02-01T19:10:30+00:00\" \/>\n<meta property=\"article:modified_time\" content=\"2023-02-10T19:15:05+00:00\" \/>\n<meta property=\"og:image\" content=\"https:\/\/tuguia.combarranquilla.co\/Revista\/wp-content\/uploads\/2023\/02\/pexels-monstera-5063465-scaled.jpg\" \/>\n\t<meta property=\"og:image:width\" content=\"2560\" \/>\n\t<meta property=\"og:image:height\" content=\"1707\" \/>\n\t<meta property=\"og:image:type\" content=\"image\/jpeg\" \/>\n<meta name=\"author\" content=\"Comunicaciones Combarranquilla\" \/>\n<meta name=\"twitter:card\" content=\"summary_large_image\" \/>\n<meta name=\"twitter:label1\" content=\"Escrito por\" \/>\n\t<meta name=\"twitter:data1\" content=\"Comunicaciones Combarranquilla\" \/>\n\t<meta name=\"twitter:label2\" content=\"Tiempo de lectura\" \/>\n\t<meta name=\"twitter:data2\" content=\"1 minuto\" \/>\n<script type=\"application\/ld+json\" class=\"yoast-schema-graph\">{\"@context\":\"https:\\\/\\\/schema.org\",\"@graph\":[{\"@type\":\"Article\",\"@id\":\"https:\\\/\\\/tuguia.combarranquilla.co\\\/Revista\\\/la-importancia-de-mejorar-y-reforzar-las-habilidades-linguisticas-y-o-talentos-desde-pequenos\\\/#article\",\"isPartOf\":{\"@id\":\"https:\\\/\\\/tuguia.combarranquilla.co\\\/Revista\\\/la-importancia-de-mejorar-y-reforzar-las-habilidades-linguisticas-y-o-talentos-desde-pequenos\\\/\"},\"author\":{\"name\":\"Comunicaciones Combarranquilla\",\"@id\":\"https:\\\/\\\/tuguia.combarranquilla.co\\\/Revista\\\/#\\\/schema\\\/person\\\/c2c396a77170bd1d5f8ba73294eb0d10\"},\"headline\":\"La importancia de mejorar y reforzar las habilidades ling\u00fc\u00edsticas y\\\/o talentos desde peque\u00f1os\",\"datePublished\":\"2023-02-01T19:10:30+00:00\",\"dateModified\":\"2023-02-10T19:15:05+00:00\",\"mainEntityOfPage\":{\"@id\":\"https:\\\/\\\/tuguia.combarranquilla.co\\\/Revista\\\/la-importancia-de-mejorar-y-reforzar-las-habilidades-linguisticas-y-o-talentos-desde-pequenos\\\/\"},\"wordCount\":144,\"commentCount\":0,\"publisher\":{\"@id\":\"https:\\\/\\\/tuguia.combarranquilla.co\\\/Revista\\\/#organization\"},\"image\":{\"@id\":\"https:\\\/\\\/tuguia.combarranquilla.co\\\/Revista\\\/la-importancia-de-mejorar-y-reforzar-las-habilidades-linguisticas-y-o-talentos-desde-pequenos\\\/#primaryimage\"},\"thumbnailUrl\":\"https:\\\/\\\/tuguia.combarranquilla.co\\\/Revista\\\/wp-content\\\/uploads\\\/2023\\\/02\\\/pexels-monstera-5063465-scaled.jpg\",\"articleSection\":[\"FORMACI\u00d3N\"],\"inLanguage\":\"es-CO\",\"potentialAction\":[{\"@type\":\"CommentAction\",\"name\":\"Comment\",\"target\":[\"https:\\\/\\\/tuguia.combarranquilla.co\\\/Revista\\\/la-importancia-de-mejorar-y-reforzar-las-habilidades-linguisticas-y-o-talentos-desde-pequenos\\\/#respond\"]}]},{\"@type\":\"WebPage\",\"@id\":\"https:\\\/\\\/tuguia.combarranquilla.co\\\/Revista\\\/la-importancia-de-mejorar-y-reforzar-las-habilidades-linguisticas-y-o-talentos-desde-pequenos\\\/\",\"url\":\"https:\\\/\\\/tuguia.combarranquilla.co\\\/Revista\\\/la-importancia-de-mejorar-y-reforzar-las-habilidades-linguisticas-y-o-talentos-desde-pequenos\\\/\",\"name\":\"La importancia de mejorar y reforzar las habilidades ling\u00fc\u00edsticas y\\\/o talentos desde peque\u00f1os - Tu Gu\u00eda\",\"isPartOf\":{\"@id\":\"https:\\\/\\\/tuguia.combarranquilla.co\\\/Revista\\\/#website\"},\"primaryImageOfPage\":{\"@id\":\"https:\\\/\\\/tuguia.combarranquilla.co\\\/Revista\\\/la-importancia-de-mejorar-y-reforzar-las-habilidades-linguisticas-y-o-talentos-desde-pequenos\\\/#primaryimage\"},\"image\":{\"@id\":\"https:\\\/\\\/tuguia.combarranquilla.co\\\/Revista\\\/la-importancia-de-mejorar-y-reforzar-las-habilidades-linguisticas-y-o-talentos-desde-pequenos\\\/#primaryimage\"},\"thumbnailUrl\":\"https:\\\/\\\/tuguia.combarranquilla.co\\\/Revista\\\/wp-content\\\/uploads\\\/2023\\\/02\\\/pexels-monstera-5063465-scaled.jpg\",\"datePublished\":\"2023-02-01T19:10:30+00:00\",\"dateModified\":\"2023-02-10T19:15:05+00:00\",\"breadcrumb\":{\"@id\":\"https:\\\/\\\/tuguia.combarranquilla.co\\\/Revista\\\/la-importancia-de-mejorar-y-reforzar-las-habilidades-linguisticas-y-o-talentos-desde-pequenos\\\/#breadcrumb\"},\"inLanguage\":\"es-CO\",\"potentialAction\":[{\"@type\":\"ReadAction\",\"target\":[\"https:\\\/\\\/tuguia.combarranquilla.co\\\/Revista\\\/la-importancia-de-mejorar-y-reforzar-las-habilidades-linguisticas-y-o-talentos-desde-pequenos\\\/\"]}]},{\"@type\":\"ImageObject\",\"inLanguage\":\"es-CO\",\"@id\":\"https:\\\/\\\/tuguia.combarranquilla.co\\\/Revista\\\/la-importancia-de-mejorar-y-reforzar-las-habilidades-linguisticas-y-o-talentos-desde-pequenos\\\/#primaryimage\",\"url\":\"https:\\\/\\\/tuguia.combarranquilla.co\\\/Revista\\\/wp-content\\\/uploads\\\/2023\\\/02\\\/pexels-monstera-5063465-scaled.jpg\",\"contentUrl\":\"https:\\\/\\\/tuguia.combarranquilla.co\\\/Revista\\\/wp-content\\\/uploads\\\/2023\\\/02\\\/pexels-monstera-5063465-scaled.jpg\",\"width\":2560,\"height\":1707},{\"@type\":\"BreadcrumbList\",\"@id\":\"https:\\\/\\\/tuguia.combarranquilla.co\\\/Revista\\\/la-importancia-de-mejorar-y-reforzar-las-habilidades-linguisticas-y-o-talentos-desde-pequenos\\\/#breadcrumb\",\"itemListElement\":[{\"@type\":\"ListItem\",\"position\":1,\"name\":\"Inicio\",\"item\":\"https:\\\/\\\/tuguia.combarranquilla.co\\\/Revista\\\/\"},{\"@type\":\"ListItem\",\"position\":2,\"name\":\"La importancia de mejorar y reforzar las habilidades ling\u00fc\u00edsticas y\\\/o talentos desde peque\u00f1os\"}]},{\"@type\":\"WebSite\",\"@id\":\"https:\\\/\\\/tuguia.combarranquilla.co\\\/Revista\\\/#website\",\"url\":\"https:\\\/\\\/tuguia.combarranquilla.co\\\/Revista\\\/\",\"name\":\"Tu Gu\u00eda\",\"description\":\"La revista donde lo tienes todo.\",\"publisher\":{\"@id\":\"https:\\\/\\\/tuguia.combarranquilla.co\\\/Revista\\\/#organization\"},\"alternateName\":\"Tu Gu\u00eda Combarranquilla\",\"potentialAction\":[{\"@type\":\"SearchAction\",\"target\":{\"@type\":\"EntryPoint\",\"urlTemplate\":\"https:\\\/\\\/tuguia.combarranquilla.co\\\/Revista\\\/?s={search_term_string}\"},\"query-input\":{\"@type\":\"PropertyValueSpecification\",\"valueRequired\":true,\"valueName\":\"search_term_string\"}}],\"inLanguage\":\"es-CO\"},{\"@type\":\"Organization\",\"@id\":\"https:\\\/\\\/tuguia.combarranquilla.co\\\/Revista\\\/#organization\",\"name\":\"Tu Gu\u00eda Combarranquilla\",\"url\":\"https:\\\/\\\/tuguia.combarranquilla.co\\\/Revista\\\/\",\"logo\":{\"@type\":\"ImageObject\",\"inLanguage\":\"es-CO\",\"@id\":\"https:\\\/\\\/tuguia.combarranquilla.co\\\/Revista\\\/#\\\/schema\\\/logo\\\/image\\\/\",\"url\":\"https:\\\/\\\/tuguia.combarranquilla.co\\\/Revista\\\/wp-content\\\/uploads\\\/2022\\\/02\\\/logo-guia-combarranquilla.svg\",\"contentUrl\":\"https:\\\/\\\/tuguia.combarranquilla.co\\\/Revista\\\/wp-content\\\/uploads\\\/2022\\\/02\\\/logo-guia-combarranquilla.svg\",\"caption\":\"Tu Gu\u00eda Combarranquilla\"},\"image\":{\"@id\":\"https:\\\/\\\/tuguia.combarranquilla.co\\\/Revista\\\/#\\\/schema\\\/logo\\\/image\\\/\"}},{\"@type\":\"Person\",\"@id\":\"https:\\\/\\\/tuguia.combarranquilla.co\\\/Revista\\\/#\\\/schema\\\/person\\\/c2c396a77170bd1d5f8ba73294eb0d10\",\"name\":\"Comunicaciones Combarranquilla\",\"image\":{\"@type\":\"ImageObject\",\"inLanguage\":\"es-CO\",\"@id\":\"https:\\\/\\\/tuguia.combarranquilla.co\\\/Revista\\\/wp-content\\\/uploads\\\/2025\\\/05\\\/ABC-Al-Rojo-Logo-96x96.jpg\",\"url\":\"https:\\\/\\\/tuguia.combarranquilla.co\\\/Revista\\\/wp-content\\\/uploads\\\/2025\\\/05\\\/ABC-Al-Rojo-Logo-96x96.jpg\",\"contentUrl\":\"https:\\\/\\\/tuguia.combarranquilla.co\\\/Revista\\\/wp-content\\\/uploads\\\/2025\\\/05\\\/ABC-Al-Rojo-Logo-96x96.jpg\",\"caption\":\"Comunicaciones Combarranquilla\"},\"sameAs\":[\"https:\\\/\\\/www.combarranquilla.co\"],\"url\":\"https:\\\/\\\/tuguia.combarranquilla.co\\\/Revista\\\/author\\\/comunicaciones\\\/\"}]}<\/script>\n<!-- \/ Yoast SEO plugin. -->","yoast_head_json":{"title":"La importancia de mejorar y reforzar las habilidades ling\u00fc\u00edsticas y\/o talentos desde peque\u00f1os - Tu Gu\u00eda","robots":{"index":"index","follow":"follow","max-snippet":"max-snippet:-1","max-image-preview":"max-image-preview:large","max-video-preview":"max-video-preview:-1"},"canonical":"https:\/\/tuguia.combarranquilla.co\/Revista\/la-importancia-de-mejorar-y-reforzar-las-habilidades-linguisticas-y-o-talentos-desde-pequenos\/","og_locale":"es_ES","og_type":"article","og_title":"La importancia de mejorar y reforzar las habilidades ling\u00fc\u00edsticas y\/o talentos desde peque\u00f1os - Tu Gu\u00eda","og_description":"Aumentar el autoestima, la confianza, estimular y desarrollar las habilidades con talleres y cursos adecuados. Si desde peque\u00f1os realizan el ejercicio de enfocarse en lo positivo, sembrar\u00e1n una vida llena de soluciones, oportunidades y metas. Donde, la seguridad y la confianza ser\u00e1n la mejor herramienta para lidiar cada situaci\u00f3n. Es por eso, que es fundamental [&hellip;]","og_url":"https:\/\/tuguia.combarranquilla.co\/Revista\/la-importancia-de-mejorar-y-reforzar-las-habilidades-linguisticas-y-o-talentos-desde-pequenos\/","og_site_name":"Tu Gu\u00eda","article_published_time":"2023-02-01T19:10:30+00:00","article_modified_time":"2023-02-10T19:15:05+00:00","og_image":[{"width":2560,"height":1707,"url":"https:\/\/tuguia.combarranquilla.co\/Revista\/wp-content\/uploads\/2023\/02\/pexels-monstera-5063465-scaled.jpg","type":"image\/jpeg"}],"author":"Comunicaciones Combarranquilla","twitter_card":"summary_large_image","twitter_misc":{"Escrito por":"Comunicaciones Combarranquilla","Tiempo de lectura":"1 minuto"},"schema":{"@context":"https:\/\/schema.org","@graph":[{"@type":"Article","@id":"https:\/\/tuguia.combarranquilla.co\/Revista\/la-importancia-de-mejorar-y-reforzar-las-habilidades-linguisticas-y-o-talentos-desde-pequenos\/#article","isPartOf":{"@id":"https:\/\/tuguia.combarranquilla.co\/Revista\/la-importancia-de-mejorar-y-reforzar-las-habilidades-linguisticas-y-o-talentos-desde-pequenos\/"},"author":{"name":"Comunicaciones Combarranquilla","@id":"https:\/\/tuguia.combarranquilla.co\/Revista\/#\/schema\/person\/c2c396a77170bd1d5f8ba73294eb0d10"},"headline":"La importancia de mejorar y reforzar las habilidades ling\u00fc\u00edsticas y\/o talentos desde peque\u00f1os","datePublished":"2023-02-01T19:10:30+00:00","dateModified":"2023-02-10T19:15:05+00:00","mainEntityOfPage":{"@id":"https:\/\/tuguia.combarranquilla.co\/Revista\/la-importancia-de-mejorar-y-reforzar-las-habilidades-linguisticas-y-o-talentos-desde-pequenos\/"},"wordCount":144,"commentCount":0,"publisher":{"@id":"https:\/\/tuguia.combarranquilla.co\/Revista\/#organization"},"image":{"@id":"https:\/\/tuguia.combarranquilla.co\/Revista\/la-importancia-de-mejorar-y-reforzar-las-habilidades-linguisticas-y-o-talentos-desde-pequenos\/#primaryimage"},"thumbnailUrl":"https:\/\/tuguia.combarranquilla.co\/Revista\/wp-content\/uploads\/2023\/02\/pexels-monstera-5063465-scaled.jpg","articleSection":["FORMACI\u00d3N"],"inLanguage":"es-CO","potentialAction":[{"@type":"CommentAction","name":"Comment","target":["https:\/\/tuguia.combarranquilla.co\/Revista\/la-importancia-de-mejorar-y-reforzar-las-habilidades-linguisticas-y-o-talentos-desde-pequenos\/#respond"]}]},{"@type":"WebPage","@id":"https:\/\/tuguia.combarranquilla.co\/Revista\/la-importancia-de-mejorar-y-reforzar-las-habilidades-linguisticas-y-o-talentos-desde-pequenos\/","url":"https:\/\/tuguia.combarranquilla.co\/Revista\/la-importancia-de-mejorar-y-reforzar-las-habilidades-linguisticas-y-o-talentos-desde-pequenos\/","name":"La importancia de mejorar y reforzar las habilidades ling\u00fc\u00edsticas y\/o talentos desde peque\u00f1os - Tu Gu\u00eda","isPartOf":{"@id":"https:\/\/tuguia.combarranquilla.co\/Revista\/#website"},"primaryImageOfPage":{"@id":"https:\/\/tuguia.combarranquilla.co\/Revista\/la-importancia-de-mejorar-y-reforzar-las-habilidades-linguisticas-y-o-talentos-desde-pequenos\/#primaryimage"},"image":{"@id":"https:\/\/tuguia.combarranquilla.co\/Revista\/la-importancia-de-mejorar-y-reforzar-las-habilidades-linguisticas-y-o-talentos-desde-pequenos\/#primaryimage"},"thumbnailUrl":"https:\/\/tuguia.combarranquilla.co\/Revista\/wp-content\/uploads\/2023\/02\/pexels-monstera-5063465-scaled.jpg","datePublished":"2023-02-01T19:10:30+00:00","dateModified":"2023-02-10T19:15:05+00:00","breadcrumb":{"@id":"https:\/\/tuguia.combarranquilla.co\/Revista\/la-importancia-de-mejorar-y-reforzar-las-habilidades-linguisticas-y-o-talentos-desde-pequenos\/#breadcrumb"},"inLanguage":"es-CO","potentialAction":[{"@type":"ReadAction","target":["https:\/\/tuguia.combarranquilla.co\/Revista\/la-importancia-de-mejorar-y-reforzar-las-habilidades-linguisticas-y-o-talentos-desde-pequenos\/"]}]},{"@type":"ImageObject","inLanguage":"es-CO","@id":"https:\/\/tuguia.combarranquilla.co\/Revista\/la-importancia-de-mejorar-y-reforzar-las-habilidades-linguisticas-y-o-talentos-desde-pequenos\/#primaryimage","url":"https:\/\/tuguia.combarranquilla.co\/Revista\/wp-content\/uploads\/2023\/02\/pexels-monstera-5063465-scaled.jpg","contentUrl":"https:\/\/tuguia.combarranquilla.co\/Revista\/wp-content\/uploads\/2023\/02\/pexels-monstera-5063465-scaled.jpg","width":2560,"height":1707},{"@type":"BreadcrumbList","@id":"https:\/\/tuguia.combarranquilla.co\/Revista\/la-importancia-de-mejorar-y-reforzar-las-habilidades-linguisticas-y-o-talentos-desde-pequenos\/#breadcrumb","itemListElement":[{"@type":"ListItem","position":1,"name":"Inicio","item":"https:\/\/tuguia.combarranquilla.co\/Revista\/"},{"@type":"ListItem","position":2,"name":"La importancia de mejorar y reforzar las habilidades ling\u00fc\u00edsticas y\/o talentos desde peque\u00f1os"}]},{"@type":"WebSite","@id":"https:\/\/tuguia.combarranquilla.co\/Revista\/#website","url":"https:\/\/tuguia.combarranquilla.co\/Revista\/","name":"Tu Gu\u00eda","description":"La revista donde lo tienes todo.","publisher":{"@id":"https:\/\/tuguia.combarranquilla.co\/Revista\/#organization"},"alternateName":"Tu Gu\u00eda Combarranquilla","potentialAction":[{"@type":"SearchAction","target":{"@type":"EntryPoint","urlTemplate":"https:\/\/tuguia.combarranquilla.co\/Revista\/?s={search_term_string}"},"query-input":{"@type":"PropertyValueSpecification","valueRequired":true,"valueName":"search_term_string"}}],"inLanguage":"es-CO"},{"@type":"Organization","@id":"https:\/\/tuguia.combarranquilla.co\/Revista\/#organization","name":"Tu Gu\u00eda Combarranquilla","url":"https:\/\/tuguia.combarranquilla.co\/Revista\/","logo":{"@type":"ImageObject","inLanguage":"es-CO","@id":"https:\/\/tuguia.combarranquilla.co\/Revista\/#\/schema\/logo\/image\/","url":"https:\/\/tuguia.combarranquilla.co\/Revista\/wp-content\/uploads\/2022\/02\/logo-guia-combarranquilla.svg","contentUrl":"https:\/\/tuguia.combarranquilla.co\/Revista\/wp-content\/uploads\/2022\/02\/logo-guia-combarranquilla.svg","caption":"Tu Gu\u00eda Combarranquilla"},"image":{"@id":"https:\/\/tuguia.combarranquilla.co\/Revista\/#\/schema\/logo\/image\/"}},{"@type":"Person","@id":"https:\/\/tuguia.combarranquilla.co\/Revista\/#\/schema\/person\/c2c396a77170bd1d5f8ba73294eb0d10","name":"Comunicaciones Combarranquilla","image":{"@type":"ImageObject","inLanguage":"es-CO","@id":"https:\/\/tuguia.combarranquilla.co\/Revista\/wp-content\/uploads\/2025\/05\/ABC-Al-Rojo-Logo-96x96.jpg","url":"https:\/\/tuguia.combarranquilla.co\/Revista\/wp-content\/uploads\/2025\/05\/ABC-Al-Rojo-Logo-96x96.jpg","contentUrl":"https:\/\/tuguia.combarranquilla.co\/Revista\/wp-content\/uploads\/2025\/05\/ABC-Al-Rojo-Logo-96x96.jpg","caption":"Comunicaciones Combarranquilla"},"sameAs":["https:\/\/www.combarranquilla.co"],"url":"https:\/\/tuguia.combarranquilla.co\/Revista\/author\/comunicaciones\/"}]}},"_links":{"self":[{"href":"https:\/\/tuguia.combarranquilla.co\/Revista\/wp-json\/wp\/v2\/posts\/1634","targetHints":{"allow":["GET"]}}],"collection":[{"href":"https:\/\/tuguia.combarranquilla.co\/Revista\/wp-json\/wp\/v2\/posts"}],"about":[{"href":"https:\/\/tuguia.combarranquilla.co\/Revista\/wp-json\/wp\/v2\/types\/post"}],"author":[{"embeddable":true,"href":"https:\/\/tuguia.combarranquilla.co\/Revista\/wp-json\/wp\/v2\/users\/2"}],"replies":[{"embeddable":true,"href":"https:\/\/tuguia.combarranquilla.co\/Revista\/wp-json\/wp\/v2\/comments?post=1634"}],"version-history":[{"count":9,"href":"https:\/\/tuguia.combarranquilla.co\/Revista\/wp-json\/wp\/v2\/posts\/1634\/revisions"}],"predecessor-version":[{"id":1651,"href":"https:\/\/tuguia.combarranquilla.co\/Revista\/wp-json\/wp\/v2\/posts\/1634\/revisions\/1651"}],"wp:featuredmedia":[{"embeddable":true,"href":"https:\/\/tuguia.combarranquilla.co\/Revista\/wp-json\/wp\/v2\/media\/1636"}],"wp:attachment":[{"href":"https:\/\/tuguia.combarranquilla.co\/Revista\/wp-json\/wp\/v2\/media?parent=1634"}],"wp:term":[{"taxonomy":"category","embeddable":true,"href":"https:\/\/tuguia.combarranquilla.co\/Revista\/wp-json\/wp\/v2\/categories?post=1634"},{"taxonomy":"post_tag","embeddable":true,"href":"https:\/\/tuguia.combarranquilla.co\/Revista\/wp-json\/wp\/v2\/tags?post=1634"}],"curies":[{"name":"wp","href":"https:\/\/api.w.org\/{rel}","templated":true}]}}