{"id":1664,"date":"2023-03-01T10:00:00","date_gmt":"2023-03-01T15:00:00","guid":{"rendered":"https:\/\/tuguia.combarranquilla.co\/Revista\/?p=1664"},"modified":"2023-03-02T16:25:58","modified_gmt":"2023-03-02T21:25:58","slug":"bienvenido-marzo-mes-de-la-mujer","status":"publish","type":"post","link":"https:\/\/tuguia.combarranquilla.co\/Revista\/bienvenido-marzo-mes-de-la-mujer\/","title":{"rendered":"\u00a1Bienvenido marzo! mes de la mujer"},"content":{"rendered":"\n<p>En este mes tan especial, la Agencia de Empleo Combarranquilla, desea celebrar el D\u00eda Internacional de la Mujer a trav\u00e9s de actividades recreativas, taller de empoderamiento femenino, orientaci\u00f3n laboral, vacantes y mucho m\u00e1s. <\/p>\n\n\n\n<p>Este evento se realizar\u00e1 el jueves 9 de marzo en la Unidad Combarranquilla Country, Sal\u00f3n Perla (tercer piso) y tendr\u00e1 la participaci\u00f3n de varias empresas que buscan vincular a mujeres con un buen perfil laboral profesional. <\/p>\n\n\n\n<p><em>Conocemos la importancia de conmemorar esta fecha, por eso, invitamos a todas las mujeres que nos siguen para que vengan y disfruten de una jornada amena con nosotros<\/em>, afirm\u00f3 Yira Reales, Jefe del Centro de Empleo.<\/p>\n\n\n\n<h2 class=\"wp-block-heading\">\u00bfSab\u00edas qu\u00e9? #DatosHist\u00f3ricos <\/h2>\n\n\n\n<p>El 8 de marzo de 1908, 15mil mujeres marcharon por Nueva York para reclamar sus derechos, exigir menos horas de trabajo, mejores salarios y derecho al voto. En su mayor\u00eda, eran trabajadoras de la f\u00e1brica&nbsp;Cotton.<\/p>\n\n\n\n<p>Clara Zetkin, comunista alemana y defensora de los derechos de la mujer, propuso celebrar, el 8 de marzo en recuerdo de la muerte de estas trabajadoras y denominarlo, <strong>D\u00eda Internacional de la Mujer Trabajadora<\/strong>.<\/p>\n\n\n<div class=\"wp-block-image\">\n<figure class=\"aligncenter size-full\"><img decoding=\"async\" width=\"700\" height=\"300\" data-src=\"https:\/\/tuguia.combarranquilla.co\/Revista\/wp-content\/uploads\/2023\/03\/marcha-dia-de-la-mujer.jpg\" alt=\"\" class=\"wp-image-1673 lazyload\" data-srcset=\"https:\/\/tuguia.combarranquilla.co\/Revista\/wp-content\/uploads\/2023\/03\/marcha-dia-de-la-mujer.jpg 700w, https:\/\/tuguia.combarranquilla.co\/Revista\/wp-content\/uploads\/2023\/03\/marcha-dia-de-la-mujer-300x129.jpg 300w\" data-sizes=\"(max-width: 700px) 100vw, 700px\" src=\"data:image\/svg+xml;base64,PHN2ZyB3aWR0aD0iMSIgaGVpZ2h0PSIxIiB4bWxucz0iaHR0cDovL3d3dy53My5vcmcvMjAwMC9zdmciPjwvc3ZnPg==\" style=\"--smush-placeholder-width: 700px; --smush-placeholder-aspect-ratio: 700\/300;\" \/><figcaption class=\"wp-element-caption\"><em>1908<\/em><\/figcaption><\/figure><\/div>\n\n\n<p>Esta conmemoraci\u00f3n representa el liderazgo, la perseverancia, fuerza y valent\u00eda de muchas mujeres unidas por un mismo prop\u00f3sito: igualdad de g\u00e9nero; un ejemplo para la sociedad que hoy en d\u00eda ha contribuido en el papel de la mujer dentro de su \u00e1mbito laboral, familiar y amoroso. <\/p>\n\n\n\n<h2 class=\"wp-block-heading\">Portal de vacantes<\/h2>\n\n\n\n<p>Si est\u00e1s en busca de empleo, recuerda que puedes registrar tu hoja de vida en: <a rel=\"noreferrer noopener\" href=\"https:\/\/personas.serviciodeempleo.gov.co\/login.aspx\" target=\"_blank\">https:\/\/personas.serviciodeempleo.gov.co\/login.aspx<\/a> <\/p>\n\n\n\n<p>A trav\u00e9s de la Agencia de Empleo Combarranquilla puedes:<\/p>\n\n\n\n<ul class=\"wp-block-list\">\n<li>Capacitarte de forma gratuita.<\/li>\n\n\n\n<li>Recibir orientaci\u00f3n laboral.<\/li>\n\n\n\n<li>Participar en ferias masivas.<\/li>\n<\/ul>\n\n\n\n<h2 class=\"has-text-align-center wp-block-heading\">\u00a1SOMOS TU ALIADO EFECTIVO!<\/h2>\n","protected":false},"excerpt":{"rendered":"<p>En este mes tan especial, la Agencia de Empleo Combarranquilla, desea celebrar el D\u00eda Internacional de la Mujer a trav\u00e9s de actividades recreativas, taller de empoderamiento femenino, orientaci\u00f3n laboral, vacantes y mucho m\u00e1s. Este evento se realizar\u00e1 el jueves 9 de marzo en la Unidad Combarranquilla Country, Sal\u00f3n Perla (tercer piso) y tendr\u00e1 la participaci\u00f3n [&hellip;]<\/p>\n","protected":false},"author":2,"featured_media":1665,"comment_status":"open","ping_status":"open","sticky":false,"template":"","format":"standard","meta":{"inline_featured_image":false,"footnotes":""},"categories":[6],"tags":[],"class_list":["post-1664","post","type-post","status-publish","format-standard","has-post-thumbnail","hentry","category-empleabilidad"],"yoast_head":"<!-- This site is optimized with the Yoast SEO plugin v27.4 - https:\/\/yoast.com\/product\/yoast-seo-wordpress\/ -->\n<title>\u00a1Bienvenido marzo! mes de la mujer - Tu Gu\u00eda<\/title>\n<meta name=\"robots\" content=\"index, follow, max-snippet:-1, max-image-preview:large, max-video-preview:-1\" \/>\n<link rel=\"canonical\" href=\"https:\/\/tuguia.combarranquilla.co\/Revista\/bienvenido-marzo-mes-de-la-mujer\/\" \/>\n<meta property=\"og:locale\" content=\"es_ES\" \/>\n<meta property=\"og:type\" content=\"article\" \/>\n<meta property=\"og:title\" content=\"\u00a1Bienvenido marzo! mes de la mujer - Tu Gu\u00eda\" \/>\n<meta property=\"og:description\" content=\"En este mes tan especial, la Agencia de Empleo Combarranquilla, desea celebrar el D\u00eda Internacional de la Mujer a trav\u00e9s de actividades recreativas, taller de empoderamiento femenino, orientaci\u00f3n laboral, vacantes y mucho m\u00e1s. Este evento se realizar\u00e1 el jueves 9 de marzo en la Unidad Combarranquilla Country, Sal\u00f3n Perla (tercer piso) y tendr\u00e1 la participaci\u00f3n [&hellip;]\" \/>\n<meta property=\"og:url\" content=\"https:\/\/tuguia.combarranquilla.co\/Revista\/bienvenido-marzo-mes-de-la-mujer\/\" \/>\n<meta property=\"og:site_name\" content=\"Tu Gu\u00eda\" \/>\n<meta property=\"article:published_time\" content=\"2023-03-01T15:00:00+00:00\" \/>\n<meta property=\"article:modified_time\" content=\"2023-03-02T21:25:58+00:00\" \/>\n<meta property=\"og:image\" content=\"https:\/\/tuguia.combarranquilla.co\/Revista\/wp-content\/uploads\/2023\/03\/DIA-DE-LA-MUJER-3.jpg\" \/>\n\t<meta property=\"og:image:width\" content=\"1080\" \/>\n\t<meta property=\"og:image:height\" content=\"1080\" \/>\n\t<meta property=\"og:image:type\" content=\"image\/jpeg\" \/>\n<meta name=\"author\" content=\"Comunicaciones Combarranquilla\" \/>\n<meta name=\"twitter:card\" content=\"summary_large_image\" \/>\n<meta name=\"twitter:label1\" content=\"Escrito por\" \/>\n\t<meta name=\"twitter:data1\" content=\"Comunicaciones Combarranquilla\" \/>\n\t<meta name=\"twitter:label2\" content=\"Tiempo de lectura\" \/>\n\t<meta name=\"twitter:data2\" content=\"1 minuto\" \/>\n<script type=\"application\/ld+json\" class=\"yoast-schema-graph\">{\"@context\":\"https:\\\/\\\/schema.org\",\"@graph\":[{\"@type\":\"Article\",\"@id\":\"https:\\\/\\\/tuguia.combarranquilla.co\\\/Revista\\\/bienvenido-marzo-mes-de-la-mujer\\\/#article\",\"isPartOf\":{\"@id\":\"https:\\\/\\\/tuguia.combarranquilla.co\\\/Revista\\\/bienvenido-marzo-mes-de-la-mujer\\\/\"},\"author\":{\"name\":\"Comunicaciones Combarranquilla\",\"@id\":\"https:\\\/\\\/tuguia.combarranquilla.co\\\/Revista\\\/#\\\/schema\\\/person\\\/c2c396a77170bd1d5f8ba73294eb0d10\"},\"headline\":\"\u00a1Bienvenido marzo! mes de la mujer\",\"datePublished\":\"2023-03-01T15:00:00+00:00\",\"dateModified\":\"2023-03-02T21:25:58+00:00\",\"mainEntityOfPage\":{\"@id\":\"https:\\\/\\\/tuguia.combarranquilla.co\\\/Revista\\\/bienvenido-marzo-mes-de-la-mujer\\\/\"},\"wordCount\":295,\"commentCount\":0,\"publisher\":{\"@id\":\"https:\\\/\\\/tuguia.combarranquilla.co\\\/Revista\\\/#organization\"},\"image\":{\"@id\":\"https:\\\/\\\/tuguia.combarranquilla.co\\\/Revista\\\/bienvenido-marzo-mes-de-la-mujer\\\/#primaryimage\"},\"thumbnailUrl\":\"https:\\\/\\\/tuguia.combarranquilla.co\\\/Revista\\\/wp-content\\\/uploads\\\/2023\\\/03\\\/DIA-DE-LA-MUJER-3.jpg\",\"articleSection\":[\"EMPLEABILIDAD\"],\"inLanguage\":\"es-CO\",\"potentialAction\":[{\"@type\":\"CommentAction\",\"name\":\"Comment\",\"target\":[\"https:\\\/\\\/tuguia.combarranquilla.co\\\/Revista\\\/bienvenido-marzo-mes-de-la-mujer\\\/#respond\"]}]},{\"@type\":\"WebPage\",\"@id\":\"https:\\\/\\\/tuguia.combarranquilla.co\\\/Revista\\\/bienvenido-marzo-mes-de-la-mujer\\\/\",\"url\":\"https:\\\/\\\/tuguia.combarranquilla.co\\\/Revista\\\/bienvenido-marzo-mes-de-la-mujer\\\/\",\"name\":\"\u00a1Bienvenido marzo! mes de la mujer - Tu Gu\u00eda\",\"isPartOf\":{\"@id\":\"https:\\\/\\\/tuguia.combarranquilla.co\\\/Revista\\\/#website\"},\"primaryImageOfPage\":{\"@id\":\"https:\\\/\\\/tuguia.combarranquilla.co\\\/Revista\\\/bienvenido-marzo-mes-de-la-mujer\\\/#primaryimage\"},\"image\":{\"@id\":\"https:\\\/\\\/tuguia.combarranquilla.co\\\/Revista\\\/bienvenido-marzo-mes-de-la-mujer\\\/#primaryimage\"},\"thumbnailUrl\":\"https:\\\/\\\/tuguia.combarranquilla.co\\\/Revista\\\/wp-content\\\/uploads\\\/2023\\\/03\\\/DIA-DE-LA-MUJER-3.jpg\",\"datePublished\":\"2023-03-01T15:00:00+00:00\",\"dateModified\":\"2023-03-02T21:25:58+00:00\",\"breadcrumb\":{\"@id\":\"https:\\\/\\\/tuguia.combarranquilla.co\\\/Revista\\\/bienvenido-marzo-mes-de-la-mujer\\\/#breadcrumb\"},\"inLanguage\":\"es-CO\",\"potentialAction\":[{\"@type\":\"ReadAction\",\"target\":[\"https:\\\/\\\/tuguia.combarranquilla.co\\\/Revista\\\/bienvenido-marzo-mes-de-la-mujer\\\/\"]}]},{\"@type\":\"ImageObject\",\"inLanguage\":\"es-CO\",\"@id\":\"https:\\\/\\\/tuguia.combarranquilla.co\\\/Revista\\\/bienvenido-marzo-mes-de-la-mujer\\\/#primaryimage\",\"url\":\"https:\\\/\\\/tuguia.combarranquilla.co\\\/Revista\\\/wp-content\\\/uploads\\\/2023\\\/03\\\/DIA-DE-LA-MUJER-3.jpg\",\"contentUrl\":\"https:\\\/\\\/tuguia.combarranquilla.co\\\/Revista\\\/wp-content\\\/uploads\\\/2023\\\/03\\\/DIA-DE-LA-MUJER-3.jpg\",\"width\":1080,\"height\":1080},{\"@type\":\"BreadcrumbList\",\"@id\":\"https:\\\/\\\/tuguia.combarranquilla.co\\\/Revista\\\/bienvenido-marzo-mes-de-la-mujer\\\/#breadcrumb\",\"itemListElement\":[{\"@type\":\"ListItem\",\"position\":1,\"name\":\"Inicio\",\"item\":\"https:\\\/\\\/tuguia.combarranquilla.co\\\/Revista\\\/\"},{\"@type\":\"ListItem\",\"position\":2,\"name\":\"\u00a1Bienvenido marzo! mes de la mujer\"}]},{\"@type\":\"WebSite\",\"@id\":\"https:\\\/\\\/tuguia.combarranquilla.co\\\/Revista\\\/#website\",\"url\":\"https:\\\/\\\/tuguia.combarranquilla.co\\\/Revista\\\/\",\"name\":\"Tu Gu\u00eda\",\"description\":\"La revista donde lo tienes todo.\",\"publisher\":{\"@id\":\"https:\\\/\\\/tuguia.combarranquilla.co\\\/Revista\\\/#organization\"},\"alternateName\":\"Tu Gu\u00eda Combarranquilla\",\"potentialAction\":[{\"@type\":\"SearchAction\",\"target\":{\"@type\":\"EntryPoint\",\"urlTemplate\":\"https:\\\/\\\/tuguia.combarranquilla.co\\\/Revista\\\/?s={search_term_string}\"},\"query-input\":{\"@type\":\"PropertyValueSpecification\",\"valueRequired\":true,\"valueName\":\"search_term_string\"}}],\"inLanguage\":\"es-CO\"},{\"@type\":\"Organization\",\"@id\":\"https:\\\/\\\/tuguia.combarranquilla.co\\\/Revista\\\/#organization\",\"name\":\"Tu Gu\u00eda Combarranquilla\",\"url\":\"https:\\\/\\\/tuguia.combarranquilla.co\\\/Revista\\\/\",\"logo\":{\"@type\":\"ImageObject\",\"inLanguage\":\"es-CO\",\"@id\":\"https:\\\/\\\/tuguia.combarranquilla.co\\\/Revista\\\/#\\\/schema\\\/logo\\\/image\\\/\",\"url\":\"https:\\\/\\\/tuguia.combarranquilla.co\\\/Revista\\\/wp-content\\\/uploads\\\/2022\\\/02\\\/logo-guia-combarranquilla.svg\",\"contentUrl\":\"https:\\\/\\\/tuguia.combarranquilla.co\\\/Revista\\\/wp-content\\\/uploads\\\/2022\\\/02\\\/logo-guia-combarranquilla.svg\",\"caption\":\"Tu Gu\u00eda Combarranquilla\"},\"image\":{\"@id\":\"https:\\\/\\\/tuguia.combarranquilla.co\\\/Revista\\\/#\\\/schema\\\/logo\\\/image\\\/\"}},{\"@type\":\"Person\",\"@id\":\"https:\\\/\\\/tuguia.combarranquilla.co\\\/Revista\\\/#\\\/schema\\\/person\\\/c2c396a77170bd1d5f8ba73294eb0d10\",\"name\":\"Comunicaciones Combarranquilla\",\"image\":{\"@type\":\"ImageObject\",\"inLanguage\":\"es-CO\",\"@id\":\"https:\\\/\\\/tuguia.combarranquilla.co\\\/Revista\\\/wp-content\\\/uploads\\\/2025\\\/05\\\/ABC-Al-Rojo-Logo-96x96.jpg\",\"url\":\"https:\\\/\\\/tuguia.combarranquilla.co\\\/Revista\\\/wp-content\\\/uploads\\\/2025\\\/05\\\/ABC-Al-Rojo-Logo-96x96.jpg\",\"contentUrl\":\"https:\\\/\\\/tuguia.combarranquilla.co\\\/Revista\\\/wp-content\\\/uploads\\\/2025\\\/05\\\/ABC-Al-Rojo-Logo-96x96.jpg\",\"caption\":\"Comunicaciones Combarranquilla\"},\"sameAs\":[\"https:\\\/\\\/www.combarranquilla.co\"],\"url\":\"https:\\\/\\\/tuguia.combarranquilla.co\\\/Revista\\\/author\\\/comunicaciones\\\/\"}]}<\/script>\n<!-- \/ Yoast SEO plugin. -->","yoast_head_json":{"title":"\u00a1Bienvenido marzo! mes de la mujer - Tu Gu\u00eda","robots":{"index":"index","follow":"follow","max-snippet":"max-snippet:-1","max-image-preview":"max-image-preview:large","max-video-preview":"max-video-preview:-1"},"canonical":"https:\/\/tuguia.combarranquilla.co\/Revista\/bienvenido-marzo-mes-de-la-mujer\/","og_locale":"es_ES","og_type":"article","og_title":"\u00a1Bienvenido marzo! mes de la mujer - Tu Gu\u00eda","og_description":"En este mes tan especial, la Agencia de Empleo Combarranquilla, desea celebrar el D\u00eda Internacional de la Mujer a trav\u00e9s de actividades recreativas, taller de empoderamiento femenino, orientaci\u00f3n laboral, vacantes y mucho m\u00e1s. Este evento se realizar\u00e1 el jueves 9 de marzo en la Unidad Combarranquilla Country, Sal\u00f3n Perla (tercer piso) y tendr\u00e1 la participaci\u00f3n [&hellip;]","og_url":"https:\/\/tuguia.combarranquilla.co\/Revista\/bienvenido-marzo-mes-de-la-mujer\/","og_site_name":"Tu Gu\u00eda","article_published_time":"2023-03-01T15:00:00+00:00","article_modified_time":"2023-03-02T21:25:58+00:00","og_image":[{"width":1080,"height":1080,"url":"https:\/\/tuguia.combarranquilla.co\/Revista\/wp-content\/uploads\/2023\/03\/DIA-DE-LA-MUJER-3.jpg","type":"image\/jpeg"}],"author":"Comunicaciones Combarranquilla","twitter_card":"summary_large_image","twitter_misc":{"Escrito por":"Comunicaciones Combarranquilla","Tiempo de lectura":"1 minuto"},"schema":{"@context":"https:\/\/schema.org","@graph":[{"@type":"Article","@id":"https:\/\/tuguia.combarranquilla.co\/Revista\/bienvenido-marzo-mes-de-la-mujer\/#article","isPartOf":{"@id":"https:\/\/tuguia.combarranquilla.co\/Revista\/bienvenido-marzo-mes-de-la-mujer\/"},"author":{"name":"Comunicaciones Combarranquilla","@id":"https:\/\/tuguia.combarranquilla.co\/Revista\/#\/schema\/person\/c2c396a77170bd1d5f8ba73294eb0d10"},"headline":"\u00a1Bienvenido marzo! mes de la mujer","datePublished":"2023-03-01T15:00:00+00:00","dateModified":"2023-03-02T21:25:58+00:00","mainEntityOfPage":{"@id":"https:\/\/tuguia.combarranquilla.co\/Revista\/bienvenido-marzo-mes-de-la-mujer\/"},"wordCount":295,"commentCount":0,"publisher":{"@id":"https:\/\/tuguia.combarranquilla.co\/Revista\/#organization"},"image":{"@id":"https:\/\/tuguia.combarranquilla.co\/Revista\/bienvenido-marzo-mes-de-la-mujer\/#primaryimage"},"thumbnailUrl":"https:\/\/tuguia.combarranquilla.co\/Revista\/wp-content\/uploads\/2023\/03\/DIA-DE-LA-MUJER-3.jpg","articleSection":["EMPLEABILIDAD"],"inLanguage":"es-CO","potentialAction":[{"@type":"CommentAction","name":"Comment","target":["https:\/\/tuguia.combarranquilla.co\/Revista\/bienvenido-marzo-mes-de-la-mujer\/#respond"]}]},{"@type":"WebPage","@id":"https:\/\/tuguia.combarranquilla.co\/Revista\/bienvenido-marzo-mes-de-la-mujer\/","url":"https:\/\/tuguia.combarranquilla.co\/Revista\/bienvenido-marzo-mes-de-la-mujer\/","name":"\u00a1Bienvenido marzo! mes de la mujer - Tu Gu\u00eda","isPartOf":{"@id":"https:\/\/tuguia.combarranquilla.co\/Revista\/#website"},"primaryImageOfPage":{"@id":"https:\/\/tuguia.combarranquilla.co\/Revista\/bienvenido-marzo-mes-de-la-mujer\/#primaryimage"},"image":{"@id":"https:\/\/tuguia.combarranquilla.co\/Revista\/bienvenido-marzo-mes-de-la-mujer\/#primaryimage"},"thumbnailUrl":"https:\/\/tuguia.combarranquilla.co\/Revista\/wp-content\/uploads\/2023\/03\/DIA-DE-LA-MUJER-3.jpg","datePublished":"2023-03-01T15:00:00+00:00","dateModified":"2023-03-02T21:25:58+00:00","breadcrumb":{"@id":"https:\/\/tuguia.combarranquilla.co\/Revista\/bienvenido-marzo-mes-de-la-mujer\/#breadcrumb"},"inLanguage":"es-CO","potentialAction":[{"@type":"ReadAction","target":["https:\/\/tuguia.combarranquilla.co\/Revista\/bienvenido-marzo-mes-de-la-mujer\/"]}]},{"@type":"ImageObject","inLanguage":"es-CO","@id":"https:\/\/tuguia.combarranquilla.co\/Revista\/bienvenido-marzo-mes-de-la-mujer\/#primaryimage","url":"https:\/\/tuguia.combarranquilla.co\/Revista\/wp-content\/uploads\/2023\/03\/DIA-DE-LA-MUJER-3.jpg","contentUrl":"https:\/\/tuguia.combarranquilla.co\/Revista\/wp-content\/uploads\/2023\/03\/DIA-DE-LA-MUJER-3.jpg","width":1080,"height":1080},{"@type":"BreadcrumbList","@id":"https:\/\/tuguia.combarranquilla.co\/Revista\/bienvenido-marzo-mes-de-la-mujer\/#breadcrumb","itemListElement":[{"@type":"ListItem","position":1,"name":"Inicio","item":"https:\/\/tuguia.combarranquilla.co\/Revista\/"},{"@type":"ListItem","position":2,"name":"\u00a1Bienvenido marzo! mes de la mujer"}]},{"@type":"WebSite","@id":"https:\/\/tuguia.combarranquilla.co\/Revista\/#website","url":"https:\/\/tuguia.combarranquilla.co\/Revista\/","name":"Tu Gu\u00eda","description":"La revista donde lo tienes todo.","publisher":{"@id":"https:\/\/tuguia.combarranquilla.co\/Revista\/#organization"},"alternateName":"Tu Gu\u00eda Combarranquilla","potentialAction":[{"@type":"SearchAction","target":{"@type":"EntryPoint","urlTemplate":"https:\/\/tuguia.combarranquilla.co\/Revista\/?s={search_term_string}"},"query-input":{"@type":"PropertyValueSpecification","valueRequired":true,"valueName":"search_term_string"}}],"inLanguage":"es-CO"},{"@type":"Organization","@id":"https:\/\/tuguia.combarranquilla.co\/Revista\/#organization","name":"Tu Gu\u00eda Combarranquilla","url":"https:\/\/tuguia.combarranquilla.co\/Revista\/","logo":{"@type":"ImageObject","inLanguage":"es-CO","@id":"https:\/\/tuguia.combarranquilla.co\/Revista\/#\/schema\/logo\/image\/","url":"https:\/\/tuguia.combarranquilla.co\/Revista\/wp-content\/uploads\/2022\/02\/logo-guia-combarranquilla.svg","contentUrl":"https:\/\/tuguia.combarranquilla.co\/Revista\/wp-content\/uploads\/2022\/02\/logo-guia-combarranquilla.svg","caption":"Tu Gu\u00eda Combarranquilla"},"image":{"@id":"https:\/\/tuguia.combarranquilla.co\/Revista\/#\/schema\/logo\/image\/"}},{"@type":"Person","@id":"https:\/\/tuguia.combarranquilla.co\/Revista\/#\/schema\/person\/c2c396a77170bd1d5f8ba73294eb0d10","name":"Comunicaciones Combarranquilla","image":{"@type":"ImageObject","inLanguage":"es-CO","@id":"https:\/\/tuguia.combarranquilla.co\/Revista\/wp-content\/uploads\/2025\/05\/ABC-Al-Rojo-Logo-96x96.jpg","url":"https:\/\/tuguia.combarranquilla.co\/Revista\/wp-content\/uploads\/2025\/05\/ABC-Al-Rojo-Logo-96x96.jpg","contentUrl":"https:\/\/tuguia.combarranquilla.co\/Revista\/wp-content\/uploads\/2025\/05\/ABC-Al-Rojo-Logo-96x96.jpg","caption":"Comunicaciones Combarranquilla"},"sameAs":["https:\/\/www.combarranquilla.co"],"url":"https:\/\/tuguia.combarranquilla.co\/Revista\/author\/comunicaciones\/"}]}},"_links":{"self":[{"href":"https:\/\/tuguia.combarranquilla.co\/Revista\/wp-json\/wp\/v2\/posts\/1664","targetHints":{"allow":["GET"]}}],"collection":[{"href":"https:\/\/tuguia.combarranquilla.co\/Revista\/wp-json\/wp\/v2\/posts"}],"about":[{"href":"https:\/\/tuguia.combarranquilla.co\/Revista\/wp-json\/wp\/v2\/types\/post"}],"author":[{"embeddable":true,"href":"https:\/\/tuguia.combarranquilla.co\/Revista\/wp-json\/wp\/v2\/users\/2"}],"replies":[{"embeddable":true,"href":"https:\/\/tuguia.combarranquilla.co\/Revista\/wp-json\/wp\/v2\/comments?post=1664"}],"version-history":[{"count":19,"href":"https:\/\/tuguia.combarranquilla.co\/Revista\/wp-json\/wp\/v2\/posts\/1664\/revisions"}],"predecessor-version":[{"id":1686,"href":"https:\/\/tuguia.combarranquilla.co\/Revista\/wp-json\/wp\/v2\/posts\/1664\/revisions\/1686"}],"wp:featuredmedia":[{"embeddable":true,"href":"https:\/\/tuguia.combarranquilla.co\/Revista\/wp-json\/wp\/v2\/media\/1665"}],"wp:attachment":[{"href":"https:\/\/tuguia.combarranquilla.co\/Revista\/wp-json\/wp\/v2\/media?parent=1664"}],"wp:term":[{"taxonomy":"category","embeddable":true,"href":"https:\/\/tuguia.combarranquilla.co\/Revista\/wp-json\/wp\/v2\/categories?post=1664"},{"taxonomy":"post_tag","embeddable":true,"href":"https:\/\/tuguia.combarranquilla.co\/Revista\/wp-json\/wp\/v2\/tags?post=1664"}],"curies":[{"name":"wp","href":"https:\/\/api.w.org\/{rel}","templated":true}]}}