{"id":1688,"date":"2023-03-01T14:26:44","date_gmt":"2023-03-01T19:26:44","guid":{"rendered":"https:\/\/tuguia.combarranquilla.co\/Revista\/?p=1688"},"modified":"2023-03-13T15:09:03","modified_gmt":"2023-03-13T20:09:03","slug":"conoce-la-programacion-de-planetario-en-el-mes-de-marzo","status":"publish","type":"post","link":"https:\/\/tuguia.combarranquilla.co\/Revista\/conoce-la-programacion-de-planetario-en-el-mes-de-marzo\/","title":{"rendered":"Conoce la programaci\u00f3n de Planetario en el mes de marzo"},"content":{"rendered":"<div class=\"wp-block-image\">\n<figure class=\"aligncenter size-large is-resized\"><img decoding=\"async\" data-src=\"https:\/\/tuguia.combarranquilla.co\/Revista\/wp-content\/uploads\/2023\/03\/ESCUELA-DE-ROBOTICA-1024x1024.jpg\" alt=\"\" class=\"wp-image-1689 lazyload\" width=\"442\" height=\"442\" data-srcset=\"https:\/\/tuguia.combarranquilla.co\/Revista\/wp-content\/uploads\/2023\/03\/ESCUELA-DE-ROBOTICA-1024x1024.jpg 1024w, https:\/\/tuguia.combarranquilla.co\/Revista\/wp-content\/uploads\/2023\/03\/ESCUELA-DE-ROBOTICA-300x300.jpg 300w, https:\/\/tuguia.combarranquilla.co\/Revista\/wp-content\/uploads\/2023\/03\/ESCUELA-DE-ROBOTICA-150x150.jpg 150w, https:\/\/tuguia.combarranquilla.co\/Revista\/wp-content\/uploads\/2023\/03\/ESCUELA-DE-ROBOTICA-768x768.jpg 768w, https:\/\/tuguia.combarranquilla.co\/Revista\/wp-content\/uploads\/2023\/03\/ESCUELA-DE-ROBOTICA.jpg 1080w\" data-sizes=\"(max-width: 442px) 100vw, 442px\" src=\"data:image\/svg+xml;base64,PHN2ZyB3aWR0aD0iMSIgaGVpZ2h0PSIxIiB4bWxucz0iaHR0cDovL3d3dy53My5vcmcvMjAwMC9zdmciPjwvc3ZnPg==\" style=\"--smush-placeholder-width: 442px; --smush-placeholder-aspect-ratio: 442\/442;\" \/><\/figure><\/div>\n\n\n<p class=\"has-text-align-center\">\ud83e\uddbe Un espacio donde los ni\u00f1os podr\u00e1n aprender a programar y a armar robots de una manera entretenida.<br>\ud83d\ude4c Promueve la innovaci\u00f3n y desarrolla el pensamiento l\u00f3gico.<br>\u270d\ud83c\udffbConoce aspectos interesantes sobre de la tecnolog\u00eda, la ciencia y la matem\u00e1tica. \ud83d\udcdd<br><\/p>\n\n\n<div class=\"wp-block-image\">\n<figure class=\"aligncenter size-large is-resized\"><img decoding=\"async\" data-src=\"https:\/\/tuguia.combarranquilla.co\/Revista\/wp-content\/uploads\/2023\/03\/TALLER-ASTRONOMIA-PARA-NINOS-1-1024x1024.jpg\" alt=\"\" class=\"wp-image-1693 lazyload\" width=\"428\" height=\"428\" data-srcset=\"https:\/\/tuguia.combarranquilla.co\/Revista\/wp-content\/uploads\/2023\/03\/TALLER-ASTRONOMIA-PARA-NINOS-1-1024x1024.jpg 1024w, https:\/\/tuguia.combarranquilla.co\/Revista\/wp-content\/uploads\/2023\/03\/TALLER-ASTRONOMIA-PARA-NINOS-1-300x300.jpg 300w, https:\/\/tuguia.combarranquilla.co\/Revista\/wp-content\/uploads\/2023\/03\/TALLER-ASTRONOMIA-PARA-NINOS-1-150x150.jpg 150w, https:\/\/tuguia.combarranquilla.co\/Revista\/wp-content\/uploads\/2023\/03\/TALLER-ASTRONOMIA-PARA-NINOS-1-768x768.jpg 768w, https:\/\/tuguia.combarranquilla.co\/Revista\/wp-content\/uploads\/2023\/03\/TALLER-ASTRONOMIA-PARA-NINOS-1.jpg 1080w\" data-sizes=\"(max-width: 428px) 100vw, 428px\" src=\"data:image\/svg+xml;base64,PHN2ZyB3aWR0aD0iMSIgaGVpZ2h0PSIxIiB4bWxucz0iaHR0cDovL3d3dy53My5vcmcvMjAwMC9zdmciPjwvc3ZnPg==\" style=\"--smush-placeholder-width: 428px; --smush-placeholder-aspect-ratio: 428\/428;\" \/><\/figure><\/div>\n\n\n<p class=\"has-text-align-center\">\u2728 El espacio indicado donde los ni\u00f1os conocer\u00e1n sobre planetas, estrellas, constelaciones y todo lo relacionado al universo.<br>Que tus hijos aumenten sus habilidades de orientaci\u00f3n y sus capacidades comunicativas \ud83d\ude4c<\/p>\n\n\n\n<p class=\"has-text-align-center\">\u00a1Una experiencia llena de aprendizajes y diversi\u00f3n! Una combinaci\u00f3n que a todos nos gusta. \ud83c\udf0e<\/p>\n\n\n<div class=\"wp-block-image\">\n<figure class=\"aligncenter size-large is-resized\"><img decoding=\"async\" data-src=\"https:\/\/tuguia.combarranquilla.co\/Revista\/wp-content\/uploads\/2023\/03\/CURSO-ARKADE-MODE-1024x1024.jpg\" alt=\"\" class=\"wp-image-1691 lazyload\" width=\"443\" height=\"443\" data-srcset=\"https:\/\/tuguia.combarranquilla.co\/Revista\/wp-content\/uploads\/2023\/03\/CURSO-ARKADE-MODE-1024x1024.jpg 1024w, https:\/\/tuguia.combarranquilla.co\/Revista\/wp-content\/uploads\/2023\/03\/CURSO-ARKADE-MODE-300x300.jpg 300w, https:\/\/tuguia.combarranquilla.co\/Revista\/wp-content\/uploads\/2023\/03\/CURSO-ARKADE-MODE-150x150.jpg 150w, https:\/\/tuguia.combarranquilla.co\/Revista\/wp-content\/uploads\/2023\/03\/CURSO-ARKADE-MODE-768x768.jpg 768w, https:\/\/tuguia.combarranquilla.co\/Revista\/wp-content\/uploads\/2023\/03\/CURSO-ARKADE-MODE.jpg 1080w\" data-sizes=\"(max-width: 443px) 100vw, 443px\" src=\"data:image\/svg+xml;base64,PHN2ZyB3aWR0aD0iMSIgaGVpZ2h0PSIxIiB4bWxucz0iaHR0cDovL3d3dy53My5vcmcvMjAwMC9zdmciPjwvc3ZnPg==\" style=\"--smush-placeholder-width: 443px; --smush-placeholder-aspect-ratio: 443\/443;\" \/><\/figure><\/div>\n\n\n<p class=\"has-text-align-center\">Conoce toda la magia y diversi\u00f3n de programar videojuegos y convi\u00e9rtete en un experto en el tema. <\/p>\n\n\n\n<p class=\"has-text-align-center\">Para acceder a este curso virtual es necesario que cuentes con una conexi\u00f3n a internet estable, computadora Mac o PC con Windows con m\u00ednimo 4 GB de memoria RAM y procesador i3 (2,3 Hgz o m\u00e1s r\u00e1pido) o similar. <\/p>\n\n\n\n<p class=\"has-text-align-center\">Inscripciones al correo \ud83d\udce9: planetario.boston@combarranquilla.co<\/p>\n","protected":false},"excerpt":{"rendered":"<p>\ud83e\uddbe Un espacio donde los ni\u00f1os podr\u00e1n aprender a programar y a armar robots de una manera entretenida.\ud83d\ude4c Promueve la innovaci\u00f3n y desarrolla el pensamiento l\u00f3gico.\u270d\ud83c\udffbConoce aspectos interesantes sobre de la tecnolog\u00eda, la ciencia y la matem\u00e1tica. \ud83d\udcdd \u2728 El espacio indicado donde los ni\u00f1os conocer\u00e1n sobre planetas, estrellas, constelaciones y todo lo relacionado al [&hellip;]<\/p>\n","protected":false},"author":2,"featured_media":1697,"comment_status":"open","ping_status":"open","sticky":false,"template":"","format":"standard","meta":{"inline_featured_image":false,"footnotes":""},"categories":[4],"tags":[],"class_list":["post-1688","post","type-post","status-publish","format-standard","has-post-thumbnail","hentry","category-ciencia-y-cultura"],"yoast_head":"<!-- This site is optimized with the Yoast SEO plugin v27.4 - https:\/\/yoast.com\/product\/yoast-seo-wordpress\/ -->\n<title>Conoce la programaci\u00f3n de Planetario en el mes de marzo - Tu Gu\u00eda<\/title>\n<meta name=\"robots\" content=\"index, follow, max-snippet:-1, max-image-preview:large, max-video-preview:-1\" \/>\n<link rel=\"canonical\" href=\"https:\/\/tuguia.combarranquilla.co\/Revista\/conoce-la-programacion-de-planetario-en-el-mes-de-marzo\/\" \/>\n<meta property=\"og:locale\" content=\"es_ES\" \/>\n<meta property=\"og:type\" content=\"article\" \/>\n<meta property=\"og:title\" content=\"Conoce la programaci\u00f3n de Planetario en el mes de marzo - Tu Gu\u00eda\" \/>\n<meta property=\"og:description\" content=\"\ud83e\uddbe Un espacio donde los ni\u00f1os podr\u00e1n aprender a programar y a armar robots de una manera entretenida.\ud83d\ude4c Promueve la innovaci\u00f3n y desarrolla el pensamiento l\u00f3gico.\u270d\ud83c\udffbConoce aspectos interesantes sobre de la tecnolog\u00eda, la ciencia y la matem\u00e1tica. \ud83d\udcdd \u2728 El espacio indicado donde los ni\u00f1os conocer\u00e1n sobre planetas, estrellas, constelaciones y todo lo relacionado al [&hellip;]\" \/>\n<meta property=\"og:url\" content=\"https:\/\/tuguia.combarranquilla.co\/Revista\/conoce-la-programacion-de-planetario-en-el-mes-de-marzo\/\" \/>\n<meta property=\"og:site_name\" content=\"Tu Gu\u00eda\" \/>\n<meta property=\"article:published_time\" content=\"2023-03-01T19:26:44+00:00\" \/>\n<meta property=\"article:modified_time\" content=\"2023-03-13T20:09:03+00:00\" \/>\n<meta property=\"og:image\" content=\"https:\/\/tuguia.combarranquilla.co\/Revista\/wp-content\/uploads\/2023\/03\/PLANETARIO.jpeg\" \/>\n\t<meta property=\"og:image:width\" content=\"1600\" \/>\n\t<meta property=\"og:image:height\" content=\"989\" \/>\n\t<meta property=\"og:image:type\" content=\"image\/jpeg\" \/>\n<meta name=\"author\" content=\"Comunicaciones Combarranquilla\" \/>\n<meta name=\"twitter:card\" content=\"summary_large_image\" \/>\n<meta name=\"twitter:label1\" content=\"Escrito por\" \/>\n\t<meta name=\"twitter:data1\" content=\"Comunicaciones Combarranquilla\" \/>\n\t<meta name=\"twitter:label2\" content=\"Tiempo de lectura\" \/>\n\t<meta name=\"twitter:data2\" content=\"1 minuto\" \/>\n<script type=\"application\/ld+json\" class=\"yoast-schema-graph\">{\"@context\":\"https:\\\/\\\/schema.org\",\"@graph\":[{\"@type\":\"Article\",\"@id\":\"https:\\\/\\\/tuguia.combarranquilla.co\\\/Revista\\\/conoce-la-programacion-de-planetario-en-el-mes-de-marzo\\\/#article\",\"isPartOf\":{\"@id\":\"https:\\\/\\\/tuguia.combarranquilla.co\\\/Revista\\\/conoce-la-programacion-de-planetario-en-el-mes-de-marzo\\\/\"},\"author\":{\"name\":\"Comunicaciones Combarranquilla\",\"@id\":\"https:\\\/\\\/tuguia.combarranquilla.co\\\/Revista\\\/#\\\/schema\\\/person\\\/c2c396a77170bd1d5f8ba73294eb0d10\"},\"headline\":\"Conoce la programaci\u00f3n de Planetario en el mes de marzo\",\"datePublished\":\"2023-03-01T19:26:44+00:00\",\"dateModified\":\"2023-03-13T20:09:03+00:00\",\"mainEntityOfPage\":{\"@id\":\"https:\\\/\\\/tuguia.combarranquilla.co\\\/Revista\\\/conoce-la-programacion-de-planetario-en-el-mes-de-marzo\\\/\"},\"wordCount\":169,\"commentCount\":0,\"publisher\":{\"@id\":\"https:\\\/\\\/tuguia.combarranquilla.co\\\/Revista\\\/#organization\"},\"image\":{\"@id\":\"https:\\\/\\\/tuguia.combarranquilla.co\\\/Revista\\\/conoce-la-programacion-de-planetario-en-el-mes-de-marzo\\\/#primaryimage\"},\"thumbnailUrl\":\"https:\\\/\\\/tuguia.combarranquilla.co\\\/Revista\\\/wp-content\\\/uploads\\\/2023\\\/03\\\/PLANETARIO.jpeg\",\"articleSection\":[\"CIENCIA Y CULTURA\"],\"inLanguage\":\"es-CO\",\"potentialAction\":[{\"@type\":\"CommentAction\",\"name\":\"Comment\",\"target\":[\"https:\\\/\\\/tuguia.combarranquilla.co\\\/Revista\\\/conoce-la-programacion-de-planetario-en-el-mes-de-marzo\\\/#respond\"]}]},{\"@type\":\"WebPage\",\"@id\":\"https:\\\/\\\/tuguia.combarranquilla.co\\\/Revista\\\/conoce-la-programacion-de-planetario-en-el-mes-de-marzo\\\/\",\"url\":\"https:\\\/\\\/tuguia.combarranquilla.co\\\/Revista\\\/conoce-la-programacion-de-planetario-en-el-mes-de-marzo\\\/\",\"name\":\"Conoce la programaci\u00f3n de Planetario en el mes de marzo - Tu Gu\u00eda\",\"isPartOf\":{\"@id\":\"https:\\\/\\\/tuguia.combarranquilla.co\\\/Revista\\\/#website\"},\"primaryImageOfPage\":{\"@id\":\"https:\\\/\\\/tuguia.combarranquilla.co\\\/Revista\\\/conoce-la-programacion-de-planetario-en-el-mes-de-marzo\\\/#primaryimage\"},\"image\":{\"@id\":\"https:\\\/\\\/tuguia.combarranquilla.co\\\/Revista\\\/conoce-la-programacion-de-planetario-en-el-mes-de-marzo\\\/#primaryimage\"},\"thumbnailUrl\":\"https:\\\/\\\/tuguia.combarranquilla.co\\\/Revista\\\/wp-content\\\/uploads\\\/2023\\\/03\\\/PLANETARIO.jpeg\",\"datePublished\":\"2023-03-01T19:26:44+00:00\",\"dateModified\":\"2023-03-13T20:09:03+00:00\",\"breadcrumb\":{\"@id\":\"https:\\\/\\\/tuguia.combarranquilla.co\\\/Revista\\\/conoce-la-programacion-de-planetario-en-el-mes-de-marzo\\\/#breadcrumb\"},\"inLanguage\":\"es-CO\",\"potentialAction\":[{\"@type\":\"ReadAction\",\"target\":[\"https:\\\/\\\/tuguia.combarranquilla.co\\\/Revista\\\/conoce-la-programacion-de-planetario-en-el-mes-de-marzo\\\/\"]}]},{\"@type\":\"ImageObject\",\"inLanguage\":\"es-CO\",\"@id\":\"https:\\\/\\\/tuguia.combarranquilla.co\\\/Revista\\\/conoce-la-programacion-de-planetario-en-el-mes-de-marzo\\\/#primaryimage\",\"url\":\"https:\\\/\\\/tuguia.combarranquilla.co\\\/Revista\\\/wp-content\\\/uploads\\\/2023\\\/03\\\/PLANETARIO.jpeg\",\"contentUrl\":\"https:\\\/\\\/tuguia.combarranquilla.co\\\/Revista\\\/wp-content\\\/uploads\\\/2023\\\/03\\\/PLANETARIO.jpeg\",\"width\":1600,\"height\":989},{\"@type\":\"BreadcrumbList\",\"@id\":\"https:\\\/\\\/tuguia.combarranquilla.co\\\/Revista\\\/conoce-la-programacion-de-planetario-en-el-mes-de-marzo\\\/#breadcrumb\",\"itemListElement\":[{\"@type\":\"ListItem\",\"position\":1,\"name\":\"Inicio\",\"item\":\"https:\\\/\\\/tuguia.combarranquilla.co\\\/Revista\\\/\"},{\"@type\":\"ListItem\",\"position\":2,\"name\":\"Conoce la programaci\u00f3n de Planetario en el mes de marzo\"}]},{\"@type\":\"WebSite\",\"@id\":\"https:\\\/\\\/tuguia.combarranquilla.co\\\/Revista\\\/#website\",\"url\":\"https:\\\/\\\/tuguia.combarranquilla.co\\\/Revista\\\/\",\"name\":\"Tu Gu\u00eda\",\"description\":\"La revista donde lo tienes todo.\",\"publisher\":{\"@id\":\"https:\\\/\\\/tuguia.combarranquilla.co\\\/Revista\\\/#organization\"},\"alternateName\":\"Tu Gu\u00eda Combarranquilla\",\"potentialAction\":[{\"@type\":\"SearchAction\",\"target\":{\"@type\":\"EntryPoint\",\"urlTemplate\":\"https:\\\/\\\/tuguia.combarranquilla.co\\\/Revista\\\/?s={search_term_string}\"},\"query-input\":{\"@type\":\"PropertyValueSpecification\",\"valueRequired\":true,\"valueName\":\"search_term_string\"}}],\"inLanguage\":\"es-CO\"},{\"@type\":\"Organization\",\"@id\":\"https:\\\/\\\/tuguia.combarranquilla.co\\\/Revista\\\/#organization\",\"name\":\"Tu Gu\u00eda Combarranquilla\",\"url\":\"https:\\\/\\\/tuguia.combarranquilla.co\\\/Revista\\\/\",\"logo\":{\"@type\":\"ImageObject\",\"inLanguage\":\"es-CO\",\"@id\":\"https:\\\/\\\/tuguia.combarranquilla.co\\\/Revista\\\/#\\\/schema\\\/logo\\\/image\\\/\",\"url\":\"https:\\\/\\\/tuguia.combarranquilla.co\\\/Revista\\\/wp-content\\\/uploads\\\/2022\\\/02\\\/logo-guia-combarranquilla.svg\",\"contentUrl\":\"https:\\\/\\\/tuguia.combarranquilla.co\\\/Revista\\\/wp-content\\\/uploads\\\/2022\\\/02\\\/logo-guia-combarranquilla.svg\",\"caption\":\"Tu Gu\u00eda Combarranquilla\"},\"image\":{\"@id\":\"https:\\\/\\\/tuguia.combarranquilla.co\\\/Revista\\\/#\\\/schema\\\/logo\\\/image\\\/\"}},{\"@type\":\"Person\",\"@id\":\"https:\\\/\\\/tuguia.combarranquilla.co\\\/Revista\\\/#\\\/schema\\\/person\\\/c2c396a77170bd1d5f8ba73294eb0d10\",\"name\":\"Comunicaciones Combarranquilla\",\"image\":{\"@type\":\"ImageObject\",\"inLanguage\":\"es-CO\",\"@id\":\"https:\\\/\\\/tuguia.combarranquilla.co\\\/Revista\\\/wp-content\\\/uploads\\\/2025\\\/05\\\/ABC-Al-Rojo-Logo-96x96.jpg\",\"url\":\"https:\\\/\\\/tuguia.combarranquilla.co\\\/Revista\\\/wp-content\\\/uploads\\\/2025\\\/05\\\/ABC-Al-Rojo-Logo-96x96.jpg\",\"contentUrl\":\"https:\\\/\\\/tuguia.combarranquilla.co\\\/Revista\\\/wp-content\\\/uploads\\\/2025\\\/05\\\/ABC-Al-Rojo-Logo-96x96.jpg\",\"caption\":\"Comunicaciones Combarranquilla\"},\"sameAs\":[\"https:\\\/\\\/www.combarranquilla.co\"],\"url\":\"https:\\\/\\\/tuguia.combarranquilla.co\\\/Revista\\\/author\\\/comunicaciones\\\/\"}]}<\/script>\n<!-- \/ Yoast SEO plugin. -->","yoast_head_json":{"title":"Conoce la programaci\u00f3n de Planetario en el mes de marzo - Tu Gu\u00eda","robots":{"index":"index","follow":"follow","max-snippet":"max-snippet:-1","max-image-preview":"max-image-preview:large","max-video-preview":"max-video-preview:-1"},"canonical":"https:\/\/tuguia.combarranquilla.co\/Revista\/conoce-la-programacion-de-planetario-en-el-mes-de-marzo\/","og_locale":"es_ES","og_type":"article","og_title":"Conoce la programaci\u00f3n de Planetario en el mes de marzo - Tu Gu\u00eda","og_description":"\ud83e\uddbe Un espacio donde los ni\u00f1os podr\u00e1n aprender a programar y a armar robots de una manera entretenida.\ud83d\ude4c Promueve la innovaci\u00f3n y desarrolla el pensamiento l\u00f3gico.\u270d\ud83c\udffbConoce aspectos interesantes sobre de la tecnolog\u00eda, la ciencia y la matem\u00e1tica. \ud83d\udcdd \u2728 El espacio indicado donde los ni\u00f1os conocer\u00e1n sobre planetas, estrellas, constelaciones y todo lo relacionado al [&hellip;]","og_url":"https:\/\/tuguia.combarranquilla.co\/Revista\/conoce-la-programacion-de-planetario-en-el-mes-de-marzo\/","og_site_name":"Tu Gu\u00eda","article_published_time":"2023-03-01T19:26:44+00:00","article_modified_time":"2023-03-13T20:09:03+00:00","og_image":[{"width":1600,"height":989,"url":"https:\/\/tuguia.combarranquilla.co\/Revista\/wp-content\/uploads\/2023\/03\/PLANETARIO.jpeg","type":"image\/jpeg"}],"author":"Comunicaciones Combarranquilla","twitter_card":"summary_large_image","twitter_misc":{"Escrito por":"Comunicaciones Combarranquilla","Tiempo de lectura":"1 minuto"},"schema":{"@context":"https:\/\/schema.org","@graph":[{"@type":"Article","@id":"https:\/\/tuguia.combarranquilla.co\/Revista\/conoce-la-programacion-de-planetario-en-el-mes-de-marzo\/#article","isPartOf":{"@id":"https:\/\/tuguia.combarranquilla.co\/Revista\/conoce-la-programacion-de-planetario-en-el-mes-de-marzo\/"},"author":{"name":"Comunicaciones Combarranquilla","@id":"https:\/\/tuguia.combarranquilla.co\/Revista\/#\/schema\/person\/c2c396a77170bd1d5f8ba73294eb0d10"},"headline":"Conoce la programaci\u00f3n de Planetario en el mes de marzo","datePublished":"2023-03-01T19:26:44+00:00","dateModified":"2023-03-13T20:09:03+00:00","mainEntityOfPage":{"@id":"https:\/\/tuguia.combarranquilla.co\/Revista\/conoce-la-programacion-de-planetario-en-el-mes-de-marzo\/"},"wordCount":169,"commentCount":0,"publisher":{"@id":"https:\/\/tuguia.combarranquilla.co\/Revista\/#organization"},"image":{"@id":"https:\/\/tuguia.combarranquilla.co\/Revista\/conoce-la-programacion-de-planetario-en-el-mes-de-marzo\/#primaryimage"},"thumbnailUrl":"https:\/\/tuguia.combarranquilla.co\/Revista\/wp-content\/uploads\/2023\/03\/PLANETARIO.jpeg","articleSection":["CIENCIA Y CULTURA"],"inLanguage":"es-CO","potentialAction":[{"@type":"CommentAction","name":"Comment","target":["https:\/\/tuguia.combarranquilla.co\/Revista\/conoce-la-programacion-de-planetario-en-el-mes-de-marzo\/#respond"]}]},{"@type":"WebPage","@id":"https:\/\/tuguia.combarranquilla.co\/Revista\/conoce-la-programacion-de-planetario-en-el-mes-de-marzo\/","url":"https:\/\/tuguia.combarranquilla.co\/Revista\/conoce-la-programacion-de-planetario-en-el-mes-de-marzo\/","name":"Conoce la programaci\u00f3n de Planetario en el mes de marzo - Tu Gu\u00eda","isPartOf":{"@id":"https:\/\/tuguia.combarranquilla.co\/Revista\/#website"},"primaryImageOfPage":{"@id":"https:\/\/tuguia.combarranquilla.co\/Revista\/conoce-la-programacion-de-planetario-en-el-mes-de-marzo\/#primaryimage"},"image":{"@id":"https:\/\/tuguia.combarranquilla.co\/Revista\/conoce-la-programacion-de-planetario-en-el-mes-de-marzo\/#primaryimage"},"thumbnailUrl":"https:\/\/tuguia.combarranquilla.co\/Revista\/wp-content\/uploads\/2023\/03\/PLANETARIO.jpeg","datePublished":"2023-03-01T19:26:44+00:00","dateModified":"2023-03-13T20:09:03+00:00","breadcrumb":{"@id":"https:\/\/tuguia.combarranquilla.co\/Revista\/conoce-la-programacion-de-planetario-en-el-mes-de-marzo\/#breadcrumb"},"inLanguage":"es-CO","potentialAction":[{"@type":"ReadAction","target":["https:\/\/tuguia.combarranquilla.co\/Revista\/conoce-la-programacion-de-planetario-en-el-mes-de-marzo\/"]}]},{"@type":"ImageObject","inLanguage":"es-CO","@id":"https:\/\/tuguia.combarranquilla.co\/Revista\/conoce-la-programacion-de-planetario-en-el-mes-de-marzo\/#primaryimage","url":"https:\/\/tuguia.combarranquilla.co\/Revista\/wp-content\/uploads\/2023\/03\/PLANETARIO.jpeg","contentUrl":"https:\/\/tuguia.combarranquilla.co\/Revista\/wp-content\/uploads\/2023\/03\/PLANETARIO.jpeg","width":1600,"height":989},{"@type":"BreadcrumbList","@id":"https:\/\/tuguia.combarranquilla.co\/Revista\/conoce-la-programacion-de-planetario-en-el-mes-de-marzo\/#breadcrumb","itemListElement":[{"@type":"ListItem","position":1,"name":"Inicio","item":"https:\/\/tuguia.combarranquilla.co\/Revista\/"},{"@type":"ListItem","position":2,"name":"Conoce la programaci\u00f3n de Planetario en el mes de marzo"}]},{"@type":"WebSite","@id":"https:\/\/tuguia.combarranquilla.co\/Revista\/#website","url":"https:\/\/tuguia.combarranquilla.co\/Revista\/","name":"Tu Gu\u00eda","description":"La revista donde lo tienes todo.","publisher":{"@id":"https:\/\/tuguia.combarranquilla.co\/Revista\/#organization"},"alternateName":"Tu Gu\u00eda Combarranquilla","potentialAction":[{"@type":"SearchAction","target":{"@type":"EntryPoint","urlTemplate":"https:\/\/tuguia.combarranquilla.co\/Revista\/?s={search_term_string}"},"query-input":{"@type":"PropertyValueSpecification","valueRequired":true,"valueName":"search_term_string"}}],"inLanguage":"es-CO"},{"@type":"Organization","@id":"https:\/\/tuguia.combarranquilla.co\/Revista\/#organization","name":"Tu Gu\u00eda Combarranquilla","url":"https:\/\/tuguia.combarranquilla.co\/Revista\/","logo":{"@type":"ImageObject","inLanguage":"es-CO","@id":"https:\/\/tuguia.combarranquilla.co\/Revista\/#\/schema\/logo\/image\/","url":"https:\/\/tuguia.combarranquilla.co\/Revista\/wp-content\/uploads\/2022\/02\/logo-guia-combarranquilla.svg","contentUrl":"https:\/\/tuguia.combarranquilla.co\/Revista\/wp-content\/uploads\/2022\/02\/logo-guia-combarranquilla.svg","caption":"Tu Gu\u00eda Combarranquilla"},"image":{"@id":"https:\/\/tuguia.combarranquilla.co\/Revista\/#\/schema\/logo\/image\/"}},{"@type":"Person","@id":"https:\/\/tuguia.combarranquilla.co\/Revista\/#\/schema\/person\/c2c396a77170bd1d5f8ba73294eb0d10","name":"Comunicaciones Combarranquilla","image":{"@type":"ImageObject","inLanguage":"es-CO","@id":"https:\/\/tuguia.combarranquilla.co\/Revista\/wp-content\/uploads\/2025\/05\/ABC-Al-Rojo-Logo-96x96.jpg","url":"https:\/\/tuguia.combarranquilla.co\/Revista\/wp-content\/uploads\/2025\/05\/ABC-Al-Rojo-Logo-96x96.jpg","contentUrl":"https:\/\/tuguia.combarranquilla.co\/Revista\/wp-content\/uploads\/2025\/05\/ABC-Al-Rojo-Logo-96x96.jpg","caption":"Comunicaciones Combarranquilla"},"sameAs":["https:\/\/www.combarranquilla.co"],"url":"https:\/\/tuguia.combarranquilla.co\/Revista\/author\/comunicaciones\/"}]}},"_links":{"self":[{"href":"https:\/\/tuguia.combarranquilla.co\/Revista\/wp-json\/wp\/v2\/posts\/1688","targetHints":{"allow":["GET"]}}],"collection":[{"href":"https:\/\/tuguia.combarranquilla.co\/Revista\/wp-json\/wp\/v2\/posts"}],"about":[{"href":"https:\/\/tuguia.combarranquilla.co\/Revista\/wp-json\/wp\/v2\/types\/post"}],"author":[{"embeddable":true,"href":"https:\/\/tuguia.combarranquilla.co\/Revista\/wp-json\/wp\/v2\/users\/2"}],"replies":[{"embeddable":true,"href":"https:\/\/tuguia.combarranquilla.co\/Revista\/wp-json\/wp\/v2\/comments?post=1688"}],"version-history":[{"count":4,"href":"https:\/\/tuguia.combarranquilla.co\/Revista\/wp-json\/wp\/v2\/posts\/1688\/revisions"}],"predecessor-version":[{"id":1696,"href":"https:\/\/tuguia.combarranquilla.co\/Revista\/wp-json\/wp\/v2\/posts\/1688\/revisions\/1696"}],"wp:featuredmedia":[{"embeddable":true,"href":"https:\/\/tuguia.combarranquilla.co\/Revista\/wp-json\/wp\/v2\/media\/1697"}],"wp:attachment":[{"href":"https:\/\/tuguia.combarranquilla.co\/Revista\/wp-json\/wp\/v2\/media?parent=1688"}],"wp:term":[{"taxonomy":"category","embeddable":true,"href":"https:\/\/tuguia.combarranquilla.co\/Revista\/wp-json\/wp\/v2\/categories?post=1688"},{"taxonomy":"post_tag","embeddable":true,"href":"https:\/\/tuguia.combarranquilla.co\/Revista\/wp-json\/wp\/v2\/tags?post=1688"}],"curies":[{"name":"wp","href":"https:\/\/api.w.org\/{rel}","templated":true}]}}