{"id":1730,"date":"2023-03-21T09:21:45","date_gmt":"2023-03-21T14:21:45","guid":{"rendered":"https:\/\/tuguia.combarranquilla.co\/Revista\/?p=1730"},"modified":"2023-03-24T09:31:46","modified_gmt":"2023-03-24T14:31:46","slug":"lo-que-soy-hoy-es-gracias-a-mis-papas-a-dios-y-a-combarranquilla-sarai-coronado-egresada-del-centro-de-formacion","status":"publish","type":"post","link":"https:\/\/tuguia.combarranquilla.co\/Revista\/lo-que-soy-hoy-es-gracias-a-mis-papas-a-dios-y-a-combarranquilla-sarai-coronado-egresada-del-centro-de-formacion\/","title":{"rendered":"&#8220;Lo que soy hoy es gracias a mis pap\u00e1s, a Dios y a Combarranquilla&#8221; Sarai Coronado, egresada del Centro de Formaci\u00f3n"},"content":{"rendered":"\n<p>Con la apertura de un nuevo punto del Restaurante Baerbecue Garage en Barranquilla, Sarai Coronado, con 22 a\u00f1os de edad ha demostrado que cocinar con amor te abre puertas inimaginables. <\/p>\n\n\n\n<p>El 8 de febrero de 2017, Sarai inicia a materializar su sue\u00f1o: estudiar cocina en el Centro de Formaci\u00f3n Combarranquilla. &#8220;<em>Me llev\u00e9 una grata sorpresa<\/em>, <em> ya que, todas las clases eran completas e integrales&#8221;<\/em> afirm\u00f3, con una sonrisa en su rostro.<\/p>\n\n\n\n<p>La formaci\u00f3n t\u00e9cnica en este programa le permite a los estudiantes desarrollar competencias laborales espec\u00edficas para realizar actividades productivas en el sector de Alimentos y Bebidas, permiti\u00e9ndole mejorar su calidad de vida. De acuerdo con Sarai, este t\u00e9cnico laboral le brind\u00f3 las herramientas principales con las personas adecuadas; <em>&#8220;me ense\u00f1\u00f3 la base de mi diario a vivir, desde c\u00f3mo saber hervir un agua hasta preparar un buen plato&#8221;<\/em> destac\u00f3. <\/p>\n\n\n<div class=\"wp-block-image\">\n<figure class=\"aligncenter size-large is-resized\"><img decoding=\"async\" data-src=\"https:\/\/tuguia.combarranquilla.co\/Revista\/wp-content\/uploads\/2023\/03\/DSC_0688-1024x683.jpg\" alt=\"\" class=\"wp-image-1743 lazyload\" width=\"686\" height=\"457\" data-srcset=\"https:\/\/tuguia.combarranquilla.co\/Revista\/wp-content\/uploads\/2023\/03\/DSC_0688-1024x683.jpg 1024w, https:\/\/tuguia.combarranquilla.co\/Revista\/wp-content\/uploads\/2023\/03\/DSC_0688-300x200.jpg 300w, https:\/\/tuguia.combarranquilla.co\/Revista\/wp-content\/uploads\/2023\/03\/DSC_0688-768x512.jpg 768w, https:\/\/tuguia.combarranquilla.co\/Revista\/wp-content\/uploads\/2023\/03\/DSC_0688-1536x1024.jpg 1536w, https:\/\/tuguia.combarranquilla.co\/Revista\/wp-content\/uploads\/2023\/03\/DSC_0688-2048x1365.jpg 2048w\" data-sizes=\"(max-width: 686px) 100vw, 686px\" src=\"data:image\/svg+xml;base64,PHN2ZyB3aWR0aD0iMSIgaGVpZ2h0PSIxIiB4bWxucz0iaHR0cDovL3d3dy53My5vcmcvMjAwMC9zdmciPjwvc3ZnPg==\" style=\"--smush-placeholder-width: 686px; --smush-placeholder-aspect-ratio: 686\/457;\" \/><figcaption class=\"wp-element-caption\"><em>Muestra de preparaci\u00f3n de ceviche por Sarai Coronado (2023)<\/em><\/figcaption><\/figure><\/div>\n\n\n<p>Una vez egresada del Centro de Formaci\u00f3n en el a\u00f1o 2019, Sarai decidi\u00f3 continuar trabajando por mejorar sus habilidades culinarias, siendo un ejemplo para muchos ni\u00f1os y adolescentes que sue\u00f1an con ejercer su profesi\u00f3n. Hoy, es testimonio de transformaci\u00f3n gracias a su pasi\u00f3n y dedicaci\u00f3n por la cocina.<\/p>\n\n\n\n<p class=\"has-text-align-center\"><strong>&#8220;<em>El ingrediente secreto siempre es el amor<\/em>&#8220;<\/strong><\/p>\n\n\n<div class=\"wp-block-image\">\n<figure class=\"aligncenter size-large is-resized\"><img decoding=\"async\" data-src=\"https:\/\/tuguia.combarranquilla.co\/Revista\/wp-content\/uploads\/2023\/03\/DSC_0754-1024x683.jpg\" alt=\"\" class=\"wp-image-1742 lazyload\" width=\"666\" height=\"444\" data-srcset=\"https:\/\/tuguia.combarranquilla.co\/Revista\/wp-content\/uploads\/2023\/03\/DSC_0754-1024x683.jpg 1024w, https:\/\/tuguia.combarranquilla.co\/Revista\/wp-content\/uploads\/2023\/03\/DSC_0754-300x200.jpg 300w, https:\/\/tuguia.combarranquilla.co\/Revista\/wp-content\/uploads\/2023\/03\/DSC_0754-768x512.jpg 768w, https:\/\/tuguia.combarranquilla.co\/Revista\/wp-content\/uploads\/2023\/03\/DSC_0754-1536x1024.jpg 1536w, https:\/\/tuguia.combarranquilla.co\/Revista\/wp-content\/uploads\/2023\/03\/DSC_0754-2048x1365.jpg 2048w\" data-sizes=\"(max-width: 666px) 100vw, 666px\" src=\"data:image\/svg+xml;base64,PHN2ZyB3aWR0aD0iMSIgaGVpZ2h0PSIxIiB4bWxucz0iaHR0cDovL3d3dy53My5vcmcvMjAwMC9zdmciPjwvc3ZnPg==\" style=\"--smush-placeholder-width: 666px; --smush-placeholder-aspect-ratio: 666\/444;\" \/><\/figure><\/div>\n\n\n<p><\/p>\n\n\n\n<p class=\"has-text-align-center\">Si deseas ver la entrevista completa haz clic aqu\u00ed: <a rel=\"noreferrer noopener\" href=\"https:\/\/bit.ly\/3z05vpv\" target=\"_blank\">https:\/\/bit.ly\/3z05vpv<\/a><\/p>\n\n\n\n<p><\/p>\n","protected":false},"excerpt":{"rendered":"<p>Con la apertura de un nuevo punto del Restaurante Baerbecue Garage en Barranquilla, Sarai Coronado, con 22 a\u00f1os de edad ha demostrado que cocinar con amor te abre puertas inimaginables. El 8 de febrero de 2017, Sarai inicia a materializar su sue\u00f1o: estudiar cocina en el Centro de Formaci\u00f3n Combarranquilla. &#8220;Me llev\u00e9 una grata sorpresa, [&hellip;]<\/p>\n","protected":false},"author":2,"featured_media":1737,"comment_status":"open","ping_status":"open","sticky":false,"template":"","format":"standard","meta":{"inline_featured_image":false,"footnotes":""},"categories":[7],"tags":[],"class_list":["post-1730","post","type-post","status-publish","format-standard","has-post-thumbnail","hentry","category-familia-combarranquilla"],"yoast_head":"<!-- This site is optimized with the Yoast SEO plugin v27.4 - https:\/\/yoast.com\/product\/yoast-seo-wordpress\/ -->\n<title>&quot;Lo que soy hoy es gracias a mis pap\u00e1s, a Dios y a Combarranquilla&quot; Sarai Coronado, egresada del Centro de Formaci\u00f3n - Tu Gu\u00eda<\/title>\n<meta name=\"robots\" content=\"index, follow, max-snippet:-1, max-image-preview:large, max-video-preview:-1\" \/>\n<link rel=\"canonical\" href=\"https:\/\/tuguia.combarranquilla.co\/Revista\/lo-que-soy-hoy-es-gracias-a-mis-papas-a-dios-y-a-combarranquilla-sarai-coronado-egresada-del-centro-de-formacion\/\" \/>\n<meta property=\"og:locale\" content=\"es_ES\" \/>\n<meta property=\"og:type\" content=\"article\" \/>\n<meta property=\"og:title\" content=\"&quot;Lo que soy hoy es gracias a mis pap\u00e1s, a Dios y a Combarranquilla&quot; Sarai Coronado, egresada del Centro de Formaci\u00f3n - Tu Gu\u00eda\" \/>\n<meta property=\"og:description\" content=\"Con la apertura de un nuevo punto del Restaurante Baerbecue Garage en Barranquilla, Sarai Coronado, con 22 a\u00f1os de edad ha demostrado que cocinar con amor te abre puertas inimaginables. El 8 de febrero de 2017, Sarai inicia a materializar su sue\u00f1o: estudiar cocina en el Centro de Formaci\u00f3n Combarranquilla. &#8220;Me llev\u00e9 una grata sorpresa, [&hellip;]\" \/>\n<meta property=\"og:url\" content=\"https:\/\/tuguia.combarranquilla.co\/Revista\/lo-que-soy-hoy-es-gracias-a-mis-papas-a-dios-y-a-combarranquilla-sarai-coronado-egresada-del-centro-de-formacion\/\" \/>\n<meta property=\"og:site_name\" content=\"Tu Gu\u00eda\" \/>\n<meta property=\"article:published_time\" content=\"2023-03-21T14:21:45+00:00\" \/>\n<meta property=\"article:modified_time\" content=\"2023-03-24T14:31:46+00:00\" \/>\n<meta property=\"og:image\" content=\"https:\/\/tuguia.combarranquilla.co\/Revista\/wp-content\/uploads\/2023\/03\/DSC_0671-scaled.jpg\" \/>\n\t<meta property=\"og:image:width\" content=\"2560\" \/>\n\t<meta property=\"og:image:height\" content=\"1707\" \/>\n\t<meta property=\"og:image:type\" content=\"image\/jpeg\" \/>\n<meta name=\"author\" content=\"Comunicaciones Combarranquilla\" \/>\n<meta name=\"twitter:card\" content=\"summary_large_image\" \/>\n<meta name=\"twitter:label1\" content=\"Escrito por\" \/>\n\t<meta name=\"twitter:data1\" content=\"Comunicaciones Combarranquilla\" \/>\n\t<meta name=\"twitter:label2\" content=\"Tiempo de lectura\" \/>\n\t<meta name=\"twitter:data2\" content=\"1 minuto\" \/>\n<script type=\"application\/ld+json\" class=\"yoast-schema-graph\">{\"@context\":\"https:\\\/\\\/schema.org\",\"@graph\":[{\"@type\":\"Article\",\"@id\":\"https:\\\/\\\/tuguia.combarranquilla.co\\\/Revista\\\/lo-que-soy-hoy-es-gracias-a-mis-papas-a-dios-y-a-combarranquilla-sarai-coronado-egresada-del-centro-de-formacion\\\/#article\",\"isPartOf\":{\"@id\":\"https:\\\/\\\/tuguia.combarranquilla.co\\\/Revista\\\/lo-que-soy-hoy-es-gracias-a-mis-papas-a-dios-y-a-combarranquilla-sarai-coronado-egresada-del-centro-de-formacion\\\/\"},\"author\":{\"name\":\"Comunicaciones Combarranquilla\",\"@id\":\"https:\\\/\\\/tuguia.combarranquilla.co\\\/Revista\\\/#\\\/schema\\\/person\\\/c2c396a77170bd1d5f8ba73294eb0d10\"},\"headline\":\"&#8220;Lo que soy hoy es gracias a mis pap\u00e1s, a Dios y a Combarranquilla&#8221; Sarai Coronado, egresada del Centro de Formaci\u00f3n\",\"datePublished\":\"2023-03-21T14:21:45+00:00\",\"dateModified\":\"2023-03-24T14:31:46+00:00\",\"mainEntityOfPage\":{\"@id\":\"https:\\\/\\\/tuguia.combarranquilla.co\\\/Revista\\\/lo-que-soy-hoy-es-gracias-a-mis-papas-a-dios-y-a-combarranquilla-sarai-coronado-egresada-del-centro-de-formacion\\\/\"},\"wordCount\":254,\"commentCount\":0,\"publisher\":{\"@id\":\"https:\\\/\\\/tuguia.combarranquilla.co\\\/Revista\\\/#organization\"},\"image\":{\"@id\":\"https:\\\/\\\/tuguia.combarranquilla.co\\\/Revista\\\/lo-que-soy-hoy-es-gracias-a-mis-papas-a-dios-y-a-combarranquilla-sarai-coronado-egresada-del-centro-de-formacion\\\/#primaryimage\"},\"thumbnailUrl\":\"https:\\\/\\\/tuguia.combarranquilla.co\\\/Revista\\\/wp-content\\\/uploads\\\/2023\\\/03\\\/DSC_0671-scaled.jpg\",\"articleSection\":[\"FAMILIA COMBARRANQUILLA\"],\"inLanguage\":\"es-CO\",\"potentialAction\":[{\"@type\":\"CommentAction\",\"name\":\"Comment\",\"target\":[\"https:\\\/\\\/tuguia.combarranquilla.co\\\/Revista\\\/lo-que-soy-hoy-es-gracias-a-mis-papas-a-dios-y-a-combarranquilla-sarai-coronado-egresada-del-centro-de-formacion\\\/#respond\"]}]},{\"@type\":\"WebPage\",\"@id\":\"https:\\\/\\\/tuguia.combarranquilla.co\\\/Revista\\\/lo-que-soy-hoy-es-gracias-a-mis-papas-a-dios-y-a-combarranquilla-sarai-coronado-egresada-del-centro-de-formacion\\\/\",\"url\":\"https:\\\/\\\/tuguia.combarranquilla.co\\\/Revista\\\/lo-que-soy-hoy-es-gracias-a-mis-papas-a-dios-y-a-combarranquilla-sarai-coronado-egresada-del-centro-de-formacion\\\/\",\"name\":\"\\\"Lo que soy hoy es gracias a mis pap\u00e1s, a Dios y a Combarranquilla\\\" Sarai Coronado, egresada del Centro de Formaci\u00f3n - Tu Gu\u00eda\",\"isPartOf\":{\"@id\":\"https:\\\/\\\/tuguia.combarranquilla.co\\\/Revista\\\/#website\"},\"primaryImageOfPage\":{\"@id\":\"https:\\\/\\\/tuguia.combarranquilla.co\\\/Revista\\\/lo-que-soy-hoy-es-gracias-a-mis-papas-a-dios-y-a-combarranquilla-sarai-coronado-egresada-del-centro-de-formacion\\\/#primaryimage\"},\"image\":{\"@id\":\"https:\\\/\\\/tuguia.combarranquilla.co\\\/Revista\\\/lo-que-soy-hoy-es-gracias-a-mis-papas-a-dios-y-a-combarranquilla-sarai-coronado-egresada-del-centro-de-formacion\\\/#primaryimage\"},\"thumbnailUrl\":\"https:\\\/\\\/tuguia.combarranquilla.co\\\/Revista\\\/wp-content\\\/uploads\\\/2023\\\/03\\\/DSC_0671-scaled.jpg\",\"datePublished\":\"2023-03-21T14:21:45+00:00\",\"dateModified\":\"2023-03-24T14:31:46+00:00\",\"breadcrumb\":{\"@id\":\"https:\\\/\\\/tuguia.combarranquilla.co\\\/Revista\\\/lo-que-soy-hoy-es-gracias-a-mis-papas-a-dios-y-a-combarranquilla-sarai-coronado-egresada-del-centro-de-formacion\\\/#breadcrumb\"},\"inLanguage\":\"es-CO\",\"potentialAction\":[{\"@type\":\"ReadAction\",\"target\":[\"https:\\\/\\\/tuguia.combarranquilla.co\\\/Revista\\\/lo-que-soy-hoy-es-gracias-a-mis-papas-a-dios-y-a-combarranquilla-sarai-coronado-egresada-del-centro-de-formacion\\\/\"]}]},{\"@type\":\"ImageObject\",\"inLanguage\":\"es-CO\",\"@id\":\"https:\\\/\\\/tuguia.combarranquilla.co\\\/Revista\\\/lo-que-soy-hoy-es-gracias-a-mis-papas-a-dios-y-a-combarranquilla-sarai-coronado-egresada-del-centro-de-formacion\\\/#primaryimage\",\"url\":\"https:\\\/\\\/tuguia.combarranquilla.co\\\/Revista\\\/wp-content\\\/uploads\\\/2023\\\/03\\\/DSC_0671-scaled.jpg\",\"contentUrl\":\"https:\\\/\\\/tuguia.combarranquilla.co\\\/Revista\\\/wp-content\\\/uploads\\\/2023\\\/03\\\/DSC_0671-scaled.jpg\",\"width\":2560,\"height\":1707},{\"@type\":\"BreadcrumbList\",\"@id\":\"https:\\\/\\\/tuguia.combarranquilla.co\\\/Revista\\\/lo-que-soy-hoy-es-gracias-a-mis-papas-a-dios-y-a-combarranquilla-sarai-coronado-egresada-del-centro-de-formacion\\\/#breadcrumb\",\"itemListElement\":[{\"@type\":\"ListItem\",\"position\":1,\"name\":\"Inicio\",\"item\":\"https:\\\/\\\/tuguia.combarranquilla.co\\\/Revista\\\/\"},{\"@type\":\"ListItem\",\"position\":2,\"name\":\"&#8220;Lo que soy hoy es gracias a mis pap\u00e1s, a Dios y a Combarranquilla&#8221; Sarai Coronado, egresada del Centro de Formaci\u00f3n\"}]},{\"@type\":\"WebSite\",\"@id\":\"https:\\\/\\\/tuguia.combarranquilla.co\\\/Revista\\\/#website\",\"url\":\"https:\\\/\\\/tuguia.combarranquilla.co\\\/Revista\\\/\",\"name\":\"Tu Gu\u00eda\",\"description\":\"La revista donde lo tienes todo.\",\"publisher\":{\"@id\":\"https:\\\/\\\/tuguia.combarranquilla.co\\\/Revista\\\/#organization\"},\"alternateName\":\"Tu Gu\u00eda Combarranquilla\",\"potentialAction\":[{\"@type\":\"SearchAction\",\"target\":{\"@type\":\"EntryPoint\",\"urlTemplate\":\"https:\\\/\\\/tuguia.combarranquilla.co\\\/Revista\\\/?s={search_term_string}\"},\"query-input\":{\"@type\":\"PropertyValueSpecification\",\"valueRequired\":true,\"valueName\":\"search_term_string\"}}],\"inLanguage\":\"es-CO\"},{\"@type\":\"Organization\",\"@id\":\"https:\\\/\\\/tuguia.combarranquilla.co\\\/Revista\\\/#organization\",\"name\":\"Tu Gu\u00eda Combarranquilla\",\"url\":\"https:\\\/\\\/tuguia.combarranquilla.co\\\/Revista\\\/\",\"logo\":{\"@type\":\"ImageObject\",\"inLanguage\":\"es-CO\",\"@id\":\"https:\\\/\\\/tuguia.combarranquilla.co\\\/Revista\\\/#\\\/schema\\\/logo\\\/image\\\/\",\"url\":\"https:\\\/\\\/tuguia.combarranquilla.co\\\/Revista\\\/wp-content\\\/uploads\\\/2022\\\/02\\\/logo-guia-combarranquilla.svg\",\"contentUrl\":\"https:\\\/\\\/tuguia.combarranquilla.co\\\/Revista\\\/wp-content\\\/uploads\\\/2022\\\/02\\\/logo-guia-combarranquilla.svg\",\"caption\":\"Tu Gu\u00eda Combarranquilla\"},\"image\":{\"@id\":\"https:\\\/\\\/tuguia.combarranquilla.co\\\/Revista\\\/#\\\/schema\\\/logo\\\/image\\\/\"}},{\"@type\":\"Person\",\"@id\":\"https:\\\/\\\/tuguia.combarranquilla.co\\\/Revista\\\/#\\\/schema\\\/person\\\/c2c396a77170bd1d5f8ba73294eb0d10\",\"name\":\"Comunicaciones Combarranquilla\",\"image\":{\"@type\":\"ImageObject\",\"inLanguage\":\"es-CO\",\"@id\":\"https:\\\/\\\/tuguia.combarranquilla.co\\\/Revista\\\/wp-content\\\/uploads\\\/2025\\\/05\\\/ABC-Al-Rojo-Logo-96x96.jpg\",\"url\":\"https:\\\/\\\/tuguia.combarranquilla.co\\\/Revista\\\/wp-content\\\/uploads\\\/2025\\\/05\\\/ABC-Al-Rojo-Logo-96x96.jpg\",\"contentUrl\":\"https:\\\/\\\/tuguia.combarranquilla.co\\\/Revista\\\/wp-content\\\/uploads\\\/2025\\\/05\\\/ABC-Al-Rojo-Logo-96x96.jpg\",\"caption\":\"Comunicaciones Combarranquilla\"},\"sameAs\":[\"https:\\\/\\\/www.combarranquilla.co\"],\"url\":\"https:\\\/\\\/tuguia.combarranquilla.co\\\/Revista\\\/author\\\/comunicaciones\\\/\"}]}<\/script>\n<!-- \/ Yoast SEO plugin. -->","yoast_head_json":{"title":"\"Lo que soy hoy es gracias a mis pap\u00e1s, a Dios y a Combarranquilla\" Sarai Coronado, egresada del Centro de Formaci\u00f3n - Tu Gu\u00eda","robots":{"index":"index","follow":"follow","max-snippet":"max-snippet:-1","max-image-preview":"max-image-preview:large","max-video-preview":"max-video-preview:-1"},"canonical":"https:\/\/tuguia.combarranquilla.co\/Revista\/lo-que-soy-hoy-es-gracias-a-mis-papas-a-dios-y-a-combarranquilla-sarai-coronado-egresada-del-centro-de-formacion\/","og_locale":"es_ES","og_type":"article","og_title":"\"Lo que soy hoy es gracias a mis pap\u00e1s, a Dios y a Combarranquilla\" Sarai Coronado, egresada del Centro de Formaci\u00f3n - Tu Gu\u00eda","og_description":"Con la apertura de un nuevo punto del Restaurante Baerbecue Garage en Barranquilla, Sarai Coronado, con 22 a\u00f1os de edad ha demostrado que cocinar con amor te abre puertas inimaginables. El 8 de febrero de 2017, Sarai inicia a materializar su sue\u00f1o: estudiar cocina en el Centro de Formaci\u00f3n Combarranquilla. &#8220;Me llev\u00e9 una grata sorpresa, [&hellip;]","og_url":"https:\/\/tuguia.combarranquilla.co\/Revista\/lo-que-soy-hoy-es-gracias-a-mis-papas-a-dios-y-a-combarranquilla-sarai-coronado-egresada-del-centro-de-formacion\/","og_site_name":"Tu Gu\u00eda","article_published_time":"2023-03-21T14:21:45+00:00","article_modified_time":"2023-03-24T14:31:46+00:00","og_image":[{"width":2560,"height":1707,"url":"https:\/\/tuguia.combarranquilla.co\/Revista\/wp-content\/uploads\/2023\/03\/DSC_0671-scaled.jpg","type":"image\/jpeg"}],"author":"Comunicaciones Combarranquilla","twitter_card":"summary_large_image","twitter_misc":{"Escrito por":"Comunicaciones Combarranquilla","Tiempo de lectura":"1 minuto"},"schema":{"@context":"https:\/\/schema.org","@graph":[{"@type":"Article","@id":"https:\/\/tuguia.combarranquilla.co\/Revista\/lo-que-soy-hoy-es-gracias-a-mis-papas-a-dios-y-a-combarranquilla-sarai-coronado-egresada-del-centro-de-formacion\/#article","isPartOf":{"@id":"https:\/\/tuguia.combarranquilla.co\/Revista\/lo-que-soy-hoy-es-gracias-a-mis-papas-a-dios-y-a-combarranquilla-sarai-coronado-egresada-del-centro-de-formacion\/"},"author":{"name":"Comunicaciones Combarranquilla","@id":"https:\/\/tuguia.combarranquilla.co\/Revista\/#\/schema\/person\/c2c396a77170bd1d5f8ba73294eb0d10"},"headline":"&#8220;Lo que soy hoy es gracias a mis pap\u00e1s, a Dios y a Combarranquilla&#8221; Sarai Coronado, egresada del Centro de Formaci\u00f3n","datePublished":"2023-03-21T14:21:45+00:00","dateModified":"2023-03-24T14:31:46+00:00","mainEntityOfPage":{"@id":"https:\/\/tuguia.combarranquilla.co\/Revista\/lo-que-soy-hoy-es-gracias-a-mis-papas-a-dios-y-a-combarranquilla-sarai-coronado-egresada-del-centro-de-formacion\/"},"wordCount":254,"commentCount":0,"publisher":{"@id":"https:\/\/tuguia.combarranquilla.co\/Revista\/#organization"},"image":{"@id":"https:\/\/tuguia.combarranquilla.co\/Revista\/lo-que-soy-hoy-es-gracias-a-mis-papas-a-dios-y-a-combarranquilla-sarai-coronado-egresada-del-centro-de-formacion\/#primaryimage"},"thumbnailUrl":"https:\/\/tuguia.combarranquilla.co\/Revista\/wp-content\/uploads\/2023\/03\/DSC_0671-scaled.jpg","articleSection":["FAMILIA COMBARRANQUILLA"],"inLanguage":"es-CO","potentialAction":[{"@type":"CommentAction","name":"Comment","target":["https:\/\/tuguia.combarranquilla.co\/Revista\/lo-que-soy-hoy-es-gracias-a-mis-papas-a-dios-y-a-combarranquilla-sarai-coronado-egresada-del-centro-de-formacion\/#respond"]}]},{"@type":"WebPage","@id":"https:\/\/tuguia.combarranquilla.co\/Revista\/lo-que-soy-hoy-es-gracias-a-mis-papas-a-dios-y-a-combarranquilla-sarai-coronado-egresada-del-centro-de-formacion\/","url":"https:\/\/tuguia.combarranquilla.co\/Revista\/lo-que-soy-hoy-es-gracias-a-mis-papas-a-dios-y-a-combarranquilla-sarai-coronado-egresada-del-centro-de-formacion\/","name":"\"Lo que soy hoy es gracias a mis pap\u00e1s, a Dios y a Combarranquilla\" Sarai Coronado, egresada del Centro de Formaci\u00f3n - Tu Gu\u00eda","isPartOf":{"@id":"https:\/\/tuguia.combarranquilla.co\/Revista\/#website"},"primaryImageOfPage":{"@id":"https:\/\/tuguia.combarranquilla.co\/Revista\/lo-que-soy-hoy-es-gracias-a-mis-papas-a-dios-y-a-combarranquilla-sarai-coronado-egresada-del-centro-de-formacion\/#primaryimage"},"image":{"@id":"https:\/\/tuguia.combarranquilla.co\/Revista\/lo-que-soy-hoy-es-gracias-a-mis-papas-a-dios-y-a-combarranquilla-sarai-coronado-egresada-del-centro-de-formacion\/#primaryimage"},"thumbnailUrl":"https:\/\/tuguia.combarranquilla.co\/Revista\/wp-content\/uploads\/2023\/03\/DSC_0671-scaled.jpg","datePublished":"2023-03-21T14:21:45+00:00","dateModified":"2023-03-24T14:31:46+00:00","breadcrumb":{"@id":"https:\/\/tuguia.combarranquilla.co\/Revista\/lo-que-soy-hoy-es-gracias-a-mis-papas-a-dios-y-a-combarranquilla-sarai-coronado-egresada-del-centro-de-formacion\/#breadcrumb"},"inLanguage":"es-CO","potentialAction":[{"@type":"ReadAction","target":["https:\/\/tuguia.combarranquilla.co\/Revista\/lo-que-soy-hoy-es-gracias-a-mis-papas-a-dios-y-a-combarranquilla-sarai-coronado-egresada-del-centro-de-formacion\/"]}]},{"@type":"ImageObject","inLanguage":"es-CO","@id":"https:\/\/tuguia.combarranquilla.co\/Revista\/lo-que-soy-hoy-es-gracias-a-mis-papas-a-dios-y-a-combarranquilla-sarai-coronado-egresada-del-centro-de-formacion\/#primaryimage","url":"https:\/\/tuguia.combarranquilla.co\/Revista\/wp-content\/uploads\/2023\/03\/DSC_0671-scaled.jpg","contentUrl":"https:\/\/tuguia.combarranquilla.co\/Revista\/wp-content\/uploads\/2023\/03\/DSC_0671-scaled.jpg","width":2560,"height":1707},{"@type":"BreadcrumbList","@id":"https:\/\/tuguia.combarranquilla.co\/Revista\/lo-que-soy-hoy-es-gracias-a-mis-papas-a-dios-y-a-combarranquilla-sarai-coronado-egresada-del-centro-de-formacion\/#breadcrumb","itemListElement":[{"@type":"ListItem","position":1,"name":"Inicio","item":"https:\/\/tuguia.combarranquilla.co\/Revista\/"},{"@type":"ListItem","position":2,"name":"&#8220;Lo que soy hoy es gracias a mis pap\u00e1s, a Dios y a Combarranquilla&#8221; Sarai Coronado, egresada del Centro de Formaci\u00f3n"}]},{"@type":"WebSite","@id":"https:\/\/tuguia.combarranquilla.co\/Revista\/#website","url":"https:\/\/tuguia.combarranquilla.co\/Revista\/","name":"Tu Gu\u00eda","description":"La revista donde lo tienes todo.","publisher":{"@id":"https:\/\/tuguia.combarranquilla.co\/Revista\/#organization"},"alternateName":"Tu Gu\u00eda Combarranquilla","potentialAction":[{"@type":"SearchAction","target":{"@type":"EntryPoint","urlTemplate":"https:\/\/tuguia.combarranquilla.co\/Revista\/?s={search_term_string}"},"query-input":{"@type":"PropertyValueSpecification","valueRequired":true,"valueName":"search_term_string"}}],"inLanguage":"es-CO"},{"@type":"Organization","@id":"https:\/\/tuguia.combarranquilla.co\/Revista\/#organization","name":"Tu Gu\u00eda Combarranquilla","url":"https:\/\/tuguia.combarranquilla.co\/Revista\/","logo":{"@type":"ImageObject","inLanguage":"es-CO","@id":"https:\/\/tuguia.combarranquilla.co\/Revista\/#\/schema\/logo\/image\/","url":"https:\/\/tuguia.combarranquilla.co\/Revista\/wp-content\/uploads\/2022\/02\/logo-guia-combarranquilla.svg","contentUrl":"https:\/\/tuguia.combarranquilla.co\/Revista\/wp-content\/uploads\/2022\/02\/logo-guia-combarranquilla.svg","caption":"Tu Gu\u00eda Combarranquilla"},"image":{"@id":"https:\/\/tuguia.combarranquilla.co\/Revista\/#\/schema\/logo\/image\/"}},{"@type":"Person","@id":"https:\/\/tuguia.combarranquilla.co\/Revista\/#\/schema\/person\/c2c396a77170bd1d5f8ba73294eb0d10","name":"Comunicaciones Combarranquilla","image":{"@type":"ImageObject","inLanguage":"es-CO","@id":"https:\/\/tuguia.combarranquilla.co\/Revista\/wp-content\/uploads\/2025\/05\/ABC-Al-Rojo-Logo-96x96.jpg","url":"https:\/\/tuguia.combarranquilla.co\/Revista\/wp-content\/uploads\/2025\/05\/ABC-Al-Rojo-Logo-96x96.jpg","contentUrl":"https:\/\/tuguia.combarranquilla.co\/Revista\/wp-content\/uploads\/2025\/05\/ABC-Al-Rojo-Logo-96x96.jpg","caption":"Comunicaciones Combarranquilla"},"sameAs":["https:\/\/www.combarranquilla.co"],"url":"https:\/\/tuguia.combarranquilla.co\/Revista\/author\/comunicaciones\/"}]}},"_links":{"self":[{"href":"https:\/\/tuguia.combarranquilla.co\/Revista\/wp-json\/wp\/v2\/posts\/1730","targetHints":{"allow":["GET"]}}],"collection":[{"href":"https:\/\/tuguia.combarranquilla.co\/Revista\/wp-json\/wp\/v2\/posts"}],"about":[{"href":"https:\/\/tuguia.combarranquilla.co\/Revista\/wp-json\/wp\/v2\/types\/post"}],"author":[{"embeddable":true,"href":"https:\/\/tuguia.combarranquilla.co\/Revista\/wp-json\/wp\/v2\/users\/2"}],"replies":[{"embeddable":true,"href":"https:\/\/tuguia.combarranquilla.co\/Revista\/wp-json\/wp\/v2\/comments?post=1730"}],"version-history":[{"count":19,"href":"https:\/\/tuguia.combarranquilla.co\/Revista\/wp-json\/wp\/v2\/posts\/1730\/revisions"}],"predecessor-version":[{"id":1755,"href":"https:\/\/tuguia.combarranquilla.co\/Revista\/wp-json\/wp\/v2\/posts\/1730\/revisions\/1755"}],"wp:featuredmedia":[{"embeddable":true,"href":"https:\/\/tuguia.combarranquilla.co\/Revista\/wp-json\/wp\/v2\/media\/1737"}],"wp:attachment":[{"href":"https:\/\/tuguia.combarranquilla.co\/Revista\/wp-json\/wp\/v2\/media?parent=1730"}],"wp:term":[{"taxonomy":"category","embeddable":true,"href":"https:\/\/tuguia.combarranquilla.co\/Revista\/wp-json\/wp\/v2\/categories?post=1730"},{"taxonomy":"post_tag","embeddable":true,"href":"https:\/\/tuguia.combarranquilla.co\/Revista\/wp-json\/wp\/v2\/tags?post=1730"}],"curies":[{"name":"wp","href":"https:\/\/api.w.org\/{rel}","templated":true}]}}