{"id":1767,"date":"2023-04-03T09:26:58","date_gmt":"2023-04-03T14:26:58","guid":{"rendered":"https:\/\/tuguia.combarranquilla.co\/Revista\/?p=1767"},"modified":"2023-04-10T13:41:00","modified_gmt":"2023-04-10T18:41:00","slug":"1-aniversario-del-programa-crecemos-contigo","status":"publish","type":"post","link":"https:\/\/tuguia.combarranquilla.co\/Revista\/1-aniversario-del-programa-crecemos-contigo\/","title":{"rendered":"\u00a11\u00b0 Aniversario del Programa Crecemos Contigo!"},"content":{"rendered":"\n<p>El 5 de abril de 2022, Combarranquilla a trav\u00e9s del \u00e1rea de fomento y desarrollo empresarial crea un Programa dirigido a MiPymes afiliadas a la Caja de Compensaci\u00f3n Familiar llamado <em><strong>Crecemos Contigo.<\/strong><\/em><\/p>\n\n\n\n<p>A trav\u00e9s de una <strong>ruta de asesor\u00edas<\/strong>, profesionales expertos en marketing, log\u00edstica, finanzas e innovaci\u00f3n han contribuido al desarrollo, consolidaci\u00f3n y escalamiento de varias organizaciones del departamento del Atl\u00e1ntico. <\/p>\n\n\n\n<p>Actualmente, cuentan con 134 empresas inscritas; 33 de ellas est\u00e1n activas en el programa, 15 han finalizado ruta y a 5 se les fue otorgado el 100% del valor de una consultor\u00eda.<\/p>\n\n\n<div class=\"wp-block-image\">\n<figure class=\"aligncenter size-large is-resized\"><img decoding=\"async\" data-src=\"https:\/\/tuguia.combarranquilla.co\/Revista\/wp-content\/uploads\/2023\/04\/dc0fd4ac-c1f8-442a-a499-e4875c91c56a-1024x768.jpeg\" alt=\"\" class=\"wp-image-1783 lazyload\" width=\"709\" height=\"532\" data-srcset=\"https:\/\/tuguia.combarranquilla.co\/Revista\/wp-content\/uploads\/2023\/04\/dc0fd4ac-c1f8-442a-a499-e4875c91c56a-1024x768.jpeg 1024w, https:\/\/tuguia.combarranquilla.co\/Revista\/wp-content\/uploads\/2023\/04\/dc0fd4ac-c1f8-442a-a499-e4875c91c56a-300x225.jpeg 300w, https:\/\/tuguia.combarranquilla.co\/Revista\/wp-content\/uploads\/2023\/04\/dc0fd4ac-c1f8-442a-a499-e4875c91c56a-768x576.jpeg 768w, https:\/\/tuguia.combarranquilla.co\/Revista\/wp-content\/uploads\/2023\/04\/dc0fd4ac-c1f8-442a-a499-e4875c91c56a-1536x1152.jpeg 1536w, https:\/\/tuguia.combarranquilla.co\/Revista\/wp-content\/uploads\/2023\/04\/dc0fd4ac-c1f8-442a-a499-e4875c91c56a.jpeg 1600w\" data-sizes=\"(max-width: 709px) 100vw, 709px\" src=\"data:image\/svg+xml;base64,PHN2ZyB3aWR0aD0iMSIgaGVpZ2h0PSIxIiB4bWxucz0iaHR0cDovL3d3dy53My5vcmcvMjAwMC9zdmciPjwvc3ZnPg==\" style=\"--smush-placeholder-width: 709px; --smush-placeholder-aspect-ratio: 709\/532;\" \/><\/figure><\/div>\n\n\n<p class=\"has-text-align-center\"><em>Taller de diagn\u00f3stico empresarial <\/em>(2022)<\/p>\n\n\n\n<p>Sandra Salgado, L\u00edder del Programa Crecemos Contigo, relata que el primer a\u00f1o fue una experiencia de muchos aprendizajes. &#8220;<em>Mejoramos procesos internos que nos ayud\u00f3 a brindar una mejor atenci\u00f3n, disminuimos los documentos solicitados y el m\u00e9todo de inscripci\u00f3n es muy f\u00e1cil y pr\u00e1ctico<\/em> <em>para los empresarios<\/em>&#8220;, se\u00f1al\u00f3. <\/p>\n\n\n\n<h2 class=\"wp-block-heading\">Novedades <\/h2>\n\n\n\n<p>Para el primer semestre de 2023, se inaugurar\u00e1 una <strong>nueva unidad de servicio<\/strong>, donde se contar\u00e1 con un <strong>espacio de co-creaci\u00f3n y coworking<\/strong> para las empresas afiliadas a la Caja, unas oficinas de fomento y desarrollo empresarial y un laboratorio de empleo para seleccionar y atraer talento humano. <\/p>\n\n\n<div class=\"wp-block-image\">\n<figure class=\"aligncenter size-full\"><img decoding=\"async\" width=\"640\" height=\"480\" data-src=\"https:\/\/tuguia.combarranquilla.co\/Revista\/wp-content\/uploads\/2023\/04\/1-1.jpg\" alt=\"\" class=\"wp-image-1787 lazyload\" data-srcset=\"https:\/\/tuguia.combarranquilla.co\/Revista\/wp-content\/uploads\/2023\/04\/1-1.jpg 640w, https:\/\/tuguia.combarranquilla.co\/Revista\/wp-content\/uploads\/2023\/04\/1-1-300x225.jpg 300w\" data-sizes=\"(max-width: 640px) 100vw, 640px\" src=\"data:image\/svg+xml;base64,PHN2ZyB3aWR0aD0iMSIgaGVpZ2h0PSIxIiB4bWxucz0iaHR0cDovL3d3dy53My5vcmcvMjAwMC9zdmciPjwvc3ZnPg==\" style=\"--smush-placeholder-width: 640px; --smush-placeholder-aspect-ratio: 640\/480;\" \/><\/figure><\/div>\n\n\n<p class=\"has-text-align-center\">Nueva unidad: Calle 76 N\u00b057-44, local 1<\/p>\n\n\n\n<p>A su vez, han ideado para las MiPymes una&nbsp;<strong>serie de consultor\u00edas express gratuitas<\/strong>, para presentar alternativas de soluci\u00f3n frente&nbsp;a un problema espec\u00edfico que represente un mediano o gran impacto en el presente o futuro de&nbsp;su organizaci\u00f3n y les permita fortalecer o mejorar un \u00e1rea y\/o dependencia de&nbsp;su empresa.<\/p>\n\n\n<div class=\"wp-block-image\">\n<figure class=\"aligncenter size-large is-resized\"><img decoding=\"async\" data-src=\"https:\/\/tuguia.combarranquilla.co\/Revista\/wp-content\/uploads\/2023\/04\/4937e64c-1e40-4f02-a8a1-05c6090c7fd2-1024x768.jpeg\" alt=\"\" class=\"wp-image-1781 lazyload\" width=\"645\" height=\"484\" data-srcset=\"https:\/\/tuguia.combarranquilla.co\/Revista\/wp-content\/uploads\/2023\/04\/4937e64c-1e40-4f02-a8a1-05c6090c7fd2-1024x768.jpeg 1024w, https:\/\/tuguia.combarranquilla.co\/Revista\/wp-content\/uploads\/2023\/04\/4937e64c-1e40-4f02-a8a1-05c6090c7fd2-300x225.jpeg 300w, https:\/\/tuguia.combarranquilla.co\/Revista\/wp-content\/uploads\/2023\/04\/4937e64c-1e40-4f02-a8a1-05c6090c7fd2-768x576.jpeg 768w, https:\/\/tuguia.combarranquilla.co\/Revista\/wp-content\/uploads\/2023\/04\/4937e64c-1e40-4f02-a8a1-05c6090c7fd2.jpeg 1280w\" data-sizes=\"(max-width: 645px) 100vw, 645px\" src=\"data:image\/svg+xml;base64,PHN2ZyB3aWR0aD0iMSIgaGVpZ2h0PSIxIiB4bWxucz0iaHR0cDovL3d3dy53My5vcmcvMjAwMC9zdmciPjwvc3ZnPg==\" style=\"--smush-placeholder-width: 645px; --smush-placeholder-aspect-ratio: 645\/484;\" \/><\/figure><\/div>\n\n\n<p>La invitaci\u00f3n es para los empresarios del Atl\u00e1ntico a que conozcan este programa de asesor\u00eda especializada y personalizada llamado Crecemos Contigo que los ayudar\u00e1 a identificar fallas en los procesos pero sobre todo a ense\u00f1arles buenas pr\u00e1cticas administrativas que generen valor y crecimiento constante.<\/p>\n\n\n\n<h2 class=\"wp-block-heading\">Testimonios de transformaci\u00f3n<\/h2>\n\n\n\n<p class=\"has-text-align-center\">Ingresa a este link para ver las experiencias de tres empresas inscritas en el Programa: <a href=\"https:\/\/bit.ly\/3mbIk8E\" target=\"_blank\" rel=\"noreferrer noopener\">https:\/\/bit.ly\/3mbIk8E<\/a><\/p>\n\n\n\n<p><\/p>\n","protected":false},"excerpt":{"rendered":"<p>El 5 de abril de 2022, Combarranquilla a trav\u00e9s del \u00e1rea de fomento y desarrollo empresarial crea un Programa dirigido a MiPymes afiliadas a la Caja de Compensaci\u00f3n Familiar llamado Crecemos Contigo. A trav\u00e9s de una ruta de asesor\u00edas, profesionales expertos en marketing, log\u00edstica, finanzas e innovaci\u00f3n han contribuido al desarrollo, consolidaci\u00f3n y escalamiento de [&hellip;]<\/p>\n","protected":false},"author":2,"featured_media":1809,"comment_status":"open","ping_status":"open","sticky":false,"template":"","format":"standard","meta":{"inline_featured_image":false,"footnotes":""},"categories":[6],"tags":[],"class_list":["post-1767","post","type-post","status-publish","format-standard","has-post-thumbnail","hentry","category-empleabilidad"],"yoast_head":"<!-- This site is optimized with the Yoast SEO plugin v27.4 - https:\/\/yoast.com\/product\/yoast-seo-wordpress\/ -->\n<title>\u00a11\u00b0 Aniversario del Programa Crecemos Contigo! - Tu Gu\u00eda<\/title>\n<meta name=\"robots\" content=\"index, follow, max-snippet:-1, max-image-preview:large, max-video-preview:-1\" \/>\n<link rel=\"canonical\" href=\"https:\/\/tuguia.combarranquilla.co\/Revista\/1-aniversario-del-programa-crecemos-contigo\/\" \/>\n<meta property=\"og:locale\" content=\"es_ES\" \/>\n<meta property=\"og:type\" content=\"article\" \/>\n<meta property=\"og:title\" content=\"\u00a11\u00b0 Aniversario del Programa Crecemos Contigo! - Tu Gu\u00eda\" \/>\n<meta property=\"og:description\" content=\"El 5 de abril de 2022, Combarranquilla a trav\u00e9s del \u00e1rea de fomento y desarrollo empresarial crea un Programa dirigido a MiPymes afiliadas a la Caja de Compensaci\u00f3n Familiar llamado Crecemos Contigo. A trav\u00e9s de una ruta de asesor\u00edas, profesionales expertos en marketing, log\u00edstica, finanzas e innovaci\u00f3n han contribuido al desarrollo, consolidaci\u00f3n y escalamiento de [&hellip;]\" \/>\n<meta property=\"og:url\" content=\"https:\/\/tuguia.combarranquilla.co\/Revista\/1-aniversario-del-programa-crecemos-contigo\/\" \/>\n<meta property=\"og:site_name\" content=\"Tu Gu\u00eda\" \/>\n<meta property=\"article:published_time\" content=\"2023-04-03T14:26:58+00:00\" \/>\n<meta property=\"article:modified_time\" content=\"2023-04-10T18:41:00+00:00\" \/>\n<meta property=\"og:image\" content=\"https:\/\/tuguia.combarranquilla.co\/Revista\/wp-content\/uploads\/2023\/04\/IMG_1452-scaled.jpeg\" \/>\n\t<meta property=\"og:image:width\" content=\"2560\" \/>\n\t<meta property=\"og:image:height\" content=\"1920\" \/>\n\t<meta property=\"og:image:type\" content=\"image\/jpeg\" \/>\n<meta name=\"author\" content=\"Comunicaciones Combarranquilla\" \/>\n<meta name=\"twitter:card\" content=\"summary_large_image\" \/>\n<meta name=\"twitter:label1\" content=\"Escrito por\" \/>\n\t<meta name=\"twitter:data1\" content=\"Comunicaciones Combarranquilla\" \/>\n\t<meta name=\"twitter:label2\" content=\"Tiempo de lectura\" \/>\n\t<meta name=\"twitter:data2\" content=\"2 minutos\" \/>\n<script type=\"application\/ld+json\" class=\"yoast-schema-graph\">{\"@context\":\"https:\\\/\\\/schema.org\",\"@graph\":[{\"@type\":\"Article\",\"@id\":\"https:\\\/\\\/tuguia.combarranquilla.co\\\/Revista\\\/1-aniversario-del-programa-crecemos-contigo\\\/#article\",\"isPartOf\":{\"@id\":\"https:\\\/\\\/tuguia.combarranquilla.co\\\/Revista\\\/1-aniversario-del-programa-crecemos-contigo\\\/\"},\"author\":{\"name\":\"Comunicaciones Combarranquilla\",\"@id\":\"https:\\\/\\\/tuguia.combarranquilla.co\\\/Revista\\\/#\\\/schema\\\/person\\\/c2c396a77170bd1d5f8ba73294eb0d10\"},\"headline\":\"\u00a11\u00b0 Aniversario del Programa Crecemos Contigo!\",\"datePublished\":\"2023-04-03T14:26:58+00:00\",\"dateModified\":\"2023-04-10T18:41:00+00:00\",\"mainEntityOfPage\":{\"@id\":\"https:\\\/\\\/tuguia.combarranquilla.co\\\/Revista\\\/1-aniversario-del-programa-crecemos-contigo\\\/\"},\"wordCount\":350,\"commentCount\":0,\"publisher\":{\"@id\":\"https:\\\/\\\/tuguia.combarranquilla.co\\\/Revista\\\/#organization\"},\"image\":{\"@id\":\"https:\\\/\\\/tuguia.combarranquilla.co\\\/Revista\\\/1-aniversario-del-programa-crecemos-contigo\\\/#primaryimage\"},\"thumbnailUrl\":\"https:\\\/\\\/tuguia.combarranquilla.co\\\/Revista\\\/wp-content\\\/uploads\\\/2023\\\/04\\\/IMG_1452-scaled.jpeg\",\"articleSection\":[\"EMPLEABILIDAD\"],\"inLanguage\":\"es-CO\",\"potentialAction\":[{\"@type\":\"CommentAction\",\"name\":\"Comment\",\"target\":[\"https:\\\/\\\/tuguia.combarranquilla.co\\\/Revista\\\/1-aniversario-del-programa-crecemos-contigo\\\/#respond\"]}]},{\"@type\":\"WebPage\",\"@id\":\"https:\\\/\\\/tuguia.combarranquilla.co\\\/Revista\\\/1-aniversario-del-programa-crecemos-contigo\\\/\",\"url\":\"https:\\\/\\\/tuguia.combarranquilla.co\\\/Revista\\\/1-aniversario-del-programa-crecemos-contigo\\\/\",\"name\":\"\u00a11\u00b0 Aniversario del Programa Crecemos Contigo! - Tu Gu\u00eda\",\"isPartOf\":{\"@id\":\"https:\\\/\\\/tuguia.combarranquilla.co\\\/Revista\\\/#website\"},\"primaryImageOfPage\":{\"@id\":\"https:\\\/\\\/tuguia.combarranquilla.co\\\/Revista\\\/1-aniversario-del-programa-crecemos-contigo\\\/#primaryimage\"},\"image\":{\"@id\":\"https:\\\/\\\/tuguia.combarranquilla.co\\\/Revista\\\/1-aniversario-del-programa-crecemos-contigo\\\/#primaryimage\"},\"thumbnailUrl\":\"https:\\\/\\\/tuguia.combarranquilla.co\\\/Revista\\\/wp-content\\\/uploads\\\/2023\\\/04\\\/IMG_1452-scaled.jpeg\",\"datePublished\":\"2023-04-03T14:26:58+00:00\",\"dateModified\":\"2023-04-10T18:41:00+00:00\",\"breadcrumb\":{\"@id\":\"https:\\\/\\\/tuguia.combarranquilla.co\\\/Revista\\\/1-aniversario-del-programa-crecemos-contigo\\\/#breadcrumb\"},\"inLanguage\":\"es-CO\",\"potentialAction\":[{\"@type\":\"ReadAction\",\"target\":[\"https:\\\/\\\/tuguia.combarranquilla.co\\\/Revista\\\/1-aniversario-del-programa-crecemos-contigo\\\/\"]}]},{\"@type\":\"ImageObject\",\"inLanguage\":\"es-CO\",\"@id\":\"https:\\\/\\\/tuguia.combarranquilla.co\\\/Revista\\\/1-aniversario-del-programa-crecemos-contigo\\\/#primaryimage\",\"url\":\"https:\\\/\\\/tuguia.combarranquilla.co\\\/Revista\\\/wp-content\\\/uploads\\\/2023\\\/04\\\/IMG_1452-scaled.jpeg\",\"contentUrl\":\"https:\\\/\\\/tuguia.combarranquilla.co\\\/Revista\\\/wp-content\\\/uploads\\\/2023\\\/04\\\/IMG_1452-scaled.jpeg\",\"width\":2560,\"height\":1920},{\"@type\":\"BreadcrumbList\",\"@id\":\"https:\\\/\\\/tuguia.combarranquilla.co\\\/Revista\\\/1-aniversario-del-programa-crecemos-contigo\\\/#breadcrumb\",\"itemListElement\":[{\"@type\":\"ListItem\",\"position\":1,\"name\":\"Inicio\",\"item\":\"https:\\\/\\\/tuguia.combarranquilla.co\\\/Revista\\\/\"},{\"@type\":\"ListItem\",\"position\":2,\"name\":\"\u00a11\u00b0 Aniversario del Programa Crecemos Contigo!\"}]},{\"@type\":\"WebSite\",\"@id\":\"https:\\\/\\\/tuguia.combarranquilla.co\\\/Revista\\\/#website\",\"url\":\"https:\\\/\\\/tuguia.combarranquilla.co\\\/Revista\\\/\",\"name\":\"Tu Gu\u00eda\",\"description\":\"La revista donde lo tienes todo.\",\"publisher\":{\"@id\":\"https:\\\/\\\/tuguia.combarranquilla.co\\\/Revista\\\/#organization\"},\"alternateName\":\"Tu Gu\u00eda Combarranquilla\",\"potentialAction\":[{\"@type\":\"SearchAction\",\"target\":{\"@type\":\"EntryPoint\",\"urlTemplate\":\"https:\\\/\\\/tuguia.combarranquilla.co\\\/Revista\\\/?s={search_term_string}\"},\"query-input\":{\"@type\":\"PropertyValueSpecification\",\"valueRequired\":true,\"valueName\":\"search_term_string\"}}],\"inLanguage\":\"es-CO\"},{\"@type\":\"Organization\",\"@id\":\"https:\\\/\\\/tuguia.combarranquilla.co\\\/Revista\\\/#organization\",\"name\":\"Tu Gu\u00eda Combarranquilla\",\"url\":\"https:\\\/\\\/tuguia.combarranquilla.co\\\/Revista\\\/\",\"logo\":{\"@type\":\"ImageObject\",\"inLanguage\":\"es-CO\",\"@id\":\"https:\\\/\\\/tuguia.combarranquilla.co\\\/Revista\\\/#\\\/schema\\\/logo\\\/image\\\/\",\"url\":\"https:\\\/\\\/tuguia.combarranquilla.co\\\/Revista\\\/wp-content\\\/uploads\\\/2022\\\/02\\\/logo-guia-combarranquilla.svg\",\"contentUrl\":\"https:\\\/\\\/tuguia.combarranquilla.co\\\/Revista\\\/wp-content\\\/uploads\\\/2022\\\/02\\\/logo-guia-combarranquilla.svg\",\"caption\":\"Tu Gu\u00eda Combarranquilla\"},\"image\":{\"@id\":\"https:\\\/\\\/tuguia.combarranquilla.co\\\/Revista\\\/#\\\/schema\\\/logo\\\/image\\\/\"}},{\"@type\":\"Person\",\"@id\":\"https:\\\/\\\/tuguia.combarranquilla.co\\\/Revista\\\/#\\\/schema\\\/person\\\/c2c396a77170bd1d5f8ba73294eb0d10\",\"name\":\"Comunicaciones Combarranquilla\",\"image\":{\"@type\":\"ImageObject\",\"inLanguage\":\"es-CO\",\"@id\":\"https:\\\/\\\/tuguia.combarranquilla.co\\\/Revista\\\/wp-content\\\/uploads\\\/2025\\\/05\\\/ABC-Al-Rojo-Logo-96x96.jpg\",\"url\":\"https:\\\/\\\/tuguia.combarranquilla.co\\\/Revista\\\/wp-content\\\/uploads\\\/2025\\\/05\\\/ABC-Al-Rojo-Logo-96x96.jpg\",\"contentUrl\":\"https:\\\/\\\/tuguia.combarranquilla.co\\\/Revista\\\/wp-content\\\/uploads\\\/2025\\\/05\\\/ABC-Al-Rojo-Logo-96x96.jpg\",\"caption\":\"Comunicaciones Combarranquilla\"},\"sameAs\":[\"https:\\\/\\\/www.combarranquilla.co\"],\"url\":\"https:\\\/\\\/tuguia.combarranquilla.co\\\/Revista\\\/author\\\/comunicaciones\\\/\"}]}<\/script>\n<!-- \/ Yoast SEO plugin. -->","yoast_head_json":{"title":"\u00a11\u00b0 Aniversario del Programa Crecemos Contigo! - Tu Gu\u00eda","robots":{"index":"index","follow":"follow","max-snippet":"max-snippet:-1","max-image-preview":"max-image-preview:large","max-video-preview":"max-video-preview:-1"},"canonical":"https:\/\/tuguia.combarranquilla.co\/Revista\/1-aniversario-del-programa-crecemos-contigo\/","og_locale":"es_ES","og_type":"article","og_title":"\u00a11\u00b0 Aniversario del Programa Crecemos Contigo! - Tu Gu\u00eda","og_description":"El 5 de abril de 2022, Combarranquilla a trav\u00e9s del \u00e1rea de fomento y desarrollo empresarial crea un Programa dirigido a MiPymes afiliadas a la Caja de Compensaci\u00f3n Familiar llamado Crecemos Contigo. A trav\u00e9s de una ruta de asesor\u00edas, profesionales expertos en marketing, log\u00edstica, finanzas e innovaci\u00f3n han contribuido al desarrollo, consolidaci\u00f3n y escalamiento de [&hellip;]","og_url":"https:\/\/tuguia.combarranquilla.co\/Revista\/1-aniversario-del-programa-crecemos-contigo\/","og_site_name":"Tu Gu\u00eda","article_published_time":"2023-04-03T14:26:58+00:00","article_modified_time":"2023-04-10T18:41:00+00:00","og_image":[{"width":2560,"height":1920,"url":"https:\/\/tuguia.combarranquilla.co\/Revista\/wp-content\/uploads\/2023\/04\/IMG_1452-scaled.jpeg","type":"image\/jpeg"}],"author":"Comunicaciones Combarranquilla","twitter_card":"summary_large_image","twitter_misc":{"Escrito por":"Comunicaciones Combarranquilla","Tiempo de lectura":"2 minutos"},"schema":{"@context":"https:\/\/schema.org","@graph":[{"@type":"Article","@id":"https:\/\/tuguia.combarranquilla.co\/Revista\/1-aniversario-del-programa-crecemos-contigo\/#article","isPartOf":{"@id":"https:\/\/tuguia.combarranquilla.co\/Revista\/1-aniversario-del-programa-crecemos-contigo\/"},"author":{"name":"Comunicaciones Combarranquilla","@id":"https:\/\/tuguia.combarranquilla.co\/Revista\/#\/schema\/person\/c2c396a77170bd1d5f8ba73294eb0d10"},"headline":"\u00a11\u00b0 Aniversario del Programa Crecemos Contigo!","datePublished":"2023-04-03T14:26:58+00:00","dateModified":"2023-04-10T18:41:00+00:00","mainEntityOfPage":{"@id":"https:\/\/tuguia.combarranquilla.co\/Revista\/1-aniversario-del-programa-crecemos-contigo\/"},"wordCount":350,"commentCount":0,"publisher":{"@id":"https:\/\/tuguia.combarranquilla.co\/Revista\/#organization"},"image":{"@id":"https:\/\/tuguia.combarranquilla.co\/Revista\/1-aniversario-del-programa-crecemos-contigo\/#primaryimage"},"thumbnailUrl":"https:\/\/tuguia.combarranquilla.co\/Revista\/wp-content\/uploads\/2023\/04\/IMG_1452-scaled.jpeg","articleSection":["EMPLEABILIDAD"],"inLanguage":"es-CO","potentialAction":[{"@type":"CommentAction","name":"Comment","target":["https:\/\/tuguia.combarranquilla.co\/Revista\/1-aniversario-del-programa-crecemos-contigo\/#respond"]}]},{"@type":"WebPage","@id":"https:\/\/tuguia.combarranquilla.co\/Revista\/1-aniversario-del-programa-crecemos-contigo\/","url":"https:\/\/tuguia.combarranquilla.co\/Revista\/1-aniversario-del-programa-crecemos-contigo\/","name":"\u00a11\u00b0 Aniversario del Programa Crecemos Contigo! - Tu Gu\u00eda","isPartOf":{"@id":"https:\/\/tuguia.combarranquilla.co\/Revista\/#website"},"primaryImageOfPage":{"@id":"https:\/\/tuguia.combarranquilla.co\/Revista\/1-aniversario-del-programa-crecemos-contigo\/#primaryimage"},"image":{"@id":"https:\/\/tuguia.combarranquilla.co\/Revista\/1-aniversario-del-programa-crecemos-contigo\/#primaryimage"},"thumbnailUrl":"https:\/\/tuguia.combarranquilla.co\/Revista\/wp-content\/uploads\/2023\/04\/IMG_1452-scaled.jpeg","datePublished":"2023-04-03T14:26:58+00:00","dateModified":"2023-04-10T18:41:00+00:00","breadcrumb":{"@id":"https:\/\/tuguia.combarranquilla.co\/Revista\/1-aniversario-del-programa-crecemos-contigo\/#breadcrumb"},"inLanguage":"es-CO","potentialAction":[{"@type":"ReadAction","target":["https:\/\/tuguia.combarranquilla.co\/Revista\/1-aniversario-del-programa-crecemos-contigo\/"]}]},{"@type":"ImageObject","inLanguage":"es-CO","@id":"https:\/\/tuguia.combarranquilla.co\/Revista\/1-aniversario-del-programa-crecemos-contigo\/#primaryimage","url":"https:\/\/tuguia.combarranquilla.co\/Revista\/wp-content\/uploads\/2023\/04\/IMG_1452-scaled.jpeg","contentUrl":"https:\/\/tuguia.combarranquilla.co\/Revista\/wp-content\/uploads\/2023\/04\/IMG_1452-scaled.jpeg","width":2560,"height":1920},{"@type":"BreadcrumbList","@id":"https:\/\/tuguia.combarranquilla.co\/Revista\/1-aniversario-del-programa-crecemos-contigo\/#breadcrumb","itemListElement":[{"@type":"ListItem","position":1,"name":"Inicio","item":"https:\/\/tuguia.combarranquilla.co\/Revista\/"},{"@type":"ListItem","position":2,"name":"\u00a11\u00b0 Aniversario del Programa Crecemos Contigo!"}]},{"@type":"WebSite","@id":"https:\/\/tuguia.combarranquilla.co\/Revista\/#website","url":"https:\/\/tuguia.combarranquilla.co\/Revista\/","name":"Tu Gu\u00eda","description":"La revista donde lo tienes todo.","publisher":{"@id":"https:\/\/tuguia.combarranquilla.co\/Revista\/#organization"},"alternateName":"Tu Gu\u00eda Combarranquilla","potentialAction":[{"@type":"SearchAction","target":{"@type":"EntryPoint","urlTemplate":"https:\/\/tuguia.combarranquilla.co\/Revista\/?s={search_term_string}"},"query-input":{"@type":"PropertyValueSpecification","valueRequired":true,"valueName":"search_term_string"}}],"inLanguage":"es-CO"},{"@type":"Organization","@id":"https:\/\/tuguia.combarranquilla.co\/Revista\/#organization","name":"Tu Gu\u00eda Combarranquilla","url":"https:\/\/tuguia.combarranquilla.co\/Revista\/","logo":{"@type":"ImageObject","inLanguage":"es-CO","@id":"https:\/\/tuguia.combarranquilla.co\/Revista\/#\/schema\/logo\/image\/","url":"https:\/\/tuguia.combarranquilla.co\/Revista\/wp-content\/uploads\/2022\/02\/logo-guia-combarranquilla.svg","contentUrl":"https:\/\/tuguia.combarranquilla.co\/Revista\/wp-content\/uploads\/2022\/02\/logo-guia-combarranquilla.svg","caption":"Tu Gu\u00eda Combarranquilla"},"image":{"@id":"https:\/\/tuguia.combarranquilla.co\/Revista\/#\/schema\/logo\/image\/"}},{"@type":"Person","@id":"https:\/\/tuguia.combarranquilla.co\/Revista\/#\/schema\/person\/c2c396a77170bd1d5f8ba73294eb0d10","name":"Comunicaciones Combarranquilla","image":{"@type":"ImageObject","inLanguage":"es-CO","@id":"https:\/\/tuguia.combarranquilla.co\/Revista\/wp-content\/uploads\/2025\/05\/ABC-Al-Rojo-Logo-96x96.jpg","url":"https:\/\/tuguia.combarranquilla.co\/Revista\/wp-content\/uploads\/2025\/05\/ABC-Al-Rojo-Logo-96x96.jpg","contentUrl":"https:\/\/tuguia.combarranquilla.co\/Revista\/wp-content\/uploads\/2025\/05\/ABC-Al-Rojo-Logo-96x96.jpg","caption":"Comunicaciones Combarranquilla"},"sameAs":["https:\/\/www.combarranquilla.co"],"url":"https:\/\/tuguia.combarranquilla.co\/Revista\/author\/comunicaciones\/"}]}},"_links":{"self":[{"href":"https:\/\/tuguia.combarranquilla.co\/Revista\/wp-json\/wp\/v2\/posts\/1767","targetHints":{"allow":["GET"]}}],"collection":[{"href":"https:\/\/tuguia.combarranquilla.co\/Revista\/wp-json\/wp\/v2\/posts"}],"about":[{"href":"https:\/\/tuguia.combarranquilla.co\/Revista\/wp-json\/wp\/v2\/types\/post"}],"author":[{"embeddable":true,"href":"https:\/\/tuguia.combarranquilla.co\/Revista\/wp-json\/wp\/v2\/users\/2"}],"replies":[{"embeddable":true,"href":"https:\/\/tuguia.combarranquilla.co\/Revista\/wp-json\/wp\/v2\/comments?post=1767"}],"version-history":[{"count":21,"href":"https:\/\/tuguia.combarranquilla.co\/Revista\/wp-json\/wp\/v2\/posts\/1767\/revisions"}],"predecessor-version":[{"id":1833,"href":"https:\/\/tuguia.combarranquilla.co\/Revista\/wp-json\/wp\/v2\/posts\/1767\/revisions\/1833"}],"wp:featuredmedia":[{"embeddable":true,"href":"https:\/\/tuguia.combarranquilla.co\/Revista\/wp-json\/wp\/v2\/media\/1809"}],"wp:attachment":[{"href":"https:\/\/tuguia.combarranquilla.co\/Revista\/wp-json\/wp\/v2\/media?parent=1767"}],"wp:term":[{"taxonomy":"category","embeddable":true,"href":"https:\/\/tuguia.combarranquilla.co\/Revista\/wp-json\/wp\/v2\/categories?post=1767"},{"taxonomy":"post_tag","embeddable":true,"href":"https:\/\/tuguia.combarranquilla.co\/Revista\/wp-json\/wp\/v2\/tags?post=1767"}],"curies":[{"name":"wp","href":"https:\/\/api.w.org\/{rel}","templated":true}]}}