{"id":1798,"date":"2023-04-10T08:34:40","date_gmt":"2023-04-10T13:34:40","guid":{"rendered":"https:\/\/tuguia.combarranquilla.co\/Revista\/?p=1798"},"modified":"2023-08-28T14:43:36","modified_gmt":"2023-08-28T19:43:36","slug":"megan-y-milan-solano-una-historia-de-vida-de-transformacion","status":"publish","type":"post","link":"https:\/\/tuguia.combarranquilla.co\/Revista\/megan-y-milan-solano-una-historia-de-vida-de-transformacion\/","title":{"rendered":"Megan y Mil\u00e1n Solano: una historia de transformaci\u00f3n"},"content":{"rendered":"\n<p>Desde Venezuela, Nataly Rodriguez y sus hijos con <strong>discapacidad visual<\/strong>, migraron hacia Colombia en busca de un mejor estilo de vida. &#8220;<em>Decid\u00ed meterlos a un hogar para que nos ayudar\u00e1n en el proceso. Fue muy dif\u00edcil al inicio, ya que los ni\u00f1os no se familiarizaban con nadie<\/em>&#8220;, afirm\u00f3 la madre de Megan y Mil\u00e1n, quienes desde el a\u00f1o 2021 son parte del <strong>Programa de Atenci\u00f3n Integral a la Primera Infancia de Combarranquilla<\/strong>, ubicado en el municipio de Repel\u00f3n corregimiento Rotinet.<\/p>\n\n\n\n<p>Su prop\u00f3sito es apoyar la atenci\u00f3n integral de ni\u00f1os y ni\u00f1as del Departamento del Atl\u00e1ntico desde los 6 meses hasta los 5 a\u00f1os, mediante acciones pedag\u00f3gicas, nutricionales, y psicosociales que contribuyen con el adecuado desarrollo integral, f\u00edsico, cognitivo, social y emocional de los ni\u00f1os y ni\u00f1as.<\/p>\n\n\n<div class=\"wp-block-image\">\n<figure class=\"aligncenter size-large is-resized\"><img decoding=\"async\" data-src=\"https:\/\/tuguia.combarranquilla.co\/Revista\/wp-content\/uploads\/2023\/04\/IMG_1292-1024x799.jpeg\" alt=\"\" class=\"wp-image-1802 lazyload\" style=\"--smush-placeholder-width: 709px; --smush-placeholder-aspect-ratio: 709\/553;width:709px;height:553px\" width=\"709\" height=\"553\" data-srcset=\"https:\/\/tuguia.combarranquilla.co\/Revista\/wp-content\/uploads\/2023\/04\/IMG_1292-1024x799.jpeg 1024w, https:\/\/tuguia.combarranquilla.co\/Revista\/wp-content\/uploads\/2023\/04\/IMG_1292-300x234.jpeg 300w, https:\/\/tuguia.combarranquilla.co\/Revista\/wp-content\/uploads\/2023\/04\/IMG_1292-768x599.jpeg 768w, https:\/\/tuguia.combarranquilla.co\/Revista\/wp-content\/uploads\/2023\/04\/IMG_1292-1536x1199.jpeg 1536w, https:\/\/tuguia.combarranquilla.co\/Revista\/wp-content\/uploads\/2023\/04\/IMG_1292.jpeg 2048w\" data-sizes=\"(max-width: 709px) 100vw, 709px\" src=\"data:image\/svg+xml;base64,PHN2ZyB3aWR0aD0iMSIgaGVpZ2h0PSIxIiB4bWxucz0iaHR0cDovL3d3dy53My5vcmcvMjAwMC9zdmciPjwvc3ZnPg==\" \/><\/figure><\/div>\n\n\n<p><\/p>\n\n\n\n<p>Distinguir la arena, relacionarse con otros ni\u00f1os, bailar, cantar y seleccionar objetos y frutas, ha sido parte del proceso de aprendizaje de Megan y Mil\u00e1n, dos gemelos con diagn\u00f3stico de desprendimiento de retina que han demostrado que vivir con discapacidad no es una limitaci\u00f3n. <\/p>\n\n\n\n<h2 class=\"wp-block-heading\">Herramientas de ayuda<\/h2>\n\n\n\n<p>Se les proporciona un <strong>sistema de punto en relieve o cecograf\u00eda<\/strong>, a fin de facilitarle el reconocimiento de las actividades plasmadas en el cuadernillo AIPI Combarranquilla. Para la apropiaci\u00f3n de los espacios, se logra se\u00f1alizar en la unidad de servicio con diferentes texturas de realces y materiales como sonajeros, sirvi\u00e9ndoles como gu\u00eda para su desplazamiento y reconocimiento del lugar de atenci\u00f3n.<\/p>\n\n\n\n<p>&#8220;V<em>er como estos ni\u00f1os disfrutan y aprenden, nos llena de mucha satisfacci\u00f3n por la tarea que se est\u00e1 haciendo a trav\u00e9s de nuestro Programa Aipi. Nos motiva a seguir entreg\u00e1ndole todos los recursos necesarios para que sean felices en sus hogares comunitarios<\/em>&#8220;, afirm\u00f3 Ernesto Herrera, director de la Caja.<\/p>\n\n\n\n<p>Con el acompa\u00f1amiento de la nutricionista, psic\u00f3loga, pedagoga y madre comunitaria, Megan y Mil\u00e1n han podido transformar sus vidas.<\/p>\n\n\n<div class=\"wp-block-image\">\n<figure class=\"aligncenter size-large is-resized\"><img decoding=\"async\" data-src=\"https:\/\/tuguia.combarranquilla.co\/Revista\/wp-content\/uploads\/2023\/04\/IMG_1333-1024x805.jpeg\" alt=\"\" class=\"wp-image-1805 lazyload\" style=\"--smush-placeholder-width: 691px; --smush-placeholder-aspect-ratio: 691\/543;width:691px;height:543px\" width=\"691\" height=\"543\" data-srcset=\"https:\/\/tuguia.combarranquilla.co\/Revista\/wp-content\/uploads\/2023\/04\/IMG_1333-1024x805.jpeg 1024w, https:\/\/tuguia.combarranquilla.co\/Revista\/wp-content\/uploads\/2023\/04\/IMG_1333-300x236.jpeg 300w, https:\/\/tuguia.combarranquilla.co\/Revista\/wp-content\/uploads\/2023\/04\/IMG_1333-768x603.jpeg 768w, https:\/\/tuguia.combarranquilla.co\/Revista\/wp-content\/uploads\/2023\/04\/IMG_1333-1536x1207.jpeg 1536w\" data-sizes=\"(max-width: 691px) 100vw, 691px\" src=\"data:image\/svg+xml;base64,PHN2ZyB3aWR0aD0iMSIgaGVpZ2h0PSIxIiB4bWxucz0iaHR0cDovL3d3dy53My5vcmcvMjAwMC9zdmciPjwvc3ZnPg==\" \/><\/figure><\/div>\n\n\n<p><\/p>\n\n\n\n<p class=\"has-text-align-left\">La inclusi\u00f3n de las personas con discapacidad es un compromiso de todos. <strong>Con respeto e igualdad construimos un mundo mejor.  <\/strong><\/p>\n\n\n\n<figure class=\"wp-block-embed is-type-video is-provider-youtube wp-block-embed-youtube wp-embed-aspect-16-9 wp-has-aspect-ratio\"><div class=\"wp-block-embed__wrapper\">\n<iframe title=\"Megan y Mil\u00e1n Solano, una historia de transformaci\u00f3n.\" width=\"640\" height=\"360\" data-src=\"https:\/\/www.youtube.com\/embed\/zOMashpXJK8?start=10&#038;feature=oembed\" frameborder=\"0\" allow=\"accelerometer; autoplay; clipboard-write; encrypted-media; gyroscope; picture-in-picture; web-share\" referrerpolicy=\"strict-origin-when-cross-origin\" allowfullscreen src=\"data:image\/svg+xml;base64,PHN2ZyB3aWR0aD0iMSIgaGVpZ2h0PSIxIiB4bWxucz0iaHR0cDovL3d3dy53My5vcmcvMjAwMC9zdmciPjwvc3ZnPg==\" class=\"lazyload\" data-load-mode=\"1\"><\/iframe>\n<\/div><\/figure>\n","protected":false},"excerpt":{"rendered":"<p>Desde Venezuela, Nataly Rodriguez y sus hijos con discapacidad visual, migraron hacia Colombia en busca de un mejor estilo de vida. &#8220;Decid\u00ed meterlos a un hogar para que nos ayudar\u00e1n en el proceso. Fue muy dif\u00edcil al inicio, ya que los ni\u00f1os no se familiarizaban con nadie&#8220;, afirm\u00f3 la madre de Megan y Mil\u00e1n, quienes [&hellip;]<\/p>\n","protected":false},"author":2,"featured_media":1799,"comment_status":"open","ping_status":"open","sticky":false,"template":"","format":"standard","meta":{"inline_featured_image":false,"footnotes":""},"categories":[7],"tags":[],"class_list":["post-1798","post","type-post","status-publish","format-standard","has-post-thumbnail","hentry","category-familia-combarranquilla"],"yoast_head":"<!-- This site is optimized with the Yoast SEO plugin v27.4 - https:\/\/yoast.com\/product\/yoast-seo-wordpress\/ -->\n<title>Megan y Mil\u00e1n Solano: una historia de transformaci\u00f3n - Tu Gu\u00eda<\/title>\n<meta name=\"robots\" content=\"index, follow, max-snippet:-1, max-image-preview:large, max-video-preview:-1\" \/>\n<link rel=\"canonical\" href=\"https:\/\/tuguia.combarranquilla.co\/Revista\/megan-y-milan-solano-una-historia-de-vida-de-transformacion\/\" \/>\n<meta property=\"og:locale\" content=\"es_ES\" \/>\n<meta property=\"og:type\" content=\"article\" \/>\n<meta property=\"og:title\" content=\"Megan y Mil\u00e1n Solano: una historia de transformaci\u00f3n - Tu Gu\u00eda\" \/>\n<meta property=\"og:description\" content=\"Desde Venezuela, Nataly Rodriguez y sus hijos con discapacidad visual, migraron hacia Colombia en busca de un mejor estilo de vida. &#8220;Decid\u00ed meterlos a un hogar para que nos ayudar\u00e1n en el proceso. Fue muy dif\u00edcil al inicio, ya que los ni\u00f1os no se familiarizaban con nadie&#8220;, afirm\u00f3 la madre de Megan y Mil\u00e1n, quienes [&hellip;]\" \/>\n<meta property=\"og:url\" content=\"https:\/\/tuguia.combarranquilla.co\/Revista\/megan-y-milan-solano-una-historia-de-vida-de-transformacion\/\" \/>\n<meta property=\"og:site_name\" content=\"Tu Gu\u00eda\" \/>\n<meta property=\"article:published_time\" content=\"2023-04-10T13:34:40+00:00\" \/>\n<meta property=\"article:modified_time\" content=\"2023-08-28T19:43:36+00:00\" \/>\n<meta property=\"og:image\" content=\"https:\/\/tuguia.combarranquilla.co\/Revista\/wp-content\/uploads\/2023\/04\/IMG_1286.jpeg\" \/>\n\t<meta property=\"og:image:width\" content=\"2049\" \/>\n\t<meta property=\"og:image:height\" content=\"1536\" \/>\n\t<meta property=\"og:image:type\" content=\"image\/jpeg\" \/>\n<meta name=\"author\" content=\"Comunicaciones Combarranquilla\" \/>\n<meta name=\"twitter:card\" content=\"summary_large_image\" \/>\n<meta name=\"twitter:label1\" content=\"Escrito por\" \/>\n\t<meta name=\"twitter:data1\" content=\"Comunicaciones Combarranquilla\" \/>\n\t<meta name=\"twitter:label2\" content=\"Tiempo de lectura\" \/>\n\t<meta name=\"twitter:data2\" content=\"2 minutos\" \/>\n<script type=\"application\/ld+json\" class=\"yoast-schema-graph\">{\"@context\":\"https:\\\/\\\/schema.org\",\"@graph\":[{\"@type\":\"Article\",\"@id\":\"https:\\\/\\\/tuguia.combarranquilla.co\\\/Revista\\\/megan-y-milan-solano-una-historia-de-vida-de-transformacion\\\/#article\",\"isPartOf\":{\"@id\":\"https:\\\/\\\/tuguia.combarranquilla.co\\\/Revista\\\/megan-y-milan-solano-una-historia-de-vida-de-transformacion\\\/\"},\"author\":{\"name\":\"Comunicaciones Combarranquilla\",\"@id\":\"https:\\\/\\\/tuguia.combarranquilla.co\\\/Revista\\\/#\\\/schema\\\/person\\\/c2c396a77170bd1d5f8ba73294eb0d10\"},\"headline\":\"Megan y Mil\u00e1n Solano: una historia de transformaci\u00f3n\",\"datePublished\":\"2023-04-10T13:34:40+00:00\",\"dateModified\":\"2023-08-28T19:43:36+00:00\",\"mainEntityOfPage\":{\"@id\":\"https:\\\/\\\/tuguia.combarranquilla.co\\\/Revista\\\/megan-y-milan-solano-una-historia-de-vida-de-transformacion\\\/\"},\"wordCount\":374,\"commentCount\":0,\"publisher\":{\"@id\":\"https:\\\/\\\/tuguia.combarranquilla.co\\\/Revista\\\/#organization\"},\"image\":{\"@id\":\"https:\\\/\\\/tuguia.combarranquilla.co\\\/Revista\\\/megan-y-milan-solano-una-historia-de-vida-de-transformacion\\\/#primaryimage\"},\"thumbnailUrl\":\"https:\\\/\\\/tuguia.combarranquilla.co\\\/Revista\\\/wp-content\\\/uploads\\\/2023\\\/04\\\/IMG_1286.jpeg\",\"articleSection\":[\"FAMILIA COMBARRANQUILLA\"],\"inLanguage\":\"es-CO\",\"potentialAction\":[{\"@type\":\"CommentAction\",\"name\":\"Comment\",\"target\":[\"https:\\\/\\\/tuguia.combarranquilla.co\\\/Revista\\\/megan-y-milan-solano-una-historia-de-vida-de-transformacion\\\/#respond\"]}]},{\"@type\":\"WebPage\",\"@id\":\"https:\\\/\\\/tuguia.combarranquilla.co\\\/Revista\\\/megan-y-milan-solano-una-historia-de-vida-de-transformacion\\\/\",\"url\":\"https:\\\/\\\/tuguia.combarranquilla.co\\\/Revista\\\/megan-y-milan-solano-una-historia-de-vida-de-transformacion\\\/\",\"name\":\"Megan y Mil\u00e1n Solano: una historia de transformaci\u00f3n - Tu Gu\u00eda\",\"isPartOf\":{\"@id\":\"https:\\\/\\\/tuguia.combarranquilla.co\\\/Revista\\\/#website\"},\"primaryImageOfPage\":{\"@id\":\"https:\\\/\\\/tuguia.combarranquilla.co\\\/Revista\\\/megan-y-milan-solano-una-historia-de-vida-de-transformacion\\\/#primaryimage\"},\"image\":{\"@id\":\"https:\\\/\\\/tuguia.combarranquilla.co\\\/Revista\\\/megan-y-milan-solano-una-historia-de-vida-de-transformacion\\\/#primaryimage\"},\"thumbnailUrl\":\"https:\\\/\\\/tuguia.combarranquilla.co\\\/Revista\\\/wp-content\\\/uploads\\\/2023\\\/04\\\/IMG_1286.jpeg\",\"datePublished\":\"2023-04-10T13:34:40+00:00\",\"dateModified\":\"2023-08-28T19:43:36+00:00\",\"breadcrumb\":{\"@id\":\"https:\\\/\\\/tuguia.combarranquilla.co\\\/Revista\\\/megan-y-milan-solano-una-historia-de-vida-de-transformacion\\\/#breadcrumb\"},\"inLanguage\":\"es-CO\",\"potentialAction\":[{\"@type\":\"ReadAction\",\"target\":[\"https:\\\/\\\/tuguia.combarranquilla.co\\\/Revista\\\/megan-y-milan-solano-una-historia-de-vida-de-transformacion\\\/\"]}]},{\"@type\":\"ImageObject\",\"inLanguage\":\"es-CO\",\"@id\":\"https:\\\/\\\/tuguia.combarranquilla.co\\\/Revista\\\/megan-y-milan-solano-una-historia-de-vida-de-transformacion\\\/#primaryimage\",\"url\":\"https:\\\/\\\/tuguia.combarranquilla.co\\\/Revista\\\/wp-content\\\/uploads\\\/2023\\\/04\\\/IMG_1286.jpeg\",\"contentUrl\":\"https:\\\/\\\/tuguia.combarranquilla.co\\\/Revista\\\/wp-content\\\/uploads\\\/2023\\\/04\\\/IMG_1286.jpeg\",\"width\":2049,\"height\":1536},{\"@type\":\"BreadcrumbList\",\"@id\":\"https:\\\/\\\/tuguia.combarranquilla.co\\\/Revista\\\/megan-y-milan-solano-una-historia-de-vida-de-transformacion\\\/#breadcrumb\",\"itemListElement\":[{\"@type\":\"ListItem\",\"position\":1,\"name\":\"Inicio\",\"item\":\"https:\\\/\\\/tuguia.combarranquilla.co\\\/Revista\\\/\"},{\"@type\":\"ListItem\",\"position\":2,\"name\":\"Megan y Mil\u00e1n Solano: una historia de transformaci\u00f3n\"}]},{\"@type\":\"WebSite\",\"@id\":\"https:\\\/\\\/tuguia.combarranquilla.co\\\/Revista\\\/#website\",\"url\":\"https:\\\/\\\/tuguia.combarranquilla.co\\\/Revista\\\/\",\"name\":\"Tu Gu\u00eda\",\"description\":\"La revista donde lo tienes todo.\",\"publisher\":{\"@id\":\"https:\\\/\\\/tuguia.combarranquilla.co\\\/Revista\\\/#organization\"},\"alternateName\":\"Tu Gu\u00eda Combarranquilla\",\"potentialAction\":[{\"@type\":\"SearchAction\",\"target\":{\"@type\":\"EntryPoint\",\"urlTemplate\":\"https:\\\/\\\/tuguia.combarranquilla.co\\\/Revista\\\/?s={search_term_string}\"},\"query-input\":{\"@type\":\"PropertyValueSpecification\",\"valueRequired\":true,\"valueName\":\"search_term_string\"}}],\"inLanguage\":\"es-CO\"},{\"@type\":\"Organization\",\"@id\":\"https:\\\/\\\/tuguia.combarranquilla.co\\\/Revista\\\/#organization\",\"name\":\"Tu Gu\u00eda Combarranquilla\",\"url\":\"https:\\\/\\\/tuguia.combarranquilla.co\\\/Revista\\\/\",\"logo\":{\"@type\":\"ImageObject\",\"inLanguage\":\"es-CO\",\"@id\":\"https:\\\/\\\/tuguia.combarranquilla.co\\\/Revista\\\/#\\\/schema\\\/logo\\\/image\\\/\",\"url\":\"https:\\\/\\\/tuguia.combarranquilla.co\\\/Revista\\\/wp-content\\\/uploads\\\/2022\\\/02\\\/logo-guia-combarranquilla.svg\",\"contentUrl\":\"https:\\\/\\\/tuguia.combarranquilla.co\\\/Revista\\\/wp-content\\\/uploads\\\/2022\\\/02\\\/logo-guia-combarranquilla.svg\",\"caption\":\"Tu Gu\u00eda Combarranquilla\"},\"image\":{\"@id\":\"https:\\\/\\\/tuguia.combarranquilla.co\\\/Revista\\\/#\\\/schema\\\/logo\\\/image\\\/\"}},{\"@type\":\"Person\",\"@id\":\"https:\\\/\\\/tuguia.combarranquilla.co\\\/Revista\\\/#\\\/schema\\\/person\\\/c2c396a77170bd1d5f8ba73294eb0d10\",\"name\":\"Comunicaciones Combarranquilla\",\"image\":{\"@type\":\"ImageObject\",\"inLanguage\":\"es-CO\",\"@id\":\"https:\\\/\\\/tuguia.combarranquilla.co\\\/Revista\\\/wp-content\\\/uploads\\\/2025\\\/05\\\/ABC-Al-Rojo-Logo-96x96.jpg\",\"url\":\"https:\\\/\\\/tuguia.combarranquilla.co\\\/Revista\\\/wp-content\\\/uploads\\\/2025\\\/05\\\/ABC-Al-Rojo-Logo-96x96.jpg\",\"contentUrl\":\"https:\\\/\\\/tuguia.combarranquilla.co\\\/Revista\\\/wp-content\\\/uploads\\\/2025\\\/05\\\/ABC-Al-Rojo-Logo-96x96.jpg\",\"caption\":\"Comunicaciones Combarranquilla\"},\"sameAs\":[\"https:\\\/\\\/www.combarranquilla.co\"],\"url\":\"https:\\\/\\\/tuguia.combarranquilla.co\\\/Revista\\\/author\\\/comunicaciones\\\/\"}]}<\/script>\n<!-- \/ Yoast SEO plugin. -->","yoast_head_json":{"title":"Megan y Mil\u00e1n Solano: una historia de transformaci\u00f3n - Tu Gu\u00eda","robots":{"index":"index","follow":"follow","max-snippet":"max-snippet:-1","max-image-preview":"max-image-preview:large","max-video-preview":"max-video-preview:-1"},"canonical":"https:\/\/tuguia.combarranquilla.co\/Revista\/megan-y-milan-solano-una-historia-de-vida-de-transformacion\/","og_locale":"es_ES","og_type":"article","og_title":"Megan y Mil\u00e1n Solano: una historia de transformaci\u00f3n - Tu Gu\u00eda","og_description":"Desde Venezuela, Nataly Rodriguez y sus hijos con discapacidad visual, migraron hacia Colombia en busca de un mejor estilo de vida. &#8220;Decid\u00ed meterlos a un hogar para que nos ayudar\u00e1n en el proceso. Fue muy dif\u00edcil al inicio, ya que los ni\u00f1os no se familiarizaban con nadie&#8220;, afirm\u00f3 la madre de Megan y Mil\u00e1n, quienes [&hellip;]","og_url":"https:\/\/tuguia.combarranquilla.co\/Revista\/megan-y-milan-solano-una-historia-de-vida-de-transformacion\/","og_site_name":"Tu Gu\u00eda","article_published_time":"2023-04-10T13:34:40+00:00","article_modified_time":"2023-08-28T19:43:36+00:00","og_image":[{"width":2049,"height":1536,"url":"https:\/\/tuguia.combarranquilla.co\/Revista\/wp-content\/uploads\/2023\/04\/IMG_1286.jpeg","type":"image\/jpeg"}],"author":"Comunicaciones Combarranquilla","twitter_card":"summary_large_image","twitter_misc":{"Escrito por":"Comunicaciones Combarranquilla","Tiempo de lectura":"2 minutos"},"schema":{"@context":"https:\/\/schema.org","@graph":[{"@type":"Article","@id":"https:\/\/tuguia.combarranquilla.co\/Revista\/megan-y-milan-solano-una-historia-de-vida-de-transformacion\/#article","isPartOf":{"@id":"https:\/\/tuguia.combarranquilla.co\/Revista\/megan-y-milan-solano-una-historia-de-vida-de-transformacion\/"},"author":{"name":"Comunicaciones Combarranquilla","@id":"https:\/\/tuguia.combarranquilla.co\/Revista\/#\/schema\/person\/c2c396a77170bd1d5f8ba73294eb0d10"},"headline":"Megan y Mil\u00e1n Solano: una historia de transformaci\u00f3n","datePublished":"2023-04-10T13:34:40+00:00","dateModified":"2023-08-28T19:43:36+00:00","mainEntityOfPage":{"@id":"https:\/\/tuguia.combarranquilla.co\/Revista\/megan-y-milan-solano-una-historia-de-vida-de-transformacion\/"},"wordCount":374,"commentCount":0,"publisher":{"@id":"https:\/\/tuguia.combarranquilla.co\/Revista\/#organization"},"image":{"@id":"https:\/\/tuguia.combarranquilla.co\/Revista\/megan-y-milan-solano-una-historia-de-vida-de-transformacion\/#primaryimage"},"thumbnailUrl":"https:\/\/tuguia.combarranquilla.co\/Revista\/wp-content\/uploads\/2023\/04\/IMG_1286.jpeg","articleSection":["FAMILIA COMBARRANQUILLA"],"inLanguage":"es-CO","potentialAction":[{"@type":"CommentAction","name":"Comment","target":["https:\/\/tuguia.combarranquilla.co\/Revista\/megan-y-milan-solano-una-historia-de-vida-de-transformacion\/#respond"]}]},{"@type":"WebPage","@id":"https:\/\/tuguia.combarranquilla.co\/Revista\/megan-y-milan-solano-una-historia-de-vida-de-transformacion\/","url":"https:\/\/tuguia.combarranquilla.co\/Revista\/megan-y-milan-solano-una-historia-de-vida-de-transformacion\/","name":"Megan y Mil\u00e1n Solano: una historia de transformaci\u00f3n - Tu Gu\u00eda","isPartOf":{"@id":"https:\/\/tuguia.combarranquilla.co\/Revista\/#website"},"primaryImageOfPage":{"@id":"https:\/\/tuguia.combarranquilla.co\/Revista\/megan-y-milan-solano-una-historia-de-vida-de-transformacion\/#primaryimage"},"image":{"@id":"https:\/\/tuguia.combarranquilla.co\/Revista\/megan-y-milan-solano-una-historia-de-vida-de-transformacion\/#primaryimage"},"thumbnailUrl":"https:\/\/tuguia.combarranquilla.co\/Revista\/wp-content\/uploads\/2023\/04\/IMG_1286.jpeg","datePublished":"2023-04-10T13:34:40+00:00","dateModified":"2023-08-28T19:43:36+00:00","breadcrumb":{"@id":"https:\/\/tuguia.combarranquilla.co\/Revista\/megan-y-milan-solano-una-historia-de-vida-de-transformacion\/#breadcrumb"},"inLanguage":"es-CO","potentialAction":[{"@type":"ReadAction","target":["https:\/\/tuguia.combarranquilla.co\/Revista\/megan-y-milan-solano-una-historia-de-vida-de-transformacion\/"]}]},{"@type":"ImageObject","inLanguage":"es-CO","@id":"https:\/\/tuguia.combarranquilla.co\/Revista\/megan-y-milan-solano-una-historia-de-vida-de-transformacion\/#primaryimage","url":"https:\/\/tuguia.combarranquilla.co\/Revista\/wp-content\/uploads\/2023\/04\/IMG_1286.jpeg","contentUrl":"https:\/\/tuguia.combarranquilla.co\/Revista\/wp-content\/uploads\/2023\/04\/IMG_1286.jpeg","width":2049,"height":1536},{"@type":"BreadcrumbList","@id":"https:\/\/tuguia.combarranquilla.co\/Revista\/megan-y-milan-solano-una-historia-de-vida-de-transformacion\/#breadcrumb","itemListElement":[{"@type":"ListItem","position":1,"name":"Inicio","item":"https:\/\/tuguia.combarranquilla.co\/Revista\/"},{"@type":"ListItem","position":2,"name":"Megan y Mil\u00e1n Solano: una historia de transformaci\u00f3n"}]},{"@type":"WebSite","@id":"https:\/\/tuguia.combarranquilla.co\/Revista\/#website","url":"https:\/\/tuguia.combarranquilla.co\/Revista\/","name":"Tu Gu\u00eda","description":"La revista donde lo tienes todo.","publisher":{"@id":"https:\/\/tuguia.combarranquilla.co\/Revista\/#organization"},"alternateName":"Tu Gu\u00eda Combarranquilla","potentialAction":[{"@type":"SearchAction","target":{"@type":"EntryPoint","urlTemplate":"https:\/\/tuguia.combarranquilla.co\/Revista\/?s={search_term_string}"},"query-input":{"@type":"PropertyValueSpecification","valueRequired":true,"valueName":"search_term_string"}}],"inLanguage":"es-CO"},{"@type":"Organization","@id":"https:\/\/tuguia.combarranquilla.co\/Revista\/#organization","name":"Tu Gu\u00eda Combarranquilla","url":"https:\/\/tuguia.combarranquilla.co\/Revista\/","logo":{"@type":"ImageObject","inLanguage":"es-CO","@id":"https:\/\/tuguia.combarranquilla.co\/Revista\/#\/schema\/logo\/image\/","url":"https:\/\/tuguia.combarranquilla.co\/Revista\/wp-content\/uploads\/2022\/02\/logo-guia-combarranquilla.svg","contentUrl":"https:\/\/tuguia.combarranquilla.co\/Revista\/wp-content\/uploads\/2022\/02\/logo-guia-combarranquilla.svg","caption":"Tu Gu\u00eda Combarranquilla"},"image":{"@id":"https:\/\/tuguia.combarranquilla.co\/Revista\/#\/schema\/logo\/image\/"}},{"@type":"Person","@id":"https:\/\/tuguia.combarranquilla.co\/Revista\/#\/schema\/person\/c2c396a77170bd1d5f8ba73294eb0d10","name":"Comunicaciones Combarranquilla","image":{"@type":"ImageObject","inLanguage":"es-CO","@id":"https:\/\/tuguia.combarranquilla.co\/Revista\/wp-content\/uploads\/2025\/05\/ABC-Al-Rojo-Logo-96x96.jpg","url":"https:\/\/tuguia.combarranquilla.co\/Revista\/wp-content\/uploads\/2025\/05\/ABC-Al-Rojo-Logo-96x96.jpg","contentUrl":"https:\/\/tuguia.combarranquilla.co\/Revista\/wp-content\/uploads\/2025\/05\/ABC-Al-Rojo-Logo-96x96.jpg","caption":"Comunicaciones Combarranquilla"},"sameAs":["https:\/\/www.combarranquilla.co"],"url":"https:\/\/tuguia.combarranquilla.co\/Revista\/author\/comunicaciones\/"}]}},"_links":{"self":[{"href":"https:\/\/tuguia.combarranquilla.co\/Revista\/wp-json\/wp\/v2\/posts\/1798","targetHints":{"allow":["GET"]}}],"collection":[{"href":"https:\/\/tuguia.combarranquilla.co\/Revista\/wp-json\/wp\/v2\/posts"}],"about":[{"href":"https:\/\/tuguia.combarranquilla.co\/Revista\/wp-json\/wp\/v2\/types\/post"}],"author":[{"embeddable":true,"href":"https:\/\/tuguia.combarranquilla.co\/Revista\/wp-json\/wp\/v2\/users\/2"}],"replies":[{"embeddable":true,"href":"https:\/\/tuguia.combarranquilla.co\/Revista\/wp-json\/wp\/v2\/comments?post=1798"}],"version-history":[{"count":31,"href":"https:\/\/tuguia.combarranquilla.co\/Revista\/wp-json\/wp\/v2\/posts\/1798\/revisions"}],"predecessor-version":[{"id":2546,"href":"https:\/\/tuguia.combarranquilla.co\/Revista\/wp-json\/wp\/v2\/posts\/1798\/revisions\/2546"}],"wp:featuredmedia":[{"embeddable":true,"href":"https:\/\/tuguia.combarranquilla.co\/Revista\/wp-json\/wp\/v2\/media\/1799"}],"wp:attachment":[{"href":"https:\/\/tuguia.combarranquilla.co\/Revista\/wp-json\/wp\/v2\/media?parent=1798"}],"wp:term":[{"taxonomy":"category","embeddable":true,"href":"https:\/\/tuguia.combarranquilla.co\/Revista\/wp-json\/wp\/v2\/categories?post=1798"},{"taxonomy":"post_tag","embeddable":true,"href":"https:\/\/tuguia.combarranquilla.co\/Revista\/wp-json\/wp\/v2\/tags?post=1798"}],"curies":[{"name":"wp","href":"https:\/\/api.w.org\/{rel}","templated":true}]}}