{"id":1885,"date":"2023-05-11T14:41:58","date_gmt":"2023-05-11T19:41:58","guid":{"rendered":"https:\/\/tuguia.combarranquilla.co\/Revista\/?p=1885"},"modified":"2023-05-11T14:42:21","modified_gmt":"2023-05-11T19:42:21","slug":"combarranquilla-entrego-291-certificaciones-de-sus-programas-tecnico-laborales","status":"publish","type":"post","link":"https:\/\/tuguia.combarranquilla.co\/Revista\/combarranquilla-entrego-291-certificaciones-de-sus-programas-tecnico-laborales\/","title":{"rendered":"Combarranquilla entreg\u00f3 291 Certificaciones de sus Programas T\u00e9cnico Laborales"},"content":{"rendered":"\n<blockquote class=\"wp-block-quote is-layout-flow wp-block-quote-is-layout-flow\">\n<p class=\"has-text-align-left has-medium-font-size\"><em>&#8220;El \u00e9xito es la suma de peque\u00f1os esfuerzos, que se repiten d\u00eda tras d\u00edas&#8221;<\/em><\/p>\n<cite>Robert Collier<\/cite><\/blockquote>\n\n\n\n<div class=\"wp-block-media-text alignwide is-stacked-on-mobile\" style=\"grid-template-columns:49% auto\"><figure class=\"wp-block-media-text__media\"><img decoding=\"async\" width=\"1024\" height=\"768\" data-src=\"https:\/\/tuguia.combarranquilla.co\/Revista\/wp-content\/uploads\/2023\/05\/IMG_8153-1-1024x768.jpg\" alt=\"\" class=\"wp-image-1919 size-full lazyload\" data-srcset=\"https:\/\/tuguia.combarranquilla.co\/Revista\/wp-content\/uploads\/2023\/05\/IMG_8153-1-1024x768.jpg 1024w, https:\/\/tuguia.combarranquilla.co\/Revista\/wp-content\/uploads\/2023\/05\/IMG_8153-1-300x225.jpg 300w, https:\/\/tuguia.combarranquilla.co\/Revista\/wp-content\/uploads\/2023\/05\/IMG_8153-1-768x576.jpg 768w, https:\/\/tuguia.combarranquilla.co\/Revista\/wp-content\/uploads\/2023\/05\/IMG_8153-1-1536x1152.jpg 1536w, https:\/\/tuguia.combarranquilla.co\/Revista\/wp-content\/uploads\/2023\/05\/IMG_8153-1-2048x1536.jpg 2048w\" data-sizes=\"(max-width: 1024px) 100vw, 1024px\" src=\"data:image\/svg+xml;base64,PHN2ZyB3aWR0aD0iMSIgaGVpZ2h0PSIxIiB4bWxucz0iaHR0cDovL3d3dy53My5vcmcvMjAwMC9zdmciPjwvc3ZnPg==\" style=\"--smush-placeholder-width: 1024px; --smush-placeholder-aspect-ratio: 1024\/768;\" \/><\/figure><div class=\"wp-block-media-text__content\">\n<p class=\"has-text-align-center has-medium-font-size\">El pasado 4 de Mayo del 2023, se realiz\u00f3 la ceremonia de graduaci\u00f3n de los programas T\u00e9cnicos Laborales del periodo 2023-01 la cual fue realizada en las jornadas de ma\u00f1ana y tarde con un total de 291 graduandos de los diferentes programas t\u00e9cnicos como: Auxiliar Agente de Viaje y Turismo, Auxiliar Contable y Financiero, Auxiliar en Almac\u00e9n y Bodegaje, Auxiliar en Comercio Exterior, Auxiliar en Mercadeo y Ventas, Auxiliar en Cocina y Auxiliar Administrativo. <\/p>\n<\/div><\/div>\n\n\n\n<div class=\"wp-block-group\"><div class=\"wp-block-group__inner-container is-layout-constrained wp-block-group-is-layout-constrained\">\n<div class=\"wp-block-columns is-layout-flex wp-container-core-columns-is-layout-9d6595d7 wp-block-columns-is-layout-flex\">\n<div class=\"wp-block-column is-layout-flow wp-block-column-is-layout-flow\">\n<p class=\"has-medium-font-size\">La mesa principal estuvo conformada por el director de Combarranquilla Sr. Ernesto Herrera Diaz Granados, el Gerente de Servicios Sr. Vicente Nicolella Caballero, la Gerente comercial, Martha Salamanca, la gerente de planeaci\u00f3n, M\u00f3nica P\u00faa y la Directora del Centro de Formaci\u00f3n Combarranquilla Sra. Sandra P\u00e1ez Gonz\u00e1lez.<\/p>\n<\/div>\n<\/div>\n<\/div><\/div>\n\n\n<div class=\"wp-block-image\">\n<figure class=\"aligncenter size-large is-resized\"><img decoding=\"async\" data-src=\"https:\/\/tuguia.combarranquilla.co\/Revista\/wp-content\/uploads\/2023\/05\/IMG_4137-1-1024x831.jpg\" alt=\"\" class=\"wp-image-1928 lazyload\" width=\"563\" height=\"456\" data-srcset=\"https:\/\/tuguia.combarranquilla.co\/Revista\/wp-content\/uploads\/2023\/05\/IMG_4137-1-1024x831.jpg 1024w, https:\/\/tuguia.combarranquilla.co\/Revista\/wp-content\/uploads\/2023\/05\/IMG_4137-1-300x244.jpg 300w, https:\/\/tuguia.combarranquilla.co\/Revista\/wp-content\/uploads\/2023\/05\/IMG_4137-1-768x623.jpg 768w, https:\/\/tuguia.combarranquilla.co\/Revista\/wp-content\/uploads\/2023\/05\/IMG_4137-1-1536x1247.jpg 1536w, https:\/\/tuguia.combarranquilla.co\/Revista\/wp-content\/uploads\/2023\/05\/IMG_4137-1-2048x1663.jpg 2048w\" data-sizes=\"(max-width: 563px) 100vw, 563px\" src=\"data:image\/svg+xml;base64,PHN2ZyB3aWR0aD0iMSIgaGVpZ2h0PSIxIiB4bWxucz0iaHR0cDovL3d3dy53My5vcmcvMjAwMC9zdmciPjwvc3ZnPg==\" style=\"--smush-placeholder-width: 563px; --smush-placeholder-aspect-ratio: 563\/456;\" \/><figcaption class=\"wp-element-caption\">&#8220;<em>Los j\u00f3venes tienen que aprovechar las oportunidades de estudio pues en la educaci\u00f3n esta el camino y el futuro. Combarranquilla tiene las oportunidades para estudiar, aprovechen las oportunidades que se les entrega para que vayan construyendo todos sus sue\u00f1os y as\u00ed transformar su vida&#8221;<\/em> Mencion\u00f3 el director de la Caja<\/figcaption><\/figure><\/div>\n\n\n<div class=\"wp-block-columns is-layout-flex wp-container-core-columns-is-layout-9d6595d7 wp-block-columns-is-layout-flex\">\n<div class=\"wp-block-column is-layout-flow wp-block-column-is-layout-flow\" style=\"flex-basis:100%\">\n<div class=\"wp-block-media-text alignwide is-stacked-on-mobile\" style=\"grid-template-columns:60% auto\"><figure class=\"wp-block-media-text__media\"><img decoding=\"async\" width=\"1024\" height=\"768\" data-src=\"https:\/\/tuguia.combarranquilla.co\/Revista\/wp-content\/uploads\/2023\/05\/IMG_8186-1024x768.jpg\" alt=\"\" class=\"wp-image-1934 size-full lazyload\" data-srcset=\"https:\/\/tuguia.combarranquilla.co\/Revista\/wp-content\/uploads\/2023\/05\/IMG_8186-1024x768.jpg 1024w, https:\/\/tuguia.combarranquilla.co\/Revista\/wp-content\/uploads\/2023\/05\/IMG_8186-300x225.jpg 300w, https:\/\/tuguia.combarranquilla.co\/Revista\/wp-content\/uploads\/2023\/05\/IMG_8186-768x576.jpg 768w, https:\/\/tuguia.combarranquilla.co\/Revista\/wp-content\/uploads\/2023\/05\/IMG_8186-1536x1152.jpg 1536w, https:\/\/tuguia.combarranquilla.co\/Revista\/wp-content\/uploads\/2023\/05\/IMG_8186-2048x1536.jpg 2048w\" data-sizes=\"(max-width: 1024px) 100vw, 1024px\" src=\"data:image\/svg+xml;base64,PHN2ZyB3aWR0aD0iMSIgaGVpZ2h0PSIxIiB4bWxucz0iaHR0cDovL3d3dy53My5vcmcvMjAwMC9zdmciPjwvc3ZnPg==\" style=\"--smush-placeholder-width: 1024px; --smush-placeholder-aspect-ratio: 1024\/768;\" \/><\/figure><div class=\"wp-block-media-text__content\">\n<p class=\"has-text-align-center\">Combarranquilla entrega a\u00f1o tras a\u00f1o, j\u00f3venes comprometidos con la <strong>educaci\u00f3n y la transformaci\u00f3n social.<\/strong><\/p>\n\n\n\n<p class=\"has-text-align-center\"> \u00c9xitos en sus pr\u00f3ximos proyectos <\/p>\n<\/div><\/div>\n<\/div>\n<\/div>\n","protected":false},"excerpt":{"rendered":"<p>&#8220;El \u00e9xito es la suma de peque\u00f1os esfuerzos, que se repiten d\u00eda tras d\u00edas&#8221; Robert Collier El pasado 4 de Mayo del 2023, se realiz\u00f3 la ceremonia de graduaci\u00f3n de los programas T\u00e9cnicos Laborales del periodo 2023-01 la cual fue realizada en las jornadas de ma\u00f1ana y tarde con un total de 291 graduandos de [&hellip;]<\/p>\n","protected":false},"author":2,"featured_media":1918,"comment_status":"open","ping_status":"open","sticky":false,"template":"","format":"standard","meta":{"inline_featured_image":false,"footnotes":""},"categories":[8],"tags":[30,27,31,26,28,23,29],"class_list":["post-1885","post","type-post","status-publish","format-standard","has-post-thumbnail","hentry","category-formacion","tag-caja","tag-ceremonia","tag-estudiantes","tag-estudios","tag-grados","tag-programas","tag-tecnico"],"yoast_head":"<!-- This site is optimized with the Yoast SEO plugin v27.4 - https:\/\/yoast.com\/product\/yoast-seo-wordpress\/ -->\n<title>Combarranquilla entreg\u00f3 291 Certificaciones de sus Programas T\u00e9cnico Laborales - Tu Gu\u00eda<\/title>\n<meta name=\"robots\" content=\"index, follow, max-snippet:-1, max-image-preview:large, max-video-preview:-1\" \/>\n<link rel=\"canonical\" href=\"https:\/\/tuguia.combarranquilla.co\/Revista\/combarranquilla-entrego-291-certificaciones-de-sus-programas-tecnico-laborales\/\" \/>\n<meta property=\"og:locale\" content=\"es_ES\" \/>\n<meta property=\"og:type\" content=\"article\" \/>\n<meta property=\"og:title\" content=\"Combarranquilla entreg\u00f3 291 Certificaciones de sus Programas T\u00e9cnico Laborales - Tu Gu\u00eda\" \/>\n<meta property=\"og:description\" content=\"&#8220;El \u00e9xito es la suma de peque\u00f1os esfuerzos, que se repiten d\u00eda tras d\u00edas&#8221; Robert Collier El pasado 4 de Mayo del 2023, se realiz\u00f3 la ceremonia de graduaci\u00f3n de los programas T\u00e9cnicos Laborales del periodo 2023-01 la cual fue realizada en las jornadas de ma\u00f1ana y tarde con un total de 291 graduandos de [&hellip;]\" \/>\n<meta property=\"og:url\" content=\"https:\/\/tuguia.combarranquilla.co\/Revista\/combarranquilla-entrego-291-certificaciones-de-sus-programas-tecnico-laborales\/\" \/>\n<meta property=\"og:site_name\" content=\"Tu Gu\u00eda\" \/>\n<meta property=\"article:published_time\" content=\"2023-05-11T19:41:58+00:00\" \/>\n<meta property=\"article:modified_time\" content=\"2023-05-11T19:42:21+00:00\" \/>\n<meta property=\"og:image\" content=\"https:\/\/tuguia.combarranquilla.co\/Revista\/wp-content\/uploads\/2023\/05\/IMG_8169-1-scaled.jpg\" \/>\n\t<meta property=\"og:image:width\" content=\"2560\" \/>\n\t<meta property=\"og:image:height\" content=\"1920\" \/>\n\t<meta property=\"og:image:type\" content=\"image\/jpeg\" \/>\n<meta name=\"author\" content=\"Comunicaciones Combarranquilla\" \/>\n<meta name=\"twitter:card\" content=\"summary_large_image\" \/>\n<meta name=\"twitter:label1\" content=\"Escrito por\" \/>\n\t<meta name=\"twitter:data1\" content=\"Comunicaciones Combarranquilla\" \/>\n\t<meta name=\"twitter:label2\" content=\"Tiempo de lectura\" \/>\n\t<meta name=\"twitter:data2\" content=\"1 minuto\" \/>\n<script type=\"application\/ld+json\" class=\"yoast-schema-graph\">{\"@context\":\"https:\\\/\\\/schema.org\",\"@graph\":[{\"@type\":\"Article\",\"@id\":\"https:\\\/\\\/tuguia.combarranquilla.co\\\/Revista\\\/combarranquilla-entrego-291-certificaciones-de-sus-programas-tecnico-laborales\\\/#article\",\"isPartOf\":{\"@id\":\"https:\\\/\\\/tuguia.combarranquilla.co\\\/Revista\\\/combarranquilla-entrego-291-certificaciones-de-sus-programas-tecnico-laborales\\\/\"},\"author\":{\"name\":\"Comunicaciones Combarranquilla\",\"@id\":\"https:\\\/\\\/tuguia.combarranquilla.co\\\/Revista\\\/#\\\/schema\\\/person\\\/c2c396a77170bd1d5f8ba73294eb0d10\"},\"headline\":\"Combarranquilla entreg\u00f3 291 Certificaciones de sus Programas T\u00e9cnico Laborales\",\"datePublished\":\"2023-05-11T19:41:58+00:00\",\"dateModified\":\"2023-05-11T19:42:21+00:00\",\"mainEntityOfPage\":{\"@id\":\"https:\\\/\\\/tuguia.combarranquilla.co\\\/Revista\\\/combarranquilla-entrego-291-certificaciones-de-sus-programas-tecnico-laborales\\\/\"},\"wordCount\":234,\"commentCount\":0,\"publisher\":{\"@id\":\"https:\\\/\\\/tuguia.combarranquilla.co\\\/Revista\\\/#organization\"},\"image\":{\"@id\":\"https:\\\/\\\/tuguia.combarranquilla.co\\\/Revista\\\/combarranquilla-entrego-291-certificaciones-de-sus-programas-tecnico-laborales\\\/#primaryimage\"},\"thumbnailUrl\":\"https:\\\/\\\/tuguia.combarranquilla.co\\\/Revista\\\/wp-content\\\/uploads\\\/2023\\\/05\\\/IMG_8169-1-scaled.jpg\",\"keywords\":[\"caja\",\"ceremonia\",\"estudiantes\",\"estudios\",\"grados\",\"programas\",\"tecnico\"],\"articleSection\":[\"FORMACI\u00d3N\"],\"inLanguage\":\"es-CO\",\"potentialAction\":[{\"@type\":\"CommentAction\",\"name\":\"Comment\",\"target\":[\"https:\\\/\\\/tuguia.combarranquilla.co\\\/Revista\\\/combarranquilla-entrego-291-certificaciones-de-sus-programas-tecnico-laborales\\\/#respond\"]}]},{\"@type\":\"WebPage\",\"@id\":\"https:\\\/\\\/tuguia.combarranquilla.co\\\/Revista\\\/combarranquilla-entrego-291-certificaciones-de-sus-programas-tecnico-laborales\\\/\",\"url\":\"https:\\\/\\\/tuguia.combarranquilla.co\\\/Revista\\\/combarranquilla-entrego-291-certificaciones-de-sus-programas-tecnico-laborales\\\/\",\"name\":\"Combarranquilla entreg\u00f3 291 Certificaciones de sus Programas T\u00e9cnico Laborales - Tu Gu\u00eda\",\"isPartOf\":{\"@id\":\"https:\\\/\\\/tuguia.combarranquilla.co\\\/Revista\\\/#website\"},\"primaryImageOfPage\":{\"@id\":\"https:\\\/\\\/tuguia.combarranquilla.co\\\/Revista\\\/combarranquilla-entrego-291-certificaciones-de-sus-programas-tecnico-laborales\\\/#primaryimage\"},\"image\":{\"@id\":\"https:\\\/\\\/tuguia.combarranquilla.co\\\/Revista\\\/combarranquilla-entrego-291-certificaciones-de-sus-programas-tecnico-laborales\\\/#primaryimage\"},\"thumbnailUrl\":\"https:\\\/\\\/tuguia.combarranquilla.co\\\/Revista\\\/wp-content\\\/uploads\\\/2023\\\/05\\\/IMG_8169-1-scaled.jpg\",\"datePublished\":\"2023-05-11T19:41:58+00:00\",\"dateModified\":\"2023-05-11T19:42:21+00:00\",\"breadcrumb\":{\"@id\":\"https:\\\/\\\/tuguia.combarranquilla.co\\\/Revista\\\/combarranquilla-entrego-291-certificaciones-de-sus-programas-tecnico-laborales\\\/#breadcrumb\"},\"inLanguage\":\"es-CO\",\"potentialAction\":[{\"@type\":\"ReadAction\",\"target\":[\"https:\\\/\\\/tuguia.combarranquilla.co\\\/Revista\\\/combarranquilla-entrego-291-certificaciones-de-sus-programas-tecnico-laborales\\\/\"]}]},{\"@type\":\"ImageObject\",\"inLanguage\":\"es-CO\",\"@id\":\"https:\\\/\\\/tuguia.combarranquilla.co\\\/Revista\\\/combarranquilla-entrego-291-certificaciones-de-sus-programas-tecnico-laborales\\\/#primaryimage\",\"url\":\"https:\\\/\\\/tuguia.combarranquilla.co\\\/Revista\\\/wp-content\\\/uploads\\\/2023\\\/05\\\/IMG_8169-1-scaled.jpg\",\"contentUrl\":\"https:\\\/\\\/tuguia.combarranquilla.co\\\/Revista\\\/wp-content\\\/uploads\\\/2023\\\/05\\\/IMG_8169-1-scaled.jpg\",\"width\":2560,\"height\":1920},{\"@type\":\"BreadcrumbList\",\"@id\":\"https:\\\/\\\/tuguia.combarranquilla.co\\\/Revista\\\/combarranquilla-entrego-291-certificaciones-de-sus-programas-tecnico-laborales\\\/#breadcrumb\",\"itemListElement\":[{\"@type\":\"ListItem\",\"position\":1,\"name\":\"Inicio\",\"item\":\"https:\\\/\\\/tuguia.combarranquilla.co\\\/Revista\\\/\"},{\"@type\":\"ListItem\",\"position\":2,\"name\":\"Combarranquilla entreg\u00f3 291 Certificaciones de sus Programas T\u00e9cnico Laborales\"}]},{\"@type\":\"WebSite\",\"@id\":\"https:\\\/\\\/tuguia.combarranquilla.co\\\/Revista\\\/#website\",\"url\":\"https:\\\/\\\/tuguia.combarranquilla.co\\\/Revista\\\/\",\"name\":\"Tu Gu\u00eda\",\"description\":\"La revista donde lo tienes todo.\",\"publisher\":{\"@id\":\"https:\\\/\\\/tuguia.combarranquilla.co\\\/Revista\\\/#organization\"},\"alternateName\":\"Tu Gu\u00eda Combarranquilla\",\"potentialAction\":[{\"@type\":\"SearchAction\",\"target\":{\"@type\":\"EntryPoint\",\"urlTemplate\":\"https:\\\/\\\/tuguia.combarranquilla.co\\\/Revista\\\/?s={search_term_string}\"},\"query-input\":{\"@type\":\"PropertyValueSpecification\",\"valueRequired\":true,\"valueName\":\"search_term_string\"}}],\"inLanguage\":\"es-CO\"},{\"@type\":\"Organization\",\"@id\":\"https:\\\/\\\/tuguia.combarranquilla.co\\\/Revista\\\/#organization\",\"name\":\"Tu Gu\u00eda Combarranquilla\",\"url\":\"https:\\\/\\\/tuguia.combarranquilla.co\\\/Revista\\\/\",\"logo\":{\"@type\":\"ImageObject\",\"inLanguage\":\"es-CO\",\"@id\":\"https:\\\/\\\/tuguia.combarranquilla.co\\\/Revista\\\/#\\\/schema\\\/logo\\\/image\\\/\",\"url\":\"https:\\\/\\\/tuguia.combarranquilla.co\\\/Revista\\\/wp-content\\\/uploads\\\/2022\\\/02\\\/logo-guia-combarranquilla.svg\",\"contentUrl\":\"https:\\\/\\\/tuguia.combarranquilla.co\\\/Revista\\\/wp-content\\\/uploads\\\/2022\\\/02\\\/logo-guia-combarranquilla.svg\",\"caption\":\"Tu Gu\u00eda Combarranquilla\"},\"image\":{\"@id\":\"https:\\\/\\\/tuguia.combarranquilla.co\\\/Revista\\\/#\\\/schema\\\/logo\\\/image\\\/\"}},{\"@type\":\"Person\",\"@id\":\"https:\\\/\\\/tuguia.combarranquilla.co\\\/Revista\\\/#\\\/schema\\\/person\\\/c2c396a77170bd1d5f8ba73294eb0d10\",\"name\":\"Comunicaciones Combarranquilla\",\"image\":{\"@type\":\"ImageObject\",\"inLanguage\":\"es-CO\",\"@id\":\"https:\\\/\\\/tuguia.combarranquilla.co\\\/Revista\\\/wp-content\\\/uploads\\\/2025\\\/05\\\/ABC-Al-Rojo-Logo-96x96.jpg\",\"url\":\"https:\\\/\\\/tuguia.combarranquilla.co\\\/Revista\\\/wp-content\\\/uploads\\\/2025\\\/05\\\/ABC-Al-Rojo-Logo-96x96.jpg\",\"contentUrl\":\"https:\\\/\\\/tuguia.combarranquilla.co\\\/Revista\\\/wp-content\\\/uploads\\\/2025\\\/05\\\/ABC-Al-Rojo-Logo-96x96.jpg\",\"caption\":\"Comunicaciones Combarranquilla\"},\"sameAs\":[\"https:\\\/\\\/www.combarranquilla.co\"],\"url\":\"https:\\\/\\\/tuguia.combarranquilla.co\\\/Revista\\\/author\\\/comunicaciones\\\/\"}]}<\/script>\n<!-- \/ Yoast SEO plugin. -->","yoast_head_json":{"title":"Combarranquilla entreg\u00f3 291 Certificaciones de sus Programas T\u00e9cnico Laborales - Tu Gu\u00eda","robots":{"index":"index","follow":"follow","max-snippet":"max-snippet:-1","max-image-preview":"max-image-preview:large","max-video-preview":"max-video-preview:-1"},"canonical":"https:\/\/tuguia.combarranquilla.co\/Revista\/combarranquilla-entrego-291-certificaciones-de-sus-programas-tecnico-laborales\/","og_locale":"es_ES","og_type":"article","og_title":"Combarranquilla entreg\u00f3 291 Certificaciones de sus Programas T\u00e9cnico Laborales - Tu Gu\u00eda","og_description":"&#8220;El \u00e9xito es la suma de peque\u00f1os esfuerzos, que se repiten d\u00eda tras d\u00edas&#8221; Robert Collier El pasado 4 de Mayo del 2023, se realiz\u00f3 la ceremonia de graduaci\u00f3n de los programas T\u00e9cnicos Laborales del periodo 2023-01 la cual fue realizada en las jornadas de ma\u00f1ana y tarde con un total de 291 graduandos de [&hellip;]","og_url":"https:\/\/tuguia.combarranquilla.co\/Revista\/combarranquilla-entrego-291-certificaciones-de-sus-programas-tecnico-laborales\/","og_site_name":"Tu Gu\u00eda","article_published_time":"2023-05-11T19:41:58+00:00","article_modified_time":"2023-05-11T19:42:21+00:00","og_image":[{"width":2560,"height":1920,"url":"https:\/\/tuguia.combarranquilla.co\/Revista\/wp-content\/uploads\/2023\/05\/IMG_8169-1-scaled.jpg","type":"image\/jpeg"}],"author":"Comunicaciones Combarranquilla","twitter_card":"summary_large_image","twitter_misc":{"Escrito por":"Comunicaciones Combarranquilla","Tiempo de lectura":"1 minuto"},"schema":{"@context":"https:\/\/schema.org","@graph":[{"@type":"Article","@id":"https:\/\/tuguia.combarranquilla.co\/Revista\/combarranquilla-entrego-291-certificaciones-de-sus-programas-tecnico-laborales\/#article","isPartOf":{"@id":"https:\/\/tuguia.combarranquilla.co\/Revista\/combarranquilla-entrego-291-certificaciones-de-sus-programas-tecnico-laborales\/"},"author":{"name":"Comunicaciones Combarranquilla","@id":"https:\/\/tuguia.combarranquilla.co\/Revista\/#\/schema\/person\/c2c396a77170bd1d5f8ba73294eb0d10"},"headline":"Combarranquilla entreg\u00f3 291 Certificaciones de sus Programas T\u00e9cnico Laborales","datePublished":"2023-05-11T19:41:58+00:00","dateModified":"2023-05-11T19:42:21+00:00","mainEntityOfPage":{"@id":"https:\/\/tuguia.combarranquilla.co\/Revista\/combarranquilla-entrego-291-certificaciones-de-sus-programas-tecnico-laborales\/"},"wordCount":234,"commentCount":0,"publisher":{"@id":"https:\/\/tuguia.combarranquilla.co\/Revista\/#organization"},"image":{"@id":"https:\/\/tuguia.combarranquilla.co\/Revista\/combarranquilla-entrego-291-certificaciones-de-sus-programas-tecnico-laborales\/#primaryimage"},"thumbnailUrl":"https:\/\/tuguia.combarranquilla.co\/Revista\/wp-content\/uploads\/2023\/05\/IMG_8169-1-scaled.jpg","keywords":["caja","ceremonia","estudiantes","estudios","grados","programas","tecnico"],"articleSection":["FORMACI\u00d3N"],"inLanguage":"es-CO","potentialAction":[{"@type":"CommentAction","name":"Comment","target":["https:\/\/tuguia.combarranquilla.co\/Revista\/combarranquilla-entrego-291-certificaciones-de-sus-programas-tecnico-laborales\/#respond"]}]},{"@type":"WebPage","@id":"https:\/\/tuguia.combarranquilla.co\/Revista\/combarranquilla-entrego-291-certificaciones-de-sus-programas-tecnico-laborales\/","url":"https:\/\/tuguia.combarranquilla.co\/Revista\/combarranquilla-entrego-291-certificaciones-de-sus-programas-tecnico-laborales\/","name":"Combarranquilla entreg\u00f3 291 Certificaciones de sus Programas T\u00e9cnico Laborales - Tu Gu\u00eda","isPartOf":{"@id":"https:\/\/tuguia.combarranquilla.co\/Revista\/#website"},"primaryImageOfPage":{"@id":"https:\/\/tuguia.combarranquilla.co\/Revista\/combarranquilla-entrego-291-certificaciones-de-sus-programas-tecnico-laborales\/#primaryimage"},"image":{"@id":"https:\/\/tuguia.combarranquilla.co\/Revista\/combarranquilla-entrego-291-certificaciones-de-sus-programas-tecnico-laborales\/#primaryimage"},"thumbnailUrl":"https:\/\/tuguia.combarranquilla.co\/Revista\/wp-content\/uploads\/2023\/05\/IMG_8169-1-scaled.jpg","datePublished":"2023-05-11T19:41:58+00:00","dateModified":"2023-05-11T19:42:21+00:00","breadcrumb":{"@id":"https:\/\/tuguia.combarranquilla.co\/Revista\/combarranquilla-entrego-291-certificaciones-de-sus-programas-tecnico-laborales\/#breadcrumb"},"inLanguage":"es-CO","potentialAction":[{"@type":"ReadAction","target":["https:\/\/tuguia.combarranquilla.co\/Revista\/combarranquilla-entrego-291-certificaciones-de-sus-programas-tecnico-laborales\/"]}]},{"@type":"ImageObject","inLanguage":"es-CO","@id":"https:\/\/tuguia.combarranquilla.co\/Revista\/combarranquilla-entrego-291-certificaciones-de-sus-programas-tecnico-laborales\/#primaryimage","url":"https:\/\/tuguia.combarranquilla.co\/Revista\/wp-content\/uploads\/2023\/05\/IMG_8169-1-scaled.jpg","contentUrl":"https:\/\/tuguia.combarranquilla.co\/Revista\/wp-content\/uploads\/2023\/05\/IMG_8169-1-scaled.jpg","width":2560,"height":1920},{"@type":"BreadcrumbList","@id":"https:\/\/tuguia.combarranquilla.co\/Revista\/combarranquilla-entrego-291-certificaciones-de-sus-programas-tecnico-laborales\/#breadcrumb","itemListElement":[{"@type":"ListItem","position":1,"name":"Inicio","item":"https:\/\/tuguia.combarranquilla.co\/Revista\/"},{"@type":"ListItem","position":2,"name":"Combarranquilla entreg\u00f3 291 Certificaciones de sus Programas T\u00e9cnico Laborales"}]},{"@type":"WebSite","@id":"https:\/\/tuguia.combarranquilla.co\/Revista\/#website","url":"https:\/\/tuguia.combarranquilla.co\/Revista\/","name":"Tu Gu\u00eda","description":"La revista donde lo tienes todo.","publisher":{"@id":"https:\/\/tuguia.combarranquilla.co\/Revista\/#organization"},"alternateName":"Tu Gu\u00eda Combarranquilla","potentialAction":[{"@type":"SearchAction","target":{"@type":"EntryPoint","urlTemplate":"https:\/\/tuguia.combarranquilla.co\/Revista\/?s={search_term_string}"},"query-input":{"@type":"PropertyValueSpecification","valueRequired":true,"valueName":"search_term_string"}}],"inLanguage":"es-CO"},{"@type":"Organization","@id":"https:\/\/tuguia.combarranquilla.co\/Revista\/#organization","name":"Tu Gu\u00eda Combarranquilla","url":"https:\/\/tuguia.combarranquilla.co\/Revista\/","logo":{"@type":"ImageObject","inLanguage":"es-CO","@id":"https:\/\/tuguia.combarranquilla.co\/Revista\/#\/schema\/logo\/image\/","url":"https:\/\/tuguia.combarranquilla.co\/Revista\/wp-content\/uploads\/2022\/02\/logo-guia-combarranquilla.svg","contentUrl":"https:\/\/tuguia.combarranquilla.co\/Revista\/wp-content\/uploads\/2022\/02\/logo-guia-combarranquilla.svg","caption":"Tu Gu\u00eda Combarranquilla"},"image":{"@id":"https:\/\/tuguia.combarranquilla.co\/Revista\/#\/schema\/logo\/image\/"}},{"@type":"Person","@id":"https:\/\/tuguia.combarranquilla.co\/Revista\/#\/schema\/person\/c2c396a77170bd1d5f8ba73294eb0d10","name":"Comunicaciones Combarranquilla","image":{"@type":"ImageObject","inLanguage":"es-CO","@id":"https:\/\/tuguia.combarranquilla.co\/Revista\/wp-content\/uploads\/2025\/05\/ABC-Al-Rojo-Logo-96x96.jpg","url":"https:\/\/tuguia.combarranquilla.co\/Revista\/wp-content\/uploads\/2025\/05\/ABC-Al-Rojo-Logo-96x96.jpg","contentUrl":"https:\/\/tuguia.combarranquilla.co\/Revista\/wp-content\/uploads\/2025\/05\/ABC-Al-Rojo-Logo-96x96.jpg","caption":"Comunicaciones Combarranquilla"},"sameAs":["https:\/\/www.combarranquilla.co"],"url":"https:\/\/tuguia.combarranquilla.co\/Revista\/author\/comunicaciones\/"}]}},"_links":{"self":[{"href":"https:\/\/tuguia.combarranquilla.co\/Revista\/wp-json\/wp\/v2\/posts\/1885","targetHints":{"allow":["GET"]}}],"collection":[{"href":"https:\/\/tuguia.combarranquilla.co\/Revista\/wp-json\/wp\/v2\/posts"}],"about":[{"href":"https:\/\/tuguia.combarranquilla.co\/Revista\/wp-json\/wp\/v2\/types\/post"}],"author":[{"embeddable":true,"href":"https:\/\/tuguia.combarranquilla.co\/Revista\/wp-json\/wp\/v2\/users\/2"}],"replies":[{"embeddable":true,"href":"https:\/\/tuguia.combarranquilla.co\/Revista\/wp-json\/wp\/v2\/comments?post=1885"}],"version-history":[{"count":7,"href":"https:\/\/tuguia.combarranquilla.co\/Revista\/wp-json\/wp\/v2\/posts\/1885\/revisions"}],"predecessor-version":[{"id":1963,"href":"https:\/\/tuguia.combarranquilla.co\/Revista\/wp-json\/wp\/v2\/posts\/1885\/revisions\/1963"}],"wp:featuredmedia":[{"embeddable":true,"href":"https:\/\/tuguia.combarranquilla.co\/Revista\/wp-json\/wp\/v2\/media\/1918"}],"wp:attachment":[{"href":"https:\/\/tuguia.combarranquilla.co\/Revista\/wp-json\/wp\/v2\/media?parent=1885"}],"wp:term":[{"taxonomy":"category","embeddable":true,"href":"https:\/\/tuguia.combarranquilla.co\/Revista\/wp-json\/wp\/v2\/categories?post=1885"},{"taxonomy":"post_tag","embeddable":true,"href":"https:\/\/tuguia.combarranquilla.co\/Revista\/wp-json\/wp\/v2\/tags?post=1885"}],"curies":[{"name":"wp","href":"https:\/\/api.w.org\/{rel}","templated":true}]}}