{"id":1886,"date":"2023-05-03T10:00:00","date_gmt":"2023-05-03T15:00:00","guid":{"rendered":"https:\/\/tuguia.combarranquilla.co\/Revista\/?p=1886"},"modified":"2023-05-11T11:12:43","modified_gmt":"2023-05-11T16:12:43","slug":"asi-se-vivio-el-10-aniversario-de-la-agencia-de-empleo-combarranquilla","status":"publish","type":"post","link":"https:\/\/tuguia.combarranquilla.co\/Revista\/asi-se-vivio-el-10-aniversario-de-la-agencia-de-empleo-combarranquilla\/","title":{"rendered":"As\u00ed se vivi\u00f3 el 10\u00b0 aniversario de la Agencia de Empleo Combarranquilla"},"content":{"rendered":"\n<p>Con la participaci\u00f3n Gabriel Vallejo, Dunia Castro y empresarios del departamento del Atl\u00e1ntico, se homenajearon los 10 a\u00f1os de servicio de la Agencia de Empleo Combarranquilla.<\/p>\n\n\n\n<p>Un espacio en el que 300 empresas tuvieron la oportunidad de aprender sobre reclutamiento 5.0 y la magia de servir con prop\u00f3sito. &#8220;<em>Es un gusto para Combarranquilla y la Agencia de Empleo tenerlos presentes en su d\u00e9cimo aniversario. Un gran logro que ha permitido transformar la vida de personas desempleadas en busca de una mejor estabilidad laboral y de empresarios en busca de un talento humano integral<\/em>&#8220;, destac\u00f3 Ernesto Herrera, director de la Caja.<\/p>\n\n\n\n<p>Durante su intervenci\u00f3n, se\u00f1al\u00f3 los logros obtenidos. &#8220;<em>Hemos logrado registrar a m\u00e1s de 147 mil personas desempleadas y vincular laboralmente a m\u00e1s de 17 mil. Cifras que nos llena de felicidad y orgullo porque hemos trabajado cada a\u00f1o para ofrecerles experiencias integrales y \u00fanicas desde formaci\u00f3n y orientaci\u00f3n laboral<\/em>&#8220;, indic\u00f3 Herrera.<\/p>\n\n\n<div class=\"wp-block-image\">\n<figure class=\"aligncenter size-large is-resized\"><img decoding=\"async\" data-src=\"https:\/\/tuguia.combarranquilla.co\/Revista\/wp-content\/uploads\/2023\/05\/IMG_4077-1024x684.jpeg\" alt=\"\" class=\"wp-image-1891 lazyload\" width=\"620\" height=\"414\" data-srcset=\"https:\/\/tuguia.combarranquilla.co\/Revista\/wp-content\/uploads\/2023\/05\/IMG_4077-1024x684.jpeg 1024w, https:\/\/tuguia.combarranquilla.co\/Revista\/wp-content\/uploads\/2023\/05\/IMG_4077-300x200.jpeg 300w, https:\/\/tuguia.combarranquilla.co\/Revista\/wp-content\/uploads\/2023\/05\/IMG_4077-768x513.jpeg 768w, https:\/\/tuguia.combarranquilla.co\/Revista\/wp-content\/uploads\/2023\/05\/IMG_4077-1536x1027.jpeg 1536w, https:\/\/tuguia.combarranquilla.co\/Revista\/wp-content\/uploads\/2023\/05\/IMG_4077.jpeg 1616w\" data-sizes=\"(max-width: 620px) 100vw, 620px\" src=\"data:image\/svg+xml;base64,PHN2ZyB3aWR0aD0iMSIgaGVpZ2h0PSIxIiB4bWxucz0iaHR0cDovL3d3dy53My5vcmcvMjAwMC9zdmciPjwvc3ZnPg==\" style=\"--smush-placeholder-width: 620px; --smush-placeholder-aspect-ratio: 620\/414;\" \/><\/figure><\/div>\n\n\n<p><\/p>\n\n\n\n<h2 class=\"wp-block-heading\">Ponencias<\/h2>\n\n\n\n<ul class=\"wp-block-list\">\n<li>Conferencia de sensibilizaci\u00f3n sobre el ser, la actitud, pasi\u00f3n y prop\u00f3sito. Herramientas pr\u00e1cticas para la gesti\u00f3n emocional del servicio y comunicaci\u00f3n con los clientes.<strong> \u2013 \u201c<em>La magia de servir con prop\u00f3sito<\/em>\u201d por Gabriel Vallejo <\/strong><strong><\/strong><\/li>\n<\/ul>\n\n\n\n<p>Exministro de estado y ex director del Departamento de Prosperidad Social (DPS), con m\u00e1s de 20 a\u00f1os de experiencia en servicio al cliente en Am\u00e9rica Latina (sectores p\u00fablicos y privados).<\/p>\n\n\n\n<p>Columnista de opini\u00f3n del diario econ\u00f3mico Portafolio, exvicepresidente comercial del Grupo Editorial El Tiempo y de recursos humanos de la compa\u00f1\u00eda de galletas Noel.<\/p>\n\n\n\n<p><\/p>\n\n\n<div class=\"wp-block-image\">\n<figure class=\"aligncenter size-large is-resized\"><img decoding=\"async\" data-src=\"https:\/\/tuguia.combarranquilla.co\/Revista\/wp-content\/uploads\/2023\/05\/IMG_1119-1024x768.jpeg\" alt=\"\" class=\"wp-image-1892 lazyload\" width=\"589\" height=\"442\" data-srcset=\"https:\/\/tuguia.combarranquilla.co\/Revista\/wp-content\/uploads\/2023\/05\/IMG_1119-1024x768.jpeg 1024w, https:\/\/tuguia.combarranquilla.co\/Revista\/wp-content\/uploads\/2023\/05\/IMG_1119-300x225.jpeg 300w, https:\/\/tuguia.combarranquilla.co\/Revista\/wp-content\/uploads\/2023\/05\/IMG_1119-768x576.jpeg 768w, https:\/\/tuguia.combarranquilla.co\/Revista\/wp-content\/uploads\/2023\/05\/IMG_1119-1536x1151.jpeg 1536w\" data-sizes=\"(max-width: 589px) 100vw, 589px\" src=\"data:image\/svg+xml;base64,PHN2ZyB3aWR0aD0iMSIgaGVpZ2h0PSIxIiB4bWxucz0iaHR0cDovL3d3dy53My5vcmcvMjAwMC9zdmciPjwvc3ZnPg==\" style=\"--smush-placeholder-width: 589px; --smush-placeholder-aspect-ratio: 589\/442;\" \/><\/figure><\/div>\n\n\n<p><\/p>\n\n\n\n<ul class=\"wp-block-list\">\n<li>Conferencia de tecnoreclutamiento, endomarketing, inteligencia artificial en recursos humanos y felicidad en el trabajo. <strong>\u2013 \u201c<em>Reclutamiento 5.0\u201d<\/em> por Dunia Castro<\/strong><\/li>\n<\/ul>\n\n\n\n<p>Endomarker con m\u00e1s de 20 a\u00f1os de experiencia gestionando procesos de reclutamiento para empresas con altos \u00edndices de rotaci\u00f3n.<\/p>\n\n\n\n<p>Fundadora de Networking Talento 2.0 (red virtual de reclutadores con presencia en M\u00e9xico, Per\u00fa y Colombia) y una de las influencers de recursos humanos m\u00e1s importantes en las redes sociales de M\u00e9xico.<\/p>\n\n\n\n<h2 class=\"wp-block-heading\">Panel \u00bf<em>A<\/em> <em>qu\u00e9 est\u00e1n llamados los jefes&nbsp;de talento humano en las nuevas formas de atracci\u00f3n, selecci\u00f3n y fidelizaci\u00f3n del talento humano<\/em>?<\/h2>\n\n\n\n<p>Para culminar el evento, se abri\u00f3 un panel junto a Andrea Camargo, administradora de empresas y especialista en gerencia de talento humano y Cristian Cuervo, comunicador organizacional, especialista en gesti\u00f3n social corporativa y talento humano. <\/p>\n\n\n\n<p>El tema principal planteado durante el panel fue c\u00f3mo est\u00e1n actualmente las organizaciones inmersas en las nuevas formas de atracci\u00f3n de talento humano y qu\u00e9 est\u00e1n haciendo para llegar hac\u00eda ese reclutamiento 5.0.<\/p>\n\n\n\n<p><\/p>\n\n\n<div class=\"wp-block-image\">\n<figure class=\"aligncenter size-large is-resized\"><img decoding=\"async\" data-src=\"https:\/\/tuguia.combarranquilla.co\/Revista\/wp-content\/uploads\/2023\/05\/d05e3a46-9375-41c4-9a84-7f7712bed4ba-1024x685.jpeg\" alt=\"\" class=\"wp-image-1893 lazyload\" width=\"613\" height=\"409\" data-srcset=\"https:\/\/tuguia.combarranquilla.co\/Revista\/wp-content\/uploads\/2023\/05\/d05e3a46-9375-41c4-9a84-7f7712bed4ba-1024x685.jpeg 1024w, https:\/\/tuguia.combarranquilla.co\/Revista\/wp-content\/uploads\/2023\/05\/d05e3a46-9375-41c4-9a84-7f7712bed4ba-300x201.jpeg 300w, https:\/\/tuguia.combarranquilla.co\/Revista\/wp-content\/uploads\/2023\/05\/d05e3a46-9375-41c4-9a84-7f7712bed4ba-768x514.jpeg 768w, https:\/\/tuguia.combarranquilla.co\/Revista\/wp-content\/uploads\/2023\/05\/d05e3a46-9375-41c4-9a84-7f7712bed4ba-1536x1027.jpeg 1536w, https:\/\/tuguia.combarranquilla.co\/Revista\/wp-content\/uploads\/2023\/05\/d05e3a46-9375-41c4-9a84-7f7712bed4ba.jpeg 1600w\" data-sizes=\"(max-width: 613px) 100vw, 613px\" src=\"data:image\/svg+xml;base64,PHN2ZyB3aWR0aD0iMSIgaGVpZ2h0PSIxIiB4bWxucz0iaHR0cDovL3d3dy53My5vcmcvMjAwMC9zdmciPjwvc3ZnPg==\" style=\"--smush-placeholder-width: 613px; --smush-placeholder-aspect-ratio: 613\/409;\" \/><figcaption class=\"wp-element-caption\"><em>Andrea Camargo, Gabriel Vallejo, Dunia Castro, Ernesto Herrera y Cristian Cuervo (2023)<\/em><\/figcaption><\/figure><\/div>\n\n\n<p><\/p>\n\n\n\n<p class=\"has-text-align-center\">Si deseas ver el video de aniversario, haz clic aqu\u00ed: <a rel=\"noreferrer noopener\" href=\"https:\/\/bit.ly\/3LFjqXG\" target=\"_blank\">https:\/\/bit.ly\/3LFjqXG<\/a><\/p>\n","protected":false},"excerpt":{"rendered":"<p>Con la participaci\u00f3n Gabriel Vallejo, Dunia Castro y empresarios del departamento del Atl\u00e1ntico, se homenajearon los 10 a\u00f1os de servicio de la Agencia de Empleo Combarranquilla. Un espacio en el que 300 empresas tuvieron la oportunidad de aprender sobre reclutamiento 5.0 y la magia de servir con prop\u00f3sito. &#8220;Es un gusto para Combarranquilla y la [&hellip;]<\/p>\n","protected":false},"author":2,"featured_media":1887,"comment_status":"open","ping_status":"open","sticky":false,"template":"","format":"standard","meta":{"inline_featured_image":false,"footnotes":""},"categories":[6],"tags":[],"class_list":["post-1886","post","type-post","status-publish","format-standard","has-post-thumbnail","hentry","category-empleabilidad"],"yoast_head":"<!-- This site is optimized with the Yoast SEO plugin v27.4 - https:\/\/yoast.com\/product\/yoast-seo-wordpress\/ -->\n<title>As\u00ed se vivi\u00f3 el 10\u00b0 aniversario de la Agencia de Empleo Combarranquilla - Tu Gu\u00eda<\/title>\n<meta name=\"robots\" content=\"index, follow, max-snippet:-1, max-image-preview:large, max-video-preview:-1\" \/>\n<link rel=\"canonical\" href=\"https:\/\/tuguia.combarranquilla.co\/Revista\/asi-se-vivio-el-10-aniversario-de-la-agencia-de-empleo-combarranquilla\/\" \/>\n<meta property=\"og:locale\" content=\"es_ES\" \/>\n<meta property=\"og:type\" content=\"article\" \/>\n<meta property=\"og:title\" content=\"As\u00ed se vivi\u00f3 el 10\u00b0 aniversario de la Agencia de Empleo Combarranquilla - Tu Gu\u00eda\" \/>\n<meta property=\"og:description\" content=\"Con la participaci\u00f3n Gabriel Vallejo, Dunia Castro y empresarios del departamento del Atl\u00e1ntico, se homenajearon los 10 a\u00f1os de servicio de la Agencia de Empleo Combarranquilla. Un espacio en el que 300 empresas tuvieron la oportunidad de aprender sobre reclutamiento 5.0 y la magia de servir con prop\u00f3sito. &#8220;Es un gusto para Combarranquilla y la [&hellip;]\" \/>\n<meta property=\"og:url\" content=\"https:\/\/tuguia.combarranquilla.co\/Revista\/asi-se-vivio-el-10-aniversario-de-la-agencia-de-empleo-combarranquilla\/\" \/>\n<meta property=\"og:site_name\" content=\"Tu Gu\u00eda\" \/>\n<meta property=\"article:published_time\" content=\"2023-05-03T15:00:00+00:00\" \/>\n<meta property=\"article:modified_time\" content=\"2023-05-11T16:12:43+00:00\" \/>\n<meta property=\"og:image\" content=\"https:\/\/tuguia.combarranquilla.co\/Revista\/wp-content\/uploads\/2023\/05\/2419e9a1-1ffc-498b-a603-963ac8669ed9.jpg\" \/>\n\t<meta property=\"og:image:width\" content=\"1600\" \/>\n\t<meta property=\"og:image:height\" content=\"1070\" \/>\n\t<meta property=\"og:image:type\" content=\"image\/jpeg\" \/>\n<meta name=\"author\" content=\"Comunicaciones Combarranquilla\" \/>\n<meta name=\"twitter:card\" content=\"summary_large_image\" \/>\n<meta name=\"twitter:label1\" content=\"Escrito por\" \/>\n\t<meta name=\"twitter:data1\" content=\"Comunicaciones Combarranquilla\" \/>\n\t<meta name=\"twitter:label2\" content=\"Tiempo de lectura\" \/>\n\t<meta name=\"twitter:data2\" content=\"2 minutos\" \/>\n<script type=\"application\/ld+json\" class=\"yoast-schema-graph\">{\"@context\":\"https:\\\/\\\/schema.org\",\"@graph\":[{\"@type\":\"Article\",\"@id\":\"https:\\\/\\\/tuguia.combarranquilla.co\\\/Revista\\\/asi-se-vivio-el-10-aniversario-de-la-agencia-de-empleo-combarranquilla\\\/#article\",\"isPartOf\":{\"@id\":\"https:\\\/\\\/tuguia.combarranquilla.co\\\/Revista\\\/asi-se-vivio-el-10-aniversario-de-la-agencia-de-empleo-combarranquilla\\\/\"},\"author\":{\"name\":\"Comunicaciones Combarranquilla\",\"@id\":\"https:\\\/\\\/tuguia.combarranquilla.co\\\/Revista\\\/#\\\/schema\\\/person\\\/c2c396a77170bd1d5f8ba73294eb0d10\"},\"headline\":\"As\u00ed se vivi\u00f3 el 10\u00b0 aniversario de la Agencia de Empleo Combarranquilla\",\"datePublished\":\"2023-05-03T15:00:00+00:00\",\"dateModified\":\"2023-05-11T16:12:43+00:00\",\"mainEntityOfPage\":{\"@id\":\"https:\\\/\\\/tuguia.combarranquilla.co\\\/Revista\\\/asi-se-vivio-el-10-aniversario-de-la-agencia-de-empleo-combarranquilla\\\/\"},\"wordCount\":468,\"commentCount\":0,\"publisher\":{\"@id\":\"https:\\\/\\\/tuguia.combarranquilla.co\\\/Revista\\\/#organization\"},\"image\":{\"@id\":\"https:\\\/\\\/tuguia.combarranquilla.co\\\/Revista\\\/asi-se-vivio-el-10-aniversario-de-la-agencia-de-empleo-combarranquilla\\\/#primaryimage\"},\"thumbnailUrl\":\"https:\\\/\\\/tuguia.combarranquilla.co\\\/Revista\\\/wp-content\\\/uploads\\\/2023\\\/05\\\/2419e9a1-1ffc-498b-a603-963ac8669ed9.jpg\",\"articleSection\":[\"EMPLEABILIDAD\"],\"inLanguage\":\"es-CO\",\"potentialAction\":[{\"@type\":\"CommentAction\",\"name\":\"Comment\",\"target\":[\"https:\\\/\\\/tuguia.combarranquilla.co\\\/Revista\\\/asi-se-vivio-el-10-aniversario-de-la-agencia-de-empleo-combarranquilla\\\/#respond\"]}]},{\"@type\":\"WebPage\",\"@id\":\"https:\\\/\\\/tuguia.combarranquilla.co\\\/Revista\\\/asi-se-vivio-el-10-aniversario-de-la-agencia-de-empleo-combarranquilla\\\/\",\"url\":\"https:\\\/\\\/tuguia.combarranquilla.co\\\/Revista\\\/asi-se-vivio-el-10-aniversario-de-la-agencia-de-empleo-combarranquilla\\\/\",\"name\":\"As\u00ed se vivi\u00f3 el 10\u00b0 aniversario de la Agencia de Empleo Combarranquilla - Tu Gu\u00eda\",\"isPartOf\":{\"@id\":\"https:\\\/\\\/tuguia.combarranquilla.co\\\/Revista\\\/#website\"},\"primaryImageOfPage\":{\"@id\":\"https:\\\/\\\/tuguia.combarranquilla.co\\\/Revista\\\/asi-se-vivio-el-10-aniversario-de-la-agencia-de-empleo-combarranquilla\\\/#primaryimage\"},\"image\":{\"@id\":\"https:\\\/\\\/tuguia.combarranquilla.co\\\/Revista\\\/asi-se-vivio-el-10-aniversario-de-la-agencia-de-empleo-combarranquilla\\\/#primaryimage\"},\"thumbnailUrl\":\"https:\\\/\\\/tuguia.combarranquilla.co\\\/Revista\\\/wp-content\\\/uploads\\\/2023\\\/05\\\/2419e9a1-1ffc-498b-a603-963ac8669ed9.jpg\",\"datePublished\":\"2023-05-03T15:00:00+00:00\",\"dateModified\":\"2023-05-11T16:12:43+00:00\",\"breadcrumb\":{\"@id\":\"https:\\\/\\\/tuguia.combarranquilla.co\\\/Revista\\\/asi-se-vivio-el-10-aniversario-de-la-agencia-de-empleo-combarranquilla\\\/#breadcrumb\"},\"inLanguage\":\"es-CO\",\"potentialAction\":[{\"@type\":\"ReadAction\",\"target\":[\"https:\\\/\\\/tuguia.combarranquilla.co\\\/Revista\\\/asi-se-vivio-el-10-aniversario-de-la-agencia-de-empleo-combarranquilla\\\/\"]}]},{\"@type\":\"ImageObject\",\"inLanguage\":\"es-CO\",\"@id\":\"https:\\\/\\\/tuguia.combarranquilla.co\\\/Revista\\\/asi-se-vivio-el-10-aniversario-de-la-agencia-de-empleo-combarranquilla\\\/#primaryimage\",\"url\":\"https:\\\/\\\/tuguia.combarranquilla.co\\\/Revista\\\/wp-content\\\/uploads\\\/2023\\\/05\\\/2419e9a1-1ffc-498b-a603-963ac8669ed9.jpg\",\"contentUrl\":\"https:\\\/\\\/tuguia.combarranquilla.co\\\/Revista\\\/wp-content\\\/uploads\\\/2023\\\/05\\\/2419e9a1-1ffc-498b-a603-963ac8669ed9.jpg\",\"width\":1600,\"height\":1070},{\"@type\":\"BreadcrumbList\",\"@id\":\"https:\\\/\\\/tuguia.combarranquilla.co\\\/Revista\\\/asi-se-vivio-el-10-aniversario-de-la-agencia-de-empleo-combarranquilla\\\/#breadcrumb\",\"itemListElement\":[{\"@type\":\"ListItem\",\"position\":1,\"name\":\"Inicio\",\"item\":\"https:\\\/\\\/tuguia.combarranquilla.co\\\/Revista\\\/\"},{\"@type\":\"ListItem\",\"position\":2,\"name\":\"As\u00ed se vivi\u00f3 el 10\u00b0 aniversario de la Agencia de Empleo Combarranquilla\"}]},{\"@type\":\"WebSite\",\"@id\":\"https:\\\/\\\/tuguia.combarranquilla.co\\\/Revista\\\/#website\",\"url\":\"https:\\\/\\\/tuguia.combarranquilla.co\\\/Revista\\\/\",\"name\":\"Tu Gu\u00eda\",\"description\":\"La revista donde lo tienes todo.\",\"publisher\":{\"@id\":\"https:\\\/\\\/tuguia.combarranquilla.co\\\/Revista\\\/#organization\"},\"alternateName\":\"Tu Gu\u00eda Combarranquilla\",\"potentialAction\":[{\"@type\":\"SearchAction\",\"target\":{\"@type\":\"EntryPoint\",\"urlTemplate\":\"https:\\\/\\\/tuguia.combarranquilla.co\\\/Revista\\\/?s={search_term_string}\"},\"query-input\":{\"@type\":\"PropertyValueSpecification\",\"valueRequired\":true,\"valueName\":\"search_term_string\"}}],\"inLanguage\":\"es-CO\"},{\"@type\":\"Organization\",\"@id\":\"https:\\\/\\\/tuguia.combarranquilla.co\\\/Revista\\\/#organization\",\"name\":\"Tu Gu\u00eda Combarranquilla\",\"url\":\"https:\\\/\\\/tuguia.combarranquilla.co\\\/Revista\\\/\",\"logo\":{\"@type\":\"ImageObject\",\"inLanguage\":\"es-CO\",\"@id\":\"https:\\\/\\\/tuguia.combarranquilla.co\\\/Revista\\\/#\\\/schema\\\/logo\\\/image\\\/\",\"url\":\"https:\\\/\\\/tuguia.combarranquilla.co\\\/Revista\\\/wp-content\\\/uploads\\\/2022\\\/02\\\/logo-guia-combarranquilla.svg\",\"contentUrl\":\"https:\\\/\\\/tuguia.combarranquilla.co\\\/Revista\\\/wp-content\\\/uploads\\\/2022\\\/02\\\/logo-guia-combarranquilla.svg\",\"caption\":\"Tu Gu\u00eda Combarranquilla\"},\"image\":{\"@id\":\"https:\\\/\\\/tuguia.combarranquilla.co\\\/Revista\\\/#\\\/schema\\\/logo\\\/image\\\/\"}},{\"@type\":\"Person\",\"@id\":\"https:\\\/\\\/tuguia.combarranquilla.co\\\/Revista\\\/#\\\/schema\\\/person\\\/c2c396a77170bd1d5f8ba73294eb0d10\",\"name\":\"Comunicaciones Combarranquilla\",\"image\":{\"@type\":\"ImageObject\",\"inLanguage\":\"es-CO\",\"@id\":\"https:\\\/\\\/tuguia.combarranquilla.co\\\/Revista\\\/wp-content\\\/uploads\\\/2025\\\/05\\\/ABC-Al-Rojo-Logo-96x96.jpg\",\"url\":\"https:\\\/\\\/tuguia.combarranquilla.co\\\/Revista\\\/wp-content\\\/uploads\\\/2025\\\/05\\\/ABC-Al-Rojo-Logo-96x96.jpg\",\"contentUrl\":\"https:\\\/\\\/tuguia.combarranquilla.co\\\/Revista\\\/wp-content\\\/uploads\\\/2025\\\/05\\\/ABC-Al-Rojo-Logo-96x96.jpg\",\"caption\":\"Comunicaciones Combarranquilla\"},\"sameAs\":[\"https:\\\/\\\/www.combarranquilla.co\"],\"url\":\"https:\\\/\\\/tuguia.combarranquilla.co\\\/Revista\\\/author\\\/comunicaciones\\\/\"}]}<\/script>\n<!-- \/ Yoast SEO plugin. -->","yoast_head_json":{"title":"As\u00ed se vivi\u00f3 el 10\u00b0 aniversario de la Agencia de Empleo Combarranquilla - Tu Gu\u00eda","robots":{"index":"index","follow":"follow","max-snippet":"max-snippet:-1","max-image-preview":"max-image-preview:large","max-video-preview":"max-video-preview:-1"},"canonical":"https:\/\/tuguia.combarranquilla.co\/Revista\/asi-se-vivio-el-10-aniversario-de-la-agencia-de-empleo-combarranquilla\/","og_locale":"es_ES","og_type":"article","og_title":"As\u00ed se vivi\u00f3 el 10\u00b0 aniversario de la Agencia de Empleo Combarranquilla - Tu Gu\u00eda","og_description":"Con la participaci\u00f3n Gabriel Vallejo, Dunia Castro y empresarios del departamento del Atl\u00e1ntico, se homenajearon los 10 a\u00f1os de servicio de la Agencia de Empleo Combarranquilla. Un espacio en el que 300 empresas tuvieron la oportunidad de aprender sobre reclutamiento 5.0 y la magia de servir con prop\u00f3sito. &#8220;Es un gusto para Combarranquilla y la [&hellip;]","og_url":"https:\/\/tuguia.combarranquilla.co\/Revista\/asi-se-vivio-el-10-aniversario-de-la-agencia-de-empleo-combarranquilla\/","og_site_name":"Tu Gu\u00eda","article_published_time":"2023-05-03T15:00:00+00:00","article_modified_time":"2023-05-11T16:12:43+00:00","og_image":[{"width":1600,"height":1070,"url":"https:\/\/tuguia.combarranquilla.co\/Revista\/wp-content\/uploads\/2023\/05\/2419e9a1-1ffc-498b-a603-963ac8669ed9.jpg","type":"image\/jpeg"}],"author":"Comunicaciones Combarranquilla","twitter_card":"summary_large_image","twitter_misc":{"Escrito por":"Comunicaciones Combarranquilla","Tiempo de lectura":"2 minutos"},"schema":{"@context":"https:\/\/schema.org","@graph":[{"@type":"Article","@id":"https:\/\/tuguia.combarranquilla.co\/Revista\/asi-se-vivio-el-10-aniversario-de-la-agencia-de-empleo-combarranquilla\/#article","isPartOf":{"@id":"https:\/\/tuguia.combarranquilla.co\/Revista\/asi-se-vivio-el-10-aniversario-de-la-agencia-de-empleo-combarranquilla\/"},"author":{"name":"Comunicaciones Combarranquilla","@id":"https:\/\/tuguia.combarranquilla.co\/Revista\/#\/schema\/person\/c2c396a77170bd1d5f8ba73294eb0d10"},"headline":"As\u00ed se vivi\u00f3 el 10\u00b0 aniversario de la Agencia de Empleo Combarranquilla","datePublished":"2023-05-03T15:00:00+00:00","dateModified":"2023-05-11T16:12:43+00:00","mainEntityOfPage":{"@id":"https:\/\/tuguia.combarranquilla.co\/Revista\/asi-se-vivio-el-10-aniversario-de-la-agencia-de-empleo-combarranquilla\/"},"wordCount":468,"commentCount":0,"publisher":{"@id":"https:\/\/tuguia.combarranquilla.co\/Revista\/#organization"},"image":{"@id":"https:\/\/tuguia.combarranquilla.co\/Revista\/asi-se-vivio-el-10-aniversario-de-la-agencia-de-empleo-combarranquilla\/#primaryimage"},"thumbnailUrl":"https:\/\/tuguia.combarranquilla.co\/Revista\/wp-content\/uploads\/2023\/05\/2419e9a1-1ffc-498b-a603-963ac8669ed9.jpg","articleSection":["EMPLEABILIDAD"],"inLanguage":"es-CO","potentialAction":[{"@type":"CommentAction","name":"Comment","target":["https:\/\/tuguia.combarranquilla.co\/Revista\/asi-se-vivio-el-10-aniversario-de-la-agencia-de-empleo-combarranquilla\/#respond"]}]},{"@type":"WebPage","@id":"https:\/\/tuguia.combarranquilla.co\/Revista\/asi-se-vivio-el-10-aniversario-de-la-agencia-de-empleo-combarranquilla\/","url":"https:\/\/tuguia.combarranquilla.co\/Revista\/asi-se-vivio-el-10-aniversario-de-la-agencia-de-empleo-combarranquilla\/","name":"As\u00ed se vivi\u00f3 el 10\u00b0 aniversario de la Agencia de Empleo Combarranquilla - Tu Gu\u00eda","isPartOf":{"@id":"https:\/\/tuguia.combarranquilla.co\/Revista\/#website"},"primaryImageOfPage":{"@id":"https:\/\/tuguia.combarranquilla.co\/Revista\/asi-se-vivio-el-10-aniversario-de-la-agencia-de-empleo-combarranquilla\/#primaryimage"},"image":{"@id":"https:\/\/tuguia.combarranquilla.co\/Revista\/asi-se-vivio-el-10-aniversario-de-la-agencia-de-empleo-combarranquilla\/#primaryimage"},"thumbnailUrl":"https:\/\/tuguia.combarranquilla.co\/Revista\/wp-content\/uploads\/2023\/05\/2419e9a1-1ffc-498b-a603-963ac8669ed9.jpg","datePublished":"2023-05-03T15:00:00+00:00","dateModified":"2023-05-11T16:12:43+00:00","breadcrumb":{"@id":"https:\/\/tuguia.combarranquilla.co\/Revista\/asi-se-vivio-el-10-aniversario-de-la-agencia-de-empleo-combarranquilla\/#breadcrumb"},"inLanguage":"es-CO","potentialAction":[{"@type":"ReadAction","target":["https:\/\/tuguia.combarranquilla.co\/Revista\/asi-se-vivio-el-10-aniversario-de-la-agencia-de-empleo-combarranquilla\/"]}]},{"@type":"ImageObject","inLanguage":"es-CO","@id":"https:\/\/tuguia.combarranquilla.co\/Revista\/asi-se-vivio-el-10-aniversario-de-la-agencia-de-empleo-combarranquilla\/#primaryimage","url":"https:\/\/tuguia.combarranquilla.co\/Revista\/wp-content\/uploads\/2023\/05\/2419e9a1-1ffc-498b-a603-963ac8669ed9.jpg","contentUrl":"https:\/\/tuguia.combarranquilla.co\/Revista\/wp-content\/uploads\/2023\/05\/2419e9a1-1ffc-498b-a603-963ac8669ed9.jpg","width":1600,"height":1070},{"@type":"BreadcrumbList","@id":"https:\/\/tuguia.combarranquilla.co\/Revista\/asi-se-vivio-el-10-aniversario-de-la-agencia-de-empleo-combarranquilla\/#breadcrumb","itemListElement":[{"@type":"ListItem","position":1,"name":"Inicio","item":"https:\/\/tuguia.combarranquilla.co\/Revista\/"},{"@type":"ListItem","position":2,"name":"As\u00ed se vivi\u00f3 el 10\u00b0 aniversario de la Agencia de Empleo Combarranquilla"}]},{"@type":"WebSite","@id":"https:\/\/tuguia.combarranquilla.co\/Revista\/#website","url":"https:\/\/tuguia.combarranquilla.co\/Revista\/","name":"Tu Gu\u00eda","description":"La revista donde lo tienes todo.","publisher":{"@id":"https:\/\/tuguia.combarranquilla.co\/Revista\/#organization"},"alternateName":"Tu Gu\u00eda Combarranquilla","potentialAction":[{"@type":"SearchAction","target":{"@type":"EntryPoint","urlTemplate":"https:\/\/tuguia.combarranquilla.co\/Revista\/?s={search_term_string}"},"query-input":{"@type":"PropertyValueSpecification","valueRequired":true,"valueName":"search_term_string"}}],"inLanguage":"es-CO"},{"@type":"Organization","@id":"https:\/\/tuguia.combarranquilla.co\/Revista\/#organization","name":"Tu Gu\u00eda Combarranquilla","url":"https:\/\/tuguia.combarranquilla.co\/Revista\/","logo":{"@type":"ImageObject","inLanguage":"es-CO","@id":"https:\/\/tuguia.combarranquilla.co\/Revista\/#\/schema\/logo\/image\/","url":"https:\/\/tuguia.combarranquilla.co\/Revista\/wp-content\/uploads\/2022\/02\/logo-guia-combarranquilla.svg","contentUrl":"https:\/\/tuguia.combarranquilla.co\/Revista\/wp-content\/uploads\/2022\/02\/logo-guia-combarranquilla.svg","caption":"Tu Gu\u00eda Combarranquilla"},"image":{"@id":"https:\/\/tuguia.combarranquilla.co\/Revista\/#\/schema\/logo\/image\/"}},{"@type":"Person","@id":"https:\/\/tuguia.combarranquilla.co\/Revista\/#\/schema\/person\/c2c396a77170bd1d5f8ba73294eb0d10","name":"Comunicaciones Combarranquilla","image":{"@type":"ImageObject","inLanguage":"es-CO","@id":"https:\/\/tuguia.combarranquilla.co\/Revista\/wp-content\/uploads\/2025\/05\/ABC-Al-Rojo-Logo-96x96.jpg","url":"https:\/\/tuguia.combarranquilla.co\/Revista\/wp-content\/uploads\/2025\/05\/ABC-Al-Rojo-Logo-96x96.jpg","contentUrl":"https:\/\/tuguia.combarranquilla.co\/Revista\/wp-content\/uploads\/2025\/05\/ABC-Al-Rojo-Logo-96x96.jpg","caption":"Comunicaciones Combarranquilla"},"sameAs":["https:\/\/www.combarranquilla.co"],"url":"https:\/\/tuguia.combarranquilla.co\/Revista\/author\/comunicaciones\/"}]}},"_links":{"self":[{"href":"https:\/\/tuguia.combarranquilla.co\/Revista\/wp-json\/wp\/v2\/posts\/1886","targetHints":{"allow":["GET"]}}],"collection":[{"href":"https:\/\/tuguia.combarranquilla.co\/Revista\/wp-json\/wp\/v2\/posts"}],"about":[{"href":"https:\/\/tuguia.combarranquilla.co\/Revista\/wp-json\/wp\/v2\/types\/post"}],"author":[{"embeddable":true,"href":"https:\/\/tuguia.combarranquilla.co\/Revista\/wp-json\/wp\/v2\/users\/2"}],"replies":[{"embeddable":true,"href":"https:\/\/tuguia.combarranquilla.co\/Revista\/wp-json\/wp\/v2\/comments?post=1886"}],"version-history":[{"count":22,"href":"https:\/\/tuguia.combarranquilla.co\/Revista\/wp-json\/wp\/v2\/posts\/1886\/revisions"}],"predecessor-version":[{"id":1916,"href":"https:\/\/tuguia.combarranquilla.co\/Revista\/wp-json\/wp\/v2\/posts\/1886\/revisions\/1916"}],"wp:featuredmedia":[{"embeddable":true,"href":"https:\/\/tuguia.combarranquilla.co\/Revista\/wp-json\/wp\/v2\/media\/1887"}],"wp:attachment":[{"href":"https:\/\/tuguia.combarranquilla.co\/Revista\/wp-json\/wp\/v2\/media?parent=1886"}],"wp:term":[{"taxonomy":"category","embeddable":true,"href":"https:\/\/tuguia.combarranquilla.co\/Revista\/wp-json\/wp\/v2\/categories?post=1886"},{"taxonomy":"post_tag","embeddable":true,"href":"https:\/\/tuguia.combarranquilla.co\/Revista\/wp-json\/wp\/v2\/tags?post=1886"}],"curies":[{"name":"wp","href":"https:\/\/api.w.org\/{rel}","templated":true}]}}