{"id":1969,"date":"2023-05-11T14:55:41","date_gmt":"2023-05-11T19:55:41","guid":{"rendered":"https:\/\/tuguia.combarranquilla.co\/Revista\/?p=1969"},"modified":"2023-05-11T15:02:03","modified_gmt":"2023-05-11T20:02:03","slug":"curso-de-danza-folclorica-la-danza-del-caribe","status":"publish","type":"post","link":"https:\/\/tuguia.combarranquilla.co\/Revista\/curso-de-danza-folclorica-la-danza-del-caribe\/","title":{"rendered":"Curso de danza folcl\u00f3rica &#8220;La danza del Caribe&#8221;"},"content":{"rendered":"\n<p>Con el \u00e1nimo de incentivar a los ni\u00f1os y j\u00f3venes a fomentar el sentido de pertenencia por nuestro folclor y as\u00ed retomen sus ra\u00edces y  se sientan orgullosos de su cultura, Combarranquilla lidera el Curso de danza Folcl\u00f3rica &#8220;La danza del Caribe&#8221; donde se desarrollar\u00e1n procesos de aprendizajes de los diferentes ritmos representativos de la Costa Caribe Colombiana.<\/p>\n\n\n<div class=\"wp-block-image\">\n<figure class=\"aligncenter size-large is-resized\"><img decoding=\"async\" data-src=\"https:\/\/tuguia.combarranquilla.co\/Revista\/wp-content\/uploads\/2023\/05\/Arte_escuela_danza_creativa-031-1024x1024.png\" alt=\"\" class=\"wp-image-1970 lazyload\" width=\"513\" height=\"513\" src=\"data:image\/svg+xml;base64,PHN2ZyB3aWR0aD0iMSIgaGVpZ2h0PSIxIiB4bWxucz0iaHR0cDovL3d3dy53My5vcmcvMjAwMC9zdmciPjwvc3ZnPg==\" style=\"--smush-placeholder-width: 513px; --smush-placeholder-aspect-ratio: 513\/513;\" \/><\/figure><\/div>\n\n\n<p>Los diferentes ritmos musicales caribe\u00f1os van dirigido a j\u00f3venes adolescentes entre las edades de 7 a 12 a\u00f1os, estimul\u00e1ndoles las potencialidades de la expresi\u00f3n corporal y movimientos r\u00edtmicos, dej\u00e1ndose llevar por la m\u00fasica y permitiendo que el cuerpo libere y se mueva con soltura al conectarse con el ritmo interior que toda persona lleva por dentro de su cuerpo, la conciencia de nuestro ritmo, la coordinaci\u00f3n, la memoria motriz, la resistencia f\u00edsica y la improvisaci\u00f3n creativa.<\/p>\n\n\n<div class=\"wp-block-image\">\n<figure class=\"aligncenter size-large is-resized\"><img decoding=\"async\" data-src=\"https:\/\/tuguia.combarranquilla.co\/Revista\/wp-content\/uploads\/2023\/05\/Arte-escuela-danza-creativa-04-1-1024x1024.png\" alt=\"\" class=\"wp-image-1975 lazyload\" width=\"510\" height=\"510\" data-srcset=\"https:\/\/tuguia.combarranquilla.co\/Revista\/wp-content\/uploads\/2023\/05\/Arte-escuela-danza-creativa-04-1-1024x1024.png 1024w, https:\/\/tuguia.combarranquilla.co\/Revista\/wp-content\/uploads\/2023\/05\/Arte-escuela-danza-creativa-04-1-300x300.png 300w, https:\/\/tuguia.combarranquilla.co\/Revista\/wp-content\/uploads\/2023\/05\/Arte-escuela-danza-creativa-04-1-150x150.png 150w, https:\/\/tuguia.combarranquilla.co\/Revista\/wp-content\/uploads\/2023\/05\/Arte-escuela-danza-creativa-04-1-768x768.png 768w, https:\/\/tuguia.combarranquilla.co\/Revista\/wp-content\/uploads\/2023\/05\/Arte-escuela-danza-creativa-04-1-1536x1536.png 1536w, https:\/\/tuguia.combarranquilla.co\/Revista\/wp-content\/uploads\/2023\/05\/Arte-escuela-danza-creativa-04-1-2048x2048.png 2048w\" data-sizes=\"(max-width: 510px) 100vw, 510px\" src=\"data:image\/svg+xml;base64,PHN2ZyB3aWR0aD0iMSIgaGVpZ2h0PSIxIiB4bWxucz0iaHR0cDovL3d3dy53My5vcmcvMjAwMC9zdmciPjwvc3ZnPg==\" style=\"--smush-placeholder-width: 510px; --smush-placeholder-aspect-ratio: 510\/510;\" \/><\/figure><\/div>\n\n\n<p>Los ritmos de Aprendizaje ser\u00e1n los siguientes:<\/p>\n\n\n\n<p>La Cumbia<br>El Bullerengue<br>La puya<br>El Garabato<br>El Mapal\u00e9<br>El Fandango<br>La Champeta<\/p>\n\n\n\n<p>La ense\u00f1anza se realizar\u00e1 por niveles de aprendizajes determinado en 8 horas mensuales, 2 horas cada s\u00e1bado. Esta actividad se desarrollar\u00e1 en el gimnasio de la Unidad de Boston en su sal\u00f3n grupal y en la jornada de la tarde, en el horario de:<br>2:00  a 3:30 p.m. grupo 1<br>3:30 a 5:00 p.m. grupo 2<\/p>\n\n\n\n<p>Los niveles de aprendizaje estar\u00e1n divididos:<\/p>\n\n\n\n<ol class=\"wp-block-list\" type=\"a\">\n<li>Principiantes,<\/li>\n\n\n\n<li>Intermedios<\/li>\n\n\n\n<li>Avanzados<\/li>\n\n\n\n<li>Grupo Elite de Danza y folklor\u00a0<br><br>Quienes est\u00e9n interesados en que sus hijos conozcan de la danza, podr\u00e1n asistir a la clase de cortes\u00eda que Combarranquilla brindar\u00e1 al p\u00fablico en general el pr\u00f3ximo s\u00e1bado 13 de mayo en la Unidad Boston a las 2:00 p.m. <br>Para acceder solo debe inscribir sus datos en el siguiente link: <a rel=\"noreferrer noopener\" href=\"https:\/\/n9.cl\/vzupk\" target=\"_blank\">https:\/\/n9.cl\/vzupk<\/a><br><br>Para m\u00e1s informaci\u00f3n deber\u00e1n comunicarse a la l\u00ednea verde 605-3718900 ext. 1231- 1232 &#8211; 1233 &#8211; 1236 &#8211; 1237<\/li>\n<\/ol>\n","protected":false},"excerpt":{"rendered":"<p>Con el \u00e1nimo de incentivar a los ni\u00f1os y j\u00f3venes a fomentar el sentido de pertenencia por nuestro folclor y as\u00ed retomen sus ra\u00edces y se sientan orgullosos de su cultura, Combarranquilla lidera el Curso de danza Folcl\u00f3rica &#8220;La danza del Caribe&#8221; donde se desarrollar\u00e1n procesos de aprendizajes de los diferentes ritmos representativos de la [&hellip;]<\/p>\n","protected":false},"author":2,"featured_media":1970,"comment_status":"open","ping_status":"open","sticky":false,"template":"","format":"standard","meta":{"inline_featured_image":false,"footnotes":""},"categories":[5],"tags":[],"class_list":["post-1969","post","type-post","status-publish","format-standard","has-post-thumbnail","hentry","category-vida-saludable"],"yoast_head":"<!-- This site is optimized with the Yoast SEO plugin v27.4 - https:\/\/yoast.com\/product\/yoast-seo-wordpress\/ -->\n<title>Curso de danza folcl\u00f3rica &quot;La danza del Caribe&quot; - Tu Gu\u00eda<\/title>\n<meta name=\"robots\" content=\"index, follow, max-snippet:-1, max-image-preview:large, max-video-preview:-1\" \/>\n<link rel=\"canonical\" href=\"https:\/\/tuguia.combarranquilla.co\/Revista\/curso-de-danza-folclorica-la-danza-del-caribe\/\" \/>\n<meta property=\"og:locale\" content=\"es_ES\" \/>\n<meta property=\"og:type\" content=\"article\" \/>\n<meta property=\"og:title\" content=\"Curso de danza folcl\u00f3rica &quot;La danza del Caribe&quot; - Tu Gu\u00eda\" \/>\n<meta property=\"og:description\" content=\"Con el \u00e1nimo de incentivar a los ni\u00f1os y j\u00f3venes a fomentar el sentido de pertenencia por nuestro folclor y as\u00ed retomen sus ra\u00edces y se sientan orgullosos de su cultura, Combarranquilla lidera el Curso de danza Folcl\u00f3rica &#8220;La danza del Caribe&#8221; donde se desarrollar\u00e1n procesos de aprendizajes de los diferentes ritmos representativos de la [&hellip;]\" \/>\n<meta property=\"og:url\" content=\"https:\/\/tuguia.combarranquilla.co\/Revista\/curso-de-danza-folclorica-la-danza-del-caribe\/\" \/>\n<meta property=\"og:site_name\" content=\"Tu Gu\u00eda\" \/>\n<meta property=\"article:published_time\" content=\"2023-05-11T19:55:41+00:00\" \/>\n<meta property=\"article:modified_time\" content=\"2023-05-11T20:02:03+00:00\" \/>\n<meta property=\"og:image\" content=\"https:\/\/tuguia.combarranquilla.co\/Revista\/wp-content\/uploads\/2023\/05\/Arte_escuela_danza_creativa-031-e1683835229492.png\" \/>\n\t<meta property=\"og:image:width\" content=\"2250\" \/>\n\t<meta property=\"og:image:height\" content=\"1485\" \/>\n\t<meta property=\"og:image:type\" content=\"image\/png\" \/>\n<meta name=\"author\" content=\"Comunicaciones Combarranquilla\" \/>\n<meta name=\"twitter:card\" content=\"summary_large_image\" \/>\n<meta name=\"twitter:label1\" content=\"Escrito por\" \/>\n\t<meta name=\"twitter:data1\" content=\"Comunicaciones Combarranquilla\" \/>\n\t<meta name=\"twitter:label2\" content=\"Tiempo de lectura\" \/>\n\t<meta name=\"twitter:data2\" content=\"2 minutos\" \/>\n<script type=\"application\/ld+json\" class=\"yoast-schema-graph\">{\"@context\":\"https:\\\/\\\/schema.org\",\"@graph\":[{\"@type\":\"Article\",\"@id\":\"https:\\\/\\\/tuguia.combarranquilla.co\\\/Revista\\\/curso-de-danza-folclorica-la-danza-del-caribe\\\/#article\",\"isPartOf\":{\"@id\":\"https:\\\/\\\/tuguia.combarranquilla.co\\\/Revista\\\/curso-de-danza-folclorica-la-danza-del-caribe\\\/\"},\"author\":{\"name\":\"Comunicaciones Combarranquilla\",\"@id\":\"https:\\\/\\\/tuguia.combarranquilla.co\\\/Revista\\\/#\\\/schema\\\/person\\\/c2c396a77170bd1d5f8ba73294eb0d10\"},\"headline\":\"Curso de danza folcl\u00f3rica &#8220;La danza del Caribe&#8221;\",\"datePublished\":\"2023-05-11T19:55:41+00:00\",\"dateModified\":\"2023-05-11T20:02:03+00:00\",\"mainEntityOfPage\":{\"@id\":\"https:\\\/\\\/tuguia.combarranquilla.co\\\/Revista\\\/curso-de-danza-folclorica-la-danza-del-caribe\\\/\"},\"wordCount\":321,\"commentCount\":0,\"publisher\":{\"@id\":\"https:\\\/\\\/tuguia.combarranquilla.co\\\/Revista\\\/#organization\"},\"image\":{\"@id\":\"https:\\\/\\\/tuguia.combarranquilla.co\\\/Revista\\\/curso-de-danza-folclorica-la-danza-del-caribe\\\/#primaryimage\"},\"thumbnailUrl\":\"https:\\\/\\\/tuguia.combarranquilla.co\\\/Revista\\\/wp-content\\\/uploads\\\/2023\\\/05\\\/Arte_escuela_danza_creativa-031-e1683835229492.png\",\"articleSection\":[\"VIDA SALUDABLE\"],\"inLanguage\":\"es-CO\",\"potentialAction\":[{\"@type\":\"CommentAction\",\"name\":\"Comment\",\"target\":[\"https:\\\/\\\/tuguia.combarranquilla.co\\\/Revista\\\/curso-de-danza-folclorica-la-danza-del-caribe\\\/#respond\"]}]},{\"@type\":\"WebPage\",\"@id\":\"https:\\\/\\\/tuguia.combarranquilla.co\\\/Revista\\\/curso-de-danza-folclorica-la-danza-del-caribe\\\/\",\"url\":\"https:\\\/\\\/tuguia.combarranquilla.co\\\/Revista\\\/curso-de-danza-folclorica-la-danza-del-caribe\\\/\",\"name\":\"Curso de danza folcl\u00f3rica \\\"La danza del Caribe\\\" - Tu Gu\u00eda\",\"isPartOf\":{\"@id\":\"https:\\\/\\\/tuguia.combarranquilla.co\\\/Revista\\\/#website\"},\"primaryImageOfPage\":{\"@id\":\"https:\\\/\\\/tuguia.combarranquilla.co\\\/Revista\\\/curso-de-danza-folclorica-la-danza-del-caribe\\\/#primaryimage\"},\"image\":{\"@id\":\"https:\\\/\\\/tuguia.combarranquilla.co\\\/Revista\\\/curso-de-danza-folclorica-la-danza-del-caribe\\\/#primaryimage\"},\"thumbnailUrl\":\"https:\\\/\\\/tuguia.combarranquilla.co\\\/Revista\\\/wp-content\\\/uploads\\\/2023\\\/05\\\/Arte_escuela_danza_creativa-031-e1683835229492.png\",\"datePublished\":\"2023-05-11T19:55:41+00:00\",\"dateModified\":\"2023-05-11T20:02:03+00:00\",\"breadcrumb\":{\"@id\":\"https:\\\/\\\/tuguia.combarranquilla.co\\\/Revista\\\/curso-de-danza-folclorica-la-danza-del-caribe\\\/#breadcrumb\"},\"inLanguage\":\"es-CO\",\"potentialAction\":[{\"@type\":\"ReadAction\",\"target\":[\"https:\\\/\\\/tuguia.combarranquilla.co\\\/Revista\\\/curso-de-danza-folclorica-la-danza-del-caribe\\\/\"]}]},{\"@type\":\"ImageObject\",\"inLanguage\":\"es-CO\",\"@id\":\"https:\\\/\\\/tuguia.combarranquilla.co\\\/Revista\\\/curso-de-danza-folclorica-la-danza-del-caribe\\\/#primaryimage\",\"url\":\"https:\\\/\\\/tuguia.combarranquilla.co\\\/Revista\\\/wp-content\\\/uploads\\\/2023\\\/05\\\/Arte_escuela_danza_creativa-031-e1683835229492.png\",\"contentUrl\":\"https:\\\/\\\/tuguia.combarranquilla.co\\\/Revista\\\/wp-content\\\/uploads\\\/2023\\\/05\\\/Arte_escuela_danza_creativa-031-e1683835229492.png\",\"width\":2250,\"height\":1485},{\"@type\":\"BreadcrumbList\",\"@id\":\"https:\\\/\\\/tuguia.combarranquilla.co\\\/Revista\\\/curso-de-danza-folclorica-la-danza-del-caribe\\\/#breadcrumb\",\"itemListElement\":[{\"@type\":\"ListItem\",\"position\":1,\"name\":\"Inicio\",\"item\":\"https:\\\/\\\/tuguia.combarranquilla.co\\\/Revista\\\/\"},{\"@type\":\"ListItem\",\"position\":2,\"name\":\"Curso de danza folcl\u00f3rica &#8220;La danza del Caribe&#8221;\"}]},{\"@type\":\"WebSite\",\"@id\":\"https:\\\/\\\/tuguia.combarranquilla.co\\\/Revista\\\/#website\",\"url\":\"https:\\\/\\\/tuguia.combarranquilla.co\\\/Revista\\\/\",\"name\":\"Tu Gu\u00eda\",\"description\":\"La revista donde lo tienes todo.\",\"publisher\":{\"@id\":\"https:\\\/\\\/tuguia.combarranquilla.co\\\/Revista\\\/#organization\"},\"alternateName\":\"Tu Gu\u00eda Combarranquilla\",\"potentialAction\":[{\"@type\":\"SearchAction\",\"target\":{\"@type\":\"EntryPoint\",\"urlTemplate\":\"https:\\\/\\\/tuguia.combarranquilla.co\\\/Revista\\\/?s={search_term_string}\"},\"query-input\":{\"@type\":\"PropertyValueSpecification\",\"valueRequired\":true,\"valueName\":\"search_term_string\"}}],\"inLanguage\":\"es-CO\"},{\"@type\":\"Organization\",\"@id\":\"https:\\\/\\\/tuguia.combarranquilla.co\\\/Revista\\\/#organization\",\"name\":\"Tu Gu\u00eda Combarranquilla\",\"url\":\"https:\\\/\\\/tuguia.combarranquilla.co\\\/Revista\\\/\",\"logo\":{\"@type\":\"ImageObject\",\"inLanguage\":\"es-CO\",\"@id\":\"https:\\\/\\\/tuguia.combarranquilla.co\\\/Revista\\\/#\\\/schema\\\/logo\\\/image\\\/\",\"url\":\"https:\\\/\\\/tuguia.combarranquilla.co\\\/Revista\\\/wp-content\\\/uploads\\\/2022\\\/02\\\/logo-guia-combarranquilla.svg\",\"contentUrl\":\"https:\\\/\\\/tuguia.combarranquilla.co\\\/Revista\\\/wp-content\\\/uploads\\\/2022\\\/02\\\/logo-guia-combarranquilla.svg\",\"caption\":\"Tu Gu\u00eda Combarranquilla\"},\"image\":{\"@id\":\"https:\\\/\\\/tuguia.combarranquilla.co\\\/Revista\\\/#\\\/schema\\\/logo\\\/image\\\/\"}},{\"@type\":\"Person\",\"@id\":\"https:\\\/\\\/tuguia.combarranquilla.co\\\/Revista\\\/#\\\/schema\\\/person\\\/c2c396a77170bd1d5f8ba73294eb0d10\",\"name\":\"Comunicaciones Combarranquilla\",\"image\":{\"@type\":\"ImageObject\",\"inLanguage\":\"es-CO\",\"@id\":\"https:\\\/\\\/tuguia.combarranquilla.co\\\/Revista\\\/wp-content\\\/uploads\\\/2025\\\/05\\\/ABC-Al-Rojo-Logo-96x96.jpg\",\"url\":\"https:\\\/\\\/tuguia.combarranquilla.co\\\/Revista\\\/wp-content\\\/uploads\\\/2025\\\/05\\\/ABC-Al-Rojo-Logo-96x96.jpg\",\"contentUrl\":\"https:\\\/\\\/tuguia.combarranquilla.co\\\/Revista\\\/wp-content\\\/uploads\\\/2025\\\/05\\\/ABC-Al-Rojo-Logo-96x96.jpg\",\"caption\":\"Comunicaciones Combarranquilla\"},\"sameAs\":[\"https:\\\/\\\/www.combarranquilla.co\"],\"url\":\"https:\\\/\\\/tuguia.combarranquilla.co\\\/Revista\\\/author\\\/comunicaciones\\\/\"}]}<\/script>\n<!-- \/ Yoast SEO plugin. -->","yoast_head_json":{"title":"Curso de danza folcl\u00f3rica \"La danza del Caribe\" - Tu Gu\u00eda","robots":{"index":"index","follow":"follow","max-snippet":"max-snippet:-1","max-image-preview":"max-image-preview:large","max-video-preview":"max-video-preview:-1"},"canonical":"https:\/\/tuguia.combarranquilla.co\/Revista\/curso-de-danza-folclorica-la-danza-del-caribe\/","og_locale":"es_ES","og_type":"article","og_title":"Curso de danza folcl\u00f3rica \"La danza del Caribe\" - Tu Gu\u00eda","og_description":"Con el \u00e1nimo de incentivar a los ni\u00f1os y j\u00f3venes a fomentar el sentido de pertenencia por nuestro folclor y as\u00ed retomen sus ra\u00edces y se sientan orgullosos de su cultura, Combarranquilla lidera el Curso de danza Folcl\u00f3rica &#8220;La danza del Caribe&#8221; donde se desarrollar\u00e1n procesos de aprendizajes de los diferentes ritmos representativos de la [&hellip;]","og_url":"https:\/\/tuguia.combarranquilla.co\/Revista\/curso-de-danza-folclorica-la-danza-del-caribe\/","og_site_name":"Tu Gu\u00eda","article_published_time":"2023-05-11T19:55:41+00:00","article_modified_time":"2023-05-11T20:02:03+00:00","og_image":[{"width":2250,"height":1485,"url":"https:\/\/tuguia.combarranquilla.co\/Revista\/wp-content\/uploads\/2023\/05\/Arte_escuela_danza_creativa-031-e1683835229492.png","type":"image\/png"}],"author":"Comunicaciones Combarranquilla","twitter_card":"summary_large_image","twitter_misc":{"Escrito por":"Comunicaciones Combarranquilla","Tiempo de lectura":"2 minutos"},"schema":{"@context":"https:\/\/schema.org","@graph":[{"@type":"Article","@id":"https:\/\/tuguia.combarranquilla.co\/Revista\/curso-de-danza-folclorica-la-danza-del-caribe\/#article","isPartOf":{"@id":"https:\/\/tuguia.combarranquilla.co\/Revista\/curso-de-danza-folclorica-la-danza-del-caribe\/"},"author":{"name":"Comunicaciones Combarranquilla","@id":"https:\/\/tuguia.combarranquilla.co\/Revista\/#\/schema\/person\/c2c396a77170bd1d5f8ba73294eb0d10"},"headline":"Curso de danza folcl\u00f3rica &#8220;La danza del Caribe&#8221;","datePublished":"2023-05-11T19:55:41+00:00","dateModified":"2023-05-11T20:02:03+00:00","mainEntityOfPage":{"@id":"https:\/\/tuguia.combarranquilla.co\/Revista\/curso-de-danza-folclorica-la-danza-del-caribe\/"},"wordCount":321,"commentCount":0,"publisher":{"@id":"https:\/\/tuguia.combarranquilla.co\/Revista\/#organization"},"image":{"@id":"https:\/\/tuguia.combarranquilla.co\/Revista\/curso-de-danza-folclorica-la-danza-del-caribe\/#primaryimage"},"thumbnailUrl":"https:\/\/tuguia.combarranquilla.co\/Revista\/wp-content\/uploads\/2023\/05\/Arte_escuela_danza_creativa-031-e1683835229492.png","articleSection":["VIDA SALUDABLE"],"inLanguage":"es-CO","potentialAction":[{"@type":"CommentAction","name":"Comment","target":["https:\/\/tuguia.combarranquilla.co\/Revista\/curso-de-danza-folclorica-la-danza-del-caribe\/#respond"]}]},{"@type":"WebPage","@id":"https:\/\/tuguia.combarranquilla.co\/Revista\/curso-de-danza-folclorica-la-danza-del-caribe\/","url":"https:\/\/tuguia.combarranquilla.co\/Revista\/curso-de-danza-folclorica-la-danza-del-caribe\/","name":"Curso de danza folcl\u00f3rica \"La danza del Caribe\" - Tu Gu\u00eda","isPartOf":{"@id":"https:\/\/tuguia.combarranquilla.co\/Revista\/#website"},"primaryImageOfPage":{"@id":"https:\/\/tuguia.combarranquilla.co\/Revista\/curso-de-danza-folclorica-la-danza-del-caribe\/#primaryimage"},"image":{"@id":"https:\/\/tuguia.combarranquilla.co\/Revista\/curso-de-danza-folclorica-la-danza-del-caribe\/#primaryimage"},"thumbnailUrl":"https:\/\/tuguia.combarranquilla.co\/Revista\/wp-content\/uploads\/2023\/05\/Arte_escuela_danza_creativa-031-e1683835229492.png","datePublished":"2023-05-11T19:55:41+00:00","dateModified":"2023-05-11T20:02:03+00:00","breadcrumb":{"@id":"https:\/\/tuguia.combarranquilla.co\/Revista\/curso-de-danza-folclorica-la-danza-del-caribe\/#breadcrumb"},"inLanguage":"es-CO","potentialAction":[{"@type":"ReadAction","target":["https:\/\/tuguia.combarranquilla.co\/Revista\/curso-de-danza-folclorica-la-danza-del-caribe\/"]}]},{"@type":"ImageObject","inLanguage":"es-CO","@id":"https:\/\/tuguia.combarranquilla.co\/Revista\/curso-de-danza-folclorica-la-danza-del-caribe\/#primaryimage","url":"https:\/\/tuguia.combarranquilla.co\/Revista\/wp-content\/uploads\/2023\/05\/Arte_escuela_danza_creativa-031-e1683835229492.png","contentUrl":"https:\/\/tuguia.combarranquilla.co\/Revista\/wp-content\/uploads\/2023\/05\/Arte_escuela_danza_creativa-031-e1683835229492.png","width":2250,"height":1485},{"@type":"BreadcrumbList","@id":"https:\/\/tuguia.combarranquilla.co\/Revista\/curso-de-danza-folclorica-la-danza-del-caribe\/#breadcrumb","itemListElement":[{"@type":"ListItem","position":1,"name":"Inicio","item":"https:\/\/tuguia.combarranquilla.co\/Revista\/"},{"@type":"ListItem","position":2,"name":"Curso de danza folcl\u00f3rica &#8220;La danza del Caribe&#8221;"}]},{"@type":"WebSite","@id":"https:\/\/tuguia.combarranquilla.co\/Revista\/#website","url":"https:\/\/tuguia.combarranquilla.co\/Revista\/","name":"Tu Gu\u00eda","description":"La revista donde lo tienes todo.","publisher":{"@id":"https:\/\/tuguia.combarranquilla.co\/Revista\/#organization"},"alternateName":"Tu Gu\u00eda Combarranquilla","potentialAction":[{"@type":"SearchAction","target":{"@type":"EntryPoint","urlTemplate":"https:\/\/tuguia.combarranquilla.co\/Revista\/?s={search_term_string}"},"query-input":{"@type":"PropertyValueSpecification","valueRequired":true,"valueName":"search_term_string"}}],"inLanguage":"es-CO"},{"@type":"Organization","@id":"https:\/\/tuguia.combarranquilla.co\/Revista\/#organization","name":"Tu Gu\u00eda Combarranquilla","url":"https:\/\/tuguia.combarranquilla.co\/Revista\/","logo":{"@type":"ImageObject","inLanguage":"es-CO","@id":"https:\/\/tuguia.combarranquilla.co\/Revista\/#\/schema\/logo\/image\/","url":"https:\/\/tuguia.combarranquilla.co\/Revista\/wp-content\/uploads\/2022\/02\/logo-guia-combarranquilla.svg","contentUrl":"https:\/\/tuguia.combarranquilla.co\/Revista\/wp-content\/uploads\/2022\/02\/logo-guia-combarranquilla.svg","caption":"Tu Gu\u00eda Combarranquilla"},"image":{"@id":"https:\/\/tuguia.combarranquilla.co\/Revista\/#\/schema\/logo\/image\/"}},{"@type":"Person","@id":"https:\/\/tuguia.combarranquilla.co\/Revista\/#\/schema\/person\/c2c396a77170bd1d5f8ba73294eb0d10","name":"Comunicaciones Combarranquilla","image":{"@type":"ImageObject","inLanguage":"es-CO","@id":"https:\/\/tuguia.combarranquilla.co\/Revista\/wp-content\/uploads\/2025\/05\/ABC-Al-Rojo-Logo-96x96.jpg","url":"https:\/\/tuguia.combarranquilla.co\/Revista\/wp-content\/uploads\/2025\/05\/ABC-Al-Rojo-Logo-96x96.jpg","contentUrl":"https:\/\/tuguia.combarranquilla.co\/Revista\/wp-content\/uploads\/2025\/05\/ABC-Al-Rojo-Logo-96x96.jpg","caption":"Comunicaciones Combarranquilla"},"sameAs":["https:\/\/www.combarranquilla.co"],"url":"https:\/\/tuguia.combarranquilla.co\/Revista\/author\/comunicaciones\/"}]}},"_links":{"self":[{"href":"https:\/\/tuguia.combarranquilla.co\/Revista\/wp-json\/wp\/v2\/posts\/1969","targetHints":{"allow":["GET"]}}],"collection":[{"href":"https:\/\/tuguia.combarranquilla.co\/Revista\/wp-json\/wp\/v2\/posts"}],"about":[{"href":"https:\/\/tuguia.combarranquilla.co\/Revista\/wp-json\/wp\/v2\/types\/post"}],"author":[{"embeddable":true,"href":"https:\/\/tuguia.combarranquilla.co\/Revista\/wp-json\/wp\/v2\/users\/2"}],"replies":[{"embeddable":true,"href":"https:\/\/tuguia.combarranquilla.co\/Revista\/wp-json\/wp\/v2\/comments?post=1969"}],"version-history":[{"count":4,"href":"https:\/\/tuguia.combarranquilla.co\/Revista\/wp-json\/wp\/v2\/posts\/1969\/revisions"}],"predecessor-version":[{"id":1982,"href":"https:\/\/tuguia.combarranquilla.co\/Revista\/wp-json\/wp\/v2\/posts\/1969\/revisions\/1982"}],"wp:featuredmedia":[{"embeddable":true,"href":"https:\/\/tuguia.combarranquilla.co\/Revista\/wp-json\/wp\/v2\/media\/1970"}],"wp:attachment":[{"href":"https:\/\/tuguia.combarranquilla.co\/Revista\/wp-json\/wp\/v2\/media?parent=1969"}],"wp:term":[{"taxonomy":"category","embeddable":true,"href":"https:\/\/tuguia.combarranquilla.co\/Revista\/wp-json\/wp\/v2\/categories?post=1969"},{"taxonomy":"post_tag","embeddable":true,"href":"https:\/\/tuguia.combarranquilla.co\/Revista\/wp-json\/wp\/v2\/tags?post=1969"}],"curies":[{"name":"wp","href":"https:\/\/api.w.org\/{rel}","templated":true}]}}