{"id":1983,"date":"2023-05-11T15:42:14","date_gmt":"2023-05-11T20:42:14","guid":{"rendered":"https:\/\/tuguia.combarranquilla.co\/Revista\/?p=1983"},"modified":"2023-05-11T15:47:22","modified_gmt":"2023-05-11T20:47:22","slug":"combarranquilla-entrego-33-cartas-de-asignacion-al-subsidio-familiar-de-vivienda","status":"publish","type":"post","link":"https:\/\/tuguia.combarranquilla.co\/Revista\/combarranquilla-entrego-33-cartas-de-asignacion-al-subsidio-familiar-de-vivienda\/","title":{"rendered":"Combarranquilla entreg\u00f3 33 cartas de asignaci\u00f3n al subsidio familiar de vivienda"},"content":{"rendered":"\n<p>Combarranquilla informa que en cumplimiento de las pol\u00edticas de bienestar social para sus afiliados, mediante Acta N\u00ba 105 de marzo 31 de 2023 asign\u00f3 33 subsidios de vivienda a los postulantes debidamente inscritos y calificados en el m\u00f3dulo de demanda del sistema de informaci\u00f3n de subsidios. 1.136.800.000 en subsidios de vivienda otorgados que representa el sue\u00f1o de 33 familias de tener casa propia.<\/p>\n\n\n\n<p>Combarranquilla siguiendo con el prop\u00f3sito de generar m\u00e1s beneficios a las familias atlanticenses, a trav\u00e9s del subsidio de vivienda, busca que la poblaci\u00f3n afiliada a la Caja cumpla el sue\u00f1o de tener su casa propia y que contribuyan a mejorar su estilo de vida.<\/p>\n\n\n\n<p>Los felices ganadores realizaron su proceso de postulaci\u00f3n en el mes de enero, quedando seleccionados y asignados en el mes de abril, luego de que se hiciera un proceso que incluye cruce de mallas con el Ministerio del Trabajo y Aportes. As\u00ed mismo se tuvo en cuenta para asignar el subsidio, criterios como: n\u00famero de postulaciones, valor del ahorro, la antig\u00fcedad de la cuenta o de la inmovilizaci\u00f3n, personas en condici\u00f3n de discapacidad dentro del n\u00facleo familiar, entre otros aspectos.<\/p>\n\n\n\n<figure class=\"wp-block-image size-large\"><img decoding=\"async\" width=\"1024\" height=\"473\" data-src=\"https:\/\/tuguia.combarranquilla.co\/Revista\/wp-content\/uploads\/2023\/05\/WhatsApp-Image-2023-05-11-at-15.36.18-1-1024x473.jpeg\" alt=\"\" class=\"wp-image-1997 lazyload\" data-srcset=\"https:\/\/tuguia.combarranquilla.co\/Revista\/wp-content\/uploads\/2023\/05\/WhatsApp-Image-2023-05-11-at-15.36.18-1-1024x473.jpeg 1024w, https:\/\/tuguia.combarranquilla.co\/Revista\/wp-content\/uploads\/2023\/05\/WhatsApp-Image-2023-05-11-at-15.36.18-1-300x139.jpeg 300w, https:\/\/tuguia.combarranquilla.co\/Revista\/wp-content\/uploads\/2023\/05\/WhatsApp-Image-2023-05-11-at-15.36.18-1-768x355.jpeg 768w, https:\/\/tuguia.combarranquilla.co\/Revista\/wp-content\/uploads\/2023\/05\/WhatsApp-Image-2023-05-11-at-15.36.18-1-1536x709.jpeg 1536w, https:\/\/tuguia.combarranquilla.co\/Revista\/wp-content\/uploads\/2023\/05\/WhatsApp-Image-2023-05-11-at-15.36.18-1.jpeg 1600w\" data-sizes=\"(max-width: 1024px) 100vw, 1024px\" src=\"data:image\/svg+xml;base64,PHN2ZyB3aWR0aD0iMSIgaGVpZ2h0PSIxIiB4bWxucz0iaHR0cDovL3d3dy53My5vcmcvMjAwMC9zdmciPjwvc3ZnPg==\" style=\"--smush-placeholder-width: 1024px; --smush-placeholder-aspect-ratio: 1024\/473;\" \/><\/figure>\n\n\n\n<p>Las cartas cheques de asignaci\u00f3n al subsidio familiar de vivienda, representan la autorizaci\u00f3n para que las personas puedan empezar a seleccionar la constructora con la cual van a adquirir su inmueble y de esta manera puedan aplicar este subsidio en ese servicio.<br><\/p>\n\n\n\n<p>Combarranquilla a trav\u00e9s del subsidio de vivienda, busca priorizar las necesidades y sue\u00f1os de las familias en el departamento del Atl\u00e1ntico.<\/p>\n\n\n\n<p>Ingresa A <a href=\"https:\/\/www.combarranquilla.co\/wp-content\/themes\/combarranquilla\/pdf\/subsidio\/sv-ganadores.pdf \">https:\/\/www.combarranquilla.co\/wp-content\/themes\/combarranquilla\/pdf\/subsidio\/sv-ganadores.pdf <\/a>y conoce el listado de los felices ganadores.<\/p>\n\n\n\n<blockquote class=\"wp-block-quote is-layout-flow wp-block-quote-is-layout-flow\">\n<p><\/p>\n<\/blockquote>\n","protected":false},"excerpt":{"rendered":"<p>Combarranquilla informa que en cumplimiento de las pol\u00edticas de bienestar social para sus afiliados, mediante Acta N\u00ba 105 de marzo 31 de 2023 asign\u00f3 33 subsidios de vivienda a los postulantes debidamente inscritos y calificados en el m\u00f3dulo de demanda del sistema de informaci\u00f3n de subsidios. 1.136.800.000 en subsidios de vivienda otorgados que representa el [&hellip;]<\/p>\n","protected":false},"author":2,"featured_media":1998,"comment_status":"open","ping_status":"open","sticky":false,"template":"","format":"standard","meta":{"inline_featured_image":false,"footnotes":""},"categories":[2],"tags":[],"class_list":["post-1983","post","type-post","status-publish","format-standard","has-post-thumbnail","hentry","category-subsidios"],"yoast_head":"<!-- This site is optimized with the Yoast SEO plugin v27.4 - https:\/\/yoast.com\/product\/yoast-seo-wordpress\/ -->\n<title>Combarranquilla entreg\u00f3 33 cartas de asignaci\u00f3n al subsidio familiar de vivienda - Tu Gu\u00eda<\/title>\n<meta name=\"robots\" content=\"index, follow, max-snippet:-1, max-image-preview:large, max-video-preview:-1\" \/>\n<link rel=\"canonical\" href=\"https:\/\/tuguia.combarranquilla.co\/Revista\/combarranquilla-entrego-33-cartas-de-asignacion-al-subsidio-familiar-de-vivienda\/\" \/>\n<meta property=\"og:locale\" content=\"es_ES\" \/>\n<meta property=\"og:type\" content=\"article\" \/>\n<meta property=\"og:title\" content=\"Combarranquilla entreg\u00f3 33 cartas de asignaci\u00f3n al subsidio familiar de vivienda - Tu Gu\u00eda\" \/>\n<meta property=\"og:description\" content=\"Combarranquilla informa que en cumplimiento de las pol\u00edticas de bienestar social para sus afiliados, mediante Acta N\u00ba 105 de marzo 31 de 2023 asign\u00f3 33 subsidios de vivienda a los postulantes debidamente inscritos y calificados en el m\u00f3dulo de demanda del sistema de informaci\u00f3n de subsidios. 1.136.800.000 en subsidios de vivienda otorgados que representa el [&hellip;]\" \/>\n<meta property=\"og:url\" content=\"https:\/\/tuguia.combarranquilla.co\/Revista\/combarranquilla-entrego-33-cartas-de-asignacion-al-subsidio-familiar-de-vivienda\/\" \/>\n<meta property=\"og:site_name\" content=\"Tu Gu\u00eda\" \/>\n<meta property=\"article:published_time\" content=\"2023-05-11T20:42:14+00:00\" \/>\n<meta property=\"article:modified_time\" content=\"2023-05-11T20:47:22+00:00\" \/>\n<meta property=\"og:image\" content=\"https:\/\/tuguia.combarranquilla.co\/Revista\/wp-content\/uploads\/2023\/05\/SLIDER-GANADORES-SUBSIDIO-DE-VIVIENDA2.jpg\" \/>\n\t<meta property=\"og:image:width\" content=\"1920\" \/>\n\t<meta property=\"og:image:height\" content=\"800\" \/>\n\t<meta property=\"og:image:type\" content=\"image\/jpeg\" \/>\n<meta name=\"author\" content=\"Comunicaciones Combarranquilla\" \/>\n<meta name=\"twitter:card\" content=\"summary_large_image\" \/>\n<meta name=\"twitter:label1\" content=\"Escrito por\" \/>\n\t<meta name=\"twitter:data1\" content=\"Comunicaciones Combarranquilla\" \/>\n\t<meta name=\"twitter:label2\" content=\"Tiempo de lectura\" \/>\n\t<meta name=\"twitter:data2\" content=\"1 minuto\" \/>\n<script type=\"application\/ld+json\" class=\"yoast-schema-graph\">{\"@context\":\"https:\\\/\\\/schema.org\",\"@graph\":[{\"@type\":\"Article\",\"@id\":\"https:\\\/\\\/tuguia.combarranquilla.co\\\/Revista\\\/combarranquilla-entrego-33-cartas-de-asignacion-al-subsidio-familiar-de-vivienda\\\/#article\",\"isPartOf\":{\"@id\":\"https:\\\/\\\/tuguia.combarranquilla.co\\\/Revista\\\/combarranquilla-entrego-33-cartas-de-asignacion-al-subsidio-familiar-de-vivienda\\\/\"},\"author\":{\"name\":\"Comunicaciones Combarranquilla\",\"@id\":\"https:\\\/\\\/tuguia.combarranquilla.co\\\/Revista\\\/#\\\/schema\\\/person\\\/c2c396a77170bd1d5f8ba73294eb0d10\"},\"headline\":\"Combarranquilla entreg\u00f3 33 cartas de asignaci\u00f3n al subsidio familiar de vivienda\",\"datePublished\":\"2023-05-11T20:42:14+00:00\",\"dateModified\":\"2023-05-11T20:47:22+00:00\",\"mainEntityOfPage\":{\"@id\":\"https:\\\/\\\/tuguia.combarranquilla.co\\\/Revista\\\/combarranquilla-entrego-33-cartas-de-asignacion-al-subsidio-familiar-de-vivienda\\\/\"},\"wordCount\":296,\"commentCount\":0,\"publisher\":{\"@id\":\"https:\\\/\\\/tuguia.combarranquilla.co\\\/Revista\\\/#organization\"},\"image\":{\"@id\":\"https:\\\/\\\/tuguia.combarranquilla.co\\\/Revista\\\/combarranquilla-entrego-33-cartas-de-asignacion-al-subsidio-familiar-de-vivienda\\\/#primaryimage\"},\"thumbnailUrl\":\"https:\\\/\\\/tuguia.combarranquilla.co\\\/Revista\\\/wp-content\\\/uploads\\\/2023\\\/05\\\/SLIDER-GANADORES-SUBSIDIO-DE-VIVIENDA2.jpg\",\"articleSection\":[\"SUBSIDIOS\"],\"inLanguage\":\"es-CO\",\"potentialAction\":[{\"@type\":\"CommentAction\",\"name\":\"Comment\",\"target\":[\"https:\\\/\\\/tuguia.combarranquilla.co\\\/Revista\\\/combarranquilla-entrego-33-cartas-de-asignacion-al-subsidio-familiar-de-vivienda\\\/#respond\"]}]},{\"@type\":\"WebPage\",\"@id\":\"https:\\\/\\\/tuguia.combarranquilla.co\\\/Revista\\\/combarranquilla-entrego-33-cartas-de-asignacion-al-subsidio-familiar-de-vivienda\\\/\",\"url\":\"https:\\\/\\\/tuguia.combarranquilla.co\\\/Revista\\\/combarranquilla-entrego-33-cartas-de-asignacion-al-subsidio-familiar-de-vivienda\\\/\",\"name\":\"Combarranquilla entreg\u00f3 33 cartas de asignaci\u00f3n al subsidio familiar de vivienda - Tu Gu\u00eda\",\"isPartOf\":{\"@id\":\"https:\\\/\\\/tuguia.combarranquilla.co\\\/Revista\\\/#website\"},\"primaryImageOfPage\":{\"@id\":\"https:\\\/\\\/tuguia.combarranquilla.co\\\/Revista\\\/combarranquilla-entrego-33-cartas-de-asignacion-al-subsidio-familiar-de-vivienda\\\/#primaryimage\"},\"image\":{\"@id\":\"https:\\\/\\\/tuguia.combarranquilla.co\\\/Revista\\\/combarranquilla-entrego-33-cartas-de-asignacion-al-subsidio-familiar-de-vivienda\\\/#primaryimage\"},\"thumbnailUrl\":\"https:\\\/\\\/tuguia.combarranquilla.co\\\/Revista\\\/wp-content\\\/uploads\\\/2023\\\/05\\\/SLIDER-GANADORES-SUBSIDIO-DE-VIVIENDA2.jpg\",\"datePublished\":\"2023-05-11T20:42:14+00:00\",\"dateModified\":\"2023-05-11T20:47:22+00:00\",\"breadcrumb\":{\"@id\":\"https:\\\/\\\/tuguia.combarranquilla.co\\\/Revista\\\/combarranquilla-entrego-33-cartas-de-asignacion-al-subsidio-familiar-de-vivienda\\\/#breadcrumb\"},\"inLanguage\":\"es-CO\",\"potentialAction\":[{\"@type\":\"ReadAction\",\"target\":[\"https:\\\/\\\/tuguia.combarranquilla.co\\\/Revista\\\/combarranquilla-entrego-33-cartas-de-asignacion-al-subsidio-familiar-de-vivienda\\\/\"]}]},{\"@type\":\"ImageObject\",\"inLanguage\":\"es-CO\",\"@id\":\"https:\\\/\\\/tuguia.combarranquilla.co\\\/Revista\\\/combarranquilla-entrego-33-cartas-de-asignacion-al-subsidio-familiar-de-vivienda\\\/#primaryimage\",\"url\":\"https:\\\/\\\/tuguia.combarranquilla.co\\\/Revista\\\/wp-content\\\/uploads\\\/2023\\\/05\\\/SLIDER-GANADORES-SUBSIDIO-DE-VIVIENDA2.jpg\",\"contentUrl\":\"https:\\\/\\\/tuguia.combarranquilla.co\\\/Revista\\\/wp-content\\\/uploads\\\/2023\\\/05\\\/SLIDER-GANADORES-SUBSIDIO-DE-VIVIENDA2.jpg\",\"width\":1920,\"height\":800},{\"@type\":\"BreadcrumbList\",\"@id\":\"https:\\\/\\\/tuguia.combarranquilla.co\\\/Revista\\\/combarranquilla-entrego-33-cartas-de-asignacion-al-subsidio-familiar-de-vivienda\\\/#breadcrumb\",\"itemListElement\":[{\"@type\":\"ListItem\",\"position\":1,\"name\":\"Inicio\",\"item\":\"https:\\\/\\\/tuguia.combarranquilla.co\\\/Revista\\\/\"},{\"@type\":\"ListItem\",\"position\":2,\"name\":\"Combarranquilla entreg\u00f3 33 cartas de asignaci\u00f3n al subsidio familiar de vivienda\"}]},{\"@type\":\"WebSite\",\"@id\":\"https:\\\/\\\/tuguia.combarranquilla.co\\\/Revista\\\/#website\",\"url\":\"https:\\\/\\\/tuguia.combarranquilla.co\\\/Revista\\\/\",\"name\":\"Tu Gu\u00eda\",\"description\":\"La revista donde lo tienes todo.\",\"publisher\":{\"@id\":\"https:\\\/\\\/tuguia.combarranquilla.co\\\/Revista\\\/#organization\"},\"alternateName\":\"Tu Gu\u00eda Combarranquilla\",\"potentialAction\":[{\"@type\":\"SearchAction\",\"target\":{\"@type\":\"EntryPoint\",\"urlTemplate\":\"https:\\\/\\\/tuguia.combarranquilla.co\\\/Revista\\\/?s={search_term_string}\"},\"query-input\":{\"@type\":\"PropertyValueSpecification\",\"valueRequired\":true,\"valueName\":\"search_term_string\"}}],\"inLanguage\":\"es-CO\"},{\"@type\":\"Organization\",\"@id\":\"https:\\\/\\\/tuguia.combarranquilla.co\\\/Revista\\\/#organization\",\"name\":\"Tu Gu\u00eda Combarranquilla\",\"url\":\"https:\\\/\\\/tuguia.combarranquilla.co\\\/Revista\\\/\",\"logo\":{\"@type\":\"ImageObject\",\"inLanguage\":\"es-CO\",\"@id\":\"https:\\\/\\\/tuguia.combarranquilla.co\\\/Revista\\\/#\\\/schema\\\/logo\\\/image\\\/\",\"url\":\"https:\\\/\\\/tuguia.combarranquilla.co\\\/Revista\\\/wp-content\\\/uploads\\\/2022\\\/02\\\/logo-guia-combarranquilla.svg\",\"contentUrl\":\"https:\\\/\\\/tuguia.combarranquilla.co\\\/Revista\\\/wp-content\\\/uploads\\\/2022\\\/02\\\/logo-guia-combarranquilla.svg\",\"caption\":\"Tu Gu\u00eda Combarranquilla\"},\"image\":{\"@id\":\"https:\\\/\\\/tuguia.combarranquilla.co\\\/Revista\\\/#\\\/schema\\\/logo\\\/image\\\/\"}},{\"@type\":\"Person\",\"@id\":\"https:\\\/\\\/tuguia.combarranquilla.co\\\/Revista\\\/#\\\/schema\\\/person\\\/c2c396a77170bd1d5f8ba73294eb0d10\",\"name\":\"Comunicaciones Combarranquilla\",\"image\":{\"@type\":\"ImageObject\",\"inLanguage\":\"es-CO\",\"@id\":\"https:\\\/\\\/tuguia.combarranquilla.co\\\/Revista\\\/wp-content\\\/uploads\\\/2025\\\/05\\\/ABC-Al-Rojo-Logo-96x96.jpg\",\"url\":\"https:\\\/\\\/tuguia.combarranquilla.co\\\/Revista\\\/wp-content\\\/uploads\\\/2025\\\/05\\\/ABC-Al-Rojo-Logo-96x96.jpg\",\"contentUrl\":\"https:\\\/\\\/tuguia.combarranquilla.co\\\/Revista\\\/wp-content\\\/uploads\\\/2025\\\/05\\\/ABC-Al-Rojo-Logo-96x96.jpg\",\"caption\":\"Comunicaciones Combarranquilla\"},\"sameAs\":[\"https:\\\/\\\/www.combarranquilla.co\"],\"url\":\"https:\\\/\\\/tuguia.combarranquilla.co\\\/Revista\\\/author\\\/comunicaciones\\\/\"}]}<\/script>\n<!-- \/ Yoast SEO plugin. -->","yoast_head_json":{"title":"Combarranquilla entreg\u00f3 33 cartas de asignaci\u00f3n al subsidio familiar de vivienda - Tu Gu\u00eda","robots":{"index":"index","follow":"follow","max-snippet":"max-snippet:-1","max-image-preview":"max-image-preview:large","max-video-preview":"max-video-preview:-1"},"canonical":"https:\/\/tuguia.combarranquilla.co\/Revista\/combarranquilla-entrego-33-cartas-de-asignacion-al-subsidio-familiar-de-vivienda\/","og_locale":"es_ES","og_type":"article","og_title":"Combarranquilla entreg\u00f3 33 cartas de asignaci\u00f3n al subsidio familiar de vivienda - Tu Gu\u00eda","og_description":"Combarranquilla informa que en cumplimiento de las pol\u00edticas de bienestar social para sus afiliados, mediante Acta N\u00ba 105 de marzo 31 de 2023 asign\u00f3 33 subsidios de vivienda a los postulantes debidamente inscritos y calificados en el m\u00f3dulo de demanda del sistema de informaci\u00f3n de subsidios. 1.136.800.000 en subsidios de vivienda otorgados que representa el [&hellip;]","og_url":"https:\/\/tuguia.combarranquilla.co\/Revista\/combarranquilla-entrego-33-cartas-de-asignacion-al-subsidio-familiar-de-vivienda\/","og_site_name":"Tu Gu\u00eda","article_published_time":"2023-05-11T20:42:14+00:00","article_modified_time":"2023-05-11T20:47:22+00:00","og_image":[{"width":1920,"height":800,"url":"https:\/\/tuguia.combarranquilla.co\/Revista\/wp-content\/uploads\/2023\/05\/SLIDER-GANADORES-SUBSIDIO-DE-VIVIENDA2.jpg","type":"image\/jpeg"}],"author":"Comunicaciones Combarranquilla","twitter_card":"summary_large_image","twitter_misc":{"Escrito por":"Comunicaciones Combarranquilla","Tiempo de lectura":"1 minuto"},"schema":{"@context":"https:\/\/schema.org","@graph":[{"@type":"Article","@id":"https:\/\/tuguia.combarranquilla.co\/Revista\/combarranquilla-entrego-33-cartas-de-asignacion-al-subsidio-familiar-de-vivienda\/#article","isPartOf":{"@id":"https:\/\/tuguia.combarranquilla.co\/Revista\/combarranquilla-entrego-33-cartas-de-asignacion-al-subsidio-familiar-de-vivienda\/"},"author":{"name":"Comunicaciones Combarranquilla","@id":"https:\/\/tuguia.combarranquilla.co\/Revista\/#\/schema\/person\/c2c396a77170bd1d5f8ba73294eb0d10"},"headline":"Combarranquilla entreg\u00f3 33 cartas de asignaci\u00f3n al subsidio familiar de vivienda","datePublished":"2023-05-11T20:42:14+00:00","dateModified":"2023-05-11T20:47:22+00:00","mainEntityOfPage":{"@id":"https:\/\/tuguia.combarranquilla.co\/Revista\/combarranquilla-entrego-33-cartas-de-asignacion-al-subsidio-familiar-de-vivienda\/"},"wordCount":296,"commentCount":0,"publisher":{"@id":"https:\/\/tuguia.combarranquilla.co\/Revista\/#organization"},"image":{"@id":"https:\/\/tuguia.combarranquilla.co\/Revista\/combarranquilla-entrego-33-cartas-de-asignacion-al-subsidio-familiar-de-vivienda\/#primaryimage"},"thumbnailUrl":"https:\/\/tuguia.combarranquilla.co\/Revista\/wp-content\/uploads\/2023\/05\/SLIDER-GANADORES-SUBSIDIO-DE-VIVIENDA2.jpg","articleSection":["SUBSIDIOS"],"inLanguage":"es-CO","potentialAction":[{"@type":"CommentAction","name":"Comment","target":["https:\/\/tuguia.combarranquilla.co\/Revista\/combarranquilla-entrego-33-cartas-de-asignacion-al-subsidio-familiar-de-vivienda\/#respond"]}]},{"@type":"WebPage","@id":"https:\/\/tuguia.combarranquilla.co\/Revista\/combarranquilla-entrego-33-cartas-de-asignacion-al-subsidio-familiar-de-vivienda\/","url":"https:\/\/tuguia.combarranquilla.co\/Revista\/combarranquilla-entrego-33-cartas-de-asignacion-al-subsidio-familiar-de-vivienda\/","name":"Combarranquilla entreg\u00f3 33 cartas de asignaci\u00f3n al subsidio familiar de vivienda - Tu Gu\u00eda","isPartOf":{"@id":"https:\/\/tuguia.combarranquilla.co\/Revista\/#website"},"primaryImageOfPage":{"@id":"https:\/\/tuguia.combarranquilla.co\/Revista\/combarranquilla-entrego-33-cartas-de-asignacion-al-subsidio-familiar-de-vivienda\/#primaryimage"},"image":{"@id":"https:\/\/tuguia.combarranquilla.co\/Revista\/combarranquilla-entrego-33-cartas-de-asignacion-al-subsidio-familiar-de-vivienda\/#primaryimage"},"thumbnailUrl":"https:\/\/tuguia.combarranquilla.co\/Revista\/wp-content\/uploads\/2023\/05\/SLIDER-GANADORES-SUBSIDIO-DE-VIVIENDA2.jpg","datePublished":"2023-05-11T20:42:14+00:00","dateModified":"2023-05-11T20:47:22+00:00","breadcrumb":{"@id":"https:\/\/tuguia.combarranquilla.co\/Revista\/combarranquilla-entrego-33-cartas-de-asignacion-al-subsidio-familiar-de-vivienda\/#breadcrumb"},"inLanguage":"es-CO","potentialAction":[{"@type":"ReadAction","target":["https:\/\/tuguia.combarranquilla.co\/Revista\/combarranquilla-entrego-33-cartas-de-asignacion-al-subsidio-familiar-de-vivienda\/"]}]},{"@type":"ImageObject","inLanguage":"es-CO","@id":"https:\/\/tuguia.combarranquilla.co\/Revista\/combarranquilla-entrego-33-cartas-de-asignacion-al-subsidio-familiar-de-vivienda\/#primaryimage","url":"https:\/\/tuguia.combarranquilla.co\/Revista\/wp-content\/uploads\/2023\/05\/SLIDER-GANADORES-SUBSIDIO-DE-VIVIENDA2.jpg","contentUrl":"https:\/\/tuguia.combarranquilla.co\/Revista\/wp-content\/uploads\/2023\/05\/SLIDER-GANADORES-SUBSIDIO-DE-VIVIENDA2.jpg","width":1920,"height":800},{"@type":"BreadcrumbList","@id":"https:\/\/tuguia.combarranquilla.co\/Revista\/combarranquilla-entrego-33-cartas-de-asignacion-al-subsidio-familiar-de-vivienda\/#breadcrumb","itemListElement":[{"@type":"ListItem","position":1,"name":"Inicio","item":"https:\/\/tuguia.combarranquilla.co\/Revista\/"},{"@type":"ListItem","position":2,"name":"Combarranquilla entreg\u00f3 33 cartas de asignaci\u00f3n al subsidio familiar de vivienda"}]},{"@type":"WebSite","@id":"https:\/\/tuguia.combarranquilla.co\/Revista\/#website","url":"https:\/\/tuguia.combarranquilla.co\/Revista\/","name":"Tu Gu\u00eda","description":"La revista donde lo tienes todo.","publisher":{"@id":"https:\/\/tuguia.combarranquilla.co\/Revista\/#organization"},"alternateName":"Tu Gu\u00eda Combarranquilla","potentialAction":[{"@type":"SearchAction","target":{"@type":"EntryPoint","urlTemplate":"https:\/\/tuguia.combarranquilla.co\/Revista\/?s={search_term_string}"},"query-input":{"@type":"PropertyValueSpecification","valueRequired":true,"valueName":"search_term_string"}}],"inLanguage":"es-CO"},{"@type":"Organization","@id":"https:\/\/tuguia.combarranquilla.co\/Revista\/#organization","name":"Tu Gu\u00eda Combarranquilla","url":"https:\/\/tuguia.combarranquilla.co\/Revista\/","logo":{"@type":"ImageObject","inLanguage":"es-CO","@id":"https:\/\/tuguia.combarranquilla.co\/Revista\/#\/schema\/logo\/image\/","url":"https:\/\/tuguia.combarranquilla.co\/Revista\/wp-content\/uploads\/2022\/02\/logo-guia-combarranquilla.svg","contentUrl":"https:\/\/tuguia.combarranquilla.co\/Revista\/wp-content\/uploads\/2022\/02\/logo-guia-combarranquilla.svg","caption":"Tu Gu\u00eda Combarranquilla"},"image":{"@id":"https:\/\/tuguia.combarranquilla.co\/Revista\/#\/schema\/logo\/image\/"}},{"@type":"Person","@id":"https:\/\/tuguia.combarranquilla.co\/Revista\/#\/schema\/person\/c2c396a77170bd1d5f8ba73294eb0d10","name":"Comunicaciones Combarranquilla","image":{"@type":"ImageObject","inLanguage":"es-CO","@id":"https:\/\/tuguia.combarranquilla.co\/Revista\/wp-content\/uploads\/2025\/05\/ABC-Al-Rojo-Logo-96x96.jpg","url":"https:\/\/tuguia.combarranquilla.co\/Revista\/wp-content\/uploads\/2025\/05\/ABC-Al-Rojo-Logo-96x96.jpg","contentUrl":"https:\/\/tuguia.combarranquilla.co\/Revista\/wp-content\/uploads\/2025\/05\/ABC-Al-Rojo-Logo-96x96.jpg","caption":"Comunicaciones Combarranquilla"},"sameAs":["https:\/\/www.combarranquilla.co"],"url":"https:\/\/tuguia.combarranquilla.co\/Revista\/author\/comunicaciones\/"}]}},"_links":{"self":[{"href":"https:\/\/tuguia.combarranquilla.co\/Revista\/wp-json\/wp\/v2\/posts\/1983","targetHints":{"allow":["GET"]}}],"collection":[{"href":"https:\/\/tuguia.combarranquilla.co\/Revista\/wp-json\/wp\/v2\/posts"}],"about":[{"href":"https:\/\/tuguia.combarranquilla.co\/Revista\/wp-json\/wp\/v2\/types\/post"}],"author":[{"embeddable":true,"href":"https:\/\/tuguia.combarranquilla.co\/Revista\/wp-json\/wp\/v2\/users\/2"}],"replies":[{"embeddable":true,"href":"https:\/\/tuguia.combarranquilla.co\/Revista\/wp-json\/wp\/v2\/comments?post=1983"}],"version-history":[{"count":6,"href":"https:\/\/tuguia.combarranquilla.co\/Revista\/wp-json\/wp\/v2\/posts\/1983\/revisions"}],"predecessor-version":[{"id":2009,"href":"https:\/\/tuguia.combarranquilla.co\/Revista\/wp-json\/wp\/v2\/posts\/1983\/revisions\/2009"}],"wp:featuredmedia":[{"embeddable":true,"href":"https:\/\/tuguia.combarranquilla.co\/Revista\/wp-json\/wp\/v2\/media\/1998"}],"wp:attachment":[{"href":"https:\/\/tuguia.combarranquilla.co\/Revista\/wp-json\/wp\/v2\/media?parent=1983"}],"wp:term":[{"taxonomy":"category","embeddable":true,"href":"https:\/\/tuguia.combarranquilla.co\/Revista\/wp-json\/wp\/v2\/categories?post=1983"},{"taxonomy":"post_tag","embeddable":true,"href":"https:\/\/tuguia.combarranquilla.co\/Revista\/wp-json\/wp\/v2\/tags?post=1983"}],"curies":[{"name":"wp","href":"https:\/\/api.w.org\/{rel}","templated":true}]}}