{"id":2062,"date":"2023-04-07T09:40:00","date_gmt":"2023-04-07T14:40:00","guid":{"rendered":"https:\/\/tuguia.combarranquilla.co\/Revista\/?p=2062"},"modified":"2023-05-16T10:25:52","modified_gmt":"2023-05-16T15:25:52","slug":"conferencia-el-poder-de-las-decisiones-con-alberto-linero","status":"publish","type":"post","link":"https:\/\/tuguia.combarranquilla.co\/Revista\/conferencia-el-poder-de-las-decisiones-con-alberto-linero\/","title":{"rendered":"Conferencia: El poder de las decisiones con Alberto Linero"},"content":{"rendered":"\n<p>El Centro de Formaci\u00f3n Combarranquilla prepara para ti una conferencia enriquecedora para tu vida.<\/p>\n\n\n\n<p>Alberto Linero a trav\u00e9s de esta conferencia nos recuerda que nos hacemos maestros en la toma de decisiones con las peque\u00f1as elecciones diarias  que se van fortaleciendo con la confianza en nosotros mismos.  Adem\u00e1s, cuando no decidimos por alguna u otra raz\u00f3n \u201cla vida decide por nosotros\u201d y es all\u00ed cuando nos frustramos y empezamos a culpar a la suerte y al destino, de las consecuencias de no decidir.<br>Tambi\u00e9n recuerda que, para acertar, en ocasiones hay que equivocarse y cometer errores y que esa es una de las claves de las personas que son buenas tomando decisiones. Aprender de las equivocaciones.<\/p>\n\n\n<div class=\"wp-block-image\">\n<figure class=\"aligncenter size-large is-resized\"><img decoding=\"async\" data-src=\"https:\/\/tuguia.combarranquilla.co\/Revista\/wp-content\/uploads\/2023\/05\/OTRAS-PIEZAS-PADRE-LINERO2-819x1024.jpg\" alt=\"\" class=\"wp-image-2072 lazyload\" width=\"517\" height=\"647\" data-srcset=\"https:\/\/tuguia.combarranquilla.co\/Revista\/wp-content\/uploads\/2023\/05\/OTRAS-PIEZAS-PADRE-LINERO2-819x1024.jpg 819w, https:\/\/tuguia.combarranquilla.co\/Revista\/wp-content\/uploads\/2023\/05\/OTRAS-PIEZAS-PADRE-LINERO2-240x300.jpg 240w, https:\/\/tuguia.combarranquilla.co\/Revista\/wp-content\/uploads\/2023\/05\/OTRAS-PIEZAS-PADRE-LINERO2-768x960.jpg 768w, https:\/\/tuguia.combarranquilla.co\/Revista\/wp-content\/uploads\/2023\/05\/OTRAS-PIEZAS-PADRE-LINERO2-1229x1536.jpg 1229w, https:\/\/tuguia.combarranquilla.co\/Revista\/wp-content\/uploads\/2023\/05\/OTRAS-PIEZAS-PADRE-LINERO2.jpg 1393w\" data-sizes=\"(max-width: 517px) 100vw, 517px\" src=\"data:image\/svg+xml;base64,PHN2ZyB3aWR0aD0iMSIgaGVpZ2h0PSIxIiB4bWxucz0iaHR0cDovL3d3dy53My5vcmcvMjAwMC9zdmciPjwvc3ZnPg==\" style=\"--smush-placeholder-width: 517px; --smush-placeholder-aspect-ratio: 517\/647;\" \/><\/figure><\/div>\n\n\n<p>El evento se realizar\u00e1 el pr\u00f3ximo viernes 21 de abril en el Centro de Convenciones de la Unida Country de Combarranquilla y se espera contar con la asistencia de afiliados y p\u00fablico en general para compartir un espacio agradable y enriquecedor.<\/p>\n","protected":false},"excerpt":{"rendered":"<p>El Centro de Formaci\u00f3n Combarranquilla prepara para ti una conferencia enriquecedora para tu vida. Alberto Linero a trav\u00e9s de esta conferencia nos recuerda que nos hacemos maestros en la toma de decisiones con las peque\u00f1as elecciones diarias que se van fortaleciendo con la confianza en nosotros mismos. Adem\u00e1s, cuando no decidimos por alguna u otra [&hellip;]<\/p>\n","protected":false},"author":2,"featured_media":2075,"comment_status":"open","ping_status":"open","sticky":false,"template":"","format":"standard","meta":{"inline_featured_image":false,"footnotes":""},"categories":[8],"tags":[],"class_list":["post-2062","post","type-post","status-publish","format-standard","has-post-thumbnail","hentry","category-formacion"],"yoast_head":"<!-- This site is optimized with the Yoast SEO plugin v27.4 - https:\/\/yoast.com\/product\/yoast-seo-wordpress\/ -->\n<title>Conferencia: El poder de las decisiones con Alberto Linero - Tu Gu\u00eda<\/title>\n<meta name=\"robots\" content=\"index, follow, max-snippet:-1, max-image-preview:large, max-video-preview:-1\" \/>\n<link rel=\"canonical\" href=\"https:\/\/tuguia.combarranquilla.co\/Revista\/conferencia-el-poder-de-las-decisiones-con-alberto-linero\/\" \/>\n<meta property=\"og:locale\" content=\"es_ES\" \/>\n<meta property=\"og:type\" content=\"article\" \/>\n<meta property=\"og:title\" content=\"Conferencia: El poder de las decisiones con Alberto Linero - Tu Gu\u00eda\" \/>\n<meta property=\"og:description\" content=\"El Centro de Formaci\u00f3n Combarranquilla prepara para ti una conferencia enriquecedora para tu vida. Alberto Linero a trav\u00e9s de esta conferencia nos recuerda que nos hacemos maestros en la toma de decisiones con las peque\u00f1as elecciones diarias que se van fortaleciendo con la confianza en nosotros mismos. Adem\u00e1s, cuando no decidimos por alguna u otra [&hellip;]\" \/>\n<meta property=\"og:url\" content=\"https:\/\/tuguia.combarranquilla.co\/Revista\/conferencia-el-poder-de-las-decisiones-con-alberto-linero\/\" \/>\n<meta property=\"og:site_name\" content=\"Tu Gu\u00eda\" \/>\n<meta property=\"article:published_time\" content=\"2023-04-07T14:40:00+00:00\" \/>\n<meta property=\"article:modified_time\" content=\"2023-05-16T15:25:52+00:00\" \/>\n<meta property=\"og:image\" content=\"https:\/\/tuguia.combarranquilla.co\/Revista\/wp-content\/uploads\/2023\/04\/CONFERENCIA-PADRE-LINEROS.jpg\" \/>\n\t<meta property=\"og:image:width\" content=\"1080\" \/>\n\t<meta property=\"og:image:height\" content=\"1080\" \/>\n\t<meta property=\"og:image:type\" content=\"image\/jpeg\" \/>\n<meta name=\"author\" content=\"Comunicaciones Combarranquilla\" \/>\n<meta name=\"twitter:card\" content=\"summary_large_image\" \/>\n<meta name=\"twitter:label1\" content=\"Escrito por\" \/>\n\t<meta name=\"twitter:data1\" content=\"Comunicaciones Combarranquilla\" \/>\n\t<meta name=\"twitter:label2\" content=\"Tiempo de lectura\" \/>\n\t<meta name=\"twitter:data2\" content=\"1 minuto\" \/>\n<script type=\"application\/ld+json\" class=\"yoast-schema-graph\">{\"@context\":\"https:\\\/\\\/schema.org\",\"@graph\":[{\"@type\":\"Article\",\"@id\":\"https:\\\/\\\/tuguia.combarranquilla.co\\\/Revista\\\/conferencia-el-poder-de-las-decisiones-con-alberto-linero\\\/#article\",\"isPartOf\":{\"@id\":\"https:\\\/\\\/tuguia.combarranquilla.co\\\/Revista\\\/conferencia-el-poder-de-las-decisiones-con-alberto-linero\\\/\"},\"author\":{\"name\":\"Comunicaciones Combarranquilla\",\"@id\":\"https:\\\/\\\/tuguia.combarranquilla.co\\\/Revista\\\/#\\\/schema\\\/person\\\/c2c396a77170bd1d5f8ba73294eb0d10\"},\"headline\":\"Conferencia: El poder de las decisiones con Alberto Linero\",\"datePublished\":\"2023-04-07T14:40:00+00:00\",\"dateModified\":\"2023-05-16T15:25:52+00:00\",\"mainEntityOfPage\":{\"@id\":\"https:\\\/\\\/tuguia.combarranquilla.co\\\/Revista\\\/conferencia-el-poder-de-las-decisiones-con-alberto-linero\\\/\"},\"wordCount\":173,\"commentCount\":0,\"publisher\":{\"@id\":\"https:\\\/\\\/tuguia.combarranquilla.co\\\/Revista\\\/#organization\"},\"image\":{\"@id\":\"https:\\\/\\\/tuguia.combarranquilla.co\\\/Revista\\\/conferencia-el-poder-de-las-decisiones-con-alberto-linero\\\/#primaryimage\"},\"thumbnailUrl\":\"https:\\\/\\\/tuguia.combarranquilla.co\\\/Revista\\\/wp-content\\\/uploads\\\/2023\\\/04\\\/CONFERENCIA-PADRE-LINEROS.jpg\",\"articleSection\":[\"FORMACI\u00d3N\"],\"inLanguage\":\"es-CO\",\"potentialAction\":[{\"@type\":\"CommentAction\",\"name\":\"Comment\",\"target\":[\"https:\\\/\\\/tuguia.combarranquilla.co\\\/Revista\\\/conferencia-el-poder-de-las-decisiones-con-alberto-linero\\\/#respond\"]}]},{\"@type\":\"WebPage\",\"@id\":\"https:\\\/\\\/tuguia.combarranquilla.co\\\/Revista\\\/conferencia-el-poder-de-las-decisiones-con-alberto-linero\\\/\",\"url\":\"https:\\\/\\\/tuguia.combarranquilla.co\\\/Revista\\\/conferencia-el-poder-de-las-decisiones-con-alberto-linero\\\/\",\"name\":\"Conferencia: El poder de las decisiones con Alberto Linero - Tu Gu\u00eda\",\"isPartOf\":{\"@id\":\"https:\\\/\\\/tuguia.combarranquilla.co\\\/Revista\\\/#website\"},\"primaryImageOfPage\":{\"@id\":\"https:\\\/\\\/tuguia.combarranquilla.co\\\/Revista\\\/conferencia-el-poder-de-las-decisiones-con-alberto-linero\\\/#primaryimage\"},\"image\":{\"@id\":\"https:\\\/\\\/tuguia.combarranquilla.co\\\/Revista\\\/conferencia-el-poder-de-las-decisiones-con-alberto-linero\\\/#primaryimage\"},\"thumbnailUrl\":\"https:\\\/\\\/tuguia.combarranquilla.co\\\/Revista\\\/wp-content\\\/uploads\\\/2023\\\/04\\\/CONFERENCIA-PADRE-LINEROS.jpg\",\"datePublished\":\"2023-04-07T14:40:00+00:00\",\"dateModified\":\"2023-05-16T15:25:52+00:00\",\"breadcrumb\":{\"@id\":\"https:\\\/\\\/tuguia.combarranquilla.co\\\/Revista\\\/conferencia-el-poder-de-las-decisiones-con-alberto-linero\\\/#breadcrumb\"},\"inLanguage\":\"es-CO\",\"potentialAction\":[{\"@type\":\"ReadAction\",\"target\":[\"https:\\\/\\\/tuguia.combarranquilla.co\\\/Revista\\\/conferencia-el-poder-de-las-decisiones-con-alberto-linero\\\/\"]}]},{\"@type\":\"ImageObject\",\"inLanguage\":\"es-CO\",\"@id\":\"https:\\\/\\\/tuguia.combarranquilla.co\\\/Revista\\\/conferencia-el-poder-de-las-decisiones-con-alberto-linero\\\/#primaryimage\",\"url\":\"https:\\\/\\\/tuguia.combarranquilla.co\\\/Revista\\\/wp-content\\\/uploads\\\/2023\\\/04\\\/CONFERENCIA-PADRE-LINEROS.jpg\",\"contentUrl\":\"https:\\\/\\\/tuguia.combarranquilla.co\\\/Revista\\\/wp-content\\\/uploads\\\/2023\\\/04\\\/CONFERENCIA-PADRE-LINEROS.jpg\",\"width\":1080,\"height\":1080},{\"@type\":\"BreadcrumbList\",\"@id\":\"https:\\\/\\\/tuguia.combarranquilla.co\\\/Revista\\\/conferencia-el-poder-de-las-decisiones-con-alberto-linero\\\/#breadcrumb\",\"itemListElement\":[{\"@type\":\"ListItem\",\"position\":1,\"name\":\"Inicio\",\"item\":\"https:\\\/\\\/tuguia.combarranquilla.co\\\/Revista\\\/\"},{\"@type\":\"ListItem\",\"position\":2,\"name\":\"Conferencia: El poder de las decisiones con Alberto Linero\"}]},{\"@type\":\"WebSite\",\"@id\":\"https:\\\/\\\/tuguia.combarranquilla.co\\\/Revista\\\/#website\",\"url\":\"https:\\\/\\\/tuguia.combarranquilla.co\\\/Revista\\\/\",\"name\":\"Tu Gu\u00eda\",\"description\":\"La revista donde lo tienes todo.\",\"publisher\":{\"@id\":\"https:\\\/\\\/tuguia.combarranquilla.co\\\/Revista\\\/#organization\"},\"alternateName\":\"Tu Gu\u00eda Combarranquilla\",\"potentialAction\":[{\"@type\":\"SearchAction\",\"target\":{\"@type\":\"EntryPoint\",\"urlTemplate\":\"https:\\\/\\\/tuguia.combarranquilla.co\\\/Revista\\\/?s={search_term_string}\"},\"query-input\":{\"@type\":\"PropertyValueSpecification\",\"valueRequired\":true,\"valueName\":\"search_term_string\"}}],\"inLanguage\":\"es-CO\"},{\"@type\":\"Organization\",\"@id\":\"https:\\\/\\\/tuguia.combarranquilla.co\\\/Revista\\\/#organization\",\"name\":\"Tu Gu\u00eda Combarranquilla\",\"url\":\"https:\\\/\\\/tuguia.combarranquilla.co\\\/Revista\\\/\",\"logo\":{\"@type\":\"ImageObject\",\"inLanguage\":\"es-CO\",\"@id\":\"https:\\\/\\\/tuguia.combarranquilla.co\\\/Revista\\\/#\\\/schema\\\/logo\\\/image\\\/\",\"url\":\"https:\\\/\\\/tuguia.combarranquilla.co\\\/Revista\\\/wp-content\\\/uploads\\\/2022\\\/02\\\/logo-guia-combarranquilla.svg\",\"contentUrl\":\"https:\\\/\\\/tuguia.combarranquilla.co\\\/Revista\\\/wp-content\\\/uploads\\\/2022\\\/02\\\/logo-guia-combarranquilla.svg\",\"caption\":\"Tu Gu\u00eda Combarranquilla\"},\"image\":{\"@id\":\"https:\\\/\\\/tuguia.combarranquilla.co\\\/Revista\\\/#\\\/schema\\\/logo\\\/image\\\/\"}},{\"@type\":\"Person\",\"@id\":\"https:\\\/\\\/tuguia.combarranquilla.co\\\/Revista\\\/#\\\/schema\\\/person\\\/c2c396a77170bd1d5f8ba73294eb0d10\",\"name\":\"Comunicaciones Combarranquilla\",\"image\":{\"@type\":\"ImageObject\",\"inLanguage\":\"es-CO\",\"@id\":\"https:\\\/\\\/tuguia.combarranquilla.co\\\/Revista\\\/wp-content\\\/uploads\\\/2025\\\/05\\\/ABC-Al-Rojo-Logo-96x96.jpg\",\"url\":\"https:\\\/\\\/tuguia.combarranquilla.co\\\/Revista\\\/wp-content\\\/uploads\\\/2025\\\/05\\\/ABC-Al-Rojo-Logo-96x96.jpg\",\"contentUrl\":\"https:\\\/\\\/tuguia.combarranquilla.co\\\/Revista\\\/wp-content\\\/uploads\\\/2025\\\/05\\\/ABC-Al-Rojo-Logo-96x96.jpg\",\"caption\":\"Comunicaciones Combarranquilla\"},\"sameAs\":[\"https:\\\/\\\/www.combarranquilla.co\"],\"url\":\"https:\\\/\\\/tuguia.combarranquilla.co\\\/Revista\\\/author\\\/comunicaciones\\\/\"}]}<\/script>\n<!-- \/ Yoast SEO plugin. -->","yoast_head_json":{"title":"Conferencia: El poder de las decisiones con Alberto Linero - Tu Gu\u00eda","robots":{"index":"index","follow":"follow","max-snippet":"max-snippet:-1","max-image-preview":"max-image-preview:large","max-video-preview":"max-video-preview:-1"},"canonical":"https:\/\/tuguia.combarranquilla.co\/Revista\/conferencia-el-poder-de-las-decisiones-con-alberto-linero\/","og_locale":"es_ES","og_type":"article","og_title":"Conferencia: El poder de las decisiones con Alberto Linero - Tu Gu\u00eda","og_description":"El Centro de Formaci\u00f3n Combarranquilla prepara para ti una conferencia enriquecedora para tu vida. Alberto Linero a trav\u00e9s de esta conferencia nos recuerda que nos hacemos maestros en la toma de decisiones con las peque\u00f1as elecciones diarias que se van fortaleciendo con la confianza en nosotros mismos. Adem\u00e1s, cuando no decidimos por alguna u otra [&hellip;]","og_url":"https:\/\/tuguia.combarranquilla.co\/Revista\/conferencia-el-poder-de-las-decisiones-con-alberto-linero\/","og_site_name":"Tu Gu\u00eda","article_published_time":"2023-04-07T14:40:00+00:00","article_modified_time":"2023-05-16T15:25:52+00:00","og_image":[{"width":1080,"height":1080,"url":"https:\/\/tuguia.combarranquilla.co\/Revista\/wp-content\/uploads\/2023\/04\/CONFERENCIA-PADRE-LINEROS.jpg","type":"image\/jpeg"}],"author":"Comunicaciones Combarranquilla","twitter_card":"summary_large_image","twitter_misc":{"Escrito por":"Comunicaciones Combarranquilla","Tiempo de lectura":"1 minuto"},"schema":{"@context":"https:\/\/schema.org","@graph":[{"@type":"Article","@id":"https:\/\/tuguia.combarranquilla.co\/Revista\/conferencia-el-poder-de-las-decisiones-con-alberto-linero\/#article","isPartOf":{"@id":"https:\/\/tuguia.combarranquilla.co\/Revista\/conferencia-el-poder-de-las-decisiones-con-alberto-linero\/"},"author":{"name":"Comunicaciones Combarranquilla","@id":"https:\/\/tuguia.combarranquilla.co\/Revista\/#\/schema\/person\/c2c396a77170bd1d5f8ba73294eb0d10"},"headline":"Conferencia: El poder de las decisiones con Alberto Linero","datePublished":"2023-04-07T14:40:00+00:00","dateModified":"2023-05-16T15:25:52+00:00","mainEntityOfPage":{"@id":"https:\/\/tuguia.combarranquilla.co\/Revista\/conferencia-el-poder-de-las-decisiones-con-alberto-linero\/"},"wordCount":173,"commentCount":0,"publisher":{"@id":"https:\/\/tuguia.combarranquilla.co\/Revista\/#organization"},"image":{"@id":"https:\/\/tuguia.combarranquilla.co\/Revista\/conferencia-el-poder-de-las-decisiones-con-alberto-linero\/#primaryimage"},"thumbnailUrl":"https:\/\/tuguia.combarranquilla.co\/Revista\/wp-content\/uploads\/2023\/04\/CONFERENCIA-PADRE-LINEROS.jpg","articleSection":["FORMACI\u00d3N"],"inLanguage":"es-CO","potentialAction":[{"@type":"CommentAction","name":"Comment","target":["https:\/\/tuguia.combarranquilla.co\/Revista\/conferencia-el-poder-de-las-decisiones-con-alberto-linero\/#respond"]}]},{"@type":"WebPage","@id":"https:\/\/tuguia.combarranquilla.co\/Revista\/conferencia-el-poder-de-las-decisiones-con-alberto-linero\/","url":"https:\/\/tuguia.combarranquilla.co\/Revista\/conferencia-el-poder-de-las-decisiones-con-alberto-linero\/","name":"Conferencia: El poder de las decisiones con Alberto Linero - Tu Gu\u00eda","isPartOf":{"@id":"https:\/\/tuguia.combarranquilla.co\/Revista\/#website"},"primaryImageOfPage":{"@id":"https:\/\/tuguia.combarranquilla.co\/Revista\/conferencia-el-poder-de-las-decisiones-con-alberto-linero\/#primaryimage"},"image":{"@id":"https:\/\/tuguia.combarranquilla.co\/Revista\/conferencia-el-poder-de-las-decisiones-con-alberto-linero\/#primaryimage"},"thumbnailUrl":"https:\/\/tuguia.combarranquilla.co\/Revista\/wp-content\/uploads\/2023\/04\/CONFERENCIA-PADRE-LINEROS.jpg","datePublished":"2023-04-07T14:40:00+00:00","dateModified":"2023-05-16T15:25:52+00:00","breadcrumb":{"@id":"https:\/\/tuguia.combarranquilla.co\/Revista\/conferencia-el-poder-de-las-decisiones-con-alberto-linero\/#breadcrumb"},"inLanguage":"es-CO","potentialAction":[{"@type":"ReadAction","target":["https:\/\/tuguia.combarranquilla.co\/Revista\/conferencia-el-poder-de-las-decisiones-con-alberto-linero\/"]}]},{"@type":"ImageObject","inLanguage":"es-CO","@id":"https:\/\/tuguia.combarranquilla.co\/Revista\/conferencia-el-poder-de-las-decisiones-con-alberto-linero\/#primaryimage","url":"https:\/\/tuguia.combarranquilla.co\/Revista\/wp-content\/uploads\/2023\/04\/CONFERENCIA-PADRE-LINEROS.jpg","contentUrl":"https:\/\/tuguia.combarranquilla.co\/Revista\/wp-content\/uploads\/2023\/04\/CONFERENCIA-PADRE-LINEROS.jpg","width":1080,"height":1080},{"@type":"BreadcrumbList","@id":"https:\/\/tuguia.combarranquilla.co\/Revista\/conferencia-el-poder-de-las-decisiones-con-alberto-linero\/#breadcrumb","itemListElement":[{"@type":"ListItem","position":1,"name":"Inicio","item":"https:\/\/tuguia.combarranquilla.co\/Revista\/"},{"@type":"ListItem","position":2,"name":"Conferencia: El poder de las decisiones con Alberto Linero"}]},{"@type":"WebSite","@id":"https:\/\/tuguia.combarranquilla.co\/Revista\/#website","url":"https:\/\/tuguia.combarranquilla.co\/Revista\/","name":"Tu Gu\u00eda","description":"La revista donde lo tienes todo.","publisher":{"@id":"https:\/\/tuguia.combarranquilla.co\/Revista\/#organization"},"alternateName":"Tu Gu\u00eda Combarranquilla","potentialAction":[{"@type":"SearchAction","target":{"@type":"EntryPoint","urlTemplate":"https:\/\/tuguia.combarranquilla.co\/Revista\/?s={search_term_string}"},"query-input":{"@type":"PropertyValueSpecification","valueRequired":true,"valueName":"search_term_string"}}],"inLanguage":"es-CO"},{"@type":"Organization","@id":"https:\/\/tuguia.combarranquilla.co\/Revista\/#organization","name":"Tu Gu\u00eda Combarranquilla","url":"https:\/\/tuguia.combarranquilla.co\/Revista\/","logo":{"@type":"ImageObject","inLanguage":"es-CO","@id":"https:\/\/tuguia.combarranquilla.co\/Revista\/#\/schema\/logo\/image\/","url":"https:\/\/tuguia.combarranquilla.co\/Revista\/wp-content\/uploads\/2022\/02\/logo-guia-combarranquilla.svg","contentUrl":"https:\/\/tuguia.combarranquilla.co\/Revista\/wp-content\/uploads\/2022\/02\/logo-guia-combarranquilla.svg","caption":"Tu Gu\u00eda Combarranquilla"},"image":{"@id":"https:\/\/tuguia.combarranquilla.co\/Revista\/#\/schema\/logo\/image\/"}},{"@type":"Person","@id":"https:\/\/tuguia.combarranquilla.co\/Revista\/#\/schema\/person\/c2c396a77170bd1d5f8ba73294eb0d10","name":"Comunicaciones Combarranquilla","image":{"@type":"ImageObject","inLanguage":"es-CO","@id":"https:\/\/tuguia.combarranquilla.co\/Revista\/wp-content\/uploads\/2025\/05\/ABC-Al-Rojo-Logo-96x96.jpg","url":"https:\/\/tuguia.combarranquilla.co\/Revista\/wp-content\/uploads\/2025\/05\/ABC-Al-Rojo-Logo-96x96.jpg","contentUrl":"https:\/\/tuguia.combarranquilla.co\/Revista\/wp-content\/uploads\/2025\/05\/ABC-Al-Rojo-Logo-96x96.jpg","caption":"Comunicaciones Combarranquilla"},"sameAs":["https:\/\/www.combarranquilla.co"],"url":"https:\/\/tuguia.combarranquilla.co\/Revista\/author\/comunicaciones\/"}]}},"_links":{"self":[{"href":"https:\/\/tuguia.combarranquilla.co\/Revista\/wp-json\/wp\/v2\/posts\/2062","targetHints":{"allow":["GET"]}}],"collection":[{"href":"https:\/\/tuguia.combarranquilla.co\/Revista\/wp-json\/wp\/v2\/posts"}],"about":[{"href":"https:\/\/tuguia.combarranquilla.co\/Revista\/wp-json\/wp\/v2\/types\/post"}],"author":[{"embeddable":true,"href":"https:\/\/tuguia.combarranquilla.co\/Revista\/wp-json\/wp\/v2\/users\/2"}],"replies":[{"embeddable":true,"href":"https:\/\/tuguia.combarranquilla.co\/Revista\/wp-json\/wp\/v2\/comments?post=2062"}],"version-history":[{"count":5,"href":"https:\/\/tuguia.combarranquilla.co\/Revista\/wp-json\/wp\/v2\/posts\/2062\/revisions"}],"predecessor-version":[{"id":2081,"href":"https:\/\/tuguia.combarranquilla.co\/Revista\/wp-json\/wp\/v2\/posts\/2062\/revisions\/2081"}],"wp:featuredmedia":[{"embeddable":true,"href":"https:\/\/tuguia.combarranquilla.co\/Revista\/wp-json\/wp\/v2\/media\/2075"}],"wp:attachment":[{"href":"https:\/\/tuguia.combarranquilla.co\/Revista\/wp-json\/wp\/v2\/media?parent=2062"}],"wp:term":[{"taxonomy":"category","embeddable":true,"href":"https:\/\/tuguia.combarranquilla.co\/Revista\/wp-json\/wp\/v2\/categories?post=2062"},{"taxonomy":"post_tag","embeddable":true,"href":"https:\/\/tuguia.combarranquilla.co\/Revista\/wp-json\/wp\/v2\/tags?post=2062"}],"curies":[{"name":"wp","href":"https:\/\/api.w.org\/{rel}","templated":true}]}}