{"id":2079,"date":"2023-04-06T10:12:00","date_gmt":"2023-04-06T15:12:00","guid":{"rendered":"https:\/\/tuguia.combarranquilla.co\/Revista\/?p=2079"},"modified":"2023-05-16T11:32:00","modified_gmt":"2023-05-16T16:32:00","slug":"le-contamos-como-inscribirte-en-el-gimnasio-combarranquilla","status":"publish","type":"post","link":"https:\/\/tuguia.combarranquilla.co\/Revista\/le-contamos-como-inscribirte-en-el-gimnasio-combarranquilla\/","title":{"rendered":"Le contamos como inscribirse en el Gimnasio Combarranquilla"},"content":{"rendered":"\n<p>Si esta interesado en inscribirse en el gimnasio, el de Combarranquilla es tu mejor opci\u00f3n<\/p>\n\n\n\n<p>Ingresa a <a href=\" https:\/\/www.combarranquilla.co\/recreacion-y-deportes\/deportes\/#tab-gimnasio\"> https:\/\/www.combarranquilla.co\/recreacion-y-deportes\/deportes\/#tab-gimnasio<\/a>  y conoce las tarifas de acuerdo a tu categor\u00eda de afiliado y no afiliado. <\/p>\n\n\n\n<p>Una vez inscrito deber\u00e1 acercarse a las instalaciones del gimnasio y solicitar una valoraci\u00f3n fisioterapeuta integral (opcional) para luego iniciar el acompa\u00f1amiento en sus rutinas con el fin de lograr objetivos de manera segura y muy responsable.<\/p>\n\n\n\n<p>Una vez asignada la fecha de la valoraci\u00f3n deber\u00e1 asistir 5 minutos antes, en ropa deportiva para abrir su historia en la que se registra los datos pertinentes para realizar la prescripci\u00f3n del ejercicio acorde a sus objetivos, nivel de entrenamiento y principalmente condici\u00f3n f\u00edsica en general.<\/p>\n\n\n<div class=\"wp-block-image wp-duotone-unset-1\">\n<figure class=\"aligncenter size-large is-resized\"><img decoding=\"async\" data-src=\"https:\/\/tuguia.combarranquilla.co\/Revista\/wp-content\/uploads\/2023\/05\/IMG_8776-1-632x1024.jpg\" alt=\"\" class=\"wp-image-2094 lazyload\" width=\"307\" height=\"497\" data-srcset=\"https:\/\/tuguia.combarranquilla.co\/Revista\/wp-content\/uploads\/2023\/05\/IMG_8776-1-632x1024.jpg 632w, https:\/\/tuguia.combarranquilla.co\/Revista\/wp-content\/uploads\/2023\/05\/IMG_8776-1-185x300.jpg 185w, https:\/\/tuguia.combarranquilla.co\/Revista\/wp-content\/uploads\/2023\/05\/IMG_8776-1-768x1245.jpg 768w, https:\/\/tuguia.combarranquilla.co\/Revista\/wp-content\/uploads\/2023\/05\/IMG_8776-1-948x1536.jpg 948w, https:\/\/tuguia.combarranquilla.co\/Revista\/wp-content\/uploads\/2023\/05\/IMG_8776-1-1264x2048.jpg 1264w, https:\/\/tuguia.combarranquilla.co\/Revista\/wp-content\/uploads\/2023\/05\/IMG_8776-1.jpg 1284w\" data-sizes=\"(max-width: 307px) 100vw, 307px\" src=\"data:image\/svg+xml;base64,PHN2ZyB3aWR0aD0iMSIgaGVpZ2h0PSIxIiB4bWxucz0iaHR0cDovL3d3dy53My5vcmcvMjAwMC9zdmciPjwvc3ZnPg==\" style=\"--smush-placeholder-width: 307px; --smush-placeholder-aspect-ratio: 307\/497;\" \/><\/figure><\/div>\n\n\n<p><\/p>\n\n\n\n<p>Despu\u00e9s de realizarse la valoraci\u00f3n se le hace entrega de un plan de entrenamiento al que se le hace orientaci\u00f3n por parte de los entrenadores del gimnasio y se realiza control cada dos o tres meses seg\u00fan las necesidades. Peri\u00f3dicamente de acuerdo a cada revisi\u00f3n se le entrega un nuevo programa de entrenamiento que permite optimizar cada resultado con el fin optimizar la condici\u00f3n f\u00edsica de los usuarios y a su vez acompa\u00f1arlos en\u00a0el logro de sus objetivos en las rutinas del gimnasio.<\/p>\n\n\n\n<p>Para m\u00e1s informaci\u00f3n puede comunicarse a la l\u00ednea verde 6053225049 y 6053718900 ext. 1231 &#8211; 1232 &#8211; 1233 &#8211; 1236 &#8211; 1237<\/p>\n\n\n\n<p><\/p>\n","protected":false},"excerpt":{"rendered":"<p>Si esta interesado en inscribirse en el gimnasio, el de Combarranquilla es tu mejor opci\u00f3n Ingresa a https:\/\/www.combarranquilla.co\/recreacion-y-deportes\/deportes\/#tab-gimnasio y conoce las tarifas de acuerdo a tu categor\u00eda de afiliado y no afiliado. Una vez inscrito deber\u00e1 acercarse a las instalaciones del gimnasio y solicitar una valoraci\u00f3n fisioterapeuta integral (opcional) para luego iniciar el acompa\u00f1amiento en [&hellip;]<\/p>\n","protected":false},"author":2,"featured_media":2098,"comment_status":"open","ping_status":"open","sticky":false,"template":"","format":"standard","meta":{"inline_featured_image":false,"footnotes":""},"categories":[5],"tags":[],"class_list":["post-2079","post","type-post","status-publish","format-standard","has-post-thumbnail","hentry","category-vida-saludable"],"yoast_head":"<!-- This site is optimized with the Yoast SEO plugin v27.4 - https:\/\/yoast.com\/product\/yoast-seo-wordpress\/ -->\n<title>Le contamos como inscribirse en el Gimnasio Combarranquilla - Tu Gu\u00eda<\/title>\n<meta name=\"robots\" content=\"index, follow, max-snippet:-1, max-image-preview:large, max-video-preview:-1\" \/>\n<link rel=\"canonical\" href=\"https:\/\/tuguia.combarranquilla.co\/Revista\/le-contamos-como-inscribirte-en-el-gimnasio-combarranquilla\/\" \/>\n<meta property=\"og:locale\" content=\"es_ES\" \/>\n<meta property=\"og:type\" content=\"article\" \/>\n<meta property=\"og:title\" content=\"Le contamos como inscribirse en el Gimnasio Combarranquilla - Tu Gu\u00eda\" \/>\n<meta property=\"og:description\" content=\"Si esta interesado en inscribirse en el gimnasio, el de Combarranquilla es tu mejor opci\u00f3n Ingresa a https:\/\/www.combarranquilla.co\/recreacion-y-deportes\/deportes\/#tab-gimnasio y conoce las tarifas de acuerdo a tu categor\u00eda de afiliado y no afiliado. Una vez inscrito deber\u00e1 acercarse a las instalaciones del gimnasio y solicitar una valoraci\u00f3n fisioterapeuta integral (opcional) para luego iniciar el acompa\u00f1amiento en [&hellip;]\" \/>\n<meta property=\"og:url\" content=\"https:\/\/tuguia.combarranquilla.co\/Revista\/le-contamos-como-inscribirte-en-el-gimnasio-combarranquilla\/\" \/>\n<meta property=\"og:site_name\" content=\"Tu Gu\u00eda\" \/>\n<meta property=\"article:published_time\" content=\"2023-04-06T15:12:00+00:00\" \/>\n<meta property=\"article:modified_time\" content=\"2023-05-16T16:32:00+00:00\" \/>\n<meta property=\"og:image\" content=\"https:\/\/tuguia.combarranquilla.co\/Revista\/wp-content\/uploads\/2023\/04\/IMG_8777-e1684254715523.jpg\" \/>\n\t<meta property=\"og:image:width\" content=\"1285\" \/>\n\t<meta property=\"og:image:height\" content=\"1323\" \/>\n\t<meta property=\"og:image:type\" content=\"image\/jpeg\" \/>\n<meta name=\"author\" content=\"Comunicaciones Combarranquilla\" \/>\n<meta name=\"twitter:card\" content=\"summary_large_image\" \/>\n<meta name=\"twitter:label1\" content=\"Escrito por\" \/>\n\t<meta name=\"twitter:data1\" content=\"Comunicaciones Combarranquilla\" \/>\n\t<meta name=\"twitter:label2\" content=\"Tiempo de lectura\" \/>\n\t<meta name=\"twitter:data2\" content=\"1 minuto\" \/>\n<script type=\"application\/ld+json\" class=\"yoast-schema-graph\">{\"@context\":\"https:\\\/\\\/schema.org\",\"@graph\":[{\"@type\":\"Article\",\"@id\":\"https:\\\/\\\/tuguia.combarranquilla.co\\\/Revista\\\/le-contamos-como-inscribirte-en-el-gimnasio-combarranquilla\\\/#article\",\"isPartOf\":{\"@id\":\"https:\\\/\\\/tuguia.combarranquilla.co\\\/Revista\\\/le-contamos-como-inscribirte-en-el-gimnasio-combarranquilla\\\/\"},\"author\":{\"name\":\"Comunicaciones Combarranquilla\",\"@id\":\"https:\\\/\\\/tuguia.combarranquilla.co\\\/Revista\\\/#\\\/schema\\\/person\\\/c2c396a77170bd1d5f8ba73294eb0d10\"},\"headline\":\"Le contamos como inscribirse en el Gimnasio Combarranquilla\",\"datePublished\":\"2023-04-06T15:12:00+00:00\",\"dateModified\":\"2023-05-16T16:32:00+00:00\",\"mainEntityOfPage\":{\"@id\":\"https:\\\/\\\/tuguia.combarranquilla.co\\\/Revista\\\/le-contamos-como-inscribirte-en-el-gimnasio-combarranquilla\\\/\"},\"wordCount\":248,\"commentCount\":0,\"publisher\":{\"@id\":\"https:\\\/\\\/tuguia.combarranquilla.co\\\/Revista\\\/#organization\"},\"image\":{\"@id\":\"https:\\\/\\\/tuguia.combarranquilla.co\\\/Revista\\\/le-contamos-como-inscribirte-en-el-gimnasio-combarranquilla\\\/#primaryimage\"},\"thumbnailUrl\":\"https:\\\/\\\/tuguia.combarranquilla.co\\\/Revista\\\/wp-content\\\/uploads\\\/2023\\\/04\\\/IMG_8777-e1684254715523.jpg\",\"articleSection\":[\"VIDA SALUDABLE\"],\"inLanguage\":\"es-CO\",\"potentialAction\":[{\"@type\":\"CommentAction\",\"name\":\"Comment\",\"target\":[\"https:\\\/\\\/tuguia.combarranquilla.co\\\/Revista\\\/le-contamos-como-inscribirte-en-el-gimnasio-combarranquilla\\\/#respond\"]}]},{\"@type\":\"WebPage\",\"@id\":\"https:\\\/\\\/tuguia.combarranquilla.co\\\/Revista\\\/le-contamos-como-inscribirte-en-el-gimnasio-combarranquilla\\\/\",\"url\":\"https:\\\/\\\/tuguia.combarranquilla.co\\\/Revista\\\/le-contamos-como-inscribirte-en-el-gimnasio-combarranquilla\\\/\",\"name\":\"Le contamos como inscribirse en el Gimnasio Combarranquilla - Tu Gu\u00eda\",\"isPartOf\":{\"@id\":\"https:\\\/\\\/tuguia.combarranquilla.co\\\/Revista\\\/#website\"},\"primaryImageOfPage\":{\"@id\":\"https:\\\/\\\/tuguia.combarranquilla.co\\\/Revista\\\/le-contamos-como-inscribirte-en-el-gimnasio-combarranquilla\\\/#primaryimage\"},\"image\":{\"@id\":\"https:\\\/\\\/tuguia.combarranquilla.co\\\/Revista\\\/le-contamos-como-inscribirte-en-el-gimnasio-combarranquilla\\\/#primaryimage\"},\"thumbnailUrl\":\"https:\\\/\\\/tuguia.combarranquilla.co\\\/Revista\\\/wp-content\\\/uploads\\\/2023\\\/04\\\/IMG_8777-e1684254715523.jpg\",\"datePublished\":\"2023-04-06T15:12:00+00:00\",\"dateModified\":\"2023-05-16T16:32:00+00:00\",\"breadcrumb\":{\"@id\":\"https:\\\/\\\/tuguia.combarranquilla.co\\\/Revista\\\/le-contamos-como-inscribirte-en-el-gimnasio-combarranquilla\\\/#breadcrumb\"},\"inLanguage\":\"es-CO\",\"potentialAction\":[{\"@type\":\"ReadAction\",\"target\":[\"https:\\\/\\\/tuguia.combarranquilla.co\\\/Revista\\\/le-contamos-como-inscribirte-en-el-gimnasio-combarranquilla\\\/\"]}]},{\"@type\":\"ImageObject\",\"inLanguage\":\"es-CO\",\"@id\":\"https:\\\/\\\/tuguia.combarranquilla.co\\\/Revista\\\/le-contamos-como-inscribirte-en-el-gimnasio-combarranquilla\\\/#primaryimage\",\"url\":\"https:\\\/\\\/tuguia.combarranquilla.co\\\/Revista\\\/wp-content\\\/uploads\\\/2023\\\/04\\\/IMG_8777-e1684254715523.jpg\",\"contentUrl\":\"https:\\\/\\\/tuguia.combarranquilla.co\\\/Revista\\\/wp-content\\\/uploads\\\/2023\\\/04\\\/IMG_8777-e1684254715523.jpg\",\"width\":1285,\"height\":1323},{\"@type\":\"BreadcrumbList\",\"@id\":\"https:\\\/\\\/tuguia.combarranquilla.co\\\/Revista\\\/le-contamos-como-inscribirte-en-el-gimnasio-combarranquilla\\\/#breadcrumb\",\"itemListElement\":[{\"@type\":\"ListItem\",\"position\":1,\"name\":\"Inicio\",\"item\":\"https:\\\/\\\/tuguia.combarranquilla.co\\\/Revista\\\/\"},{\"@type\":\"ListItem\",\"position\":2,\"name\":\"Le contamos como inscribirse en el Gimnasio Combarranquilla\"}]},{\"@type\":\"WebSite\",\"@id\":\"https:\\\/\\\/tuguia.combarranquilla.co\\\/Revista\\\/#website\",\"url\":\"https:\\\/\\\/tuguia.combarranquilla.co\\\/Revista\\\/\",\"name\":\"Tu Gu\u00eda\",\"description\":\"La revista donde lo tienes todo.\",\"publisher\":{\"@id\":\"https:\\\/\\\/tuguia.combarranquilla.co\\\/Revista\\\/#organization\"},\"alternateName\":\"Tu Gu\u00eda Combarranquilla\",\"potentialAction\":[{\"@type\":\"SearchAction\",\"target\":{\"@type\":\"EntryPoint\",\"urlTemplate\":\"https:\\\/\\\/tuguia.combarranquilla.co\\\/Revista\\\/?s={search_term_string}\"},\"query-input\":{\"@type\":\"PropertyValueSpecification\",\"valueRequired\":true,\"valueName\":\"search_term_string\"}}],\"inLanguage\":\"es-CO\"},{\"@type\":\"Organization\",\"@id\":\"https:\\\/\\\/tuguia.combarranquilla.co\\\/Revista\\\/#organization\",\"name\":\"Tu Gu\u00eda Combarranquilla\",\"url\":\"https:\\\/\\\/tuguia.combarranquilla.co\\\/Revista\\\/\",\"logo\":{\"@type\":\"ImageObject\",\"inLanguage\":\"es-CO\",\"@id\":\"https:\\\/\\\/tuguia.combarranquilla.co\\\/Revista\\\/#\\\/schema\\\/logo\\\/image\\\/\",\"url\":\"https:\\\/\\\/tuguia.combarranquilla.co\\\/Revista\\\/wp-content\\\/uploads\\\/2022\\\/02\\\/logo-guia-combarranquilla.svg\",\"contentUrl\":\"https:\\\/\\\/tuguia.combarranquilla.co\\\/Revista\\\/wp-content\\\/uploads\\\/2022\\\/02\\\/logo-guia-combarranquilla.svg\",\"caption\":\"Tu Gu\u00eda Combarranquilla\"},\"image\":{\"@id\":\"https:\\\/\\\/tuguia.combarranquilla.co\\\/Revista\\\/#\\\/schema\\\/logo\\\/image\\\/\"}},{\"@type\":\"Person\",\"@id\":\"https:\\\/\\\/tuguia.combarranquilla.co\\\/Revista\\\/#\\\/schema\\\/person\\\/c2c396a77170bd1d5f8ba73294eb0d10\",\"name\":\"Comunicaciones Combarranquilla\",\"image\":{\"@type\":\"ImageObject\",\"inLanguage\":\"es-CO\",\"@id\":\"https:\\\/\\\/tuguia.combarranquilla.co\\\/Revista\\\/wp-content\\\/uploads\\\/2025\\\/05\\\/ABC-Al-Rojo-Logo-96x96.jpg\",\"url\":\"https:\\\/\\\/tuguia.combarranquilla.co\\\/Revista\\\/wp-content\\\/uploads\\\/2025\\\/05\\\/ABC-Al-Rojo-Logo-96x96.jpg\",\"contentUrl\":\"https:\\\/\\\/tuguia.combarranquilla.co\\\/Revista\\\/wp-content\\\/uploads\\\/2025\\\/05\\\/ABC-Al-Rojo-Logo-96x96.jpg\",\"caption\":\"Comunicaciones Combarranquilla\"},\"sameAs\":[\"https:\\\/\\\/www.combarranquilla.co\"],\"url\":\"https:\\\/\\\/tuguia.combarranquilla.co\\\/Revista\\\/author\\\/comunicaciones\\\/\"}]}<\/script>\n<!-- \/ Yoast SEO plugin. -->","yoast_head_json":{"title":"Le contamos como inscribirse en el Gimnasio Combarranquilla - Tu Gu\u00eda","robots":{"index":"index","follow":"follow","max-snippet":"max-snippet:-1","max-image-preview":"max-image-preview:large","max-video-preview":"max-video-preview:-1"},"canonical":"https:\/\/tuguia.combarranquilla.co\/Revista\/le-contamos-como-inscribirte-en-el-gimnasio-combarranquilla\/","og_locale":"es_ES","og_type":"article","og_title":"Le contamos como inscribirse en el Gimnasio Combarranquilla - Tu Gu\u00eda","og_description":"Si esta interesado en inscribirse en el gimnasio, el de Combarranquilla es tu mejor opci\u00f3n Ingresa a https:\/\/www.combarranquilla.co\/recreacion-y-deportes\/deportes\/#tab-gimnasio y conoce las tarifas de acuerdo a tu categor\u00eda de afiliado y no afiliado. Una vez inscrito deber\u00e1 acercarse a las instalaciones del gimnasio y solicitar una valoraci\u00f3n fisioterapeuta integral (opcional) para luego iniciar el acompa\u00f1amiento en [&hellip;]","og_url":"https:\/\/tuguia.combarranquilla.co\/Revista\/le-contamos-como-inscribirte-en-el-gimnasio-combarranquilla\/","og_site_name":"Tu Gu\u00eda","article_published_time":"2023-04-06T15:12:00+00:00","article_modified_time":"2023-05-16T16:32:00+00:00","og_image":[{"width":1285,"height":1323,"url":"https:\/\/tuguia.combarranquilla.co\/Revista\/wp-content\/uploads\/2023\/04\/IMG_8777-e1684254715523.jpg","type":"image\/jpeg"}],"author":"Comunicaciones Combarranquilla","twitter_card":"summary_large_image","twitter_misc":{"Escrito por":"Comunicaciones Combarranquilla","Tiempo de lectura":"1 minuto"},"schema":{"@context":"https:\/\/schema.org","@graph":[{"@type":"Article","@id":"https:\/\/tuguia.combarranquilla.co\/Revista\/le-contamos-como-inscribirte-en-el-gimnasio-combarranquilla\/#article","isPartOf":{"@id":"https:\/\/tuguia.combarranquilla.co\/Revista\/le-contamos-como-inscribirte-en-el-gimnasio-combarranquilla\/"},"author":{"name":"Comunicaciones Combarranquilla","@id":"https:\/\/tuguia.combarranquilla.co\/Revista\/#\/schema\/person\/c2c396a77170bd1d5f8ba73294eb0d10"},"headline":"Le contamos como inscribirse en el Gimnasio Combarranquilla","datePublished":"2023-04-06T15:12:00+00:00","dateModified":"2023-05-16T16:32:00+00:00","mainEntityOfPage":{"@id":"https:\/\/tuguia.combarranquilla.co\/Revista\/le-contamos-como-inscribirte-en-el-gimnasio-combarranquilla\/"},"wordCount":248,"commentCount":0,"publisher":{"@id":"https:\/\/tuguia.combarranquilla.co\/Revista\/#organization"},"image":{"@id":"https:\/\/tuguia.combarranquilla.co\/Revista\/le-contamos-como-inscribirte-en-el-gimnasio-combarranquilla\/#primaryimage"},"thumbnailUrl":"https:\/\/tuguia.combarranquilla.co\/Revista\/wp-content\/uploads\/2023\/04\/IMG_8777-e1684254715523.jpg","articleSection":["VIDA SALUDABLE"],"inLanguage":"es-CO","potentialAction":[{"@type":"CommentAction","name":"Comment","target":["https:\/\/tuguia.combarranquilla.co\/Revista\/le-contamos-como-inscribirte-en-el-gimnasio-combarranquilla\/#respond"]}]},{"@type":"WebPage","@id":"https:\/\/tuguia.combarranquilla.co\/Revista\/le-contamos-como-inscribirte-en-el-gimnasio-combarranquilla\/","url":"https:\/\/tuguia.combarranquilla.co\/Revista\/le-contamos-como-inscribirte-en-el-gimnasio-combarranquilla\/","name":"Le contamos como inscribirse en el Gimnasio Combarranquilla - Tu Gu\u00eda","isPartOf":{"@id":"https:\/\/tuguia.combarranquilla.co\/Revista\/#website"},"primaryImageOfPage":{"@id":"https:\/\/tuguia.combarranquilla.co\/Revista\/le-contamos-como-inscribirte-en-el-gimnasio-combarranquilla\/#primaryimage"},"image":{"@id":"https:\/\/tuguia.combarranquilla.co\/Revista\/le-contamos-como-inscribirte-en-el-gimnasio-combarranquilla\/#primaryimage"},"thumbnailUrl":"https:\/\/tuguia.combarranquilla.co\/Revista\/wp-content\/uploads\/2023\/04\/IMG_8777-e1684254715523.jpg","datePublished":"2023-04-06T15:12:00+00:00","dateModified":"2023-05-16T16:32:00+00:00","breadcrumb":{"@id":"https:\/\/tuguia.combarranquilla.co\/Revista\/le-contamos-como-inscribirte-en-el-gimnasio-combarranquilla\/#breadcrumb"},"inLanguage":"es-CO","potentialAction":[{"@type":"ReadAction","target":["https:\/\/tuguia.combarranquilla.co\/Revista\/le-contamos-como-inscribirte-en-el-gimnasio-combarranquilla\/"]}]},{"@type":"ImageObject","inLanguage":"es-CO","@id":"https:\/\/tuguia.combarranquilla.co\/Revista\/le-contamos-como-inscribirte-en-el-gimnasio-combarranquilla\/#primaryimage","url":"https:\/\/tuguia.combarranquilla.co\/Revista\/wp-content\/uploads\/2023\/04\/IMG_8777-e1684254715523.jpg","contentUrl":"https:\/\/tuguia.combarranquilla.co\/Revista\/wp-content\/uploads\/2023\/04\/IMG_8777-e1684254715523.jpg","width":1285,"height":1323},{"@type":"BreadcrumbList","@id":"https:\/\/tuguia.combarranquilla.co\/Revista\/le-contamos-como-inscribirte-en-el-gimnasio-combarranquilla\/#breadcrumb","itemListElement":[{"@type":"ListItem","position":1,"name":"Inicio","item":"https:\/\/tuguia.combarranquilla.co\/Revista\/"},{"@type":"ListItem","position":2,"name":"Le contamos como inscribirse en el Gimnasio Combarranquilla"}]},{"@type":"WebSite","@id":"https:\/\/tuguia.combarranquilla.co\/Revista\/#website","url":"https:\/\/tuguia.combarranquilla.co\/Revista\/","name":"Tu Gu\u00eda","description":"La revista donde lo tienes todo.","publisher":{"@id":"https:\/\/tuguia.combarranquilla.co\/Revista\/#organization"},"alternateName":"Tu Gu\u00eda Combarranquilla","potentialAction":[{"@type":"SearchAction","target":{"@type":"EntryPoint","urlTemplate":"https:\/\/tuguia.combarranquilla.co\/Revista\/?s={search_term_string}"},"query-input":{"@type":"PropertyValueSpecification","valueRequired":true,"valueName":"search_term_string"}}],"inLanguage":"es-CO"},{"@type":"Organization","@id":"https:\/\/tuguia.combarranquilla.co\/Revista\/#organization","name":"Tu Gu\u00eda Combarranquilla","url":"https:\/\/tuguia.combarranquilla.co\/Revista\/","logo":{"@type":"ImageObject","inLanguage":"es-CO","@id":"https:\/\/tuguia.combarranquilla.co\/Revista\/#\/schema\/logo\/image\/","url":"https:\/\/tuguia.combarranquilla.co\/Revista\/wp-content\/uploads\/2022\/02\/logo-guia-combarranquilla.svg","contentUrl":"https:\/\/tuguia.combarranquilla.co\/Revista\/wp-content\/uploads\/2022\/02\/logo-guia-combarranquilla.svg","caption":"Tu Gu\u00eda Combarranquilla"},"image":{"@id":"https:\/\/tuguia.combarranquilla.co\/Revista\/#\/schema\/logo\/image\/"}},{"@type":"Person","@id":"https:\/\/tuguia.combarranquilla.co\/Revista\/#\/schema\/person\/c2c396a77170bd1d5f8ba73294eb0d10","name":"Comunicaciones Combarranquilla","image":{"@type":"ImageObject","inLanguage":"es-CO","@id":"https:\/\/tuguia.combarranquilla.co\/Revista\/wp-content\/uploads\/2025\/05\/ABC-Al-Rojo-Logo-96x96.jpg","url":"https:\/\/tuguia.combarranquilla.co\/Revista\/wp-content\/uploads\/2025\/05\/ABC-Al-Rojo-Logo-96x96.jpg","contentUrl":"https:\/\/tuguia.combarranquilla.co\/Revista\/wp-content\/uploads\/2025\/05\/ABC-Al-Rojo-Logo-96x96.jpg","caption":"Comunicaciones Combarranquilla"},"sameAs":["https:\/\/www.combarranquilla.co"],"url":"https:\/\/tuguia.combarranquilla.co\/Revista\/author\/comunicaciones\/"}]}},"_links":{"self":[{"href":"https:\/\/tuguia.combarranquilla.co\/Revista\/wp-json\/wp\/v2\/posts\/2079","targetHints":{"allow":["GET"]}}],"collection":[{"href":"https:\/\/tuguia.combarranquilla.co\/Revista\/wp-json\/wp\/v2\/posts"}],"about":[{"href":"https:\/\/tuguia.combarranquilla.co\/Revista\/wp-json\/wp\/v2\/types\/post"}],"author":[{"embeddable":true,"href":"https:\/\/tuguia.combarranquilla.co\/Revista\/wp-json\/wp\/v2\/users\/2"}],"replies":[{"embeddable":true,"href":"https:\/\/tuguia.combarranquilla.co\/Revista\/wp-json\/wp\/v2\/comments?post=2079"}],"version-history":[{"count":6,"href":"https:\/\/tuguia.combarranquilla.co\/Revista\/wp-json\/wp\/v2\/posts\/2079\/revisions"}],"predecessor-version":[{"id":2097,"href":"https:\/\/tuguia.combarranquilla.co\/Revista\/wp-json\/wp\/v2\/posts\/2079\/revisions\/2097"}],"wp:featuredmedia":[{"embeddable":true,"href":"https:\/\/tuguia.combarranquilla.co\/Revista\/wp-json\/wp\/v2\/media\/2098"}],"wp:attachment":[{"href":"https:\/\/tuguia.combarranquilla.co\/Revista\/wp-json\/wp\/v2\/media?parent=2079"}],"wp:term":[{"taxonomy":"category","embeddable":true,"href":"https:\/\/tuguia.combarranquilla.co\/Revista\/wp-json\/wp\/v2\/categories?post=2079"},{"taxonomy":"post_tag","embeddable":true,"href":"https:\/\/tuguia.combarranquilla.co\/Revista\/wp-json\/wp\/v2\/tags?post=2079"}],"curies":[{"name":"wp","href":"https:\/\/api.w.org\/{rel}","templated":true}]}}