{"id":2152,"date":"2023-06-02T12:00:00","date_gmt":"2023-06-02T17:00:00","guid":{"rendered":"https:\/\/tuguia.combarranquilla.co\/Revista\/?p=2152"},"modified":"2023-07-21T08:57:36","modified_gmt":"2023-07-21T13:57:36","slug":"postulate-a-la-beca-de-programas-tecnico-laborales","status":"publish","type":"post","link":"https:\/\/tuguia.combarranquilla.co\/Revista\/postulate-a-la-beca-de-programas-tecnico-laborales\/","title":{"rendered":"Post\u00falate a la beca de programas t\u00e9cnico laborales"},"content":{"rendered":"\n<figure class=\"wp-block-image size-large\"><img decoding=\"async\" width=\"1024\" height=\"427\" data-src=\"https:\/\/tuguia.combarranquilla.co\/Revista\/wp-content\/uploads\/2023\/06\/BECAS-Mesa-de-trabajo-2-1024x427.png\" alt=\"\" class=\"wp-image-2161 lazyload\" data-srcset=\"https:\/\/tuguia.combarranquilla.co\/Revista\/wp-content\/uploads\/2023\/06\/BECAS-Mesa-de-trabajo-2-1024x427.png 1024w, https:\/\/tuguia.combarranquilla.co\/Revista\/wp-content\/uploads\/2023\/06\/BECAS-Mesa-de-trabajo-2-300x125.png 300w, https:\/\/tuguia.combarranquilla.co\/Revista\/wp-content\/uploads\/2023\/06\/BECAS-Mesa-de-trabajo-2-768x320.png 768w, https:\/\/tuguia.combarranquilla.co\/Revista\/wp-content\/uploads\/2023\/06\/BECAS-Mesa-de-trabajo-2-1536x640.png 1536w, https:\/\/tuguia.combarranquilla.co\/Revista\/wp-content\/uploads\/2023\/06\/BECAS-Mesa-de-trabajo-2.png 1920w\" data-sizes=\"(max-width: 1024px) 100vw, 1024px\" src=\"data:image\/svg+xml;base64,PHN2ZyB3aWR0aD0iMSIgaGVpZ2h0PSIxIiB4bWxucz0iaHR0cDovL3d3dy53My5vcmcvMjAwMC9zdmciPjwvc3ZnPg==\" style=\"--smush-placeholder-width: 1024px; --smush-placeholder-aspect-ratio: 1024\/427;\" \/><\/figure>\n\n\n\n<p class=\"has-text-align-center has-medium-font-size\"><strong>\u00bfTe gustar\u00eda adquirir habilidades, y abrir nuevas puertas en tu carrera profesional?<\/strong><\/p>\n\n\n\n<p class=\"has-text-align-center has-medium-font-size\"><strong>\u00a1Esta es tu oportunidad!<\/strong><\/p>\n\n\n\n<p>Combarranquilla junto con su centro de formaci\u00f3n se interesa en promover la educaci\u00f3n de los j\u00f3venes para que puedan cumplir todos sus sue\u00f1os como profesionales. <\/p>\n\n\n\n<p>Con el prop\u00f3sito de incentivar la educaci\u00f3n, el Centro de formaci\u00f3n Combarranquilla otorgar\u00e1 <strong>becas del 100%<\/strong> en la matricula de sus<strong> programas t\u00e9cnico laborales<\/strong> <\/p>\n\n\n\n<p>Auxiliar Agente de Viaje y Turismo<\/p>\n\n\n\n<p>Auxiliar Contable y Financiero <\/p>\n\n\n\n<p>Auxiliar en Almac\u00e9n y Bodegaje<\/p>\n\n\n\n<p> Contact Center<\/p>\n\n\n\n<p>Auxiliar Administrativo<\/p>\n\n\n\n<p> Auxiliar en Mercadeo y Ventas<\/p>\n\n\n\n<p> Auxiliar en Recursos Humanos<\/p>\n\n\n\n<p>Los programas tienen aproximadamente una duraci\u00f3n de <strong>12 a 16 meses<\/strong> lo que permite que el estudiante pueda desempe\u00f1arse y vincularse al sector productivo. <\/p>\n\n\n\n<p class=\"has-medium-font-size\"><strong>Para acceder a la beca, los aspirantes deben cumplir unos requisitos, los cuales son:<\/strong><\/p>\n\n\n\n<p>-Ser menor de 19 a\u00f1os<br>-Hijo de trabajadores afiliados categor\u00eda A o B<br>-Haber cursado y aprobado noveno grado<br>-Ser admitido por el Centro de Formaci\u00f3n<\/p>\n\n\n\n<p>El plazo para postularse es hasta el <strong>8 de Julio 2023<\/strong>, as\u00ed que no esperes m\u00e1s y ac\u00e9rcate a las unidades de servicio y lleva la documentaci\u00f3n requerida.<\/p>\n","protected":false},"excerpt":{"rendered":"<p>\u00bfTe gustar\u00eda adquirir habilidades, y abrir nuevas puertas en tu carrera profesional? \u00a1Esta es tu oportunidad! Combarranquilla junto con su centro de formaci\u00f3n se interesa en promover la educaci\u00f3n de los j\u00f3venes para que puedan cumplir todos sus sue\u00f1os como profesionales. Con el prop\u00f3sito de incentivar la educaci\u00f3n, el Centro de formaci\u00f3n Combarranquilla otorgar\u00e1 becas [&hellip;]<\/p>\n","protected":false},"author":2,"featured_media":2164,"comment_status":"open","ping_status":"open","sticky":false,"template":"","format":"standard","meta":{"inline_featured_image":false,"footnotes":""},"categories":[8],"tags":[44,42,45,26,46,43,29],"class_list":["post-2152","post","type-post","status-publish","format-standard","has-post-thumbnail","hentry","category-formacion","tag-afiliados","tag-becas","tag-centro-de-formacion","tag-estudios","tag-formacion","tag-programas-tecnico","tag-tecnico"],"yoast_head":"<!-- This site is optimized with the Yoast SEO plugin v27.4 - https:\/\/yoast.com\/product\/yoast-seo-wordpress\/ -->\n<title>Post\u00falate a la beca de programas t\u00e9cnico laborales - Tu Gu\u00eda<\/title>\n<meta name=\"robots\" content=\"index, follow, max-snippet:-1, max-image-preview:large, max-video-preview:-1\" \/>\n<link rel=\"canonical\" href=\"https:\/\/tuguia.combarranquilla.co\/Revista\/postulate-a-la-beca-de-programas-tecnico-laborales\/\" \/>\n<meta property=\"og:locale\" content=\"es_ES\" \/>\n<meta property=\"og:type\" content=\"article\" \/>\n<meta property=\"og:title\" content=\"Post\u00falate a la beca de programas t\u00e9cnico laborales - Tu Gu\u00eda\" \/>\n<meta property=\"og:description\" content=\"\u00bfTe gustar\u00eda adquirir habilidades, y abrir nuevas puertas en tu carrera profesional? \u00a1Esta es tu oportunidad! Combarranquilla junto con su centro de formaci\u00f3n se interesa en promover la educaci\u00f3n de los j\u00f3venes para que puedan cumplir todos sus sue\u00f1os como profesionales. Con el prop\u00f3sito de incentivar la educaci\u00f3n, el Centro de formaci\u00f3n Combarranquilla otorgar\u00e1 becas [&hellip;]\" \/>\n<meta property=\"og:url\" content=\"https:\/\/tuguia.combarranquilla.co\/Revista\/postulate-a-la-beca-de-programas-tecnico-laborales\/\" \/>\n<meta property=\"og:site_name\" content=\"Tu Gu\u00eda\" \/>\n<meta property=\"article:published_time\" content=\"2023-06-02T17:00:00+00:00\" \/>\n<meta property=\"article:modified_time\" content=\"2023-07-21T13:57:36+00:00\" \/>\n<meta property=\"og:image\" content=\"https:\/\/tuguia.combarranquilla.co\/Revista\/wp-content\/uploads\/2023\/06\/BECAS-Mesa-de-trabajo-1.png\" \/>\n\t<meta property=\"og:image:width\" content=\"1080\" \/>\n\t<meta property=\"og:image:height\" content=\"1080\" \/>\n\t<meta property=\"og:image:type\" content=\"image\/png\" \/>\n<meta name=\"author\" content=\"Comunicaciones Combarranquilla\" \/>\n<meta name=\"twitter:card\" content=\"summary_large_image\" \/>\n<meta name=\"twitter:label1\" content=\"Escrito por\" \/>\n\t<meta name=\"twitter:data1\" content=\"Comunicaciones Combarranquilla\" \/>\n\t<meta name=\"twitter:label2\" content=\"Tiempo de lectura\" \/>\n\t<meta name=\"twitter:data2\" content=\"1 minuto\" \/>\n<script type=\"application\/ld+json\" class=\"yoast-schema-graph\">{\"@context\":\"https:\\\/\\\/schema.org\",\"@graph\":[{\"@type\":\"Article\",\"@id\":\"https:\\\/\\\/tuguia.combarranquilla.co\\\/Revista\\\/postulate-a-la-beca-de-programas-tecnico-laborales\\\/#article\",\"isPartOf\":{\"@id\":\"https:\\\/\\\/tuguia.combarranquilla.co\\\/Revista\\\/postulate-a-la-beca-de-programas-tecnico-laborales\\\/\"},\"author\":{\"name\":\"Comunicaciones Combarranquilla\",\"@id\":\"https:\\\/\\\/tuguia.combarranquilla.co\\\/Revista\\\/#\\\/schema\\\/person\\\/c2c396a77170bd1d5f8ba73294eb0d10\"},\"headline\":\"Post\u00falate a la beca de programas t\u00e9cnico laborales\",\"datePublished\":\"2023-06-02T17:00:00+00:00\",\"dateModified\":\"2023-07-21T13:57:36+00:00\",\"mainEntityOfPage\":{\"@id\":\"https:\\\/\\\/tuguia.combarranquilla.co\\\/Revista\\\/postulate-a-la-beca-de-programas-tecnico-laborales\\\/\"},\"wordCount\":204,\"commentCount\":0,\"publisher\":{\"@id\":\"https:\\\/\\\/tuguia.combarranquilla.co\\\/Revista\\\/#organization\"},\"image\":{\"@id\":\"https:\\\/\\\/tuguia.combarranquilla.co\\\/Revista\\\/postulate-a-la-beca-de-programas-tecnico-laborales\\\/#primaryimage\"},\"thumbnailUrl\":\"https:\\\/\\\/tuguia.combarranquilla.co\\\/Revista\\\/wp-content\\\/uploads\\\/2023\\\/06\\\/BECAS-Mesa-de-trabajo-1.png\",\"keywords\":[\"afiliados\",\"becas\",\"centro de formaci\u00f3n\",\"estudios\",\"formaci\u00f3n\",\"programas t\u00e9cnico\",\"tecnico\"],\"articleSection\":[\"FORMACI\u00d3N\"],\"inLanguage\":\"es-CO\",\"potentialAction\":[{\"@type\":\"CommentAction\",\"name\":\"Comment\",\"target\":[\"https:\\\/\\\/tuguia.combarranquilla.co\\\/Revista\\\/postulate-a-la-beca-de-programas-tecnico-laborales\\\/#respond\"]}]},{\"@type\":\"WebPage\",\"@id\":\"https:\\\/\\\/tuguia.combarranquilla.co\\\/Revista\\\/postulate-a-la-beca-de-programas-tecnico-laborales\\\/\",\"url\":\"https:\\\/\\\/tuguia.combarranquilla.co\\\/Revista\\\/postulate-a-la-beca-de-programas-tecnico-laborales\\\/\",\"name\":\"Post\u00falate a la beca de programas t\u00e9cnico laborales - Tu Gu\u00eda\",\"isPartOf\":{\"@id\":\"https:\\\/\\\/tuguia.combarranquilla.co\\\/Revista\\\/#website\"},\"primaryImageOfPage\":{\"@id\":\"https:\\\/\\\/tuguia.combarranquilla.co\\\/Revista\\\/postulate-a-la-beca-de-programas-tecnico-laborales\\\/#primaryimage\"},\"image\":{\"@id\":\"https:\\\/\\\/tuguia.combarranquilla.co\\\/Revista\\\/postulate-a-la-beca-de-programas-tecnico-laborales\\\/#primaryimage\"},\"thumbnailUrl\":\"https:\\\/\\\/tuguia.combarranquilla.co\\\/Revista\\\/wp-content\\\/uploads\\\/2023\\\/06\\\/BECAS-Mesa-de-trabajo-1.png\",\"datePublished\":\"2023-06-02T17:00:00+00:00\",\"dateModified\":\"2023-07-21T13:57:36+00:00\",\"breadcrumb\":{\"@id\":\"https:\\\/\\\/tuguia.combarranquilla.co\\\/Revista\\\/postulate-a-la-beca-de-programas-tecnico-laborales\\\/#breadcrumb\"},\"inLanguage\":\"es-CO\",\"potentialAction\":[{\"@type\":\"ReadAction\",\"target\":[\"https:\\\/\\\/tuguia.combarranquilla.co\\\/Revista\\\/postulate-a-la-beca-de-programas-tecnico-laborales\\\/\"]}]},{\"@type\":\"ImageObject\",\"inLanguage\":\"es-CO\",\"@id\":\"https:\\\/\\\/tuguia.combarranquilla.co\\\/Revista\\\/postulate-a-la-beca-de-programas-tecnico-laborales\\\/#primaryimage\",\"url\":\"https:\\\/\\\/tuguia.combarranquilla.co\\\/Revista\\\/wp-content\\\/uploads\\\/2023\\\/06\\\/BECAS-Mesa-de-trabajo-1.png\",\"contentUrl\":\"https:\\\/\\\/tuguia.combarranquilla.co\\\/Revista\\\/wp-content\\\/uploads\\\/2023\\\/06\\\/BECAS-Mesa-de-trabajo-1.png\",\"width\":1080,\"height\":1080},{\"@type\":\"BreadcrumbList\",\"@id\":\"https:\\\/\\\/tuguia.combarranquilla.co\\\/Revista\\\/postulate-a-la-beca-de-programas-tecnico-laborales\\\/#breadcrumb\",\"itemListElement\":[{\"@type\":\"ListItem\",\"position\":1,\"name\":\"Inicio\",\"item\":\"https:\\\/\\\/tuguia.combarranquilla.co\\\/Revista\\\/\"},{\"@type\":\"ListItem\",\"position\":2,\"name\":\"Post\u00falate a la beca de programas t\u00e9cnico laborales\"}]},{\"@type\":\"WebSite\",\"@id\":\"https:\\\/\\\/tuguia.combarranquilla.co\\\/Revista\\\/#website\",\"url\":\"https:\\\/\\\/tuguia.combarranquilla.co\\\/Revista\\\/\",\"name\":\"Tu Gu\u00eda\",\"description\":\"La revista donde lo tienes todo.\",\"publisher\":{\"@id\":\"https:\\\/\\\/tuguia.combarranquilla.co\\\/Revista\\\/#organization\"},\"alternateName\":\"Tu Gu\u00eda Combarranquilla\",\"potentialAction\":[{\"@type\":\"SearchAction\",\"target\":{\"@type\":\"EntryPoint\",\"urlTemplate\":\"https:\\\/\\\/tuguia.combarranquilla.co\\\/Revista\\\/?s={search_term_string}\"},\"query-input\":{\"@type\":\"PropertyValueSpecification\",\"valueRequired\":true,\"valueName\":\"search_term_string\"}}],\"inLanguage\":\"es-CO\"},{\"@type\":\"Organization\",\"@id\":\"https:\\\/\\\/tuguia.combarranquilla.co\\\/Revista\\\/#organization\",\"name\":\"Tu Gu\u00eda Combarranquilla\",\"url\":\"https:\\\/\\\/tuguia.combarranquilla.co\\\/Revista\\\/\",\"logo\":{\"@type\":\"ImageObject\",\"inLanguage\":\"es-CO\",\"@id\":\"https:\\\/\\\/tuguia.combarranquilla.co\\\/Revista\\\/#\\\/schema\\\/logo\\\/image\\\/\",\"url\":\"https:\\\/\\\/tuguia.combarranquilla.co\\\/Revista\\\/wp-content\\\/uploads\\\/2022\\\/02\\\/logo-guia-combarranquilla.svg\",\"contentUrl\":\"https:\\\/\\\/tuguia.combarranquilla.co\\\/Revista\\\/wp-content\\\/uploads\\\/2022\\\/02\\\/logo-guia-combarranquilla.svg\",\"caption\":\"Tu Gu\u00eda Combarranquilla\"},\"image\":{\"@id\":\"https:\\\/\\\/tuguia.combarranquilla.co\\\/Revista\\\/#\\\/schema\\\/logo\\\/image\\\/\"}},{\"@type\":\"Person\",\"@id\":\"https:\\\/\\\/tuguia.combarranquilla.co\\\/Revista\\\/#\\\/schema\\\/person\\\/c2c396a77170bd1d5f8ba73294eb0d10\",\"name\":\"Comunicaciones Combarranquilla\",\"image\":{\"@type\":\"ImageObject\",\"inLanguage\":\"es-CO\",\"@id\":\"https:\\\/\\\/tuguia.combarranquilla.co\\\/Revista\\\/wp-content\\\/uploads\\\/2025\\\/05\\\/ABC-Al-Rojo-Logo-96x96.jpg\",\"url\":\"https:\\\/\\\/tuguia.combarranquilla.co\\\/Revista\\\/wp-content\\\/uploads\\\/2025\\\/05\\\/ABC-Al-Rojo-Logo-96x96.jpg\",\"contentUrl\":\"https:\\\/\\\/tuguia.combarranquilla.co\\\/Revista\\\/wp-content\\\/uploads\\\/2025\\\/05\\\/ABC-Al-Rojo-Logo-96x96.jpg\",\"caption\":\"Comunicaciones Combarranquilla\"},\"sameAs\":[\"https:\\\/\\\/www.combarranquilla.co\"],\"url\":\"https:\\\/\\\/tuguia.combarranquilla.co\\\/Revista\\\/author\\\/comunicaciones\\\/\"}]}<\/script>\n<!-- \/ Yoast SEO plugin. -->","yoast_head_json":{"title":"Post\u00falate a la beca de programas t\u00e9cnico laborales - Tu Gu\u00eda","robots":{"index":"index","follow":"follow","max-snippet":"max-snippet:-1","max-image-preview":"max-image-preview:large","max-video-preview":"max-video-preview:-1"},"canonical":"https:\/\/tuguia.combarranquilla.co\/Revista\/postulate-a-la-beca-de-programas-tecnico-laborales\/","og_locale":"es_ES","og_type":"article","og_title":"Post\u00falate a la beca de programas t\u00e9cnico laborales - Tu Gu\u00eda","og_description":"\u00bfTe gustar\u00eda adquirir habilidades, y abrir nuevas puertas en tu carrera profesional? \u00a1Esta es tu oportunidad! Combarranquilla junto con su centro de formaci\u00f3n se interesa en promover la educaci\u00f3n de los j\u00f3venes para que puedan cumplir todos sus sue\u00f1os como profesionales. Con el prop\u00f3sito de incentivar la educaci\u00f3n, el Centro de formaci\u00f3n Combarranquilla otorgar\u00e1 becas [&hellip;]","og_url":"https:\/\/tuguia.combarranquilla.co\/Revista\/postulate-a-la-beca-de-programas-tecnico-laborales\/","og_site_name":"Tu Gu\u00eda","article_published_time":"2023-06-02T17:00:00+00:00","article_modified_time":"2023-07-21T13:57:36+00:00","og_image":[{"width":1080,"height":1080,"url":"https:\/\/tuguia.combarranquilla.co\/Revista\/wp-content\/uploads\/2023\/06\/BECAS-Mesa-de-trabajo-1.png","type":"image\/png"}],"author":"Comunicaciones Combarranquilla","twitter_card":"summary_large_image","twitter_misc":{"Escrito por":"Comunicaciones Combarranquilla","Tiempo de lectura":"1 minuto"},"schema":{"@context":"https:\/\/schema.org","@graph":[{"@type":"Article","@id":"https:\/\/tuguia.combarranquilla.co\/Revista\/postulate-a-la-beca-de-programas-tecnico-laborales\/#article","isPartOf":{"@id":"https:\/\/tuguia.combarranquilla.co\/Revista\/postulate-a-la-beca-de-programas-tecnico-laborales\/"},"author":{"name":"Comunicaciones Combarranquilla","@id":"https:\/\/tuguia.combarranquilla.co\/Revista\/#\/schema\/person\/c2c396a77170bd1d5f8ba73294eb0d10"},"headline":"Post\u00falate a la beca de programas t\u00e9cnico laborales","datePublished":"2023-06-02T17:00:00+00:00","dateModified":"2023-07-21T13:57:36+00:00","mainEntityOfPage":{"@id":"https:\/\/tuguia.combarranquilla.co\/Revista\/postulate-a-la-beca-de-programas-tecnico-laborales\/"},"wordCount":204,"commentCount":0,"publisher":{"@id":"https:\/\/tuguia.combarranquilla.co\/Revista\/#organization"},"image":{"@id":"https:\/\/tuguia.combarranquilla.co\/Revista\/postulate-a-la-beca-de-programas-tecnico-laborales\/#primaryimage"},"thumbnailUrl":"https:\/\/tuguia.combarranquilla.co\/Revista\/wp-content\/uploads\/2023\/06\/BECAS-Mesa-de-trabajo-1.png","keywords":["afiliados","becas","centro de formaci\u00f3n","estudios","formaci\u00f3n","programas t\u00e9cnico","tecnico"],"articleSection":["FORMACI\u00d3N"],"inLanguage":"es-CO","potentialAction":[{"@type":"CommentAction","name":"Comment","target":["https:\/\/tuguia.combarranquilla.co\/Revista\/postulate-a-la-beca-de-programas-tecnico-laborales\/#respond"]}]},{"@type":"WebPage","@id":"https:\/\/tuguia.combarranquilla.co\/Revista\/postulate-a-la-beca-de-programas-tecnico-laborales\/","url":"https:\/\/tuguia.combarranquilla.co\/Revista\/postulate-a-la-beca-de-programas-tecnico-laborales\/","name":"Post\u00falate a la beca de programas t\u00e9cnico laborales - Tu Gu\u00eda","isPartOf":{"@id":"https:\/\/tuguia.combarranquilla.co\/Revista\/#website"},"primaryImageOfPage":{"@id":"https:\/\/tuguia.combarranquilla.co\/Revista\/postulate-a-la-beca-de-programas-tecnico-laborales\/#primaryimage"},"image":{"@id":"https:\/\/tuguia.combarranquilla.co\/Revista\/postulate-a-la-beca-de-programas-tecnico-laborales\/#primaryimage"},"thumbnailUrl":"https:\/\/tuguia.combarranquilla.co\/Revista\/wp-content\/uploads\/2023\/06\/BECAS-Mesa-de-trabajo-1.png","datePublished":"2023-06-02T17:00:00+00:00","dateModified":"2023-07-21T13:57:36+00:00","breadcrumb":{"@id":"https:\/\/tuguia.combarranquilla.co\/Revista\/postulate-a-la-beca-de-programas-tecnico-laborales\/#breadcrumb"},"inLanguage":"es-CO","potentialAction":[{"@type":"ReadAction","target":["https:\/\/tuguia.combarranquilla.co\/Revista\/postulate-a-la-beca-de-programas-tecnico-laborales\/"]}]},{"@type":"ImageObject","inLanguage":"es-CO","@id":"https:\/\/tuguia.combarranquilla.co\/Revista\/postulate-a-la-beca-de-programas-tecnico-laborales\/#primaryimage","url":"https:\/\/tuguia.combarranquilla.co\/Revista\/wp-content\/uploads\/2023\/06\/BECAS-Mesa-de-trabajo-1.png","contentUrl":"https:\/\/tuguia.combarranquilla.co\/Revista\/wp-content\/uploads\/2023\/06\/BECAS-Mesa-de-trabajo-1.png","width":1080,"height":1080},{"@type":"BreadcrumbList","@id":"https:\/\/tuguia.combarranquilla.co\/Revista\/postulate-a-la-beca-de-programas-tecnico-laborales\/#breadcrumb","itemListElement":[{"@type":"ListItem","position":1,"name":"Inicio","item":"https:\/\/tuguia.combarranquilla.co\/Revista\/"},{"@type":"ListItem","position":2,"name":"Post\u00falate a la beca de programas t\u00e9cnico laborales"}]},{"@type":"WebSite","@id":"https:\/\/tuguia.combarranquilla.co\/Revista\/#website","url":"https:\/\/tuguia.combarranquilla.co\/Revista\/","name":"Tu Gu\u00eda","description":"La revista donde lo tienes todo.","publisher":{"@id":"https:\/\/tuguia.combarranquilla.co\/Revista\/#organization"},"alternateName":"Tu Gu\u00eda Combarranquilla","potentialAction":[{"@type":"SearchAction","target":{"@type":"EntryPoint","urlTemplate":"https:\/\/tuguia.combarranquilla.co\/Revista\/?s={search_term_string}"},"query-input":{"@type":"PropertyValueSpecification","valueRequired":true,"valueName":"search_term_string"}}],"inLanguage":"es-CO"},{"@type":"Organization","@id":"https:\/\/tuguia.combarranquilla.co\/Revista\/#organization","name":"Tu Gu\u00eda Combarranquilla","url":"https:\/\/tuguia.combarranquilla.co\/Revista\/","logo":{"@type":"ImageObject","inLanguage":"es-CO","@id":"https:\/\/tuguia.combarranquilla.co\/Revista\/#\/schema\/logo\/image\/","url":"https:\/\/tuguia.combarranquilla.co\/Revista\/wp-content\/uploads\/2022\/02\/logo-guia-combarranquilla.svg","contentUrl":"https:\/\/tuguia.combarranquilla.co\/Revista\/wp-content\/uploads\/2022\/02\/logo-guia-combarranquilla.svg","caption":"Tu Gu\u00eda Combarranquilla"},"image":{"@id":"https:\/\/tuguia.combarranquilla.co\/Revista\/#\/schema\/logo\/image\/"}},{"@type":"Person","@id":"https:\/\/tuguia.combarranquilla.co\/Revista\/#\/schema\/person\/c2c396a77170bd1d5f8ba73294eb0d10","name":"Comunicaciones Combarranquilla","image":{"@type":"ImageObject","inLanguage":"es-CO","@id":"https:\/\/tuguia.combarranquilla.co\/Revista\/wp-content\/uploads\/2025\/05\/ABC-Al-Rojo-Logo-96x96.jpg","url":"https:\/\/tuguia.combarranquilla.co\/Revista\/wp-content\/uploads\/2025\/05\/ABC-Al-Rojo-Logo-96x96.jpg","contentUrl":"https:\/\/tuguia.combarranquilla.co\/Revista\/wp-content\/uploads\/2025\/05\/ABC-Al-Rojo-Logo-96x96.jpg","caption":"Comunicaciones Combarranquilla"},"sameAs":["https:\/\/www.combarranquilla.co"],"url":"https:\/\/tuguia.combarranquilla.co\/Revista\/author\/comunicaciones\/"}]}},"_links":{"self":[{"href":"https:\/\/tuguia.combarranquilla.co\/Revista\/wp-json\/wp\/v2\/posts\/2152","targetHints":{"allow":["GET"]}}],"collection":[{"href":"https:\/\/tuguia.combarranquilla.co\/Revista\/wp-json\/wp\/v2\/posts"}],"about":[{"href":"https:\/\/tuguia.combarranquilla.co\/Revista\/wp-json\/wp\/v2\/types\/post"}],"author":[{"embeddable":true,"href":"https:\/\/tuguia.combarranquilla.co\/Revista\/wp-json\/wp\/v2\/users\/2"}],"replies":[{"embeddable":true,"href":"https:\/\/tuguia.combarranquilla.co\/Revista\/wp-json\/wp\/v2\/comments?post=2152"}],"version-history":[{"count":3,"href":"https:\/\/tuguia.combarranquilla.co\/Revista\/wp-json\/wp\/v2\/posts\/2152\/revisions"}],"predecessor-version":[{"id":2455,"href":"https:\/\/tuguia.combarranquilla.co\/Revista\/wp-json\/wp\/v2\/posts\/2152\/revisions\/2455"}],"wp:featuredmedia":[{"embeddable":true,"href":"https:\/\/tuguia.combarranquilla.co\/Revista\/wp-json\/wp\/v2\/media\/2164"}],"wp:attachment":[{"href":"https:\/\/tuguia.combarranquilla.co\/Revista\/wp-json\/wp\/v2\/media?parent=2152"}],"wp:term":[{"taxonomy":"category","embeddable":true,"href":"https:\/\/tuguia.combarranquilla.co\/Revista\/wp-json\/wp\/v2\/categories?post=2152"},{"taxonomy":"post_tag","embeddable":true,"href":"https:\/\/tuguia.combarranquilla.co\/Revista\/wp-json\/wp\/v2\/tags?post=2152"}],"curies":[{"name":"wp","href":"https:\/\/api.w.org\/{rel}","templated":true}]}}