{"id":2178,"date":"2023-06-06T11:47:32","date_gmt":"2023-06-06T16:47:32","guid":{"rendered":"https:\/\/tuguia.combarranquilla.co\/Revista\/?p=2178"},"modified":"2023-06-27T09:00:43","modified_gmt":"2023-06-27T14:00:43","slug":"restaurante-mirador-del-mar-la-nueva-promesa-gastronomica-de-solinilla","status":"publish","type":"post","link":"https:\/\/tuguia.combarranquilla.co\/Revista\/restaurante-mirador-del-mar-la-nueva-promesa-gastronomica-de-solinilla\/","title":{"rendered":"Restaurante Mirador del Mar, la nueva promesa gastron\u00f3mica de Solinilla."},"content":{"rendered":"\n<h2 class=\"wp-block-heading\">Descubre el nuevo rostro del Restaurante Mirador del Mar, un lugar para disfrutar en compa\u00f1\u00eda amigos y familia, con la mejor vista hacia el mar. <\/h2>\n\n\n\n<p style=\"font-size:18px\">Un 2023 lleno de experiencias \u00fanicas y sorpresas. Por eso, nos complace compartir con ustedes la emocionante noticia de la renovaci\u00f3n completa del Restaurante Mirador del Mar, comprendemos que hoy en d\u00eda la gastronom\u00eda est\u00e1 llena de emociones y experiencias \u00fanicas que le permiten al usuario al momento de degustar el plato transportarlo a nuevos horizontes culinarios. Creamos un espacio tropical, con elementos tradicionales, ofreci\u00e9ndoles una experiencia inolvidable desde el momento en que cruzan la puerta, una experiencia que puedan disfrutar hasta el final.<\/p>\n\n\n\n<div class=\"wp-block-columns is-layout-flex wp-container-core-columns-is-layout-9d6595d7 wp-block-columns-is-layout-flex\">\n<div class=\"wp-block-column is-layout-flow wp-block-column-is-layout-flow\">\n<p style=\"font-size:18px\">Adem\u00e1s de una apariencia innovadora y creativa el men\u00fa del Restaurante Mirador del Mar, ofrece una variedad de comidas para los distintos gustos de los comesales. <\/p>\n\n\n\n<p style=\"font-size:18px\">Cuenta, con un personal capacitado para ofrecer una atenci\u00f3n personalizada y amigable a cada uno de los visitantes, con el fin de brindar una experiencia al 100%. <\/p>\n<\/div>\n\n\n\n<div class=\"wp-block-column is-layout-flow wp-block-column-is-layout-flow\">\n<p style=\"font-size:18px\">\u00a1Y lo mejor de todo! Dentro de este nuevo espacio, podr\u00e1s realizar todos los eventos que desees. <\/p>\n\n\n\n<ul class=\"wp-block-list\">\n<li style=\"font-size:18px\">Cumplea\u00f1os<\/li>\n\n\n\n<li style=\"font-size:18px\">Cenas romanticas <\/li>\n\n\n\n<li style=\"font-size:18px\">Reuniones<\/li>\n\n\n\n<li style=\"font-size:18px\">Aniversarios <\/li>\n\n\n\n<li style=\"font-size:18px\">Propuestas de matrimonio<\/li>\n<\/ul>\n\n\n\n<p style=\"font-size:18px\">Y mucho m\u00e1s, vive un momento inolvidable en el nuevo y mejorado Restaurante Mirador del Mar.<\/p>\n<\/div>\n<\/div>\n\n\n\n<figure class=\"wp-block-gallery alignwide has-nested-images columns-default is-cropped wp-block-gallery-1 is-layout-flex wp-block-gallery-is-layout-flex\">\n<figure class=\"wp-block-image size-large\"><img decoding=\"async\" width=\"1024\" height=\"683\" data-id=\"2277\" data-src=\"https:\/\/tuguia.combarranquilla.co\/Revista\/wp-content\/uploads\/2023\/06\/DSC_0948-1024x683.jpg\" alt=\"\" class=\"wp-image-2277 lazyload\" data-srcset=\"https:\/\/tuguia.combarranquilla.co\/Revista\/wp-content\/uploads\/2023\/06\/DSC_0948-1024x683.jpg 1024w, https:\/\/tuguia.combarranquilla.co\/Revista\/wp-content\/uploads\/2023\/06\/DSC_0948-300x200.jpg 300w, https:\/\/tuguia.combarranquilla.co\/Revista\/wp-content\/uploads\/2023\/06\/DSC_0948-768x512.jpg 768w, https:\/\/tuguia.combarranquilla.co\/Revista\/wp-content\/uploads\/2023\/06\/DSC_0948-1536x1024.jpg 1536w, https:\/\/tuguia.combarranquilla.co\/Revista\/wp-content\/uploads\/2023\/06\/DSC_0948-2048x1365.jpg 2048w\" data-sizes=\"(max-width: 1024px) 100vw, 1024px\" src=\"data:image\/svg+xml;base64,PHN2ZyB3aWR0aD0iMSIgaGVpZ2h0PSIxIiB4bWxucz0iaHR0cDovL3d3dy53My5vcmcvMjAwMC9zdmciPjwvc3ZnPg==\" style=\"--smush-placeholder-width: 1024px; --smush-placeholder-aspect-ratio: 1024\/683;\" \/><\/figure>\n\n\n\n<figure class=\"wp-block-image size-large\"><img decoding=\"async\" width=\"1024\" height=\"682\" data-id=\"2278\" data-src=\"https:\/\/tuguia.combarranquilla.co\/Revista\/wp-content\/uploads\/2023\/06\/DSC_0879-1024x682.jpg\" alt=\"\" class=\"wp-image-2278 lazyload\" data-srcset=\"https:\/\/tuguia.combarranquilla.co\/Revista\/wp-content\/uploads\/2023\/06\/DSC_0879-1024x682.jpg 1024w, https:\/\/tuguia.combarranquilla.co\/Revista\/wp-content\/uploads\/2023\/06\/DSC_0879-300x200.jpg 300w, https:\/\/tuguia.combarranquilla.co\/Revista\/wp-content\/uploads\/2023\/06\/DSC_0879-768x512.jpg 768w, https:\/\/tuguia.combarranquilla.co\/Revista\/wp-content\/uploads\/2023\/06\/DSC_0879-1536x1024.jpg 1536w, https:\/\/tuguia.combarranquilla.co\/Revista\/wp-content\/uploads\/2023\/06\/DSC_0879-2048x1365.jpg 2048w\" data-sizes=\"(max-width: 1024px) 100vw, 1024px\" src=\"data:image\/svg+xml;base64,PHN2ZyB3aWR0aD0iMSIgaGVpZ2h0PSIxIiB4bWxucz0iaHR0cDovL3d3dy53My5vcmcvMjAwMC9zdmciPjwvc3ZnPg==\" style=\"--smush-placeholder-width: 1024px; --smush-placeholder-aspect-ratio: 1024\/682;\" \/><\/figure>\n<\/figure>\n\n\n\n<p><\/p>\n\n\n\n<p style=\"font-size:18px\">Ingresar al restaurante no tiene ning\u00fan costo, \u00fanicamente el consumo que realices dentro del establecimiento. Aqu\u00ed te dejamos los men\u00fas.<\/p>\n\n\n\n<ul class=\"wp-block-list\">\n<li style=\"font-size:18px\"><strong> Si desea acceder al servicio de piscinas y\/o toboganes, deber\u00e1 cancelar la entrada al centro recreacional de acuerdo con la categor\u00eda de afiliaci\u00f3n.<\/strong><\/li>\n<\/ul>\n\n\n\n<h2 class=\"wp-block-heading\" style=\"font-size:18px\">Men\u00fa Solinilla<strong>: <a rel=\"noreferrer noopener\" href=\"https:\/\/drive.google.com\/file\/d\/1ltkqpbQ8Ey-iOVBH-TW0YmQ3P_rmga1_\/view?usp=sharing\" target=\"_blank\">https:\/\/drive.google.com\/file\/d\/1ltkqpbQ8Ey-iOVBH-TW0YmQ3P_rmga1_\/view?usp=sharing<\/a><\/strong><\/h2>\n\n\n\n<h2 class=\"wp-block-heading\" style=\"font-size:18px\">Men\u00fa de asados y pizzas<strong>: <a rel=\"noreferrer noopener\" href=\"https:\/\/drive.google.com\/file\/d\/1jTmgDiR4sk9XVFbNFk21t2kP8Ppa64CA\/view?usp=sharing\" target=\"_blank\">https:\/\/drive.google.com\/file\/d\/1jTmgDiR4sk9XVFbNFk21t2kP8Ppa64CA\/view?usp=sharing<\/a><\/strong><\/h2>\n\n\n\n<h2 class=\"wp-block-heading\" style=\"font-size:18px\"><strong>Para m\u00e1s informes te puedes comunicar a nuestra l\u00ednea 3718900 ext. 1231-1232-1233-1236 o 1237<\/strong><\/h2>\n","protected":false},"excerpt":{"rendered":"<p>Descubre el nuevo rostro del Restaurante Mirador del Mar, un lugar para disfrutar en compa\u00f1\u00eda amigos y familia, con la mejor vista hacia el mar. Un 2023 lleno de experiencias \u00fanicas y sorpresas. Por eso, nos complace compartir con ustedes la emocionante noticia de la renovaci\u00f3n completa del Restaurante Mirador del Mar, comprendemos que hoy [&hellip;]<\/p>\n","protected":false},"author":2,"featured_media":2274,"comment_status":"open","ping_status":"open","sticky":false,"template":"","format":"standard","meta":{"inline_featured_image":false,"footnotes":""},"categories":[3],"tags":[],"class_list":["post-2178","post","type-post","status-publish","format-standard","has-post-thumbnail","hentry","category-mirador-gastronomico"],"yoast_head":"<!-- This site is optimized with the Yoast SEO plugin v27.4 - https:\/\/yoast.com\/product\/yoast-seo-wordpress\/ -->\n<title>Restaurante Mirador del Mar, la nueva promesa gastron\u00f3mica de Solinilla. - Tu Gu\u00eda<\/title>\n<meta name=\"robots\" content=\"index, follow, max-snippet:-1, max-image-preview:large, max-video-preview:-1\" \/>\n<link rel=\"canonical\" href=\"https:\/\/tuguia.combarranquilla.co\/Revista\/restaurante-mirador-del-mar-la-nueva-promesa-gastronomica-de-solinilla\/\" \/>\n<meta property=\"og:locale\" content=\"es_ES\" \/>\n<meta property=\"og:type\" content=\"article\" \/>\n<meta property=\"og:title\" content=\"Restaurante Mirador del Mar, la nueva promesa gastron\u00f3mica de Solinilla. - Tu Gu\u00eda\" \/>\n<meta property=\"og:description\" content=\"Descubre el nuevo rostro del Restaurante Mirador del Mar, un lugar para disfrutar en compa\u00f1\u00eda amigos y familia, con la mejor vista hacia el mar. Un 2023 lleno de experiencias \u00fanicas y sorpresas. Por eso, nos complace compartir con ustedes la emocionante noticia de la renovaci\u00f3n completa del Restaurante Mirador del Mar, comprendemos que hoy [&hellip;]\" \/>\n<meta property=\"og:url\" content=\"https:\/\/tuguia.combarranquilla.co\/Revista\/restaurante-mirador-del-mar-la-nueva-promesa-gastronomica-de-solinilla\/\" \/>\n<meta property=\"og:site_name\" content=\"Tu Gu\u00eda\" \/>\n<meta property=\"article:published_time\" content=\"2023-06-06T16:47:32+00:00\" \/>\n<meta property=\"article:modified_time\" content=\"2023-06-27T14:00:43+00:00\" \/>\n<meta property=\"og:image\" content=\"https:\/\/tuguia.combarranquilla.co\/Revista\/wp-content\/uploads\/2023\/06\/DSC_0939-copia-scaled.jpg\" \/>\n\t<meta property=\"og:image:width\" content=\"2560\" \/>\n\t<meta property=\"og:image:height\" content=\"1707\" \/>\n\t<meta property=\"og:image:type\" content=\"image\/jpeg\" \/>\n<meta name=\"author\" content=\"Comunicaciones Combarranquilla\" \/>\n<meta name=\"twitter:card\" content=\"summary_large_image\" \/>\n<meta name=\"twitter:label1\" content=\"Escrito por\" \/>\n\t<meta name=\"twitter:data1\" content=\"Comunicaciones Combarranquilla\" \/>\n\t<meta name=\"twitter:label2\" content=\"Tiempo de lectura\" \/>\n\t<meta name=\"twitter:data2\" content=\"2 minutos\" \/>\n<script type=\"application\/ld+json\" class=\"yoast-schema-graph\">{\"@context\":\"https:\\\/\\\/schema.org\",\"@graph\":[{\"@type\":\"Article\",\"@id\":\"https:\\\/\\\/tuguia.combarranquilla.co\\\/Revista\\\/restaurante-mirador-del-mar-la-nueva-promesa-gastronomica-de-solinilla\\\/#article\",\"isPartOf\":{\"@id\":\"https:\\\/\\\/tuguia.combarranquilla.co\\\/Revista\\\/restaurante-mirador-del-mar-la-nueva-promesa-gastronomica-de-solinilla\\\/\"},\"author\":{\"name\":\"Comunicaciones Combarranquilla\",\"@id\":\"https:\\\/\\\/tuguia.combarranquilla.co\\\/Revista\\\/#\\\/schema\\\/person\\\/c2c396a77170bd1d5f8ba73294eb0d10\"},\"headline\":\"Restaurante Mirador del Mar, la nueva promesa gastron\u00f3mica de Solinilla.\",\"datePublished\":\"2023-06-06T16:47:32+00:00\",\"dateModified\":\"2023-06-27T14:00:43+00:00\",\"mainEntityOfPage\":{\"@id\":\"https:\\\/\\\/tuguia.combarranquilla.co\\\/Revista\\\/restaurante-mirador-del-mar-la-nueva-promesa-gastronomica-de-solinilla\\\/\"},\"wordCount\":323,\"commentCount\":0,\"publisher\":{\"@id\":\"https:\\\/\\\/tuguia.combarranquilla.co\\\/Revista\\\/#organization\"},\"image\":{\"@id\":\"https:\\\/\\\/tuguia.combarranquilla.co\\\/Revista\\\/restaurante-mirador-del-mar-la-nueva-promesa-gastronomica-de-solinilla\\\/#primaryimage\"},\"thumbnailUrl\":\"https:\\\/\\\/tuguia.combarranquilla.co\\\/Revista\\\/wp-content\\\/uploads\\\/2023\\\/06\\\/DSC_0939-copia-scaled.jpg\",\"articleSection\":[\"MIRADOR GASTRON\u00d3MICO\"],\"inLanguage\":\"es-CO\",\"potentialAction\":[{\"@type\":\"CommentAction\",\"name\":\"Comment\",\"target\":[\"https:\\\/\\\/tuguia.combarranquilla.co\\\/Revista\\\/restaurante-mirador-del-mar-la-nueva-promesa-gastronomica-de-solinilla\\\/#respond\"]}]},{\"@type\":\"WebPage\",\"@id\":\"https:\\\/\\\/tuguia.combarranquilla.co\\\/Revista\\\/restaurante-mirador-del-mar-la-nueva-promesa-gastronomica-de-solinilla\\\/\",\"url\":\"https:\\\/\\\/tuguia.combarranquilla.co\\\/Revista\\\/restaurante-mirador-del-mar-la-nueva-promesa-gastronomica-de-solinilla\\\/\",\"name\":\"Restaurante Mirador del Mar, la nueva promesa gastron\u00f3mica de Solinilla. - Tu Gu\u00eda\",\"isPartOf\":{\"@id\":\"https:\\\/\\\/tuguia.combarranquilla.co\\\/Revista\\\/#website\"},\"primaryImageOfPage\":{\"@id\":\"https:\\\/\\\/tuguia.combarranquilla.co\\\/Revista\\\/restaurante-mirador-del-mar-la-nueva-promesa-gastronomica-de-solinilla\\\/#primaryimage\"},\"image\":{\"@id\":\"https:\\\/\\\/tuguia.combarranquilla.co\\\/Revista\\\/restaurante-mirador-del-mar-la-nueva-promesa-gastronomica-de-solinilla\\\/#primaryimage\"},\"thumbnailUrl\":\"https:\\\/\\\/tuguia.combarranquilla.co\\\/Revista\\\/wp-content\\\/uploads\\\/2023\\\/06\\\/DSC_0939-copia-scaled.jpg\",\"datePublished\":\"2023-06-06T16:47:32+00:00\",\"dateModified\":\"2023-06-27T14:00:43+00:00\",\"breadcrumb\":{\"@id\":\"https:\\\/\\\/tuguia.combarranquilla.co\\\/Revista\\\/restaurante-mirador-del-mar-la-nueva-promesa-gastronomica-de-solinilla\\\/#breadcrumb\"},\"inLanguage\":\"es-CO\",\"potentialAction\":[{\"@type\":\"ReadAction\",\"target\":[\"https:\\\/\\\/tuguia.combarranquilla.co\\\/Revista\\\/restaurante-mirador-del-mar-la-nueva-promesa-gastronomica-de-solinilla\\\/\"]}]},{\"@type\":\"ImageObject\",\"inLanguage\":\"es-CO\",\"@id\":\"https:\\\/\\\/tuguia.combarranquilla.co\\\/Revista\\\/restaurante-mirador-del-mar-la-nueva-promesa-gastronomica-de-solinilla\\\/#primaryimage\",\"url\":\"https:\\\/\\\/tuguia.combarranquilla.co\\\/Revista\\\/wp-content\\\/uploads\\\/2023\\\/06\\\/DSC_0939-copia-scaled.jpg\",\"contentUrl\":\"https:\\\/\\\/tuguia.combarranquilla.co\\\/Revista\\\/wp-content\\\/uploads\\\/2023\\\/06\\\/DSC_0939-copia-scaled.jpg\",\"width\":2560,\"height\":1707},{\"@type\":\"BreadcrumbList\",\"@id\":\"https:\\\/\\\/tuguia.combarranquilla.co\\\/Revista\\\/restaurante-mirador-del-mar-la-nueva-promesa-gastronomica-de-solinilla\\\/#breadcrumb\",\"itemListElement\":[{\"@type\":\"ListItem\",\"position\":1,\"name\":\"Inicio\",\"item\":\"https:\\\/\\\/tuguia.combarranquilla.co\\\/Revista\\\/\"},{\"@type\":\"ListItem\",\"position\":2,\"name\":\"Restaurante Mirador del Mar, la nueva promesa gastron\u00f3mica de Solinilla.\"}]},{\"@type\":\"WebSite\",\"@id\":\"https:\\\/\\\/tuguia.combarranquilla.co\\\/Revista\\\/#website\",\"url\":\"https:\\\/\\\/tuguia.combarranquilla.co\\\/Revista\\\/\",\"name\":\"Tu Gu\u00eda\",\"description\":\"La revista donde lo tienes todo.\",\"publisher\":{\"@id\":\"https:\\\/\\\/tuguia.combarranquilla.co\\\/Revista\\\/#organization\"},\"alternateName\":\"Tu Gu\u00eda Combarranquilla\",\"potentialAction\":[{\"@type\":\"SearchAction\",\"target\":{\"@type\":\"EntryPoint\",\"urlTemplate\":\"https:\\\/\\\/tuguia.combarranquilla.co\\\/Revista\\\/?s={search_term_string}\"},\"query-input\":{\"@type\":\"PropertyValueSpecification\",\"valueRequired\":true,\"valueName\":\"search_term_string\"}}],\"inLanguage\":\"es-CO\"},{\"@type\":\"Organization\",\"@id\":\"https:\\\/\\\/tuguia.combarranquilla.co\\\/Revista\\\/#organization\",\"name\":\"Tu Gu\u00eda Combarranquilla\",\"url\":\"https:\\\/\\\/tuguia.combarranquilla.co\\\/Revista\\\/\",\"logo\":{\"@type\":\"ImageObject\",\"inLanguage\":\"es-CO\",\"@id\":\"https:\\\/\\\/tuguia.combarranquilla.co\\\/Revista\\\/#\\\/schema\\\/logo\\\/image\\\/\",\"url\":\"https:\\\/\\\/tuguia.combarranquilla.co\\\/Revista\\\/wp-content\\\/uploads\\\/2022\\\/02\\\/logo-guia-combarranquilla.svg\",\"contentUrl\":\"https:\\\/\\\/tuguia.combarranquilla.co\\\/Revista\\\/wp-content\\\/uploads\\\/2022\\\/02\\\/logo-guia-combarranquilla.svg\",\"caption\":\"Tu Gu\u00eda Combarranquilla\"},\"image\":{\"@id\":\"https:\\\/\\\/tuguia.combarranquilla.co\\\/Revista\\\/#\\\/schema\\\/logo\\\/image\\\/\"}},{\"@type\":\"Person\",\"@id\":\"https:\\\/\\\/tuguia.combarranquilla.co\\\/Revista\\\/#\\\/schema\\\/person\\\/c2c396a77170bd1d5f8ba73294eb0d10\",\"name\":\"Comunicaciones Combarranquilla\",\"image\":{\"@type\":\"ImageObject\",\"inLanguage\":\"es-CO\",\"@id\":\"https:\\\/\\\/tuguia.combarranquilla.co\\\/Revista\\\/wp-content\\\/uploads\\\/2025\\\/05\\\/ABC-Al-Rojo-Logo-96x96.jpg\",\"url\":\"https:\\\/\\\/tuguia.combarranquilla.co\\\/Revista\\\/wp-content\\\/uploads\\\/2025\\\/05\\\/ABC-Al-Rojo-Logo-96x96.jpg\",\"contentUrl\":\"https:\\\/\\\/tuguia.combarranquilla.co\\\/Revista\\\/wp-content\\\/uploads\\\/2025\\\/05\\\/ABC-Al-Rojo-Logo-96x96.jpg\",\"caption\":\"Comunicaciones Combarranquilla\"},\"sameAs\":[\"https:\\\/\\\/www.combarranquilla.co\"],\"url\":\"https:\\\/\\\/tuguia.combarranquilla.co\\\/Revista\\\/author\\\/comunicaciones\\\/\"}]}<\/script>\n<!-- \/ Yoast SEO plugin. -->","yoast_head_json":{"title":"Restaurante Mirador del Mar, la nueva promesa gastron\u00f3mica de Solinilla. - Tu Gu\u00eda","robots":{"index":"index","follow":"follow","max-snippet":"max-snippet:-1","max-image-preview":"max-image-preview:large","max-video-preview":"max-video-preview:-1"},"canonical":"https:\/\/tuguia.combarranquilla.co\/Revista\/restaurante-mirador-del-mar-la-nueva-promesa-gastronomica-de-solinilla\/","og_locale":"es_ES","og_type":"article","og_title":"Restaurante Mirador del Mar, la nueva promesa gastron\u00f3mica de Solinilla. - Tu Gu\u00eda","og_description":"Descubre el nuevo rostro del Restaurante Mirador del Mar, un lugar para disfrutar en compa\u00f1\u00eda amigos y familia, con la mejor vista hacia el mar. Un 2023 lleno de experiencias \u00fanicas y sorpresas. Por eso, nos complace compartir con ustedes la emocionante noticia de la renovaci\u00f3n completa del Restaurante Mirador del Mar, comprendemos que hoy [&hellip;]","og_url":"https:\/\/tuguia.combarranquilla.co\/Revista\/restaurante-mirador-del-mar-la-nueva-promesa-gastronomica-de-solinilla\/","og_site_name":"Tu Gu\u00eda","article_published_time":"2023-06-06T16:47:32+00:00","article_modified_time":"2023-06-27T14:00:43+00:00","og_image":[{"width":2560,"height":1707,"url":"https:\/\/tuguia.combarranquilla.co\/Revista\/wp-content\/uploads\/2023\/06\/DSC_0939-copia-scaled.jpg","type":"image\/jpeg"}],"author":"Comunicaciones Combarranquilla","twitter_card":"summary_large_image","twitter_misc":{"Escrito por":"Comunicaciones Combarranquilla","Tiempo de lectura":"2 minutos"},"schema":{"@context":"https:\/\/schema.org","@graph":[{"@type":"Article","@id":"https:\/\/tuguia.combarranquilla.co\/Revista\/restaurante-mirador-del-mar-la-nueva-promesa-gastronomica-de-solinilla\/#article","isPartOf":{"@id":"https:\/\/tuguia.combarranquilla.co\/Revista\/restaurante-mirador-del-mar-la-nueva-promesa-gastronomica-de-solinilla\/"},"author":{"name":"Comunicaciones Combarranquilla","@id":"https:\/\/tuguia.combarranquilla.co\/Revista\/#\/schema\/person\/c2c396a77170bd1d5f8ba73294eb0d10"},"headline":"Restaurante Mirador del Mar, la nueva promesa gastron\u00f3mica de Solinilla.","datePublished":"2023-06-06T16:47:32+00:00","dateModified":"2023-06-27T14:00:43+00:00","mainEntityOfPage":{"@id":"https:\/\/tuguia.combarranquilla.co\/Revista\/restaurante-mirador-del-mar-la-nueva-promesa-gastronomica-de-solinilla\/"},"wordCount":323,"commentCount":0,"publisher":{"@id":"https:\/\/tuguia.combarranquilla.co\/Revista\/#organization"},"image":{"@id":"https:\/\/tuguia.combarranquilla.co\/Revista\/restaurante-mirador-del-mar-la-nueva-promesa-gastronomica-de-solinilla\/#primaryimage"},"thumbnailUrl":"https:\/\/tuguia.combarranquilla.co\/Revista\/wp-content\/uploads\/2023\/06\/DSC_0939-copia-scaled.jpg","articleSection":["MIRADOR GASTRON\u00d3MICO"],"inLanguage":"es-CO","potentialAction":[{"@type":"CommentAction","name":"Comment","target":["https:\/\/tuguia.combarranquilla.co\/Revista\/restaurante-mirador-del-mar-la-nueva-promesa-gastronomica-de-solinilla\/#respond"]}]},{"@type":"WebPage","@id":"https:\/\/tuguia.combarranquilla.co\/Revista\/restaurante-mirador-del-mar-la-nueva-promesa-gastronomica-de-solinilla\/","url":"https:\/\/tuguia.combarranquilla.co\/Revista\/restaurante-mirador-del-mar-la-nueva-promesa-gastronomica-de-solinilla\/","name":"Restaurante Mirador del Mar, la nueva promesa gastron\u00f3mica de Solinilla. - Tu Gu\u00eda","isPartOf":{"@id":"https:\/\/tuguia.combarranquilla.co\/Revista\/#website"},"primaryImageOfPage":{"@id":"https:\/\/tuguia.combarranquilla.co\/Revista\/restaurante-mirador-del-mar-la-nueva-promesa-gastronomica-de-solinilla\/#primaryimage"},"image":{"@id":"https:\/\/tuguia.combarranquilla.co\/Revista\/restaurante-mirador-del-mar-la-nueva-promesa-gastronomica-de-solinilla\/#primaryimage"},"thumbnailUrl":"https:\/\/tuguia.combarranquilla.co\/Revista\/wp-content\/uploads\/2023\/06\/DSC_0939-copia-scaled.jpg","datePublished":"2023-06-06T16:47:32+00:00","dateModified":"2023-06-27T14:00:43+00:00","breadcrumb":{"@id":"https:\/\/tuguia.combarranquilla.co\/Revista\/restaurante-mirador-del-mar-la-nueva-promesa-gastronomica-de-solinilla\/#breadcrumb"},"inLanguage":"es-CO","potentialAction":[{"@type":"ReadAction","target":["https:\/\/tuguia.combarranquilla.co\/Revista\/restaurante-mirador-del-mar-la-nueva-promesa-gastronomica-de-solinilla\/"]}]},{"@type":"ImageObject","inLanguage":"es-CO","@id":"https:\/\/tuguia.combarranquilla.co\/Revista\/restaurante-mirador-del-mar-la-nueva-promesa-gastronomica-de-solinilla\/#primaryimage","url":"https:\/\/tuguia.combarranquilla.co\/Revista\/wp-content\/uploads\/2023\/06\/DSC_0939-copia-scaled.jpg","contentUrl":"https:\/\/tuguia.combarranquilla.co\/Revista\/wp-content\/uploads\/2023\/06\/DSC_0939-copia-scaled.jpg","width":2560,"height":1707},{"@type":"BreadcrumbList","@id":"https:\/\/tuguia.combarranquilla.co\/Revista\/restaurante-mirador-del-mar-la-nueva-promesa-gastronomica-de-solinilla\/#breadcrumb","itemListElement":[{"@type":"ListItem","position":1,"name":"Inicio","item":"https:\/\/tuguia.combarranquilla.co\/Revista\/"},{"@type":"ListItem","position":2,"name":"Restaurante Mirador del Mar, la nueva promesa gastron\u00f3mica de Solinilla."}]},{"@type":"WebSite","@id":"https:\/\/tuguia.combarranquilla.co\/Revista\/#website","url":"https:\/\/tuguia.combarranquilla.co\/Revista\/","name":"Tu Gu\u00eda","description":"La revista donde lo tienes todo.","publisher":{"@id":"https:\/\/tuguia.combarranquilla.co\/Revista\/#organization"},"alternateName":"Tu Gu\u00eda Combarranquilla","potentialAction":[{"@type":"SearchAction","target":{"@type":"EntryPoint","urlTemplate":"https:\/\/tuguia.combarranquilla.co\/Revista\/?s={search_term_string}"},"query-input":{"@type":"PropertyValueSpecification","valueRequired":true,"valueName":"search_term_string"}}],"inLanguage":"es-CO"},{"@type":"Organization","@id":"https:\/\/tuguia.combarranquilla.co\/Revista\/#organization","name":"Tu Gu\u00eda Combarranquilla","url":"https:\/\/tuguia.combarranquilla.co\/Revista\/","logo":{"@type":"ImageObject","inLanguage":"es-CO","@id":"https:\/\/tuguia.combarranquilla.co\/Revista\/#\/schema\/logo\/image\/","url":"https:\/\/tuguia.combarranquilla.co\/Revista\/wp-content\/uploads\/2022\/02\/logo-guia-combarranquilla.svg","contentUrl":"https:\/\/tuguia.combarranquilla.co\/Revista\/wp-content\/uploads\/2022\/02\/logo-guia-combarranquilla.svg","caption":"Tu Gu\u00eda Combarranquilla"},"image":{"@id":"https:\/\/tuguia.combarranquilla.co\/Revista\/#\/schema\/logo\/image\/"}},{"@type":"Person","@id":"https:\/\/tuguia.combarranquilla.co\/Revista\/#\/schema\/person\/c2c396a77170bd1d5f8ba73294eb0d10","name":"Comunicaciones Combarranquilla","image":{"@type":"ImageObject","inLanguage":"es-CO","@id":"https:\/\/tuguia.combarranquilla.co\/Revista\/wp-content\/uploads\/2025\/05\/ABC-Al-Rojo-Logo-96x96.jpg","url":"https:\/\/tuguia.combarranquilla.co\/Revista\/wp-content\/uploads\/2025\/05\/ABC-Al-Rojo-Logo-96x96.jpg","contentUrl":"https:\/\/tuguia.combarranquilla.co\/Revista\/wp-content\/uploads\/2025\/05\/ABC-Al-Rojo-Logo-96x96.jpg","caption":"Comunicaciones Combarranquilla"},"sameAs":["https:\/\/www.combarranquilla.co"],"url":"https:\/\/tuguia.combarranquilla.co\/Revista\/author\/comunicaciones\/"}]}},"_links":{"self":[{"href":"https:\/\/tuguia.combarranquilla.co\/Revista\/wp-json\/wp\/v2\/posts\/2178","targetHints":{"allow":["GET"]}}],"collection":[{"href":"https:\/\/tuguia.combarranquilla.co\/Revista\/wp-json\/wp\/v2\/posts"}],"about":[{"href":"https:\/\/tuguia.combarranquilla.co\/Revista\/wp-json\/wp\/v2\/types\/post"}],"author":[{"embeddable":true,"href":"https:\/\/tuguia.combarranquilla.co\/Revista\/wp-json\/wp\/v2\/users\/2"}],"replies":[{"embeddable":true,"href":"https:\/\/tuguia.combarranquilla.co\/Revista\/wp-json\/wp\/v2\/comments?post=2178"}],"version-history":[{"count":15,"href":"https:\/\/tuguia.combarranquilla.co\/Revista\/wp-json\/wp\/v2\/posts\/2178\/revisions"}],"predecessor-version":[{"id":2306,"href":"https:\/\/tuguia.combarranquilla.co\/Revista\/wp-json\/wp\/v2\/posts\/2178\/revisions\/2306"}],"wp:featuredmedia":[{"embeddable":true,"href":"https:\/\/tuguia.combarranquilla.co\/Revista\/wp-json\/wp\/v2\/media\/2274"}],"wp:attachment":[{"href":"https:\/\/tuguia.combarranquilla.co\/Revista\/wp-json\/wp\/v2\/media?parent=2178"}],"wp:term":[{"taxonomy":"category","embeddable":true,"href":"https:\/\/tuguia.combarranquilla.co\/Revista\/wp-json\/wp\/v2\/categories?post=2178"},{"taxonomy":"post_tag","embeddable":true,"href":"https:\/\/tuguia.combarranquilla.co\/Revista\/wp-json\/wp\/v2\/tags?post=2178"}],"curies":[{"name":"wp","href":"https:\/\/api.w.org\/{rel}","templated":true}]}}