{"id":2181,"date":"2023-06-05T08:00:00","date_gmt":"2023-06-05T13:00:00","guid":{"rendered":"https:\/\/tuguia.combarranquilla.co\/Revista\/?p=2181"},"modified":"2023-06-09T15:08:34","modified_gmt":"2023-06-09T20:08:34","slug":"mery-mancilla-una-historia-de-motivacion-que-ensena-a-no-desistir-en-medio-de-una-situacion-dificil","status":"publish","type":"post","link":"https:\/\/tuguia.combarranquilla.co\/Revista\/mery-mancilla-una-historia-de-motivacion-que-ensena-a-no-desistir-en-medio-de-una-situacion-dificil\/","title":{"rendered":"Mery Mancilla, una historia de motivaci\u00f3n que ense\u00f1a a no desistir en medio de una situaci\u00f3n dif\u00edcil"},"content":{"rendered":"\n<p>En medio de la crisis sanitaria (Covid-19), Mery Mancilla y su familia toman la iniciativa de postularse al subsidio de vivienda de Combarranquilla, un sue\u00f1o que ten\u00eda su padre para ella y sus hermanos desde que resid\u00edan en Venezuela. <\/p>\n\n\n\n<p>El 7 de septiembre de 2020 inici\u00f3 su proceso de postulaci\u00f3n, el cual, de acuerdo con Mery fue muy dif\u00edcil, ya que su nacionalidad le imped\u00eda recibir un pr\u00e9stamo del banco. Sin embargo, su motivaci\u00f3n continuaba gracias a su padre, quien le ense\u00f1\u00f3 a nunca rendirse. &#8220;H<em>ija uno para llegar a la cima debe comerse primero las verdes, para luego comerse las maduras<\/em>&#8220;, le dec\u00eda su pap\u00e1 cada vez que se presentaba un inconveniente y ella manifestaba desistir del beneficio.<\/p>\n\n\n\n<figure class=\"wp-block-gallery alignwide has-nested-images columns-default is-cropped wp-block-gallery-1 is-layout-flex wp-block-gallery-is-layout-flex\">\n<figure class=\"wp-block-image size-large\"><img decoding=\"async\" width=\"1024\" height=\"575\" data-id=\"2184\" data-src=\"https:\/\/tuguia.combarranquilla.co\/Revista\/wp-content\/uploads\/2023\/06\/2G2A0209-1024x575.jpg\" alt=\"\" class=\"wp-image-2184 lazyload\" data-srcset=\"https:\/\/tuguia.combarranquilla.co\/Revista\/wp-content\/uploads\/2023\/06\/2G2A0209-1024x575.jpg 1024w, https:\/\/tuguia.combarranquilla.co\/Revista\/wp-content\/uploads\/2023\/06\/2G2A0209-300x168.jpg 300w, https:\/\/tuguia.combarranquilla.co\/Revista\/wp-content\/uploads\/2023\/06\/2G2A0209-768x431.jpg 768w, https:\/\/tuguia.combarranquilla.co\/Revista\/wp-content\/uploads\/2023\/06\/2G2A0209-1536x862.jpg 1536w, https:\/\/tuguia.combarranquilla.co\/Revista\/wp-content\/uploads\/2023\/06\/2G2A0209-2048x1150.jpg 2048w\" data-sizes=\"(max-width: 1024px) 100vw, 1024px\" src=\"data:image\/svg+xml;base64,PHN2ZyB3aWR0aD0iMSIgaGVpZ2h0PSIxIiB4bWxucz0iaHR0cDovL3d3dy53My5vcmcvMjAwMC9zdmciPjwvc3ZnPg==\" style=\"--smush-placeholder-width: 1024px; --smush-placeholder-aspect-ratio: 1024\/575;\" \/><\/figure>\n\n\n\n<figure class=\"wp-block-image size-large\"><img decoding=\"async\" width=\"1024\" height=\"683\" data-id=\"2186\" data-src=\"https:\/\/tuguia.combarranquilla.co\/Revista\/wp-content\/uploads\/2023\/06\/2G2A0186-1024x683.jpg\" alt=\"\" class=\"wp-image-2186 lazyload\" data-srcset=\"https:\/\/tuguia.combarranquilla.co\/Revista\/wp-content\/uploads\/2023\/06\/2G2A0186-1024x683.jpg 1024w, https:\/\/tuguia.combarranquilla.co\/Revista\/wp-content\/uploads\/2023\/06\/2G2A0186-300x200.jpg 300w, https:\/\/tuguia.combarranquilla.co\/Revista\/wp-content\/uploads\/2023\/06\/2G2A0186-768x512.jpg 768w, https:\/\/tuguia.combarranquilla.co\/Revista\/wp-content\/uploads\/2023\/06\/2G2A0186-1536x1024.jpg 1536w, https:\/\/tuguia.combarranquilla.co\/Revista\/wp-content\/uploads\/2023\/06\/2G2A0186-2048x1365.jpg 2048w\" data-sizes=\"(max-width: 1024px) 100vw, 1024px\" src=\"data:image\/svg+xml;base64,PHN2ZyB3aWR0aD0iMSIgaGVpZ2h0PSIxIiB4bWxucz0iaHR0cDovL3d3dy53My5vcmcvMjAwMC9zdmciPjwvc3ZnPg==\" style=\"--smush-placeholder-width: 1024px; --smush-placeholder-aspect-ratio: 1024\/683;\" \/><\/figure>\n<\/figure>\n\n\n\n<p><\/p>\n\n\n\n<h2 class=\"wp-block-heading\">Transformaci\u00f3n de vida<\/h2>\n\n\n\n<p>&#8220;<em>Cuando me llaman a decirme que he sido beneficiada con el subsidio de vivienda estaba en el funeral de mi pap\u00e1. En ese momento, no sent\u00eda felicidad, pero pens\u00e9 en contarle a papi que lo logr\u00e9 y pronto recib\u00eda las llaves de la casa que tanto so\u00f1aba el, para nosotros<\/em>&#8220;, relat\u00f3 Mery con tristeza en su rostro, quien en medio de una situaci\u00f3n lamentable e inesperada, tambi\u00e9n recib\u00eda una gran noticia que le cambiar\u00eda su vida y la de su madre e hija. <\/p>\n\n\n\n<figure class=\"wp-block-gallery has-nested-images columns-default is-cropped wp-block-gallery-2 is-layout-flex wp-block-gallery-is-layout-flex\">\n<figure class=\"wp-block-image size-large\"><img decoding=\"async\" width=\"1024\" height=\"575\" data-id=\"2185\" data-src=\"https:\/\/tuguia.combarranquilla.co\/Revista\/wp-content\/uploads\/2023\/06\/2G2A0206-1-1024x575.jpg\" alt=\"\" class=\"wp-image-2185 lazyload\" data-srcset=\"https:\/\/tuguia.combarranquilla.co\/Revista\/wp-content\/uploads\/2023\/06\/2G2A0206-1-1024x575.jpg 1024w, https:\/\/tuguia.combarranquilla.co\/Revista\/wp-content\/uploads\/2023\/06\/2G2A0206-1-300x168.jpg 300w, https:\/\/tuguia.combarranquilla.co\/Revista\/wp-content\/uploads\/2023\/06\/2G2A0206-1-768x431.jpg 768w, https:\/\/tuguia.combarranquilla.co\/Revista\/wp-content\/uploads\/2023\/06\/2G2A0206-1-1536x862.jpg 1536w, https:\/\/tuguia.combarranquilla.co\/Revista\/wp-content\/uploads\/2023\/06\/2G2A0206-1-2048x1150.jpg 2048w\" data-sizes=\"(max-width: 1024px) 100vw, 1024px\" src=\"data:image\/svg+xml;base64,PHN2ZyB3aWR0aD0iMSIgaGVpZ2h0PSIxIiB4bWxucz0iaHR0cDovL3d3dy53My5vcmcvMjAwMC9zdmciPjwvc3ZnPg==\" style=\"--smush-placeholder-width: 1024px; --smush-placeholder-aspect-ratio: 1024\/575;\" \/><\/figure>\n<\/figure>\n\n\n\n<p><\/p>\n\n\n\n<p>Nuestro subsidio de vivienda ha sido de gran ayuda para los afiliados y sus familias. Hemos presenciado historias de \u00e9xito de personas que han logrado obtener un hogar c\u00f3modo, seguro y agradable. De acuerdo con Ernesto Herrera, director de la Caja &#8220;<em>es muy grato ver como ha progresado la urbanizaci\u00f3n de Combarranquilla, la cual, actualmente cuenta con un gran n\u00famero de edificios, parques y centros <\/em>comerciales; <em>un ecosistema ameno para todos los que tienen vivienda en nuestro proyecto&#8221;.<\/em><\/p>\n\n\n\n<p>Durante el primer semestre de 2023 se han entregado 33 subsidios de vivienda; una muestra del compromiso de Combarranquilla con el bienestar de sus afiliados.<\/p>\n\n\n\n<p class=\"has-text-align-center\"><strong>\u00a1El camino hacia tu hogar propio comienza aqu\u00ed!<\/strong> consulta m\u00e1s informaci\u00f3n en nuestra p\u00e1gina <a href=\"https:\/\/www.combarranquilla.co\/subsidios\/\" data-type=\"URL\" data-id=\"https:\/\/www.combarranquilla.co\/subsidios\/\" target=\"_blank\" rel=\"noreferrer noopener\">www.combarranquilla.co <\/a><\/p>\n\n\n\n<p class=\"has-text-align-center\">Si deseas ver la entrevista completa de Mery Mancilla haz clic aqu\u00ed: <a rel=\"noreferrer noopener\" href=\"https:\/\/bit.ly\/3qFSrEz\" target=\"_blank\">https:\/\/bit.ly\/3qFSrEz<\/a><\/p>\n","protected":false},"excerpt":{"rendered":"<p>En medio de la crisis sanitaria (Covid-19), Mery Mancilla y su familia toman la iniciativa de postularse al subsidio de vivienda de Combarranquilla, un sue\u00f1o que ten\u00eda su padre para ella y sus hermanos desde que resid\u00edan en Venezuela. El 7 de septiembre de 2020 inici\u00f3 su proceso de postulaci\u00f3n, el cual, de acuerdo con [&hellip;]<\/p>\n","protected":false},"author":2,"featured_media":2183,"comment_status":"open","ping_status":"open","sticky":false,"template":"","format":"standard","meta":{"inline_featured_image":false,"footnotes":""},"categories":[7],"tags":[],"class_list":["post-2181","post","type-post","status-publish","format-standard","has-post-thumbnail","hentry","category-familia-combarranquilla"],"yoast_head":"<!-- This site is optimized with the Yoast SEO plugin v27.4 - https:\/\/yoast.com\/product\/yoast-seo-wordpress\/ -->\n<title>Mery Mancilla, una historia de motivaci\u00f3n que ense\u00f1a a no desistir en medio de una situaci\u00f3n dif\u00edcil - Tu Gu\u00eda<\/title>\n<meta name=\"robots\" content=\"index, follow, max-snippet:-1, max-image-preview:large, max-video-preview:-1\" \/>\n<link rel=\"canonical\" href=\"https:\/\/tuguia.combarranquilla.co\/Revista\/mery-mancilla-una-historia-de-motivacion-que-ensena-a-no-desistir-en-medio-de-una-situacion-dificil\/\" \/>\n<meta property=\"og:locale\" content=\"es_ES\" \/>\n<meta property=\"og:type\" content=\"article\" \/>\n<meta property=\"og:title\" content=\"Mery Mancilla, una historia de motivaci\u00f3n que ense\u00f1a a no desistir en medio de una situaci\u00f3n dif\u00edcil - Tu Gu\u00eda\" \/>\n<meta property=\"og:description\" content=\"En medio de la crisis sanitaria (Covid-19), Mery Mancilla y su familia toman la iniciativa de postularse al subsidio de vivienda de Combarranquilla, un sue\u00f1o que ten\u00eda su padre para ella y sus hermanos desde que resid\u00edan en Venezuela. El 7 de septiembre de 2020 inici\u00f3 su proceso de postulaci\u00f3n, el cual, de acuerdo con [&hellip;]\" \/>\n<meta property=\"og:url\" content=\"https:\/\/tuguia.combarranquilla.co\/Revista\/mery-mancilla-una-historia-de-motivacion-que-ensena-a-no-desistir-en-medio-de-una-situacion-dificil\/\" \/>\n<meta property=\"og:site_name\" content=\"Tu Gu\u00eda\" \/>\n<meta property=\"article:published_time\" content=\"2023-06-05T13:00:00+00:00\" \/>\n<meta property=\"article:modified_time\" content=\"2023-06-09T20:08:34+00:00\" \/>\n<meta property=\"og:image\" content=\"https:\/\/tuguia.combarranquilla.co\/Revista\/wp-content\/uploads\/2023\/06\/2G2A0197-scaled.jpg\" \/>\n\t<meta property=\"og:image:width\" content=\"2560\" \/>\n\t<meta property=\"og:image:height\" content=\"1437\" \/>\n\t<meta property=\"og:image:type\" content=\"image\/jpeg\" \/>\n<meta name=\"author\" content=\"Comunicaciones Combarranquilla\" \/>\n<meta name=\"twitter:card\" content=\"summary_large_image\" \/>\n<meta name=\"twitter:label1\" content=\"Escrito por\" \/>\n\t<meta name=\"twitter:data1\" content=\"Comunicaciones Combarranquilla\" \/>\n\t<meta name=\"twitter:label2\" content=\"Tiempo de lectura\" \/>\n\t<meta name=\"twitter:data2\" content=\"2 minutos\" \/>\n<script type=\"application\/ld+json\" class=\"yoast-schema-graph\">{\"@context\":\"https:\\\/\\\/schema.org\",\"@graph\":[{\"@type\":\"Article\",\"@id\":\"https:\\\/\\\/tuguia.combarranquilla.co\\\/Revista\\\/mery-mancilla-una-historia-de-motivacion-que-ensena-a-no-desistir-en-medio-de-una-situacion-dificil\\\/#article\",\"isPartOf\":{\"@id\":\"https:\\\/\\\/tuguia.combarranquilla.co\\\/Revista\\\/mery-mancilla-una-historia-de-motivacion-que-ensena-a-no-desistir-en-medio-de-una-situacion-dificil\\\/\"},\"author\":{\"name\":\"Comunicaciones Combarranquilla\",\"@id\":\"https:\\\/\\\/tuguia.combarranquilla.co\\\/Revista\\\/#\\\/schema\\\/person\\\/c2c396a77170bd1d5f8ba73294eb0d10\"},\"headline\":\"Mery Mancilla, una historia de motivaci\u00f3n que ense\u00f1a a no desistir en medio de una situaci\u00f3n dif\u00edcil\",\"datePublished\":\"2023-06-05T13:00:00+00:00\",\"dateModified\":\"2023-06-09T20:08:34+00:00\",\"mainEntityOfPage\":{\"@id\":\"https:\\\/\\\/tuguia.combarranquilla.co\\\/Revista\\\/mery-mancilla-una-historia-de-motivacion-que-ensena-a-no-desistir-en-medio-de-una-situacion-dificil\\\/\"},\"wordCount\":381,\"commentCount\":0,\"publisher\":{\"@id\":\"https:\\\/\\\/tuguia.combarranquilla.co\\\/Revista\\\/#organization\"},\"image\":{\"@id\":\"https:\\\/\\\/tuguia.combarranquilla.co\\\/Revista\\\/mery-mancilla-una-historia-de-motivacion-que-ensena-a-no-desistir-en-medio-de-una-situacion-dificil\\\/#primaryimage\"},\"thumbnailUrl\":\"https:\\\/\\\/tuguia.combarranquilla.co\\\/Revista\\\/wp-content\\\/uploads\\\/2023\\\/06\\\/2G2A0197-scaled.jpg\",\"articleSection\":[\"FAMILIA COMBARRANQUILLA\"],\"inLanguage\":\"es-CO\",\"potentialAction\":[{\"@type\":\"CommentAction\",\"name\":\"Comment\",\"target\":[\"https:\\\/\\\/tuguia.combarranquilla.co\\\/Revista\\\/mery-mancilla-una-historia-de-motivacion-que-ensena-a-no-desistir-en-medio-de-una-situacion-dificil\\\/#respond\"]}]},{\"@type\":\"WebPage\",\"@id\":\"https:\\\/\\\/tuguia.combarranquilla.co\\\/Revista\\\/mery-mancilla-una-historia-de-motivacion-que-ensena-a-no-desistir-en-medio-de-una-situacion-dificil\\\/\",\"url\":\"https:\\\/\\\/tuguia.combarranquilla.co\\\/Revista\\\/mery-mancilla-una-historia-de-motivacion-que-ensena-a-no-desistir-en-medio-de-una-situacion-dificil\\\/\",\"name\":\"Mery Mancilla, una historia de motivaci\u00f3n que ense\u00f1a a no desistir en medio de una situaci\u00f3n dif\u00edcil - Tu Gu\u00eda\",\"isPartOf\":{\"@id\":\"https:\\\/\\\/tuguia.combarranquilla.co\\\/Revista\\\/#website\"},\"primaryImageOfPage\":{\"@id\":\"https:\\\/\\\/tuguia.combarranquilla.co\\\/Revista\\\/mery-mancilla-una-historia-de-motivacion-que-ensena-a-no-desistir-en-medio-de-una-situacion-dificil\\\/#primaryimage\"},\"image\":{\"@id\":\"https:\\\/\\\/tuguia.combarranquilla.co\\\/Revista\\\/mery-mancilla-una-historia-de-motivacion-que-ensena-a-no-desistir-en-medio-de-una-situacion-dificil\\\/#primaryimage\"},\"thumbnailUrl\":\"https:\\\/\\\/tuguia.combarranquilla.co\\\/Revista\\\/wp-content\\\/uploads\\\/2023\\\/06\\\/2G2A0197-scaled.jpg\",\"datePublished\":\"2023-06-05T13:00:00+00:00\",\"dateModified\":\"2023-06-09T20:08:34+00:00\",\"breadcrumb\":{\"@id\":\"https:\\\/\\\/tuguia.combarranquilla.co\\\/Revista\\\/mery-mancilla-una-historia-de-motivacion-que-ensena-a-no-desistir-en-medio-de-una-situacion-dificil\\\/#breadcrumb\"},\"inLanguage\":\"es-CO\",\"potentialAction\":[{\"@type\":\"ReadAction\",\"target\":[\"https:\\\/\\\/tuguia.combarranquilla.co\\\/Revista\\\/mery-mancilla-una-historia-de-motivacion-que-ensena-a-no-desistir-en-medio-de-una-situacion-dificil\\\/\"]}]},{\"@type\":\"ImageObject\",\"inLanguage\":\"es-CO\",\"@id\":\"https:\\\/\\\/tuguia.combarranquilla.co\\\/Revista\\\/mery-mancilla-una-historia-de-motivacion-que-ensena-a-no-desistir-en-medio-de-una-situacion-dificil\\\/#primaryimage\",\"url\":\"https:\\\/\\\/tuguia.combarranquilla.co\\\/Revista\\\/wp-content\\\/uploads\\\/2023\\\/06\\\/2G2A0197-scaled.jpg\",\"contentUrl\":\"https:\\\/\\\/tuguia.combarranquilla.co\\\/Revista\\\/wp-content\\\/uploads\\\/2023\\\/06\\\/2G2A0197-scaled.jpg\",\"width\":2560,\"height\":1437},{\"@type\":\"BreadcrumbList\",\"@id\":\"https:\\\/\\\/tuguia.combarranquilla.co\\\/Revista\\\/mery-mancilla-una-historia-de-motivacion-que-ensena-a-no-desistir-en-medio-de-una-situacion-dificil\\\/#breadcrumb\",\"itemListElement\":[{\"@type\":\"ListItem\",\"position\":1,\"name\":\"Inicio\",\"item\":\"https:\\\/\\\/tuguia.combarranquilla.co\\\/Revista\\\/\"},{\"@type\":\"ListItem\",\"position\":2,\"name\":\"Mery Mancilla, una historia de motivaci\u00f3n que ense\u00f1a a no desistir en medio de una situaci\u00f3n dif\u00edcil\"}]},{\"@type\":\"WebSite\",\"@id\":\"https:\\\/\\\/tuguia.combarranquilla.co\\\/Revista\\\/#website\",\"url\":\"https:\\\/\\\/tuguia.combarranquilla.co\\\/Revista\\\/\",\"name\":\"Tu Gu\u00eda\",\"description\":\"La revista donde lo tienes todo.\",\"publisher\":{\"@id\":\"https:\\\/\\\/tuguia.combarranquilla.co\\\/Revista\\\/#organization\"},\"alternateName\":\"Tu Gu\u00eda Combarranquilla\",\"potentialAction\":[{\"@type\":\"SearchAction\",\"target\":{\"@type\":\"EntryPoint\",\"urlTemplate\":\"https:\\\/\\\/tuguia.combarranquilla.co\\\/Revista\\\/?s={search_term_string}\"},\"query-input\":{\"@type\":\"PropertyValueSpecification\",\"valueRequired\":true,\"valueName\":\"search_term_string\"}}],\"inLanguage\":\"es-CO\"},{\"@type\":\"Organization\",\"@id\":\"https:\\\/\\\/tuguia.combarranquilla.co\\\/Revista\\\/#organization\",\"name\":\"Tu Gu\u00eda Combarranquilla\",\"url\":\"https:\\\/\\\/tuguia.combarranquilla.co\\\/Revista\\\/\",\"logo\":{\"@type\":\"ImageObject\",\"inLanguage\":\"es-CO\",\"@id\":\"https:\\\/\\\/tuguia.combarranquilla.co\\\/Revista\\\/#\\\/schema\\\/logo\\\/image\\\/\",\"url\":\"https:\\\/\\\/tuguia.combarranquilla.co\\\/Revista\\\/wp-content\\\/uploads\\\/2022\\\/02\\\/logo-guia-combarranquilla.svg\",\"contentUrl\":\"https:\\\/\\\/tuguia.combarranquilla.co\\\/Revista\\\/wp-content\\\/uploads\\\/2022\\\/02\\\/logo-guia-combarranquilla.svg\",\"caption\":\"Tu Gu\u00eda Combarranquilla\"},\"image\":{\"@id\":\"https:\\\/\\\/tuguia.combarranquilla.co\\\/Revista\\\/#\\\/schema\\\/logo\\\/image\\\/\"}},{\"@type\":\"Person\",\"@id\":\"https:\\\/\\\/tuguia.combarranquilla.co\\\/Revista\\\/#\\\/schema\\\/person\\\/c2c396a77170bd1d5f8ba73294eb0d10\",\"name\":\"Comunicaciones Combarranquilla\",\"image\":{\"@type\":\"ImageObject\",\"inLanguage\":\"es-CO\",\"@id\":\"https:\\\/\\\/tuguia.combarranquilla.co\\\/Revista\\\/wp-content\\\/uploads\\\/2025\\\/05\\\/ABC-Al-Rojo-Logo-96x96.jpg\",\"url\":\"https:\\\/\\\/tuguia.combarranquilla.co\\\/Revista\\\/wp-content\\\/uploads\\\/2025\\\/05\\\/ABC-Al-Rojo-Logo-96x96.jpg\",\"contentUrl\":\"https:\\\/\\\/tuguia.combarranquilla.co\\\/Revista\\\/wp-content\\\/uploads\\\/2025\\\/05\\\/ABC-Al-Rojo-Logo-96x96.jpg\",\"caption\":\"Comunicaciones Combarranquilla\"},\"sameAs\":[\"https:\\\/\\\/www.combarranquilla.co\"],\"url\":\"https:\\\/\\\/tuguia.combarranquilla.co\\\/Revista\\\/author\\\/comunicaciones\\\/\"}]}<\/script>\n<!-- \/ Yoast SEO plugin. -->","yoast_head_json":{"title":"Mery Mancilla, una historia de motivaci\u00f3n que ense\u00f1a a no desistir en medio de una situaci\u00f3n dif\u00edcil - Tu Gu\u00eda","robots":{"index":"index","follow":"follow","max-snippet":"max-snippet:-1","max-image-preview":"max-image-preview:large","max-video-preview":"max-video-preview:-1"},"canonical":"https:\/\/tuguia.combarranquilla.co\/Revista\/mery-mancilla-una-historia-de-motivacion-que-ensena-a-no-desistir-en-medio-de-una-situacion-dificil\/","og_locale":"es_ES","og_type":"article","og_title":"Mery Mancilla, una historia de motivaci\u00f3n que ense\u00f1a a no desistir en medio de una situaci\u00f3n dif\u00edcil - Tu Gu\u00eda","og_description":"En medio de la crisis sanitaria (Covid-19), Mery Mancilla y su familia toman la iniciativa de postularse al subsidio de vivienda de Combarranquilla, un sue\u00f1o que ten\u00eda su padre para ella y sus hermanos desde que resid\u00edan en Venezuela. El 7 de septiembre de 2020 inici\u00f3 su proceso de postulaci\u00f3n, el cual, de acuerdo con [&hellip;]","og_url":"https:\/\/tuguia.combarranquilla.co\/Revista\/mery-mancilla-una-historia-de-motivacion-que-ensena-a-no-desistir-en-medio-de-una-situacion-dificil\/","og_site_name":"Tu Gu\u00eda","article_published_time":"2023-06-05T13:00:00+00:00","article_modified_time":"2023-06-09T20:08:34+00:00","og_image":[{"width":2560,"height":1437,"url":"https:\/\/tuguia.combarranquilla.co\/Revista\/wp-content\/uploads\/2023\/06\/2G2A0197-scaled.jpg","type":"image\/jpeg"}],"author":"Comunicaciones Combarranquilla","twitter_card":"summary_large_image","twitter_misc":{"Escrito por":"Comunicaciones Combarranquilla","Tiempo de lectura":"2 minutos"},"schema":{"@context":"https:\/\/schema.org","@graph":[{"@type":"Article","@id":"https:\/\/tuguia.combarranquilla.co\/Revista\/mery-mancilla-una-historia-de-motivacion-que-ensena-a-no-desistir-en-medio-de-una-situacion-dificil\/#article","isPartOf":{"@id":"https:\/\/tuguia.combarranquilla.co\/Revista\/mery-mancilla-una-historia-de-motivacion-que-ensena-a-no-desistir-en-medio-de-una-situacion-dificil\/"},"author":{"name":"Comunicaciones Combarranquilla","@id":"https:\/\/tuguia.combarranquilla.co\/Revista\/#\/schema\/person\/c2c396a77170bd1d5f8ba73294eb0d10"},"headline":"Mery Mancilla, una historia de motivaci\u00f3n que ense\u00f1a a no desistir en medio de una situaci\u00f3n dif\u00edcil","datePublished":"2023-06-05T13:00:00+00:00","dateModified":"2023-06-09T20:08:34+00:00","mainEntityOfPage":{"@id":"https:\/\/tuguia.combarranquilla.co\/Revista\/mery-mancilla-una-historia-de-motivacion-que-ensena-a-no-desistir-en-medio-de-una-situacion-dificil\/"},"wordCount":381,"commentCount":0,"publisher":{"@id":"https:\/\/tuguia.combarranquilla.co\/Revista\/#organization"},"image":{"@id":"https:\/\/tuguia.combarranquilla.co\/Revista\/mery-mancilla-una-historia-de-motivacion-que-ensena-a-no-desistir-en-medio-de-una-situacion-dificil\/#primaryimage"},"thumbnailUrl":"https:\/\/tuguia.combarranquilla.co\/Revista\/wp-content\/uploads\/2023\/06\/2G2A0197-scaled.jpg","articleSection":["FAMILIA COMBARRANQUILLA"],"inLanguage":"es-CO","potentialAction":[{"@type":"CommentAction","name":"Comment","target":["https:\/\/tuguia.combarranquilla.co\/Revista\/mery-mancilla-una-historia-de-motivacion-que-ensena-a-no-desistir-en-medio-de-una-situacion-dificil\/#respond"]}]},{"@type":"WebPage","@id":"https:\/\/tuguia.combarranquilla.co\/Revista\/mery-mancilla-una-historia-de-motivacion-que-ensena-a-no-desistir-en-medio-de-una-situacion-dificil\/","url":"https:\/\/tuguia.combarranquilla.co\/Revista\/mery-mancilla-una-historia-de-motivacion-que-ensena-a-no-desistir-en-medio-de-una-situacion-dificil\/","name":"Mery Mancilla, una historia de motivaci\u00f3n que ense\u00f1a a no desistir en medio de una situaci\u00f3n dif\u00edcil - Tu Gu\u00eda","isPartOf":{"@id":"https:\/\/tuguia.combarranquilla.co\/Revista\/#website"},"primaryImageOfPage":{"@id":"https:\/\/tuguia.combarranquilla.co\/Revista\/mery-mancilla-una-historia-de-motivacion-que-ensena-a-no-desistir-en-medio-de-una-situacion-dificil\/#primaryimage"},"image":{"@id":"https:\/\/tuguia.combarranquilla.co\/Revista\/mery-mancilla-una-historia-de-motivacion-que-ensena-a-no-desistir-en-medio-de-una-situacion-dificil\/#primaryimage"},"thumbnailUrl":"https:\/\/tuguia.combarranquilla.co\/Revista\/wp-content\/uploads\/2023\/06\/2G2A0197-scaled.jpg","datePublished":"2023-06-05T13:00:00+00:00","dateModified":"2023-06-09T20:08:34+00:00","breadcrumb":{"@id":"https:\/\/tuguia.combarranquilla.co\/Revista\/mery-mancilla-una-historia-de-motivacion-que-ensena-a-no-desistir-en-medio-de-una-situacion-dificil\/#breadcrumb"},"inLanguage":"es-CO","potentialAction":[{"@type":"ReadAction","target":["https:\/\/tuguia.combarranquilla.co\/Revista\/mery-mancilla-una-historia-de-motivacion-que-ensena-a-no-desistir-en-medio-de-una-situacion-dificil\/"]}]},{"@type":"ImageObject","inLanguage":"es-CO","@id":"https:\/\/tuguia.combarranquilla.co\/Revista\/mery-mancilla-una-historia-de-motivacion-que-ensena-a-no-desistir-en-medio-de-una-situacion-dificil\/#primaryimage","url":"https:\/\/tuguia.combarranquilla.co\/Revista\/wp-content\/uploads\/2023\/06\/2G2A0197-scaled.jpg","contentUrl":"https:\/\/tuguia.combarranquilla.co\/Revista\/wp-content\/uploads\/2023\/06\/2G2A0197-scaled.jpg","width":2560,"height":1437},{"@type":"BreadcrumbList","@id":"https:\/\/tuguia.combarranquilla.co\/Revista\/mery-mancilla-una-historia-de-motivacion-que-ensena-a-no-desistir-en-medio-de-una-situacion-dificil\/#breadcrumb","itemListElement":[{"@type":"ListItem","position":1,"name":"Inicio","item":"https:\/\/tuguia.combarranquilla.co\/Revista\/"},{"@type":"ListItem","position":2,"name":"Mery Mancilla, una historia de motivaci\u00f3n que ense\u00f1a a no desistir en medio de una situaci\u00f3n dif\u00edcil"}]},{"@type":"WebSite","@id":"https:\/\/tuguia.combarranquilla.co\/Revista\/#website","url":"https:\/\/tuguia.combarranquilla.co\/Revista\/","name":"Tu Gu\u00eda","description":"La revista donde lo tienes todo.","publisher":{"@id":"https:\/\/tuguia.combarranquilla.co\/Revista\/#organization"},"alternateName":"Tu Gu\u00eda Combarranquilla","potentialAction":[{"@type":"SearchAction","target":{"@type":"EntryPoint","urlTemplate":"https:\/\/tuguia.combarranquilla.co\/Revista\/?s={search_term_string}"},"query-input":{"@type":"PropertyValueSpecification","valueRequired":true,"valueName":"search_term_string"}}],"inLanguage":"es-CO"},{"@type":"Organization","@id":"https:\/\/tuguia.combarranquilla.co\/Revista\/#organization","name":"Tu Gu\u00eda Combarranquilla","url":"https:\/\/tuguia.combarranquilla.co\/Revista\/","logo":{"@type":"ImageObject","inLanguage":"es-CO","@id":"https:\/\/tuguia.combarranquilla.co\/Revista\/#\/schema\/logo\/image\/","url":"https:\/\/tuguia.combarranquilla.co\/Revista\/wp-content\/uploads\/2022\/02\/logo-guia-combarranquilla.svg","contentUrl":"https:\/\/tuguia.combarranquilla.co\/Revista\/wp-content\/uploads\/2022\/02\/logo-guia-combarranquilla.svg","caption":"Tu Gu\u00eda Combarranquilla"},"image":{"@id":"https:\/\/tuguia.combarranquilla.co\/Revista\/#\/schema\/logo\/image\/"}},{"@type":"Person","@id":"https:\/\/tuguia.combarranquilla.co\/Revista\/#\/schema\/person\/c2c396a77170bd1d5f8ba73294eb0d10","name":"Comunicaciones Combarranquilla","image":{"@type":"ImageObject","inLanguage":"es-CO","@id":"https:\/\/tuguia.combarranquilla.co\/Revista\/wp-content\/uploads\/2025\/05\/ABC-Al-Rojo-Logo-96x96.jpg","url":"https:\/\/tuguia.combarranquilla.co\/Revista\/wp-content\/uploads\/2025\/05\/ABC-Al-Rojo-Logo-96x96.jpg","contentUrl":"https:\/\/tuguia.combarranquilla.co\/Revista\/wp-content\/uploads\/2025\/05\/ABC-Al-Rojo-Logo-96x96.jpg","caption":"Comunicaciones Combarranquilla"},"sameAs":["https:\/\/www.combarranquilla.co"],"url":"https:\/\/tuguia.combarranquilla.co\/Revista\/author\/comunicaciones\/"}]}},"_links":{"self":[{"href":"https:\/\/tuguia.combarranquilla.co\/Revista\/wp-json\/wp\/v2\/posts\/2181","targetHints":{"allow":["GET"]}}],"collection":[{"href":"https:\/\/tuguia.combarranquilla.co\/Revista\/wp-json\/wp\/v2\/posts"}],"about":[{"href":"https:\/\/tuguia.combarranquilla.co\/Revista\/wp-json\/wp\/v2\/types\/post"}],"author":[{"embeddable":true,"href":"https:\/\/tuguia.combarranquilla.co\/Revista\/wp-json\/wp\/v2\/users\/2"}],"replies":[{"embeddable":true,"href":"https:\/\/tuguia.combarranquilla.co\/Revista\/wp-json\/wp\/v2\/comments?post=2181"}],"version-history":[{"count":26,"href":"https:\/\/tuguia.combarranquilla.co\/Revista\/wp-json\/wp\/v2\/posts\/2181\/revisions"}],"predecessor-version":[{"id":2211,"href":"https:\/\/tuguia.combarranquilla.co\/Revista\/wp-json\/wp\/v2\/posts\/2181\/revisions\/2211"}],"wp:featuredmedia":[{"embeddable":true,"href":"https:\/\/tuguia.combarranquilla.co\/Revista\/wp-json\/wp\/v2\/media\/2183"}],"wp:attachment":[{"href":"https:\/\/tuguia.combarranquilla.co\/Revista\/wp-json\/wp\/v2\/media?parent=2181"}],"wp:term":[{"taxonomy":"category","embeddable":true,"href":"https:\/\/tuguia.combarranquilla.co\/Revista\/wp-json\/wp\/v2\/categories?post=2181"},{"taxonomy":"post_tag","embeddable":true,"href":"https:\/\/tuguia.combarranquilla.co\/Revista\/wp-json\/wp\/v2\/tags?post=2181"}],"curies":[{"name":"wp","href":"https:\/\/api.w.org\/{rel}","templated":true}]}}