{"id":219,"date":"2022-07-05T11:29:00","date_gmt":"2022-07-05T16:29:00","guid":{"rendered":"http:\/\/tuguia.combarranquilla.co\/Revista\/?p=219"},"modified":"2022-12-02T11:41:12","modified_gmt":"2022-12-02T16:41:12","slug":"lugares-que-podras-visitar-para-reflexionar-y-tener-una-vida-turistica-saludable-2","status":"publish","type":"post","link":"https:\/\/tuguia.combarranquilla.co\/Revista\/lugares-que-podras-visitar-para-reflexionar-y-tener-una-vida-turistica-saludable-2\/","title":{"rendered":"Prepara tu maleta&#8230; \u00a1La s\u00e9ptima maravilla del mundo te espera!"},"content":{"rendered":"\n<p style=\"font-size:25px\"><em><strong>Un viaje puede cambiarlo todo, desde tu manera de pensar hasta la de actuar&#8230;<\/strong><\/em><\/p>\n\n\n\n<p>Dale la vuelta a tu rutina y atr\u00e9vete a descubrir lo fascinante que es viajar, la sensaci\u00f3n de sentir que vuelas y lo emocionante de conocer nuevas personas con distintos ideales, vestimenta, costumbres y olores, porque lo mejor de todo no es viajar, sino lo que esto te trae. \u00a1Una nueva manera de ver el mundo!<br><br>Porque todo viaje deja una huella llena de conocimientos que logra engrandecer tu vida personal e incluso profesional, llena tu vida de vida de viajes y cons\u00e9rvalos en los \u00e1lbumes de recuerdos. &nbsp;<br>&nbsp;<br>Desde Combarranquilla te ofrecemos la oportunidad de vivir una aventura hacia Per\u00fa con experiencias enriquecedoras, donde, aprender\u00e1s de su cultura, historia, gastronom\u00eda \u00a1Y mucho m\u00e1s! Adem\u00e1s de conocer una de las grandes maravillas del mundo, visitar\u00e1s los lugares m\u00e1s hist\u00f3ricos y significativos de Per\u00fa. &nbsp;<\/p>\n\n\n\n<p><strong>\u00bfEstar\u00edas dispuesto a darle la vuelta a tu rutina y llenar los \u00e1lbumes de tus viajes?<\/strong><\/p>\n\n\n\n<figure class=\"wp-block-image size-large is-resized is-style-default\"><img decoding=\"async\" data-src=\"https:\/\/tuguia.combarranquilla.co\/Revista\/wp-content\/uploads\/2022\/06\/pexels-julia-volk-5198285-1024x683.jpg\" alt=\"\" class=\"wp-image-442 lazyload\" width=\"1028\" height=\"680\" src=\"data:image\/svg+xml;base64,PHN2ZyB3aWR0aD0iMSIgaGVpZ2h0PSIxIiB4bWxucz0iaHR0cDovL3d3dy53My5vcmcvMjAwMC9zdmciPjwvc3ZnPg==\" style=\"--smush-placeholder-width: 1028px; --smush-placeholder-aspect-ratio: 1028\/680;\" \/><figcaption class=\"wp-element-caption\"><em>Paisaje Urbano De La Iglesia Medieval Y Casas Con Techo De Tejas Antiguas En Cusco Peru<\/em><br><\/figcaption><\/figure>\n\n\n\n<p><strong>Fecha:<\/strong> Del 6 al 12 de septiembre<br><strong>Tarifa:<\/strong> <br>Doble\/triple: $ 5.199.000 p\/p<br>Sencilla: $ 6.299.000<br>Ni\u00f1os (5 a 11 a\u00f1os):&nbsp; $ 4.960.000<\/p>\n\n\n\n<p><strong>Incluye:<\/strong><\/p>\n\n\n\n<ul class=\"wp-block-list\">\n<li>Tiquete a\u00e9reo y traslado aeropuerto-hotel-aeropuerto.<\/li>\n\n\n\n<li>Impuesto tiquete a\u00e9reo y migratorios (sujeto a cambios estatales).<\/li>\n\n\n\n<li>2% de Fee bancario.<\/li>\n\n\n\n<li>Equipaje 20 Kilos en bodega.<\/li>\n\n\n\n<li>Alojamiento en hoteles categor\u00eda superior, con desayunos.<\/li>\n\n\n\n<li>3 noches de alojamiento en Lima.<\/li>\n\n\n\n<li>2 noches de alojamiento en Cusco.<\/li>\n\n\n\n<li>1 noche de alojamiento en Aguas Calientes.<\/li>\n\n\n\n<li>Tarjeta de asistencia m\u00e9dica y de viaje hasta los 70 a\u00f1os.<\/li>\n\n\n\n<li>Visitas seg\u00fan itinerario descrito.<\/li>\n\n\n\n<li>Tour a la ciudad de Lima colonial y moderna.<\/li>\n\n\n\n<li>Tour a la ciudad de Cusco y ruinas aleda\u00f1as.<\/li>\n\n\n\n<li>Excursi\u00f3n al Valle Sagrado, con almuerzo buffet.<\/li>\n\n\n\n<li>Excursi\u00f3n a la ciudadela de Machu Picchu en Tren Expedition.<\/li>\n<\/ul>\n\n\n\n<p><strong>No incluye:<\/strong><\/p>\n\n\n\n<ul class=\"wp-block-list\">\n<li>Tr\u00e1mites de pasaporte.<\/li>\n\n\n\n<li>Gastos personales. Ning\u00fan servicio no especificado como incluyente.<\/li>\n\n\n\n<li>Propinas obligatorias para servicios generales (25 USD).<\/li>\n\n\n\n<li>Dinero para compras, lavander\u00eda y exceso de equipaje.<\/li>\n\n\n\n<li>SIM CARD INTERNACIONAL (50 USD) 1G por d\u00eda.<\/li>\n<\/ul>\n\n\n\n<p>\u00a1Aprovecha esta oportunidad! Disfruta de esta gran experiencia<\/p>\n\n\n\n<p><strong>M\u00e1s informaci\u00f3n:<\/strong><\/p>\n\n\n\n<p>(605) 3718900 Ext. 1231, 1233, 1236<\/p>\n","protected":false},"excerpt":{"rendered":"<p>Un viaje puede cambiarlo todo, desde tu manera de pensar hasta la de actuar&#8230; Dale la vuelta a tu rutina y atr\u00e9vete a descubrir lo fascinante que es viajar, la sensaci\u00f3n de sentir que vuelas y lo emocionante de conocer nuevas personas con distintos ideales, vestimenta, costumbres y olores, porque lo mejor de todo no [&hellip;]<\/p>\n","protected":false},"author":2,"featured_media":402,"comment_status":"open","ping_status":"open","sticky":false,"template":"","format":"standard","meta":{"inline_featured_image":false,"footnotes":""},"categories":[1],"tags":[],"class_list":["post-219","post","type-post","status-publish","format-standard","has-post-thumbnail","hentry","category-entretenimiento"],"yoast_head":"<!-- This site is optimized with the Yoast SEO plugin v27.4 - https:\/\/yoast.com\/product\/yoast-seo-wordpress\/ -->\n<title>Prepara tu maleta... \u00a1La s\u00e9ptima maravilla del mundo te espera! - Tu Gu\u00eda<\/title>\n<meta name=\"robots\" content=\"index, follow, max-snippet:-1, max-image-preview:large, max-video-preview:-1\" \/>\n<link rel=\"canonical\" href=\"https:\/\/tuguia.combarranquilla.co\/Revista\/lugares-que-podras-visitar-para-reflexionar-y-tener-una-vida-turistica-saludable-2\/\" \/>\n<meta property=\"og:locale\" content=\"es_ES\" \/>\n<meta property=\"og:type\" content=\"article\" \/>\n<meta property=\"og:title\" content=\"Prepara tu maleta... \u00a1La s\u00e9ptima maravilla del mundo te espera! - Tu Gu\u00eda\" \/>\n<meta property=\"og:description\" content=\"Un viaje puede cambiarlo todo, desde tu manera de pensar hasta la de actuar&#8230; Dale la vuelta a tu rutina y atr\u00e9vete a descubrir lo fascinante que es viajar, la sensaci\u00f3n de sentir que vuelas y lo emocionante de conocer nuevas personas con distintos ideales, vestimenta, costumbres y olores, porque lo mejor de todo no [&hellip;]\" \/>\n<meta property=\"og:url\" content=\"https:\/\/tuguia.combarranquilla.co\/Revista\/lugares-que-podras-visitar-para-reflexionar-y-tener-una-vida-turistica-saludable-2\/\" \/>\n<meta property=\"og:site_name\" content=\"Tu Gu\u00eda\" \/>\n<meta property=\"article:published_time\" content=\"2022-07-05T16:29:00+00:00\" \/>\n<meta property=\"article:modified_time\" content=\"2022-12-02T16:41:12+00:00\" \/>\n<meta property=\"og:image\" content=\"https:\/\/tuguia.combarranquilla.co\/Revista\/wp-content\/uploads\/2022\/06\/pexels-chelsea-cook-2929906-scaled.jpg\" \/>\n\t<meta property=\"og:image:width\" content=\"2560\" \/>\n\t<meta property=\"og:image:height\" content=\"1920\" \/>\n\t<meta property=\"og:image:type\" content=\"image\/jpeg\" \/>\n<meta name=\"author\" content=\"Comunicaciones Combarranquilla\" \/>\n<meta name=\"twitter:card\" content=\"summary_large_image\" \/>\n<meta name=\"twitter:label1\" content=\"Escrito por\" \/>\n\t<meta name=\"twitter:data1\" content=\"Comunicaciones Combarranquilla\" \/>\n\t<meta name=\"twitter:label2\" content=\"Tiempo de lectura\" \/>\n\t<meta name=\"twitter:data2\" content=\"2 minutos\" \/>\n<script type=\"application\/ld+json\" class=\"yoast-schema-graph\">{\"@context\":\"https:\\\/\\\/schema.org\",\"@graph\":[{\"@type\":\"Article\",\"@id\":\"https:\\\/\\\/tuguia.combarranquilla.co\\\/Revista\\\/lugares-que-podras-visitar-para-reflexionar-y-tener-una-vida-turistica-saludable-2\\\/#article\",\"isPartOf\":{\"@id\":\"https:\\\/\\\/tuguia.combarranquilla.co\\\/Revista\\\/lugares-que-podras-visitar-para-reflexionar-y-tener-una-vida-turistica-saludable-2\\\/\"},\"author\":{\"name\":\"Comunicaciones Combarranquilla\",\"@id\":\"https:\\\/\\\/tuguia.combarranquilla.co\\\/Revista\\\/#\\\/schema\\\/person\\\/c2c396a77170bd1d5f8ba73294eb0d10\"},\"headline\":\"Prepara tu maleta&#8230; \u00a1La s\u00e9ptima maravilla del mundo te espera!\",\"datePublished\":\"2022-07-05T16:29:00+00:00\",\"dateModified\":\"2022-12-02T16:41:12+00:00\",\"mainEntityOfPage\":{\"@id\":\"https:\\\/\\\/tuguia.combarranquilla.co\\\/Revista\\\/lugares-que-podras-visitar-para-reflexionar-y-tener-una-vida-turistica-saludable-2\\\/\"},\"wordCount\":373,\"commentCount\":0,\"publisher\":{\"@id\":\"https:\\\/\\\/tuguia.combarranquilla.co\\\/Revista\\\/#organization\"},\"image\":{\"@id\":\"https:\\\/\\\/tuguia.combarranquilla.co\\\/Revista\\\/lugares-que-podras-visitar-para-reflexionar-y-tener-una-vida-turistica-saludable-2\\\/#primaryimage\"},\"thumbnailUrl\":\"https:\\\/\\\/tuguia.combarranquilla.co\\\/Revista\\\/wp-content\\\/uploads\\\/2022\\\/06\\\/pexels-chelsea-cook-2929906-scaled.jpg\",\"articleSection\":[\"ENTRETENIMIENTO\"],\"inLanguage\":\"es-CO\",\"potentialAction\":[{\"@type\":\"CommentAction\",\"name\":\"Comment\",\"target\":[\"https:\\\/\\\/tuguia.combarranquilla.co\\\/Revista\\\/lugares-que-podras-visitar-para-reflexionar-y-tener-una-vida-turistica-saludable-2\\\/#respond\"]}]},{\"@type\":\"WebPage\",\"@id\":\"https:\\\/\\\/tuguia.combarranquilla.co\\\/Revista\\\/lugares-que-podras-visitar-para-reflexionar-y-tener-una-vida-turistica-saludable-2\\\/\",\"url\":\"https:\\\/\\\/tuguia.combarranquilla.co\\\/Revista\\\/lugares-que-podras-visitar-para-reflexionar-y-tener-una-vida-turistica-saludable-2\\\/\",\"name\":\"Prepara tu maleta... \u00a1La s\u00e9ptima maravilla del mundo te espera! - Tu Gu\u00eda\",\"isPartOf\":{\"@id\":\"https:\\\/\\\/tuguia.combarranquilla.co\\\/Revista\\\/#website\"},\"primaryImageOfPage\":{\"@id\":\"https:\\\/\\\/tuguia.combarranquilla.co\\\/Revista\\\/lugares-que-podras-visitar-para-reflexionar-y-tener-una-vida-turistica-saludable-2\\\/#primaryimage\"},\"image\":{\"@id\":\"https:\\\/\\\/tuguia.combarranquilla.co\\\/Revista\\\/lugares-que-podras-visitar-para-reflexionar-y-tener-una-vida-turistica-saludable-2\\\/#primaryimage\"},\"thumbnailUrl\":\"https:\\\/\\\/tuguia.combarranquilla.co\\\/Revista\\\/wp-content\\\/uploads\\\/2022\\\/06\\\/pexels-chelsea-cook-2929906-scaled.jpg\",\"datePublished\":\"2022-07-05T16:29:00+00:00\",\"dateModified\":\"2022-12-02T16:41:12+00:00\",\"breadcrumb\":{\"@id\":\"https:\\\/\\\/tuguia.combarranquilla.co\\\/Revista\\\/lugares-que-podras-visitar-para-reflexionar-y-tener-una-vida-turistica-saludable-2\\\/#breadcrumb\"},\"inLanguage\":\"es-CO\",\"potentialAction\":[{\"@type\":\"ReadAction\",\"target\":[\"https:\\\/\\\/tuguia.combarranquilla.co\\\/Revista\\\/lugares-que-podras-visitar-para-reflexionar-y-tener-una-vida-turistica-saludable-2\\\/\"]}]},{\"@type\":\"ImageObject\",\"inLanguage\":\"es-CO\",\"@id\":\"https:\\\/\\\/tuguia.combarranquilla.co\\\/Revista\\\/lugares-que-podras-visitar-para-reflexionar-y-tener-una-vida-turistica-saludable-2\\\/#primaryimage\",\"url\":\"https:\\\/\\\/tuguia.combarranquilla.co\\\/Revista\\\/wp-content\\\/uploads\\\/2022\\\/06\\\/pexels-chelsea-cook-2929906-scaled.jpg\",\"contentUrl\":\"https:\\\/\\\/tuguia.combarranquilla.co\\\/Revista\\\/wp-content\\\/uploads\\\/2022\\\/06\\\/pexels-chelsea-cook-2929906-scaled.jpg\",\"width\":2560,\"height\":1920},{\"@type\":\"BreadcrumbList\",\"@id\":\"https:\\\/\\\/tuguia.combarranquilla.co\\\/Revista\\\/lugares-que-podras-visitar-para-reflexionar-y-tener-una-vida-turistica-saludable-2\\\/#breadcrumb\",\"itemListElement\":[{\"@type\":\"ListItem\",\"position\":1,\"name\":\"Inicio\",\"item\":\"https:\\\/\\\/tuguia.combarranquilla.co\\\/Revista\\\/\"},{\"@type\":\"ListItem\",\"position\":2,\"name\":\"Prepara tu maleta&#8230; \u00a1La s\u00e9ptima maravilla del mundo te espera!\"}]},{\"@type\":\"WebSite\",\"@id\":\"https:\\\/\\\/tuguia.combarranquilla.co\\\/Revista\\\/#website\",\"url\":\"https:\\\/\\\/tuguia.combarranquilla.co\\\/Revista\\\/\",\"name\":\"Tu Gu\u00eda\",\"description\":\"La revista donde lo tienes todo.\",\"publisher\":{\"@id\":\"https:\\\/\\\/tuguia.combarranquilla.co\\\/Revista\\\/#organization\"},\"alternateName\":\"Tu Gu\u00eda Combarranquilla\",\"potentialAction\":[{\"@type\":\"SearchAction\",\"target\":{\"@type\":\"EntryPoint\",\"urlTemplate\":\"https:\\\/\\\/tuguia.combarranquilla.co\\\/Revista\\\/?s={search_term_string}\"},\"query-input\":{\"@type\":\"PropertyValueSpecification\",\"valueRequired\":true,\"valueName\":\"search_term_string\"}}],\"inLanguage\":\"es-CO\"},{\"@type\":\"Organization\",\"@id\":\"https:\\\/\\\/tuguia.combarranquilla.co\\\/Revista\\\/#organization\",\"name\":\"Tu Gu\u00eda Combarranquilla\",\"url\":\"https:\\\/\\\/tuguia.combarranquilla.co\\\/Revista\\\/\",\"logo\":{\"@type\":\"ImageObject\",\"inLanguage\":\"es-CO\",\"@id\":\"https:\\\/\\\/tuguia.combarranquilla.co\\\/Revista\\\/#\\\/schema\\\/logo\\\/image\\\/\",\"url\":\"https:\\\/\\\/tuguia.combarranquilla.co\\\/Revista\\\/wp-content\\\/uploads\\\/2022\\\/02\\\/logo-guia-combarranquilla.svg\",\"contentUrl\":\"https:\\\/\\\/tuguia.combarranquilla.co\\\/Revista\\\/wp-content\\\/uploads\\\/2022\\\/02\\\/logo-guia-combarranquilla.svg\",\"caption\":\"Tu Gu\u00eda Combarranquilla\"},\"image\":{\"@id\":\"https:\\\/\\\/tuguia.combarranquilla.co\\\/Revista\\\/#\\\/schema\\\/logo\\\/image\\\/\"}},{\"@type\":\"Person\",\"@id\":\"https:\\\/\\\/tuguia.combarranquilla.co\\\/Revista\\\/#\\\/schema\\\/person\\\/c2c396a77170bd1d5f8ba73294eb0d10\",\"name\":\"Comunicaciones Combarranquilla\",\"image\":{\"@type\":\"ImageObject\",\"inLanguage\":\"es-CO\",\"@id\":\"https:\\\/\\\/tuguia.combarranquilla.co\\\/Revista\\\/wp-content\\\/uploads\\\/2025\\\/05\\\/ABC-Al-Rojo-Logo-96x96.jpg\",\"url\":\"https:\\\/\\\/tuguia.combarranquilla.co\\\/Revista\\\/wp-content\\\/uploads\\\/2025\\\/05\\\/ABC-Al-Rojo-Logo-96x96.jpg\",\"contentUrl\":\"https:\\\/\\\/tuguia.combarranquilla.co\\\/Revista\\\/wp-content\\\/uploads\\\/2025\\\/05\\\/ABC-Al-Rojo-Logo-96x96.jpg\",\"caption\":\"Comunicaciones Combarranquilla\"},\"sameAs\":[\"https:\\\/\\\/www.combarranquilla.co\"],\"url\":\"https:\\\/\\\/tuguia.combarranquilla.co\\\/Revista\\\/author\\\/comunicaciones\\\/\"}]}<\/script>\n<!-- \/ Yoast SEO plugin. -->","yoast_head_json":{"title":"Prepara tu maleta... \u00a1La s\u00e9ptima maravilla del mundo te espera! - Tu Gu\u00eda","robots":{"index":"index","follow":"follow","max-snippet":"max-snippet:-1","max-image-preview":"max-image-preview:large","max-video-preview":"max-video-preview:-1"},"canonical":"https:\/\/tuguia.combarranquilla.co\/Revista\/lugares-que-podras-visitar-para-reflexionar-y-tener-una-vida-turistica-saludable-2\/","og_locale":"es_ES","og_type":"article","og_title":"Prepara tu maleta... \u00a1La s\u00e9ptima maravilla del mundo te espera! - Tu Gu\u00eda","og_description":"Un viaje puede cambiarlo todo, desde tu manera de pensar hasta la de actuar&#8230; Dale la vuelta a tu rutina y atr\u00e9vete a descubrir lo fascinante que es viajar, la sensaci\u00f3n de sentir que vuelas y lo emocionante de conocer nuevas personas con distintos ideales, vestimenta, costumbres y olores, porque lo mejor de todo no [&hellip;]","og_url":"https:\/\/tuguia.combarranquilla.co\/Revista\/lugares-que-podras-visitar-para-reflexionar-y-tener-una-vida-turistica-saludable-2\/","og_site_name":"Tu Gu\u00eda","article_published_time":"2022-07-05T16:29:00+00:00","article_modified_time":"2022-12-02T16:41:12+00:00","og_image":[{"width":2560,"height":1920,"url":"https:\/\/tuguia.combarranquilla.co\/Revista\/wp-content\/uploads\/2022\/06\/pexels-chelsea-cook-2929906-scaled.jpg","type":"image\/jpeg"}],"author":"Comunicaciones Combarranquilla","twitter_card":"summary_large_image","twitter_misc":{"Escrito por":"Comunicaciones Combarranquilla","Tiempo de lectura":"2 minutos"},"schema":{"@context":"https:\/\/schema.org","@graph":[{"@type":"Article","@id":"https:\/\/tuguia.combarranquilla.co\/Revista\/lugares-que-podras-visitar-para-reflexionar-y-tener-una-vida-turistica-saludable-2\/#article","isPartOf":{"@id":"https:\/\/tuguia.combarranquilla.co\/Revista\/lugares-que-podras-visitar-para-reflexionar-y-tener-una-vida-turistica-saludable-2\/"},"author":{"name":"Comunicaciones Combarranquilla","@id":"https:\/\/tuguia.combarranquilla.co\/Revista\/#\/schema\/person\/c2c396a77170bd1d5f8ba73294eb0d10"},"headline":"Prepara tu maleta&#8230; \u00a1La s\u00e9ptima maravilla del mundo te espera!","datePublished":"2022-07-05T16:29:00+00:00","dateModified":"2022-12-02T16:41:12+00:00","mainEntityOfPage":{"@id":"https:\/\/tuguia.combarranquilla.co\/Revista\/lugares-que-podras-visitar-para-reflexionar-y-tener-una-vida-turistica-saludable-2\/"},"wordCount":373,"commentCount":0,"publisher":{"@id":"https:\/\/tuguia.combarranquilla.co\/Revista\/#organization"},"image":{"@id":"https:\/\/tuguia.combarranquilla.co\/Revista\/lugares-que-podras-visitar-para-reflexionar-y-tener-una-vida-turistica-saludable-2\/#primaryimage"},"thumbnailUrl":"https:\/\/tuguia.combarranquilla.co\/Revista\/wp-content\/uploads\/2022\/06\/pexels-chelsea-cook-2929906-scaled.jpg","articleSection":["ENTRETENIMIENTO"],"inLanguage":"es-CO","potentialAction":[{"@type":"CommentAction","name":"Comment","target":["https:\/\/tuguia.combarranquilla.co\/Revista\/lugares-que-podras-visitar-para-reflexionar-y-tener-una-vida-turistica-saludable-2\/#respond"]}]},{"@type":"WebPage","@id":"https:\/\/tuguia.combarranquilla.co\/Revista\/lugares-que-podras-visitar-para-reflexionar-y-tener-una-vida-turistica-saludable-2\/","url":"https:\/\/tuguia.combarranquilla.co\/Revista\/lugares-que-podras-visitar-para-reflexionar-y-tener-una-vida-turistica-saludable-2\/","name":"Prepara tu maleta... \u00a1La s\u00e9ptima maravilla del mundo te espera! - Tu Gu\u00eda","isPartOf":{"@id":"https:\/\/tuguia.combarranquilla.co\/Revista\/#website"},"primaryImageOfPage":{"@id":"https:\/\/tuguia.combarranquilla.co\/Revista\/lugares-que-podras-visitar-para-reflexionar-y-tener-una-vida-turistica-saludable-2\/#primaryimage"},"image":{"@id":"https:\/\/tuguia.combarranquilla.co\/Revista\/lugares-que-podras-visitar-para-reflexionar-y-tener-una-vida-turistica-saludable-2\/#primaryimage"},"thumbnailUrl":"https:\/\/tuguia.combarranquilla.co\/Revista\/wp-content\/uploads\/2022\/06\/pexels-chelsea-cook-2929906-scaled.jpg","datePublished":"2022-07-05T16:29:00+00:00","dateModified":"2022-12-02T16:41:12+00:00","breadcrumb":{"@id":"https:\/\/tuguia.combarranquilla.co\/Revista\/lugares-que-podras-visitar-para-reflexionar-y-tener-una-vida-turistica-saludable-2\/#breadcrumb"},"inLanguage":"es-CO","potentialAction":[{"@type":"ReadAction","target":["https:\/\/tuguia.combarranquilla.co\/Revista\/lugares-que-podras-visitar-para-reflexionar-y-tener-una-vida-turistica-saludable-2\/"]}]},{"@type":"ImageObject","inLanguage":"es-CO","@id":"https:\/\/tuguia.combarranquilla.co\/Revista\/lugares-que-podras-visitar-para-reflexionar-y-tener-una-vida-turistica-saludable-2\/#primaryimage","url":"https:\/\/tuguia.combarranquilla.co\/Revista\/wp-content\/uploads\/2022\/06\/pexels-chelsea-cook-2929906-scaled.jpg","contentUrl":"https:\/\/tuguia.combarranquilla.co\/Revista\/wp-content\/uploads\/2022\/06\/pexels-chelsea-cook-2929906-scaled.jpg","width":2560,"height":1920},{"@type":"BreadcrumbList","@id":"https:\/\/tuguia.combarranquilla.co\/Revista\/lugares-que-podras-visitar-para-reflexionar-y-tener-una-vida-turistica-saludable-2\/#breadcrumb","itemListElement":[{"@type":"ListItem","position":1,"name":"Inicio","item":"https:\/\/tuguia.combarranquilla.co\/Revista\/"},{"@type":"ListItem","position":2,"name":"Prepara tu maleta&#8230; \u00a1La s\u00e9ptima maravilla del mundo te espera!"}]},{"@type":"WebSite","@id":"https:\/\/tuguia.combarranquilla.co\/Revista\/#website","url":"https:\/\/tuguia.combarranquilla.co\/Revista\/","name":"Tu Gu\u00eda","description":"La revista donde lo tienes todo.","publisher":{"@id":"https:\/\/tuguia.combarranquilla.co\/Revista\/#organization"},"alternateName":"Tu Gu\u00eda Combarranquilla","potentialAction":[{"@type":"SearchAction","target":{"@type":"EntryPoint","urlTemplate":"https:\/\/tuguia.combarranquilla.co\/Revista\/?s={search_term_string}"},"query-input":{"@type":"PropertyValueSpecification","valueRequired":true,"valueName":"search_term_string"}}],"inLanguage":"es-CO"},{"@type":"Organization","@id":"https:\/\/tuguia.combarranquilla.co\/Revista\/#organization","name":"Tu Gu\u00eda Combarranquilla","url":"https:\/\/tuguia.combarranquilla.co\/Revista\/","logo":{"@type":"ImageObject","inLanguage":"es-CO","@id":"https:\/\/tuguia.combarranquilla.co\/Revista\/#\/schema\/logo\/image\/","url":"https:\/\/tuguia.combarranquilla.co\/Revista\/wp-content\/uploads\/2022\/02\/logo-guia-combarranquilla.svg","contentUrl":"https:\/\/tuguia.combarranquilla.co\/Revista\/wp-content\/uploads\/2022\/02\/logo-guia-combarranquilla.svg","caption":"Tu Gu\u00eda Combarranquilla"},"image":{"@id":"https:\/\/tuguia.combarranquilla.co\/Revista\/#\/schema\/logo\/image\/"}},{"@type":"Person","@id":"https:\/\/tuguia.combarranquilla.co\/Revista\/#\/schema\/person\/c2c396a77170bd1d5f8ba73294eb0d10","name":"Comunicaciones Combarranquilla","image":{"@type":"ImageObject","inLanguage":"es-CO","@id":"https:\/\/tuguia.combarranquilla.co\/Revista\/wp-content\/uploads\/2025\/05\/ABC-Al-Rojo-Logo-96x96.jpg","url":"https:\/\/tuguia.combarranquilla.co\/Revista\/wp-content\/uploads\/2025\/05\/ABC-Al-Rojo-Logo-96x96.jpg","contentUrl":"https:\/\/tuguia.combarranquilla.co\/Revista\/wp-content\/uploads\/2025\/05\/ABC-Al-Rojo-Logo-96x96.jpg","caption":"Comunicaciones Combarranquilla"},"sameAs":["https:\/\/www.combarranquilla.co"],"url":"https:\/\/tuguia.combarranquilla.co\/Revista\/author\/comunicaciones\/"}]}},"_links":{"self":[{"href":"https:\/\/tuguia.combarranquilla.co\/Revista\/wp-json\/wp\/v2\/posts\/219","targetHints":{"allow":["GET"]}}],"collection":[{"href":"https:\/\/tuguia.combarranquilla.co\/Revista\/wp-json\/wp\/v2\/posts"}],"about":[{"href":"https:\/\/tuguia.combarranquilla.co\/Revista\/wp-json\/wp\/v2\/types\/post"}],"author":[{"embeddable":true,"href":"https:\/\/tuguia.combarranquilla.co\/Revista\/wp-json\/wp\/v2\/users\/2"}],"replies":[{"embeddable":true,"href":"https:\/\/tuguia.combarranquilla.co\/Revista\/wp-json\/wp\/v2\/comments?post=219"}],"version-history":[{"count":12,"href":"https:\/\/tuguia.combarranquilla.co\/Revista\/wp-json\/wp\/v2\/posts\/219\/revisions"}],"predecessor-version":[{"id":1152,"href":"https:\/\/tuguia.combarranquilla.co\/Revista\/wp-json\/wp\/v2\/posts\/219\/revisions\/1152"}],"wp:featuredmedia":[{"embeddable":true,"href":"https:\/\/tuguia.combarranquilla.co\/Revista\/wp-json\/wp\/v2\/media\/402"}],"wp:attachment":[{"href":"https:\/\/tuguia.combarranquilla.co\/Revista\/wp-json\/wp\/v2\/media?parent=219"}],"wp:term":[{"taxonomy":"category","embeddable":true,"href":"https:\/\/tuguia.combarranquilla.co\/Revista\/wp-json\/wp\/v2\/categories?post=219"},{"taxonomy":"post_tag","embeddable":true,"href":"https:\/\/tuguia.combarranquilla.co\/Revista\/wp-json\/wp\/v2\/tags?post=219"}],"curies":[{"name":"wp","href":"https:\/\/api.w.org\/{rel}","templated":true}]}}