{"id":2222,"date":"2023-06-06T10:37:40","date_gmt":"2023-06-06T15:37:40","guid":{"rendered":"https:\/\/tuguia.combarranquilla.co\/Revista\/?p=2222"},"modified":"2023-06-26T11:00:20","modified_gmt":"2023-06-26T16:00:20","slug":"15-barrios-del-atlantico-han-sido-beneficiados-con-oportunidades-laborales","status":"publish","type":"post","link":"https:\/\/tuguia.combarranquilla.co\/Revista\/15-barrios-del-atlantico-han-sido-beneficiados-con-oportunidades-laborales\/","title":{"rendered":"15 barrios del Atl\u00e1ntico han sido beneficiados con oportunidades laborales"},"content":{"rendered":"\n<p>A trav\u00e9s de la Feria <em>Combarranquilla transforma vidas desde tu barrio,<\/em> la Agencia de Empleo ha visitado varios sectores de la ciudad y del departamento.<\/p>\n\n\n\n<p>Esta iniciativa se crea en el a\u00f1o 2022, con el prop\u00f3sito de cerrar brechas de empleo en el Atl\u00e1ntico, ofreciendo as\u00ed un servicio inclusivo, donde todas las personas puedan participar y beneficiarse de los servicios que brinda la agencia para personal desempleado.<\/p>\n\n\n<div class=\"wp-block-image\">\n<figure class=\"aligncenter size-large is-resized\"><img decoding=\"async\" data-src=\"https:\/\/tuguia.combarranquilla.co\/Revista\/wp-content\/uploads\/2023\/06\/44e3ee9c-5514-4b76-9c0e-e2dfb96a34ec-1024x768.jpeg\" alt=\"\" class=\"wp-image-2235 lazyload\" width=\"583\" height=\"438\" data-srcset=\"https:\/\/tuguia.combarranquilla.co\/Revista\/wp-content\/uploads\/2023\/06\/44e3ee9c-5514-4b76-9c0e-e2dfb96a34ec-1024x768.jpeg 1024w, https:\/\/tuguia.combarranquilla.co\/Revista\/wp-content\/uploads\/2023\/06\/44e3ee9c-5514-4b76-9c0e-e2dfb96a34ec-300x225.jpeg 300w, https:\/\/tuguia.combarranquilla.co\/Revista\/wp-content\/uploads\/2023\/06\/44e3ee9c-5514-4b76-9c0e-e2dfb96a34ec-768x576.jpeg 768w, https:\/\/tuguia.combarranquilla.co\/Revista\/wp-content\/uploads\/2023\/06\/44e3ee9c-5514-4b76-9c0e-e2dfb96a34ec-1536x1152.jpeg 1536w, https:\/\/tuguia.combarranquilla.co\/Revista\/wp-content\/uploads\/2023\/06\/44e3ee9c-5514-4b76-9c0e-e2dfb96a34ec.jpeg 1600w\" data-sizes=\"(max-width: 583px) 100vw, 583px\" src=\"data:image\/svg+xml;base64,PHN2ZyB3aWR0aD0iMSIgaGVpZ2h0PSIxIiB4bWxucz0iaHR0cDovL3d3dy53My5vcmcvMjAwMC9zdmciPjwvc3ZnPg==\" style=\"--smush-placeholder-width: 583px; --smush-placeholder-aspect-ratio: 583\/438;\" \/><\/figure><\/div>\n\n\n<p><\/p>\n\n\n\n<p>7 de abril, la Ciudadela, Caribe Verde, Manuela Beltr\u00e1n, la Cordialidad, Juan Mina, el Santuario, Carrizal, la Manga, 20 de julio, entre otros barrios han sido protagonistas de esta estrategia que busca fomentar nuevas pr\u00e1cticas que permitan conseguir un empleo digno, ser orientado laboralmente y acceder a capacitaciones para fortalecer competencias y habilidades.<\/p>\n\n\n\n<figure class=\"wp-block-gallery alignwide has-nested-images columns-default is-cropped wp-block-gallery-1 is-layout-flex wp-block-gallery-is-layout-flex\">\n<figure class=\"wp-block-image size-large\"><img decoding=\"async\" width=\"1024\" height=\"768\" data-id=\"2236\" data-src=\"https:\/\/tuguia.combarranquilla.co\/Revista\/wp-content\/uploads\/2023\/06\/f4ee0b50-396c-456d-9985-c9d002e01911-1024x768.jpeg\" alt=\"\" class=\"wp-image-2236 lazyload\" data-srcset=\"https:\/\/tuguia.combarranquilla.co\/Revista\/wp-content\/uploads\/2023\/06\/f4ee0b50-396c-456d-9985-c9d002e01911-1024x768.jpeg 1024w, https:\/\/tuguia.combarranquilla.co\/Revista\/wp-content\/uploads\/2023\/06\/f4ee0b50-396c-456d-9985-c9d002e01911-300x225.jpeg 300w, https:\/\/tuguia.combarranquilla.co\/Revista\/wp-content\/uploads\/2023\/06\/f4ee0b50-396c-456d-9985-c9d002e01911-768x576.jpeg 768w, https:\/\/tuguia.combarranquilla.co\/Revista\/wp-content\/uploads\/2023\/06\/f4ee0b50-396c-456d-9985-c9d002e01911-1536x1152.jpeg 1536w, https:\/\/tuguia.combarranquilla.co\/Revista\/wp-content\/uploads\/2023\/06\/f4ee0b50-396c-456d-9985-c9d002e01911.jpeg 1600w\" data-sizes=\"(max-width: 1024px) 100vw, 1024px\" src=\"data:image\/svg+xml;base64,PHN2ZyB3aWR0aD0iMSIgaGVpZ2h0PSIxIiB4bWxucz0iaHR0cDovL3d3dy53My5vcmcvMjAwMC9zdmciPjwvc3ZnPg==\" style=\"--smush-placeholder-width: 1024px; --smush-placeholder-aspect-ratio: 1024\/768;\" \/><\/figure>\n\n\n\n<figure class=\"wp-block-image size-large\"><img decoding=\"async\" width=\"1024\" height=\"576\" data-id=\"2231\" data-src=\"https:\/\/tuguia.combarranquilla.co\/Revista\/wp-content\/uploads\/2023\/06\/2ce7e67c-8254-421a-bbdb-9e5aa0e0516c-1024x576.jpg\" alt=\"\" class=\"wp-image-2231 lazyload\" data-srcset=\"https:\/\/tuguia.combarranquilla.co\/Revista\/wp-content\/uploads\/2023\/06\/2ce7e67c-8254-421a-bbdb-9e5aa0e0516c-1024x576.jpg 1024w, https:\/\/tuguia.combarranquilla.co\/Revista\/wp-content\/uploads\/2023\/06\/2ce7e67c-8254-421a-bbdb-9e5aa0e0516c-300x169.jpg 300w, https:\/\/tuguia.combarranquilla.co\/Revista\/wp-content\/uploads\/2023\/06\/2ce7e67c-8254-421a-bbdb-9e5aa0e0516c-768x432.jpg 768w, https:\/\/tuguia.combarranquilla.co\/Revista\/wp-content\/uploads\/2023\/06\/2ce7e67c-8254-421a-bbdb-9e5aa0e0516c-1536x864.jpg 1536w, https:\/\/tuguia.combarranquilla.co\/Revista\/wp-content\/uploads\/2023\/06\/2ce7e67c-8254-421a-bbdb-9e5aa0e0516c.jpg 1599w\" data-sizes=\"(max-width: 1024px) 100vw, 1024px\" src=\"data:image\/svg+xml;base64,PHN2ZyB3aWR0aD0iMSIgaGVpZ2h0PSIxIiB4bWxucz0iaHR0cDovL3d3dy53My5vcmcvMjAwMC9zdmciPjwvc3ZnPg==\" style=\"--smush-placeholder-width: 1024px; --smush-placeholder-aspect-ratio: 1024\/576;\" \/><\/figure>\n<\/figure>\n\n\n\n<p><\/p>\n\n\n\n<h2 class=\"wp-block-heading\">Registrados 2022-2023<\/h2>\n\n\n\n<p>De acuerdo con Yira Reales, jefe de la Agencia de Empleo Combarranquilla, se han atendido a 700 personas y autorregistrado 200 desde que iniciaron las ferias en los barrios. &#8220;<em>Continuamos trabajando por esas personas que sue\u00f1an con un empleo productivo, que garantice su estabilidad laboral y produzca un ingreso digno<\/em>&#8220;, se\u00f1al\u00f3.<\/p>\n\n\n\n<p>Cabe destacar que:<\/p>\n\n\n\n<ul class=\"wp-block-list\">\n<li>36 personas fueron direccionadas a las vacantes operario de producci\u00f3n, auxiliar log\u00edstico, mensajero distribuidor, montacarguista, l\u00edder de bodega, asesor comercial y auxiliar de almac\u00e9n administrativo. <\/li>\n\n\n\n<li>1 persona realiz\u00f3 taller: Claves de motivaci\u00f3n, comunicaci\u00f3n asertiva, transformaci\u00f3n personal y curso de Excel.<\/li>\n<\/ul>\n\n\n\n<h2 class=\"wp-block-heading\">Experiencias de transformaci\u00f3n<\/h2>\n\n\n\n<p>En alianza con los <em>Pelaos del barrio,<\/em> un movimiento juvenil que trabaja por Barranquilla, se han realizado 4 ferias con total \u00e9xito. Se ha llegado a poblaci\u00f3n afrocolombiana, migrantes, adultos mayores y j\u00f3venes. <\/p>\n\n\n\n<p class=\"has-text-align-center\">Conoce c\u00f3mo fue la primera feria en el barrio la Manga:<\/p>\n\n\n\n<figure class=\"wp-block-video\"><video controls src=\"https:\/\/tuguia.combarranquilla.co\/Revista\/wp-content\/uploads\/2023\/06\/SaveInsta.App-3096766870774823681.mp4\"><\/video><\/figure>\n\n\n\n<h2 class=\"wp-block-heading\">Prop\u00f3sito #TransformarVidas<\/h2>\n\n\n\n<p>Continuamos trabajando por el bienestar de nuestros afiliados y sus familias. A trav\u00e9s de los diferentes servicios que brinda Combarranquilla se ha aportado a su bienestar y calidad de vida. Por eso, nos llena de orgullo ser el aliado efectivo de personas cesantes en b\u00fasqueda de empleo y de empresarios en consecuci\u00f3n de talento humano, porque sabemos que transformamos sus vidas en el \u00e1mbito personal y profesional.<\/p>\n\n\n\n<figure class=\"wp-block-gallery alignwide has-nested-images columns-default is-cropped wp-block-gallery-2 is-layout-flex wp-block-gallery-is-layout-flex\">\n<figure class=\"wp-block-image size-large\"><img decoding=\"async\" width=\"1024\" height=\"576\" data-id=\"2259\" data-src=\"https:\/\/tuguia.combarranquilla.co\/Revista\/wp-content\/uploads\/2023\/06\/ffa2e227-8b8d-47db-bfc6-ed46a614db43-1024x576.jpg\" alt=\"\" class=\"wp-image-2259 lazyload\" data-srcset=\"https:\/\/tuguia.combarranquilla.co\/Revista\/wp-content\/uploads\/2023\/06\/ffa2e227-8b8d-47db-bfc6-ed46a614db43-1024x576.jpg 1024w, https:\/\/tuguia.combarranquilla.co\/Revista\/wp-content\/uploads\/2023\/06\/ffa2e227-8b8d-47db-bfc6-ed46a614db43-300x169.jpg 300w, https:\/\/tuguia.combarranquilla.co\/Revista\/wp-content\/uploads\/2023\/06\/ffa2e227-8b8d-47db-bfc6-ed46a614db43-768x432.jpg 768w, https:\/\/tuguia.combarranquilla.co\/Revista\/wp-content\/uploads\/2023\/06\/ffa2e227-8b8d-47db-bfc6-ed46a614db43-1536x864.jpg 1536w, https:\/\/tuguia.combarranquilla.co\/Revista\/wp-content\/uploads\/2023\/06\/ffa2e227-8b8d-47db-bfc6-ed46a614db43.jpg 1600w\" data-sizes=\"(max-width: 1024px) 100vw, 1024px\" src=\"data:image\/svg+xml;base64,PHN2ZyB3aWR0aD0iMSIgaGVpZ2h0PSIxIiB4bWxucz0iaHR0cDovL3d3dy53My5vcmcvMjAwMC9zdmciPjwvc3ZnPg==\" style=\"--smush-placeholder-width: 1024px; --smush-placeholder-aspect-ratio: 1024\/576;\" \/><\/figure>\n\n\n\n<figure class=\"wp-block-image size-large\"><img decoding=\"async\" width=\"1024\" height=\"576\" data-id=\"2234\" data-src=\"https:\/\/tuguia.combarranquilla.co\/Revista\/wp-content\/uploads\/2023\/06\/68d91d7e-dbc9-42f6-8d0f-1e97af218360-1024x576.jpeg\" alt=\"\" class=\"wp-image-2234 lazyload\" data-srcset=\"https:\/\/tuguia.combarranquilla.co\/Revista\/wp-content\/uploads\/2023\/06\/68d91d7e-dbc9-42f6-8d0f-1e97af218360-1024x576.jpeg 1024w, https:\/\/tuguia.combarranquilla.co\/Revista\/wp-content\/uploads\/2023\/06\/68d91d7e-dbc9-42f6-8d0f-1e97af218360-300x169.jpeg 300w, https:\/\/tuguia.combarranquilla.co\/Revista\/wp-content\/uploads\/2023\/06\/68d91d7e-dbc9-42f6-8d0f-1e97af218360-768x432.jpeg 768w, https:\/\/tuguia.combarranquilla.co\/Revista\/wp-content\/uploads\/2023\/06\/68d91d7e-dbc9-42f6-8d0f-1e97af218360-1536x864.jpeg 1536w, https:\/\/tuguia.combarranquilla.co\/Revista\/wp-content\/uploads\/2023\/06\/68d91d7e-dbc9-42f6-8d0f-1e97af218360.jpeg 1600w\" data-sizes=\"(max-width: 1024px) 100vw, 1024px\" src=\"data:image\/svg+xml;base64,PHN2ZyB3aWR0aD0iMSIgaGVpZ2h0PSIxIiB4bWxucz0iaHR0cDovL3d3dy53My5vcmcvMjAwMC9zdmciPjwvc3ZnPg==\" style=\"--smush-placeholder-width: 1024px; --smush-placeholder-aspect-ratio: 1024\/576;\" \/><\/figure>\n<\/figure>\n\n\n\n<p><\/p>\n\n\n\n<div class=\"wp-block-group alignfull\"><div class=\"wp-block-group__inner-container is-layout-constrained wp-block-group-is-layout-constrained\">\n<div class=\"wp-block-group alignfull is-content-justification-space-between is-layout-flex wp-container-core-group-is-layout-0b2df045 wp-block-group-is-layout-flex\" style=\"padding-top:var(--wp--preset--spacing--30);padding-right:var(--wp--preset--spacing--30);padding-bottom:var(--wp--preset--spacing--30);padding-left:var(--wp--preset--spacing--30)\">\n<div class=\"wp-block-group is-layout-flex wp-block-group-is-layout-flex\"><div class=\"is-default-size wp-block-site-logo\"><a href=\"https:\/\/tuguia.combarranquilla.co\/Revista\/\" class=\"navbar-brand\" rel=\"home\"><img decoding=\"async\" width=\"1\" height=\"1\" data-src=\"https:\/\/tuguia.combarranquilla.co\/Revista\/wp-content\/uploads\/2022\/02\/logo-guia-combarranquilla.svg\" class=\"custom-logo lazyload\" alt=\"Tu Gu\u00eda\" src=\"data:image\/svg+xml;base64,PHN2ZyB3aWR0aD0iMSIgaGVpZ2h0PSIxIiB4bWxucz0iaHR0cDovL3d3dy53My5vcmcvMjAwMC9zdmciPjwvc3ZnPg==\" style=\"--smush-placeholder-width: 1px; --smush-placeholder-aspect-ratio: 1\/1;\" \/><\/a><\/div>\n\n\n<div class=\"wp-block-group is-vertical is-layout-flex wp-container-core-group-is-layout-5d5a54e7 wp-block-group-is-layout-flex\"><h1 class=\"has-link-color wp-elements-234e57400cf5587740bb7caa261d6fc4 wp-block-site-title has-medium-font-size\"><a href=\"https:\/\/tuguia.combarranquilla.co\/Revista\" target=\"_self\" rel=\"home\">Tu Gu\u00eda<\/a><\/h1><\/div>\n<\/div>\n<\/div>\n<\/div><\/div>\n","protected":false},"excerpt":{"rendered":"<p>A trav\u00e9s de la Feria Combarranquilla transforma vidas desde tu barrio, la Agencia de Empleo ha visitado varios sectores de la ciudad y del departamento. Esta iniciativa se crea en el a\u00f1o 2022, con el prop\u00f3sito de cerrar brechas de empleo en el Atl\u00e1ntico, ofreciendo as\u00ed un servicio inclusivo, donde todas las personas puedan participar [&hellip;]<\/p>\n","protected":false},"author":2,"featured_media":2230,"comment_status":"open","ping_status":"open","sticky":false,"template":"","format":"standard","meta":{"inline_featured_image":false,"footnotes":""},"categories":[6],"tags":[],"class_list":["post-2222","post","type-post","status-publish","format-standard","has-post-thumbnail","hentry","category-empleabilidad"],"yoast_head":"<!-- This site is optimized with the Yoast SEO plugin v27.4 - https:\/\/yoast.com\/product\/yoast-seo-wordpress\/ -->\n<title>15 barrios del Atl\u00e1ntico han sido beneficiados con oportunidades laborales - Tu Gu\u00eda<\/title>\n<meta name=\"robots\" content=\"index, follow, max-snippet:-1, max-image-preview:large, max-video-preview:-1\" \/>\n<link rel=\"canonical\" href=\"https:\/\/tuguia.combarranquilla.co\/Revista\/15-barrios-del-atlantico-han-sido-beneficiados-con-oportunidades-laborales\/\" \/>\n<meta property=\"og:locale\" content=\"es_ES\" \/>\n<meta property=\"og:type\" content=\"article\" \/>\n<meta property=\"og:title\" content=\"15 barrios del Atl\u00e1ntico han sido beneficiados con oportunidades laborales - Tu Gu\u00eda\" \/>\n<meta property=\"og:description\" content=\"A trav\u00e9s de la Feria Combarranquilla transforma vidas desde tu barrio, la Agencia de Empleo ha visitado varios sectores de la ciudad y del departamento. Esta iniciativa se crea en el a\u00f1o 2022, con el prop\u00f3sito de cerrar brechas de empleo en el Atl\u00e1ntico, ofreciendo as\u00ed un servicio inclusivo, donde todas las personas puedan participar [&hellip;]\" \/>\n<meta property=\"og:url\" content=\"https:\/\/tuguia.combarranquilla.co\/Revista\/15-barrios-del-atlantico-han-sido-beneficiados-con-oportunidades-laborales\/\" \/>\n<meta property=\"og:site_name\" content=\"Tu Gu\u00eda\" \/>\n<meta property=\"article:published_time\" content=\"2023-06-06T15:37:40+00:00\" \/>\n<meta property=\"article:modified_time\" content=\"2023-06-26T16:00:20+00:00\" \/>\n<meta property=\"og:image\" content=\"https:\/\/tuguia.combarranquilla.co\/Revista\/wp-content\/uploads\/2023\/06\/3da3233a-8aeb-47d7-bc09-819cfab51571.jpg\" \/>\n\t<meta property=\"og:image:width\" content=\"1600\" \/>\n\t<meta property=\"og:image:height\" content=\"1200\" \/>\n\t<meta property=\"og:image:type\" content=\"image\/jpeg\" \/>\n<meta name=\"author\" content=\"Comunicaciones Combarranquilla\" \/>\n<meta name=\"twitter:card\" content=\"summary_large_image\" \/>\n<meta name=\"twitter:label1\" content=\"Escrito por\" \/>\n\t<meta name=\"twitter:data1\" content=\"Comunicaciones Combarranquilla\" \/>\n\t<meta name=\"twitter:label2\" content=\"Tiempo de lectura\" \/>\n\t<meta name=\"twitter:data2\" content=\"2 minutos\" \/>\n<script type=\"application\/ld+json\" class=\"yoast-schema-graph\">{\"@context\":\"https:\\\/\\\/schema.org\",\"@graph\":[{\"@type\":\"Article\",\"@id\":\"https:\\\/\\\/tuguia.combarranquilla.co\\\/Revista\\\/15-barrios-del-atlantico-han-sido-beneficiados-con-oportunidades-laborales\\\/#article\",\"isPartOf\":{\"@id\":\"https:\\\/\\\/tuguia.combarranquilla.co\\\/Revista\\\/15-barrios-del-atlantico-han-sido-beneficiados-con-oportunidades-laborales\\\/\"},\"author\":{\"name\":\"Comunicaciones Combarranquilla\",\"@id\":\"https:\\\/\\\/tuguia.combarranquilla.co\\\/Revista\\\/#\\\/schema\\\/person\\\/c2c396a77170bd1d5f8ba73294eb0d10\"},\"headline\":\"15 barrios del Atl\u00e1ntico han sido beneficiados con oportunidades laborales\",\"datePublished\":\"2023-06-06T15:37:40+00:00\",\"dateModified\":\"2023-06-26T16:00:20+00:00\",\"mainEntityOfPage\":{\"@id\":\"https:\\\/\\\/tuguia.combarranquilla.co\\\/Revista\\\/15-barrios-del-atlantico-han-sido-beneficiados-con-oportunidades-laborales\\\/\"},\"wordCount\":357,\"commentCount\":0,\"publisher\":{\"@id\":\"https:\\\/\\\/tuguia.combarranquilla.co\\\/Revista\\\/#organization\"},\"image\":{\"@id\":\"https:\\\/\\\/tuguia.combarranquilla.co\\\/Revista\\\/15-barrios-del-atlantico-han-sido-beneficiados-con-oportunidades-laborales\\\/#primaryimage\"},\"thumbnailUrl\":\"https:\\\/\\\/tuguia.combarranquilla.co\\\/Revista\\\/wp-content\\\/uploads\\\/2023\\\/06\\\/3da3233a-8aeb-47d7-bc09-819cfab51571.jpg\",\"articleSection\":[\"EMPLEABILIDAD\"],\"inLanguage\":\"es-CO\",\"potentialAction\":[{\"@type\":\"CommentAction\",\"name\":\"Comment\",\"target\":[\"https:\\\/\\\/tuguia.combarranquilla.co\\\/Revista\\\/15-barrios-del-atlantico-han-sido-beneficiados-con-oportunidades-laborales\\\/#respond\"]}]},{\"@type\":\"WebPage\",\"@id\":\"https:\\\/\\\/tuguia.combarranquilla.co\\\/Revista\\\/15-barrios-del-atlantico-han-sido-beneficiados-con-oportunidades-laborales\\\/\",\"url\":\"https:\\\/\\\/tuguia.combarranquilla.co\\\/Revista\\\/15-barrios-del-atlantico-han-sido-beneficiados-con-oportunidades-laborales\\\/\",\"name\":\"15 barrios del Atl\u00e1ntico han sido beneficiados con oportunidades laborales - Tu Gu\u00eda\",\"isPartOf\":{\"@id\":\"https:\\\/\\\/tuguia.combarranquilla.co\\\/Revista\\\/#website\"},\"primaryImageOfPage\":{\"@id\":\"https:\\\/\\\/tuguia.combarranquilla.co\\\/Revista\\\/15-barrios-del-atlantico-han-sido-beneficiados-con-oportunidades-laborales\\\/#primaryimage\"},\"image\":{\"@id\":\"https:\\\/\\\/tuguia.combarranquilla.co\\\/Revista\\\/15-barrios-del-atlantico-han-sido-beneficiados-con-oportunidades-laborales\\\/#primaryimage\"},\"thumbnailUrl\":\"https:\\\/\\\/tuguia.combarranquilla.co\\\/Revista\\\/wp-content\\\/uploads\\\/2023\\\/06\\\/3da3233a-8aeb-47d7-bc09-819cfab51571.jpg\",\"datePublished\":\"2023-06-06T15:37:40+00:00\",\"dateModified\":\"2023-06-26T16:00:20+00:00\",\"breadcrumb\":{\"@id\":\"https:\\\/\\\/tuguia.combarranquilla.co\\\/Revista\\\/15-barrios-del-atlantico-han-sido-beneficiados-con-oportunidades-laborales\\\/#breadcrumb\"},\"inLanguage\":\"es-CO\",\"potentialAction\":[{\"@type\":\"ReadAction\",\"target\":[\"https:\\\/\\\/tuguia.combarranquilla.co\\\/Revista\\\/15-barrios-del-atlantico-han-sido-beneficiados-con-oportunidades-laborales\\\/\"]}]},{\"@type\":\"ImageObject\",\"inLanguage\":\"es-CO\",\"@id\":\"https:\\\/\\\/tuguia.combarranquilla.co\\\/Revista\\\/15-barrios-del-atlantico-han-sido-beneficiados-con-oportunidades-laborales\\\/#primaryimage\",\"url\":\"https:\\\/\\\/tuguia.combarranquilla.co\\\/Revista\\\/wp-content\\\/uploads\\\/2023\\\/06\\\/3da3233a-8aeb-47d7-bc09-819cfab51571.jpg\",\"contentUrl\":\"https:\\\/\\\/tuguia.combarranquilla.co\\\/Revista\\\/wp-content\\\/uploads\\\/2023\\\/06\\\/3da3233a-8aeb-47d7-bc09-819cfab51571.jpg\",\"width\":1600,\"height\":1200},{\"@type\":\"BreadcrumbList\",\"@id\":\"https:\\\/\\\/tuguia.combarranquilla.co\\\/Revista\\\/15-barrios-del-atlantico-han-sido-beneficiados-con-oportunidades-laborales\\\/#breadcrumb\",\"itemListElement\":[{\"@type\":\"ListItem\",\"position\":1,\"name\":\"Inicio\",\"item\":\"https:\\\/\\\/tuguia.combarranquilla.co\\\/Revista\\\/\"},{\"@type\":\"ListItem\",\"position\":2,\"name\":\"15 barrios del Atl\u00e1ntico han sido beneficiados con oportunidades laborales\"}]},{\"@type\":\"WebSite\",\"@id\":\"https:\\\/\\\/tuguia.combarranquilla.co\\\/Revista\\\/#website\",\"url\":\"https:\\\/\\\/tuguia.combarranquilla.co\\\/Revista\\\/\",\"name\":\"Tu Gu\u00eda\",\"description\":\"La revista donde lo tienes todo.\",\"publisher\":{\"@id\":\"https:\\\/\\\/tuguia.combarranquilla.co\\\/Revista\\\/#organization\"},\"alternateName\":\"Tu Gu\u00eda Combarranquilla\",\"potentialAction\":[{\"@type\":\"SearchAction\",\"target\":{\"@type\":\"EntryPoint\",\"urlTemplate\":\"https:\\\/\\\/tuguia.combarranquilla.co\\\/Revista\\\/?s={search_term_string}\"},\"query-input\":{\"@type\":\"PropertyValueSpecification\",\"valueRequired\":true,\"valueName\":\"search_term_string\"}}],\"inLanguage\":\"es-CO\"},{\"@type\":\"Organization\",\"@id\":\"https:\\\/\\\/tuguia.combarranquilla.co\\\/Revista\\\/#organization\",\"name\":\"Tu Gu\u00eda Combarranquilla\",\"url\":\"https:\\\/\\\/tuguia.combarranquilla.co\\\/Revista\\\/\",\"logo\":{\"@type\":\"ImageObject\",\"inLanguage\":\"es-CO\",\"@id\":\"https:\\\/\\\/tuguia.combarranquilla.co\\\/Revista\\\/#\\\/schema\\\/logo\\\/image\\\/\",\"url\":\"https:\\\/\\\/tuguia.combarranquilla.co\\\/Revista\\\/wp-content\\\/uploads\\\/2022\\\/02\\\/logo-guia-combarranquilla.svg\",\"contentUrl\":\"https:\\\/\\\/tuguia.combarranquilla.co\\\/Revista\\\/wp-content\\\/uploads\\\/2022\\\/02\\\/logo-guia-combarranquilla.svg\",\"caption\":\"Tu Gu\u00eda Combarranquilla\"},\"image\":{\"@id\":\"https:\\\/\\\/tuguia.combarranquilla.co\\\/Revista\\\/#\\\/schema\\\/logo\\\/image\\\/\"}},{\"@type\":\"Person\",\"@id\":\"https:\\\/\\\/tuguia.combarranquilla.co\\\/Revista\\\/#\\\/schema\\\/person\\\/c2c396a77170bd1d5f8ba73294eb0d10\",\"name\":\"Comunicaciones Combarranquilla\",\"image\":{\"@type\":\"ImageObject\",\"inLanguage\":\"es-CO\",\"@id\":\"https:\\\/\\\/tuguia.combarranquilla.co\\\/Revista\\\/wp-content\\\/uploads\\\/2025\\\/05\\\/ABC-Al-Rojo-Logo-96x96.jpg\",\"url\":\"https:\\\/\\\/tuguia.combarranquilla.co\\\/Revista\\\/wp-content\\\/uploads\\\/2025\\\/05\\\/ABC-Al-Rojo-Logo-96x96.jpg\",\"contentUrl\":\"https:\\\/\\\/tuguia.combarranquilla.co\\\/Revista\\\/wp-content\\\/uploads\\\/2025\\\/05\\\/ABC-Al-Rojo-Logo-96x96.jpg\",\"caption\":\"Comunicaciones Combarranquilla\"},\"sameAs\":[\"https:\\\/\\\/www.combarranquilla.co\"],\"url\":\"https:\\\/\\\/tuguia.combarranquilla.co\\\/Revista\\\/author\\\/comunicaciones\\\/\"}]}<\/script>\n<!-- \/ Yoast SEO plugin. -->","yoast_head_json":{"title":"15 barrios del Atl\u00e1ntico han sido beneficiados con oportunidades laborales - Tu Gu\u00eda","robots":{"index":"index","follow":"follow","max-snippet":"max-snippet:-1","max-image-preview":"max-image-preview:large","max-video-preview":"max-video-preview:-1"},"canonical":"https:\/\/tuguia.combarranquilla.co\/Revista\/15-barrios-del-atlantico-han-sido-beneficiados-con-oportunidades-laborales\/","og_locale":"es_ES","og_type":"article","og_title":"15 barrios del Atl\u00e1ntico han sido beneficiados con oportunidades laborales - Tu Gu\u00eda","og_description":"A trav\u00e9s de la Feria Combarranquilla transforma vidas desde tu barrio, la Agencia de Empleo ha visitado varios sectores de la ciudad y del departamento. Esta iniciativa se crea en el a\u00f1o 2022, con el prop\u00f3sito de cerrar brechas de empleo en el Atl\u00e1ntico, ofreciendo as\u00ed un servicio inclusivo, donde todas las personas puedan participar [&hellip;]","og_url":"https:\/\/tuguia.combarranquilla.co\/Revista\/15-barrios-del-atlantico-han-sido-beneficiados-con-oportunidades-laborales\/","og_site_name":"Tu Gu\u00eda","article_published_time":"2023-06-06T15:37:40+00:00","article_modified_time":"2023-06-26T16:00:20+00:00","og_image":[{"width":1600,"height":1200,"url":"https:\/\/tuguia.combarranquilla.co\/Revista\/wp-content\/uploads\/2023\/06\/3da3233a-8aeb-47d7-bc09-819cfab51571.jpg","type":"image\/jpeg"}],"author":"Comunicaciones Combarranquilla","twitter_card":"summary_large_image","twitter_misc":{"Escrito por":"Comunicaciones Combarranquilla","Tiempo de lectura":"2 minutos"},"schema":{"@context":"https:\/\/schema.org","@graph":[{"@type":"Article","@id":"https:\/\/tuguia.combarranquilla.co\/Revista\/15-barrios-del-atlantico-han-sido-beneficiados-con-oportunidades-laborales\/#article","isPartOf":{"@id":"https:\/\/tuguia.combarranquilla.co\/Revista\/15-barrios-del-atlantico-han-sido-beneficiados-con-oportunidades-laborales\/"},"author":{"name":"Comunicaciones Combarranquilla","@id":"https:\/\/tuguia.combarranquilla.co\/Revista\/#\/schema\/person\/c2c396a77170bd1d5f8ba73294eb0d10"},"headline":"15 barrios del Atl\u00e1ntico han sido beneficiados con oportunidades laborales","datePublished":"2023-06-06T15:37:40+00:00","dateModified":"2023-06-26T16:00:20+00:00","mainEntityOfPage":{"@id":"https:\/\/tuguia.combarranquilla.co\/Revista\/15-barrios-del-atlantico-han-sido-beneficiados-con-oportunidades-laborales\/"},"wordCount":357,"commentCount":0,"publisher":{"@id":"https:\/\/tuguia.combarranquilla.co\/Revista\/#organization"},"image":{"@id":"https:\/\/tuguia.combarranquilla.co\/Revista\/15-barrios-del-atlantico-han-sido-beneficiados-con-oportunidades-laborales\/#primaryimage"},"thumbnailUrl":"https:\/\/tuguia.combarranquilla.co\/Revista\/wp-content\/uploads\/2023\/06\/3da3233a-8aeb-47d7-bc09-819cfab51571.jpg","articleSection":["EMPLEABILIDAD"],"inLanguage":"es-CO","potentialAction":[{"@type":"CommentAction","name":"Comment","target":["https:\/\/tuguia.combarranquilla.co\/Revista\/15-barrios-del-atlantico-han-sido-beneficiados-con-oportunidades-laborales\/#respond"]}]},{"@type":"WebPage","@id":"https:\/\/tuguia.combarranquilla.co\/Revista\/15-barrios-del-atlantico-han-sido-beneficiados-con-oportunidades-laborales\/","url":"https:\/\/tuguia.combarranquilla.co\/Revista\/15-barrios-del-atlantico-han-sido-beneficiados-con-oportunidades-laborales\/","name":"15 barrios del Atl\u00e1ntico han sido beneficiados con oportunidades laborales - Tu Gu\u00eda","isPartOf":{"@id":"https:\/\/tuguia.combarranquilla.co\/Revista\/#website"},"primaryImageOfPage":{"@id":"https:\/\/tuguia.combarranquilla.co\/Revista\/15-barrios-del-atlantico-han-sido-beneficiados-con-oportunidades-laborales\/#primaryimage"},"image":{"@id":"https:\/\/tuguia.combarranquilla.co\/Revista\/15-barrios-del-atlantico-han-sido-beneficiados-con-oportunidades-laborales\/#primaryimage"},"thumbnailUrl":"https:\/\/tuguia.combarranquilla.co\/Revista\/wp-content\/uploads\/2023\/06\/3da3233a-8aeb-47d7-bc09-819cfab51571.jpg","datePublished":"2023-06-06T15:37:40+00:00","dateModified":"2023-06-26T16:00:20+00:00","breadcrumb":{"@id":"https:\/\/tuguia.combarranquilla.co\/Revista\/15-barrios-del-atlantico-han-sido-beneficiados-con-oportunidades-laborales\/#breadcrumb"},"inLanguage":"es-CO","potentialAction":[{"@type":"ReadAction","target":["https:\/\/tuguia.combarranquilla.co\/Revista\/15-barrios-del-atlantico-han-sido-beneficiados-con-oportunidades-laborales\/"]}]},{"@type":"ImageObject","inLanguage":"es-CO","@id":"https:\/\/tuguia.combarranquilla.co\/Revista\/15-barrios-del-atlantico-han-sido-beneficiados-con-oportunidades-laborales\/#primaryimage","url":"https:\/\/tuguia.combarranquilla.co\/Revista\/wp-content\/uploads\/2023\/06\/3da3233a-8aeb-47d7-bc09-819cfab51571.jpg","contentUrl":"https:\/\/tuguia.combarranquilla.co\/Revista\/wp-content\/uploads\/2023\/06\/3da3233a-8aeb-47d7-bc09-819cfab51571.jpg","width":1600,"height":1200},{"@type":"BreadcrumbList","@id":"https:\/\/tuguia.combarranquilla.co\/Revista\/15-barrios-del-atlantico-han-sido-beneficiados-con-oportunidades-laborales\/#breadcrumb","itemListElement":[{"@type":"ListItem","position":1,"name":"Inicio","item":"https:\/\/tuguia.combarranquilla.co\/Revista\/"},{"@type":"ListItem","position":2,"name":"15 barrios del Atl\u00e1ntico han sido beneficiados con oportunidades laborales"}]},{"@type":"WebSite","@id":"https:\/\/tuguia.combarranquilla.co\/Revista\/#website","url":"https:\/\/tuguia.combarranquilla.co\/Revista\/","name":"Tu Gu\u00eda","description":"La revista donde lo tienes todo.","publisher":{"@id":"https:\/\/tuguia.combarranquilla.co\/Revista\/#organization"},"alternateName":"Tu Gu\u00eda Combarranquilla","potentialAction":[{"@type":"SearchAction","target":{"@type":"EntryPoint","urlTemplate":"https:\/\/tuguia.combarranquilla.co\/Revista\/?s={search_term_string}"},"query-input":{"@type":"PropertyValueSpecification","valueRequired":true,"valueName":"search_term_string"}}],"inLanguage":"es-CO"},{"@type":"Organization","@id":"https:\/\/tuguia.combarranquilla.co\/Revista\/#organization","name":"Tu Gu\u00eda Combarranquilla","url":"https:\/\/tuguia.combarranquilla.co\/Revista\/","logo":{"@type":"ImageObject","inLanguage":"es-CO","@id":"https:\/\/tuguia.combarranquilla.co\/Revista\/#\/schema\/logo\/image\/","url":"https:\/\/tuguia.combarranquilla.co\/Revista\/wp-content\/uploads\/2022\/02\/logo-guia-combarranquilla.svg","contentUrl":"https:\/\/tuguia.combarranquilla.co\/Revista\/wp-content\/uploads\/2022\/02\/logo-guia-combarranquilla.svg","caption":"Tu Gu\u00eda Combarranquilla"},"image":{"@id":"https:\/\/tuguia.combarranquilla.co\/Revista\/#\/schema\/logo\/image\/"}},{"@type":"Person","@id":"https:\/\/tuguia.combarranquilla.co\/Revista\/#\/schema\/person\/c2c396a77170bd1d5f8ba73294eb0d10","name":"Comunicaciones Combarranquilla","image":{"@type":"ImageObject","inLanguage":"es-CO","@id":"https:\/\/tuguia.combarranquilla.co\/Revista\/wp-content\/uploads\/2025\/05\/ABC-Al-Rojo-Logo-96x96.jpg","url":"https:\/\/tuguia.combarranquilla.co\/Revista\/wp-content\/uploads\/2025\/05\/ABC-Al-Rojo-Logo-96x96.jpg","contentUrl":"https:\/\/tuguia.combarranquilla.co\/Revista\/wp-content\/uploads\/2025\/05\/ABC-Al-Rojo-Logo-96x96.jpg","caption":"Comunicaciones Combarranquilla"},"sameAs":["https:\/\/www.combarranquilla.co"],"url":"https:\/\/tuguia.combarranquilla.co\/Revista\/author\/comunicaciones\/"}]}},"_links":{"self":[{"href":"https:\/\/tuguia.combarranquilla.co\/Revista\/wp-json\/wp\/v2\/posts\/2222","targetHints":{"allow":["GET"]}}],"collection":[{"href":"https:\/\/tuguia.combarranquilla.co\/Revista\/wp-json\/wp\/v2\/posts"}],"about":[{"href":"https:\/\/tuguia.combarranquilla.co\/Revista\/wp-json\/wp\/v2\/types\/post"}],"author":[{"embeddable":true,"href":"https:\/\/tuguia.combarranquilla.co\/Revista\/wp-json\/wp\/v2\/users\/2"}],"replies":[{"embeddable":true,"href":"https:\/\/tuguia.combarranquilla.co\/Revista\/wp-json\/wp\/v2\/comments?post=2222"}],"version-history":[{"count":37,"href":"https:\/\/tuguia.combarranquilla.co\/Revista\/wp-json\/wp\/v2\/posts\/2222\/revisions"}],"predecessor-version":[{"id":2273,"href":"https:\/\/tuguia.combarranquilla.co\/Revista\/wp-json\/wp\/v2\/posts\/2222\/revisions\/2273"}],"wp:featuredmedia":[{"embeddable":true,"href":"https:\/\/tuguia.combarranquilla.co\/Revista\/wp-json\/wp\/v2\/media\/2230"}],"wp:attachment":[{"href":"https:\/\/tuguia.combarranquilla.co\/Revista\/wp-json\/wp\/v2\/media?parent=2222"}],"wp:term":[{"taxonomy":"category","embeddable":true,"href":"https:\/\/tuguia.combarranquilla.co\/Revista\/wp-json\/wp\/v2\/categories?post=2222"},{"taxonomy":"post_tag","embeddable":true,"href":"https:\/\/tuguia.combarranquilla.co\/Revista\/wp-json\/wp\/v2\/tags?post=2222"}],"curies":[{"name":"wp","href":"https:\/\/api.w.org\/{rel}","templated":true}]}}