{"id":2353,"date":"2023-07-06T14:02:35","date_gmt":"2023-07-06T19:02:35","guid":{"rendered":"https:\/\/tuguia.combarranquilla.co\/Revista\/?p=2353"},"modified":"2023-07-11T14:19:51","modified_gmt":"2023-07-11T19:19:51","slug":"construye-el-futuro-laboral-que-tanto-anhelas-estudiando-en-el-centro-de-formacion-combarranquilla","status":"publish","type":"post","link":"https:\/\/tuguia.combarranquilla.co\/Revista\/construye-el-futuro-laboral-que-tanto-anhelas-estudiando-en-el-centro-de-formacion-combarranquilla\/","title":{"rendered":"Construye el futuro laboral que tanto anhelas estudiando en el Centro de Formaci\u00f3n  Combarranquilla"},"content":{"rendered":"\n<h2 class=\"wp-block-heading\">Conoce los programas T\u00e9cnicos Laborales que ofrece el Centro de Formaci\u00f3n, orientados a satisfacer las expectativas de cada usuario interesado.<\/h2>\n\n\n\n<p>Los programas de t\u00e9cnicos laborales ofrecen una educaci\u00f3n espec\u00edfica y pr\u00e1ctica para dedicarse a un trabajo en particular, lo que permite adquirir habilidades y conocimientos especializados indispensables para desempe\u00f1ar r\u00e1pidamente al campo laboral. <\/p>\n\n\n\n<p>Conoce 5 ventajas de estudiar t\u00e9cnicos laborales:  <\/p>\n\n\n\n<ol class=\"wp-block-list\">\n<li>R\u00e1pida inserci\u00f3n laboral.<\/li>\n\n\n\n<li>Demanda en el mercado laboral.<\/li>\n\n\n\n<li>Flexibilidad y diversidad de campos.<\/li>\n\n\n\n<li>Costo y accesibilidad.<\/li>\n\n\n\n<li>Habilidades pr\u00e1cticas y especializadas.<\/li>\n<\/ol>\n\n\n\n<figure class=\"wp-block-gallery alignwide has-nested-images columns-default is-cropped wp-block-gallery-1 is-layout-flex wp-block-gallery-is-layout-flex\">\n<figure class=\"wp-block-image size-large\"><img decoding=\"async\" width=\"1024\" height=\"683\" data-id=\"2357\" data-src=\"https:\/\/tuguia.combarranquilla.co\/Revista\/wp-content\/uploads\/2023\/07\/Centro-de-Formacion-Salon-de-Informatica-1024x683.jpg\" alt=\"\" class=\"wp-image-2357 lazyload\" data-srcset=\"https:\/\/tuguia.combarranquilla.co\/Revista\/wp-content\/uploads\/2023\/07\/Centro-de-Formacion-Salon-de-Informatica-1024x683.jpg 1024w, https:\/\/tuguia.combarranquilla.co\/Revista\/wp-content\/uploads\/2023\/07\/Centro-de-Formacion-Salon-de-Informatica-300x200.jpg 300w, https:\/\/tuguia.combarranquilla.co\/Revista\/wp-content\/uploads\/2023\/07\/Centro-de-Formacion-Salon-de-Informatica-768x512.jpg 768w, https:\/\/tuguia.combarranquilla.co\/Revista\/wp-content\/uploads\/2023\/07\/Centro-de-Formacion-Salon-de-Informatica-1536x1024.jpg 1536w, https:\/\/tuguia.combarranquilla.co\/Revista\/wp-content\/uploads\/2023\/07\/Centro-de-Formacion-Salon-de-Informatica-2048x1365.jpg 2048w\" data-sizes=\"(max-width: 1024px) 100vw, 1024px\" src=\"data:image\/svg+xml;base64,PHN2ZyB3aWR0aD0iMSIgaGVpZ2h0PSIxIiB4bWxucz0iaHR0cDovL3d3dy53My5vcmcvMjAwMC9zdmciPjwvc3ZnPg==\" style=\"--smush-placeholder-width: 1024px; --smush-placeholder-aspect-ratio: 1024\/683;\" \/><\/figure>\n\n\n\n<figure class=\"wp-block-image size-large\"><img decoding=\"async\" width=\"1024\" height=\"683\" data-id=\"2358\" data-src=\"https:\/\/tuguia.combarranquilla.co\/Revista\/wp-content\/uploads\/2023\/07\/DSC_0029-1024x683.jpg\" alt=\"\" class=\"wp-image-2358 lazyload\" data-srcset=\"https:\/\/tuguia.combarranquilla.co\/Revista\/wp-content\/uploads\/2023\/07\/DSC_0029-1024x683.jpg 1024w, https:\/\/tuguia.combarranquilla.co\/Revista\/wp-content\/uploads\/2023\/07\/DSC_0029-300x200.jpg 300w, https:\/\/tuguia.combarranquilla.co\/Revista\/wp-content\/uploads\/2023\/07\/DSC_0029-768x512.jpg 768w, https:\/\/tuguia.combarranquilla.co\/Revista\/wp-content\/uploads\/2023\/07\/DSC_0029-1536x1025.jpg 1536w, https:\/\/tuguia.combarranquilla.co\/Revista\/wp-content\/uploads\/2023\/07\/DSC_0029-2048x1367.jpg 2048w\" data-sizes=\"(max-width: 1024px) 100vw, 1024px\" src=\"data:image\/svg+xml;base64,PHN2ZyB3aWR0aD0iMSIgaGVpZ2h0PSIxIiB4bWxucz0iaHR0cDovL3d3dy53My5vcmcvMjAwMC9zdmciPjwvc3ZnPg==\" style=\"--smush-placeholder-width: 1024px; --smush-placeholder-aspect-ratio: 1024\/683;\" \/><\/figure>\n<\/figure>\n\n\n\n<p>Desde el Centro de Formaci\u00f3n Combarranquilla te ofrecemos los siguientes t\u00e9cnicos laborales, con el prop\u00f3sito de ofrecer alternativas de formaci\u00f3n que respondan a las necesidades e intereses de los usuarios.<\/p>\n\n\n\n<ul class=\"wp-block-list\">\n<li><strong>Auxiliar Contable y Financiero <\/strong><\/li>\n<\/ul>\n\n\n\n<p>El egresado de este programa podr\u00e1 desempe\u00f1arse en funciones relacionadas con el manejo de registros contables, conciliaci\u00f3n de cuentas, preparaci\u00f3n de balances e informes financieros, ajustes contables, c\u00e1lculo de costos, liquidaci\u00f3n de n\u00f3mina, liquidaci\u00f3n de impuestos y an\u00e1lisis del comportamiento presupuestal a trav\u00e9s de software contable y especializado.<\/p>\n\n\n\n<ul class=\"wp-block-list\">\n<li><strong>Almac\u00e9n y Bodegaje <\/strong><\/li>\n<\/ul>\n\n\n\n<p>El egresado de este programa podr\u00e1 desempe\u00f1arse en funciones relacionadas con el procesamiento de la informaci\u00f3n, diligenciamiento de documentos, control de inventarios, procesos de recibo, despacho, importaci\u00f3n y exportaci\u00f3n de mercanc\u00edas.<\/p>\n\n\n\n<ul class=\"wp-block-list\">\n<li><strong>Auxiliar Administrativo <\/strong><\/li>\n<\/ul>\n\n\n\n<p>&nbsp;El egresado del programa estar\u00e1 en capacidad de dise\u00f1ar tipos de documentos de archivo, elaborar, recibir, diligenciar y enviar documentos de archivo, proporcionar atenci\u00f3n y servicio al cliente, utilizar aplicativos, interpretar estados financieros y realizar an\u00e1lisis de las transacciones comerciales y los resultados financieros.<\/p>\n\n\n\n<ul class=\"wp-block-list\">\n<li><strong>Contact Center <\/strong><\/li>\n<\/ul>\n\n\n\n<p>&nbsp;El egresado de este programa podr\u00e1 desempe\u00f1arse en funciones relacionadas con el servicio al cliente por medios de comunicaci\u00f3n telef\u00f3nica y medios electr\u00f3nicos, la atenci\u00f3n de quejas y reclamos, actividades de cobranza y recuperaci\u00f3n de cartera, el registro y procesamiento de la informaci\u00f3n y consultor\u00edas en CallCenter y Contact Center.<\/p>\n\n\n\n<ul class=\"wp-block-list\">\n<li><strong>Mercadeo y Ventas <\/strong><\/li>\n<\/ul>\n\n\n\n<p>&nbsp;El egresado del programa estar\u00e1 en capacidad de dise\u00f1ar la exhibici\u00f3n de productos, ubicar los productos en puntos de ventas, realizar la caracterizaci\u00f3n de los contenidos digitales, organizar las acciones de exhibici\u00f3n y merchandising, aplicar acciones promocionales y t\u00e9cnicas de degustaci\u00f3n de alimentos, proporcionar atenci\u00f3n y servicio al cliente personal y a trav\u00e9s de los medios tecnol\u00f3gicos y utilizar los aplicativos.<\/p>\n\n\n\n<ul class=\"wp-block-list\">\n<li><strong>Auxiliar de Recursos Humanos <\/strong><\/li>\n<\/ul>\n\n\n\n<p>El egresado de este programa podr\u00e1 desempe\u00f1arse en funciones relacionadas con el tr\u00e1mite y producci\u00f3n de documentos del talento humano, estructuraci\u00f3n de perfiles de cargos, reclutamiento y selecci\u00f3n de personal, n\u00f3mina y prestaciones sociales y vinculaci\u00f3n del personal.<\/p>\n\n\n\n<ul class=\"wp-block-list\">\n<li><strong>Auxiliar Agente de Viajes y Turismo<\/strong><\/li>\n<\/ul>\n\n\n\n<p>El egresado de este programa podr\u00e1 desempe\u00f1arse en funciones relacionadas con asesor\u00edas en informaci\u00f3n y paquetes tur\u00edsticos, apoyo a eventos y procesos de recreaci\u00f3n, log\u00edstica de viajes tur\u00edsticos y de negocio y servicio al cliente.<\/p>\n\n\n\n<figure class=\"wp-block-image size-large is-resized\"><img decoding=\"async\" data-src=\"https:\/\/tuguia.combarranquilla.co\/Revista\/wp-content\/uploads\/2023\/07\/FOTO-7-1024x683.jpg\" alt=\"\" class=\"wp-image-2396 lazyload\" width=\"840\" height=\"560\" data-srcset=\"https:\/\/tuguia.combarranquilla.co\/Revista\/wp-content\/uploads\/2023\/07\/FOTO-7-1024x683.jpg 1024w, https:\/\/tuguia.combarranquilla.co\/Revista\/wp-content\/uploads\/2023\/07\/FOTO-7-300x200.jpg 300w, https:\/\/tuguia.combarranquilla.co\/Revista\/wp-content\/uploads\/2023\/07\/FOTO-7-768x512.jpg 768w, https:\/\/tuguia.combarranquilla.co\/Revista\/wp-content\/uploads\/2023\/07\/FOTO-7-1536x1024.jpg 1536w, https:\/\/tuguia.combarranquilla.co\/Revista\/wp-content\/uploads\/2023\/07\/FOTO-7-2048x1365.jpg 2048w\" data-sizes=\"(max-width: 840px) 100vw, 840px\" src=\"data:image\/svg+xml;base64,PHN2ZyB3aWR0aD0iMSIgaGVpZ2h0PSIxIiB4bWxucz0iaHR0cDovL3d3dy53My5vcmcvMjAwMC9zdmciPjwvc3ZnPg==\" style=\"--smush-placeholder-width: 840px; --smush-placeholder-aspect-ratio: 840\/560;\" \/><figcaption class=\"wp-element-caption\"><em><strong>Grados de T\u00e9cnicos Laborales 2022<\/strong><\/em><\/figcaption><\/figure>\n\n\n\n<p>Si deseas acceder a cualquiera de los t\u00e9cnicos, puedes comunicarte a nuestro Chat Virtual Eloy por medio del siguiente enlace: <a rel=\"noreferrer noopener\" href=\"https:\/\/wa.link\/73r690\" target=\"_blank\">https:\/\/wa.link\/73r690 <\/a> o inscr\u00edbete aqu\u00ed: <a href=\"https:\/\/drive.google.com\/drive\/folders\/1cCrU3yoKta-ex6ccJAJHMTuumaQAYpn6\" target=\"_blank\" rel=\"noreferrer noopener\">https:\/\/drive.google.com\/drive\/folders\/1cCrU3yoKta-ex6ccJAJHMTuumaQAYpn6<\/a><\/p>\n\n\n\n<p><\/p>\n","protected":false},"excerpt":{"rendered":"<p>Conoce los programas T\u00e9cnicos Laborales que ofrece el Centro de Formaci\u00f3n, orientados a satisfacer las expectativas de cada usuario interesado. Los programas de t\u00e9cnicos laborales ofrecen una educaci\u00f3n espec\u00edfica y pr\u00e1ctica para dedicarse a un trabajo en particular, lo que permite adquirir habilidades y conocimientos especializados indispensables para desempe\u00f1ar r\u00e1pidamente al campo laboral. Conoce 5 [&hellip;]<\/p>\n","protected":false},"author":2,"featured_media":2354,"comment_status":"open","ping_status":"open","sticky":false,"template":"","format":"standard","meta":{"inline_featured_image":false,"footnotes":""},"categories":[8],"tags":[],"class_list":["post-2353","post","type-post","status-publish","format-standard","has-post-thumbnail","hentry","category-formacion"],"yoast_head":"<!-- This site is optimized with the Yoast SEO plugin v27.4 - https:\/\/yoast.com\/product\/yoast-seo-wordpress\/ -->\n<title>Construye el futuro laboral que tanto anhelas estudiando en el Centro de Formaci\u00f3n Combarranquilla - Tu Gu\u00eda<\/title>\n<meta name=\"robots\" content=\"index, follow, max-snippet:-1, max-image-preview:large, max-video-preview:-1\" \/>\n<link rel=\"canonical\" href=\"https:\/\/tuguia.combarranquilla.co\/Revista\/construye-el-futuro-laboral-que-tanto-anhelas-estudiando-en-el-centro-de-formacion-combarranquilla\/\" \/>\n<meta property=\"og:locale\" content=\"es_ES\" \/>\n<meta property=\"og:type\" content=\"article\" \/>\n<meta property=\"og:title\" content=\"Construye el futuro laboral que tanto anhelas estudiando en el Centro de Formaci\u00f3n Combarranquilla - Tu Gu\u00eda\" \/>\n<meta property=\"og:description\" content=\"Conoce los programas T\u00e9cnicos Laborales que ofrece el Centro de Formaci\u00f3n, orientados a satisfacer las expectativas de cada usuario interesado. Los programas de t\u00e9cnicos laborales ofrecen una educaci\u00f3n espec\u00edfica y pr\u00e1ctica para dedicarse a un trabajo en particular, lo que permite adquirir habilidades y conocimientos especializados indispensables para desempe\u00f1ar r\u00e1pidamente al campo laboral. Conoce 5 [&hellip;]\" \/>\n<meta property=\"og:url\" content=\"https:\/\/tuguia.combarranquilla.co\/Revista\/construye-el-futuro-laboral-que-tanto-anhelas-estudiando-en-el-centro-de-formacion-combarranquilla\/\" \/>\n<meta property=\"og:site_name\" content=\"Tu Gu\u00eda\" \/>\n<meta property=\"article:published_time\" content=\"2023-07-06T19:02:35+00:00\" \/>\n<meta property=\"article:modified_time\" content=\"2023-07-11T19:19:51+00:00\" \/>\n<meta property=\"og:image\" content=\"https:\/\/tuguia.combarranquilla.co\/Revista\/wp-content\/uploads\/2023\/07\/DSC_0321-scaled.jpg\" \/>\n\t<meta property=\"og:image:width\" content=\"2560\" \/>\n\t<meta property=\"og:image:height\" content=\"1707\" \/>\n\t<meta property=\"og:image:type\" content=\"image\/jpeg\" \/>\n<meta name=\"author\" content=\"Comunicaciones Combarranquilla\" \/>\n<meta name=\"twitter:card\" content=\"summary_large_image\" \/>\n<meta name=\"twitter:label1\" content=\"Escrito por\" \/>\n\t<meta name=\"twitter:data1\" content=\"Comunicaciones Combarranquilla\" \/>\n\t<meta name=\"twitter:label2\" content=\"Tiempo de lectura\" \/>\n\t<meta name=\"twitter:data2\" content=\"3 minutos\" \/>\n<script type=\"application\/ld+json\" class=\"yoast-schema-graph\">{\"@context\":\"https:\\\/\\\/schema.org\",\"@graph\":[{\"@type\":\"Article\",\"@id\":\"https:\\\/\\\/tuguia.combarranquilla.co\\\/Revista\\\/construye-el-futuro-laboral-que-tanto-anhelas-estudiando-en-el-centro-de-formacion-combarranquilla\\\/#article\",\"isPartOf\":{\"@id\":\"https:\\\/\\\/tuguia.combarranquilla.co\\\/Revista\\\/construye-el-futuro-laboral-que-tanto-anhelas-estudiando-en-el-centro-de-formacion-combarranquilla\\\/\"},\"author\":{\"name\":\"Comunicaciones Combarranquilla\",\"@id\":\"https:\\\/\\\/tuguia.combarranquilla.co\\\/Revista\\\/#\\\/schema\\\/person\\\/c2c396a77170bd1d5f8ba73294eb0d10\"},\"headline\":\"Construye el futuro laboral que tanto anhelas estudiando en el Centro de Formaci\u00f3n Combarranquilla\",\"datePublished\":\"2023-07-06T19:02:35+00:00\",\"dateModified\":\"2023-07-11T19:19:51+00:00\",\"mainEntityOfPage\":{\"@id\":\"https:\\\/\\\/tuguia.combarranquilla.co\\\/Revista\\\/construye-el-futuro-laboral-que-tanto-anhelas-estudiando-en-el-centro-de-formacion-combarranquilla\\\/\"},\"wordCount\":566,\"commentCount\":0,\"publisher\":{\"@id\":\"https:\\\/\\\/tuguia.combarranquilla.co\\\/Revista\\\/#organization\"},\"image\":{\"@id\":\"https:\\\/\\\/tuguia.combarranquilla.co\\\/Revista\\\/construye-el-futuro-laboral-que-tanto-anhelas-estudiando-en-el-centro-de-formacion-combarranquilla\\\/#primaryimage\"},\"thumbnailUrl\":\"https:\\\/\\\/tuguia.combarranquilla.co\\\/Revista\\\/wp-content\\\/uploads\\\/2023\\\/07\\\/DSC_0321-scaled.jpg\",\"articleSection\":[\"FORMACI\u00d3N\"],\"inLanguage\":\"es-CO\",\"potentialAction\":[{\"@type\":\"CommentAction\",\"name\":\"Comment\",\"target\":[\"https:\\\/\\\/tuguia.combarranquilla.co\\\/Revista\\\/construye-el-futuro-laboral-que-tanto-anhelas-estudiando-en-el-centro-de-formacion-combarranquilla\\\/#respond\"]}]},{\"@type\":\"WebPage\",\"@id\":\"https:\\\/\\\/tuguia.combarranquilla.co\\\/Revista\\\/construye-el-futuro-laboral-que-tanto-anhelas-estudiando-en-el-centro-de-formacion-combarranquilla\\\/\",\"url\":\"https:\\\/\\\/tuguia.combarranquilla.co\\\/Revista\\\/construye-el-futuro-laboral-que-tanto-anhelas-estudiando-en-el-centro-de-formacion-combarranquilla\\\/\",\"name\":\"Construye el futuro laboral que tanto anhelas estudiando en el Centro de Formaci\u00f3n Combarranquilla - Tu Gu\u00eda\",\"isPartOf\":{\"@id\":\"https:\\\/\\\/tuguia.combarranquilla.co\\\/Revista\\\/#website\"},\"primaryImageOfPage\":{\"@id\":\"https:\\\/\\\/tuguia.combarranquilla.co\\\/Revista\\\/construye-el-futuro-laboral-que-tanto-anhelas-estudiando-en-el-centro-de-formacion-combarranquilla\\\/#primaryimage\"},\"image\":{\"@id\":\"https:\\\/\\\/tuguia.combarranquilla.co\\\/Revista\\\/construye-el-futuro-laboral-que-tanto-anhelas-estudiando-en-el-centro-de-formacion-combarranquilla\\\/#primaryimage\"},\"thumbnailUrl\":\"https:\\\/\\\/tuguia.combarranquilla.co\\\/Revista\\\/wp-content\\\/uploads\\\/2023\\\/07\\\/DSC_0321-scaled.jpg\",\"datePublished\":\"2023-07-06T19:02:35+00:00\",\"dateModified\":\"2023-07-11T19:19:51+00:00\",\"breadcrumb\":{\"@id\":\"https:\\\/\\\/tuguia.combarranquilla.co\\\/Revista\\\/construye-el-futuro-laboral-que-tanto-anhelas-estudiando-en-el-centro-de-formacion-combarranquilla\\\/#breadcrumb\"},\"inLanguage\":\"es-CO\",\"potentialAction\":[{\"@type\":\"ReadAction\",\"target\":[\"https:\\\/\\\/tuguia.combarranquilla.co\\\/Revista\\\/construye-el-futuro-laboral-que-tanto-anhelas-estudiando-en-el-centro-de-formacion-combarranquilla\\\/\"]}]},{\"@type\":\"ImageObject\",\"inLanguage\":\"es-CO\",\"@id\":\"https:\\\/\\\/tuguia.combarranquilla.co\\\/Revista\\\/construye-el-futuro-laboral-que-tanto-anhelas-estudiando-en-el-centro-de-formacion-combarranquilla\\\/#primaryimage\",\"url\":\"https:\\\/\\\/tuguia.combarranquilla.co\\\/Revista\\\/wp-content\\\/uploads\\\/2023\\\/07\\\/DSC_0321-scaled.jpg\",\"contentUrl\":\"https:\\\/\\\/tuguia.combarranquilla.co\\\/Revista\\\/wp-content\\\/uploads\\\/2023\\\/07\\\/DSC_0321-scaled.jpg\",\"width\":2560,\"height\":1707},{\"@type\":\"BreadcrumbList\",\"@id\":\"https:\\\/\\\/tuguia.combarranquilla.co\\\/Revista\\\/construye-el-futuro-laboral-que-tanto-anhelas-estudiando-en-el-centro-de-formacion-combarranquilla\\\/#breadcrumb\",\"itemListElement\":[{\"@type\":\"ListItem\",\"position\":1,\"name\":\"Inicio\",\"item\":\"https:\\\/\\\/tuguia.combarranquilla.co\\\/Revista\\\/\"},{\"@type\":\"ListItem\",\"position\":2,\"name\":\"Construye el futuro laboral que tanto anhelas estudiando en el Centro de Formaci\u00f3n Combarranquilla\"}]},{\"@type\":\"WebSite\",\"@id\":\"https:\\\/\\\/tuguia.combarranquilla.co\\\/Revista\\\/#website\",\"url\":\"https:\\\/\\\/tuguia.combarranquilla.co\\\/Revista\\\/\",\"name\":\"Tu Gu\u00eda\",\"description\":\"La revista donde lo tienes todo.\",\"publisher\":{\"@id\":\"https:\\\/\\\/tuguia.combarranquilla.co\\\/Revista\\\/#organization\"},\"alternateName\":\"Tu Gu\u00eda Combarranquilla\",\"potentialAction\":[{\"@type\":\"SearchAction\",\"target\":{\"@type\":\"EntryPoint\",\"urlTemplate\":\"https:\\\/\\\/tuguia.combarranquilla.co\\\/Revista\\\/?s={search_term_string}\"},\"query-input\":{\"@type\":\"PropertyValueSpecification\",\"valueRequired\":true,\"valueName\":\"search_term_string\"}}],\"inLanguage\":\"es-CO\"},{\"@type\":\"Organization\",\"@id\":\"https:\\\/\\\/tuguia.combarranquilla.co\\\/Revista\\\/#organization\",\"name\":\"Tu Gu\u00eda Combarranquilla\",\"url\":\"https:\\\/\\\/tuguia.combarranquilla.co\\\/Revista\\\/\",\"logo\":{\"@type\":\"ImageObject\",\"inLanguage\":\"es-CO\",\"@id\":\"https:\\\/\\\/tuguia.combarranquilla.co\\\/Revista\\\/#\\\/schema\\\/logo\\\/image\\\/\",\"url\":\"https:\\\/\\\/tuguia.combarranquilla.co\\\/Revista\\\/wp-content\\\/uploads\\\/2022\\\/02\\\/logo-guia-combarranquilla.svg\",\"contentUrl\":\"https:\\\/\\\/tuguia.combarranquilla.co\\\/Revista\\\/wp-content\\\/uploads\\\/2022\\\/02\\\/logo-guia-combarranquilla.svg\",\"caption\":\"Tu Gu\u00eda Combarranquilla\"},\"image\":{\"@id\":\"https:\\\/\\\/tuguia.combarranquilla.co\\\/Revista\\\/#\\\/schema\\\/logo\\\/image\\\/\"}},{\"@type\":\"Person\",\"@id\":\"https:\\\/\\\/tuguia.combarranquilla.co\\\/Revista\\\/#\\\/schema\\\/person\\\/c2c396a77170bd1d5f8ba73294eb0d10\",\"name\":\"Comunicaciones Combarranquilla\",\"image\":{\"@type\":\"ImageObject\",\"inLanguage\":\"es-CO\",\"@id\":\"https:\\\/\\\/tuguia.combarranquilla.co\\\/Revista\\\/wp-content\\\/uploads\\\/2025\\\/05\\\/ABC-Al-Rojo-Logo-96x96.jpg\",\"url\":\"https:\\\/\\\/tuguia.combarranquilla.co\\\/Revista\\\/wp-content\\\/uploads\\\/2025\\\/05\\\/ABC-Al-Rojo-Logo-96x96.jpg\",\"contentUrl\":\"https:\\\/\\\/tuguia.combarranquilla.co\\\/Revista\\\/wp-content\\\/uploads\\\/2025\\\/05\\\/ABC-Al-Rojo-Logo-96x96.jpg\",\"caption\":\"Comunicaciones Combarranquilla\"},\"sameAs\":[\"https:\\\/\\\/www.combarranquilla.co\"],\"url\":\"https:\\\/\\\/tuguia.combarranquilla.co\\\/Revista\\\/author\\\/comunicaciones\\\/\"}]}<\/script>\n<!-- \/ Yoast SEO plugin. -->","yoast_head_json":{"title":"Construye el futuro laboral que tanto anhelas estudiando en el Centro de Formaci\u00f3n Combarranquilla - Tu Gu\u00eda","robots":{"index":"index","follow":"follow","max-snippet":"max-snippet:-1","max-image-preview":"max-image-preview:large","max-video-preview":"max-video-preview:-1"},"canonical":"https:\/\/tuguia.combarranquilla.co\/Revista\/construye-el-futuro-laboral-que-tanto-anhelas-estudiando-en-el-centro-de-formacion-combarranquilla\/","og_locale":"es_ES","og_type":"article","og_title":"Construye el futuro laboral que tanto anhelas estudiando en el Centro de Formaci\u00f3n Combarranquilla - Tu Gu\u00eda","og_description":"Conoce los programas T\u00e9cnicos Laborales que ofrece el Centro de Formaci\u00f3n, orientados a satisfacer las expectativas de cada usuario interesado. Los programas de t\u00e9cnicos laborales ofrecen una educaci\u00f3n espec\u00edfica y pr\u00e1ctica para dedicarse a un trabajo en particular, lo que permite adquirir habilidades y conocimientos especializados indispensables para desempe\u00f1ar r\u00e1pidamente al campo laboral. Conoce 5 [&hellip;]","og_url":"https:\/\/tuguia.combarranquilla.co\/Revista\/construye-el-futuro-laboral-que-tanto-anhelas-estudiando-en-el-centro-de-formacion-combarranquilla\/","og_site_name":"Tu Gu\u00eda","article_published_time":"2023-07-06T19:02:35+00:00","article_modified_time":"2023-07-11T19:19:51+00:00","og_image":[{"width":2560,"height":1707,"url":"https:\/\/tuguia.combarranquilla.co\/Revista\/wp-content\/uploads\/2023\/07\/DSC_0321-scaled.jpg","type":"image\/jpeg"}],"author":"Comunicaciones Combarranquilla","twitter_card":"summary_large_image","twitter_misc":{"Escrito por":"Comunicaciones Combarranquilla","Tiempo de lectura":"3 minutos"},"schema":{"@context":"https:\/\/schema.org","@graph":[{"@type":"Article","@id":"https:\/\/tuguia.combarranquilla.co\/Revista\/construye-el-futuro-laboral-que-tanto-anhelas-estudiando-en-el-centro-de-formacion-combarranquilla\/#article","isPartOf":{"@id":"https:\/\/tuguia.combarranquilla.co\/Revista\/construye-el-futuro-laboral-que-tanto-anhelas-estudiando-en-el-centro-de-formacion-combarranquilla\/"},"author":{"name":"Comunicaciones Combarranquilla","@id":"https:\/\/tuguia.combarranquilla.co\/Revista\/#\/schema\/person\/c2c396a77170bd1d5f8ba73294eb0d10"},"headline":"Construye el futuro laboral que tanto anhelas estudiando en el Centro de Formaci\u00f3n Combarranquilla","datePublished":"2023-07-06T19:02:35+00:00","dateModified":"2023-07-11T19:19:51+00:00","mainEntityOfPage":{"@id":"https:\/\/tuguia.combarranquilla.co\/Revista\/construye-el-futuro-laboral-que-tanto-anhelas-estudiando-en-el-centro-de-formacion-combarranquilla\/"},"wordCount":566,"commentCount":0,"publisher":{"@id":"https:\/\/tuguia.combarranquilla.co\/Revista\/#organization"},"image":{"@id":"https:\/\/tuguia.combarranquilla.co\/Revista\/construye-el-futuro-laboral-que-tanto-anhelas-estudiando-en-el-centro-de-formacion-combarranquilla\/#primaryimage"},"thumbnailUrl":"https:\/\/tuguia.combarranquilla.co\/Revista\/wp-content\/uploads\/2023\/07\/DSC_0321-scaled.jpg","articleSection":["FORMACI\u00d3N"],"inLanguage":"es-CO","potentialAction":[{"@type":"CommentAction","name":"Comment","target":["https:\/\/tuguia.combarranquilla.co\/Revista\/construye-el-futuro-laboral-que-tanto-anhelas-estudiando-en-el-centro-de-formacion-combarranquilla\/#respond"]}]},{"@type":"WebPage","@id":"https:\/\/tuguia.combarranquilla.co\/Revista\/construye-el-futuro-laboral-que-tanto-anhelas-estudiando-en-el-centro-de-formacion-combarranquilla\/","url":"https:\/\/tuguia.combarranquilla.co\/Revista\/construye-el-futuro-laboral-que-tanto-anhelas-estudiando-en-el-centro-de-formacion-combarranquilla\/","name":"Construye el futuro laboral que tanto anhelas estudiando en el Centro de Formaci\u00f3n Combarranquilla - Tu Gu\u00eda","isPartOf":{"@id":"https:\/\/tuguia.combarranquilla.co\/Revista\/#website"},"primaryImageOfPage":{"@id":"https:\/\/tuguia.combarranquilla.co\/Revista\/construye-el-futuro-laboral-que-tanto-anhelas-estudiando-en-el-centro-de-formacion-combarranquilla\/#primaryimage"},"image":{"@id":"https:\/\/tuguia.combarranquilla.co\/Revista\/construye-el-futuro-laboral-que-tanto-anhelas-estudiando-en-el-centro-de-formacion-combarranquilla\/#primaryimage"},"thumbnailUrl":"https:\/\/tuguia.combarranquilla.co\/Revista\/wp-content\/uploads\/2023\/07\/DSC_0321-scaled.jpg","datePublished":"2023-07-06T19:02:35+00:00","dateModified":"2023-07-11T19:19:51+00:00","breadcrumb":{"@id":"https:\/\/tuguia.combarranquilla.co\/Revista\/construye-el-futuro-laboral-que-tanto-anhelas-estudiando-en-el-centro-de-formacion-combarranquilla\/#breadcrumb"},"inLanguage":"es-CO","potentialAction":[{"@type":"ReadAction","target":["https:\/\/tuguia.combarranquilla.co\/Revista\/construye-el-futuro-laboral-que-tanto-anhelas-estudiando-en-el-centro-de-formacion-combarranquilla\/"]}]},{"@type":"ImageObject","inLanguage":"es-CO","@id":"https:\/\/tuguia.combarranquilla.co\/Revista\/construye-el-futuro-laboral-que-tanto-anhelas-estudiando-en-el-centro-de-formacion-combarranquilla\/#primaryimage","url":"https:\/\/tuguia.combarranquilla.co\/Revista\/wp-content\/uploads\/2023\/07\/DSC_0321-scaled.jpg","contentUrl":"https:\/\/tuguia.combarranquilla.co\/Revista\/wp-content\/uploads\/2023\/07\/DSC_0321-scaled.jpg","width":2560,"height":1707},{"@type":"BreadcrumbList","@id":"https:\/\/tuguia.combarranquilla.co\/Revista\/construye-el-futuro-laboral-que-tanto-anhelas-estudiando-en-el-centro-de-formacion-combarranquilla\/#breadcrumb","itemListElement":[{"@type":"ListItem","position":1,"name":"Inicio","item":"https:\/\/tuguia.combarranquilla.co\/Revista\/"},{"@type":"ListItem","position":2,"name":"Construye el futuro laboral que tanto anhelas estudiando en el Centro de Formaci\u00f3n Combarranquilla"}]},{"@type":"WebSite","@id":"https:\/\/tuguia.combarranquilla.co\/Revista\/#website","url":"https:\/\/tuguia.combarranquilla.co\/Revista\/","name":"Tu Gu\u00eda","description":"La revista donde lo tienes todo.","publisher":{"@id":"https:\/\/tuguia.combarranquilla.co\/Revista\/#organization"},"alternateName":"Tu Gu\u00eda Combarranquilla","potentialAction":[{"@type":"SearchAction","target":{"@type":"EntryPoint","urlTemplate":"https:\/\/tuguia.combarranquilla.co\/Revista\/?s={search_term_string}"},"query-input":{"@type":"PropertyValueSpecification","valueRequired":true,"valueName":"search_term_string"}}],"inLanguage":"es-CO"},{"@type":"Organization","@id":"https:\/\/tuguia.combarranquilla.co\/Revista\/#organization","name":"Tu Gu\u00eda Combarranquilla","url":"https:\/\/tuguia.combarranquilla.co\/Revista\/","logo":{"@type":"ImageObject","inLanguage":"es-CO","@id":"https:\/\/tuguia.combarranquilla.co\/Revista\/#\/schema\/logo\/image\/","url":"https:\/\/tuguia.combarranquilla.co\/Revista\/wp-content\/uploads\/2022\/02\/logo-guia-combarranquilla.svg","contentUrl":"https:\/\/tuguia.combarranquilla.co\/Revista\/wp-content\/uploads\/2022\/02\/logo-guia-combarranquilla.svg","caption":"Tu Gu\u00eda Combarranquilla"},"image":{"@id":"https:\/\/tuguia.combarranquilla.co\/Revista\/#\/schema\/logo\/image\/"}},{"@type":"Person","@id":"https:\/\/tuguia.combarranquilla.co\/Revista\/#\/schema\/person\/c2c396a77170bd1d5f8ba73294eb0d10","name":"Comunicaciones Combarranquilla","image":{"@type":"ImageObject","inLanguage":"es-CO","@id":"https:\/\/tuguia.combarranquilla.co\/Revista\/wp-content\/uploads\/2025\/05\/ABC-Al-Rojo-Logo-96x96.jpg","url":"https:\/\/tuguia.combarranquilla.co\/Revista\/wp-content\/uploads\/2025\/05\/ABC-Al-Rojo-Logo-96x96.jpg","contentUrl":"https:\/\/tuguia.combarranquilla.co\/Revista\/wp-content\/uploads\/2025\/05\/ABC-Al-Rojo-Logo-96x96.jpg","caption":"Comunicaciones Combarranquilla"},"sameAs":["https:\/\/www.combarranquilla.co"],"url":"https:\/\/tuguia.combarranquilla.co\/Revista\/author\/comunicaciones\/"}]}},"_links":{"self":[{"href":"https:\/\/tuguia.combarranquilla.co\/Revista\/wp-json\/wp\/v2\/posts\/2353","targetHints":{"allow":["GET"]}}],"collection":[{"href":"https:\/\/tuguia.combarranquilla.co\/Revista\/wp-json\/wp\/v2\/posts"}],"about":[{"href":"https:\/\/tuguia.combarranquilla.co\/Revista\/wp-json\/wp\/v2\/types\/post"}],"author":[{"embeddable":true,"href":"https:\/\/tuguia.combarranquilla.co\/Revista\/wp-json\/wp\/v2\/users\/2"}],"replies":[{"embeddable":true,"href":"https:\/\/tuguia.combarranquilla.co\/Revista\/wp-json\/wp\/v2\/comments?post=2353"}],"version-history":[{"count":9,"href":"https:\/\/tuguia.combarranquilla.co\/Revista\/wp-json\/wp\/v2\/posts\/2353\/revisions"}],"predecessor-version":[{"id":2404,"href":"https:\/\/tuguia.combarranquilla.co\/Revista\/wp-json\/wp\/v2\/posts\/2353\/revisions\/2404"}],"wp:featuredmedia":[{"embeddable":true,"href":"https:\/\/tuguia.combarranquilla.co\/Revista\/wp-json\/wp\/v2\/media\/2354"}],"wp:attachment":[{"href":"https:\/\/tuguia.combarranquilla.co\/Revista\/wp-json\/wp\/v2\/media?parent=2353"}],"wp:term":[{"taxonomy":"category","embeddable":true,"href":"https:\/\/tuguia.combarranquilla.co\/Revista\/wp-json\/wp\/v2\/categories?post=2353"},{"taxonomy":"post_tag","embeddable":true,"href":"https:\/\/tuguia.combarranquilla.co\/Revista\/wp-json\/wp\/v2\/tags?post=2353"}],"curies":[{"name":"wp","href":"https:\/\/api.w.org\/{rel}","templated":true}]}}