{"id":2406,"date":"2023-07-14T11:36:02","date_gmt":"2023-07-14T16:36:02","guid":{"rendered":"https:\/\/tuguia.combarranquilla.co\/Revista\/?p=2406"},"modified":"2023-08-28T14:47:55","modified_gmt":"2023-08-28T19:47:55","slug":"camilo-fernandez-y-su-familia-demuestran-porque-combarranquilla-transformavidas","status":"publish","type":"post","link":"https:\/\/tuguia.combarranquilla.co\/Revista\/camilo-fernandez-y-su-familia-demuestran-porque-combarranquilla-transformavidas\/","title":{"rendered":"Camilo Fern\u00e1ndez y su familia demuestran porque Combarranquilla #TransformaVidas"},"content":{"rendered":"\n<p>Desde hace 8 a\u00f1os Camilo Fern\u00e1ndez ha sido parte de la familia Combarranquilla. Un lugar que seg\u00fan el &#8220;<em>se ha convertido en su segundo hogar por la hospitalidad que<\/em> <em>le brinda<\/em>&#8220;. <\/p>\n\n\n<div class=\"wp-block-image\">\n<figure class=\"aligncenter size-large is-resized\"><img decoding=\"async\" data-src=\"https:\/\/tuguia.combarranquilla.co\/Revista\/wp-content\/uploads\/2023\/07\/IMG_7412-1024x576.jpeg\" alt=\"\" class=\"wp-image-2411 lazyload\" style=\"--smush-placeholder-width: 672px; --smush-placeholder-aspect-ratio: 672\/377;width:672px;height:377px\" width=\"672\" height=\"377\" data-srcset=\"https:\/\/tuguia.combarranquilla.co\/Revista\/wp-content\/uploads\/2023\/07\/IMG_7412-1024x576.jpeg 1024w, https:\/\/tuguia.combarranquilla.co\/Revista\/wp-content\/uploads\/2023\/07\/IMG_7412-300x169.jpeg 300w, https:\/\/tuguia.combarranquilla.co\/Revista\/wp-content\/uploads\/2023\/07\/IMG_7412-768x432.jpeg 768w, https:\/\/tuguia.combarranquilla.co\/Revista\/wp-content\/uploads\/2023\/07\/IMG_7412-1536x864.jpeg 1536w, https:\/\/tuguia.combarranquilla.co\/Revista\/wp-content\/uploads\/2023\/07\/IMG_7412-2048x1152.jpeg 2048w\" data-sizes=\"(max-width: 672px) 100vw, 672px\" src=\"data:image\/svg+xml;base64,PHN2ZyB3aWR0aD0iMSIgaGVpZ2h0PSIxIiB4bWxucz0iaHR0cDovL3d3dy53My5vcmcvMjAwMC9zdmciPjwvc3ZnPg==\" \/><\/figure><\/div>\n\n\n<p><\/p>\n\n\n\n<h2 class=\"wp-block-heading\">Experiencias<\/h2>\n\n\n\n<p>Trabajar como vigilante tiene muchos desaf\u00edos, como no compartir fechas especiales en familia o no descansar 8 horas diarias, sin embargo para Camilo ser guardia de seguridad en la Unidad Boston ha sido una motivaci\u00f3n de vida para demostrar su compromiso y pasi\u00f3n por el servicio.  &#8220;<em>El personal de Combarranquilla ha sido muy amigable conmigo. Me he sentido c\u00f3modo, satisfecho y feliz de laborar con personas serviciales y entregadas a sus oficios&#8221;<\/em>, manifest\u00f3 Fern\u00e1ndez con una gran sonrisa.<\/p>\n\n\n\n<p>Su esposa Carmen Barrios relata c\u00f3mo su esposo ha sacrificado su vida por el bienestar de su familia. &#8220;<em>Siempre le ha gustado trabajar y hacerse conocer. Es una gran persona que est\u00e1 dispuesta a brindar su ayuda a todos quienes la necesiten&#8221;,<\/em> afirm\u00f3. Un hecho que demuestra porque Camilo es un gran referente de progreso y transformaci\u00f3n. <\/p>\n\n\n<div class=\"wp-block-image\">\n<figure class=\"aligncenter size-large is-resized\"><img decoding=\"async\" data-src=\"https:\/\/tuguia.combarranquilla.co\/Revista\/wp-content\/uploads\/2023\/07\/IMG_7410-1024x576.jpeg\" alt=\"\" class=\"wp-image-2409 lazyload\" style=\"--smush-placeholder-width: 643px; --smush-placeholder-aspect-ratio: 643\/361;width:643px;height:361px\" width=\"643\" height=\"361\" data-srcset=\"https:\/\/tuguia.combarranquilla.co\/Revista\/wp-content\/uploads\/2023\/07\/IMG_7410-1024x576.jpeg 1024w, https:\/\/tuguia.combarranquilla.co\/Revista\/wp-content\/uploads\/2023\/07\/IMG_7410-300x169.jpeg 300w, https:\/\/tuguia.combarranquilla.co\/Revista\/wp-content\/uploads\/2023\/07\/IMG_7410-768x432.jpeg 768w, https:\/\/tuguia.combarranquilla.co\/Revista\/wp-content\/uploads\/2023\/07\/IMG_7410-1536x864.jpeg 1536w, https:\/\/tuguia.combarranquilla.co\/Revista\/wp-content\/uploads\/2023\/07\/IMG_7410-2048x1152.jpeg 2048w\" data-sizes=\"(max-width: 643px) 100vw, 643px\" src=\"data:image\/svg+xml;base64,PHN2ZyB3aWR0aD0iMSIgaGVpZ2h0PSIxIiB4bWxucz0iaHR0cDovL3d3dy53My5vcmcvMjAwMC9zdmciPjwvc3ZnPg==\" \/><\/figure><\/div>\n\n\n<p><\/p>\n\n\n\n<h2 class=\"wp-block-heading\">Beneficios <\/h2>\n\n\n\n<p>Entre los m\u00faltiples beneficios que ha tenido la familia Fern\u00e1ndez a trav\u00e9s de Combarranquilla, se destaca la otorgaci\u00f3n de la <strong>Beca Progreso del 100%<\/strong> para el hijo mayor Juan Camilo Fern\u00e1ndez Barrios, quien con mucha dedicaci\u00f3n, esfuerzo y disciplina logr\u00f3 cumplir uno de sus m\u00e1s grandes sue\u00f1os: estudiar Ingenier\u00eda de Sistemas en la Universidad del Norte.<\/p>\n\n\n\n<p>&#8220;<em>Muy feliz de poder haber culminado mi primer semestre en una gran universidad. Gracias a mis padres y a Combarranquilla estoy estudiando la carrera de mis sue\u00f1o<\/em>s&#8221;. destac\u00f3 el joven Camilo, quien afirm\u00f3 estar agradecido con su padre por su apoyo incondicional y por impulsarlo a \u00e9l y a su hermano Dylan a ser mejores personas cada d\u00eda. <\/p>\n\n\n\n<p>Cabe destacar que, tambi\u00e9n han disfrutado de los servicios de<strong> recreaci\u00f3n<\/strong> (piscinas, centro recreacional solinilla, imagenia, planetario) desde que sus hijos eran peque\u00f1os. Al igual, que han sido beneficiarios del <strong>subsidio familiar y escolar<\/strong>.<\/p>\n\n\n\n<figure class=\"wp-block-gallery alignwide has-nested-images columns-default is-cropped wp-block-gallery-1 is-layout-flex wp-block-gallery-is-layout-flex\">\n<figure class=\"wp-block-image size-full\"><img decoding=\"async\" width=\"589\" height=\"297\" data-id=\"2432\" data-src=\"https:\/\/tuguia.combarranquilla.co\/Revista\/wp-content\/uploads\/2023\/07\/Imagen1.png\" alt=\"\" class=\"wp-image-2432 lazyload\" data-srcset=\"https:\/\/tuguia.combarranquilla.co\/Revista\/wp-content\/uploads\/2023\/07\/Imagen1.png 589w, https:\/\/tuguia.combarranquilla.co\/Revista\/wp-content\/uploads\/2023\/07\/Imagen1-300x151.png 300w\" data-sizes=\"(max-width: 589px) 100vw, 589px\" src=\"data:image\/svg+xml;base64,PHN2ZyB3aWR0aD0iMSIgaGVpZ2h0PSIxIiB4bWxucz0iaHR0cDovL3d3dy53My5vcmcvMjAwMC9zdmciPjwvc3ZnPg==\" style=\"--smush-placeholder-width: 589px; --smush-placeholder-aspect-ratio: 589\/297;\" \/><\/figure>\n\n\n\n<figure class=\"wp-block-image size-large\"><img decoding=\"async\" width=\"1024\" height=\"768\" data-id=\"2433\" data-src=\"https:\/\/tuguia.combarranquilla.co\/Revista\/wp-content\/uploads\/2023\/07\/IMG_7941-1-1024x768.jpg\" alt=\"\" class=\"wp-image-2433 lazyload\" data-srcset=\"https:\/\/tuguia.combarranquilla.co\/Revista\/wp-content\/uploads\/2023\/07\/IMG_7941-1-1024x768.jpg 1024w, https:\/\/tuguia.combarranquilla.co\/Revista\/wp-content\/uploads\/2023\/07\/IMG_7941-1-300x225.jpg 300w, https:\/\/tuguia.combarranquilla.co\/Revista\/wp-content\/uploads\/2023\/07\/IMG_7941-1-768x576.jpg 768w, https:\/\/tuguia.combarranquilla.co\/Revista\/wp-content\/uploads\/2023\/07\/IMG_7941-1-1536x1152.jpg 1536w\" data-sizes=\"(max-width: 1024px) 100vw, 1024px\" src=\"data:image\/svg+xml;base64,PHN2ZyB3aWR0aD0iMSIgaGVpZ2h0PSIxIiB4bWxucz0iaHR0cDovL3d3dy53My5vcmcvMjAwMC9zdmciPjwvc3ZnPg==\" style=\"--smush-placeholder-width: 1024px; --smush-placeholder-aspect-ratio: 1024\/768;\" \/><\/figure>\n<\/figure>\n\n\n\n<p>Si deseas ver la entrevista completa haz clic aqu\u00ed: <a href=\"https:\/\/www.youtube.com\/watch?v=fzVvTdFDqWs\">https:\/\/www.youtube.com\/watch?v=fzVvTdFDqWs<\/a><\/p>\n","protected":false},"excerpt":{"rendered":"<p>Desde hace 8 a\u00f1os Camilo Fern\u00e1ndez ha sido parte de la familia Combarranquilla. Un lugar que seg\u00fan el &#8220;se ha convertido en su segundo hogar por la hospitalidad que le brinda&#8220;. Experiencias Trabajar como vigilante tiene muchos desaf\u00edos, como no compartir fechas especiales en familia o no descansar 8 horas diarias, sin embargo para Camilo [&hellip;]<\/p>\n","protected":false},"author":2,"featured_media":2413,"comment_status":"open","ping_status":"open","sticky":false,"template":"","format":"standard","meta":{"inline_featured_image":false,"footnotes":""},"categories":[7],"tags":[],"class_list":["post-2406","post","type-post","status-publish","format-standard","has-post-thumbnail","hentry","category-familia-combarranquilla"],"yoast_head":"<!-- This site is optimized with the Yoast SEO plugin v27.4 - https:\/\/yoast.com\/product\/yoast-seo-wordpress\/ -->\n<title>Camilo Fern\u00e1ndez y su familia demuestran porque Combarranquilla #TransformaVidas - Tu Gu\u00eda<\/title>\n<meta name=\"robots\" content=\"index, follow, max-snippet:-1, max-image-preview:large, max-video-preview:-1\" \/>\n<link rel=\"canonical\" href=\"https:\/\/tuguia.combarranquilla.co\/Revista\/camilo-fernandez-y-su-familia-demuestran-porque-combarranquilla-transformavidas\/\" \/>\n<meta property=\"og:locale\" content=\"es_ES\" \/>\n<meta property=\"og:type\" content=\"article\" \/>\n<meta property=\"og:title\" content=\"Camilo Fern\u00e1ndez y su familia demuestran porque Combarranquilla #TransformaVidas - Tu Gu\u00eda\" \/>\n<meta property=\"og:description\" content=\"Desde hace 8 a\u00f1os Camilo Fern\u00e1ndez ha sido parte de la familia Combarranquilla. Un lugar que seg\u00fan el &#8220;se ha convertido en su segundo hogar por la hospitalidad que le brinda&#8220;. Experiencias Trabajar como vigilante tiene muchos desaf\u00edos, como no compartir fechas especiales en familia o no descansar 8 horas diarias, sin embargo para Camilo [&hellip;]\" \/>\n<meta property=\"og:url\" content=\"https:\/\/tuguia.combarranquilla.co\/Revista\/camilo-fernandez-y-su-familia-demuestran-porque-combarranquilla-transformavidas\/\" \/>\n<meta property=\"og:site_name\" content=\"Tu Gu\u00eda\" \/>\n<meta property=\"article:published_time\" content=\"2023-07-14T16:36:02+00:00\" \/>\n<meta property=\"article:modified_time\" content=\"2023-08-28T19:47:55+00:00\" \/>\n<meta property=\"og:image\" content=\"https:\/\/tuguia.combarranquilla.co\/Revista\/wp-content\/uploads\/2023\/07\/IMG_7409-scaled.jpeg\" \/>\n\t<meta property=\"og:image:width\" content=\"2560\" \/>\n\t<meta property=\"og:image:height\" content=\"1440\" \/>\n\t<meta property=\"og:image:type\" content=\"image\/jpeg\" \/>\n<meta name=\"author\" content=\"Comunicaciones Combarranquilla\" \/>\n<meta name=\"twitter:card\" content=\"summary_large_image\" \/>\n<meta name=\"twitter:label1\" content=\"Escrito por\" \/>\n\t<meta name=\"twitter:data1\" content=\"Comunicaciones Combarranquilla\" \/>\n\t<meta name=\"twitter:label2\" content=\"Tiempo de lectura\" \/>\n\t<meta name=\"twitter:data2\" content=\"2 minutos\" \/>\n<script type=\"application\/ld+json\" class=\"yoast-schema-graph\">{\"@context\":\"https:\\\/\\\/schema.org\",\"@graph\":[{\"@type\":\"Article\",\"@id\":\"https:\\\/\\\/tuguia.combarranquilla.co\\\/Revista\\\/camilo-fernandez-y-su-familia-demuestran-porque-combarranquilla-transformavidas\\\/#article\",\"isPartOf\":{\"@id\":\"https:\\\/\\\/tuguia.combarranquilla.co\\\/Revista\\\/camilo-fernandez-y-su-familia-demuestran-porque-combarranquilla-transformavidas\\\/\"},\"author\":{\"name\":\"Comunicaciones Combarranquilla\",\"@id\":\"https:\\\/\\\/tuguia.combarranquilla.co\\\/Revista\\\/#\\\/schema\\\/person\\\/c2c396a77170bd1d5f8ba73294eb0d10\"},\"headline\":\"Camilo Fern\u00e1ndez y su familia demuestran porque Combarranquilla #TransformaVidas\",\"datePublished\":\"2023-07-14T16:36:02+00:00\",\"dateModified\":\"2023-08-28T19:47:55+00:00\",\"mainEntityOfPage\":{\"@id\":\"https:\\\/\\\/tuguia.combarranquilla.co\\\/Revista\\\/camilo-fernandez-y-su-familia-demuestran-porque-combarranquilla-transformavidas\\\/\"},\"wordCount\":363,\"commentCount\":0,\"publisher\":{\"@id\":\"https:\\\/\\\/tuguia.combarranquilla.co\\\/Revista\\\/#organization\"},\"image\":{\"@id\":\"https:\\\/\\\/tuguia.combarranquilla.co\\\/Revista\\\/camilo-fernandez-y-su-familia-demuestran-porque-combarranquilla-transformavidas\\\/#primaryimage\"},\"thumbnailUrl\":\"https:\\\/\\\/tuguia.combarranquilla.co\\\/Revista\\\/wp-content\\\/uploads\\\/2023\\\/07\\\/IMG_7409-scaled.jpeg\",\"articleSection\":[\"FAMILIA COMBARRANQUILLA\"],\"inLanguage\":\"es-CO\",\"potentialAction\":[{\"@type\":\"CommentAction\",\"name\":\"Comment\",\"target\":[\"https:\\\/\\\/tuguia.combarranquilla.co\\\/Revista\\\/camilo-fernandez-y-su-familia-demuestran-porque-combarranquilla-transformavidas\\\/#respond\"]}]},{\"@type\":\"WebPage\",\"@id\":\"https:\\\/\\\/tuguia.combarranquilla.co\\\/Revista\\\/camilo-fernandez-y-su-familia-demuestran-porque-combarranquilla-transformavidas\\\/\",\"url\":\"https:\\\/\\\/tuguia.combarranquilla.co\\\/Revista\\\/camilo-fernandez-y-su-familia-demuestran-porque-combarranquilla-transformavidas\\\/\",\"name\":\"Camilo Fern\u00e1ndez y su familia demuestran porque Combarranquilla #TransformaVidas - Tu Gu\u00eda\",\"isPartOf\":{\"@id\":\"https:\\\/\\\/tuguia.combarranquilla.co\\\/Revista\\\/#website\"},\"primaryImageOfPage\":{\"@id\":\"https:\\\/\\\/tuguia.combarranquilla.co\\\/Revista\\\/camilo-fernandez-y-su-familia-demuestran-porque-combarranquilla-transformavidas\\\/#primaryimage\"},\"image\":{\"@id\":\"https:\\\/\\\/tuguia.combarranquilla.co\\\/Revista\\\/camilo-fernandez-y-su-familia-demuestran-porque-combarranquilla-transformavidas\\\/#primaryimage\"},\"thumbnailUrl\":\"https:\\\/\\\/tuguia.combarranquilla.co\\\/Revista\\\/wp-content\\\/uploads\\\/2023\\\/07\\\/IMG_7409-scaled.jpeg\",\"datePublished\":\"2023-07-14T16:36:02+00:00\",\"dateModified\":\"2023-08-28T19:47:55+00:00\",\"breadcrumb\":{\"@id\":\"https:\\\/\\\/tuguia.combarranquilla.co\\\/Revista\\\/camilo-fernandez-y-su-familia-demuestran-porque-combarranquilla-transformavidas\\\/#breadcrumb\"},\"inLanguage\":\"es-CO\",\"potentialAction\":[{\"@type\":\"ReadAction\",\"target\":[\"https:\\\/\\\/tuguia.combarranquilla.co\\\/Revista\\\/camilo-fernandez-y-su-familia-demuestran-porque-combarranquilla-transformavidas\\\/\"]}]},{\"@type\":\"ImageObject\",\"inLanguage\":\"es-CO\",\"@id\":\"https:\\\/\\\/tuguia.combarranquilla.co\\\/Revista\\\/camilo-fernandez-y-su-familia-demuestran-porque-combarranquilla-transformavidas\\\/#primaryimage\",\"url\":\"https:\\\/\\\/tuguia.combarranquilla.co\\\/Revista\\\/wp-content\\\/uploads\\\/2023\\\/07\\\/IMG_7409-scaled.jpeg\",\"contentUrl\":\"https:\\\/\\\/tuguia.combarranquilla.co\\\/Revista\\\/wp-content\\\/uploads\\\/2023\\\/07\\\/IMG_7409-scaled.jpeg\",\"width\":2560,\"height\":1440},{\"@type\":\"BreadcrumbList\",\"@id\":\"https:\\\/\\\/tuguia.combarranquilla.co\\\/Revista\\\/camilo-fernandez-y-su-familia-demuestran-porque-combarranquilla-transformavidas\\\/#breadcrumb\",\"itemListElement\":[{\"@type\":\"ListItem\",\"position\":1,\"name\":\"Inicio\",\"item\":\"https:\\\/\\\/tuguia.combarranquilla.co\\\/Revista\\\/\"},{\"@type\":\"ListItem\",\"position\":2,\"name\":\"Camilo Fern\u00e1ndez y su familia demuestran porque Combarranquilla #TransformaVidas\"}]},{\"@type\":\"WebSite\",\"@id\":\"https:\\\/\\\/tuguia.combarranquilla.co\\\/Revista\\\/#website\",\"url\":\"https:\\\/\\\/tuguia.combarranquilla.co\\\/Revista\\\/\",\"name\":\"Tu Gu\u00eda\",\"description\":\"La revista donde lo tienes todo.\",\"publisher\":{\"@id\":\"https:\\\/\\\/tuguia.combarranquilla.co\\\/Revista\\\/#organization\"},\"alternateName\":\"Tu Gu\u00eda Combarranquilla\",\"potentialAction\":[{\"@type\":\"SearchAction\",\"target\":{\"@type\":\"EntryPoint\",\"urlTemplate\":\"https:\\\/\\\/tuguia.combarranquilla.co\\\/Revista\\\/?s={search_term_string}\"},\"query-input\":{\"@type\":\"PropertyValueSpecification\",\"valueRequired\":true,\"valueName\":\"search_term_string\"}}],\"inLanguage\":\"es-CO\"},{\"@type\":\"Organization\",\"@id\":\"https:\\\/\\\/tuguia.combarranquilla.co\\\/Revista\\\/#organization\",\"name\":\"Tu Gu\u00eda Combarranquilla\",\"url\":\"https:\\\/\\\/tuguia.combarranquilla.co\\\/Revista\\\/\",\"logo\":{\"@type\":\"ImageObject\",\"inLanguage\":\"es-CO\",\"@id\":\"https:\\\/\\\/tuguia.combarranquilla.co\\\/Revista\\\/#\\\/schema\\\/logo\\\/image\\\/\",\"url\":\"https:\\\/\\\/tuguia.combarranquilla.co\\\/Revista\\\/wp-content\\\/uploads\\\/2022\\\/02\\\/logo-guia-combarranquilla.svg\",\"contentUrl\":\"https:\\\/\\\/tuguia.combarranquilla.co\\\/Revista\\\/wp-content\\\/uploads\\\/2022\\\/02\\\/logo-guia-combarranquilla.svg\",\"caption\":\"Tu Gu\u00eda Combarranquilla\"},\"image\":{\"@id\":\"https:\\\/\\\/tuguia.combarranquilla.co\\\/Revista\\\/#\\\/schema\\\/logo\\\/image\\\/\"}},{\"@type\":\"Person\",\"@id\":\"https:\\\/\\\/tuguia.combarranquilla.co\\\/Revista\\\/#\\\/schema\\\/person\\\/c2c396a77170bd1d5f8ba73294eb0d10\",\"name\":\"Comunicaciones Combarranquilla\",\"image\":{\"@type\":\"ImageObject\",\"inLanguage\":\"es-CO\",\"@id\":\"https:\\\/\\\/tuguia.combarranquilla.co\\\/Revista\\\/wp-content\\\/uploads\\\/2025\\\/05\\\/ABC-Al-Rojo-Logo-96x96.jpg\",\"url\":\"https:\\\/\\\/tuguia.combarranquilla.co\\\/Revista\\\/wp-content\\\/uploads\\\/2025\\\/05\\\/ABC-Al-Rojo-Logo-96x96.jpg\",\"contentUrl\":\"https:\\\/\\\/tuguia.combarranquilla.co\\\/Revista\\\/wp-content\\\/uploads\\\/2025\\\/05\\\/ABC-Al-Rojo-Logo-96x96.jpg\",\"caption\":\"Comunicaciones Combarranquilla\"},\"sameAs\":[\"https:\\\/\\\/www.combarranquilla.co\"],\"url\":\"https:\\\/\\\/tuguia.combarranquilla.co\\\/Revista\\\/author\\\/comunicaciones\\\/\"}]}<\/script>\n<!-- \/ Yoast SEO plugin. -->","yoast_head_json":{"title":"Camilo Fern\u00e1ndez y su familia demuestran porque Combarranquilla #TransformaVidas - Tu Gu\u00eda","robots":{"index":"index","follow":"follow","max-snippet":"max-snippet:-1","max-image-preview":"max-image-preview:large","max-video-preview":"max-video-preview:-1"},"canonical":"https:\/\/tuguia.combarranquilla.co\/Revista\/camilo-fernandez-y-su-familia-demuestran-porque-combarranquilla-transformavidas\/","og_locale":"es_ES","og_type":"article","og_title":"Camilo Fern\u00e1ndez y su familia demuestran porque Combarranquilla #TransformaVidas - Tu Gu\u00eda","og_description":"Desde hace 8 a\u00f1os Camilo Fern\u00e1ndez ha sido parte de la familia Combarranquilla. Un lugar que seg\u00fan el &#8220;se ha convertido en su segundo hogar por la hospitalidad que le brinda&#8220;. Experiencias Trabajar como vigilante tiene muchos desaf\u00edos, como no compartir fechas especiales en familia o no descansar 8 horas diarias, sin embargo para Camilo [&hellip;]","og_url":"https:\/\/tuguia.combarranquilla.co\/Revista\/camilo-fernandez-y-su-familia-demuestran-porque-combarranquilla-transformavidas\/","og_site_name":"Tu Gu\u00eda","article_published_time":"2023-07-14T16:36:02+00:00","article_modified_time":"2023-08-28T19:47:55+00:00","og_image":[{"width":2560,"height":1440,"url":"https:\/\/tuguia.combarranquilla.co\/Revista\/wp-content\/uploads\/2023\/07\/IMG_7409-scaled.jpeg","type":"image\/jpeg"}],"author":"Comunicaciones Combarranquilla","twitter_card":"summary_large_image","twitter_misc":{"Escrito por":"Comunicaciones Combarranquilla","Tiempo de lectura":"2 minutos"},"schema":{"@context":"https:\/\/schema.org","@graph":[{"@type":"Article","@id":"https:\/\/tuguia.combarranquilla.co\/Revista\/camilo-fernandez-y-su-familia-demuestran-porque-combarranquilla-transformavidas\/#article","isPartOf":{"@id":"https:\/\/tuguia.combarranquilla.co\/Revista\/camilo-fernandez-y-su-familia-demuestran-porque-combarranquilla-transformavidas\/"},"author":{"name":"Comunicaciones Combarranquilla","@id":"https:\/\/tuguia.combarranquilla.co\/Revista\/#\/schema\/person\/c2c396a77170bd1d5f8ba73294eb0d10"},"headline":"Camilo Fern\u00e1ndez y su familia demuestran porque Combarranquilla #TransformaVidas","datePublished":"2023-07-14T16:36:02+00:00","dateModified":"2023-08-28T19:47:55+00:00","mainEntityOfPage":{"@id":"https:\/\/tuguia.combarranquilla.co\/Revista\/camilo-fernandez-y-su-familia-demuestran-porque-combarranquilla-transformavidas\/"},"wordCount":363,"commentCount":0,"publisher":{"@id":"https:\/\/tuguia.combarranquilla.co\/Revista\/#organization"},"image":{"@id":"https:\/\/tuguia.combarranquilla.co\/Revista\/camilo-fernandez-y-su-familia-demuestran-porque-combarranquilla-transformavidas\/#primaryimage"},"thumbnailUrl":"https:\/\/tuguia.combarranquilla.co\/Revista\/wp-content\/uploads\/2023\/07\/IMG_7409-scaled.jpeg","articleSection":["FAMILIA COMBARRANQUILLA"],"inLanguage":"es-CO","potentialAction":[{"@type":"CommentAction","name":"Comment","target":["https:\/\/tuguia.combarranquilla.co\/Revista\/camilo-fernandez-y-su-familia-demuestran-porque-combarranquilla-transformavidas\/#respond"]}]},{"@type":"WebPage","@id":"https:\/\/tuguia.combarranquilla.co\/Revista\/camilo-fernandez-y-su-familia-demuestran-porque-combarranquilla-transformavidas\/","url":"https:\/\/tuguia.combarranquilla.co\/Revista\/camilo-fernandez-y-su-familia-demuestran-porque-combarranquilla-transformavidas\/","name":"Camilo Fern\u00e1ndez y su familia demuestran porque Combarranquilla #TransformaVidas - Tu Gu\u00eda","isPartOf":{"@id":"https:\/\/tuguia.combarranquilla.co\/Revista\/#website"},"primaryImageOfPage":{"@id":"https:\/\/tuguia.combarranquilla.co\/Revista\/camilo-fernandez-y-su-familia-demuestran-porque-combarranquilla-transformavidas\/#primaryimage"},"image":{"@id":"https:\/\/tuguia.combarranquilla.co\/Revista\/camilo-fernandez-y-su-familia-demuestran-porque-combarranquilla-transformavidas\/#primaryimage"},"thumbnailUrl":"https:\/\/tuguia.combarranquilla.co\/Revista\/wp-content\/uploads\/2023\/07\/IMG_7409-scaled.jpeg","datePublished":"2023-07-14T16:36:02+00:00","dateModified":"2023-08-28T19:47:55+00:00","breadcrumb":{"@id":"https:\/\/tuguia.combarranquilla.co\/Revista\/camilo-fernandez-y-su-familia-demuestran-porque-combarranquilla-transformavidas\/#breadcrumb"},"inLanguage":"es-CO","potentialAction":[{"@type":"ReadAction","target":["https:\/\/tuguia.combarranquilla.co\/Revista\/camilo-fernandez-y-su-familia-demuestran-porque-combarranquilla-transformavidas\/"]}]},{"@type":"ImageObject","inLanguage":"es-CO","@id":"https:\/\/tuguia.combarranquilla.co\/Revista\/camilo-fernandez-y-su-familia-demuestran-porque-combarranquilla-transformavidas\/#primaryimage","url":"https:\/\/tuguia.combarranquilla.co\/Revista\/wp-content\/uploads\/2023\/07\/IMG_7409-scaled.jpeg","contentUrl":"https:\/\/tuguia.combarranquilla.co\/Revista\/wp-content\/uploads\/2023\/07\/IMG_7409-scaled.jpeg","width":2560,"height":1440},{"@type":"BreadcrumbList","@id":"https:\/\/tuguia.combarranquilla.co\/Revista\/camilo-fernandez-y-su-familia-demuestran-porque-combarranquilla-transformavidas\/#breadcrumb","itemListElement":[{"@type":"ListItem","position":1,"name":"Inicio","item":"https:\/\/tuguia.combarranquilla.co\/Revista\/"},{"@type":"ListItem","position":2,"name":"Camilo Fern\u00e1ndez y su familia demuestran porque Combarranquilla #TransformaVidas"}]},{"@type":"WebSite","@id":"https:\/\/tuguia.combarranquilla.co\/Revista\/#website","url":"https:\/\/tuguia.combarranquilla.co\/Revista\/","name":"Tu Gu\u00eda","description":"La revista donde lo tienes todo.","publisher":{"@id":"https:\/\/tuguia.combarranquilla.co\/Revista\/#organization"},"alternateName":"Tu Gu\u00eda Combarranquilla","potentialAction":[{"@type":"SearchAction","target":{"@type":"EntryPoint","urlTemplate":"https:\/\/tuguia.combarranquilla.co\/Revista\/?s={search_term_string}"},"query-input":{"@type":"PropertyValueSpecification","valueRequired":true,"valueName":"search_term_string"}}],"inLanguage":"es-CO"},{"@type":"Organization","@id":"https:\/\/tuguia.combarranquilla.co\/Revista\/#organization","name":"Tu Gu\u00eda Combarranquilla","url":"https:\/\/tuguia.combarranquilla.co\/Revista\/","logo":{"@type":"ImageObject","inLanguage":"es-CO","@id":"https:\/\/tuguia.combarranquilla.co\/Revista\/#\/schema\/logo\/image\/","url":"https:\/\/tuguia.combarranquilla.co\/Revista\/wp-content\/uploads\/2022\/02\/logo-guia-combarranquilla.svg","contentUrl":"https:\/\/tuguia.combarranquilla.co\/Revista\/wp-content\/uploads\/2022\/02\/logo-guia-combarranquilla.svg","caption":"Tu Gu\u00eda Combarranquilla"},"image":{"@id":"https:\/\/tuguia.combarranquilla.co\/Revista\/#\/schema\/logo\/image\/"}},{"@type":"Person","@id":"https:\/\/tuguia.combarranquilla.co\/Revista\/#\/schema\/person\/c2c396a77170bd1d5f8ba73294eb0d10","name":"Comunicaciones Combarranquilla","image":{"@type":"ImageObject","inLanguage":"es-CO","@id":"https:\/\/tuguia.combarranquilla.co\/Revista\/wp-content\/uploads\/2025\/05\/ABC-Al-Rojo-Logo-96x96.jpg","url":"https:\/\/tuguia.combarranquilla.co\/Revista\/wp-content\/uploads\/2025\/05\/ABC-Al-Rojo-Logo-96x96.jpg","contentUrl":"https:\/\/tuguia.combarranquilla.co\/Revista\/wp-content\/uploads\/2025\/05\/ABC-Al-Rojo-Logo-96x96.jpg","caption":"Comunicaciones Combarranquilla"},"sameAs":["https:\/\/www.combarranquilla.co"],"url":"https:\/\/tuguia.combarranquilla.co\/Revista\/author\/comunicaciones\/"}]}},"_links":{"self":[{"href":"https:\/\/tuguia.combarranquilla.co\/Revista\/wp-json\/wp\/v2\/posts\/2406","targetHints":{"allow":["GET"]}}],"collection":[{"href":"https:\/\/tuguia.combarranquilla.co\/Revista\/wp-json\/wp\/v2\/posts"}],"about":[{"href":"https:\/\/tuguia.combarranquilla.co\/Revista\/wp-json\/wp\/v2\/types\/post"}],"author":[{"embeddable":true,"href":"https:\/\/tuguia.combarranquilla.co\/Revista\/wp-json\/wp\/v2\/users\/2"}],"replies":[{"embeddable":true,"href":"https:\/\/tuguia.combarranquilla.co\/Revista\/wp-json\/wp\/v2\/comments?post=2406"}],"version-history":[{"count":30,"href":"https:\/\/tuguia.combarranquilla.co\/Revista\/wp-json\/wp\/v2\/posts\/2406\/revisions"}],"predecessor-version":[{"id":2550,"href":"https:\/\/tuguia.combarranquilla.co\/Revista\/wp-json\/wp\/v2\/posts\/2406\/revisions\/2550"}],"wp:featuredmedia":[{"embeddable":true,"href":"https:\/\/tuguia.combarranquilla.co\/Revista\/wp-json\/wp\/v2\/media\/2413"}],"wp:attachment":[{"href":"https:\/\/tuguia.combarranquilla.co\/Revista\/wp-json\/wp\/v2\/media?parent=2406"}],"wp:term":[{"taxonomy":"category","embeddable":true,"href":"https:\/\/tuguia.combarranquilla.co\/Revista\/wp-json\/wp\/v2\/categories?post=2406"},{"taxonomy":"post_tag","embeddable":true,"href":"https:\/\/tuguia.combarranquilla.co\/Revista\/wp-json\/wp\/v2\/tags?post=2406"}],"curies":[{"name":"wp","href":"https:\/\/api.w.org\/{rel}","templated":true}]}}