{"id":2458,"date":"2023-07-18T14:50:16","date_gmt":"2023-07-18T19:50:16","guid":{"rendered":"https:\/\/tuguia.combarranquilla.co\/Revista\/?p=2458"},"modified":"2023-07-25T14:56:46","modified_gmt":"2023-07-25T19:56:46","slug":"conoce-los-ganadores-de-subsidio-de-vivienda-ii-trimestre","status":"publish","type":"post","link":"https:\/\/tuguia.combarranquilla.co\/Revista\/conoce-los-ganadores-de-subsidio-de-vivienda-ii-trimestre\/","title":{"rendered":"Conoce los \u00a1GANADORES DE SUBSIDIO DE VIVIENDA! II trimestre"},"content":{"rendered":"\n<p>LA CAJA DE COMPENSACI\u00d3N FAMILIAR DE BARRANQUILLA \u201cCOMBARRANQUILLA\u201d se permite informar que, en cumplimiento de las pol\u00edticas de bienestar social para sus afiliados, mediante Acta N\u00ba 106 de junio 30 de 2023 asign\u00f3 los siguientes subsidios de vivienda a los postulantes debidamente inscritos y calificados en el m\u00f3dulo de demanda del sistema de informaci\u00f3n de subsidios<\/p>\n\n\n\n<figure class=\"wp-block-table\"><table><tbody><tr><td><a><strong>Puesto<\/strong><\/a><strong><\/strong><\/td><td><strong>Solic.<\/strong><\/td><td><strong>Nombre<\/strong><\/td><td><strong>Valor Subsidio<\/strong><\/td><td><strong>Puntaje<\/strong><\/td><\/tr><tr><td>1<\/td><td>252<\/td><td>LUQUEZ RIVERA ROCIO NORELA<\/td><td>&nbsp;$34.800.000<\/td><td>821,537<\/td><\/tr><tr><td>2<\/td><td>244<\/td><td>BERRIO DIAZ YENNYS PATRICIA<\/td><td>&nbsp;$34.800.000<\/td><td>636,390<\/td><\/tr><tr><td>3<\/td><td>94<\/td><td>LLANOS CORONADO JAISON DAVID<\/td><td>&nbsp;$34.800.000<\/td><td>571,447<\/td><\/tr><tr><td>4<\/td><td>286<\/td><td>GALLO GOMEZ GABRIELA ANDREA<\/td><td>&nbsp;$34.800.000<\/td><td>561,800<\/td><\/tr><tr><td>5<\/td><td>271<\/td><td>RAMIREZ PARRA GUISELLA CAROLINA<\/td><td>&nbsp;$34.800.000<\/td><td>547,963<\/td><\/tr><tr><td>6<\/td><td>253<\/td><td>PEREZ ARIZA CARLOS ANDRES<\/td><td>&nbsp;$34.800.000<\/td><td>547,037<\/td><\/tr><tr><td>7<\/td><td>62<\/td><td>MEZA PATI\u00d1O JUAN CARLOS<\/td><td>&nbsp;$34.800.000<\/td><td>457,148<\/td><\/tr><tr><td>8<\/td><td>84<\/td><td>STEVENSON BARRAZA JONATHAN JOHARNDRY<\/td><td>&nbsp;$34.800.000<\/td><td>451,718<\/td><\/tr><tr><td>9<\/td><td>182<\/td><td>PI\u00d1A ZABALETA NEIVER<\/td><td>&nbsp;$34.800.000<\/td><td>423,840<\/td><\/tr><tr><td>10<\/td><td>36<\/td><td>BERMEJO REALES NELLYS<\/td><td>&nbsp;$34.800.000<\/td><td>410,716<\/td><\/tr><tr><td>11<\/td><td>266<\/td><td>APERADOR MORALES JOHANNA MARIA<\/td><td>&nbsp;$34.800.000<\/td><td>407,118<\/td><\/tr><tr><td>12<\/td><td>350<\/td><td>REBOLLEDO HERNANDEZ CINDY PAOLA<\/td><td>&nbsp;$34.800.000<\/td><td>405,074<\/td><\/tr><tr><td>13<\/td><td>60<\/td><td>GARCIA MONTECRISTO SILVANA KARINA<\/td><td>&nbsp;$34.800.000<\/td><td>404,518<\/td><\/tr><tr><td>14<\/td><td>189<\/td><td>GREFFESTEIN GAVIRIA NATALY CECILIA<\/td><td>&nbsp;$34.800.000<\/td><td>404,414<\/td><\/tr><tr><td>15<\/td><td>334<\/td><td>ORTIZ CERRA ZAIDA ISABEL<\/td><td>&nbsp;$34.800.000<\/td><td>402,506<\/td><\/tr><tr><td>16<\/td><td>10<\/td><td>VERGARA CLAVIJO RUBEN DARIO<\/td><td>&nbsp;$34.800.000<\/td><td>398,047<\/td><\/tr><tr><td>17<\/td><td>112<\/td><td>ORTEGA ARROYO EDINSON JOSE<\/td><td>&nbsp;$34.800.000<\/td><td>396,848<\/td><\/tr><tr><td>18<\/td><td>61<\/td><td>OBREGON CORTES GREY<\/td><td>&nbsp;$34.800.000<\/td><td>390,792<\/td><\/tr><tr><td>19<\/td><td>385<\/td><td>SAMPAYO ROMERO ALYSON<\/td><td>&nbsp;$34.800.000<\/td><td>389,232<\/td><\/tr><tr><td>20<\/td><td>259<\/td><td>HERRERA SALGADO MARIA ALEJANDRA<\/td><td>&nbsp;$34.800.000<\/td><td>388,668<\/td><\/tr><tr><td>21<\/td><td>139<\/td><td>GARRIDO ECHAVEZ ANTONIO JOSE<\/td><td>&nbsp;$34.800.000<\/td><td>386,609<\/td><\/tr><tr><td>22<\/td><td>380<\/td><td>ACOSTA PADILLA ANGIE ESTEFANY<\/td><td>&nbsp;$34.800.000<\/td><td>384,511<\/td><\/tr><tr><td>23<\/td><td>397<\/td><td>POLO ESPANA NADIN DE JESUS<\/td><td>&nbsp;$34.800.000<\/td><td>383,914<\/td><\/tr><tr><td>24<\/td><td>214<\/td><td>SILVA CESPEDES DURLEY YANCELLY<\/td><td>&nbsp;$34.800.000<\/td><td>381,706<\/td><\/tr><tr><td>25<\/td><td>276<\/td><td>VILORIA PULGAR ARMANDO JOSE<\/td><td>&nbsp;$34.800.000<\/td><td>377,866<\/td><\/tr><tr><td>26<\/td><td>345<\/td><td>LEA DIAZ YEISON MANUEL<\/td><td>&nbsp;$34.800.000<\/td><td>377,720<\/td><\/tr><tr><td>27<\/td><td>268<\/td><td>JIMENEZ RICO JOSE DAVID<\/td><td>&nbsp;$34.800.000<\/td><td>376,770<\/td><\/tr><tr><td>28<\/td><td>204<\/td><td>PINTO PEREZ KARLA<\/td><td>&nbsp;$34.800.000<\/td><td>374,130<\/td><\/tr><tr><td>29<\/td><td>159<\/td><td>DE LA HOZ MANOTAS YENIELI<\/td><td>&nbsp;$34.800.000<\/td><td>372,209<\/td><\/tr><tr><td>30<\/td><td>392<\/td><td>DORIA PETRO KAREN ANDREA<\/td><td>&nbsp;$34.800.000<\/td><td>370,125<\/td><\/tr><tr><td>31<\/td><td>309<\/td><td>GAITAN DE LA HOZ SERGIO ANDRES<\/td><td>&nbsp;$34.800.000<\/td><td>368,252<\/td><\/tr><tr><td>32<\/td><td>280<\/td><td>ANDRADE BARRAZA ANGELICA MARIA<\/td><td>&nbsp;$34.800.000<\/td><td>364,060<\/td><\/tr><\/tbody><\/table><\/figure>\n\n\n\n<p><strong>$1.113.600.000&nbsp;&nbsp; en subsidios de vivienda otorgados que representa el sue\u00f1o de 32 familias.<\/strong><\/p>\n\n\n\n<p>COMBARRANQUILLA convoca a todos los afiliados interesados en postularse para el subsidio familiar de vivienda a presentar los formularios debidamente diligenciados hasta el d\u00eda <strong>31 DE JULIO DE 2023<\/strong>. Ahora puedes tramitar tu postulaci\u00f3n en l\u00ednea, ingresando a https:\/\/enlinea.combarranquilla.co\/cbq o de manera presencial en nuestras unidades de servicio: Paseo Bol\u00edvar, Country, Boston, Calle 30, BC empresarial y Sabanalarga.<br><br>Los afiliados que hayan participado en anteriores ocasiones deber\u00e1n manifestar por escrito su inter\u00e9s en postularse nuevamente e incluir la documentaci\u00f3n actualizada de ahorro previo, capacidad de endeudamiento, certificaci\u00f3n laboral y valor de la vivienda a que aspiran.<\/p>\n\n\n\n<p><\/p>\n\n\n\n<h3 class=\"wp-block-heading\"><\/h3>\n","protected":false},"excerpt":{"rendered":"<p>LA CAJA DE COMPENSACI\u00d3N FAMILIAR DE BARRANQUILLA \u201cCOMBARRANQUILLA\u201d se permite informar que, en cumplimiento de las pol\u00edticas de bienestar social para sus afiliados, mediante Acta N\u00ba 106 de junio 30 de 2023 asign\u00f3 los siguientes subsidios de vivienda a los postulantes debidamente inscritos y calificados en el m\u00f3dulo de demanda del sistema de informaci\u00f3n de [&hellip;]<\/p>\n","protected":false},"author":2,"featured_media":2468,"comment_status":"open","ping_status":"open","sticky":false,"template":"","format":"standard","meta":{"inline_featured_image":false,"footnotes":""},"categories":[2],"tags":[],"class_list":["post-2458","post","type-post","status-publish","format-standard","has-post-thumbnail","hentry","category-subsidios"],"yoast_head":"<!-- This site is optimized with the Yoast SEO plugin v27.4 - https:\/\/yoast.com\/product\/yoast-seo-wordpress\/ -->\n<title>Conoce los \u00a1GANADORES DE SUBSIDIO DE VIVIENDA! II trimestre - Tu Gu\u00eda<\/title>\n<meta name=\"robots\" content=\"index, follow, max-snippet:-1, max-image-preview:large, max-video-preview:-1\" \/>\n<link rel=\"canonical\" href=\"https:\/\/tuguia.combarranquilla.co\/Revista\/conoce-los-ganadores-de-subsidio-de-vivienda-ii-trimestre\/\" \/>\n<meta property=\"og:locale\" content=\"es_ES\" \/>\n<meta property=\"og:type\" content=\"article\" \/>\n<meta property=\"og:title\" content=\"Conoce los \u00a1GANADORES DE SUBSIDIO DE VIVIENDA! II trimestre - Tu Gu\u00eda\" \/>\n<meta property=\"og:description\" content=\"LA CAJA DE COMPENSACI\u00d3N FAMILIAR DE BARRANQUILLA \u201cCOMBARRANQUILLA\u201d se permite informar que, en cumplimiento de las pol\u00edticas de bienestar social para sus afiliados, mediante Acta N\u00ba 106 de junio 30 de 2023 asign\u00f3 los siguientes subsidios de vivienda a los postulantes debidamente inscritos y calificados en el m\u00f3dulo de demanda del sistema de informaci\u00f3n de [&hellip;]\" \/>\n<meta property=\"og:url\" content=\"https:\/\/tuguia.combarranquilla.co\/Revista\/conoce-los-ganadores-de-subsidio-de-vivienda-ii-trimestre\/\" \/>\n<meta property=\"og:site_name\" content=\"Tu Gu\u00eda\" \/>\n<meta property=\"article:published_time\" content=\"2023-07-18T19:50:16+00:00\" \/>\n<meta property=\"article:modified_time\" content=\"2023-07-25T19:56:46+00:00\" \/>\n<meta property=\"og:image\" content=\"https:\/\/tuguia.combarranquilla.co\/Revista\/wp-content\/uploads\/2023\/07\/Asignacion-2-scaled.jpg\" \/>\n\t<meta property=\"og:image:width\" content=\"2560\" \/>\n\t<meta property=\"og:image:height\" content=\"2560\" \/>\n\t<meta property=\"og:image:type\" content=\"image\/jpeg\" \/>\n<meta name=\"author\" content=\"Comunicaciones Combarranquilla\" \/>\n<meta name=\"twitter:card\" content=\"summary_large_image\" \/>\n<meta name=\"twitter:label1\" content=\"Escrito por\" \/>\n\t<meta name=\"twitter:data1\" content=\"Comunicaciones Combarranquilla\" \/>\n\t<meta name=\"twitter:label2\" content=\"Tiempo de lectura\" \/>\n\t<meta name=\"twitter:data2\" content=\"2 minutos\" \/>\n<script type=\"application\/ld+json\" class=\"yoast-schema-graph\">{\"@context\":\"https:\\\/\\\/schema.org\",\"@graph\":[{\"@type\":\"Article\",\"@id\":\"https:\\\/\\\/tuguia.combarranquilla.co\\\/Revista\\\/conoce-los-ganadores-de-subsidio-de-vivienda-ii-trimestre\\\/#article\",\"isPartOf\":{\"@id\":\"https:\\\/\\\/tuguia.combarranquilla.co\\\/Revista\\\/conoce-los-ganadores-de-subsidio-de-vivienda-ii-trimestre\\\/\"},\"author\":{\"name\":\"Comunicaciones Combarranquilla\",\"@id\":\"https:\\\/\\\/tuguia.combarranquilla.co\\\/Revista\\\/#\\\/schema\\\/person\\\/c2c396a77170bd1d5f8ba73294eb0d10\"},\"headline\":\"Conoce los \u00a1GANADORES DE SUBSIDIO DE VIVIENDA! II trimestre\",\"datePublished\":\"2023-07-18T19:50:16+00:00\",\"dateModified\":\"2023-07-25T19:56:46+00:00\",\"mainEntityOfPage\":{\"@id\":\"https:\\\/\\\/tuguia.combarranquilla.co\\\/Revista\\\/conoce-los-ganadores-de-subsidio-de-vivienda-ii-trimestre\\\/\"},\"wordCount\":352,\"commentCount\":0,\"publisher\":{\"@id\":\"https:\\\/\\\/tuguia.combarranquilla.co\\\/Revista\\\/#organization\"},\"image\":{\"@id\":\"https:\\\/\\\/tuguia.combarranquilla.co\\\/Revista\\\/conoce-los-ganadores-de-subsidio-de-vivienda-ii-trimestre\\\/#primaryimage\"},\"thumbnailUrl\":\"https:\\\/\\\/tuguia.combarranquilla.co\\\/Revista\\\/wp-content\\\/uploads\\\/2023\\\/07\\\/Asignacion-2-scaled.jpg\",\"articleSection\":[\"SUBSIDIOS\"],\"inLanguage\":\"es-CO\",\"potentialAction\":[{\"@type\":\"CommentAction\",\"name\":\"Comment\",\"target\":[\"https:\\\/\\\/tuguia.combarranquilla.co\\\/Revista\\\/conoce-los-ganadores-de-subsidio-de-vivienda-ii-trimestre\\\/#respond\"]}]},{\"@type\":\"WebPage\",\"@id\":\"https:\\\/\\\/tuguia.combarranquilla.co\\\/Revista\\\/conoce-los-ganadores-de-subsidio-de-vivienda-ii-trimestre\\\/\",\"url\":\"https:\\\/\\\/tuguia.combarranquilla.co\\\/Revista\\\/conoce-los-ganadores-de-subsidio-de-vivienda-ii-trimestre\\\/\",\"name\":\"Conoce los \u00a1GANADORES DE SUBSIDIO DE VIVIENDA! II trimestre - Tu Gu\u00eda\",\"isPartOf\":{\"@id\":\"https:\\\/\\\/tuguia.combarranquilla.co\\\/Revista\\\/#website\"},\"primaryImageOfPage\":{\"@id\":\"https:\\\/\\\/tuguia.combarranquilla.co\\\/Revista\\\/conoce-los-ganadores-de-subsidio-de-vivienda-ii-trimestre\\\/#primaryimage\"},\"image\":{\"@id\":\"https:\\\/\\\/tuguia.combarranquilla.co\\\/Revista\\\/conoce-los-ganadores-de-subsidio-de-vivienda-ii-trimestre\\\/#primaryimage\"},\"thumbnailUrl\":\"https:\\\/\\\/tuguia.combarranquilla.co\\\/Revista\\\/wp-content\\\/uploads\\\/2023\\\/07\\\/Asignacion-2-scaled.jpg\",\"datePublished\":\"2023-07-18T19:50:16+00:00\",\"dateModified\":\"2023-07-25T19:56:46+00:00\",\"breadcrumb\":{\"@id\":\"https:\\\/\\\/tuguia.combarranquilla.co\\\/Revista\\\/conoce-los-ganadores-de-subsidio-de-vivienda-ii-trimestre\\\/#breadcrumb\"},\"inLanguage\":\"es-CO\",\"potentialAction\":[{\"@type\":\"ReadAction\",\"target\":[\"https:\\\/\\\/tuguia.combarranquilla.co\\\/Revista\\\/conoce-los-ganadores-de-subsidio-de-vivienda-ii-trimestre\\\/\"]}]},{\"@type\":\"ImageObject\",\"inLanguage\":\"es-CO\",\"@id\":\"https:\\\/\\\/tuguia.combarranquilla.co\\\/Revista\\\/conoce-los-ganadores-de-subsidio-de-vivienda-ii-trimestre\\\/#primaryimage\",\"url\":\"https:\\\/\\\/tuguia.combarranquilla.co\\\/Revista\\\/wp-content\\\/uploads\\\/2023\\\/07\\\/Asignacion-2-scaled.jpg\",\"contentUrl\":\"https:\\\/\\\/tuguia.combarranquilla.co\\\/Revista\\\/wp-content\\\/uploads\\\/2023\\\/07\\\/Asignacion-2-scaled.jpg\",\"width\":2560,\"height\":2560},{\"@type\":\"BreadcrumbList\",\"@id\":\"https:\\\/\\\/tuguia.combarranquilla.co\\\/Revista\\\/conoce-los-ganadores-de-subsidio-de-vivienda-ii-trimestre\\\/#breadcrumb\",\"itemListElement\":[{\"@type\":\"ListItem\",\"position\":1,\"name\":\"Inicio\",\"item\":\"https:\\\/\\\/tuguia.combarranquilla.co\\\/Revista\\\/\"},{\"@type\":\"ListItem\",\"position\":2,\"name\":\"Conoce los \u00a1GANADORES DE SUBSIDIO DE VIVIENDA! II trimestre\"}]},{\"@type\":\"WebSite\",\"@id\":\"https:\\\/\\\/tuguia.combarranquilla.co\\\/Revista\\\/#website\",\"url\":\"https:\\\/\\\/tuguia.combarranquilla.co\\\/Revista\\\/\",\"name\":\"Tu Gu\u00eda\",\"description\":\"La revista donde lo tienes todo.\",\"publisher\":{\"@id\":\"https:\\\/\\\/tuguia.combarranquilla.co\\\/Revista\\\/#organization\"},\"alternateName\":\"Tu Gu\u00eda Combarranquilla\",\"potentialAction\":[{\"@type\":\"SearchAction\",\"target\":{\"@type\":\"EntryPoint\",\"urlTemplate\":\"https:\\\/\\\/tuguia.combarranquilla.co\\\/Revista\\\/?s={search_term_string}\"},\"query-input\":{\"@type\":\"PropertyValueSpecification\",\"valueRequired\":true,\"valueName\":\"search_term_string\"}}],\"inLanguage\":\"es-CO\"},{\"@type\":\"Organization\",\"@id\":\"https:\\\/\\\/tuguia.combarranquilla.co\\\/Revista\\\/#organization\",\"name\":\"Tu Gu\u00eda Combarranquilla\",\"url\":\"https:\\\/\\\/tuguia.combarranquilla.co\\\/Revista\\\/\",\"logo\":{\"@type\":\"ImageObject\",\"inLanguage\":\"es-CO\",\"@id\":\"https:\\\/\\\/tuguia.combarranquilla.co\\\/Revista\\\/#\\\/schema\\\/logo\\\/image\\\/\",\"url\":\"https:\\\/\\\/tuguia.combarranquilla.co\\\/Revista\\\/wp-content\\\/uploads\\\/2022\\\/02\\\/logo-guia-combarranquilla.svg\",\"contentUrl\":\"https:\\\/\\\/tuguia.combarranquilla.co\\\/Revista\\\/wp-content\\\/uploads\\\/2022\\\/02\\\/logo-guia-combarranquilla.svg\",\"caption\":\"Tu Gu\u00eda Combarranquilla\"},\"image\":{\"@id\":\"https:\\\/\\\/tuguia.combarranquilla.co\\\/Revista\\\/#\\\/schema\\\/logo\\\/image\\\/\"}},{\"@type\":\"Person\",\"@id\":\"https:\\\/\\\/tuguia.combarranquilla.co\\\/Revista\\\/#\\\/schema\\\/person\\\/c2c396a77170bd1d5f8ba73294eb0d10\",\"name\":\"Comunicaciones Combarranquilla\",\"image\":{\"@type\":\"ImageObject\",\"inLanguage\":\"es-CO\",\"@id\":\"https:\\\/\\\/tuguia.combarranquilla.co\\\/Revista\\\/wp-content\\\/uploads\\\/2025\\\/05\\\/ABC-Al-Rojo-Logo-96x96.jpg\",\"url\":\"https:\\\/\\\/tuguia.combarranquilla.co\\\/Revista\\\/wp-content\\\/uploads\\\/2025\\\/05\\\/ABC-Al-Rojo-Logo-96x96.jpg\",\"contentUrl\":\"https:\\\/\\\/tuguia.combarranquilla.co\\\/Revista\\\/wp-content\\\/uploads\\\/2025\\\/05\\\/ABC-Al-Rojo-Logo-96x96.jpg\",\"caption\":\"Comunicaciones Combarranquilla\"},\"sameAs\":[\"https:\\\/\\\/www.combarranquilla.co\"],\"url\":\"https:\\\/\\\/tuguia.combarranquilla.co\\\/Revista\\\/author\\\/comunicaciones\\\/\"}]}<\/script>\n<!-- \/ Yoast SEO plugin. -->","yoast_head_json":{"title":"Conoce los \u00a1GANADORES DE SUBSIDIO DE VIVIENDA! II trimestre - Tu Gu\u00eda","robots":{"index":"index","follow":"follow","max-snippet":"max-snippet:-1","max-image-preview":"max-image-preview:large","max-video-preview":"max-video-preview:-1"},"canonical":"https:\/\/tuguia.combarranquilla.co\/Revista\/conoce-los-ganadores-de-subsidio-de-vivienda-ii-trimestre\/","og_locale":"es_ES","og_type":"article","og_title":"Conoce los \u00a1GANADORES DE SUBSIDIO DE VIVIENDA! II trimestre - Tu Gu\u00eda","og_description":"LA CAJA DE COMPENSACI\u00d3N FAMILIAR DE BARRANQUILLA \u201cCOMBARRANQUILLA\u201d se permite informar que, en cumplimiento de las pol\u00edticas de bienestar social para sus afiliados, mediante Acta N\u00ba 106 de junio 30 de 2023 asign\u00f3 los siguientes subsidios de vivienda a los postulantes debidamente inscritos y calificados en el m\u00f3dulo de demanda del sistema de informaci\u00f3n de [&hellip;]","og_url":"https:\/\/tuguia.combarranquilla.co\/Revista\/conoce-los-ganadores-de-subsidio-de-vivienda-ii-trimestre\/","og_site_name":"Tu Gu\u00eda","article_published_time":"2023-07-18T19:50:16+00:00","article_modified_time":"2023-07-25T19:56:46+00:00","og_image":[{"width":2560,"height":2560,"url":"https:\/\/tuguia.combarranquilla.co\/Revista\/wp-content\/uploads\/2023\/07\/Asignacion-2-scaled.jpg","type":"image\/jpeg"}],"author":"Comunicaciones Combarranquilla","twitter_card":"summary_large_image","twitter_misc":{"Escrito por":"Comunicaciones Combarranquilla","Tiempo de lectura":"2 minutos"},"schema":{"@context":"https:\/\/schema.org","@graph":[{"@type":"Article","@id":"https:\/\/tuguia.combarranquilla.co\/Revista\/conoce-los-ganadores-de-subsidio-de-vivienda-ii-trimestre\/#article","isPartOf":{"@id":"https:\/\/tuguia.combarranquilla.co\/Revista\/conoce-los-ganadores-de-subsidio-de-vivienda-ii-trimestre\/"},"author":{"name":"Comunicaciones Combarranquilla","@id":"https:\/\/tuguia.combarranquilla.co\/Revista\/#\/schema\/person\/c2c396a77170bd1d5f8ba73294eb0d10"},"headline":"Conoce los \u00a1GANADORES DE SUBSIDIO DE VIVIENDA! II trimestre","datePublished":"2023-07-18T19:50:16+00:00","dateModified":"2023-07-25T19:56:46+00:00","mainEntityOfPage":{"@id":"https:\/\/tuguia.combarranquilla.co\/Revista\/conoce-los-ganadores-de-subsidio-de-vivienda-ii-trimestre\/"},"wordCount":352,"commentCount":0,"publisher":{"@id":"https:\/\/tuguia.combarranquilla.co\/Revista\/#organization"},"image":{"@id":"https:\/\/tuguia.combarranquilla.co\/Revista\/conoce-los-ganadores-de-subsidio-de-vivienda-ii-trimestre\/#primaryimage"},"thumbnailUrl":"https:\/\/tuguia.combarranquilla.co\/Revista\/wp-content\/uploads\/2023\/07\/Asignacion-2-scaled.jpg","articleSection":["SUBSIDIOS"],"inLanguage":"es-CO","potentialAction":[{"@type":"CommentAction","name":"Comment","target":["https:\/\/tuguia.combarranquilla.co\/Revista\/conoce-los-ganadores-de-subsidio-de-vivienda-ii-trimestre\/#respond"]}]},{"@type":"WebPage","@id":"https:\/\/tuguia.combarranquilla.co\/Revista\/conoce-los-ganadores-de-subsidio-de-vivienda-ii-trimestre\/","url":"https:\/\/tuguia.combarranquilla.co\/Revista\/conoce-los-ganadores-de-subsidio-de-vivienda-ii-trimestre\/","name":"Conoce los \u00a1GANADORES DE SUBSIDIO DE VIVIENDA! II trimestre - Tu Gu\u00eda","isPartOf":{"@id":"https:\/\/tuguia.combarranquilla.co\/Revista\/#website"},"primaryImageOfPage":{"@id":"https:\/\/tuguia.combarranquilla.co\/Revista\/conoce-los-ganadores-de-subsidio-de-vivienda-ii-trimestre\/#primaryimage"},"image":{"@id":"https:\/\/tuguia.combarranquilla.co\/Revista\/conoce-los-ganadores-de-subsidio-de-vivienda-ii-trimestre\/#primaryimage"},"thumbnailUrl":"https:\/\/tuguia.combarranquilla.co\/Revista\/wp-content\/uploads\/2023\/07\/Asignacion-2-scaled.jpg","datePublished":"2023-07-18T19:50:16+00:00","dateModified":"2023-07-25T19:56:46+00:00","breadcrumb":{"@id":"https:\/\/tuguia.combarranquilla.co\/Revista\/conoce-los-ganadores-de-subsidio-de-vivienda-ii-trimestre\/#breadcrumb"},"inLanguage":"es-CO","potentialAction":[{"@type":"ReadAction","target":["https:\/\/tuguia.combarranquilla.co\/Revista\/conoce-los-ganadores-de-subsidio-de-vivienda-ii-trimestre\/"]}]},{"@type":"ImageObject","inLanguage":"es-CO","@id":"https:\/\/tuguia.combarranquilla.co\/Revista\/conoce-los-ganadores-de-subsidio-de-vivienda-ii-trimestre\/#primaryimage","url":"https:\/\/tuguia.combarranquilla.co\/Revista\/wp-content\/uploads\/2023\/07\/Asignacion-2-scaled.jpg","contentUrl":"https:\/\/tuguia.combarranquilla.co\/Revista\/wp-content\/uploads\/2023\/07\/Asignacion-2-scaled.jpg","width":2560,"height":2560},{"@type":"BreadcrumbList","@id":"https:\/\/tuguia.combarranquilla.co\/Revista\/conoce-los-ganadores-de-subsidio-de-vivienda-ii-trimestre\/#breadcrumb","itemListElement":[{"@type":"ListItem","position":1,"name":"Inicio","item":"https:\/\/tuguia.combarranquilla.co\/Revista\/"},{"@type":"ListItem","position":2,"name":"Conoce los \u00a1GANADORES DE SUBSIDIO DE VIVIENDA! II trimestre"}]},{"@type":"WebSite","@id":"https:\/\/tuguia.combarranquilla.co\/Revista\/#website","url":"https:\/\/tuguia.combarranquilla.co\/Revista\/","name":"Tu Gu\u00eda","description":"La revista donde lo tienes todo.","publisher":{"@id":"https:\/\/tuguia.combarranquilla.co\/Revista\/#organization"},"alternateName":"Tu Gu\u00eda Combarranquilla","potentialAction":[{"@type":"SearchAction","target":{"@type":"EntryPoint","urlTemplate":"https:\/\/tuguia.combarranquilla.co\/Revista\/?s={search_term_string}"},"query-input":{"@type":"PropertyValueSpecification","valueRequired":true,"valueName":"search_term_string"}}],"inLanguage":"es-CO"},{"@type":"Organization","@id":"https:\/\/tuguia.combarranquilla.co\/Revista\/#organization","name":"Tu Gu\u00eda Combarranquilla","url":"https:\/\/tuguia.combarranquilla.co\/Revista\/","logo":{"@type":"ImageObject","inLanguage":"es-CO","@id":"https:\/\/tuguia.combarranquilla.co\/Revista\/#\/schema\/logo\/image\/","url":"https:\/\/tuguia.combarranquilla.co\/Revista\/wp-content\/uploads\/2022\/02\/logo-guia-combarranquilla.svg","contentUrl":"https:\/\/tuguia.combarranquilla.co\/Revista\/wp-content\/uploads\/2022\/02\/logo-guia-combarranquilla.svg","caption":"Tu Gu\u00eda Combarranquilla"},"image":{"@id":"https:\/\/tuguia.combarranquilla.co\/Revista\/#\/schema\/logo\/image\/"}},{"@type":"Person","@id":"https:\/\/tuguia.combarranquilla.co\/Revista\/#\/schema\/person\/c2c396a77170bd1d5f8ba73294eb0d10","name":"Comunicaciones Combarranquilla","image":{"@type":"ImageObject","inLanguage":"es-CO","@id":"https:\/\/tuguia.combarranquilla.co\/Revista\/wp-content\/uploads\/2025\/05\/ABC-Al-Rojo-Logo-96x96.jpg","url":"https:\/\/tuguia.combarranquilla.co\/Revista\/wp-content\/uploads\/2025\/05\/ABC-Al-Rojo-Logo-96x96.jpg","contentUrl":"https:\/\/tuguia.combarranquilla.co\/Revista\/wp-content\/uploads\/2025\/05\/ABC-Al-Rojo-Logo-96x96.jpg","caption":"Comunicaciones Combarranquilla"},"sameAs":["https:\/\/www.combarranquilla.co"],"url":"https:\/\/tuguia.combarranquilla.co\/Revista\/author\/comunicaciones\/"}]}},"_links":{"self":[{"href":"https:\/\/tuguia.combarranquilla.co\/Revista\/wp-json\/wp\/v2\/posts\/2458","targetHints":{"allow":["GET"]}}],"collection":[{"href":"https:\/\/tuguia.combarranquilla.co\/Revista\/wp-json\/wp\/v2\/posts"}],"about":[{"href":"https:\/\/tuguia.combarranquilla.co\/Revista\/wp-json\/wp\/v2\/types\/post"}],"author":[{"embeddable":true,"href":"https:\/\/tuguia.combarranquilla.co\/Revista\/wp-json\/wp\/v2\/users\/2"}],"replies":[{"embeddable":true,"href":"https:\/\/tuguia.combarranquilla.co\/Revista\/wp-json\/wp\/v2\/comments?post=2458"}],"version-history":[{"count":7,"href":"https:\/\/tuguia.combarranquilla.co\/Revista\/wp-json\/wp\/v2\/posts\/2458\/revisions"}],"predecessor-version":[{"id":2469,"href":"https:\/\/tuguia.combarranquilla.co\/Revista\/wp-json\/wp\/v2\/posts\/2458\/revisions\/2469"}],"wp:featuredmedia":[{"embeddable":true,"href":"https:\/\/tuguia.combarranquilla.co\/Revista\/wp-json\/wp\/v2\/media\/2468"}],"wp:attachment":[{"href":"https:\/\/tuguia.combarranquilla.co\/Revista\/wp-json\/wp\/v2\/media?parent=2458"}],"wp:term":[{"taxonomy":"category","embeddable":true,"href":"https:\/\/tuguia.combarranquilla.co\/Revista\/wp-json\/wp\/v2\/categories?post=2458"},{"taxonomy":"post_tag","embeddable":true,"href":"https:\/\/tuguia.combarranquilla.co\/Revista\/wp-json\/wp\/v2\/tags?post=2458"}],"curies":[{"name":"wp","href":"https:\/\/api.w.org\/{rel}","templated":true}]}}