{"id":2496,"date":"2023-08-03T14:32:11","date_gmt":"2023-08-03T19:32:11","guid":{"rendered":"https:\/\/tuguia.combarranquilla.co\/Revista\/?p=2496"},"modified":"2023-08-28T13:40:35","modified_gmt":"2023-08-28T18:40:35","slug":"listos-para-disfrutar-de-la-exquisita-comida-colombiana","status":"publish","type":"post","link":"https:\/\/tuguia.combarranquilla.co\/Revista\/listos-para-disfrutar-de-la-exquisita-comida-colombiana\/","title":{"rendered":"\u00bfListos para disfrutar de la exquisita comida colombiana?"},"content":{"rendered":"\n<p>Te tenemos el plan perfecto. <\/p>\n\n\n\n<figure class=\"wp-block-gallery alignwide has-nested-images columns-default is-cropped wp-block-gallery-1 is-layout-flex wp-block-gallery-is-layout-flex\">\n<figure class=\"wp-block-image size-large\"><img decoding=\"async\" data-id=\"2497\" data-src=\"https:\/\/tuguia.combarranquilla.co\/Revista\/wp-content\/uploads\/2023\/08\/Festival-Comida-Colombiana_Mesa-de-trabajo-1-819x1024.png\" alt=\"\" class=\"wp-image-2497 lazyload\" src=\"data:image\/svg+xml;base64,PHN2ZyB3aWR0aD0iMSIgaGVpZ2h0PSIxIiB4bWxucz0iaHR0cDovL3d3dy53My5vcmcvMjAwMC9zdmciPjwvc3ZnPg==\" style=\"--smush-placeholder-width: 819px; --smush-placeholder-aspect-ratio: 819\/1024;\" \/><\/figure>\n\n\n\n<figure class=\"wp-block-image size-large\"><img decoding=\"async\" width=\"819\" height=\"1024\" data-id=\"2498\" data-src=\"https:\/\/tuguia.combarranquilla.co\/Revista\/wp-content\/uploads\/2023\/08\/Festival-Comida-Colombiana-02-819x1024.png\" alt=\"\" class=\"wp-image-2498 lazyload\" data-srcset=\"https:\/\/tuguia.combarranquilla.co\/Revista\/wp-content\/uploads\/2023\/08\/Festival-Comida-Colombiana-02-819x1024.png 819w, https:\/\/tuguia.combarranquilla.co\/Revista\/wp-content\/uploads\/2023\/08\/Festival-Comida-Colombiana-02-240x300.png 240w, https:\/\/tuguia.combarranquilla.co\/Revista\/wp-content\/uploads\/2023\/08\/Festival-Comida-Colombiana-02-768x960.png 768w, https:\/\/tuguia.combarranquilla.co\/Revista\/wp-content\/uploads\/2023\/08\/Festival-Comida-Colombiana-02-1229x1536.png 1229w, https:\/\/tuguia.combarranquilla.co\/Revista\/wp-content\/uploads\/2023\/08\/Festival-Comida-Colombiana-02-1638x2048.png 1638w\" data-sizes=\"(max-width: 819px) 100vw, 819px\" src=\"data:image\/svg+xml;base64,PHN2ZyB3aWR0aD0iMSIgaGVpZ2h0PSIxIiB4bWxucz0iaHR0cDovL3d3dy53My5vcmcvMjAwMC9zdmciPjwvc3ZnPg==\" style=\"--smush-placeholder-width: 819px; --smush-placeholder-aspect-ratio: 819\/1024;\" \/><\/figure>\n<\/figure>\n\n\n\n<p>Del\u00e9itate con los sabores m\u00e1s aut\u00e9nticos y deliciosos de Colombia.<\/p>\n\n\n\n<p>Te esperamos en nuestro Restaurante Mirador ubicado en la Unidad Country | Tercer Piso.<br>\ud83d\udcc5\ud83d\udd5b Del 17 al 21 de agosto<\/p>\n\n\n\n<p>\u00a1No te lo puedes perder! \ud83d\ude0b\ud83d\udc9a<\/p>\n\n\n\n<p>Te compartimos el men\u00fa para que desde ya te antojes  y disfrutes en compa\u00f1\u00eda de familiares y amigos lo mejor de la comida colombiana.<\/p>\n\n\n<div class=\"wp-block-image\">\n<figure class=\"aligncenter size-large is-resized\"><img decoding=\"async\" data-src=\"https:\/\/tuguia.combarranquilla.co\/Revista\/wp-content\/uploads\/2023\/08\/Carta-Festival-Comida-Colombiana-791x1024.png\" alt=\"\" class=\"wp-image-2532 lazyload\" style=\"--smush-placeholder-width: 597px; --smush-placeholder-aspect-ratio: 597\/773;width:597px;height:773px\" width=\"597\" height=\"773\" data-srcset=\"https:\/\/tuguia.combarranquilla.co\/Revista\/wp-content\/uploads\/2023\/08\/Carta-Festival-Comida-Colombiana-791x1024.png 791w, https:\/\/tuguia.combarranquilla.co\/Revista\/wp-content\/uploads\/2023\/08\/Carta-Festival-Comida-Colombiana-232x300.png 232w, https:\/\/tuguia.combarranquilla.co\/Revista\/wp-content\/uploads\/2023\/08\/Carta-Festival-Comida-Colombiana-768x994.png 768w, https:\/\/tuguia.combarranquilla.co\/Revista\/wp-content\/uploads\/2023\/08\/Carta-Festival-Comida-Colombiana-1187x1536.png 1187w, https:\/\/tuguia.combarranquilla.co\/Revista\/wp-content\/uploads\/2023\/08\/Carta-Festival-Comida-Colombiana-1583x2048.png 1583w\" data-sizes=\"(max-width: 597px) 100vw, 597px\" src=\"data:image\/svg+xml;base64,PHN2ZyB3aWR0aD0iMSIgaGVpZ2h0PSIxIiB4bWxucz0iaHR0cDovL3d3dy53My5vcmcvMjAwMC9zdmciPjwvc3ZnPg==\" \/><\/figure><\/div>\n\n\n<p class=\"has-text-align-center\">\u00a1No te lo pierdas!<\/p>\n\n\n\n<p><\/p>\n","protected":false},"excerpt":{"rendered":"<p>Te tenemos el plan perfecto. Del\u00e9itate con los sabores m\u00e1s aut\u00e9nticos y deliciosos de Colombia. Te esperamos en nuestro Restaurante Mirador ubicado en la Unidad Country | Tercer Piso.\ud83d\udcc5\ud83d\udd5b Del 17 al 21 de agosto \u00a1No te lo puedes perder! \ud83d\ude0b\ud83d\udc9a Te compartimos el men\u00fa para que desde ya te antojes y disfrutes en compa\u00f1\u00eda [&hellip;]<\/p>\n","protected":false},"author":2,"featured_media":2497,"comment_status":"open","ping_status":"open","sticky":false,"template":"","format":"standard","meta":{"inline_featured_image":false,"footnotes":""},"categories":[3],"tags":[],"class_list":["post-2496","post","type-post","status-publish","format-standard","has-post-thumbnail","hentry","category-mirador-gastronomico"],"yoast_head":"<!-- This site is optimized with the Yoast SEO plugin v27.4 - https:\/\/yoast.com\/product\/yoast-seo-wordpress\/ -->\n<title>\u00bfListos para disfrutar de la exquisita comida colombiana? - Tu Gu\u00eda<\/title>\n<meta name=\"robots\" content=\"index, follow, max-snippet:-1, max-image-preview:large, max-video-preview:-1\" \/>\n<link rel=\"canonical\" href=\"https:\/\/tuguia.combarranquilla.co\/Revista\/listos-para-disfrutar-de-la-exquisita-comida-colombiana\/\" \/>\n<meta property=\"og:locale\" content=\"es_ES\" \/>\n<meta property=\"og:type\" content=\"article\" \/>\n<meta property=\"og:title\" content=\"\u00bfListos para disfrutar de la exquisita comida colombiana? - Tu Gu\u00eda\" \/>\n<meta property=\"og:description\" content=\"Te tenemos el plan perfecto. Del\u00e9itate con los sabores m\u00e1s aut\u00e9nticos y deliciosos de Colombia. Te esperamos en nuestro Restaurante Mirador ubicado en la Unidad Country | Tercer Piso.\ud83d\udcc5\ud83d\udd5b Del 17 al 21 de agosto \u00a1No te lo puedes perder! \ud83d\ude0b\ud83d\udc9a Te compartimos el men\u00fa para que desde ya te antojes y disfrutes en compa\u00f1\u00eda [&hellip;]\" \/>\n<meta property=\"og:url\" content=\"https:\/\/tuguia.combarranquilla.co\/Revista\/listos-para-disfrutar-de-la-exquisita-comida-colombiana\/\" \/>\n<meta property=\"og:site_name\" content=\"Tu Gu\u00eda\" \/>\n<meta property=\"article:published_time\" content=\"2023-08-03T19:32:11+00:00\" \/>\n<meta property=\"article:modified_time\" content=\"2023-08-28T18:40:35+00:00\" \/>\n<meta property=\"og:image\" content=\"https:\/\/tuguia.combarranquilla.co\/Revista\/wp-content\/uploads\/2023\/08\/Festival-Comida-Colombiana_Mesa-de-trabajo-1-e1693248024583.png\" \/>\n\t<meta property=\"og:image:width\" content=\"2250\" \/>\n\t<meta property=\"og:image:height\" content=\"2747\" \/>\n\t<meta property=\"og:image:type\" content=\"image\/png\" \/>\n<meta name=\"author\" content=\"Comunicaciones Combarranquilla\" \/>\n<meta name=\"twitter:card\" content=\"summary_large_image\" \/>\n<meta name=\"twitter:label1\" content=\"Escrito por\" \/>\n\t<meta name=\"twitter:data1\" content=\"Comunicaciones Combarranquilla\" \/>\n<script type=\"application\/ld+json\" class=\"yoast-schema-graph\">{\"@context\":\"https:\\\/\\\/schema.org\",\"@graph\":[{\"@type\":\"Article\",\"@id\":\"https:\\\/\\\/tuguia.combarranquilla.co\\\/Revista\\\/listos-para-disfrutar-de-la-exquisita-comida-colombiana\\\/#article\",\"isPartOf\":{\"@id\":\"https:\\\/\\\/tuguia.combarranquilla.co\\\/Revista\\\/listos-para-disfrutar-de-la-exquisita-comida-colombiana\\\/\"},\"author\":{\"name\":\"Comunicaciones Combarranquilla\",\"@id\":\"https:\\\/\\\/tuguia.combarranquilla.co\\\/Revista\\\/#\\\/schema\\\/person\\\/c2c396a77170bd1d5f8ba73294eb0d10\"},\"headline\":\"\u00bfListos para disfrutar de la exquisita comida colombiana?\",\"datePublished\":\"2023-08-03T19:32:11+00:00\",\"dateModified\":\"2023-08-28T18:40:35+00:00\",\"mainEntityOfPage\":{\"@id\":\"https:\\\/\\\/tuguia.combarranquilla.co\\\/Revista\\\/listos-para-disfrutar-de-la-exquisita-comida-colombiana\\\/\"},\"wordCount\":77,\"commentCount\":0,\"publisher\":{\"@id\":\"https:\\\/\\\/tuguia.combarranquilla.co\\\/Revista\\\/#organization\"},\"image\":{\"@id\":\"https:\\\/\\\/tuguia.combarranquilla.co\\\/Revista\\\/listos-para-disfrutar-de-la-exquisita-comida-colombiana\\\/#primaryimage\"},\"thumbnailUrl\":\"https:\\\/\\\/tuguia.combarranquilla.co\\\/Revista\\\/wp-content\\\/uploads\\\/2023\\\/08\\\/Festival-Comida-Colombiana_Mesa-de-trabajo-1-e1693248024583.png\",\"articleSection\":[\"MIRADOR GASTRON\u00d3MICO\"],\"inLanguage\":\"es-CO\",\"potentialAction\":[{\"@type\":\"CommentAction\",\"name\":\"Comment\",\"target\":[\"https:\\\/\\\/tuguia.combarranquilla.co\\\/Revista\\\/listos-para-disfrutar-de-la-exquisita-comida-colombiana\\\/#respond\"]}]},{\"@type\":\"WebPage\",\"@id\":\"https:\\\/\\\/tuguia.combarranquilla.co\\\/Revista\\\/listos-para-disfrutar-de-la-exquisita-comida-colombiana\\\/\",\"url\":\"https:\\\/\\\/tuguia.combarranquilla.co\\\/Revista\\\/listos-para-disfrutar-de-la-exquisita-comida-colombiana\\\/\",\"name\":\"\u00bfListos para disfrutar de la exquisita comida colombiana? - Tu Gu\u00eda\",\"isPartOf\":{\"@id\":\"https:\\\/\\\/tuguia.combarranquilla.co\\\/Revista\\\/#website\"},\"primaryImageOfPage\":{\"@id\":\"https:\\\/\\\/tuguia.combarranquilla.co\\\/Revista\\\/listos-para-disfrutar-de-la-exquisita-comida-colombiana\\\/#primaryimage\"},\"image\":{\"@id\":\"https:\\\/\\\/tuguia.combarranquilla.co\\\/Revista\\\/listos-para-disfrutar-de-la-exquisita-comida-colombiana\\\/#primaryimage\"},\"thumbnailUrl\":\"https:\\\/\\\/tuguia.combarranquilla.co\\\/Revista\\\/wp-content\\\/uploads\\\/2023\\\/08\\\/Festival-Comida-Colombiana_Mesa-de-trabajo-1-e1693248024583.png\",\"datePublished\":\"2023-08-03T19:32:11+00:00\",\"dateModified\":\"2023-08-28T18:40:35+00:00\",\"breadcrumb\":{\"@id\":\"https:\\\/\\\/tuguia.combarranquilla.co\\\/Revista\\\/listos-para-disfrutar-de-la-exquisita-comida-colombiana\\\/#breadcrumb\"},\"inLanguage\":\"es-CO\",\"potentialAction\":[{\"@type\":\"ReadAction\",\"target\":[\"https:\\\/\\\/tuguia.combarranquilla.co\\\/Revista\\\/listos-para-disfrutar-de-la-exquisita-comida-colombiana\\\/\"]}]},{\"@type\":\"ImageObject\",\"inLanguage\":\"es-CO\",\"@id\":\"https:\\\/\\\/tuguia.combarranquilla.co\\\/Revista\\\/listos-para-disfrutar-de-la-exquisita-comida-colombiana\\\/#primaryimage\",\"url\":\"https:\\\/\\\/tuguia.combarranquilla.co\\\/Revista\\\/wp-content\\\/uploads\\\/2023\\\/08\\\/Festival-Comida-Colombiana_Mesa-de-trabajo-1-e1693248024583.png\",\"contentUrl\":\"https:\\\/\\\/tuguia.combarranquilla.co\\\/Revista\\\/wp-content\\\/uploads\\\/2023\\\/08\\\/Festival-Comida-Colombiana_Mesa-de-trabajo-1-e1693248024583.png\",\"width\":2250,\"height\":2747},{\"@type\":\"BreadcrumbList\",\"@id\":\"https:\\\/\\\/tuguia.combarranquilla.co\\\/Revista\\\/listos-para-disfrutar-de-la-exquisita-comida-colombiana\\\/#breadcrumb\",\"itemListElement\":[{\"@type\":\"ListItem\",\"position\":1,\"name\":\"Inicio\",\"item\":\"https:\\\/\\\/tuguia.combarranquilla.co\\\/Revista\\\/\"},{\"@type\":\"ListItem\",\"position\":2,\"name\":\"\u00bfListos para disfrutar de la exquisita comida colombiana?\"}]},{\"@type\":\"WebSite\",\"@id\":\"https:\\\/\\\/tuguia.combarranquilla.co\\\/Revista\\\/#website\",\"url\":\"https:\\\/\\\/tuguia.combarranquilla.co\\\/Revista\\\/\",\"name\":\"Tu Gu\u00eda\",\"description\":\"La revista donde lo tienes todo.\",\"publisher\":{\"@id\":\"https:\\\/\\\/tuguia.combarranquilla.co\\\/Revista\\\/#organization\"},\"alternateName\":\"Tu Gu\u00eda Combarranquilla\",\"potentialAction\":[{\"@type\":\"SearchAction\",\"target\":{\"@type\":\"EntryPoint\",\"urlTemplate\":\"https:\\\/\\\/tuguia.combarranquilla.co\\\/Revista\\\/?s={search_term_string}\"},\"query-input\":{\"@type\":\"PropertyValueSpecification\",\"valueRequired\":true,\"valueName\":\"search_term_string\"}}],\"inLanguage\":\"es-CO\"},{\"@type\":\"Organization\",\"@id\":\"https:\\\/\\\/tuguia.combarranquilla.co\\\/Revista\\\/#organization\",\"name\":\"Tu Gu\u00eda Combarranquilla\",\"url\":\"https:\\\/\\\/tuguia.combarranquilla.co\\\/Revista\\\/\",\"logo\":{\"@type\":\"ImageObject\",\"inLanguage\":\"es-CO\",\"@id\":\"https:\\\/\\\/tuguia.combarranquilla.co\\\/Revista\\\/#\\\/schema\\\/logo\\\/image\\\/\",\"url\":\"https:\\\/\\\/tuguia.combarranquilla.co\\\/Revista\\\/wp-content\\\/uploads\\\/2022\\\/02\\\/logo-guia-combarranquilla.svg\",\"contentUrl\":\"https:\\\/\\\/tuguia.combarranquilla.co\\\/Revista\\\/wp-content\\\/uploads\\\/2022\\\/02\\\/logo-guia-combarranquilla.svg\",\"caption\":\"Tu Gu\u00eda Combarranquilla\"},\"image\":{\"@id\":\"https:\\\/\\\/tuguia.combarranquilla.co\\\/Revista\\\/#\\\/schema\\\/logo\\\/image\\\/\"}},{\"@type\":\"Person\",\"@id\":\"https:\\\/\\\/tuguia.combarranquilla.co\\\/Revista\\\/#\\\/schema\\\/person\\\/c2c396a77170bd1d5f8ba73294eb0d10\",\"name\":\"Comunicaciones Combarranquilla\",\"image\":{\"@type\":\"ImageObject\",\"inLanguage\":\"es-CO\",\"@id\":\"https:\\\/\\\/tuguia.combarranquilla.co\\\/Revista\\\/wp-content\\\/uploads\\\/2025\\\/05\\\/ABC-Al-Rojo-Logo-96x96.jpg\",\"url\":\"https:\\\/\\\/tuguia.combarranquilla.co\\\/Revista\\\/wp-content\\\/uploads\\\/2025\\\/05\\\/ABC-Al-Rojo-Logo-96x96.jpg\",\"contentUrl\":\"https:\\\/\\\/tuguia.combarranquilla.co\\\/Revista\\\/wp-content\\\/uploads\\\/2025\\\/05\\\/ABC-Al-Rojo-Logo-96x96.jpg\",\"caption\":\"Comunicaciones Combarranquilla\"},\"sameAs\":[\"https:\\\/\\\/www.combarranquilla.co\"],\"url\":\"https:\\\/\\\/tuguia.combarranquilla.co\\\/Revista\\\/author\\\/comunicaciones\\\/\"}]}<\/script>\n<!-- \/ Yoast SEO plugin. -->","yoast_head_json":{"title":"\u00bfListos para disfrutar de la exquisita comida colombiana? - Tu Gu\u00eda","robots":{"index":"index","follow":"follow","max-snippet":"max-snippet:-1","max-image-preview":"max-image-preview:large","max-video-preview":"max-video-preview:-1"},"canonical":"https:\/\/tuguia.combarranquilla.co\/Revista\/listos-para-disfrutar-de-la-exquisita-comida-colombiana\/","og_locale":"es_ES","og_type":"article","og_title":"\u00bfListos para disfrutar de la exquisita comida colombiana? - Tu Gu\u00eda","og_description":"Te tenemos el plan perfecto. Del\u00e9itate con los sabores m\u00e1s aut\u00e9nticos y deliciosos de Colombia. Te esperamos en nuestro Restaurante Mirador ubicado en la Unidad Country | Tercer Piso.\ud83d\udcc5\ud83d\udd5b Del 17 al 21 de agosto \u00a1No te lo puedes perder! \ud83d\ude0b\ud83d\udc9a Te compartimos el men\u00fa para que desde ya te antojes y disfrutes en compa\u00f1\u00eda [&hellip;]","og_url":"https:\/\/tuguia.combarranquilla.co\/Revista\/listos-para-disfrutar-de-la-exquisita-comida-colombiana\/","og_site_name":"Tu Gu\u00eda","article_published_time":"2023-08-03T19:32:11+00:00","article_modified_time":"2023-08-28T18:40:35+00:00","og_image":[{"width":2250,"height":2747,"url":"https:\/\/tuguia.combarranquilla.co\/Revista\/wp-content\/uploads\/2023\/08\/Festival-Comida-Colombiana_Mesa-de-trabajo-1-e1693248024583.png","type":"image\/png"}],"author":"Comunicaciones Combarranquilla","twitter_card":"summary_large_image","twitter_misc":{"Escrito por":"Comunicaciones Combarranquilla"},"schema":{"@context":"https:\/\/schema.org","@graph":[{"@type":"Article","@id":"https:\/\/tuguia.combarranquilla.co\/Revista\/listos-para-disfrutar-de-la-exquisita-comida-colombiana\/#article","isPartOf":{"@id":"https:\/\/tuguia.combarranquilla.co\/Revista\/listos-para-disfrutar-de-la-exquisita-comida-colombiana\/"},"author":{"name":"Comunicaciones Combarranquilla","@id":"https:\/\/tuguia.combarranquilla.co\/Revista\/#\/schema\/person\/c2c396a77170bd1d5f8ba73294eb0d10"},"headline":"\u00bfListos para disfrutar de la exquisita comida colombiana?","datePublished":"2023-08-03T19:32:11+00:00","dateModified":"2023-08-28T18:40:35+00:00","mainEntityOfPage":{"@id":"https:\/\/tuguia.combarranquilla.co\/Revista\/listos-para-disfrutar-de-la-exquisita-comida-colombiana\/"},"wordCount":77,"commentCount":0,"publisher":{"@id":"https:\/\/tuguia.combarranquilla.co\/Revista\/#organization"},"image":{"@id":"https:\/\/tuguia.combarranquilla.co\/Revista\/listos-para-disfrutar-de-la-exquisita-comida-colombiana\/#primaryimage"},"thumbnailUrl":"https:\/\/tuguia.combarranquilla.co\/Revista\/wp-content\/uploads\/2023\/08\/Festival-Comida-Colombiana_Mesa-de-trabajo-1-e1693248024583.png","articleSection":["MIRADOR GASTRON\u00d3MICO"],"inLanguage":"es-CO","potentialAction":[{"@type":"CommentAction","name":"Comment","target":["https:\/\/tuguia.combarranquilla.co\/Revista\/listos-para-disfrutar-de-la-exquisita-comida-colombiana\/#respond"]}]},{"@type":"WebPage","@id":"https:\/\/tuguia.combarranquilla.co\/Revista\/listos-para-disfrutar-de-la-exquisita-comida-colombiana\/","url":"https:\/\/tuguia.combarranquilla.co\/Revista\/listos-para-disfrutar-de-la-exquisita-comida-colombiana\/","name":"\u00bfListos para disfrutar de la exquisita comida colombiana? - Tu Gu\u00eda","isPartOf":{"@id":"https:\/\/tuguia.combarranquilla.co\/Revista\/#website"},"primaryImageOfPage":{"@id":"https:\/\/tuguia.combarranquilla.co\/Revista\/listos-para-disfrutar-de-la-exquisita-comida-colombiana\/#primaryimage"},"image":{"@id":"https:\/\/tuguia.combarranquilla.co\/Revista\/listos-para-disfrutar-de-la-exquisita-comida-colombiana\/#primaryimage"},"thumbnailUrl":"https:\/\/tuguia.combarranquilla.co\/Revista\/wp-content\/uploads\/2023\/08\/Festival-Comida-Colombiana_Mesa-de-trabajo-1-e1693248024583.png","datePublished":"2023-08-03T19:32:11+00:00","dateModified":"2023-08-28T18:40:35+00:00","breadcrumb":{"@id":"https:\/\/tuguia.combarranquilla.co\/Revista\/listos-para-disfrutar-de-la-exquisita-comida-colombiana\/#breadcrumb"},"inLanguage":"es-CO","potentialAction":[{"@type":"ReadAction","target":["https:\/\/tuguia.combarranquilla.co\/Revista\/listos-para-disfrutar-de-la-exquisita-comida-colombiana\/"]}]},{"@type":"ImageObject","inLanguage":"es-CO","@id":"https:\/\/tuguia.combarranquilla.co\/Revista\/listos-para-disfrutar-de-la-exquisita-comida-colombiana\/#primaryimage","url":"https:\/\/tuguia.combarranquilla.co\/Revista\/wp-content\/uploads\/2023\/08\/Festival-Comida-Colombiana_Mesa-de-trabajo-1-e1693248024583.png","contentUrl":"https:\/\/tuguia.combarranquilla.co\/Revista\/wp-content\/uploads\/2023\/08\/Festival-Comida-Colombiana_Mesa-de-trabajo-1-e1693248024583.png","width":2250,"height":2747},{"@type":"BreadcrumbList","@id":"https:\/\/tuguia.combarranquilla.co\/Revista\/listos-para-disfrutar-de-la-exquisita-comida-colombiana\/#breadcrumb","itemListElement":[{"@type":"ListItem","position":1,"name":"Inicio","item":"https:\/\/tuguia.combarranquilla.co\/Revista\/"},{"@type":"ListItem","position":2,"name":"\u00bfListos para disfrutar de la exquisita comida colombiana?"}]},{"@type":"WebSite","@id":"https:\/\/tuguia.combarranquilla.co\/Revista\/#website","url":"https:\/\/tuguia.combarranquilla.co\/Revista\/","name":"Tu Gu\u00eda","description":"La revista donde lo tienes todo.","publisher":{"@id":"https:\/\/tuguia.combarranquilla.co\/Revista\/#organization"},"alternateName":"Tu Gu\u00eda Combarranquilla","potentialAction":[{"@type":"SearchAction","target":{"@type":"EntryPoint","urlTemplate":"https:\/\/tuguia.combarranquilla.co\/Revista\/?s={search_term_string}"},"query-input":{"@type":"PropertyValueSpecification","valueRequired":true,"valueName":"search_term_string"}}],"inLanguage":"es-CO"},{"@type":"Organization","@id":"https:\/\/tuguia.combarranquilla.co\/Revista\/#organization","name":"Tu Gu\u00eda Combarranquilla","url":"https:\/\/tuguia.combarranquilla.co\/Revista\/","logo":{"@type":"ImageObject","inLanguage":"es-CO","@id":"https:\/\/tuguia.combarranquilla.co\/Revista\/#\/schema\/logo\/image\/","url":"https:\/\/tuguia.combarranquilla.co\/Revista\/wp-content\/uploads\/2022\/02\/logo-guia-combarranquilla.svg","contentUrl":"https:\/\/tuguia.combarranquilla.co\/Revista\/wp-content\/uploads\/2022\/02\/logo-guia-combarranquilla.svg","caption":"Tu Gu\u00eda Combarranquilla"},"image":{"@id":"https:\/\/tuguia.combarranquilla.co\/Revista\/#\/schema\/logo\/image\/"}},{"@type":"Person","@id":"https:\/\/tuguia.combarranquilla.co\/Revista\/#\/schema\/person\/c2c396a77170bd1d5f8ba73294eb0d10","name":"Comunicaciones Combarranquilla","image":{"@type":"ImageObject","inLanguage":"es-CO","@id":"https:\/\/tuguia.combarranquilla.co\/Revista\/wp-content\/uploads\/2025\/05\/ABC-Al-Rojo-Logo-96x96.jpg","url":"https:\/\/tuguia.combarranquilla.co\/Revista\/wp-content\/uploads\/2025\/05\/ABC-Al-Rojo-Logo-96x96.jpg","contentUrl":"https:\/\/tuguia.combarranquilla.co\/Revista\/wp-content\/uploads\/2025\/05\/ABC-Al-Rojo-Logo-96x96.jpg","caption":"Comunicaciones Combarranquilla"},"sameAs":["https:\/\/www.combarranquilla.co"],"url":"https:\/\/tuguia.combarranquilla.co\/Revista\/author\/comunicaciones\/"}]}},"_links":{"self":[{"href":"https:\/\/tuguia.combarranquilla.co\/Revista\/wp-json\/wp\/v2\/posts\/2496","targetHints":{"allow":["GET"]}}],"collection":[{"href":"https:\/\/tuguia.combarranquilla.co\/Revista\/wp-json\/wp\/v2\/posts"}],"about":[{"href":"https:\/\/tuguia.combarranquilla.co\/Revista\/wp-json\/wp\/v2\/types\/post"}],"author":[{"embeddable":true,"href":"https:\/\/tuguia.combarranquilla.co\/Revista\/wp-json\/wp\/v2\/users\/2"}],"replies":[{"embeddable":true,"href":"https:\/\/tuguia.combarranquilla.co\/Revista\/wp-json\/wp\/v2\/comments?post=2496"}],"version-history":[{"count":2,"href":"https:\/\/tuguia.combarranquilla.co\/Revista\/wp-json\/wp\/v2\/posts\/2496\/revisions"}],"predecessor-version":[{"id":2533,"href":"https:\/\/tuguia.combarranquilla.co\/Revista\/wp-json\/wp\/v2\/posts\/2496\/revisions\/2533"}],"wp:featuredmedia":[{"embeddable":true,"href":"https:\/\/tuguia.combarranquilla.co\/Revista\/wp-json\/wp\/v2\/media\/2497"}],"wp:attachment":[{"href":"https:\/\/tuguia.combarranquilla.co\/Revista\/wp-json\/wp\/v2\/media?parent=2496"}],"wp:term":[{"taxonomy":"category","embeddable":true,"href":"https:\/\/tuguia.combarranquilla.co\/Revista\/wp-json\/wp\/v2\/categories?post=2496"},{"taxonomy":"post_tag","embeddable":true,"href":"https:\/\/tuguia.combarranquilla.co\/Revista\/wp-json\/wp\/v2\/tags?post=2496"}],"curies":[{"name":"wp","href":"https:\/\/api.w.org\/{rel}","templated":true}]}}