{"id":2531,"date":"2023-08-16T10:40:00","date_gmt":"2023-08-16T15:40:00","guid":{"rendered":"https:\/\/tuguia.combarranquilla.co\/Revista\/?p=2531"},"modified":"2023-09-04T08:59:55","modified_gmt":"2023-09-04T13:59:55","slug":"conoce-la-historia-de-transformacion-de-dayana-mengual","status":"publish","type":"post","link":"https:\/\/tuguia.combarranquilla.co\/Revista\/conoce-la-historia-de-transformacion-de-dayana-mengual\/","title":{"rendered":"Conoce la historia de transformaci\u00f3n de Dayana Mengual"},"content":{"rendered":"\n<p>Con 40 a\u00f1os de edad, Dayana ha sido testimonio de que la resiliencia y el optimismo resulta ser el mejor camino para obtener grandes victorias. <\/p>\n\n\n\n<h2 class=\"wp-block-heading\">\u00bfQui\u00e9n es Dayana Mengual?<\/h2>\n\n\n\n<p>M\u00e1ma, esposa e hija. Una mujer trabajadora que busca siempre la manera de salir adelante por su familia. &#8220;<em>Durante la pandemia vend\u00eda guineo verde en las calles de Soledad<\/em>&#8221; relat\u00f3, destacando que su d\u00eda a d\u00eda se resum\u00eda en recorrer diferentes sectores de la ciudad con una carretilla.<\/p>\n\n\n\n<p>Es bachiller y t\u00e9cnico de limpieza de superficies y manipulaci\u00f3n de alimentos realizado en la Guajira (su ciudad natal).<\/p>\n\n\n<div class=\"wp-block-image\">\n<figure class=\"aligncenter size-large is-resized\"><img decoding=\"async\" data-src=\"https:\/\/tuguia.combarranquilla.co\/Revista\/wp-content\/uploads\/2023\/08\/2G2A7695-1024x575.jpg\" alt=\"\" class=\"wp-image-2560 lazyload\" style=\"--smush-placeholder-width: 598px; --smush-placeholder-aspect-ratio: 598\/336;width:598px;height:336px\" width=\"598\" height=\"336\" data-srcset=\"https:\/\/tuguia.combarranquilla.co\/Revista\/wp-content\/uploads\/2023\/08\/2G2A7695-1024x575.jpg 1024w, https:\/\/tuguia.combarranquilla.co\/Revista\/wp-content\/uploads\/2023\/08\/2G2A7695-300x168.jpg 300w, https:\/\/tuguia.combarranquilla.co\/Revista\/wp-content\/uploads\/2023\/08\/2G2A7695-768x431.jpg 768w, https:\/\/tuguia.combarranquilla.co\/Revista\/wp-content\/uploads\/2023\/08\/2G2A7695-1536x862.jpg 1536w, https:\/\/tuguia.combarranquilla.co\/Revista\/wp-content\/uploads\/2023\/08\/2G2A7695-2048x1150.jpg 2048w\" data-sizes=\"(max-width: 598px) 100vw, 598px\" src=\"data:image\/svg+xml;base64,PHN2ZyB3aWR0aD0iMSIgaGVpZ2h0PSIxIiB4bWxucz0iaHR0cDovL3d3dy53My5vcmcvMjAwMC9zdmciPjwvc3ZnPg==\" \/><\/figure><\/div>\n\n\n<p><\/p>\n\n\n\n<h2 class=\"wp-block-heading\">Las oportunidades laborales cambian vidas<\/h2>\n\n\n\n<p>&#8220;<em>Era un d\u00eda muy soleado, recuerdo sentir como el calor que quemaba mi piel<\/em>. <em>S\u00f3lo le ped\u00eda a Dios una oportunidad<\/em>&#8220;, cont\u00f3 Mengual. Una fecha inolvidable para ella, ya que fue el d\u00eda en que le dieron la maravillosa noticia de haber sido seleccionada para laborar en el Grupo Alimentario del Atl\u00e1ntico Gralco S.A.<\/p>\n\n\n\n<p>Sin embargo, su historia no termina ah\u00ed. Pues para ella vincularse a esta gran empresa fue motivo de esfuerzo constante, lo cual, conllev\u00f3 a que lograr\u00e1 escalar en la organizaci\u00f3n. &#8220;<em>Comenc\u00e9 como operaria de producci\u00f3n y actualmente soy docente<\/em>&#8220;, se\u00f1al\u00f3 con una sonrisa en su rostro.<\/p>\n\n\n<div class=\"wp-block-image\">\n<figure class=\"aligncenter size-large is-resized\"><img decoding=\"async\" data-src=\"https:\/\/tuguia.combarranquilla.co\/Revista\/wp-content\/uploads\/2023\/08\/2G2A7689-1024x576.jpg\" alt=\"\" class=\"wp-image-2561 lazyload\" style=\"--smush-placeholder-width: 595px; --smush-placeholder-aspect-ratio: 595\/334;width:595px;height:334px\" width=\"595\" height=\"334\" data-srcset=\"https:\/\/tuguia.combarranquilla.co\/Revista\/wp-content\/uploads\/2023\/08\/2G2A7689-1024x576.jpg 1024w, https:\/\/tuguia.combarranquilla.co\/Revista\/wp-content\/uploads\/2023\/08\/2G2A7689-300x169.jpg 300w, https:\/\/tuguia.combarranquilla.co\/Revista\/wp-content\/uploads\/2023\/08\/2G2A7689-768x432.jpg 768w, https:\/\/tuguia.combarranquilla.co\/Revista\/wp-content\/uploads\/2023\/08\/2G2A7689-1536x864.jpg 1536w, https:\/\/tuguia.combarranquilla.co\/Revista\/wp-content\/uploads\/2023\/08\/2G2A7689-2048x1152.jpg 2048w\" data-sizes=\"(max-width: 595px) 100vw, 595px\" src=\"data:image\/svg+xml;base64,PHN2ZyB3aWR0aD0iMSIgaGVpZ2h0PSIxIiB4bWxucz0iaHR0cDovL3d3dy53My5vcmcvMjAwMC9zdmciPjwvc3ZnPg==\" \/><\/figure><\/div>\n\n\n<p><\/p>\n\n\n\n<h2 class=\"wp-block-heading\">\u00bfC\u00f3mo pudo encontrar empleo?<\/h2>\n\n\n\n<p>A trav\u00e9s de la Agencia de Empleo Combarranquilla, Dayana recibi\u00f3 su orientaci\u00f3n laboral.<\/p>\n\n\n\n<ol class=\"wp-block-list\">\n<li>Registr\u00f3 su hoja de vida en <a href=\"https:\/\/personas.serviciodeempleo.gov.co\/login.aspx\">https:\/\/personas.serviciodeempleo.gov.co\/login.aspx<\/a><\/li>\n\n\n\n<li>Consult\u00f3 las vacantes disponibles acorde a su perfil laboral profesional.<\/li>\n\n\n\n<li>Se postul\u00f3 en la oferta laboral solicitada por la empresa, en este caso, Gralco.<\/li>\n\n\n\n<li>Realiz\u00f3 su entrevista laboral con el equipo de psic\u00f3logos. <\/li>\n\n\n\n<li>La empresa junto al equipo del Servicio de Empleo valid\u00f3 que cumplia con lo requerido y fue contactada.<\/li>\n\n\n\n<li>Finalmente, la compa\u00f1\u00eda continu\u00f3 con el proceso de contrataci\u00f3n de manera interna para poder ingresarla a laborar. <\/li>\n<\/ol>\n\n\n\n<h2 class=\"wp-block-heading\">\u00a1Atr\u00e9vete a luchar por lo que quieres porque VALDR\u00c1 LA PENA!<\/h2>\n\n\n\n<p class=\"has-text-align-center\">Si deseas ver la entrevista completa haz clic aqu\u00ed: <\/p>\n\n\n\n<figure class=\"wp-block-embed is-type-video is-provider-youtube wp-block-embed-youtube wp-embed-aspect-16-9 wp-has-aspect-ratio\"><div class=\"wp-block-embed__wrapper\">\n<iframe title=\"Dayana Mengual, una historia de transformaci\u00f3n y superaci\u00f3n\" width=\"640\" height=\"360\" data-src=\"https:\/\/www.youtube.com\/embed\/gcs5bno9f-c?feature=oembed\" frameborder=\"0\" allow=\"accelerometer; autoplay; clipboard-write; encrypted-media; gyroscope; picture-in-picture; web-share\" referrerpolicy=\"strict-origin-when-cross-origin\" allowfullscreen src=\"data:image\/svg+xml;base64,PHN2ZyB3aWR0aD0iMSIgaGVpZ2h0PSIxIiB4bWxucz0iaHR0cDovL3d3dy53My5vcmcvMjAwMC9zdmciPjwvc3ZnPg==\" class=\"lazyload\" data-load-mode=\"1\"><\/iframe>\n<\/div><\/figure>\n\n\n\n<p><\/p>\n\n\n\n<h2 class=\"wp-block-heading has-text-align-center\">#TransformandoVidas<\/h2>\n\n\n\n<p><\/p>\n","protected":false},"excerpt":{"rendered":"<p>Con 40 a\u00f1os de edad, Dayana ha sido testimonio de que la resiliencia y el optimismo resulta ser el mejor camino para obtener grandes victorias. \u00bfQui\u00e9n es Dayana Mengual? M\u00e1ma, esposa e hija. Una mujer trabajadora que busca siempre la manera de salir adelante por su familia. &#8220;Durante la pandemia vend\u00eda guineo verde en las [&hellip;]<\/p>\n","protected":false},"author":2,"featured_media":2579,"comment_status":"open","ping_status":"open","sticky":false,"template":"","format":"standard","meta":{"inline_featured_image":false,"footnotes":""},"categories":[7],"tags":[],"class_list":["post-2531","post","type-post","status-publish","format-standard","has-post-thumbnail","hentry","category-familia-combarranquilla"],"yoast_head":"<!-- This site is optimized with the Yoast SEO plugin v27.4 - https:\/\/yoast.com\/product\/yoast-seo-wordpress\/ -->\n<title>Conoce la historia de transformaci\u00f3n de Dayana Mengual - Tu Gu\u00eda<\/title>\n<meta name=\"robots\" content=\"index, follow, max-snippet:-1, max-image-preview:large, max-video-preview:-1\" \/>\n<link rel=\"canonical\" href=\"https:\/\/tuguia.combarranquilla.co\/Revista\/conoce-la-historia-de-transformacion-de-dayana-mengual\/\" \/>\n<meta property=\"og:locale\" content=\"es_ES\" \/>\n<meta property=\"og:type\" content=\"article\" \/>\n<meta property=\"og:title\" content=\"Conoce la historia de transformaci\u00f3n de Dayana Mengual - Tu Gu\u00eda\" \/>\n<meta property=\"og:description\" content=\"Con 40 a\u00f1os de edad, Dayana ha sido testimonio de que la resiliencia y el optimismo resulta ser el mejor camino para obtener grandes victorias. \u00bfQui\u00e9n es Dayana Mengual? M\u00e1ma, esposa e hija. Una mujer trabajadora que busca siempre la manera de salir adelante por su familia. &#8220;Durante la pandemia vend\u00eda guineo verde en las [&hellip;]\" \/>\n<meta property=\"og:url\" content=\"https:\/\/tuguia.combarranquilla.co\/Revista\/conoce-la-historia-de-transformacion-de-dayana-mengual\/\" \/>\n<meta property=\"og:site_name\" content=\"Tu Gu\u00eda\" \/>\n<meta property=\"article:published_time\" content=\"2023-08-16T15:40:00+00:00\" \/>\n<meta property=\"article:modified_time\" content=\"2023-09-04T13:59:55+00:00\" \/>\n<meta property=\"og:image\" content=\"https:\/\/tuguia.combarranquilla.co\/Revista\/wp-content\/uploads\/2023\/08\/ANIVERSARIO-EMPLEO-COMBA.00_43_13_15.Imagen-fija001-1.jpg\" \/>\n\t<meta property=\"og:image:width\" content=\"1920\" \/>\n\t<meta property=\"og:image:height\" content=\"1080\" \/>\n\t<meta property=\"og:image:type\" content=\"image\/jpeg\" \/>\n<meta name=\"author\" content=\"Comunicaciones Combarranquilla\" \/>\n<meta name=\"twitter:card\" content=\"summary_large_image\" \/>\n<meta name=\"twitter:label1\" content=\"Escrito por\" \/>\n\t<meta name=\"twitter:data1\" content=\"Comunicaciones Combarranquilla\" \/>\n\t<meta name=\"twitter:label2\" content=\"Tiempo de lectura\" \/>\n\t<meta name=\"twitter:data2\" content=\"2 minutos\" \/>\n<script type=\"application\/ld+json\" class=\"yoast-schema-graph\">{\"@context\":\"https:\\\/\\\/schema.org\",\"@graph\":[{\"@type\":\"Article\",\"@id\":\"https:\\\/\\\/tuguia.combarranquilla.co\\\/Revista\\\/conoce-la-historia-de-transformacion-de-dayana-mengual\\\/#article\",\"isPartOf\":{\"@id\":\"https:\\\/\\\/tuguia.combarranquilla.co\\\/Revista\\\/conoce-la-historia-de-transformacion-de-dayana-mengual\\\/\"},\"author\":{\"name\":\"Comunicaciones Combarranquilla\",\"@id\":\"https:\\\/\\\/tuguia.combarranquilla.co\\\/Revista\\\/#\\\/schema\\\/person\\\/c2c396a77170bd1d5f8ba73294eb0d10\"},\"headline\":\"Conoce la historia de transformaci\u00f3n de Dayana Mengual\",\"datePublished\":\"2023-08-16T15:40:00+00:00\",\"dateModified\":\"2023-09-04T13:59:55+00:00\",\"mainEntityOfPage\":{\"@id\":\"https:\\\/\\\/tuguia.combarranquilla.co\\\/Revista\\\/conoce-la-historia-de-transformacion-de-dayana-mengual\\\/\"},\"wordCount\":362,\"commentCount\":0,\"publisher\":{\"@id\":\"https:\\\/\\\/tuguia.combarranquilla.co\\\/Revista\\\/#organization\"},\"image\":{\"@id\":\"https:\\\/\\\/tuguia.combarranquilla.co\\\/Revista\\\/conoce-la-historia-de-transformacion-de-dayana-mengual\\\/#primaryimage\"},\"thumbnailUrl\":\"https:\\\/\\\/tuguia.combarranquilla.co\\\/Revista\\\/wp-content\\\/uploads\\\/2023\\\/08\\\/ANIVERSARIO-EMPLEO-COMBA.00_43_13_15.Imagen-fija001-1.jpg\",\"articleSection\":[\"FAMILIA COMBARRANQUILLA\"],\"inLanguage\":\"es-CO\",\"potentialAction\":[{\"@type\":\"CommentAction\",\"name\":\"Comment\",\"target\":[\"https:\\\/\\\/tuguia.combarranquilla.co\\\/Revista\\\/conoce-la-historia-de-transformacion-de-dayana-mengual\\\/#respond\"]}]},{\"@type\":\"WebPage\",\"@id\":\"https:\\\/\\\/tuguia.combarranquilla.co\\\/Revista\\\/conoce-la-historia-de-transformacion-de-dayana-mengual\\\/\",\"url\":\"https:\\\/\\\/tuguia.combarranquilla.co\\\/Revista\\\/conoce-la-historia-de-transformacion-de-dayana-mengual\\\/\",\"name\":\"Conoce la historia de transformaci\u00f3n de Dayana Mengual - Tu Gu\u00eda\",\"isPartOf\":{\"@id\":\"https:\\\/\\\/tuguia.combarranquilla.co\\\/Revista\\\/#website\"},\"primaryImageOfPage\":{\"@id\":\"https:\\\/\\\/tuguia.combarranquilla.co\\\/Revista\\\/conoce-la-historia-de-transformacion-de-dayana-mengual\\\/#primaryimage\"},\"image\":{\"@id\":\"https:\\\/\\\/tuguia.combarranquilla.co\\\/Revista\\\/conoce-la-historia-de-transformacion-de-dayana-mengual\\\/#primaryimage\"},\"thumbnailUrl\":\"https:\\\/\\\/tuguia.combarranquilla.co\\\/Revista\\\/wp-content\\\/uploads\\\/2023\\\/08\\\/ANIVERSARIO-EMPLEO-COMBA.00_43_13_15.Imagen-fija001-1.jpg\",\"datePublished\":\"2023-08-16T15:40:00+00:00\",\"dateModified\":\"2023-09-04T13:59:55+00:00\",\"breadcrumb\":{\"@id\":\"https:\\\/\\\/tuguia.combarranquilla.co\\\/Revista\\\/conoce-la-historia-de-transformacion-de-dayana-mengual\\\/#breadcrumb\"},\"inLanguage\":\"es-CO\",\"potentialAction\":[{\"@type\":\"ReadAction\",\"target\":[\"https:\\\/\\\/tuguia.combarranquilla.co\\\/Revista\\\/conoce-la-historia-de-transformacion-de-dayana-mengual\\\/\"]}]},{\"@type\":\"ImageObject\",\"inLanguage\":\"es-CO\",\"@id\":\"https:\\\/\\\/tuguia.combarranquilla.co\\\/Revista\\\/conoce-la-historia-de-transformacion-de-dayana-mengual\\\/#primaryimage\",\"url\":\"https:\\\/\\\/tuguia.combarranquilla.co\\\/Revista\\\/wp-content\\\/uploads\\\/2023\\\/08\\\/ANIVERSARIO-EMPLEO-COMBA.00_43_13_15.Imagen-fija001-1.jpg\",\"contentUrl\":\"https:\\\/\\\/tuguia.combarranquilla.co\\\/Revista\\\/wp-content\\\/uploads\\\/2023\\\/08\\\/ANIVERSARIO-EMPLEO-COMBA.00_43_13_15.Imagen-fija001-1.jpg\",\"width\":1920,\"height\":1080},{\"@type\":\"BreadcrumbList\",\"@id\":\"https:\\\/\\\/tuguia.combarranquilla.co\\\/Revista\\\/conoce-la-historia-de-transformacion-de-dayana-mengual\\\/#breadcrumb\",\"itemListElement\":[{\"@type\":\"ListItem\",\"position\":1,\"name\":\"Inicio\",\"item\":\"https:\\\/\\\/tuguia.combarranquilla.co\\\/Revista\\\/\"},{\"@type\":\"ListItem\",\"position\":2,\"name\":\"Conoce la historia de transformaci\u00f3n de Dayana Mengual\"}]},{\"@type\":\"WebSite\",\"@id\":\"https:\\\/\\\/tuguia.combarranquilla.co\\\/Revista\\\/#website\",\"url\":\"https:\\\/\\\/tuguia.combarranquilla.co\\\/Revista\\\/\",\"name\":\"Tu Gu\u00eda\",\"description\":\"La revista donde lo tienes todo.\",\"publisher\":{\"@id\":\"https:\\\/\\\/tuguia.combarranquilla.co\\\/Revista\\\/#organization\"},\"alternateName\":\"Tu Gu\u00eda Combarranquilla\",\"potentialAction\":[{\"@type\":\"SearchAction\",\"target\":{\"@type\":\"EntryPoint\",\"urlTemplate\":\"https:\\\/\\\/tuguia.combarranquilla.co\\\/Revista\\\/?s={search_term_string}\"},\"query-input\":{\"@type\":\"PropertyValueSpecification\",\"valueRequired\":true,\"valueName\":\"search_term_string\"}}],\"inLanguage\":\"es-CO\"},{\"@type\":\"Organization\",\"@id\":\"https:\\\/\\\/tuguia.combarranquilla.co\\\/Revista\\\/#organization\",\"name\":\"Tu Gu\u00eda Combarranquilla\",\"url\":\"https:\\\/\\\/tuguia.combarranquilla.co\\\/Revista\\\/\",\"logo\":{\"@type\":\"ImageObject\",\"inLanguage\":\"es-CO\",\"@id\":\"https:\\\/\\\/tuguia.combarranquilla.co\\\/Revista\\\/#\\\/schema\\\/logo\\\/image\\\/\",\"url\":\"https:\\\/\\\/tuguia.combarranquilla.co\\\/Revista\\\/wp-content\\\/uploads\\\/2022\\\/02\\\/logo-guia-combarranquilla.svg\",\"contentUrl\":\"https:\\\/\\\/tuguia.combarranquilla.co\\\/Revista\\\/wp-content\\\/uploads\\\/2022\\\/02\\\/logo-guia-combarranquilla.svg\",\"caption\":\"Tu Gu\u00eda Combarranquilla\"},\"image\":{\"@id\":\"https:\\\/\\\/tuguia.combarranquilla.co\\\/Revista\\\/#\\\/schema\\\/logo\\\/image\\\/\"}},{\"@type\":\"Person\",\"@id\":\"https:\\\/\\\/tuguia.combarranquilla.co\\\/Revista\\\/#\\\/schema\\\/person\\\/c2c396a77170bd1d5f8ba73294eb0d10\",\"name\":\"Comunicaciones Combarranquilla\",\"image\":{\"@type\":\"ImageObject\",\"inLanguage\":\"es-CO\",\"@id\":\"https:\\\/\\\/tuguia.combarranquilla.co\\\/Revista\\\/wp-content\\\/uploads\\\/2025\\\/05\\\/ABC-Al-Rojo-Logo-96x96.jpg\",\"url\":\"https:\\\/\\\/tuguia.combarranquilla.co\\\/Revista\\\/wp-content\\\/uploads\\\/2025\\\/05\\\/ABC-Al-Rojo-Logo-96x96.jpg\",\"contentUrl\":\"https:\\\/\\\/tuguia.combarranquilla.co\\\/Revista\\\/wp-content\\\/uploads\\\/2025\\\/05\\\/ABC-Al-Rojo-Logo-96x96.jpg\",\"caption\":\"Comunicaciones Combarranquilla\"},\"sameAs\":[\"https:\\\/\\\/www.combarranquilla.co\"],\"url\":\"https:\\\/\\\/tuguia.combarranquilla.co\\\/Revista\\\/author\\\/comunicaciones\\\/\"}]}<\/script>\n<!-- \/ Yoast SEO plugin. -->","yoast_head_json":{"title":"Conoce la historia de transformaci\u00f3n de Dayana Mengual - Tu Gu\u00eda","robots":{"index":"index","follow":"follow","max-snippet":"max-snippet:-1","max-image-preview":"max-image-preview:large","max-video-preview":"max-video-preview:-1"},"canonical":"https:\/\/tuguia.combarranquilla.co\/Revista\/conoce-la-historia-de-transformacion-de-dayana-mengual\/","og_locale":"es_ES","og_type":"article","og_title":"Conoce la historia de transformaci\u00f3n de Dayana Mengual - Tu Gu\u00eda","og_description":"Con 40 a\u00f1os de edad, Dayana ha sido testimonio de que la resiliencia y el optimismo resulta ser el mejor camino para obtener grandes victorias. \u00bfQui\u00e9n es Dayana Mengual? M\u00e1ma, esposa e hija. Una mujer trabajadora que busca siempre la manera de salir adelante por su familia. &#8220;Durante la pandemia vend\u00eda guineo verde en las [&hellip;]","og_url":"https:\/\/tuguia.combarranquilla.co\/Revista\/conoce-la-historia-de-transformacion-de-dayana-mengual\/","og_site_name":"Tu Gu\u00eda","article_published_time":"2023-08-16T15:40:00+00:00","article_modified_time":"2023-09-04T13:59:55+00:00","og_image":[{"width":1920,"height":1080,"url":"https:\/\/tuguia.combarranquilla.co\/Revista\/wp-content\/uploads\/2023\/08\/ANIVERSARIO-EMPLEO-COMBA.00_43_13_15.Imagen-fija001-1.jpg","type":"image\/jpeg"}],"author":"Comunicaciones Combarranquilla","twitter_card":"summary_large_image","twitter_misc":{"Escrito por":"Comunicaciones Combarranquilla","Tiempo de lectura":"2 minutos"},"schema":{"@context":"https:\/\/schema.org","@graph":[{"@type":"Article","@id":"https:\/\/tuguia.combarranquilla.co\/Revista\/conoce-la-historia-de-transformacion-de-dayana-mengual\/#article","isPartOf":{"@id":"https:\/\/tuguia.combarranquilla.co\/Revista\/conoce-la-historia-de-transformacion-de-dayana-mengual\/"},"author":{"name":"Comunicaciones Combarranquilla","@id":"https:\/\/tuguia.combarranquilla.co\/Revista\/#\/schema\/person\/c2c396a77170bd1d5f8ba73294eb0d10"},"headline":"Conoce la historia de transformaci\u00f3n de Dayana Mengual","datePublished":"2023-08-16T15:40:00+00:00","dateModified":"2023-09-04T13:59:55+00:00","mainEntityOfPage":{"@id":"https:\/\/tuguia.combarranquilla.co\/Revista\/conoce-la-historia-de-transformacion-de-dayana-mengual\/"},"wordCount":362,"commentCount":0,"publisher":{"@id":"https:\/\/tuguia.combarranquilla.co\/Revista\/#organization"},"image":{"@id":"https:\/\/tuguia.combarranquilla.co\/Revista\/conoce-la-historia-de-transformacion-de-dayana-mengual\/#primaryimage"},"thumbnailUrl":"https:\/\/tuguia.combarranquilla.co\/Revista\/wp-content\/uploads\/2023\/08\/ANIVERSARIO-EMPLEO-COMBA.00_43_13_15.Imagen-fija001-1.jpg","articleSection":["FAMILIA COMBARRANQUILLA"],"inLanguage":"es-CO","potentialAction":[{"@type":"CommentAction","name":"Comment","target":["https:\/\/tuguia.combarranquilla.co\/Revista\/conoce-la-historia-de-transformacion-de-dayana-mengual\/#respond"]}]},{"@type":"WebPage","@id":"https:\/\/tuguia.combarranquilla.co\/Revista\/conoce-la-historia-de-transformacion-de-dayana-mengual\/","url":"https:\/\/tuguia.combarranquilla.co\/Revista\/conoce-la-historia-de-transformacion-de-dayana-mengual\/","name":"Conoce la historia de transformaci\u00f3n de Dayana Mengual - Tu Gu\u00eda","isPartOf":{"@id":"https:\/\/tuguia.combarranquilla.co\/Revista\/#website"},"primaryImageOfPage":{"@id":"https:\/\/tuguia.combarranquilla.co\/Revista\/conoce-la-historia-de-transformacion-de-dayana-mengual\/#primaryimage"},"image":{"@id":"https:\/\/tuguia.combarranquilla.co\/Revista\/conoce-la-historia-de-transformacion-de-dayana-mengual\/#primaryimage"},"thumbnailUrl":"https:\/\/tuguia.combarranquilla.co\/Revista\/wp-content\/uploads\/2023\/08\/ANIVERSARIO-EMPLEO-COMBA.00_43_13_15.Imagen-fija001-1.jpg","datePublished":"2023-08-16T15:40:00+00:00","dateModified":"2023-09-04T13:59:55+00:00","breadcrumb":{"@id":"https:\/\/tuguia.combarranquilla.co\/Revista\/conoce-la-historia-de-transformacion-de-dayana-mengual\/#breadcrumb"},"inLanguage":"es-CO","potentialAction":[{"@type":"ReadAction","target":["https:\/\/tuguia.combarranquilla.co\/Revista\/conoce-la-historia-de-transformacion-de-dayana-mengual\/"]}]},{"@type":"ImageObject","inLanguage":"es-CO","@id":"https:\/\/tuguia.combarranquilla.co\/Revista\/conoce-la-historia-de-transformacion-de-dayana-mengual\/#primaryimage","url":"https:\/\/tuguia.combarranquilla.co\/Revista\/wp-content\/uploads\/2023\/08\/ANIVERSARIO-EMPLEO-COMBA.00_43_13_15.Imagen-fija001-1.jpg","contentUrl":"https:\/\/tuguia.combarranquilla.co\/Revista\/wp-content\/uploads\/2023\/08\/ANIVERSARIO-EMPLEO-COMBA.00_43_13_15.Imagen-fija001-1.jpg","width":1920,"height":1080},{"@type":"BreadcrumbList","@id":"https:\/\/tuguia.combarranquilla.co\/Revista\/conoce-la-historia-de-transformacion-de-dayana-mengual\/#breadcrumb","itemListElement":[{"@type":"ListItem","position":1,"name":"Inicio","item":"https:\/\/tuguia.combarranquilla.co\/Revista\/"},{"@type":"ListItem","position":2,"name":"Conoce la historia de transformaci\u00f3n de Dayana Mengual"}]},{"@type":"WebSite","@id":"https:\/\/tuguia.combarranquilla.co\/Revista\/#website","url":"https:\/\/tuguia.combarranquilla.co\/Revista\/","name":"Tu Gu\u00eda","description":"La revista donde lo tienes todo.","publisher":{"@id":"https:\/\/tuguia.combarranquilla.co\/Revista\/#organization"},"alternateName":"Tu Gu\u00eda Combarranquilla","potentialAction":[{"@type":"SearchAction","target":{"@type":"EntryPoint","urlTemplate":"https:\/\/tuguia.combarranquilla.co\/Revista\/?s={search_term_string}"},"query-input":{"@type":"PropertyValueSpecification","valueRequired":true,"valueName":"search_term_string"}}],"inLanguage":"es-CO"},{"@type":"Organization","@id":"https:\/\/tuguia.combarranquilla.co\/Revista\/#organization","name":"Tu Gu\u00eda Combarranquilla","url":"https:\/\/tuguia.combarranquilla.co\/Revista\/","logo":{"@type":"ImageObject","inLanguage":"es-CO","@id":"https:\/\/tuguia.combarranquilla.co\/Revista\/#\/schema\/logo\/image\/","url":"https:\/\/tuguia.combarranquilla.co\/Revista\/wp-content\/uploads\/2022\/02\/logo-guia-combarranquilla.svg","contentUrl":"https:\/\/tuguia.combarranquilla.co\/Revista\/wp-content\/uploads\/2022\/02\/logo-guia-combarranquilla.svg","caption":"Tu Gu\u00eda Combarranquilla"},"image":{"@id":"https:\/\/tuguia.combarranquilla.co\/Revista\/#\/schema\/logo\/image\/"}},{"@type":"Person","@id":"https:\/\/tuguia.combarranquilla.co\/Revista\/#\/schema\/person\/c2c396a77170bd1d5f8ba73294eb0d10","name":"Comunicaciones Combarranquilla","image":{"@type":"ImageObject","inLanguage":"es-CO","@id":"https:\/\/tuguia.combarranquilla.co\/Revista\/wp-content\/uploads\/2025\/05\/ABC-Al-Rojo-Logo-96x96.jpg","url":"https:\/\/tuguia.combarranquilla.co\/Revista\/wp-content\/uploads\/2025\/05\/ABC-Al-Rojo-Logo-96x96.jpg","contentUrl":"https:\/\/tuguia.combarranquilla.co\/Revista\/wp-content\/uploads\/2025\/05\/ABC-Al-Rojo-Logo-96x96.jpg","caption":"Comunicaciones Combarranquilla"},"sameAs":["https:\/\/www.combarranquilla.co"],"url":"https:\/\/tuguia.combarranquilla.co\/Revista\/author\/comunicaciones\/"}]}},"_links":{"self":[{"href":"https:\/\/tuguia.combarranquilla.co\/Revista\/wp-json\/wp\/v2\/posts\/2531","targetHints":{"allow":["GET"]}}],"collection":[{"href":"https:\/\/tuguia.combarranquilla.co\/Revista\/wp-json\/wp\/v2\/posts"}],"about":[{"href":"https:\/\/tuguia.combarranquilla.co\/Revista\/wp-json\/wp\/v2\/types\/post"}],"author":[{"embeddable":true,"href":"https:\/\/tuguia.combarranquilla.co\/Revista\/wp-json\/wp\/v2\/users\/2"}],"replies":[{"embeddable":true,"href":"https:\/\/tuguia.combarranquilla.co\/Revista\/wp-json\/wp\/v2\/comments?post=2531"}],"version-history":[{"count":28,"href":"https:\/\/tuguia.combarranquilla.co\/Revista\/wp-json\/wp\/v2\/posts\/2531\/revisions"}],"predecessor-version":[{"id":2586,"href":"https:\/\/tuguia.combarranquilla.co\/Revista\/wp-json\/wp\/v2\/posts\/2531\/revisions\/2586"}],"wp:featuredmedia":[{"embeddable":true,"href":"https:\/\/tuguia.combarranquilla.co\/Revista\/wp-json\/wp\/v2\/media\/2579"}],"wp:attachment":[{"href":"https:\/\/tuguia.combarranquilla.co\/Revista\/wp-json\/wp\/v2\/media?parent=2531"}],"wp:term":[{"taxonomy":"category","embeddable":true,"href":"https:\/\/tuguia.combarranquilla.co\/Revista\/wp-json\/wp\/v2\/categories?post=2531"},{"taxonomy":"post_tag","embeddable":true,"href":"https:\/\/tuguia.combarranquilla.co\/Revista\/wp-json\/wp\/v2\/tags?post=2531"}],"curies":[{"name":"wp","href":"https:\/\/api.w.org\/{rel}","templated":true}]}}