{"id":2625,"date":"2023-09-14T09:00:00","date_gmt":"2023-09-14T14:00:00","guid":{"rendered":"https:\/\/tuguia.combarranquilla.co\/Revista\/?p=2625"},"modified":"2023-09-14T16:32:19","modified_gmt":"2023-09-14T21:32:19","slug":"inauguracion-fabrica-de-fomento-empresarial-y-empleo-combarranquilla","status":"publish","type":"post","link":"https:\/\/tuguia.combarranquilla.co\/Revista\/inauguracion-fabrica-de-fomento-empresarial-y-empleo-combarranquilla\/","title":{"rendered":"Inauguraci\u00f3n F\u00e1brica de Fomento Empresarial y Empleo Combarranquilla"},"content":{"rendered":"\n<p>Un nuevo y gran aporte empresarial llega al departamento del Atl\u00e1ntico: la F\u00e1brica de Fomento Empresarial y Empleo. Un espacio colaborativo que le apuesta al desarrollo y crecimiento de nuestras empresas afiliadas.<\/p>\n\n\n\n<p>&#8220;<em>Transformar vidas contin\u00faa siendo nuestro prop\u00f3sito, por eso, comparto con todos ustedes la excelente noticia de que a partir de hoy la f\u00e1brica abre sus puertas para nuestros colaboradores y empresarios afiliados<\/em>&#8220;, manifest\u00f3 Ernesto Herrera, Director de la Caja, destacando que es un orgullo ser pioneros en el departamento del Atl\u00e1ntico con la creaci\u00f3n de modelos de selecci\u00f3n innovadores para conectar el mejor talento humano con las compa\u00f1\u00edas.<\/p>\n\n\n\n<h2 class=\"wp-block-heading\">\u00bfCu\u00e1les son los nuevos servicios?<\/h2>\n\n\n\n<ul class=\"wp-block-list\">\n<li><strong>Centro de destrezas y habilidades:<\/strong> Es un espacio de co-creaci\u00f3n, que busca identificar y desarrollar destrezas y habilidades de candidatos a trav\u00e9s de nuevos e innovadores modelos de selecci\u00f3n.<\/li>\n<\/ul>\n\n\n\n<p><strong>Conectaremos el personal m\u00e1s id\u00f3neo y competente con el cargo y\/o perfil<\/strong> que requieren las empresas (se encuentren o no afiliadas a Combarranquilla).<\/p>\n\n\n\n<figure class=\"wp-block-gallery alignwide has-nested-images columns-default is-cropped wp-block-gallery-1 is-layout-flex wp-block-gallery-is-layout-flex\">\n<figure class=\"wp-block-image size-large\"><img decoding=\"async\" width=\"1024\" height=\"768\" data-id=\"2657\" data-src=\"https:\/\/tuguia.combarranquilla.co\/Revista\/wp-content\/uploads\/2023\/09\/IMG_9473-1-1024x768.jpeg\" alt=\"\" class=\"wp-image-2657 lazyload\" data-srcset=\"https:\/\/tuguia.combarranquilla.co\/Revista\/wp-content\/uploads\/2023\/09\/IMG_9473-1-1024x768.jpeg 1024w, https:\/\/tuguia.combarranquilla.co\/Revista\/wp-content\/uploads\/2023\/09\/IMG_9473-1-300x225.jpeg 300w, https:\/\/tuguia.combarranquilla.co\/Revista\/wp-content\/uploads\/2023\/09\/IMG_9473-1-768x576.jpeg 768w, https:\/\/tuguia.combarranquilla.co\/Revista\/wp-content\/uploads\/2023\/09\/IMG_9473-1-1536x1152.jpeg 1536w, https:\/\/tuguia.combarranquilla.co\/Revista\/wp-content\/uploads\/2023\/09\/IMG_9473-1-2048x1536.jpeg 2048w\" data-sizes=\"(max-width: 1024px) 100vw, 1024px\" src=\"data:image\/svg+xml;base64,PHN2ZyB3aWR0aD0iMSIgaGVpZ2h0PSIxIiB4bWxucz0iaHR0cDovL3d3dy53My5vcmcvMjAwMC9zdmciPjwvc3ZnPg==\" style=\"--smush-placeholder-width: 1024px; --smush-placeholder-aspect-ratio: 1024\/768;\" \/><\/figure>\n\n\n\n<figure class=\"wp-block-image size-large\"><img decoding=\"async\" width=\"1024\" height=\"768\" data-id=\"2659\" data-src=\"https:\/\/tuguia.combarranquilla.co\/Revista\/wp-content\/uploads\/2023\/09\/concentracion-al-conteo-1024x768.jpeg\" alt=\"\" class=\"wp-image-2659 lazyload\" data-srcset=\"https:\/\/tuguia.combarranquilla.co\/Revista\/wp-content\/uploads\/2023\/09\/concentracion-al-conteo-1024x768.jpeg 1024w, https:\/\/tuguia.combarranquilla.co\/Revista\/wp-content\/uploads\/2023\/09\/concentracion-al-conteo-300x225.jpeg 300w, https:\/\/tuguia.combarranquilla.co\/Revista\/wp-content\/uploads\/2023\/09\/concentracion-al-conteo-768x576.jpeg 768w, https:\/\/tuguia.combarranquilla.co\/Revista\/wp-content\/uploads\/2023\/09\/concentracion-al-conteo-1536x1152.jpeg 1536w, https:\/\/tuguia.combarranquilla.co\/Revista\/wp-content\/uploads\/2023\/09\/concentracion-al-conteo-2048x1536.jpeg 2048w\" data-sizes=\"(max-width: 1024px) 100vw, 1024px\" src=\"data:image\/svg+xml;base64,PHN2ZyB3aWR0aD0iMSIgaGVpZ2h0PSIxIiB4bWxucz0iaHR0cDovL3d3dy53My5vcmcvMjAwMC9zdmciPjwvc3ZnPg==\" style=\"--smush-placeholder-width: 1024px; --smush-placeholder-aspect-ratio: 1024\/768;\" \/><\/figure>\n<\/figure>\n\n\n\n<p><\/p>\n\n\n\n<ul class=\"wp-block-list\">\n<li><strong>Oficinas de atenci\u00f3n del Programa Crecemos Contigo y Outsourcing: <\/strong>Las MiPymes afiliadas a la Caja recibir\u00e1n acompa\u00f1amiento integral a trav\u00e9s de una ruta de asesor\u00edas dirigidas por expertos profesionales en diferentes campos.<\/li>\n<\/ul>\n\n\n\n<p>Adem\u00e1s, se contar\u00e1 con una oficina de atenci\u00f3n para el empresario que desee conocer los <strong>servicios especializados del Outsourcing de selecci\u00f3n y atracci\u00f3n de personal <\/strong>(acompa\u00f1amiento en procesos de vinculaci\u00f3n laboral, estudios de seguridad, visitas domiciliarias, diagn\u00f3stico y an\u00e1lisis de rotaci\u00f3n de personal y pruebas psicot\u00e9cnicas especializadas).<\/p>\n\n\n\n<figure class=\"wp-block-gallery alignwide has-nested-images columns-default is-cropped wp-block-gallery-2 is-layout-flex wp-block-gallery-is-layout-flex\">\n<figure class=\"wp-block-image size-large\"><img decoding=\"async\" width=\"1024\" height=\"768\" data-id=\"2667\" data-src=\"https:\/\/tuguia.combarranquilla.co\/Revista\/wp-content\/uploads\/2023\/09\/IMG_9490-1024x768.jpg\" alt=\"\" class=\"wp-image-2667 lazyload\" data-srcset=\"https:\/\/tuguia.combarranquilla.co\/Revista\/wp-content\/uploads\/2023\/09\/IMG_9490-1024x768.jpg 1024w, https:\/\/tuguia.combarranquilla.co\/Revista\/wp-content\/uploads\/2023\/09\/IMG_9490-300x225.jpg 300w, https:\/\/tuguia.combarranquilla.co\/Revista\/wp-content\/uploads\/2023\/09\/IMG_9490-768x576.jpg 768w, https:\/\/tuguia.combarranquilla.co\/Revista\/wp-content\/uploads\/2023\/09\/IMG_9490-1536x1152.jpg 1536w, https:\/\/tuguia.combarranquilla.co\/Revista\/wp-content\/uploads\/2023\/09\/IMG_9490-2048x1536.jpg 2048w\" data-sizes=\"(max-width: 1024px) 100vw, 1024px\" src=\"data:image\/svg+xml;base64,PHN2ZyB3aWR0aD0iMSIgaGVpZ2h0PSIxIiB4bWxucz0iaHR0cDovL3d3dy53My5vcmcvMjAwMC9zdmciPjwvc3ZnPg==\" style=\"--smush-placeholder-width: 1024px; --smush-placeholder-aspect-ratio: 1024\/768;\" \/><\/figure>\n\n\n\n<figure class=\"wp-block-image size-large\"><img decoding=\"async\" width=\"1024\" height=\"768\" data-id=\"2668\" data-src=\"https:\/\/tuguia.combarranquilla.co\/Revista\/wp-content\/uploads\/2023\/09\/IMG_9491-1024x768.jpeg\" alt=\"\" class=\"wp-image-2668 lazyload\" data-srcset=\"https:\/\/tuguia.combarranquilla.co\/Revista\/wp-content\/uploads\/2023\/09\/IMG_9491-1024x768.jpeg 1024w, https:\/\/tuguia.combarranquilla.co\/Revista\/wp-content\/uploads\/2023\/09\/IMG_9491-300x225.jpeg 300w, https:\/\/tuguia.combarranquilla.co\/Revista\/wp-content\/uploads\/2023\/09\/IMG_9491-768x576.jpeg 768w, https:\/\/tuguia.combarranquilla.co\/Revista\/wp-content\/uploads\/2023\/09\/IMG_9491-1536x1152.jpeg 1536w, https:\/\/tuguia.combarranquilla.co\/Revista\/wp-content\/uploads\/2023\/09\/IMG_9491-2048x1536.jpeg 2048w\" data-sizes=\"(max-width: 1024px) 100vw, 1024px\" src=\"data:image\/svg+xml;base64,PHN2ZyB3aWR0aD0iMSIgaGVpZ2h0PSIxIiB4bWxucz0iaHR0cDovL3d3dy53My5vcmcvMjAwMC9zdmciPjwvc3ZnPg==\" style=\"--smush-placeholder-width: 1024px; --smush-placeholder-aspect-ratio: 1024\/768;\" \/><\/figure>\n<\/figure>\n\n\n\n<p><\/p>\n\n\n\n<ul class=\"wp-block-list\">\n<li><strong>Coworking: <\/strong>Es un espacio colaborativo que ayudar\u00e1 al empresario a crear ideas, objetivos y planes estrat\u00e9gicos para su organizaci\u00f3n.<\/li>\n<\/ul>\n\n\n\n<p>Contar\u00e1 con una sala de juntas, cafeter\u00eda, <\/p>\n\n\n\n<figure class=\"wp-block-gallery alignwide has-nested-images columns-default is-cropped wp-block-gallery-3 is-layout-flex wp-block-gallery-is-layout-flex\">\n<figure class=\"wp-block-image size-large\"><img decoding=\"async\" width=\"1024\" height=\"683\" data-id=\"2692\" data-src=\"https:\/\/tuguia.combarranquilla.co\/Revista\/wp-content\/uploads\/2023\/09\/DSC_0463-1024x683.jpg\" alt=\"\" class=\"wp-image-2692 lazyload\" data-srcset=\"https:\/\/tuguia.combarranquilla.co\/Revista\/wp-content\/uploads\/2023\/09\/DSC_0463-1024x683.jpg 1024w, https:\/\/tuguia.combarranquilla.co\/Revista\/wp-content\/uploads\/2023\/09\/DSC_0463-300x200.jpg 300w, https:\/\/tuguia.combarranquilla.co\/Revista\/wp-content\/uploads\/2023\/09\/DSC_0463-768x512.jpg 768w, https:\/\/tuguia.combarranquilla.co\/Revista\/wp-content\/uploads\/2023\/09\/DSC_0463-1536x1024.jpg 1536w, https:\/\/tuguia.combarranquilla.co\/Revista\/wp-content\/uploads\/2023\/09\/DSC_0463-2048x1365.jpg 2048w\" data-sizes=\"(max-width: 1024px) 100vw, 1024px\" src=\"data:image\/svg+xml;base64,PHN2ZyB3aWR0aD0iMSIgaGVpZ2h0PSIxIiB4bWxucz0iaHR0cDovL3d3dy53My5vcmcvMjAwMC9zdmciPjwvc3ZnPg==\" style=\"--smush-placeholder-width: 1024px; --smush-placeholder-aspect-ratio: 1024\/683;\" \/><\/figure>\n\n\n\n<figure class=\"wp-block-image size-large\"><img decoding=\"async\" width=\"1024\" height=\"683\" data-id=\"2696\" data-src=\"https:\/\/tuguia.combarranquilla.co\/Revista\/wp-content\/uploads\/2023\/09\/DSC_0467-1024x683.jpg\" alt=\"\" class=\"wp-image-2696 lazyload\" data-srcset=\"https:\/\/tuguia.combarranquilla.co\/Revista\/wp-content\/uploads\/2023\/09\/DSC_0467-1024x683.jpg 1024w, https:\/\/tuguia.combarranquilla.co\/Revista\/wp-content\/uploads\/2023\/09\/DSC_0467-300x200.jpg 300w, https:\/\/tuguia.combarranquilla.co\/Revista\/wp-content\/uploads\/2023\/09\/DSC_0467-768x512.jpg 768w, https:\/\/tuguia.combarranquilla.co\/Revista\/wp-content\/uploads\/2023\/09\/DSC_0467-1536x1024.jpg 1536w, https:\/\/tuguia.combarranquilla.co\/Revista\/wp-content\/uploads\/2023\/09\/DSC_0467-2048x1365.jpg 2048w\" data-sizes=\"(max-width: 1024px) 100vw, 1024px\" src=\"data:image\/svg+xml;base64,PHN2ZyB3aWR0aD0iMSIgaGVpZ2h0PSIxIiB4bWxucz0iaHR0cDovL3d3dy53My5vcmcvMjAwMC9zdmciPjwvc3ZnPg==\" style=\"--smush-placeholder-width: 1024px; --smush-placeholder-aspect-ratio: 1024\/683;\" \/><\/figure>\n<\/figure>\n\n\n\n<p>*<em>Aplica para empresas afiliadas a Combarranquilla<\/em>.<\/p>\n\n\n\n<h2 class=\"wp-block-heading\"><strong>\u00bfCu\u00e1les ser\u00e1n los horarios de atenci\u00f3n?<\/strong><\/h2>\n\n\n\n<ul class=\"wp-block-list\">\n<li>Lunes a viernes: 8:00 a.m. \u2013 12:00 m.&nbsp; \/ 1:00 p.m. \u2013 5:00 p.m.<\/li>\n\n\n\n<li>S\u00e1bados:<strong>&nbsp; <\/strong>8:00 a.m. \u2013 12:00 m.<\/li>\n<\/ul>\n\n\n\n<h2 class=\"wp-block-heading\">Contacto:<\/h2>\n\n\n\n<p><strong>Redes sociales<\/strong> (Instagram, Facebook y Twitter): @combarranquilla<\/p>\n\n\n\n<p><strong>Correo electr\u00f3nico: <\/strong>centro.empleo@combarranquilla.co <\/p>\n\n\n\n<h2 class=\"wp-block-heading\">Ubicaci\u00f3n:<\/h2>\n\n\n\n<p>Calle 76#57-44, frente a nuestra Unidad Combarranquilla Country.<\/p>\n\n\n\n<p>De acuerdo con el Director Herrera la invitaci\u00f3n es para todas las empresas afiliadas <em>&#8220;para que vengan y conozcan nuestra F\u00e1brica de Fomento Empresarial y Empleo. Un espacio ameno para crear ideas, construir planes estrat\u00e9gicos, desarrollar competencias y adquirir nuevos conocimientos<\/em>&#8220;.<\/p>\n\n\n\n<p>As\u00ed mismo, se\u00f1al\u00f3 que con la F\u00e1brica de Fomento Empresarial y Empleo, buscan marcar a\u00fan m\u00e1s la diferencia como Agencia de Empleo, apunt\u00e1ndole siempre a la disminuci\u00f3n de la tasa de desempleo en el<br>departamento, innovando con procesos de selecci\u00f3n m\u00e1s efectivos y disminuyendo los \u00edndices de<br>rotaci\u00f3n de personal en las organizaciones, para seguir consolid\u00e1ndose como el aliado efectivo en la<br>b\u00fasqueda del talento humano de las empresas.<\/p>\n\n\n\n<figure class=\"wp-block-embed is-type-video is-provider-youtube wp-block-embed-youtube wp-embed-aspect-16-9 wp-has-aspect-ratio\"><div class=\"wp-block-embed__wrapper\">\n<iframe title=\"F\u00e1brica de Fomento Empresarial y Empleo Combarranquilla\" width=\"640\" height=\"360\" data-src=\"https:\/\/www.youtube.com\/embed\/4g66xG3jjQk?start=1&#038;feature=oembed\" frameborder=\"0\" allow=\"accelerometer; autoplay; clipboard-write; encrypted-media; gyroscope; picture-in-picture; web-share\" referrerpolicy=\"strict-origin-when-cross-origin\" allowfullscreen src=\"data:image\/svg+xml;base64,PHN2ZyB3aWR0aD0iMSIgaGVpZ2h0PSIxIiB4bWxucz0iaHR0cDovL3d3dy53My5vcmcvMjAwMC9zdmciPjwvc3ZnPg==\" class=\"lazyload\" data-load-mode=\"1\"><\/iframe>\n<\/div><\/figure>\n\n\n\n<p class=\"has-text-align-center\"><strong>#TransformandoVidas<\/strong><\/p>\n","protected":false},"excerpt":{"rendered":"<p>Un nuevo y gran aporte empresarial llega al departamento del Atl\u00e1ntico: la F\u00e1brica de Fomento Empresarial y Empleo. Un espacio colaborativo que le apuesta al desarrollo y crecimiento de nuestras empresas afiliadas. &#8220;Transformar vidas contin\u00faa siendo nuestro prop\u00f3sito, por eso, comparto con todos ustedes la excelente noticia de que a partir de hoy la f\u00e1brica [&hellip;]<\/p>\n","protected":false},"author":2,"featured_media":2628,"comment_status":"open","ping_status":"open","sticky":false,"template":"","format":"standard","meta":{"inline_featured_image":false,"footnotes":""},"categories":[6],"tags":[],"class_list":["post-2625","post","type-post","status-publish","format-standard","has-post-thumbnail","hentry","category-empleabilidad"],"yoast_head":"<!-- This site is optimized with the Yoast SEO plugin v27.4 - https:\/\/yoast.com\/product\/yoast-seo-wordpress\/ -->\n<title>Inauguraci\u00f3n F\u00e1brica de Fomento Empresarial y Empleo Combarranquilla - Tu Gu\u00eda<\/title>\n<meta name=\"robots\" content=\"index, follow, max-snippet:-1, max-image-preview:large, max-video-preview:-1\" \/>\n<link rel=\"canonical\" href=\"https:\/\/tuguia.combarranquilla.co\/Revista\/inauguracion-fabrica-de-fomento-empresarial-y-empleo-combarranquilla\/\" \/>\n<meta property=\"og:locale\" content=\"es_ES\" \/>\n<meta property=\"og:type\" content=\"article\" \/>\n<meta property=\"og:title\" content=\"Inauguraci\u00f3n F\u00e1brica de Fomento Empresarial y Empleo Combarranquilla - Tu Gu\u00eda\" \/>\n<meta property=\"og:description\" content=\"Un nuevo y gran aporte empresarial llega al departamento del Atl\u00e1ntico: la F\u00e1brica de Fomento Empresarial y Empleo. Un espacio colaborativo que le apuesta al desarrollo y crecimiento de nuestras empresas afiliadas. &#8220;Transformar vidas contin\u00faa siendo nuestro prop\u00f3sito, por eso, comparto con todos ustedes la excelente noticia de que a partir de hoy la f\u00e1brica [&hellip;]\" \/>\n<meta property=\"og:url\" content=\"https:\/\/tuguia.combarranquilla.co\/Revista\/inauguracion-fabrica-de-fomento-empresarial-y-empleo-combarranquilla\/\" \/>\n<meta property=\"og:site_name\" content=\"Tu Gu\u00eda\" \/>\n<meta property=\"article:published_time\" content=\"2023-09-14T14:00:00+00:00\" \/>\n<meta property=\"article:modified_time\" content=\"2023-09-14T21:32:19+00:00\" \/>\n<meta property=\"og:image\" content=\"https:\/\/tuguia.combarranquilla.co\/Revista\/wp-content\/uploads\/2023\/09\/Apertura-Fabrica-de-Fomento-Empresarial-y-Empleo-Combarranquilla-1024x838.png\" \/>\n\t<meta property=\"og:image:width\" content=\"1024\" \/>\n\t<meta property=\"og:image:height\" content=\"838\" \/>\n\t<meta property=\"og:image:type\" content=\"image\/png\" \/>\n<meta name=\"author\" content=\"Comunicaciones Combarranquilla\" \/>\n<meta name=\"twitter:card\" content=\"summary_large_image\" \/>\n<meta name=\"twitter:label1\" content=\"Escrito por\" \/>\n\t<meta name=\"twitter:data1\" content=\"Comunicaciones Combarranquilla\" \/>\n\t<meta name=\"twitter:label2\" content=\"Tiempo de lectura\" \/>\n\t<meta name=\"twitter:data2\" content=\"2 minutos\" \/>\n<script type=\"application\/ld+json\" class=\"yoast-schema-graph\">{\"@context\":\"https:\\\/\\\/schema.org\",\"@graph\":[{\"@type\":\"Article\",\"@id\":\"https:\\\/\\\/tuguia.combarranquilla.co\\\/Revista\\\/inauguracion-fabrica-de-fomento-empresarial-y-empleo-combarranquilla\\\/#article\",\"isPartOf\":{\"@id\":\"https:\\\/\\\/tuguia.combarranquilla.co\\\/Revista\\\/inauguracion-fabrica-de-fomento-empresarial-y-empleo-combarranquilla\\\/\"},\"author\":{\"name\":\"Comunicaciones Combarranquilla\",\"@id\":\"https:\\\/\\\/tuguia.combarranquilla.co\\\/Revista\\\/#\\\/schema\\\/person\\\/c2c396a77170bd1d5f8ba73294eb0d10\"},\"headline\":\"Inauguraci\u00f3n F\u00e1brica de Fomento Empresarial y Empleo Combarranquilla\",\"datePublished\":\"2023-09-14T14:00:00+00:00\",\"dateModified\":\"2023-09-14T21:32:19+00:00\",\"mainEntityOfPage\":{\"@id\":\"https:\\\/\\\/tuguia.combarranquilla.co\\\/Revista\\\/inauguracion-fabrica-de-fomento-empresarial-y-empleo-combarranquilla\\\/\"},\"wordCount\":497,\"commentCount\":0,\"publisher\":{\"@id\":\"https:\\\/\\\/tuguia.combarranquilla.co\\\/Revista\\\/#organization\"},\"image\":{\"@id\":\"https:\\\/\\\/tuguia.combarranquilla.co\\\/Revista\\\/inauguracion-fabrica-de-fomento-empresarial-y-empleo-combarranquilla\\\/#primaryimage\"},\"thumbnailUrl\":\"https:\\\/\\\/tuguia.combarranquilla.co\\\/Revista\\\/wp-content\\\/uploads\\\/2023\\\/09\\\/Apertura-Fabrica-de-Fomento-Empresarial-y-Empleo-Combarranquilla.png\",\"articleSection\":[\"EMPLEABILIDAD\"],\"inLanguage\":\"es-CO\",\"potentialAction\":[{\"@type\":\"CommentAction\",\"name\":\"Comment\",\"target\":[\"https:\\\/\\\/tuguia.combarranquilla.co\\\/Revista\\\/inauguracion-fabrica-de-fomento-empresarial-y-empleo-combarranquilla\\\/#respond\"]}]},{\"@type\":\"WebPage\",\"@id\":\"https:\\\/\\\/tuguia.combarranquilla.co\\\/Revista\\\/inauguracion-fabrica-de-fomento-empresarial-y-empleo-combarranquilla\\\/\",\"url\":\"https:\\\/\\\/tuguia.combarranquilla.co\\\/Revista\\\/inauguracion-fabrica-de-fomento-empresarial-y-empleo-combarranquilla\\\/\",\"name\":\"Inauguraci\u00f3n F\u00e1brica de Fomento Empresarial y Empleo Combarranquilla - Tu Gu\u00eda\",\"isPartOf\":{\"@id\":\"https:\\\/\\\/tuguia.combarranquilla.co\\\/Revista\\\/#website\"},\"primaryImageOfPage\":{\"@id\":\"https:\\\/\\\/tuguia.combarranquilla.co\\\/Revista\\\/inauguracion-fabrica-de-fomento-empresarial-y-empleo-combarranquilla\\\/#primaryimage\"},\"image\":{\"@id\":\"https:\\\/\\\/tuguia.combarranquilla.co\\\/Revista\\\/inauguracion-fabrica-de-fomento-empresarial-y-empleo-combarranquilla\\\/#primaryimage\"},\"thumbnailUrl\":\"https:\\\/\\\/tuguia.combarranquilla.co\\\/Revista\\\/wp-content\\\/uploads\\\/2023\\\/09\\\/Apertura-Fabrica-de-Fomento-Empresarial-y-Empleo-Combarranquilla.png\",\"datePublished\":\"2023-09-14T14:00:00+00:00\",\"dateModified\":\"2023-09-14T21:32:19+00:00\",\"breadcrumb\":{\"@id\":\"https:\\\/\\\/tuguia.combarranquilla.co\\\/Revista\\\/inauguracion-fabrica-de-fomento-empresarial-y-empleo-combarranquilla\\\/#breadcrumb\"},\"inLanguage\":\"es-CO\",\"potentialAction\":[{\"@type\":\"ReadAction\",\"target\":[\"https:\\\/\\\/tuguia.combarranquilla.co\\\/Revista\\\/inauguracion-fabrica-de-fomento-empresarial-y-empleo-combarranquilla\\\/\"]}]},{\"@type\":\"ImageObject\",\"inLanguage\":\"es-CO\",\"@id\":\"https:\\\/\\\/tuguia.combarranquilla.co\\\/Revista\\\/inauguracion-fabrica-de-fomento-empresarial-y-empleo-combarranquilla\\\/#primaryimage\",\"url\":\"https:\\\/\\\/tuguia.combarranquilla.co\\\/Revista\\\/wp-content\\\/uploads\\\/2023\\\/09\\\/Apertura-Fabrica-de-Fomento-Empresarial-y-Empleo-Combarranquilla.png\",\"contentUrl\":\"https:\\\/\\\/tuguia.combarranquilla.co\\\/Revista\\\/wp-content\\\/uploads\\\/2023\\\/09\\\/Apertura-Fabrica-de-Fomento-Empresarial-y-Empleo-Combarranquilla.png\",\"width\":2250,\"height\":1841},{\"@type\":\"BreadcrumbList\",\"@id\":\"https:\\\/\\\/tuguia.combarranquilla.co\\\/Revista\\\/inauguracion-fabrica-de-fomento-empresarial-y-empleo-combarranquilla\\\/#breadcrumb\",\"itemListElement\":[{\"@type\":\"ListItem\",\"position\":1,\"name\":\"Inicio\",\"item\":\"https:\\\/\\\/tuguia.combarranquilla.co\\\/Revista\\\/\"},{\"@type\":\"ListItem\",\"position\":2,\"name\":\"Inauguraci\u00f3n F\u00e1brica de Fomento Empresarial y Empleo Combarranquilla\"}]},{\"@type\":\"WebSite\",\"@id\":\"https:\\\/\\\/tuguia.combarranquilla.co\\\/Revista\\\/#website\",\"url\":\"https:\\\/\\\/tuguia.combarranquilla.co\\\/Revista\\\/\",\"name\":\"Tu Gu\u00eda\",\"description\":\"La revista donde lo tienes todo.\",\"publisher\":{\"@id\":\"https:\\\/\\\/tuguia.combarranquilla.co\\\/Revista\\\/#organization\"},\"alternateName\":\"Tu Gu\u00eda Combarranquilla\",\"potentialAction\":[{\"@type\":\"SearchAction\",\"target\":{\"@type\":\"EntryPoint\",\"urlTemplate\":\"https:\\\/\\\/tuguia.combarranquilla.co\\\/Revista\\\/?s={search_term_string}\"},\"query-input\":{\"@type\":\"PropertyValueSpecification\",\"valueRequired\":true,\"valueName\":\"search_term_string\"}}],\"inLanguage\":\"es-CO\"},{\"@type\":\"Organization\",\"@id\":\"https:\\\/\\\/tuguia.combarranquilla.co\\\/Revista\\\/#organization\",\"name\":\"Tu Gu\u00eda Combarranquilla\",\"url\":\"https:\\\/\\\/tuguia.combarranquilla.co\\\/Revista\\\/\",\"logo\":{\"@type\":\"ImageObject\",\"inLanguage\":\"es-CO\",\"@id\":\"https:\\\/\\\/tuguia.combarranquilla.co\\\/Revista\\\/#\\\/schema\\\/logo\\\/image\\\/\",\"url\":\"https:\\\/\\\/tuguia.combarranquilla.co\\\/Revista\\\/wp-content\\\/uploads\\\/2022\\\/02\\\/logo-guia-combarranquilla.svg\",\"contentUrl\":\"https:\\\/\\\/tuguia.combarranquilla.co\\\/Revista\\\/wp-content\\\/uploads\\\/2022\\\/02\\\/logo-guia-combarranquilla.svg\",\"caption\":\"Tu Gu\u00eda Combarranquilla\"},\"image\":{\"@id\":\"https:\\\/\\\/tuguia.combarranquilla.co\\\/Revista\\\/#\\\/schema\\\/logo\\\/image\\\/\"}},{\"@type\":\"Person\",\"@id\":\"https:\\\/\\\/tuguia.combarranquilla.co\\\/Revista\\\/#\\\/schema\\\/person\\\/c2c396a77170bd1d5f8ba73294eb0d10\",\"name\":\"Comunicaciones Combarranquilla\",\"image\":{\"@type\":\"ImageObject\",\"inLanguage\":\"es-CO\",\"@id\":\"https:\\\/\\\/tuguia.combarranquilla.co\\\/Revista\\\/wp-content\\\/uploads\\\/2025\\\/05\\\/ABC-Al-Rojo-Logo-96x96.jpg\",\"url\":\"https:\\\/\\\/tuguia.combarranquilla.co\\\/Revista\\\/wp-content\\\/uploads\\\/2025\\\/05\\\/ABC-Al-Rojo-Logo-96x96.jpg\",\"contentUrl\":\"https:\\\/\\\/tuguia.combarranquilla.co\\\/Revista\\\/wp-content\\\/uploads\\\/2025\\\/05\\\/ABC-Al-Rojo-Logo-96x96.jpg\",\"caption\":\"Comunicaciones Combarranquilla\"},\"sameAs\":[\"https:\\\/\\\/www.combarranquilla.co\"],\"url\":\"https:\\\/\\\/tuguia.combarranquilla.co\\\/Revista\\\/author\\\/comunicaciones\\\/\"}]}<\/script>\n<!-- \/ Yoast SEO plugin. -->","yoast_head_json":{"title":"Inauguraci\u00f3n F\u00e1brica de Fomento Empresarial y Empleo Combarranquilla - Tu Gu\u00eda","robots":{"index":"index","follow":"follow","max-snippet":"max-snippet:-1","max-image-preview":"max-image-preview:large","max-video-preview":"max-video-preview:-1"},"canonical":"https:\/\/tuguia.combarranquilla.co\/Revista\/inauguracion-fabrica-de-fomento-empresarial-y-empleo-combarranquilla\/","og_locale":"es_ES","og_type":"article","og_title":"Inauguraci\u00f3n F\u00e1brica de Fomento Empresarial y Empleo Combarranquilla - Tu Gu\u00eda","og_description":"Un nuevo y gran aporte empresarial llega al departamento del Atl\u00e1ntico: la F\u00e1brica de Fomento Empresarial y Empleo. Un espacio colaborativo que le apuesta al desarrollo y crecimiento de nuestras empresas afiliadas. &#8220;Transformar vidas contin\u00faa siendo nuestro prop\u00f3sito, por eso, comparto con todos ustedes la excelente noticia de que a partir de hoy la f\u00e1brica [&hellip;]","og_url":"https:\/\/tuguia.combarranquilla.co\/Revista\/inauguracion-fabrica-de-fomento-empresarial-y-empleo-combarranquilla\/","og_site_name":"Tu Gu\u00eda","article_published_time":"2023-09-14T14:00:00+00:00","article_modified_time":"2023-09-14T21:32:19+00:00","og_image":[{"width":1024,"height":838,"url":"https:\/\/tuguia.combarranquilla.co\/Revista\/wp-content\/uploads\/2023\/09\/Apertura-Fabrica-de-Fomento-Empresarial-y-Empleo-Combarranquilla-1024x838.png","type":"image\/png"}],"author":"Comunicaciones Combarranquilla","twitter_card":"summary_large_image","twitter_misc":{"Escrito por":"Comunicaciones Combarranquilla","Tiempo de lectura":"2 minutos"},"schema":{"@context":"https:\/\/schema.org","@graph":[{"@type":"Article","@id":"https:\/\/tuguia.combarranquilla.co\/Revista\/inauguracion-fabrica-de-fomento-empresarial-y-empleo-combarranquilla\/#article","isPartOf":{"@id":"https:\/\/tuguia.combarranquilla.co\/Revista\/inauguracion-fabrica-de-fomento-empresarial-y-empleo-combarranquilla\/"},"author":{"name":"Comunicaciones Combarranquilla","@id":"https:\/\/tuguia.combarranquilla.co\/Revista\/#\/schema\/person\/c2c396a77170bd1d5f8ba73294eb0d10"},"headline":"Inauguraci\u00f3n F\u00e1brica de Fomento Empresarial y Empleo Combarranquilla","datePublished":"2023-09-14T14:00:00+00:00","dateModified":"2023-09-14T21:32:19+00:00","mainEntityOfPage":{"@id":"https:\/\/tuguia.combarranquilla.co\/Revista\/inauguracion-fabrica-de-fomento-empresarial-y-empleo-combarranquilla\/"},"wordCount":497,"commentCount":0,"publisher":{"@id":"https:\/\/tuguia.combarranquilla.co\/Revista\/#organization"},"image":{"@id":"https:\/\/tuguia.combarranquilla.co\/Revista\/inauguracion-fabrica-de-fomento-empresarial-y-empleo-combarranquilla\/#primaryimage"},"thumbnailUrl":"https:\/\/tuguia.combarranquilla.co\/Revista\/wp-content\/uploads\/2023\/09\/Apertura-Fabrica-de-Fomento-Empresarial-y-Empleo-Combarranquilla.png","articleSection":["EMPLEABILIDAD"],"inLanguage":"es-CO","potentialAction":[{"@type":"CommentAction","name":"Comment","target":["https:\/\/tuguia.combarranquilla.co\/Revista\/inauguracion-fabrica-de-fomento-empresarial-y-empleo-combarranquilla\/#respond"]}]},{"@type":"WebPage","@id":"https:\/\/tuguia.combarranquilla.co\/Revista\/inauguracion-fabrica-de-fomento-empresarial-y-empleo-combarranquilla\/","url":"https:\/\/tuguia.combarranquilla.co\/Revista\/inauguracion-fabrica-de-fomento-empresarial-y-empleo-combarranquilla\/","name":"Inauguraci\u00f3n F\u00e1brica de Fomento Empresarial y Empleo Combarranquilla - Tu Gu\u00eda","isPartOf":{"@id":"https:\/\/tuguia.combarranquilla.co\/Revista\/#website"},"primaryImageOfPage":{"@id":"https:\/\/tuguia.combarranquilla.co\/Revista\/inauguracion-fabrica-de-fomento-empresarial-y-empleo-combarranquilla\/#primaryimage"},"image":{"@id":"https:\/\/tuguia.combarranquilla.co\/Revista\/inauguracion-fabrica-de-fomento-empresarial-y-empleo-combarranquilla\/#primaryimage"},"thumbnailUrl":"https:\/\/tuguia.combarranquilla.co\/Revista\/wp-content\/uploads\/2023\/09\/Apertura-Fabrica-de-Fomento-Empresarial-y-Empleo-Combarranquilla.png","datePublished":"2023-09-14T14:00:00+00:00","dateModified":"2023-09-14T21:32:19+00:00","breadcrumb":{"@id":"https:\/\/tuguia.combarranquilla.co\/Revista\/inauguracion-fabrica-de-fomento-empresarial-y-empleo-combarranquilla\/#breadcrumb"},"inLanguage":"es-CO","potentialAction":[{"@type":"ReadAction","target":["https:\/\/tuguia.combarranquilla.co\/Revista\/inauguracion-fabrica-de-fomento-empresarial-y-empleo-combarranquilla\/"]}]},{"@type":"ImageObject","inLanguage":"es-CO","@id":"https:\/\/tuguia.combarranquilla.co\/Revista\/inauguracion-fabrica-de-fomento-empresarial-y-empleo-combarranquilla\/#primaryimage","url":"https:\/\/tuguia.combarranquilla.co\/Revista\/wp-content\/uploads\/2023\/09\/Apertura-Fabrica-de-Fomento-Empresarial-y-Empleo-Combarranquilla.png","contentUrl":"https:\/\/tuguia.combarranquilla.co\/Revista\/wp-content\/uploads\/2023\/09\/Apertura-Fabrica-de-Fomento-Empresarial-y-Empleo-Combarranquilla.png","width":2250,"height":1841},{"@type":"BreadcrumbList","@id":"https:\/\/tuguia.combarranquilla.co\/Revista\/inauguracion-fabrica-de-fomento-empresarial-y-empleo-combarranquilla\/#breadcrumb","itemListElement":[{"@type":"ListItem","position":1,"name":"Inicio","item":"https:\/\/tuguia.combarranquilla.co\/Revista\/"},{"@type":"ListItem","position":2,"name":"Inauguraci\u00f3n F\u00e1brica de Fomento Empresarial y Empleo Combarranquilla"}]},{"@type":"WebSite","@id":"https:\/\/tuguia.combarranquilla.co\/Revista\/#website","url":"https:\/\/tuguia.combarranquilla.co\/Revista\/","name":"Tu Gu\u00eda","description":"La revista donde lo tienes todo.","publisher":{"@id":"https:\/\/tuguia.combarranquilla.co\/Revista\/#organization"},"alternateName":"Tu Gu\u00eda Combarranquilla","potentialAction":[{"@type":"SearchAction","target":{"@type":"EntryPoint","urlTemplate":"https:\/\/tuguia.combarranquilla.co\/Revista\/?s={search_term_string}"},"query-input":{"@type":"PropertyValueSpecification","valueRequired":true,"valueName":"search_term_string"}}],"inLanguage":"es-CO"},{"@type":"Organization","@id":"https:\/\/tuguia.combarranquilla.co\/Revista\/#organization","name":"Tu Gu\u00eda Combarranquilla","url":"https:\/\/tuguia.combarranquilla.co\/Revista\/","logo":{"@type":"ImageObject","inLanguage":"es-CO","@id":"https:\/\/tuguia.combarranquilla.co\/Revista\/#\/schema\/logo\/image\/","url":"https:\/\/tuguia.combarranquilla.co\/Revista\/wp-content\/uploads\/2022\/02\/logo-guia-combarranquilla.svg","contentUrl":"https:\/\/tuguia.combarranquilla.co\/Revista\/wp-content\/uploads\/2022\/02\/logo-guia-combarranquilla.svg","caption":"Tu Gu\u00eda Combarranquilla"},"image":{"@id":"https:\/\/tuguia.combarranquilla.co\/Revista\/#\/schema\/logo\/image\/"}},{"@type":"Person","@id":"https:\/\/tuguia.combarranquilla.co\/Revista\/#\/schema\/person\/c2c396a77170bd1d5f8ba73294eb0d10","name":"Comunicaciones Combarranquilla","image":{"@type":"ImageObject","inLanguage":"es-CO","@id":"https:\/\/tuguia.combarranquilla.co\/Revista\/wp-content\/uploads\/2025\/05\/ABC-Al-Rojo-Logo-96x96.jpg","url":"https:\/\/tuguia.combarranquilla.co\/Revista\/wp-content\/uploads\/2025\/05\/ABC-Al-Rojo-Logo-96x96.jpg","contentUrl":"https:\/\/tuguia.combarranquilla.co\/Revista\/wp-content\/uploads\/2025\/05\/ABC-Al-Rojo-Logo-96x96.jpg","caption":"Comunicaciones Combarranquilla"},"sameAs":["https:\/\/www.combarranquilla.co"],"url":"https:\/\/tuguia.combarranquilla.co\/Revista\/author\/comunicaciones\/"}]}},"_links":{"self":[{"href":"https:\/\/tuguia.combarranquilla.co\/Revista\/wp-json\/wp\/v2\/posts\/2625","targetHints":{"allow":["GET"]}}],"collection":[{"href":"https:\/\/tuguia.combarranquilla.co\/Revista\/wp-json\/wp\/v2\/posts"}],"about":[{"href":"https:\/\/tuguia.combarranquilla.co\/Revista\/wp-json\/wp\/v2\/types\/post"}],"author":[{"embeddable":true,"href":"https:\/\/tuguia.combarranquilla.co\/Revista\/wp-json\/wp\/v2\/users\/2"}],"replies":[{"embeddable":true,"href":"https:\/\/tuguia.combarranquilla.co\/Revista\/wp-json\/wp\/v2\/comments?post=2625"}],"version-history":[{"count":27,"href":"https:\/\/tuguia.combarranquilla.co\/Revista\/wp-json\/wp\/v2\/posts\/2625\/revisions"}],"predecessor-version":[{"id":2700,"href":"https:\/\/tuguia.combarranquilla.co\/Revista\/wp-json\/wp\/v2\/posts\/2625\/revisions\/2700"}],"wp:featuredmedia":[{"embeddable":true,"href":"https:\/\/tuguia.combarranquilla.co\/Revista\/wp-json\/wp\/v2\/media\/2628"}],"wp:attachment":[{"href":"https:\/\/tuguia.combarranquilla.co\/Revista\/wp-json\/wp\/v2\/media?parent=2625"}],"wp:term":[{"taxonomy":"category","embeddable":true,"href":"https:\/\/tuguia.combarranquilla.co\/Revista\/wp-json\/wp\/v2\/categories?post=2625"},{"taxonomy":"post_tag","embeddable":true,"href":"https:\/\/tuguia.combarranquilla.co\/Revista\/wp-json\/wp\/v2\/tags?post=2625"}],"curies":[{"name":"wp","href":"https:\/\/api.w.org\/{rel}","templated":true}]}}