{"id":2672,"date":"2023-09-05T16:50:52","date_gmt":"2023-09-05T21:50:52","guid":{"rendered":"https:\/\/tuguia.combarranquilla.co\/Revista\/?p=2672"},"modified":"2023-09-13T10:50:43","modified_gmt":"2023-09-13T15:50:43","slug":"preparate-para-nuestro-festival-italiano-diversos-sabores-en-un-solo-lugar","status":"publish","type":"post","link":"https:\/\/tuguia.combarranquilla.co\/Revista\/preparate-para-nuestro-festival-italiano-diversos-sabores-en-un-solo-lugar\/","title":{"rendered":"Prep\u00e1rate para nuestro Festival italiano, diversos sabores en un solo lugar."},"content":{"rendered":"\n<p class=\"has-text-align-center\" style=\"font-size:30px\">El sabor italiano se toma nuestro restaurante Mirador con deliciosos, exquisitos y aut\u00e9nticos platos preparados por nuestro chef\ud83c\udf55\ud83d\udc68\ud83c\udffb\u200d\ud83c\udf73<\/p>\n\n\n<div class=\"wp-block-image\">\n<figure class=\"aligncenter size-large\"><img decoding=\"async\" width=\"819\" height=\"1024\" data-src=\"https:\/\/tuguia.combarranquilla.co\/Revista\/wp-content\/uploads\/2023\/09\/comida-italiana-1-819x1024.jpg\" alt=\"\" class=\"wp-image-2681 lazyload\" data-srcset=\"https:\/\/tuguia.combarranquilla.co\/Revista\/wp-content\/uploads\/2023\/09\/comida-italiana-1-819x1024.jpg 819w, https:\/\/tuguia.combarranquilla.co\/Revista\/wp-content\/uploads\/2023\/09\/comida-italiana-1-240x300.jpg 240w, https:\/\/tuguia.combarranquilla.co\/Revista\/wp-content\/uploads\/2023\/09\/comida-italiana-1-768x960.jpg 768w, https:\/\/tuguia.combarranquilla.co\/Revista\/wp-content\/uploads\/2023\/09\/comida-italiana-1-1229x1536.jpg 1229w, https:\/\/tuguia.combarranquilla.co\/Revista\/wp-content\/uploads\/2023\/09\/comida-italiana-1-1638x2048.jpg 1638w, https:\/\/tuguia.combarranquilla.co\/Revista\/wp-content\/uploads\/2023\/09\/comida-italiana-1-scaled.jpg 2048w\" data-sizes=\"(max-width: 819px) 100vw, 819px\" src=\"data:image\/svg+xml;base64,PHN2ZyB3aWR0aD0iMSIgaGVpZ2h0PSIxIiB4bWxucz0iaHR0cDovL3d3dy53My5vcmcvMjAwMC9zdmciPjwvc3ZnPg==\" style=\"--smush-placeholder-width: 819px; --smush-placeholder-aspect-ratio: 819\/1024;\" \/><\/figure><\/div>\n\n\n<p class=\"has-text-align-center\" style=\"font-size:23px\">\u00a1Es tu oportunidad de deleitarte con la exquisita gastronom\u00eda italiana! Ven a nuestro festival gastron\u00f3mico y disfruta una experiencia inolvidable \ud83d\ude0b<\/p>\n\n\n\n<p class=\"has-text-align-center\" style=\"font-size:23px\"><strong>\ud83d\udcc5 Fecha: <\/strong>del 14 al 17 de septiembre<br><strong>\u23f0 Hora:<\/strong> Desde las 12:00 m.<br><strong>\ud83d\udccd Lugar:<\/strong> Restaurante Mirador del R\u00edo | Unidad Country, Tercer Piso.<\/p>\n\n\n\n<div class=\"wp-block-columns is-layout-flex wp-container-core-columns-is-layout-9d6595d7 wp-block-columns-is-layout-flex\">\n<div class=\"wp-block-column is-layout-flow wp-block-column-is-layout-flow\">\n<div class=\"wp-block-media-text is-stacked-on-mobile\"><figure class=\"wp-block-media-text__media\"><video controls src=\"https:\/\/tuguia.combarranquilla.co\/Revista\/wp-content\/uploads\/2023\/09\/4b4c3b2dd5b54e7faaf15cd83242ce6b-1.mov\"><\/video><\/figure><div class=\"wp-block-media-text__content\">\n<p class=\"has-text-align-center\" style=\"font-size:43px\"><strong>El mes ideal para compartir juntos momentos especiales y con la mejor comida. \ud83d\udc9a\ud83c\udf1e<\/strong><\/p>\n<\/div><\/div>\n<\/div>\n<\/div>\n\n\n\n<p class=\"has-text-align-center\" style=\"font-size:24px\"><\/p>\n\n\n<div class=\"wp-block-image\">\n<figure class=\"aligncenter size-full is-resized\"><img decoding=\"async\" data-src=\"https:\/\/tuguia.combarranquilla.co\/Revista\/wp-content\/uploads\/2023\/09\/Captura-comida-italiana.png\" alt=\"\" class=\"wp-image-2674 lazyload\" style=\"--smush-placeholder-width: 740px; --smush-placeholder-aspect-ratio: 740\/1070;width:740px;height:1070px\" width=\"740\" height=\"1070\" data-srcset=\"https:\/\/tuguia.combarranquilla.co\/Revista\/wp-content\/uploads\/2023\/09\/Captura-comida-italiana.png 419w, https:\/\/tuguia.combarranquilla.co\/Revista\/wp-content\/uploads\/2023\/09\/Captura-comida-italiana-207x300.png 207w\" data-sizes=\"(max-width: 740px) 100vw, 740px\" src=\"data:image\/svg+xml;base64,PHN2ZyB3aWR0aD0iMSIgaGVpZ2h0PSIxIiB4bWxucz0iaHR0cDovL3d3dy53My5vcmcvMjAwMC9zdmciPjwvc3ZnPg==\" \/><\/figure><\/div>","protected":false},"excerpt":{"rendered":"<p>El sabor italiano se toma nuestro restaurante Mirador con deliciosos, exquisitos y aut\u00e9nticos platos preparados por nuestro chef\ud83c\udf55\ud83d\udc68\ud83c\udffb\u200d\ud83c\udf73 \u00a1Es tu oportunidad de deleitarte con la exquisita gastronom\u00eda italiana! Ven a nuestro festival gastron\u00f3mico y disfruta una experiencia inolvidable \ud83d\ude0b \ud83d\udcc5 Fecha: del 14 al 17 de septiembre\u23f0 Hora: Desde las 12:00 m.\ud83d\udccd Lugar: Restaurante Mirador [&hellip;]<\/p>\n","protected":false},"author":2,"featured_media":2682,"comment_status":"open","ping_status":"open","sticky":false,"template":"","format":"standard","meta":{"inline_featured_image":false,"footnotes":""},"categories":[3],"tags":[],"class_list":["post-2672","post","type-post","status-publish","format-standard","has-post-thumbnail","hentry","category-mirador-gastronomico"],"yoast_head":"<!-- This site is optimized with the Yoast SEO plugin v27.4 - https:\/\/yoast.com\/product\/yoast-seo-wordpress\/ -->\n<title>Prep\u00e1rate para nuestro Festival italiano, diversos sabores en un solo lugar. - Tu Gu\u00eda<\/title>\n<meta name=\"robots\" content=\"index, follow, max-snippet:-1, max-image-preview:large, max-video-preview:-1\" \/>\n<link rel=\"canonical\" href=\"https:\/\/tuguia.combarranquilla.co\/Revista\/preparate-para-nuestro-festival-italiano-diversos-sabores-en-un-solo-lugar\/\" \/>\n<meta property=\"og:locale\" content=\"es_ES\" \/>\n<meta property=\"og:type\" content=\"article\" \/>\n<meta property=\"og:title\" content=\"Prep\u00e1rate para nuestro Festival italiano, diversos sabores en un solo lugar. - Tu Gu\u00eda\" \/>\n<meta property=\"og:description\" content=\"El sabor italiano se toma nuestro restaurante Mirador con deliciosos, exquisitos y aut\u00e9nticos platos preparados por nuestro chef\ud83c\udf55\ud83d\udc68\ud83c\udffb\u200d\ud83c\udf73 \u00a1Es tu oportunidad de deleitarte con la exquisita gastronom\u00eda italiana! Ven a nuestro festival gastron\u00f3mico y disfruta una experiencia inolvidable \ud83d\ude0b \ud83d\udcc5 Fecha: del 14 al 17 de septiembre\u23f0 Hora: Desde las 12:00 m.\ud83d\udccd Lugar: Restaurante Mirador [&hellip;]\" \/>\n<meta property=\"og:url\" content=\"https:\/\/tuguia.combarranquilla.co\/Revista\/preparate-para-nuestro-festival-italiano-diversos-sabores-en-un-solo-lugar\/\" \/>\n<meta property=\"og:site_name\" content=\"Tu Gu\u00eda\" \/>\n<meta property=\"article:published_time\" content=\"2023-09-05T21:50:52+00:00\" \/>\n<meta property=\"article:modified_time\" content=\"2023-09-13T15:50:43+00:00\" \/>\n<meta property=\"og:image\" content=\"https:\/\/tuguia.combarranquilla.co\/Revista\/wp-content\/uploads\/2023\/09\/IMG_9728-scaled.jpeg\" \/>\n\t<meta property=\"og:image:width\" content=\"2560\" \/>\n\t<meta property=\"og:image:height\" content=\"1920\" \/>\n\t<meta property=\"og:image:type\" content=\"image\/jpeg\" \/>\n<meta name=\"author\" content=\"Comunicaciones Combarranquilla\" \/>\n<meta name=\"twitter:card\" content=\"summary_large_image\" \/>\n<meta name=\"twitter:label1\" content=\"Escrito por\" \/>\n\t<meta name=\"twitter:data1\" content=\"Comunicaciones Combarranquilla\" \/>\n<script type=\"application\/ld+json\" class=\"yoast-schema-graph\">{\"@context\":\"https:\\\/\\\/schema.org\",\"@graph\":[{\"@type\":\"Article\",\"@id\":\"https:\\\/\\\/tuguia.combarranquilla.co\\\/Revista\\\/preparate-para-nuestro-festival-italiano-diversos-sabores-en-un-solo-lugar\\\/#article\",\"isPartOf\":{\"@id\":\"https:\\\/\\\/tuguia.combarranquilla.co\\\/Revista\\\/preparate-para-nuestro-festival-italiano-diversos-sabores-en-un-solo-lugar\\\/\"},\"author\":{\"name\":\"Comunicaciones Combarranquilla\",\"@id\":\"https:\\\/\\\/tuguia.combarranquilla.co\\\/Revista\\\/#\\\/schema\\\/person\\\/c2c396a77170bd1d5f8ba73294eb0d10\"},\"headline\":\"Prep\u00e1rate para nuestro Festival italiano, diversos sabores en un solo lugar.\",\"datePublished\":\"2023-09-05T21:50:52+00:00\",\"dateModified\":\"2023-09-13T15:50:43+00:00\",\"mainEntityOfPage\":{\"@id\":\"https:\\\/\\\/tuguia.combarranquilla.co\\\/Revista\\\/preparate-para-nuestro-festival-italiano-diversos-sabores-en-un-solo-lugar\\\/\"},\"wordCount\":85,\"commentCount\":0,\"publisher\":{\"@id\":\"https:\\\/\\\/tuguia.combarranquilla.co\\\/Revista\\\/#organization\"},\"image\":{\"@id\":\"https:\\\/\\\/tuguia.combarranquilla.co\\\/Revista\\\/preparate-para-nuestro-festival-italiano-diversos-sabores-en-un-solo-lugar\\\/#primaryimage\"},\"thumbnailUrl\":\"https:\\\/\\\/tuguia.combarranquilla.co\\\/Revista\\\/wp-content\\\/uploads\\\/2023\\\/09\\\/IMG_9728-scaled.jpeg\",\"articleSection\":[\"MIRADOR GASTRON\u00d3MICO\"],\"inLanguage\":\"es-CO\",\"potentialAction\":[{\"@type\":\"CommentAction\",\"name\":\"Comment\",\"target\":[\"https:\\\/\\\/tuguia.combarranquilla.co\\\/Revista\\\/preparate-para-nuestro-festival-italiano-diversos-sabores-en-un-solo-lugar\\\/#respond\"]}]},{\"@type\":\"WebPage\",\"@id\":\"https:\\\/\\\/tuguia.combarranquilla.co\\\/Revista\\\/preparate-para-nuestro-festival-italiano-diversos-sabores-en-un-solo-lugar\\\/\",\"url\":\"https:\\\/\\\/tuguia.combarranquilla.co\\\/Revista\\\/preparate-para-nuestro-festival-italiano-diversos-sabores-en-un-solo-lugar\\\/\",\"name\":\"Prep\u00e1rate para nuestro Festival italiano, diversos sabores en un solo lugar. - Tu Gu\u00eda\",\"isPartOf\":{\"@id\":\"https:\\\/\\\/tuguia.combarranquilla.co\\\/Revista\\\/#website\"},\"primaryImageOfPage\":{\"@id\":\"https:\\\/\\\/tuguia.combarranquilla.co\\\/Revista\\\/preparate-para-nuestro-festival-italiano-diversos-sabores-en-un-solo-lugar\\\/#primaryimage\"},\"image\":{\"@id\":\"https:\\\/\\\/tuguia.combarranquilla.co\\\/Revista\\\/preparate-para-nuestro-festival-italiano-diversos-sabores-en-un-solo-lugar\\\/#primaryimage\"},\"thumbnailUrl\":\"https:\\\/\\\/tuguia.combarranquilla.co\\\/Revista\\\/wp-content\\\/uploads\\\/2023\\\/09\\\/IMG_9728-scaled.jpeg\",\"datePublished\":\"2023-09-05T21:50:52+00:00\",\"dateModified\":\"2023-09-13T15:50:43+00:00\",\"breadcrumb\":{\"@id\":\"https:\\\/\\\/tuguia.combarranquilla.co\\\/Revista\\\/preparate-para-nuestro-festival-italiano-diversos-sabores-en-un-solo-lugar\\\/#breadcrumb\"},\"inLanguage\":\"es-CO\",\"potentialAction\":[{\"@type\":\"ReadAction\",\"target\":[\"https:\\\/\\\/tuguia.combarranquilla.co\\\/Revista\\\/preparate-para-nuestro-festival-italiano-diversos-sabores-en-un-solo-lugar\\\/\"]}]},{\"@type\":\"ImageObject\",\"inLanguage\":\"es-CO\",\"@id\":\"https:\\\/\\\/tuguia.combarranquilla.co\\\/Revista\\\/preparate-para-nuestro-festival-italiano-diversos-sabores-en-un-solo-lugar\\\/#primaryimage\",\"url\":\"https:\\\/\\\/tuguia.combarranquilla.co\\\/Revista\\\/wp-content\\\/uploads\\\/2023\\\/09\\\/IMG_9728-scaled.jpeg\",\"contentUrl\":\"https:\\\/\\\/tuguia.combarranquilla.co\\\/Revista\\\/wp-content\\\/uploads\\\/2023\\\/09\\\/IMG_9728-scaled.jpeg\",\"width\":2560,\"height\":1920},{\"@type\":\"BreadcrumbList\",\"@id\":\"https:\\\/\\\/tuguia.combarranquilla.co\\\/Revista\\\/preparate-para-nuestro-festival-italiano-diversos-sabores-en-un-solo-lugar\\\/#breadcrumb\",\"itemListElement\":[{\"@type\":\"ListItem\",\"position\":1,\"name\":\"Inicio\",\"item\":\"https:\\\/\\\/tuguia.combarranquilla.co\\\/Revista\\\/\"},{\"@type\":\"ListItem\",\"position\":2,\"name\":\"Prep\u00e1rate para nuestro Festival italiano, diversos sabores en un solo lugar.\"}]},{\"@type\":\"WebSite\",\"@id\":\"https:\\\/\\\/tuguia.combarranquilla.co\\\/Revista\\\/#website\",\"url\":\"https:\\\/\\\/tuguia.combarranquilla.co\\\/Revista\\\/\",\"name\":\"Tu Gu\u00eda\",\"description\":\"La revista donde lo tienes todo.\",\"publisher\":{\"@id\":\"https:\\\/\\\/tuguia.combarranquilla.co\\\/Revista\\\/#organization\"},\"alternateName\":\"Tu Gu\u00eda Combarranquilla\",\"potentialAction\":[{\"@type\":\"SearchAction\",\"target\":{\"@type\":\"EntryPoint\",\"urlTemplate\":\"https:\\\/\\\/tuguia.combarranquilla.co\\\/Revista\\\/?s={search_term_string}\"},\"query-input\":{\"@type\":\"PropertyValueSpecification\",\"valueRequired\":true,\"valueName\":\"search_term_string\"}}],\"inLanguage\":\"es-CO\"},{\"@type\":\"Organization\",\"@id\":\"https:\\\/\\\/tuguia.combarranquilla.co\\\/Revista\\\/#organization\",\"name\":\"Tu Gu\u00eda Combarranquilla\",\"url\":\"https:\\\/\\\/tuguia.combarranquilla.co\\\/Revista\\\/\",\"logo\":{\"@type\":\"ImageObject\",\"inLanguage\":\"es-CO\",\"@id\":\"https:\\\/\\\/tuguia.combarranquilla.co\\\/Revista\\\/#\\\/schema\\\/logo\\\/image\\\/\",\"url\":\"https:\\\/\\\/tuguia.combarranquilla.co\\\/Revista\\\/wp-content\\\/uploads\\\/2022\\\/02\\\/logo-guia-combarranquilla.svg\",\"contentUrl\":\"https:\\\/\\\/tuguia.combarranquilla.co\\\/Revista\\\/wp-content\\\/uploads\\\/2022\\\/02\\\/logo-guia-combarranquilla.svg\",\"caption\":\"Tu Gu\u00eda Combarranquilla\"},\"image\":{\"@id\":\"https:\\\/\\\/tuguia.combarranquilla.co\\\/Revista\\\/#\\\/schema\\\/logo\\\/image\\\/\"}},{\"@type\":\"Person\",\"@id\":\"https:\\\/\\\/tuguia.combarranquilla.co\\\/Revista\\\/#\\\/schema\\\/person\\\/c2c396a77170bd1d5f8ba73294eb0d10\",\"name\":\"Comunicaciones Combarranquilla\",\"image\":{\"@type\":\"ImageObject\",\"inLanguage\":\"es-CO\",\"@id\":\"https:\\\/\\\/tuguia.combarranquilla.co\\\/Revista\\\/wp-content\\\/uploads\\\/2025\\\/05\\\/ABC-Al-Rojo-Logo-96x96.jpg\",\"url\":\"https:\\\/\\\/tuguia.combarranquilla.co\\\/Revista\\\/wp-content\\\/uploads\\\/2025\\\/05\\\/ABC-Al-Rojo-Logo-96x96.jpg\",\"contentUrl\":\"https:\\\/\\\/tuguia.combarranquilla.co\\\/Revista\\\/wp-content\\\/uploads\\\/2025\\\/05\\\/ABC-Al-Rojo-Logo-96x96.jpg\",\"caption\":\"Comunicaciones Combarranquilla\"},\"sameAs\":[\"https:\\\/\\\/www.combarranquilla.co\"],\"url\":\"https:\\\/\\\/tuguia.combarranquilla.co\\\/Revista\\\/author\\\/comunicaciones\\\/\"}]}<\/script>\n<!-- \/ Yoast SEO plugin. -->","yoast_head_json":{"title":"Prep\u00e1rate para nuestro Festival italiano, diversos sabores en un solo lugar. - Tu Gu\u00eda","robots":{"index":"index","follow":"follow","max-snippet":"max-snippet:-1","max-image-preview":"max-image-preview:large","max-video-preview":"max-video-preview:-1"},"canonical":"https:\/\/tuguia.combarranquilla.co\/Revista\/preparate-para-nuestro-festival-italiano-diversos-sabores-en-un-solo-lugar\/","og_locale":"es_ES","og_type":"article","og_title":"Prep\u00e1rate para nuestro Festival italiano, diversos sabores en un solo lugar. - Tu Gu\u00eda","og_description":"El sabor italiano se toma nuestro restaurante Mirador con deliciosos, exquisitos y aut\u00e9nticos platos preparados por nuestro chef\ud83c\udf55\ud83d\udc68\ud83c\udffb\u200d\ud83c\udf73 \u00a1Es tu oportunidad de deleitarte con la exquisita gastronom\u00eda italiana! Ven a nuestro festival gastron\u00f3mico y disfruta una experiencia inolvidable \ud83d\ude0b \ud83d\udcc5 Fecha: del 14 al 17 de septiembre\u23f0 Hora: Desde las 12:00 m.\ud83d\udccd Lugar: Restaurante Mirador [&hellip;]","og_url":"https:\/\/tuguia.combarranquilla.co\/Revista\/preparate-para-nuestro-festival-italiano-diversos-sabores-en-un-solo-lugar\/","og_site_name":"Tu Gu\u00eda","article_published_time":"2023-09-05T21:50:52+00:00","article_modified_time":"2023-09-13T15:50:43+00:00","og_image":[{"width":2560,"height":1920,"url":"https:\/\/tuguia.combarranquilla.co\/Revista\/wp-content\/uploads\/2023\/09\/IMG_9728-scaled.jpeg","type":"image\/jpeg"}],"author":"Comunicaciones Combarranquilla","twitter_card":"summary_large_image","twitter_misc":{"Escrito por":"Comunicaciones Combarranquilla"},"schema":{"@context":"https:\/\/schema.org","@graph":[{"@type":"Article","@id":"https:\/\/tuguia.combarranquilla.co\/Revista\/preparate-para-nuestro-festival-italiano-diversos-sabores-en-un-solo-lugar\/#article","isPartOf":{"@id":"https:\/\/tuguia.combarranquilla.co\/Revista\/preparate-para-nuestro-festival-italiano-diversos-sabores-en-un-solo-lugar\/"},"author":{"name":"Comunicaciones Combarranquilla","@id":"https:\/\/tuguia.combarranquilla.co\/Revista\/#\/schema\/person\/c2c396a77170bd1d5f8ba73294eb0d10"},"headline":"Prep\u00e1rate para nuestro Festival italiano, diversos sabores en un solo lugar.","datePublished":"2023-09-05T21:50:52+00:00","dateModified":"2023-09-13T15:50:43+00:00","mainEntityOfPage":{"@id":"https:\/\/tuguia.combarranquilla.co\/Revista\/preparate-para-nuestro-festival-italiano-diversos-sabores-en-un-solo-lugar\/"},"wordCount":85,"commentCount":0,"publisher":{"@id":"https:\/\/tuguia.combarranquilla.co\/Revista\/#organization"},"image":{"@id":"https:\/\/tuguia.combarranquilla.co\/Revista\/preparate-para-nuestro-festival-italiano-diversos-sabores-en-un-solo-lugar\/#primaryimage"},"thumbnailUrl":"https:\/\/tuguia.combarranquilla.co\/Revista\/wp-content\/uploads\/2023\/09\/IMG_9728-scaled.jpeg","articleSection":["MIRADOR GASTRON\u00d3MICO"],"inLanguage":"es-CO","potentialAction":[{"@type":"CommentAction","name":"Comment","target":["https:\/\/tuguia.combarranquilla.co\/Revista\/preparate-para-nuestro-festival-italiano-diversos-sabores-en-un-solo-lugar\/#respond"]}]},{"@type":"WebPage","@id":"https:\/\/tuguia.combarranquilla.co\/Revista\/preparate-para-nuestro-festival-italiano-diversos-sabores-en-un-solo-lugar\/","url":"https:\/\/tuguia.combarranquilla.co\/Revista\/preparate-para-nuestro-festival-italiano-diversos-sabores-en-un-solo-lugar\/","name":"Prep\u00e1rate para nuestro Festival italiano, diversos sabores en un solo lugar. - Tu Gu\u00eda","isPartOf":{"@id":"https:\/\/tuguia.combarranquilla.co\/Revista\/#website"},"primaryImageOfPage":{"@id":"https:\/\/tuguia.combarranquilla.co\/Revista\/preparate-para-nuestro-festival-italiano-diversos-sabores-en-un-solo-lugar\/#primaryimage"},"image":{"@id":"https:\/\/tuguia.combarranquilla.co\/Revista\/preparate-para-nuestro-festival-italiano-diversos-sabores-en-un-solo-lugar\/#primaryimage"},"thumbnailUrl":"https:\/\/tuguia.combarranquilla.co\/Revista\/wp-content\/uploads\/2023\/09\/IMG_9728-scaled.jpeg","datePublished":"2023-09-05T21:50:52+00:00","dateModified":"2023-09-13T15:50:43+00:00","breadcrumb":{"@id":"https:\/\/tuguia.combarranquilla.co\/Revista\/preparate-para-nuestro-festival-italiano-diversos-sabores-en-un-solo-lugar\/#breadcrumb"},"inLanguage":"es-CO","potentialAction":[{"@type":"ReadAction","target":["https:\/\/tuguia.combarranquilla.co\/Revista\/preparate-para-nuestro-festival-italiano-diversos-sabores-en-un-solo-lugar\/"]}]},{"@type":"ImageObject","inLanguage":"es-CO","@id":"https:\/\/tuguia.combarranquilla.co\/Revista\/preparate-para-nuestro-festival-italiano-diversos-sabores-en-un-solo-lugar\/#primaryimage","url":"https:\/\/tuguia.combarranquilla.co\/Revista\/wp-content\/uploads\/2023\/09\/IMG_9728-scaled.jpeg","contentUrl":"https:\/\/tuguia.combarranquilla.co\/Revista\/wp-content\/uploads\/2023\/09\/IMG_9728-scaled.jpeg","width":2560,"height":1920},{"@type":"BreadcrumbList","@id":"https:\/\/tuguia.combarranquilla.co\/Revista\/preparate-para-nuestro-festival-italiano-diversos-sabores-en-un-solo-lugar\/#breadcrumb","itemListElement":[{"@type":"ListItem","position":1,"name":"Inicio","item":"https:\/\/tuguia.combarranquilla.co\/Revista\/"},{"@type":"ListItem","position":2,"name":"Prep\u00e1rate para nuestro Festival italiano, diversos sabores en un solo lugar."}]},{"@type":"WebSite","@id":"https:\/\/tuguia.combarranquilla.co\/Revista\/#website","url":"https:\/\/tuguia.combarranquilla.co\/Revista\/","name":"Tu Gu\u00eda","description":"La revista donde lo tienes todo.","publisher":{"@id":"https:\/\/tuguia.combarranquilla.co\/Revista\/#organization"},"alternateName":"Tu Gu\u00eda Combarranquilla","potentialAction":[{"@type":"SearchAction","target":{"@type":"EntryPoint","urlTemplate":"https:\/\/tuguia.combarranquilla.co\/Revista\/?s={search_term_string}"},"query-input":{"@type":"PropertyValueSpecification","valueRequired":true,"valueName":"search_term_string"}}],"inLanguage":"es-CO"},{"@type":"Organization","@id":"https:\/\/tuguia.combarranquilla.co\/Revista\/#organization","name":"Tu Gu\u00eda Combarranquilla","url":"https:\/\/tuguia.combarranquilla.co\/Revista\/","logo":{"@type":"ImageObject","inLanguage":"es-CO","@id":"https:\/\/tuguia.combarranquilla.co\/Revista\/#\/schema\/logo\/image\/","url":"https:\/\/tuguia.combarranquilla.co\/Revista\/wp-content\/uploads\/2022\/02\/logo-guia-combarranquilla.svg","contentUrl":"https:\/\/tuguia.combarranquilla.co\/Revista\/wp-content\/uploads\/2022\/02\/logo-guia-combarranquilla.svg","caption":"Tu Gu\u00eda Combarranquilla"},"image":{"@id":"https:\/\/tuguia.combarranquilla.co\/Revista\/#\/schema\/logo\/image\/"}},{"@type":"Person","@id":"https:\/\/tuguia.combarranquilla.co\/Revista\/#\/schema\/person\/c2c396a77170bd1d5f8ba73294eb0d10","name":"Comunicaciones Combarranquilla","image":{"@type":"ImageObject","inLanguage":"es-CO","@id":"https:\/\/tuguia.combarranquilla.co\/Revista\/wp-content\/uploads\/2025\/05\/ABC-Al-Rojo-Logo-96x96.jpg","url":"https:\/\/tuguia.combarranquilla.co\/Revista\/wp-content\/uploads\/2025\/05\/ABC-Al-Rojo-Logo-96x96.jpg","contentUrl":"https:\/\/tuguia.combarranquilla.co\/Revista\/wp-content\/uploads\/2025\/05\/ABC-Al-Rojo-Logo-96x96.jpg","caption":"Comunicaciones Combarranquilla"},"sameAs":["https:\/\/www.combarranquilla.co"],"url":"https:\/\/tuguia.combarranquilla.co\/Revista\/author\/comunicaciones\/"}]}},"_links":{"self":[{"href":"https:\/\/tuguia.combarranquilla.co\/Revista\/wp-json\/wp\/v2\/posts\/2672","targetHints":{"allow":["GET"]}}],"collection":[{"href":"https:\/\/tuguia.combarranquilla.co\/Revista\/wp-json\/wp\/v2\/posts"}],"about":[{"href":"https:\/\/tuguia.combarranquilla.co\/Revista\/wp-json\/wp\/v2\/types\/post"}],"author":[{"embeddable":true,"href":"https:\/\/tuguia.combarranquilla.co\/Revista\/wp-json\/wp\/v2\/users\/2"}],"replies":[{"embeddable":true,"href":"https:\/\/tuguia.combarranquilla.co\/Revista\/wp-json\/wp\/v2\/comments?post=2672"}],"version-history":[{"count":7,"href":"https:\/\/tuguia.combarranquilla.co\/Revista\/wp-json\/wp\/v2\/posts\/2672\/revisions"}],"predecessor-version":[{"id":2690,"href":"https:\/\/tuguia.combarranquilla.co\/Revista\/wp-json\/wp\/v2\/posts\/2672\/revisions\/2690"}],"wp:featuredmedia":[{"embeddable":true,"href":"https:\/\/tuguia.combarranquilla.co\/Revista\/wp-json\/wp\/v2\/media\/2682"}],"wp:attachment":[{"href":"https:\/\/tuguia.combarranquilla.co\/Revista\/wp-json\/wp\/v2\/media?parent=2672"}],"wp:term":[{"taxonomy":"category","embeddable":true,"href":"https:\/\/tuguia.combarranquilla.co\/Revista\/wp-json\/wp\/v2\/categories?post=2672"},{"taxonomy":"post_tag","embeddable":true,"href":"https:\/\/tuguia.combarranquilla.co\/Revista\/wp-json\/wp\/v2\/tags?post=2672"}],"curies":[{"name":"wp","href":"https:\/\/api.w.org\/{rel}","templated":true}]}}