{"id":2705,"date":"2023-09-05T13:58:52","date_gmt":"2023-09-05T18:58:52","guid":{"rendered":"https:\/\/tuguia.combarranquilla.co\/Revista\/?p=2705"},"modified":"2023-09-25T14:28:45","modified_gmt":"2023-09-25T19:28:45","slug":"programate-en-este-mes-de-septiembre-y-aprovecha-las-oportunidades-de-seguir-creciendo-en-el-ambito-educativo","status":"publish","type":"post","link":"https:\/\/tuguia.combarranquilla.co\/Revista\/programate-en-este-mes-de-septiembre-y-aprovecha-las-oportunidades-de-seguir-creciendo-en-el-ambito-educativo\/","title":{"rendered":"Progr\u00e1mate en este mes de septiembre y aprovecha las oportunidades de seguir creciendo en el \u00e1mbito educativo."},"content":{"rendered":"\n<h2 class=\"wp-block-heading\">Desde el Centro de Formaci\u00f3n buscamos fortalecer las competencias e incentivar a j\u00f3venes y adultos a seguir forjando su camino profesional. <\/h2>\n\n\n\n<p>En este mes de septiembre ofrecemos cursos, talleres y diplomados para afiliados y no afiliados con el fin de que sigan vigorizando esos talentos y\/o conocimientos. <\/p>\n\n\n\n<p class=\"has-text-align-center\"><strong>OCUPACIONALES<\/strong><\/p>\n\n\n\n<ul class=\"wp-block-list\">\n<li>Taller de creaci\u00f3n de velas <\/li>\n<\/ul>\n\n\n\n<p>La docente <strong><em>Silvana Samper, <\/em><\/strong>te ense\u00f1ar\u00e1 <em>a crear velas con cera de palma, utilizando diferentes aromas, colorantes, toppings y moldes que producen sensaci\u00f3n de bienestar y relajaci\u00f3n. <\/em><\/p>\n\n\n\n<div class=\"wp-block-group\"><div class=\"wp-block-group__inner-container is-layout-constrained wp-block-group-is-layout-constrained\">\n<p><strong>Tarifas: <\/strong>Categor\u00eda A: $167.900 Categor\u00eda B: $188.900 Categor\u00eda C: $221.000 No afiliado: $262.400 <\/p>\n\n\n\n<p><strong>Lugar: <\/strong>Unidad Country <strong>Duraci\u00f3n:<\/strong> 4 horas <strong>INCLUYE MATERIALES<\/strong><\/p>\n<\/div><\/div>\n\n\n\n<ul class=\"wp-block-list\">\n<li>Taller de maquillaje Smokey Eyes <\/li>\n<\/ul>\n\n\n\n<p><strong><em>Kiki Gonz\u00e1les,<\/em><\/strong> maquilladora profesional, con amplia experiencia en maquillaje social y art\u00edstico, ense\u00f1ar\u00e1 la t\u00e9cnica de la banana para un ahumado de ojos espectacular con el fin de conseguir una mirada sofisticada. <\/p>\n\n\n\n<p><strong>Tarifas: <\/strong>Categor\u00eda A: $41.500 Categor\u00eda B: $46.600 Categor\u00eda C: $54.500 No afiliado: $64.800 <\/p>\n\n\n\n<p><strong>Lugar: <\/strong>Unidad Boston <strong>Duraci\u00f3n:<\/strong> 2 horas <strong>NO INCLUYE MATERIALES<\/strong><\/p>\n\n\n\n<p class=\"has-text-align-center\"><strong>CONFERENCIA<\/strong><\/p>\n\n\n\n<div class=\"wp-block-columns is-layout-flex wp-container-core-columns-is-layout-9d6595d7 wp-block-columns-is-layout-flex\">\n<div class=\"wp-block-column is-layout-flow wp-block-column-is-layout-flow\">\n<p><\/p>\n\n\n\n<p style=\"font-size:18px\"><strong>Conferencia la dieta del P&amp;G por Antonia Canales<\/strong>  Durante este espacio aprender\u00e1s sobre gratitud y todo frente a los desaf\u00edos, entendi\u00e9ndolos como grandes ense\u00f1anzas de vida y la materia prima para los l\u00edderes del futuro.<\/p>\n\n\n\n<p><strong>Tarifas: <\/strong>Afiliados: $45.000 No afiliados: $55.000 <\/p>\n\n\n\n<p><strong>Lugar: <\/strong>Centro de convenciones, Unidad Country <strong>Duraci\u00f3n:<\/strong> 90 minutos <\/p>\n<\/div>\n\n\n\n<div class=\"wp-block-column is-layout-flow wp-block-column-is-layout-flow\">\n<p style=\"font-size:18px\"><\/p>\n\n\n\n<figure class=\"wp-block-video\"><video controls src=\"https:\/\/tuguia.combarranquilla.co\/Revista\/wp-content\/uploads\/2023\/09\/713937fe-d07b-4ced-ad05-1d4a91b99335-2.mp4\"><\/video><\/figure>\n<\/div>\n<\/div>\n\n\n\n<p class=\"has-text-align-center\"><strong>DIPLOMADO<\/strong><\/p>\n\n\n\n<ul class=\"wp-block-list\">\n<li>Gerencia Estrat\u00e9gica <\/li>\n<\/ul>\n\n\n\n<p>Durante este diplomado aprender\u00e1s habilidades y competencias gerenciales que te permitir\u00e1n como l\u00edder en una organizaci\u00f3n tomar decisiones que contribuyan a plantear nuevos modelos de negocio para el desarrollo de planes integrales. <\/p>\n\n\n\n<p><strong>Modulo 1: <\/strong>Gerencia estrat\u00e9gica<br><strong>Modulo 2:<\/strong> Gerencia comercial<br><strong>Modulo 3:<\/strong> Gerencia y gesti\u00f3n en KPI<br><strong>Modulo 4: <\/strong>Gerencia financiera<br><strong>Modulo 5: <\/strong>Gerencia del talento humano<br><strong>Modulo 6: <\/strong>Coaching gerencial<\/p>\n\n\n\n<p><strong>Tarifas: <\/strong>Categor\u00eda A: $760.200 Categor\u00eda B: $855.100 Categor\u00eda C: $1.019.600 No afiliado: $1.383.600 <\/p>\n\n\n\n<p class=\"has-text-align-center\"><strong>SEMINARIO<\/strong><\/p>\n\n\n\n<ul class=\"wp-block-list\">\n<li>Customer Experience, Construyendo experiencias memorables. <\/li>\n<\/ul>\n\n\n\n<p><strong><em>El conferencista, Marcos Palma<\/em><\/strong> con amplia experiencia en el dise\u00f1o e implementaci\u00f3n de estrategias de relacionamiento con clientes, ense\u00f1ar\u00e1 las herramientas y estrategias pr\u00e1cticas y efectivas para crear experiencias memorables y relaciones duraders con tus clientes, generando lealtad y fidelidad a largo plazo. <\/p>\n\n\n\n<p><strong>Tarifas: <\/strong>Categor\u00eda A: $121.500 Categor\u00eda B: $138.800 Categor\u00eda C: $182.600 No afiliado: $247.900 <\/p>\n\n\n\n<p><strong>Lugar: <\/strong>Unidad Country <strong>Duraci\u00f3n:<\/strong> 16 horas<\/p>\n\n\n\n<p><\/p>\n\n\n\n<p><strong>Si deseas m\u00e1s informaci\u00f3n sobre los talleres, seminarios, conferencias y\/o diplomado puedes comunicarte a 3225049 ext. 1231-1232-1233-1236-1237 <\/strong><\/p>\n","protected":false},"excerpt":{"rendered":"<p>Desde el Centro de Formaci\u00f3n buscamos fortalecer las competencias e incentivar a j\u00f3venes y adultos a seguir forjando su camino profesional. En este mes de septiembre ofrecemos cursos, talleres y diplomados para afiliados y no afiliados con el fin de que sigan vigorizando esos talentos y\/o conocimientos. OCUPACIONALES La docente Silvana Samper, te ense\u00f1ar\u00e1 a [&hellip;]<\/p>\n","protected":false},"author":2,"featured_media":2706,"comment_status":"open","ping_status":"open","sticky":false,"template":"","format":"standard","meta":{"inline_featured_image":false,"footnotes":""},"categories":[8],"tags":[],"class_list":["post-2705","post","type-post","status-publish","format-standard","has-post-thumbnail","hentry","category-formacion"],"yoast_head":"<!-- This site is optimized with the Yoast SEO plugin v27.4 - https:\/\/yoast.com\/product\/yoast-seo-wordpress\/ -->\n<title>Progr\u00e1mate en este mes de septiembre y aprovecha las oportunidades de seguir creciendo en el \u00e1mbito educativo. - Tu Gu\u00eda<\/title>\n<meta name=\"robots\" content=\"index, follow, max-snippet:-1, max-image-preview:large, max-video-preview:-1\" \/>\n<link rel=\"canonical\" href=\"https:\/\/tuguia.combarranquilla.co\/Revista\/programate-en-este-mes-de-septiembre-y-aprovecha-las-oportunidades-de-seguir-creciendo-en-el-ambito-educativo\/\" \/>\n<meta property=\"og:locale\" content=\"es_ES\" \/>\n<meta property=\"og:type\" content=\"article\" \/>\n<meta property=\"og:title\" content=\"Progr\u00e1mate en este mes de septiembre y aprovecha las oportunidades de seguir creciendo en el \u00e1mbito educativo. - Tu Gu\u00eda\" \/>\n<meta property=\"og:description\" content=\"Desde el Centro de Formaci\u00f3n buscamos fortalecer las competencias e incentivar a j\u00f3venes y adultos a seguir forjando su camino profesional. En este mes de septiembre ofrecemos cursos, talleres y diplomados para afiliados y no afiliados con el fin de que sigan vigorizando esos talentos y\/o conocimientos. OCUPACIONALES La docente Silvana Samper, te ense\u00f1ar\u00e1 a [&hellip;]\" \/>\n<meta property=\"og:url\" content=\"https:\/\/tuguia.combarranquilla.co\/Revista\/programate-en-este-mes-de-septiembre-y-aprovecha-las-oportunidades-de-seguir-creciendo-en-el-ambito-educativo\/\" \/>\n<meta property=\"og:site_name\" content=\"Tu Gu\u00eda\" \/>\n<meta property=\"article:published_time\" content=\"2023-09-05T18:58:52+00:00\" \/>\n<meta property=\"article:modified_time\" content=\"2023-09-25T19:28:45+00:00\" \/>\n<meta property=\"og:image\" content=\"https:\/\/tuguia.combarranquilla.co\/Revista\/wp-content\/uploads\/2023\/09\/pexels-mikael-blomkvist-6476783-scaled.jpg\" \/>\n\t<meta property=\"og:image:width\" content=\"2560\" \/>\n\t<meta property=\"og:image:height\" content=\"1708\" \/>\n\t<meta property=\"og:image:type\" content=\"image\/jpeg\" \/>\n<meta name=\"author\" content=\"Comunicaciones Combarranquilla\" \/>\n<meta name=\"twitter:card\" content=\"summary_large_image\" \/>\n<meta name=\"twitter:label1\" content=\"Escrito por\" \/>\n\t<meta name=\"twitter:data1\" content=\"Comunicaciones Combarranquilla\" \/>\n\t<meta name=\"twitter:label2\" content=\"Tiempo de lectura\" \/>\n\t<meta name=\"twitter:data2\" content=\"2 minutos\" \/>\n<script type=\"application\/ld+json\" class=\"yoast-schema-graph\">{\"@context\":\"https:\\\/\\\/schema.org\",\"@graph\":[{\"@type\":\"Article\",\"@id\":\"https:\\\/\\\/tuguia.combarranquilla.co\\\/Revista\\\/programate-en-este-mes-de-septiembre-y-aprovecha-las-oportunidades-de-seguir-creciendo-en-el-ambito-educativo\\\/#article\",\"isPartOf\":{\"@id\":\"https:\\\/\\\/tuguia.combarranquilla.co\\\/Revista\\\/programate-en-este-mes-de-septiembre-y-aprovecha-las-oportunidades-de-seguir-creciendo-en-el-ambito-educativo\\\/\"},\"author\":{\"name\":\"Comunicaciones Combarranquilla\",\"@id\":\"https:\\\/\\\/tuguia.combarranquilla.co\\\/Revista\\\/#\\\/schema\\\/person\\\/c2c396a77170bd1d5f8ba73294eb0d10\"},\"headline\":\"Progr\u00e1mate en este mes de septiembre y aprovecha las oportunidades de seguir creciendo en el \u00e1mbito educativo.\",\"datePublished\":\"2023-09-05T18:58:52+00:00\",\"dateModified\":\"2023-09-25T19:28:45+00:00\",\"mainEntityOfPage\":{\"@id\":\"https:\\\/\\\/tuguia.combarranquilla.co\\\/Revista\\\/programate-en-este-mes-de-septiembre-y-aprovecha-las-oportunidades-de-seguir-creciendo-en-el-ambito-educativo\\\/\"},\"wordCount\":413,\"commentCount\":0,\"publisher\":{\"@id\":\"https:\\\/\\\/tuguia.combarranquilla.co\\\/Revista\\\/#organization\"},\"image\":{\"@id\":\"https:\\\/\\\/tuguia.combarranquilla.co\\\/Revista\\\/programate-en-este-mes-de-septiembre-y-aprovecha-las-oportunidades-de-seguir-creciendo-en-el-ambito-educativo\\\/#primaryimage\"},\"thumbnailUrl\":\"https:\\\/\\\/tuguia.combarranquilla.co\\\/Revista\\\/wp-content\\\/uploads\\\/2023\\\/09\\\/pexels-mikael-blomkvist-6476783-scaled.jpg\",\"articleSection\":[\"FORMACI\u00d3N\"],\"inLanguage\":\"es-CO\",\"potentialAction\":[{\"@type\":\"CommentAction\",\"name\":\"Comment\",\"target\":[\"https:\\\/\\\/tuguia.combarranquilla.co\\\/Revista\\\/programate-en-este-mes-de-septiembre-y-aprovecha-las-oportunidades-de-seguir-creciendo-en-el-ambito-educativo\\\/#respond\"]}]},{\"@type\":\"WebPage\",\"@id\":\"https:\\\/\\\/tuguia.combarranquilla.co\\\/Revista\\\/programate-en-este-mes-de-septiembre-y-aprovecha-las-oportunidades-de-seguir-creciendo-en-el-ambito-educativo\\\/\",\"url\":\"https:\\\/\\\/tuguia.combarranquilla.co\\\/Revista\\\/programate-en-este-mes-de-septiembre-y-aprovecha-las-oportunidades-de-seguir-creciendo-en-el-ambito-educativo\\\/\",\"name\":\"Progr\u00e1mate en este mes de septiembre y aprovecha las oportunidades de seguir creciendo en el \u00e1mbito educativo. - Tu Gu\u00eda\",\"isPartOf\":{\"@id\":\"https:\\\/\\\/tuguia.combarranquilla.co\\\/Revista\\\/#website\"},\"primaryImageOfPage\":{\"@id\":\"https:\\\/\\\/tuguia.combarranquilla.co\\\/Revista\\\/programate-en-este-mes-de-septiembre-y-aprovecha-las-oportunidades-de-seguir-creciendo-en-el-ambito-educativo\\\/#primaryimage\"},\"image\":{\"@id\":\"https:\\\/\\\/tuguia.combarranquilla.co\\\/Revista\\\/programate-en-este-mes-de-septiembre-y-aprovecha-las-oportunidades-de-seguir-creciendo-en-el-ambito-educativo\\\/#primaryimage\"},\"thumbnailUrl\":\"https:\\\/\\\/tuguia.combarranquilla.co\\\/Revista\\\/wp-content\\\/uploads\\\/2023\\\/09\\\/pexels-mikael-blomkvist-6476783-scaled.jpg\",\"datePublished\":\"2023-09-05T18:58:52+00:00\",\"dateModified\":\"2023-09-25T19:28:45+00:00\",\"breadcrumb\":{\"@id\":\"https:\\\/\\\/tuguia.combarranquilla.co\\\/Revista\\\/programate-en-este-mes-de-septiembre-y-aprovecha-las-oportunidades-de-seguir-creciendo-en-el-ambito-educativo\\\/#breadcrumb\"},\"inLanguage\":\"es-CO\",\"potentialAction\":[{\"@type\":\"ReadAction\",\"target\":[\"https:\\\/\\\/tuguia.combarranquilla.co\\\/Revista\\\/programate-en-este-mes-de-septiembre-y-aprovecha-las-oportunidades-de-seguir-creciendo-en-el-ambito-educativo\\\/\"]}]},{\"@type\":\"ImageObject\",\"inLanguage\":\"es-CO\",\"@id\":\"https:\\\/\\\/tuguia.combarranquilla.co\\\/Revista\\\/programate-en-este-mes-de-septiembre-y-aprovecha-las-oportunidades-de-seguir-creciendo-en-el-ambito-educativo\\\/#primaryimage\",\"url\":\"https:\\\/\\\/tuguia.combarranquilla.co\\\/Revista\\\/wp-content\\\/uploads\\\/2023\\\/09\\\/pexels-mikael-blomkvist-6476783-scaled.jpg\",\"contentUrl\":\"https:\\\/\\\/tuguia.combarranquilla.co\\\/Revista\\\/wp-content\\\/uploads\\\/2023\\\/09\\\/pexels-mikael-blomkvist-6476783-scaled.jpg\",\"width\":2560,\"height\":1708},{\"@type\":\"BreadcrumbList\",\"@id\":\"https:\\\/\\\/tuguia.combarranquilla.co\\\/Revista\\\/programate-en-este-mes-de-septiembre-y-aprovecha-las-oportunidades-de-seguir-creciendo-en-el-ambito-educativo\\\/#breadcrumb\",\"itemListElement\":[{\"@type\":\"ListItem\",\"position\":1,\"name\":\"Inicio\",\"item\":\"https:\\\/\\\/tuguia.combarranquilla.co\\\/Revista\\\/\"},{\"@type\":\"ListItem\",\"position\":2,\"name\":\"Progr\u00e1mate en este mes de septiembre y aprovecha las oportunidades de seguir creciendo en el \u00e1mbito educativo.\"}]},{\"@type\":\"WebSite\",\"@id\":\"https:\\\/\\\/tuguia.combarranquilla.co\\\/Revista\\\/#website\",\"url\":\"https:\\\/\\\/tuguia.combarranquilla.co\\\/Revista\\\/\",\"name\":\"Tu Gu\u00eda\",\"description\":\"La revista donde lo tienes todo.\",\"publisher\":{\"@id\":\"https:\\\/\\\/tuguia.combarranquilla.co\\\/Revista\\\/#organization\"},\"alternateName\":\"Tu Gu\u00eda Combarranquilla\",\"potentialAction\":[{\"@type\":\"SearchAction\",\"target\":{\"@type\":\"EntryPoint\",\"urlTemplate\":\"https:\\\/\\\/tuguia.combarranquilla.co\\\/Revista\\\/?s={search_term_string}\"},\"query-input\":{\"@type\":\"PropertyValueSpecification\",\"valueRequired\":true,\"valueName\":\"search_term_string\"}}],\"inLanguage\":\"es-CO\"},{\"@type\":\"Organization\",\"@id\":\"https:\\\/\\\/tuguia.combarranquilla.co\\\/Revista\\\/#organization\",\"name\":\"Tu Gu\u00eda Combarranquilla\",\"url\":\"https:\\\/\\\/tuguia.combarranquilla.co\\\/Revista\\\/\",\"logo\":{\"@type\":\"ImageObject\",\"inLanguage\":\"es-CO\",\"@id\":\"https:\\\/\\\/tuguia.combarranquilla.co\\\/Revista\\\/#\\\/schema\\\/logo\\\/image\\\/\",\"url\":\"https:\\\/\\\/tuguia.combarranquilla.co\\\/Revista\\\/wp-content\\\/uploads\\\/2022\\\/02\\\/logo-guia-combarranquilla.svg\",\"contentUrl\":\"https:\\\/\\\/tuguia.combarranquilla.co\\\/Revista\\\/wp-content\\\/uploads\\\/2022\\\/02\\\/logo-guia-combarranquilla.svg\",\"caption\":\"Tu Gu\u00eda Combarranquilla\"},\"image\":{\"@id\":\"https:\\\/\\\/tuguia.combarranquilla.co\\\/Revista\\\/#\\\/schema\\\/logo\\\/image\\\/\"}},{\"@type\":\"Person\",\"@id\":\"https:\\\/\\\/tuguia.combarranquilla.co\\\/Revista\\\/#\\\/schema\\\/person\\\/c2c396a77170bd1d5f8ba73294eb0d10\",\"name\":\"Comunicaciones Combarranquilla\",\"image\":{\"@type\":\"ImageObject\",\"inLanguage\":\"es-CO\",\"@id\":\"https:\\\/\\\/tuguia.combarranquilla.co\\\/Revista\\\/wp-content\\\/uploads\\\/2025\\\/05\\\/ABC-Al-Rojo-Logo-96x96.jpg\",\"url\":\"https:\\\/\\\/tuguia.combarranquilla.co\\\/Revista\\\/wp-content\\\/uploads\\\/2025\\\/05\\\/ABC-Al-Rojo-Logo-96x96.jpg\",\"contentUrl\":\"https:\\\/\\\/tuguia.combarranquilla.co\\\/Revista\\\/wp-content\\\/uploads\\\/2025\\\/05\\\/ABC-Al-Rojo-Logo-96x96.jpg\",\"caption\":\"Comunicaciones Combarranquilla\"},\"sameAs\":[\"https:\\\/\\\/www.combarranquilla.co\"],\"url\":\"https:\\\/\\\/tuguia.combarranquilla.co\\\/Revista\\\/author\\\/comunicaciones\\\/\"}]}<\/script>\n<!-- \/ Yoast SEO plugin. -->","yoast_head_json":{"title":"Progr\u00e1mate en este mes de septiembre y aprovecha las oportunidades de seguir creciendo en el \u00e1mbito educativo. - Tu Gu\u00eda","robots":{"index":"index","follow":"follow","max-snippet":"max-snippet:-1","max-image-preview":"max-image-preview:large","max-video-preview":"max-video-preview:-1"},"canonical":"https:\/\/tuguia.combarranquilla.co\/Revista\/programate-en-este-mes-de-septiembre-y-aprovecha-las-oportunidades-de-seguir-creciendo-en-el-ambito-educativo\/","og_locale":"es_ES","og_type":"article","og_title":"Progr\u00e1mate en este mes de septiembre y aprovecha las oportunidades de seguir creciendo en el \u00e1mbito educativo. - Tu Gu\u00eda","og_description":"Desde el Centro de Formaci\u00f3n buscamos fortalecer las competencias e incentivar a j\u00f3venes y adultos a seguir forjando su camino profesional. En este mes de septiembre ofrecemos cursos, talleres y diplomados para afiliados y no afiliados con el fin de que sigan vigorizando esos talentos y\/o conocimientos. OCUPACIONALES La docente Silvana Samper, te ense\u00f1ar\u00e1 a [&hellip;]","og_url":"https:\/\/tuguia.combarranquilla.co\/Revista\/programate-en-este-mes-de-septiembre-y-aprovecha-las-oportunidades-de-seguir-creciendo-en-el-ambito-educativo\/","og_site_name":"Tu Gu\u00eda","article_published_time":"2023-09-05T18:58:52+00:00","article_modified_time":"2023-09-25T19:28:45+00:00","og_image":[{"width":2560,"height":1708,"url":"https:\/\/tuguia.combarranquilla.co\/Revista\/wp-content\/uploads\/2023\/09\/pexels-mikael-blomkvist-6476783-scaled.jpg","type":"image\/jpeg"}],"author":"Comunicaciones Combarranquilla","twitter_card":"summary_large_image","twitter_misc":{"Escrito por":"Comunicaciones Combarranquilla","Tiempo de lectura":"2 minutos"},"schema":{"@context":"https:\/\/schema.org","@graph":[{"@type":"Article","@id":"https:\/\/tuguia.combarranquilla.co\/Revista\/programate-en-este-mes-de-septiembre-y-aprovecha-las-oportunidades-de-seguir-creciendo-en-el-ambito-educativo\/#article","isPartOf":{"@id":"https:\/\/tuguia.combarranquilla.co\/Revista\/programate-en-este-mes-de-septiembre-y-aprovecha-las-oportunidades-de-seguir-creciendo-en-el-ambito-educativo\/"},"author":{"name":"Comunicaciones Combarranquilla","@id":"https:\/\/tuguia.combarranquilla.co\/Revista\/#\/schema\/person\/c2c396a77170bd1d5f8ba73294eb0d10"},"headline":"Progr\u00e1mate en este mes de septiembre y aprovecha las oportunidades de seguir creciendo en el \u00e1mbito educativo.","datePublished":"2023-09-05T18:58:52+00:00","dateModified":"2023-09-25T19:28:45+00:00","mainEntityOfPage":{"@id":"https:\/\/tuguia.combarranquilla.co\/Revista\/programate-en-este-mes-de-septiembre-y-aprovecha-las-oportunidades-de-seguir-creciendo-en-el-ambito-educativo\/"},"wordCount":413,"commentCount":0,"publisher":{"@id":"https:\/\/tuguia.combarranquilla.co\/Revista\/#organization"},"image":{"@id":"https:\/\/tuguia.combarranquilla.co\/Revista\/programate-en-este-mes-de-septiembre-y-aprovecha-las-oportunidades-de-seguir-creciendo-en-el-ambito-educativo\/#primaryimage"},"thumbnailUrl":"https:\/\/tuguia.combarranquilla.co\/Revista\/wp-content\/uploads\/2023\/09\/pexels-mikael-blomkvist-6476783-scaled.jpg","articleSection":["FORMACI\u00d3N"],"inLanguage":"es-CO","potentialAction":[{"@type":"CommentAction","name":"Comment","target":["https:\/\/tuguia.combarranquilla.co\/Revista\/programate-en-este-mes-de-septiembre-y-aprovecha-las-oportunidades-de-seguir-creciendo-en-el-ambito-educativo\/#respond"]}]},{"@type":"WebPage","@id":"https:\/\/tuguia.combarranquilla.co\/Revista\/programate-en-este-mes-de-septiembre-y-aprovecha-las-oportunidades-de-seguir-creciendo-en-el-ambito-educativo\/","url":"https:\/\/tuguia.combarranquilla.co\/Revista\/programate-en-este-mes-de-septiembre-y-aprovecha-las-oportunidades-de-seguir-creciendo-en-el-ambito-educativo\/","name":"Progr\u00e1mate en este mes de septiembre y aprovecha las oportunidades de seguir creciendo en el \u00e1mbito educativo. - Tu Gu\u00eda","isPartOf":{"@id":"https:\/\/tuguia.combarranquilla.co\/Revista\/#website"},"primaryImageOfPage":{"@id":"https:\/\/tuguia.combarranquilla.co\/Revista\/programate-en-este-mes-de-septiembre-y-aprovecha-las-oportunidades-de-seguir-creciendo-en-el-ambito-educativo\/#primaryimage"},"image":{"@id":"https:\/\/tuguia.combarranquilla.co\/Revista\/programate-en-este-mes-de-septiembre-y-aprovecha-las-oportunidades-de-seguir-creciendo-en-el-ambito-educativo\/#primaryimage"},"thumbnailUrl":"https:\/\/tuguia.combarranquilla.co\/Revista\/wp-content\/uploads\/2023\/09\/pexels-mikael-blomkvist-6476783-scaled.jpg","datePublished":"2023-09-05T18:58:52+00:00","dateModified":"2023-09-25T19:28:45+00:00","breadcrumb":{"@id":"https:\/\/tuguia.combarranquilla.co\/Revista\/programate-en-este-mes-de-septiembre-y-aprovecha-las-oportunidades-de-seguir-creciendo-en-el-ambito-educativo\/#breadcrumb"},"inLanguage":"es-CO","potentialAction":[{"@type":"ReadAction","target":["https:\/\/tuguia.combarranquilla.co\/Revista\/programate-en-este-mes-de-septiembre-y-aprovecha-las-oportunidades-de-seguir-creciendo-en-el-ambito-educativo\/"]}]},{"@type":"ImageObject","inLanguage":"es-CO","@id":"https:\/\/tuguia.combarranquilla.co\/Revista\/programate-en-este-mes-de-septiembre-y-aprovecha-las-oportunidades-de-seguir-creciendo-en-el-ambito-educativo\/#primaryimage","url":"https:\/\/tuguia.combarranquilla.co\/Revista\/wp-content\/uploads\/2023\/09\/pexels-mikael-blomkvist-6476783-scaled.jpg","contentUrl":"https:\/\/tuguia.combarranquilla.co\/Revista\/wp-content\/uploads\/2023\/09\/pexels-mikael-blomkvist-6476783-scaled.jpg","width":2560,"height":1708},{"@type":"BreadcrumbList","@id":"https:\/\/tuguia.combarranquilla.co\/Revista\/programate-en-este-mes-de-septiembre-y-aprovecha-las-oportunidades-de-seguir-creciendo-en-el-ambito-educativo\/#breadcrumb","itemListElement":[{"@type":"ListItem","position":1,"name":"Inicio","item":"https:\/\/tuguia.combarranquilla.co\/Revista\/"},{"@type":"ListItem","position":2,"name":"Progr\u00e1mate en este mes de septiembre y aprovecha las oportunidades de seguir creciendo en el \u00e1mbito educativo."}]},{"@type":"WebSite","@id":"https:\/\/tuguia.combarranquilla.co\/Revista\/#website","url":"https:\/\/tuguia.combarranquilla.co\/Revista\/","name":"Tu Gu\u00eda","description":"La revista donde lo tienes todo.","publisher":{"@id":"https:\/\/tuguia.combarranquilla.co\/Revista\/#organization"},"alternateName":"Tu Gu\u00eda Combarranquilla","potentialAction":[{"@type":"SearchAction","target":{"@type":"EntryPoint","urlTemplate":"https:\/\/tuguia.combarranquilla.co\/Revista\/?s={search_term_string}"},"query-input":{"@type":"PropertyValueSpecification","valueRequired":true,"valueName":"search_term_string"}}],"inLanguage":"es-CO"},{"@type":"Organization","@id":"https:\/\/tuguia.combarranquilla.co\/Revista\/#organization","name":"Tu Gu\u00eda Combarranquilla","url":"https:\/\/tuguia.combarranquilla.co\/Revista\/","logo":{"@type":"ImageObject","inLanguage":"es-CO","@id":"https:\/\/tuguia.combarranquilla.co\/Revista\/#\/schema\/logo\/image\/","url":"https:\/\/tuguia.combarranquilla.co\/Revista\/wp-content\/uploads\/2022\/02\/logo-guia-combarranquilla.svg","contentUrl":"https:\/\/tuguia.combarranquilla.co\/Revista\/wp-content\/uploads\/2022\/02\/logo-guia-combarranquilla.svg","caption":"Tu Gu\u00eda Combarranquilla"},"image":{"@id":"https:\/\/tuguia.combarranquilla.co\/Revista\/#\/schema\/logo\/image\/"}},{"@type":"Person","@id":"https:\/\/tuguia.combarranquilla.co\/Revista\/#\/schema\/person\/c2c396a77170bd1d5f8ba73294eb0d10","name":"Comunicaciones Combarranquilla","image":{"@type":"ImageObject","inLanguage":"es-CO","@id":"https:\/\/tuguia.combarranquilla.co\/Revista\/wp-content\/uploads\/2025\/05\/ABC-Al-Rojo-Logo-96x96.jpg","url":"https:\/\/tuguia.combarranquilla.co\/Revista\/wp-content\/uploads\/2025\/05\/ABC-Al-Rojo-Logo-96x96.jpg","contentUrl":"https:\/\/tuguia.combarranquilla.co\/Revista\/wp-content\/uploads\/2025\/05\/ABC-Al-Rojo-Logo-96x96.jpg","caption":"Comunicaciones Combarranquilla"},"sameAs":["https:\/\/www.combarranquilla.co"],"url":"https:\/\/tuguia.combarranquilla.co\/Revista\/author\/comunicaciones\/"}]}},"_links":{"self":[{"href":"https:\/\/tuguia.combarranquilla.co\/Revista\/wp-json\/wp\/v2\/posts\/2705","targetHints":{"allow":["GET"]}}],"collection":[{"href":"https:\/\/tuguia.combarranquilla.co\/Revista\/wp-json\/wp\/v2\/posts"}],"about":[{"href":"https:\/\/tuguia.combarranquilla.co\/Revista\/wp-json\/wp\/v2\/types\/post"}],"author":[{"embeddable":true,"href":"https:\/\/tuguia.combarranquilla.co\/Revista\/wp-json\/wp\/v2\/users\/2"}],"replies":[{"embeddable":true,"href":"https:\/\/tuguia.combarranquilla.co\/Revista\/wp-json\/wp\/v2\/comments?post=2705"}],"version-history":[{"count":6,"href":"https:\/\/tuguia.combarranquilla.co\/Revista\/wp-json\/wp\/v2\/posts\/2705\/revisions"}],"predecessor-version":[{"id":2715,"href":"https:\/\/tuguia.combarranquilla.co\/Revista\/wp-json\/wp\/v2\/posts\/2705\/revisions\/2715"}],"wp:featuredmedia":[{"embeddable":true,"href":"https:\/\/tuguia.combarranquilla.co\/Revista\/wp-json\/wp\/v2\/media\/2706"}],"wp:attachment":[{"href":"https:\/\/tuguia.combarranquilla.co\/Revista\/wp-json\/wp\/v2\/media?parent=2705"}],"wp:term":[{"taxonomy":"category","embeddable":true,"href":"https:\/\/tuguia.combarranquilla.co\/Revista\/wp-json\/wp\/v2\/categories?post=2705"},{"taxonomy":"post_tag","embeddable":true,"href":"https:\/\/tuguia.combarranquilla.co\/Revista\/wp-json\/wp\/v2\/tags?post=2705"}],"curies":[{"name":"wp","href":"https:\/\/api.w.org\/{rel}","templated":true}]}}