{"id":2717,"date":"2023-09-05T10:02:14","date_gmt":"2023-09-05T15:02:14","guid":{"rendered":"https:\/\/tuguia.combarranquilla.co\/Revista\/?p=2717"},"modified":"2023-10-09T08:49:10","modified_gmt":"2023-10-09T13:49:10","slug":"subete-al-cohete-de-la-educacion-con-la-programacion-de-planetario","status":"publish","type":"post","link":"https:\/\/tuguia.combarranquilla.co\/Revista\/subete-al-cohete-de-la-educacion-con-la-programacion-de-planetario\/","title":{"rendered":"S\u00fabete al cohete de la educaci\u00f3n con la programaci\u00f3n de Planetario"},"content":{"rendered":"\n<h2 class=\"wp-block-heading\">Programa a tus hijos en los talleres y cursos para que desarrollen habilidades cient\u00edficas. <\/h2>\n\n\n\n<p>En este mes de septiembre desde el Planetario ofrecemos dos talleres escenciales para fortalecer las competencias y\/o habilidades y una conferencia. <\/p>\n\n\n\n<p class=\"has-text-align-center\"><strong>CURSOS PARA NI\u00d1OS<\/strong><\/p>\n\n\n\n<p><strong>Escuela de Rob\u00f3tica para ni\u00f1os<\/strong><\/p>\n\n\n\n<p><strong>D\u00eda: <\/strong>23 de septiembre<\/p>\n\n\n\n<p><strong>Hora: <\/strong>10:00 a.m. a 12:00 m.<\/p>\n\n\n\n<p><strong>Tarifas<\/strong><\/p>\n\n\n\n<figure class=\"wp-block-table\"><table><tbody><tr><td><strong>Categor\u00eda A<\/strong><\/td><td><strong>Categor\u00eda B<\/strong><\/td><td><strong>Categor\u00eda C<\/strong><\/td><td><strong>No Afiliado<\/strong><\/td><\/tr><tr><td>$73.000<\/td><td>$89.400<\/td><td>$157.900<\/td><td>$176.500<\/td><\/tr><\/tbody><\/table><\/figure>\n\n\n\n<p>V\u00e1lido para ni\u00f1os de 7 a 12 a\u00f1os.<\/p>\n\n\n\n<p><strong>Astronom\u00eda recreativa para ni\u00f1os: Movimiento de la Tierra<\/strong><\/p>\n\n\n\n<p><strong>D\u00eda: <\/strong>23 de septiembre<\/p>\n\n\n\n<p><strong>Hora: <\/strong>3:00 p.m. a 4:30 p.m.<\/p>\n\n\n\n<p><strong>Tarifas<\/strong><\/p>\n\n\n\n<figure class=\"wp-block-table\"><table><tbody><tr><td><strong>Categor\u00eda A<\/strong><\/td><td><strong>Categor\u00eda B<\/strong><\/td><td><strong>Categor\u00eda C<\/strong><\/td><td><strong>No Afiliado<\/strong><\/td><\/tr><tr><td>$17.300<\/td><td>$19.800<\/td><td>$28.100<\/td><td>$33.400<\/td><\/tr><\/tbody><\/table><\/figure>\n\n\n\n<p>V\u00e1lido para ni\u00f1os de 7 a 12 a\u00f1os.<\/p>\n\n\n\n<p class=\"has-text-align-center\"><strong>CONFERENCIAS<\/strong><\/p>\n\n\n\n<p><strong>El ADN nos da pistas sobre la historia y futuro de las especies en la tierra<\/strong><\/p>\n\n\n\n<p>Dictada por Mariauxi Gonz\u00e1lez Molina, Bi\u00f3loga y MSc en Biolog\u00eda, docente e investigadora de la Universidad del Atl\u00e1ntico.<\/p>\n\n\n\n<p><strong>D\u00eda: <\/strong>Mi\u00e9rcoles 20 de septiembre<\/p>\n\n\n\n<p><strong>Hora: <\/strong>6:30 p.m.<\/p>\n\n\n\n<p><strong>Entrada libre<\/strong><\/p>\n\n\n\n<p>V\u00e1lida para el p\u00fablico en general.<\/p>\n\n\n\n<p>Si deseas m\u00e1s informaci\u00f3n o inscribirte puedes comunicarte por medio del siguiente correo: <strong>planetario.boston@combarranquilla.co <\/strong><\/p>\n","protected":false},"excerpt":{"rendered":"<p>Programa a tus hijos en los talleres y cursos para que desarrollen habilidades cient\u00edficas. En este mes de septiembre desde el Planetario ofrecemos dos talleres escenciales para fortalecer las competencias y\/o habilidades y una conferencia. CURSOS PARA NI\u00d1OS Escuela de Rob\u00f3tica para ni\u00f1os D\u00eda: 23 de septiembre Hora: 10:00 a.m. a 12:00 m. Tarifas Categor\u00eda [&hellip;]<\/p>\n","protected":false},"author":2,"featured_media":2736,"comment_status":"open","ping_status":"open","sticky":false,"template":"","format":"standard","meta":{"inline_featured_image":false,"footnotes":""},"categories":[4],"tags":[],"class_list":["post-2717","post","type-post","status-publish","format-standard","has-post-thumbnail","hentry","category-ciencia-y-cultura"],"yoast_head":"<!-- This site is optimized with the Yoast SEO plugin v27.4 - https:\/\/yoast.com\/product\/yoast-seo-wordpress\/ -->\n<title>S\u00fabete al cohete de la educaci\u00f3n con la programaci\u00f3n de Planetario - Tu Gu\u00eda<\/title>\n<meta name=\"robots\" content=\"index, follow, max-snippet:-1, max-image-preview:large, max-video-preview:-1\" \/>\n<link rel=\"canonical\" href=\"https:\/\/tuguia.combarranquilla.co\/Revista\/subete-al-cohete-de-la-educacion-con-la-programacion-de-planetario\/\" \/>\n<meta property=\"og:locale\" content=\"es_ES\" \/>\n<meta property=\"og:type\" content=\"article\" \/>\n<meta property=\"og:title\" content=\"S\u00fabete al cohete de la educaci\u00f3n con la programaci\u00f3n de Planetario - Tu Gu\u00eda\" \/>\n<meta property=\"og:description\" content=\"Programa a tus hijos en los talleres y cursos para que desarrollen habilidades cient\u00edficas. En este mes de septiembre desde el Planetario ofrecemos dos talleres escenciales para fortalecer las competencias y\/o habilidades y una conferencia. CURSOS PARA NI\u00d1OS Escuela de Rob\u00f3tica para ni\u00f1os D\u00eda: 23 de septiembre Hora: 10:00 a.m. a 12:00 m. Tarifas Categor\u00eda [&hellip;]\" \/>\n<meta property=\"og:url\" content=\"https:\/\/tuguia.combarranquilla.co\/Revista\/subete-al-cohete-de-la-educacion-con-la-programacion-de-planetario\/\" \/>\n<meta property=\"og:site_name\" content=\"Tu Gu\u00eda\" \/>\n<meta property=\"article:published_time\" content=\"2023-09-05T15:02:14+00:00\" \/>\n<meta property=\"article:modified_time\" content=\"2023-10-09T13:49:10+00:00\" \/>\n<meta property=\"og:image\" content=\"https:\/\/tuguia.combarranquilla.co\/Revista\/wp-content\/uploads\/2023\/10\/DSC_2600-scaled.jpg\" \/>\n\t<meta property=\"og:image:width\" content=\"2560\" \/>\n\t<meta property=\"og:image:height\" content=\"1707\" \/>\n\t<meta property=\"og:image:type\" content=\"image\/jpeg\" \/>\n<meta name=\"author\" content=\"Comunicaciones Combarranquilla\" \/>\n<meta name=\"twitter:card\" content=\"summary_large_image\" \/>\n<meta name=\"twitter:label1\" content=\"Escrito por\" \/>\n\t<meta name=\"twitter:data1\" content=\"Comunicaciones Combarranquilla\" \/>\n\t<meta name=\"twitter:label2\" content=\"Tiempo de lectura\" \/>\n\t<meta name=\"twitter:data2\" content=\"1 minuto\" \/>\n<script type=\"application\/ld+json\" class=\"yoast-schema-graph\">{\"@context\":\"https:\\\/\\\/schema.org\",\"@graph\":[{\"@type\":\"Article\",\"@id\":\"https:\\\/\\\/tuguia.combarranquilla.co\\\/Revista\\\/subete-al-cohete-de-la-educacion-con-la-programacion-de-planetario\\\/#article\",\"isPartOf\":{\"@id\":\"https:\\\/\\\/tuguia.combarranquilla.co\\\/Revista\\\/subete-al-cohete-de-la-educacion-con-la-programacion-de-planetario\\\/\"},\"author\":{\"name\":\"Comunicaciones Combarranquilla\",\"@id\":\"https:\\\/\\\/tuguia.combarranquilla.co\\\/Revista\\\/#\\\/schema\\\/person\\\/c2c396a77170bd1d5f8ba73294eb0d10\"},\"headline\":\"S\u00fabete al cohete de la educaci\u00f3n con la programaci\u00f3n de Planetario\",\"datePublished\":\"2023-09-05T15:02:14+00:00\",\"dateModified\":\"2023-10-09T13:49:10+00:00\",\"mainEntityOfPage\":{\"@id\":\"https:\\\/\\\/tuguia.combarranquilla.co\\\/Revista\\\/subete-al-cohete-de-la-educacion-con-la-programacion-de-planetario\\\/\"},\"wordCount\":210,\"commentCount\":0,\"publisher\":{\"@id\":\"https:\\\/\\\/tuguia.combarranquilla.co\\\/Revista\\\/#organization\"},\"image\":{\"@id\":\"https:\\\/\\\/tuguia.combarranquilla.co\\\/Revista\\\/subete-al-cohete-de-la-educacion-con-la-programacion-de-planetario\\\/#primaryimage\"},\"thumbnailUrl\":\"https:\\\/\\\/tuguia.combarranquilla.co\\\/Revista\\\/wp-content\\\/uploads\\\/2023\\\/10\\\/DSC_2600-scaled.jpg\",\"articleSection\":[\"CIENCIA Y CULTURA\"],\"inLanguage\":\"es-CO\",\"potentialAction\":[{\"@type\":\"CommentAction\",\"name\":\"Comment\",\"target\":[\"https:\\\/\\\/tuguia.combarranquilla.co\\\/Revista\\\/subete-al-cohete-de-la-educacion-con-la-programacion-de-planetario\\\/#respond\"]}]},{\"@type\":\"WebPage\",\"@id\":\"https:\\\/\\\/tuguia.combarranquilla.co\\\/Revista\\\/subete-al-cohete-de-la-educacion-con-la-programacion-de-planetario\\\/\",\"url\":\"https:\\\/\\\/tuguia.combarranquilla.co\\\/Revista\\\/subete-al-cohete-de-la-educacion-con-la-programacion-de-planetario\\\/\",\"name\":\"S\u00fabete al cohete de la educaci\u00f3n con la programaci\u00f3n de Planetario - Tu Gu\u00eda\",\"isPartOf\":{\"@id\":\"https:\\\/\\\/tuguia.combarranquilla.co\\\/Revista\\\/#website\"},\"primaryImageOfPage\":{\"@id\":\"https:\\\/\\\/tuguia.combarranquilla.co\\\/Revista\\\/subete-al-cohete-de-la-educacion-con-la-programacion-de-planetario\\\/#primaryimage\"},\"image\":{\"@id\":\"https:\\\/\\\/tuguia.combarranquilla.co\\\/Revista\\\/subete-al-cohete-de-la-educacion-con-la-programacion-de-planetario\\\/#primaryimage\"},\"thumbnailUrl\":\"https:\\\/\\\/tuguia.combarranquilla.co\\\/Revista\\\/wp-content\\\/uploads\\\/2023\\\/10\\\/DSC_2600-scaled.jpg\",\"datePublished\":\"2023-09-05T15:02:14+00:00\",\"dateModified\":\"2023-10-09T13:49:10+00:00\",\"breadcrumb\":{\"@id\":\"https:\\\/\\\/tuguia.combarranquilla.co\\\/Revista\\\/subete-al-cohete-de-la-educacion-con-la-programacion-de-planetario\\\/#breadcrumb\"},\"inLanguage\":\"es-CO\",\"potentialAction\":[{\"@type\":\"ReadAction\",\"target\":[\"https:\\\/\\\/tuguia.combarranquilla.co\\\/Revista\\\/subete-al-cohete-de-la-educacion-con-la-programacion-de-planetario\\\/\"]}]},{\"@type\":\"ImageObject\",\"inLanguage\":\"es-CO\",\"@id\":\"https:\\\/\\\/tuguia.combarranquilla.co\\\/Revista\\\/subete-al-cohete-de-la-educacion-con-la-programacion-de-planetario\\\/#primaryimage\",\"url\":\"https:\\\/\\\/tuguia.combarranquilla.co\\\/Revista\\\/wp-content\\\/uploads\\\/2023\\\/10\\\/DSC_2600-scaled.jpg\",\"contentUrl\":\"https:\\\/\\\/tuguia.combarranquilla.co\\\/Revista\\\/wp-content\\\/uploads\\\/2023\\\/10\\\/DSC_2600-scaled.jpg\",\"width\":2560,\"height\":1707},{\"@type\":\"BreadcrumbList\",\"@id\":\"https:\\\/\\\/tuguia.combarranquilla.co\\\/Revista\\\/subete-al-cohete-de-la-educacion-con-la-programacion-de-planetario\\\/#breadcrumb\",\"itemListElement\":[{\"@type\":\"ListItem\",\"position\":1,\"name\":\"Inicio\",\"item\":\"https:\\\/\\\/tuguia.combarranquilla.co\\\/Revista\\\/\"},{\"@type\":\"ListItem\",\"position\":2,\"name\":\"S\u00fabete al cohete de la educaci\u00f3n con la programaci\u00f3n de Planetario\"}]},{\"@type\":\"WebSite\",\"@id\":\"https:\\\/\\\/tuguia.combarranquilla.co\\\/Revista\\\/#website\",\"url\":\"https:\\\/\\\/tuguia.combarranquilla.co\\\/Revista\\\/\",\"name\":\"Tu Gu\u00eda\",\"description\":\"La revista donde lo tienes todo.\",\"publisher\":{\"@id\":\"https:\\\/\\\/tuguia.combarranquilla.co\\\/Revista\\\/#organization\"},\"alternateName\":\"Tu Gu\u00eda Combarranquilla\",\"potentialAction\":[{\"@type\":\"SearchAction\",\"target\":{\"@type\":\"EntryPoint\",\"urlTemplate\":\"https:\\\/\\\/tuguia.combarranquilla.co\\\/Revista\\\/?s={search_term_string}\"},\"query-input\":{\"@type\":\"PropertyValueSpecification\",\"valueRequired\":true,\"valueName\":\"search_term_string\"}}],\"inLanguage\":\"es-CO\"},{\"@type\":\"Organization\",\"@id\":\"https:\\\/\\\/tuguia.combarranquilla.co\\\/Revista\\\/#organization\",\"name\":\"Tu Gu\u00eda Combarranquilla\",\"url\":\"https:\\\/\\\/tuguia.combarranquilla.co\\\/Revista\\\/\",\"logo\":{\"@type\":\"ImageObject\",\"inLanguage\":\"es-CO\",\"@id\":\"https:\\\/\\\/tuguia.combarranquilla.co\\\/Revista\\\/#\\\/schema\\\/logo\\\/image\\\/\",\"url\":\"https:\\\/\\\/tuguia.combarranquilla.co\\\/Revista\\\/wp-content\\\/uploads\\\/2022\\\/02\\\/logo-guia-combarranquilla.svg\",\"contentUrl\":\"https:\\\/\\\/tuguia.combarranquilla.co\\\/Revista\\\/wp-content\\\/uploads\\\/2022\\\/02\\\/logo-guia-combarranquilla.svg\",\"caption\":\"Tu Gu\u00eda Combarranquilla\"},\"image\":{\"@id\":\"https:\\\/\\\/tuguia.combarranquilla.co\\\/Revista\\\/#\\\/schema\\\/logo\\\/image\\\/\"}},{\"@type\":\"Person\",\"@id\":\"https:\\\/\\\/tuguia.combarranquilla.co\\\/Revista\\\/#\\\/schema\\\/person\\\/c2c396a77170bd1d5f8ba73294eb0d10\",\"name\":\"Comunicaciones Combarranquilla\",\"image\":{\"@type\":\"ImageObject\",\"inLanguage\":\"es-CO\",\"@id\":\"https:\\\/\\\/tuguia.combarranquilla.co\\\/Revista\\\/wp-content\\\/uploads\\\/2025\\\/05\\\/ABC-Al-Rojo-Logo-96x96.jpg\",\"url\":\"https:\\\/\\\/tuguia.combarranquilla.co\\\/Revista\\\/wp-content\\\/uploads\\\/2025\\\/05\\\/ABC-Al-Rojo-Logo-96x96.jpg\",\"contentUrl\":\"https:\\\/\\\/tuguia.combarranquilla.co\\\/Revista\\\/wp-content\\\/uploads\\\/2025\\\/05\\\/ABC-Al-Rojo-Logo-96x96.jpg\",\"caption\":\"Comunicaciones Combarranquilla\"},\"sameAs\":[\"https:\\\/\\\/www.combarranquilla.co\"],\"url\":\"https:\\\/\\\/tuguia.combarranquilla.co\\\/Revista\\\/author\\\/comunicaciones\\\/\"}]}<\/script>\n<!-- \/ Yoast SEO plugin. -->","yoast_head_json":{"title":"S\u00fabete al cohete de la educaci\u00f3n con la programaci\u00f3n de Planetario - Tu Gu\u00eda","robots":{"index":"index","follow":"follow","max-snippet":"max-snippet:-1","max-image-preview":"max-image-preview:large","max-video-preview":"max-video-preview:-1"},"canonical":"https:\/\/tuguia.combarranquilla.co\/Revista\/subete-al-cohete-de-la-educacion-con-la-programacion-de-planetario\/","og_locale":"es_ES","og_type":"article","og_title":"S\u00fabete al cohete de la educaci\u00f3n con la programaci\u00f3n de Planetario - Tu Gu\u00eda","og_description":"Programa a tus hijos en los talleres y cursos para que desarrollen habilidades cient\u00edficas. En este mes de septiembre desde el Planetario ofrecemos dos talleres escenciales para fortalecer las competencias y\/o habilidades y una conferencia. CURSOS PARA NI\u00d1OS Escuela de Rob\u00f3tica para ni\u00f1os D\u00eda: 23 de septiembre Hora: 10:00 a.m. a 12:00 m. Tarifas Categor\u00eda [&hellip;]","og_url":"https:\/\/tuguia.combarranquilla.co\/Revista\/subete-al-cohete-de-la-educacion-con-la-programacion-de-planetario\/","og_site_name":"Tu Gu\u00eda","article_published_time":"2023-09-05T15:02:14+00:00","article_modified_time":"2023-10-09T13:49:10+00:00","og_image":[{"width":2560,"height":1707,"url":"https:\/\/tuguia.combarranquilla.co\/Revista\/wp-content\/uploads\/2023\/10\/DSC_2600-scaled.jpg","type":"image\/jpeg"}],"author":"Comunicaciones Combarranquilla","twitter_card":"summary_large_image","twitter_misc":{"Escrito por":"Comunicaciones Combarranquilla","Tiempo de lectura":"1 minuto"},"schema":{"@context":"https:\/\/schema.org","@graph":[{"@type":"Article","@id":"https:\/\/tuguia.combarranquilla.co\/Revista\/subete-al-cohete-de-la-educacion-con-la-programacion-de-planetario\/#article","isPartOf":{"@id":"https:\/\/tuguia.combarranquilla.co\/Revista\/subete-al-cohete-de-la-educacion-con-la-programacion-de-planetario\/"},"author":{"name":"Comunicaciones Combarranquilla","@id":"https:\/\/tuguia.combarranquilla.co\/Revista\/#\/schema\/person\/c2c396a77170bd1d5f8ba73294eb0d10"},"headline":"S\u00fabete al cohete de la educaci\u00f3n con la programaci\u00f3n de Planetario","datePublished":"2023-09-05T15:02:14+00:00","dateModified":"2023-10-09T13:49:10+00:00","mainEntityOfPage":{"@id":"https:\/\/tuguia.combarranquilla.co\/Revista\/subete-al-cohete-de-la-educacion-con-la-programacion-de-planetario\/"},"wordCount":210,"commentCount":0,"publisher":{"@id":"https:\/\/tuguia.combarranquilla.co\/Revista\/#organization"},"image":{"@id":"https:\/\/tuguia.combarranquilla.co\/Revista\/subete-al-cohete-de-la-educacion-con-la-programacion-de-planetario\/#primaryimage"},"thumbnailUrl":"https:\/\/tuguia.combarranquilla.co\/Revista\/wp-content\/uploads\/2023\/10\/DSC_2600-scaled.jpg","articleSection":["CIENCIA Y CULTURA"],"inLanguage":"es-CO","potentialAction":[{"@type":"CommentAction","name":"Comment","target":["https:\/\/tuguia.combarranquilla.co\/Revista\/subete-al-cohete-de-la-educacion-con-la-programacion-de-planetario\/#respond"]}]},{"@type":"WebPage","@id":"https:\/\/tuguia.combarranquilla.co\/Revista\/subete-al-cohete-de-la-educacion-con-la-programacion-de-planetario\/","url":"https:\/\/tuguia.combarranquilla.co\/Revista\/subete-al-cohete-de-la-educacion-con-la-programacion-de-planetario\/","name":"S\u00fabete al cohete de la educaci\u00f3n con la programaci\u00f3n de Planetario - Tu Gu\u00eda","isPartOf":{"@id":"https:\/\/tuguia.combarranquilla.co\/Revista\/#website"},"primaryImageOfPage":{"@id":"https:\/\/tuguia.combarranquilla.co\/Revista\/subete-al-cohete-de-la-educacion-con-la-programacion-de-planetario\/#primaryimage"},"image":{"@id":"https:\/\/tuguia.combarranquilla.co\/Revista\/subete-al-cohete-de-la-educacion-con-la-programacion-de-planetario\/#primaryimage"},"thumbnailUrl":"https:\/\/tuguia.combarranquilla.co\/Revista\/wp-content\/uploads\/2023\/10\/DSC_2600-scaled.jpg","datePublished":"2023-09-05T15:02:14+00:00","dateModified":"2023-10-09T13:49:10+00:00","breadcrumb":{"@id":"https:\/\/tuguia.combarranquilla.co\/Revista\/subete-al-cohete-de-la-educacion-con-la-programacion-de-planetario\/#breadcrumb"},"inLanguage":"es-CO","potentialAction":[{"@type":"ReadAction","target":["https:\/\/tuguia.combarranquilla.co\/Revista\/subete-al-cohete-de-la-educacion-con-la-programacion-de-planetario\/"]}]},{"@type":"ImageObject","inLanguage":"es-CO","@id":"https:\/\/tuguia.combarranquilla.co\/Revista\/subete-al-cohete-de-la-educacion-con-la-programacion-de-planetario\/#primaryimage","url":"https:\/\/tuguia.combarranquilla.co\/Revista\/wp-content\/uploads\/2023\/10\/DSC_2600-scaled.jpg","contentUrl":"https:\/\/tuguia.combarranquilla.co\/Revista\/wp-content\/uploads\/2023\/10\/DSC_2600-scaled.jpg","width":2560,"height":1707},{"@type":"BreadcrumbList","@id":"https:\/\/tuguia.combarranquilla.co\/Revista\/subete-al-cohete-de-la-educacion-con-la-programacion-de-planetario\/#breadcrumb","itemListElement":[{"@type":"ListItem","position":1,"name":"Inicio","item":"https:\/\/tuguia.combarranquilla.co\/Revista\/"},{"@type":"ListItem","position":2,"name":"S\u00fabete al cohete de la educaci\u00f3n con la programaci\u00f3n de Planetario"}]},{"@type":"WebSite","@id":"https:\/\/tuguia.combarranquilla.co\/Revista\/#website","url":"https:\/\/tuguia.combarranquilla.co\/Revista\/","name":"Tu Gu\u00eda","description":"La revista donde lo tienes todo.","publisher":{"@id":"https:\/\/tuguia.combarranquilla.co\/Revista\/#organization"},"alternateName":"Tu Gu\u00eda Combarranquilla","potentialAction":[{"@type":"SearchAction","target":{"@type":"EntryPoint","urlTemplate":"https:\/\/tuguia.combarranquilla.co\/Revista\/?s={search_term_string}"},"query-input":{"@type":"PropertyValueSpecification","valueRequired":true,"valueName":"search_term_string"}}],"inLanguage":"es-CO"},{"@type":"Organization","@id":"https:\/\/tuguia.combarranquilla.co\/Revista\/#organization","name":"Tu Gu\u00eda Combarranquilla","url":"https:\/\/tuguia.combarranquilla.co\/Revista\/","logo":{"@type":"ImageObject","inLanguage":"es-CO","@id":"https:\/\/tuguia.combarranquilla.co\/Revista\/#\/schema\/logo\/image\/","url":"https:\/\/tuguia.combarranquilla.co\/Revista\/wp-content\/uploads\/2022\/02\/logo-guia-combarranquilla.svg","contentUrl":"https:\/\/tuguia.combarranquilla.co\/Revista\/wp-content\/uploads\/2022\/02\/logo-guia-combarranquilla.svg","caption":"Tu Gu\u00eda Combarranquilla"},"image":{"@id":"https:\/\/tuguia.combarranquilla.co\/Revista\/#\/schema\/logo\/image\/"}},{"@type":"Person","@id":"https:\/\/tuguia.combarranquilla.co\/Revista\/#\/schema\/person\/c2c396a77170bd1d5f8ba73294eb0d10","name":"Comunicaciones Combarranquilla","image":{"@type":"ImageObject","inLanguage":"es-CO","@id":"https:\/\/tuguia.combarranquilla.co\/Revista\/wp-content\/uploads\/2025\/05\/ABC-Al-Rojo-Logo-96x96.jpg","url":"https:\/\/tuguia.combarranquilla.co\/Revista\/wp-content\/uploads\/2025\/05\/ABC-Al-Rojo-Logo-96x96.jpg","contentUrl":"https:\/\/tuguia.combarranquilla.co\/Revista\/wp-content\/uploads\/2025\/05\/ABC-Al-Rojo-Logo-96x96.jpg","caption":"Comunicaciones Combarranquilla"},"sameAs":["https:\/\/www.combarranquilla.co"],"url":"https:\/\/tuguia.combarranquilla.co\/Revista\/author\/comunicaciones\/"}]}},"_links":{"self":[{"href":"https:\/\/tuguia.combarranquilla.co\/Revista\/wp-json\/wp\/v2\/posts\/2717","targetHints":{"allow":["GET"]}}],"collection":[{"href":"https:\/\/tuguia.combarranquilla.co\/Revista\/wp-json\/wp\/v2\/posts"}],"about":[{"href":"https:\/\/tuguia.combarranquilla.co\/Revista\/wp-json\/wp\/v2\/types\/post"}],"author":[{"embeddable":true,"href":"https:\/\/tuguia.combarranquilla.co\/Revista\/wp-json\/wp\/v2\/users\/2"}],"replies":[{"embeddable":true,"href":"https:\/\/tuguia.combarranquilla.co\/Revista\/wp-json\/wp\/v2\/comments?post=2717"}],"version-history":[{"count":6,"href":"https:\/\/tuguia.combarranquilla.co\/Revista\/wp-json\/wp\/v2\/posts\/2717\/revisions"}],"predecessor-version":[{"id":2738,"href":"https:\/\/tuguia.combarranquilla.co\/Revista\/wp-json\/wp\/v2\/posts\/2717\/revisions\/2738"}],"wp:featuredmedia":[{"embeddable":true,"href":"https:\/\/tuguia.combarranquilla.co\/Revista\/wp-json\/wp\/v2\/media\/2736"}],"wp:attachment":[{"href":"https:\/\/tuguia.combarranquilla.co\/Revista\/wp-json\/wp\/v2\/media?parent=2717"}],"wp:term":[{"taxonomy":"category","embeddable":true,"href":"https:\/\/tuguia.combarranquilla.co\/Revista\/wp-json\/wp\/v2\/categories?post=2717"},{"taxonomy":"post_tag","embeddable":true,"href":"https:\/\/tuguia.combarranquilla.co\/Revista\/wp-json\/wp\/v2\/tags?post=2717"}],"curies":[{"name":"wp","href":"https:\/\/api.w.org\/{rel}","templated":true}]}}