{"id":2726,"date":"2023-12-02T13:45:46","date_gmt":"2023-12-02T18:45:46","guid":{"rendered":"https:\/\/tuguia.combarranquilla.co\/Revista\/?p=2726"},"modified":"2025-06-27T15:36:01","modified_gmt":"2025-06-27T20:36:01","slug":"gimnasios-combarranquilla-conoce-las-tarifas-que-tenemos-disponibles-para-ti","status":"publish","type":"post","link":"https:\/\/tuguia.combarranquilla.co\/Revista\/gimnasios-combarranquilla-conoce-las-tarifas-que-tenemos-disponibles-para-ti\/","title":{"rendered":"Gimnasios Combarranquilla: Conoce las tarifas que tenemos disponibles para ti"},"content":{"rendered":"\n<p>Combarranquilla piensa en tu bienestar y pone a tu disposici\u00f3n tres gimnasios modernos en las unidades Country, Boston y Mario Santo Domingo (Calle 30). Con diferentes planes, tarifas y espacios, en donde nuestros facilitadores y entrenadores cuentan con una alta capacitaci\u00f3n para presentar un \u00f3ptimo servicio. <\/p>\n\n\n\n<h2 class=\"wp-block-heading\">Unidad Country (Calle 76 # 57- 61)<\/h2>\n\n\n\n<figure class=\"wp-block-image size-full\"><img decoding=\"async\" width=\"750\" height=\"516\" data-src=\"https:\/\/tuguia.combarranquilla.co\/Revista\/wp-content\/uploads\/2023\/09\/WhatsApp-Image-2021-12-21-at-10.07.06-AM.jpeg\" alt=\"\" class=\"wp-image-2728 lazyload\" data-srcset=\"https:\/\/tuguia.combarranquilla.co\/Revista\/wp-content\/uploads\/2023\/09\/WhatsApp-Image-2021-12-21-at-10.07.06-AM.jpeg 750w, https:\/\/tuguia.combarranquilla.co\/Revista\/wp-content\/uploads\/2023\/09\/WhatsApp-Image-2021-12-21-at-10.07.06-AM-300x206.jpeg 300w\" data-sizes=\"(max-width: 750px) 100vw, 750px\" src=\"data:image\/svg+xml;base64,PHN2ZyB3aWR0aD0iMSIgaGVpZ2h0PSIxIiB4bWxucz0iaHR0cDovL3d3dy53My5vcmcvMjAwMC9zdmciPjwvc3ZnPg==\" style=\"--smush-placeholder-width: 750px; --smush-placeholder-aspect-ratio: 750\/516;\" \/><\/figure>\n\n\n\n<p><strong>Horarios<\/strong><\/p>\n\n\n\n<ul class=\"wp-block-list\">\n<li>Lunes a viernes: 5:00 a.m. a 10:00 p.m.<\/li>\n\n\n\n<li>S\u00e1bados: 6:30 a.m. a 2:30 p.m.<\/li>\n\n\n\n<li>Domingos y festivos: 8:00 a.m. a 2:00 p.m.<\/li>\n<\/ul>\n\n\n\n<p><strong>Planes y Tarifas<\/strong><\/p>\n\n\n\n<figure class=\"wp-block-table\"><table><tbody><tr><td><strong>Planes<\/strong><\/td><td><strong>CAT. A<\/strong><\/td><td><strong>CAT. B<\/strong><\/td><td><strong>CAT.C<\/strong><\/td><td><strong>No Afil.<\/strong><\/td><\/tr><tr><td>Sesi\u00f3n<\/td><td><strong>$19.100<\/strong><\/td><td><strong>$22.199<\/strong><\/td><td><strong>$23.900<\/strong><\/td><td><strong>$54.200<\/strong><\/td><\/tr><tr><td>Mes<\/td><td><strong>$61.300<\/strong><\/td><td><strong>$64.700<\/strong><\/td><td><strong>$153.500<\/strong><\/td><td><strong>$270.100<\/strong><\/td><\/tr><tr><td>Trimestre<\/td><td><strong>$169.200<\/strong><\/td><td><strong>$178.500<\/strong><\/td><td><strong>$217.400<\/strong><\/td><td><strong>$615.500<\/strong><\/td><\/tr><tr><td>Semestre<\/td><td><strong>$317.900<\/strong><\/td><td><strong>$335.200<\/strong><\/td><td><strong>$408.800<\/strong><\/td><td><strong>$859.100<\/strong><\/td><\/tr><tr><td>Anual<\/td><td><strong>$597.800<\/strong><\/td><td><strong>$630.300<\/strong><\/td><td><strong>$807.901<\/strong><\/td><td><strong>$1.531.600<\/strong><\/td><\/tr><\/tbody><\/table><\/figure>\n\n\n\n<h2 class=\"wp-block-heading\"><strong>Unidad Boston (Carrera 43 # 63B \u2013 107)<\/strong><\/h2>\n\n\n\n<figure class=\"wp-block-image size-large\"><img decoding=\"async\" width=\"1024\" height=\"768\" data-src=\"https:\/\/tuguia.combarranquilla.co\/Revista\/wp-content\/uploads\/2023\/09\/IMG_3524-1024x768.jpg\" alt=\"\" class=\"wp-image-2732 lazyload\" data-srcset=\"https:\/\/tuguia.combarranquilla.co\/Revista\/wp-content\/uploads\/2023\/09\/IMG_3524-1024x768.jpg 1024w, https:\/\/tuguia.combarranquilla.co\/Revista\/wp-content\/uploads\/2023\/09\/IMG_3524-300x225.jpg 300w, https:\/\/tuguia.combarranquilla.co\/Revista\/wp-content\/uploads\/2023\/09\/IMG_3524-768x576.jpg 768w, https:\/\/tuguia.combarranquilla.co\/Revista\/wp-content\/uploads\/2023\/09\/IMG_3524-1536x1152.jpg 1536w, https:\/\/tuguia.combarranquilla.co\/Revista\/wp-content\/uploads\/2023\/09\/IMG_3524-2048x1536.jpg 2048w\" data-sizes=\"(max-width: 1024px) 100vw, 1024px\" src=\"data:image\/svg+xml;base64,PHN2ZyB3aWR0aD0iMSIgaGVpZ2h0PSIxIiB4bWxucz0iaHR0cDovL3d3dy53My5vcmcvMjAwMC9zdmciPjwvc3ZnPg==\" style=\"--smush-placeholder-width: 1024px; --smush-placeholder-aspect-ratio: 1024\/768;\" \/><\/figure>\n\n\n\n<p><strong>Horarios<\/strong><\/p>\n\n\n\n<ul class=\"wp-block-list\">\n<li>Lunes a viernes: 5:30 a.m. a 8:30 p.m.<\/li>\n\n\n\n<li>S\u00e1bados: 8:00 a.m. a 12:00 m.<\/li>\n\n\n\n<li>Domingos y festivos: No hay servicio.<\/li>\n<\/ul>\n\n\n\n<p><strong>Planes y Tarifas<\/strong><\/p>\n\n\n\n<figure class=\"wp-block-table\"><table><tbody><tr><td><strong>Planes<\/strong><\/td><td><strong>CAT. A<\/strong><\/td><td><strong>CAT. B<\/strong><\/td><td><strong>CAT. C<\/strong><\/td><td><strong>No Afil.<\/strong><\/td><\/tr><tr><td>Sesi\u00f3n<\/td><td><strong>$13.700<\/strong><\/td><td><strong>$16.100<\/strong><\/td><td><strong>$17.400<\/strong><\/td><td><strong>$40.900<\/strong><\/td><\/tr><tr><td>Mes<\/td><td><strong>$60.100<\/strong><\/td><td><strong>$63.600<\/strong><\/td><td><strong>$123.701<\/strong><\/td><td><strong>$263.199<\/strong><\/td><\/tr><tr><td>Trimestre<\/td><td><strong>$166.300<\/strong><\/td><td><strong>$175.500<\/strong><\/td><td><strong>$211.500<\/strong><\/td><td><strong>$611.299<\/strong><\/td><\/tr><\/tbody><\/table><\/figure>\n\n\n\n<h2 class=\"wp-block-heading\">Unidad Mario Santodomingo Calle 30 (Calle 34 # 36 \u2013 24) <\/h2>\n\n\n\n<figure class=\"wp-block-image size-large\"><img decoding=\"async\" width=\"1024\" height=\"768\" data-src=\"https:\/\/tuguia.combarranquilla.co\/Revista\/wp-content\/uploads\/2023\/09\/IMG_20190121_100038-1024x768.jpg\" alt=\"\" class=\"wp-image-2730 lazyload\" data-srcset=\"https:\/\/tuguia.combarranquilla.co\/Revista\/wp-content\/uploads\/2023\/09\/IMG_20190121_100038-1024x768.jpg 1024w, https:\/\/tuguia.combarranquilla.co\/Revista\/wp-content\/uploads\/2023\/09\/IMG_20190121_100038-300x225.jpg 300w, https:\/\/tuguia.combarranquilla.co\/Revista\/wp-content\/uploads\/2023\/09\/IMG_20190121_100038-768x576.jpg 768w, https:\/\/tuguia.combarranquilla.co\/Revista\/wp-content\/uploads\/2023\/09\/IMG_20190121_100038-1536x1152.jpg 1536w, https:\/\/tuguia.combarranquilla.co\/Revista\/wp-content\/uploads\/2023\/09\/IMG_20190121_100038-2048x1536.jpg 2048w\" data-sizes=\"(max-width: 1024px) 100vw, 1024px\" src=\"data:image\/svg+xml;base64,PHN2ZyB3aWR0aD0iMSIgaGVpZ2h0PSIxIiB4bWxucz0iaHR0cDovL3d3dy53My5vcmcvMjAwMC9zdmciPjwvc3ZnPg==\" style=\"--smush-placeholder-width: 1024px; --smush-placeholder-aspect-ratio: 1024\/768;\" \/><\/figure>\n\n\n\n<p><strong>Horario<\/strong><\/p>\n\n\n\n<ul class=\"wp-block-list\">\n<li>Lunes a viernes: 8:00 a.m. a 11:00 a.m. \u2013 3:30 p.m. a 8:30 p.m.<\/li>\n\n\n\n<li>S\u00e1bados: 8:00 a.m.&nbsp; a 12:00 m.<\/li>\n\n\n\n<li>Domingos y festivos: No hay servicio.<\/li>\n<\/ul>\n\n\n\n<p><strong>Planes y Tarifas<\/strong><\/p>\n\n\n\n<figure class=\"wp-block-table\"><table><tbody><tr><td><strong>Planes<\/strong><\/td><td><strong>CAT. A<\/strong><\/td><td><strong>CAT. B<\/strong><\/td><td><strong>CAT. C<\/strong><\/td><td><strong>No Afil.<\/strong><\/td><\/tr><tr><td>Sesi\u00f3n<\/td><td><strong>$11.100<\/strong><\/td><td><strong>$11.600<\/strong><\/td><td><strong>$16.401<\/strong><\/td><td><strong>$19.700<\/strong><\/td><\/tr><tr><td>Mes<\/td><td><strong>$57.999<\/strong><\/td><td><strong>$61.201<\/strong><\/td><td><strong>$100.800<\/strong><\/td><td><strong>$138.900<\/strong><\/td><\/tr><tr><td>Trimestre<\/td><td><strong>$160.700<\/strong><\/td><td><strong>$169.800<\/strong><\/td><td><strong>$205.900<\/strong><\/td><td><strong>$304.600<\/strong><\/td><\/tr><tr><td>Semestre<\/td><td><strong>$302.400<\/strong><\/td><td><strong>$319.000<\/strong><\/td><td><strong>$387.300<\/strong><\/td><td><strong>$547.000<\/strong><\/td><\/tr><\/tbody><\/table><\/figure>\n\n\n\n<p>Para acceder a los gimnasios y obtener m\u00e1s informaci\u00f3n puedes comunicarte a nuestra l\u00ednea 3225049 ext. 1231-1232-1233-1236-1237 <\/p>\n","protected":false},"excerpt":{"rendered":"<p>Combarranquilla piensa en tu bienestar y pone a tu disposici\u00f3n tres gimnasios modernos en las unidades Country, Boston y Mario Santo Domingo (Calle 30). Con diferentes planes, tarifas y espacios, en donde nuestros facilitadores y entrenadores cuentan con una alta capacitaci\u00f3n para presentar un \u00f3ptimo servicio. Unidad Country (Calle 76 # 57- 61) Horarios Planes [&hellip;]<\/p>\n","protected":false},"author":2,"featured_media":2727,"comment_status":"open","ping_status":"open","sticky":false,"template":"","format":"standard","meta":{"inline_featured_image":false,"footnotes":""},"categories":[5],"tags":[],"class_list":["post-2726","post","type-post","status-publish","format-standard","has-post-thumbnail","hentry","category-vida-saludable"],"yoast_head":"<!-- This site is optimized with the Yoast SEO plugin v27.4 - https:\/\/yoast.com\/product\/yoast-seo-wordpress\/ -->\n<title>Gimnasios Combarranquilla: Conoce las tarifas que tenemos disponibles para ti - Tu Gu\u00eda<\/title>\n<meta name=\"robots\" content=\"index, follow, max-snippet:-1, max-image-preview:large, max-video-preview:-1\" \/>\n<link rel=\"canonical\" href=\"https:\/\/tuguia.combarranquilla.co\/Revista\/gimnasios-combarranquilla-conoce-las-tarifas-que-tenemos-disponibles-para-ti\/\" \/>\n<meta property=\"og:locale\" content=\"es_ES\" \/>\n<meta property=\"og:type\" content=\"article\" \/>\n<meta property=\"og:title\" content=\"Gimnasios Combarranquilla: Conoce las tarifas que tenemos disponibles para ti - Tu Gu\u00eda\" \/>\n<meta property=\"og:description\" content=\"Combarranquilla piensa en tu bienestar y pone a tu disposici\u00f3n tres gimnasios modernos en las unidades Country, Boston y Mario Santo Domingo (Calle 30). Con diferentes planes, tarifas y espacios, en donde nuestros facilitadores y entrenadores cuentan con una alta capacitaci\u00f3n para presentar un \u00f3ptimo servicio. Unidad Country (Calle 76 # 57- 61) Horarios Planes [&hellip;]\" \/>\n<meta property=\"og:url\" content=\"https:\/\/tuguia.combarranquilla.co\/Revista\/gimnasios-combarranquilla-conoce-las-tarifas-que-tenemos-disponibles-para-ti\/\" \/>\n<meta property=\"og:site_name\" content=\"Tu Gu\u00eda\" \/>\n<meta property=\"article:published_time\" content=\"2023-12-02T18:45:46+00:00\" \/>\n<meta property=\"article:modified_time\" content=\"2025-06-27T20:36:01+00:00\" \/>\n<meta property=\"og:image\" content=\"https:\/\/tuguia.combarranquilla.co\/Revista\/wp-content\/uploads\/2023\/09\/IMG_5458-scaled.jpg\" \/>\n\t<meta property=\"og:image:width\" content=\"2560\" \/>\n\t<meta property=\"og:image:height\" content=\"1920\" \/>\n\t<meta property=\"og:image:type\" content=\"image\/jpeg\" \/>\n<meta name=\"author\" content=\"Comunicaciones Combarranquilla\" \/>\n<meta name=\"twitter:card\" content=\"summary_large_image\" \/>\n<meta name=\"twitter:label1\" content=\"Escrito por\" \/>\n\t<meta name=\"twitter:data1\" content=\"Comunicaciones Combarranquilla\" \/>\n\t<meta name=\"twitter:label2\" content=\"Tiempo de lectura\" \/>\n\t<meta name=\"twitter:data2\" content=\"2 minutos\" \/>\n<script type=\"application\/ld+json\" class=\"yoast-schema-graph\">{\"@context\":\"https:\\\/\\\/schema.org\",\"@graph\":[{\"@type\":\"Article\",\"@id\":\"https:\\\/\\\/tuguia.combarranquilla.co\\\/Revista\\\/gimnasios-combarranquilla-conoce-las-tarifas-que-tenemos-disponibles-para-ti\\\/#article\",\"isPartOf\":{\"@id\":\"https:\\\/\\\/tuguia.combarranquilla.co\\\/Revista\\\/gimnasios-combarranquilla-conoce-las-tarifas-que-tenemos-disponibles-para-ti\\\/\"},\"author\":{\"name\":\"Comunicaciones Combarranquilla\",\"@id\":\"https:\\\/\\\/tuguia.combarranquilla.co\\\/Revista\\\/#\\\/schema\\\/person\\\/c2c396a77170bd1d5f8ba73294eb0d10\"},\"headline\":\"Gimnasios Combarranquilla: Conoce las tarifas que tenemos disponibles para ti\",\"datePublished\":\"2023-12-02T18:45:46+00:00\",\"dateModified\":\"2025-06-27T20:36:01+00:00\",\"mainEntityOfPage\":{\"@id\":\"https:\\\/\\\/tuguia.combarranquilla.co\\\/Revista\\\/gimnasios-combarranquilla-conoce-las-tarifas-que-tenemos-disponibles-para-ti\\\/\"},\"wordCount\":215,\"commentCount\":0,\"publisher\":{\"@id\":\"https:\\\/\\\/tuguia.combarranquilla.co\\\/Revista\\\/#organization\"},\"image\":{\"@id\":\"https:\\\/\\\/tuguia.combarranquilla.co\\\/Revista\\\/gimnasios-combarranquilla-conoce-las-tarifas-que-tenemos-disponibles-para-ti\\\/#primaryimage\"},\"thumbnailUrl\":\"https:\\\/\\\/tuguia.combarranquilla.co\\\/Revista\\\/wp-content\\\/uploads\\\/2023\\\/09\\\/IMG_5458-scaled.jpg\",\"articleSection\":[\"VIDA SALUDABLE\"],\"inLanguage\":\"es-CO\",\"potentialAction\":[{\"@type\":\"CommentAction\",\"name\":\"Comment\",\"target\":[\"https:\\\/\\\/tuguia.combarranquilla.co\\\/Revista\\\/gimnasios-combarranquilla-conoce-las-tarifas-que-tenemos-disponibles-para-ti\\\/#respond\"]}]},{\"@type\":\"WebPage\",\"@id\":\"https:\\\/\\\/tuguia.combarranquilla.co\\\/Revista\\\/gimnasios-combarranquilla-conoce-las-tarifas-que-tenemos-disponibles-para-ti\\\/\",\"url\":\"https:\\\/\\\/tuguia.combarranquilla.co\\\/Revista\\\/gimnasios-combarranquilla-conoce-las-tarifas-que-tenemos-disponibles-para-ti\\\/\",\"name\":\"Gimnasios Combarranquilla: Conoce las tarifas que tenemos disponibles para ti - Tu Gu\u00eda\",\"isPartOf\":{\"@id\":\"https:\\\/\\\/tuguia.combarranquilla.co\\\/Revista\\\/#website\"},\"primaryImageOfPage\":{\"@id\":\"https:\\\/\\\/tuguia.combarranquilla.co\\\/Revista\\\/gimnasios-combarranquilla-conoce-las-tarifas-que-tenemos-disponibles-para-ti\\\/#primaryimage\"},\"image\":{\"@id\":\"https:\\\/\\\/tuguia.combarranquilla.co\\\/Revista\\\/gimnasios-combarranquilla-conoce-las-tarifas-que-tenemos-disponibles-para-ti\\\/#primaryimage\"},\"thumbnailUrl\":\"https:\\\/\\\/tuguia.combarranquilla.co\\\/Revista\\\/wp-content\\\/uploads\\\/2023\\\/09\\\/IMG_5458-scaled.jpg\",\"datePublished\":\"2023-12-02T18:45:46+00:00\",\"dateModified\":\"2025-06-27T20:36:01+00:00\",\"breadcrumb\":{\"@id\":\"https:\\\/\\\/tuguia.combarranquilla.co\\\/Revista\\\/gimnasios-combarranquilla-conoce-las-tarifas-que-tenemos-disponibles-para-ti\\\/#breadcrumb\"},\"inLanguage\":\"es-CO\",\"potentialAction\":[{\"@type\":\"ReadAction\",\"target\":[\"https:\\\/\\\/tuguia.combarranquilla.co\\\/Revista\\\/gimnasios-combarranquilla-conoce-las-tarifas-que-tenemos-disponibles-para-ti\\\/\"]}]},{\"@type\":\"ImageObject\",\"inLanguage\":\"es-CO\",\"@id\":\"https:\\\/\\\/tuguia.combarranquilla.co\\\/Revista\\\/gimnasios-combarranquilla-conoce-las-tarifas-que-tenemos-disponibles-para-ti\\\/#primaryimage\",\"url\":\"https:\\\/\\\/tuguia.combarranquilla.co\\\/Revista\\\/wp-content\\\/uploads\\\/2023\\\/09\\\/IMG_5458-scaled.jpg\",\"contentUrl\":\"https:\\\/\\\/tuguia.combarranquilla.co\\\/Revista\\\/wp-content\\\/uploads\\\/2023\\\/09\\\/IMG_5458-scaled.jpg\",\"width\":2560,\"height\":1920},{\"@type\":\"BreadcrumbList\",\"@id\":\"https:\\\/\\\/tuguia.combarranquilla.co\\\/Revista\\\/gimnasios-combarranquilla-conoce-las-tarifas-que-tenemos-disponibles-para-ti\\\/#breadcrumb\",\"itemListElement\":[{\"@type\":\"ListItem\",\"position\":1,\"name\":\"Inicio\",\"item\":\"https:\\\/\\\/tuguia.combarranquilla.co\\\/Revista\\\/\"},{\"@type\":\"ListItem\",\"position\":2,\"name\":\"Gimnasios Combarranquilla: Conoce las tarifas que tenemos disponibles para ti\"}]},{\"@type\":\"WebSite\",\"@id\":\"https:\\\/\\\/tuguia.combarranquilla.co\\\/Revista\\\/#website\",\"url\":\"https:\\\/\\\/tuguia.combarranquilla.co\\\/Revista\\\/\",\"name\":\"Tu Gu\u00eda\",\"description\":\"La revista donde lo tienes todo.\",\"publisher\":{\"@id\":\"https:\\\/\\\/tuguia.combarranquilla.co\\\/Revista\\\/#organization\"},\"alternateName\":\"Tu Gu\u00eda Combarranquilla\",\"potentialAction\":[{\"@type\":\"SearchAction\",\"target\":{\"@type\":\"EntryPoint\",\"urlTemplate\":\"https:\\\/\\\/tuguia.combarranquilla.co\\\/Revista\\\/?s={search_term_string}\"},\"query-input\":{\"@type\":\"PropertyValueSpecification\",\"valueRequired\":true,\"valueName\":\"search_term_string\"}}],\"inLanguage\":\"es-CO\"},{\"@type\":\"Organization\",\"@id\":\"https:\\\/\\\/tuguia.combarranquilla.co\\\/Revista\\\/#organization\",\"name\":\"Tu Gu\u00eda Combarranquilla\",\"url\":\"https:\\\/\\\/tuguia.combarranquilla.co\\\/Revista\\\/\",\"logo\":{\"@type\":\"ImageObject\",\"inLanguage\":\"es-CO\",\"@id\":\"https:\\\/\\\/tuguia.combarranquilla.co\\\/Revista\\\/#\\\/schema\\\/logo\\\/image\\\/\",\"url\":\"https:\\\/\\\/tuguia.combarranquilla.co\\\/Revista\\\/wp-content\\\/uploads\\\/2022\\\/02\\\/logo-guia-combarranquilla.svg\",\"contentUrl\":\"https:\\\/\\\/tuguia.combarranquilla.co\\\/Revista\\\/wp-content\\\/uploads\\\/2022\\\/02\\\/logo-guia-combarranquilla.svg\",\"caption\":\"Tu Gu\u00eda Combarranquilla\"},\"image\":{\"@id\":\"https:\\\/\\\/tuguia.combarranquilla.co\\\/Revista\\\/#\\\/schema\\\/logo\\\/image\\\/\"}},{\"@type\":\"Person\",\"@id\":\"https:\\\/\\\/tuguia.combarranquilla.co\\\/Revista\\\/#\\\/schema\\\/person\\\/c2c396a77170bd1d5f8ba73294eb0d10\",\"name\":\"Comunicaciones Combarranquilla\",\"image\":{\"@type\":\"ImageObject\",\"inLanguage\":\"es-CO\",\"@id\":\"https:\\\/\\\/tuguia.combarranquilla.co\\\/Revista\\\/wp-content\\\/uploads\\\/2025\\\/05\\\/ABC-Al-Rojo-Logo-96x96.jpg\",\"url\":\"https:\\\/\\\/tuguia.combarranquilla.co\\\/Revista\\\/wp-content\\\/uploads\\\/2025\\\/05\\\/ABC-Al-Rojo-Logo-96x96.jpg\",\"contentUrl\":\"https:\\\/\\\/tuguia.combarranquilla.co\\\/Revista\\\/wp-content\\\/uploads\\\/2025\\\/05\\\/ABC-Al-Rojo-Logo-96x96.jpg\",\"caption\":\"Comunicaciones Combarranquilla\"},\"sameAs\":[\"https:\\\/\\\/www.combarranquilla.co\"],\"url\":\"https:\\\/\\\/tuguia.combarranquilla.co\\\/Revista\\\/author\\\/comunicaciones\\\/\"}]}<\/script>\n<!-- \/ Yoast SEO plugin. -->","yoast_head_json":{"title":"Gimnasios Combarranquilla: Conoce las tarifas que tenemos disponibles para ti - Tu Gu\u00eda","robots":{"index":"index","follow":"follow","max-snippet":"max-snippet:-1","max-image-preview":"max-image-preview:large","max-video-preview":"max-video-preview:-1"},"canonical":"https:\/\/tuguia.combarranquilla.co\/Revista\/gimnasios-combarranquilla-conoce-las-tarifas-que-tenemos-disponibles-para-ti\/","og_locale":"es_ES","og_type":"article","og_title":"Gimnasios Combarranquilla: Conoce las tarifas que tenemos disponibles para ti - Tu Gu\u00eda","og_description":"Combarranquilla piensa en tu bienestar y pone a tu disposici\u00f3n tres gimnasios modernos en las unidades Country, Boston y Mario Santo Domingo (Calle 30). Con diferentes planes, tarifas y espacios, en donde nuestros facilitadores y entrenadores cuentan con una alta capacitaci\u00f3n para presentar un \u00f3ptimo servicio. Unidad Country (Calle 76 # 57- 61) Horarios Planes [&hellip;]","og_url":"https:\/\/tuguia.combarranquilla.co\/Revista\/gimnasios-combarranquilla-conoce-las-tarifas-que-tenemos-disponibles-para-ti\/","og_site_name":"Tu Gu\u00eda","article_published_time":"2023-12-02T18:45:46+00:00","article_modified_time":"2025-06-27T20:36:01+00:00","og_image":[{"width":2560,"height":1920,"url":"https:\/\/tuguia.combarranquilla.co\/Revista\/wp-content\/uploads\/2023\/09\/IMG_5458-scaled.jpg","type":"image\/jpeg"}],"author":"Comunicaciones Combarranquilla","twitter_card":"summary_large_image","twitter_misc":{"Escrito por":"Comunicaciones Combarranquilla","Tiempo de lectura":"2 minutos"},"schema":{"@context":"https:\/\/schema.org","@graph":[{"@type":"Article","@id":"https:\/\/tuguia.combarranquilla.co\/Revista\/gimnasios-combarranquilla-conoce-las-tarifas-que-tenemos-disponibles-para-ti\/#article","isPartOf":{"@id":"https:\/\/tuguia.combarranquilla.co\/Revista\/gimnasios-combarranquilla-conoce-las-tarifas-que-tenemos-disponibles-para-ti\/"},"author":{"name":"Comunicaciones Combarranquilla","@id":"https:\/\/tuguia.combarranquilla.co\/Revista\/#\/schema\/person\/c2c396a77170bd1d5f8ba73294eb0d10"},"headline":"Gimnasios Combarranquilla: Conoce las tarifas que tenemos disponibles para ti","datePublished":"2023-12-02T18:45:46+00:00","dateModified":"2025-06-27T20:36:01+00:00","mainEntityOfPage":{"@id":"https:\/\/tuguia.combarranquilla.co\/Revista\/gimnasios-combarranquilla-conoce-las-tarifas-que-tenemos-disponibles-para-ti\/"},"wordCount":215,"commentCount":0,"publisher":{"@id":"https:\/\/tuguia.combarranquilla.co\/Revista\/#organization"},"image":{"@id":"https:\/\/tuguia.combarranquilla.co\/Revista\/gimnasios-combarranquilla-conoce-las-tarifas-que-tenemos-disponibles-para-ti\/#primaryimage"},"thumbnailUrl":"https:\/\/tuguia.combarranquilla.co\/Revista\/wp-content\/uploads\/2023\/09\/IMG_5458-scaled.jpg","articleSection":["VIDA SALUDABLE"],"inLanguage":"es-CO","potentialAction":[{"@type":"CommentAction","name":"Comment","target":["https:\/\/tuguia.combarranquilla.co\/Revista\/gimnasios-combarranquilla-conoce-las-tarifas-que-tenemos-disponibles-para-ti\/#respond"]}]},{"@type":"WebPage","@id":"https:\/\/tuguia.combarranquilla.co\/Revista\/gimnasios-combarranquilla-conoce-las-tarifas-que-tenemos-disponibles-para-ti\/","url":"https:\/\/tuguia.combarranquilla.co\/Revista\/gimnasios-combarranquilla-conoce-las-tarifas-que-tenemos-disponibles-para-ti\/","name":"Gimnasios Combarranquilla: Conoce las tarifas que tenemos disponibles para ti - Tu Gu\u00eda","isPartOf":{"@id":"https:\/\/tuguia.combarranquilla.co\/Revista\/#website"},"primaryImageOfPage":{"@id":"https:\/\/tuguia.combarranquilla.co\/Revista\/gimnasios-combarranquilla-conoce-las-tarifas-que-tenemos-disponibles-para-ti\/#primaryimage"},"image":{"@id":"https:\/\/tuguia.combarranquilla.co\/Revista\/gimnasios-combarranquilla-conoce-las-tarifas-que-tenemos-disponibles-para-ti\/#primaryimage"},"thumbnailUrl":"https:\/\/tuguia.combarranquilla.co\/Revista\/wp-content\/uploads\/2023\/09\/IMG_5458-scaled.jpg","datePublished":"2023-12-02T18:45:46+00:00","dateModified":"2025-06-27T20:36:01+00:00","breadcrumb":{"@id":"https:\/\/tuguia.combarranquilla.co\/Revista\/gimnasios-combarranquilla-conoce-las-tarifas-que-tenemos-disponibles-para-ti\/#breadcrumb"},"inLanguage":"es-CO","potentialAction":[{"@type":"ReadAction","target":["https:\/\/tuguia.combarranquilla.co\/Revista\/gimnasios-combarranquilla-conoce-las-tarifas-que-tenemos-disponibles-para-ti\/"]}]},{"@type":"ImageObject","inLanguage":"es-CO","@id":"https:\/\/tuguia.combarranquilla.co\/Revista\/gimnasios-combarranquilla-conoce-las-tarifas-que-tenemos-disponibles-para-ti\/#primaryimage","url":"https:\/\/tuguia.combarranquilla.co\/Revista\/wp-content\/uploads\/2023\/09\/IMG_5458-scaled.jpg","contentUrl":"https:\/\/tuguia.combarranquilla.co\/Revista\/wp-content\/uploads\/2023\/09\/IMG_5458-scaled.jpg","width":2560,"height":1920},{"@type":"BreadcrumbList","@id":"https:\/\/tuguia.combarranquilla.co\/Revista\/gimnasios-combarranquilla-conoce-las-tarifas-que-tenemos-disponibles-para-ti\/#breadcrumb","itemListElement":[{"@type":"ListItem","position":1,"name":"Inicio","item":"https:\/\/tuguia.combarranquilla.co\/Revista\/"},{"@type":"ListItem","position":2,"name":"Gimnasios Combarranquilla: Conoce las tarifas que tenemos disponibles para ti"}]},{"@type":"WebSite","@id":"https:\/\/tuguia.combarranquilla.co\/Revista\/#website","url":"https:\/\/tuguia.combarranquilla.co\/Revista\/","name":"Tu Gu\u00eda","description":"La revista donde lo tienes todo.","publisher":{"@id":"https:\/\/tuguia.combarranquilla.co\/Revista\/#organization"},"alternateName":"Tu Gu\u00eda Combarranquilla","potentialAction":[{"@type":"SearchAction","target":{"@type":"EntryPoint","urlTemplate":"https:\/\/tuguia.combarranquilla.co\/Revista\/?s={search_term_string}"},"query-input":{"@type":"PropertyValueSpecification","valueRequired":true,"valueName":"search_term_string"}}],"inLanguage":"es-CO"},{"@type":"Organization","@id":"https:\/\/tuguia.combarranquilla.co\/Revista\/#organization","name":"Tu Gu\u00eda Combarranquilla","url":"https:\/\/tuguia.combarranquilla.co\/Revista\/","logo":{"@type":"ImageObject","inLanguage":"es-CO","@id":"https:\/\/tuguia.combarranquilla.co\/Revista\/#\/schema\/logo\/image\/","url":"https:\/\/tuguia.combarranquilla.co\/Revista\/wp-content\/uploads\/2022\/02\/logo-guia-combarranquilla.svg","contentUrl":"https:\/\/tuguia.combarranquilla.co\/Revista\/wp-content\/uploads\/2022\/02\/logo-guia-combarranquilla.svg","caption":"Tu Gu\u00eda Combarranquilla"},"image":{"@id":"https:\/\/tuguia.combarranquilla.co\/Revista\/#\/schema\/logo\/image\/"}},{"@type":"Person","@id":"https:\/\/tuguia.combarranquilla.co\/Revista\/#\/schema\/person\/c2c396a77170bd1d5f8ba73294eb0d10","name":"Comunicaciones Combarranquilla","image":{"@type":"ImageObject","inLanguage":"es-CO","@id":"https:\/\/tuguia.combarranquilla.co\/Revista\/wp-content\/uploads\/2025\/05\/ABC-Al-Rojo-Logo-96x96.jpg","url":"https:\/\/tuguia.combarranquilla.co\/Revista\/wp-content\/uploads\/2025\/05\/ABC-Al-Rojo-Logo-96x96.jpg","contentUrl":"https:\/\/tuguia.combarranquilla.co\/Revista\/wp-content\/uploads\/2025\/05\/ABC-Al-Rojo-Logo-96x96.jpg","caption":"Comunicaciones Combarranquilla"},"sameAs":["https:\/\/www.combarranquilla.co"],"url":"https:\/\/tuguia.combarranquilla.co\/Revista\/author\/comunicaciones\/"}]}},"_links":{"self":[{"href":"https:\/\/tuguia.combarranquilla.co\/Revista\/wp-json\/wp\/v2\/posts\/2726","targetHints":{"allow":["GET"]}}],"collection":[{"href":"https:\/\/tuguia.combarranquilla.co\/Revista\/wp-json\/wp\/v2\/posts"}],"about":[{"href":"https:\/\/tuguia.combarranquilla.co\/Revista\/wp-json\/wp\/v2\/types\/post"}],"author":[{"embeddable":true,"href":"https:\/\/tuguia.combarranquilla.co\/Revista\/wp-json\/wp\/v2\/users\/2"}],"replies":[{"embeddable":true,"href":"https:\/\/tuguia.combarranquilla.co\/Revista\/wp-json\/wp\/v2\/comments?post=2726"}],"version-history":[{"count":2,"href":"https:\/\/tuguia.combarranquilla.co\/Revista\/wp-json\/wp\/v2\/posts\/2726\/revisions"}],"predecessor-version":[{"id":2733,"href":"https:\/\/tuguia.combarranquilla.co\/Revista\/wp-json\/wp\/v2\/posts\/2726\/revisions\/2733"}],"wp:featuredmedia":[{"embeddable":true,"href":"https:\/\/tuguia.combarranquilla.co\/Revista\/wp-json\/wp\/v2\/media\/2727"}],"wp:attachment":[{"href":"https:\/\/tuguia.combarranquilla.co\/Revista\/wp-json\/wp\/v2\/media?parent=2726"}],"wp:term":[{"taxonomy":"category","embeddable":true,"href":"https:\/\/tuguia.combarranquilla.co\/Revista\/wp-json\/wp\/v2\/categories?post=2726"},{"taxonomy":"post_tag","embeddable":true,"href":"https:\/\/tuguia.combarranquilla.co\/Revista\/wp-json\/wp\/v2\/tags?post=2726"}],"curies":[{"name":"wp","href":"https:\/\/api.w.org\/{rel}","templated":true}]}}