{"id":2739,"date":"2023-10-02T08:45:39","date_gmt":"2023-10-02T13:45:39","guid":{"rendered":"https:\/\/tuguia.combarranquilla.co\/Revista\/?p=2739"},"modified":"2023-10-09T10:07:45","modified_gmt":"2023-10-09T15:07:45","slug":"la-dieta-del-p-y-g-una-conferencia-llena-de-experiencias-gratificantes","status":"publish","type":"post","link":"https:\/\/tuguia.combarranquilla.co\/Revista\/la-dieta-del-p-y-g-una-conferencia-llena-de-experiencias-gratificantes\/","title":{"rendered":"La Dieta del P y G, una conferencia llena de experiencias gratificantes."},"content":{"rendered":"\n<h2 class=\"wp-block-heading\">As\u00ed se vivi\u00f3 la conferencia La Dieta del P&amp;G de Antonina Canal, un espacio, donde, las personas aprendieron como perder kilos de bloqueos f\u00edsicos, emocionales y mentales. <\/h2>\n\n\n\n<p style=\"font-size:22px\">La conferencia \u201cLa Dieta del P y G\u201d, fue dictada por Antonina Canal, conferencista, bailarina, cinco veces medalla de oro en el mundial de danza del Cairo, terapeuta de bienestar, gestora cultural, emprendedora y mam\u00e1. Durante la conferencia se trataron dos temas muy importantes, los cuales son el perd\u00f3n y la gratitud.<\/p>\n\n\n\n<p style=\"font-size:22px\"><em>Si se puede y es f\u00e1cil perdonar y agradecer, la gratitud nos hace convertirnos en un im\u00e1n para crear milagros; la queja, la rabia y el rencor solo traen pobreza y enfermedad, perdonar y agradecer son una de las medicinas m\u00e1s importantes de la vida.<\/em> <strong>&#8211; Antonina Canal.<\/strong><\/p>\n\n\n\n<figure class=\"wp-block-image size-large\"><img decoding=\"async\" width=\"1024\" height=\"768\" data-src=\"https:\/\/tuguia.combarranquilla.co\/Revista\/wp-content\/uploads\/2023\/10\/WhatsApp-Image-2023-10-05-at-14.06.58-1024x768.jpeg\" alt=\"\" class=\"wp-image-2743 lazyload\" data-srcset=\"https:\/\/tuguia.combarranquilla.co\/Revista\/wp-content\/uploads\/2023\/10\/WhatsApp-Image-2023-10-05-at-14.06.58-1024x768.jpeg 1024w, https:\/\/tuguia.combarranquilla.co\/Revista\/wp-content\/uploads\/2023\/10\/WhatsApp-Image-2023-10-05-at-14.06.58-300x225.jpeg 300w, https:\/\/tuguia.combarranquilla.co\/Revista\/wp-content\/uploads\/2023\/10\/WhatsApp-Image-2023-10-05-at-14.06.58-768x576.jpeg 768w, https:\/\/tuguia.combarranquilla.co\/Revista\/wp-content\/uploads\/2023\/10\/WhatsApp-Image-2023-10-05-at-14.06.58-1536x1152.jpeg 1536w, https:\/\/tuguia.combarranquilla.co\/Revista\/wp-content\/uploads\/2023\/10\/WhatsApp-Image-2023-10-05-at-14.06.58.jpeg 1600w\" data-sizes=\"(max-width: 1024px) 100vw, 1024px\" src=\"data:image\/svg+xml;base64,PHN2ZyB3aWR0aD0iMSIgaGVpZ2h0PSIxIiB4bWxucz0iaHR0cDovL3d3dy53My5vcmcvMjAwMC9zdmciPjwvc3ZnPg==\" style=\"--smush-placeholder-width: 1024px; --smush-placeholder-aspect-ratio: 1024\/768;\" \/><\/figure>\n\n\n\n<p style=\"font-size:23px\">Un espacio destinado para aprender acerca de la gratitud y el perd\u00f3n, Antonina Canal, ofreci\u00f3 aquellas herramientas que ayudan a la persona a convertirse en quien quiera ser, usando la gratitud como mecanismo principal para llegar al camino del triunfo, dejando atr\u00e1s las quejas, el rencor y las malas energ\u00edas. <\/p>\n\n\n\n<p style=\"font-size:23px\"><em>La queja trae pobreza y la gratitud trae grandeza; aprender a perdonarte y a perdonar es de las medicinas m\u00e1s poderosas que existen para la salud y el bienestar.La queja trae pobreza y la gratitud trae grandeza; aprender a perdonarte y a perdonar es de las medicinas m\u00e1s poderosas que existen para la salud y el bienestar.<\/em> <strong>&#8211; Antonina Canal.<\/strong><\/p>\n\n\n\n<p style=\"font-size:23px\">\u00bfDeseas participar en m\u00e1s conferencias? No te pierdas nuestra pr\u00f3xima en octubre 13<strong> El Arte de Liderar<\/strong>, un espacio para aprender y entretenerte.<strong> \u00a1Afronta el desaf\u00edo del liderazgo en medio de los cambios socio culturales y generacionales en las compa\u00f1\u00edas! <\/strong><\/p>\n\n\n\n<figure class=\"wp-block-image size-large\"><img decoding=\"async\" width=\"1024\" height=\"604\" data-src=\"https:\/\/tuguia.combarranquilla.co\/Revista\/wp-content\/uploads\/2023\/10\/Mailing-El-Arte-de-Liderar-1024x604.png\" alt=\"\" class=\"wp-image-2747 lazyload\" data-srcset=\"https:\/\/tuguia.combarranquilla.co\/Revista\/wp-content\/uploads\/2023\/10\/Mailing-El-Arte-de-Liderar-1024x604.png 1024w, https:\/\/tuguia.combarranquilla.co\/Revista\/wp-content\/uploads\/2023\/10\/Mailing-El-Arte-de-Liderar-300x177.png 300w, https:\/\/tuguia.combarranquilla.co\/Revista\/wp-content\/uploads\/2023\/10\/Mailing-El-Arte-de-Liderar-768x453.png 768w, https:\/\/tuguia.combarranquilla.co\/Revista\/wp-content\/uploads\/2023\/10\/Mailing-El-Arte-de-Liderar.png 1130w\" data-sizes=\"(max-width: 1024px) 100vw, 1024px\" src=\"data:image\/svg+xml;base64,PHN2ZyB3aWR0aD0iMSIgaGVpZ2h0PSIxIiB4bWxucz0iaHR0cDovL3d3dy53My5vcmcvMjAwMC9zdmciPjwvc3ZnPg==\" style=\"--smush-placeholder-width: 1024px; --smush-placeholder-aspect-ratio: 1024\/604;\" \/><\/figure>\n\n\n\n<p style=\"font-size:23px\">M\u00e1s informes a (605) 3225049 ext. 1231-1232-1233-1236-1237 <\/p>\n","protected":false},"excerpt":{"rendered":"<p>As\u00ed se vivi\u00f3 la conferencia La Dieta del P&amp;G de Antonina Canal, un espacio, donde, las personas aprendieron como perder kilos de bloqueos f\u00edsicos, emocionales y mentales. La conferencia \u201cLa Dieta del P y G\u201d, fue dictada por Antonina Canal, conferencista, bailarina, cinco veces medalla de oro en el mundial de danza del Cairo, terapeuta [&hellip;]<\/p>\n","protected":false},"author":2,"featured_media":2740,"comment_status":"open","ping_status":"open","sticky":false,"template":"","format":"standard","meta":{"inline_featured_image":false,"footnotes":""},"categories":[8],"tags":[],"class_list":["post-2739","post","type-post","status-publish","format-standard","has-post-thumbnail","hentry","category-formacion"],"yoast_head":"<!-- This site is optimized with the Yoast SEO plugin v27.4 - https:\/\/yoast.com\/product\/yoast-seo-wordpress\/ -->\n<title>La Dieta del P y G, una conferencia llena de experiencias gratificantes. - Tu Gu\u00eda<\/title>\n<meta name=\"robots\" content=\"index, follow, max-snippet:-1, max-image-preview:large, max-video-preview:-1\" \/>\n<link rel=\"canonical\" href=\"https:\/\/tuguia.combarranquilla.co\/Revista\/la-dieta-del-p-y-g-una-conferencia-llena-de-experiencias-gratificantes\/\" \/>\n<meta property=\"og:locale\" content=\"es_ES\" \/>\n<meta property=\"og:type\" content=\"article\" \/>\n<meta property=\"og:title\" content=\"La Dieta del P y G, una conferencia llena de experiencias gratificantes. - Tu Gu\u00eda\" \/>\n<meta property=\"og:description\" content=\"As\u00ed se vivi\u00f3 la conferencia La Dieta del P&amp;G de Antonina Canal, un espacio, donde, las personas aprendieron como perder kilos de bloqueos f\u00edsicos, emocionales y mentales. La conferencia \u201cLa Dieta del P y G\u201d, fue dictada por Antonina Canal, conferencista, bailarina, cinco veces medalla de oro en el mundial de danza del Cairo, terapeuta [&hellip;]\" \/>\n<meta property=\"og:url\" content=\"https:\/\/tuguia.combarranquilla.co\/Revista\/la-dieta-del-p-y-g-una-conferencia-llena-de-experiencias-gratificantes\/\" \/>\n<meta property=\"og:site_name\" content=\"Tu Gu\u00eda\" \/>\n<meta property=\"article:published_time\" content=\"2023-10-02T13:45:39+00:00\" \/>\n<meta property=\"article:modified_time\" content=\"2023-10-09T15:07:45+00:00\" \/>\n<meta property=\"og:image\" content=\"https:\/\/tuguia.combarranquilla.co\/Revista\/wp-content\/uploads\/2023\/10\/WhatsApp-Image-2023-10-05-at-14.01.56.jpeg\" \/>\n\t<meta property=\"og:image:width\" content=\"1600\" \/>\n\t<meta property=\"og:image:height\" content=\"1200\" \/>\n\t<meta property=\"og:image:type\" content=\"image\/jpeg\" \/>\n<meta name=\"author\" content=\"Comunicaciones Combarranquilla\" \/>\n<meta name=\"twitter:card\" content=\"summary_large_image\" \/>\n<meta name=\"twitter:label1\" content=\"Escrito por\" \/>\n\t<meta name=\"twitter:data1\" content=\"Comunicaciones Combarranquilla\" \/>\n\t<meta name=\"twitter:label2\" content=\"Tiempo de lectura\" \/>\n\t<meta name=\"twitter:data2\" content=\"2 minutos\" \/>\n<script type=\"application\/ld+json\" class=\"yoast-schema-graph\">{\"@context\":\"https:\\\/\\\/schema.org\",\"@graph\":[{\"@type\":\"Article\",\"@id\":\"https:\\\/\\\/tuguia.combarranquilla.co\\\/Revista\\\/la-dieta-del-p-y-g-una-conferencia-llena-de-experiencias-gratificantes\\\/#article\",\"isPartOf\":{\"@id\":\"https:\\\/\\\/tuguia.combarranquilla.co\\\/Revista\\\/la-dieta-del-p-y-g-una-conferencia-llena-de-experiencias-gratificantes\\\/\"},\"author\":{\"name\":\"Comunicaciones Combarranquilla\",\"@id\":\"https:\\\/\\\/tuguia.combarranquilla.co\\\/Revista\\\/#\\\/schema\\\/person\\\/c2c396a77170bd1d5f8ba73294eb0d10\"},\"headline\":\"La Dieta del P y G, una conferencia llena de experiencias gratificantes.\",\"datePublished\":\"2023-10-02T13:45:39+00:00\",\"dateModified\":\"2023-10-09T15:07:45+00:00\",\"mainEntityOfPage\":{\"@id\":\"https:\\\/\\\/tuguia.combarranquilla.co\\\/Revista\\\/la-dieta-del-p-y-g-una-conferencia-llena-de-experiencias-gratificantes\\\/\"},\"wordCount\":314,\"commentCount\":0,\"publisher\":{\"@id\":\"https:\\\/\\\/tuguia.combarranquilla.co\\\/Revista\\\/#organization\"},\"image\":{\"@id\":\"https:\\\/\\\/tuguia.combarranquilla.co\\\/Revista\\\/la-dieta-del-p-y-g-una-conferencia-llena-de-experiencias-gratificantes\\\/#primaryimage\"},\"thumbnailUrl\":\"https:\\\/\\\/tuguia.combarranquilla.co\\\/Revista\\\/wp-content\\\/uploads\\\/2023\\\/10\\\/WhatsApp-Image-2023-10-05-at-14.01.56.jpeg\",\"articleSection\":[\"FORMACI\u00d3N\"],\"inLanguage\":\"es-CO\",\"potentialAction\":[{\"@type\":\"CommentAction\",\"name\":\"Comment\",\"target\":[\"https:\\\/\\\/tuguia.combarranquilla.co\\\/Revista\\\/la-dieta-del-p-y-g-una-conferencia-llena-de-experiencias-gratificantes\\\/#respond\"]}]},{\"@type\":\"WebPage\",\"@id\":\"https:\\\/\\\/tuguia.combarranquilla.co\\\/Revista\\\/la-dieta-del-p-y-g-una-conferencia-llena-de-experiencias-gratificantes\\\/\",\"url\":\"https:\\\/\\\/tuguia.combarranquilla.co\\\/Revista\\\/la-dieta-del-p-y-g-una-conferencia-llena-de-experiencias-gratificantes\\\/\",\"name\":\"La Dieta del P y G, una conferencia llena de experiencias gratificantes. - Tu Gu\u00eda\",\"isPartOf\":{\"@id\":\"https:\\\/\\\/tuguia.combarranquilla.co\\\/Revista\\\/#website\"},\"primaryImageOfPage\":{\"@id\":\"https:\\\/\\\/tuguia.combarranquilla.co\\\/Revista\\\/la-dieta-del-p-y-g-una-conferencia-llena-de-experiencias-gratificantes\\\/#primaryimage\"},\"image\":{\"@id\":\"https:\\\/\\\/tuguia.combarranquilla.co\\\/Revista\\\/la-dieta-del-p-y-g-una-conferencia-llena-de-experiencias-gratificantes\\\/#primaryimage\"},\"thumbnailUrl\":\"https:\\\/\\\/tuguia.combarranquilla.co\\\/Revista\\\/wp-content\\\/uploads\\\/2023\\\/10\\\/WhatsApp-Image-2023-10-05-at-14.01.56.jpeg\",\"datePublished\":\"2023-10-02T13:45:39+00:00\",\"dateModified\":\"2023-10-09T15:07:45+00:00\",\"breadcrumb\":{\"@id\":\"https:\\\/\\\/tuguia.combarranquilla.co\\\/Revista\\\/la-dieta-del-p-y-g-una-conferencia-llena-de-experiencias-gratificantes\\\/#breadcrumb\"},\"inLanguage\":\"es-CO\",\"potentialAction\":[{\"@type\":\"ReadAction\",\"target\":[\"https:\\\/\\\/tuguia.combarranquilla.co\\\/Revista\\\/la-dieta-del-p-y-g-una-conferencia-llena-de-experiencias-gratificantes\\\/\"]}]},{\"@type\":\"ImageObject\",\"inLanguage\":\"es-CO\",\"@id\":\"https:\\\/\\\/tuguia.combarranquilla.co\\\/Revista\\\/la-dieta-del-p-y-g-una-conferencia-llena-de-experiencias-gratificantes\\\/#primaryimage\",\"url\":\"https:\\\/\\\/tuguia.combarranquilla.co\\\/Revista\\\/wp-content\\\/uploads\\\/2023\\\/10\\\/WhatsApp-Image-2023-10-05-at-14.01.56.jpeg\",\"contentUrl\":\"https:\\\/\\\/tuguia.combarranquilla.co\\\/Revista\\\/wp-content\\\/uploads\\\/2023\\\/10\\\/WhatsApp-Image-2023-10-05-at-14.01.56.jpeg\",\"width\":1600,\"height\":1200},{\"@type\":\"BreadcrumbList\",\"@id\":\"https:\\\/\\\/tuguia.combarranquilla.co\\\/Revista\\\/la-dieta-del-p-y-g-una-conferencia-llena-de-experiencias-gratificantes\\\/#breadcrumb\",\"itemListElement\":[{\"@type\":\"ListItem\",\"position\":1,\"name\":\"Inicio\",\"item\":\"https:\\\/\\\/tuguia.combarranquilla.co\\\/Revista\\\/\"},{\"@type\":\"ListItem\",\"position\":2,\"name\":\"La Dieta del P y G, una conferencia llena de experiencias gratificantes.\"}]},{\"@type\":\"WebSite\",\"@id\":\"https:\\\/\\\/tuguia.combarranquilla.co\\\/Revista\\\/#website\",\"url\":\"https:\\\/\\\/tuguia.combarranquilla.co\\\/Revista\\\/\",\"name\":\"Tu Gu\u00eda\",\"description\":\"La revista donde lo tienes todo.\",\"publisher\":{\"@id\":\"https:\\\/\\\/tuguia.combarranquilla.co\\\/Revista\\\/#organization\"},\"alternateName\":\"Tu Gu\u00eda Combarranquilla\",\"potentialAction\":[{\"@type\":\"SearchAction\",\"target\":{\"@type\":\"EntryPoint\",\"urlTemplate\":\"https:\\\/\\\/tuguia.combarranquilla.co\\\/Revista\\\/?s={search_term_string}\"},\"query-input\":{\"@type\":\"PropertyValueSpecification\",\"valueRequired\":true,\"valueName\":\"search_term_string\"}}],\"inLanguage\":\"es-CO\"},{\"@type\":\"Organization\",\"@id\":\"https:\\\/\\\/tuguia.combarranquilla.co\\\/Revista\\\/#organization\",\"name\":\"Tu Gu\u00eda Combarranquilla\",\"url\":\"https:\\\/\\\/tuguia.combarranquilla.co\\\/Revista\\\/\",\"logo\":{\"@type\":\"ImageObject\",\"inLanguage\":\"es-CO\",\"@id\":\"https:\\\/\\\/tuguia.combarranquilla.co\\\/Revista\\\/#\\\/schema\\\/logo\\\/image\\\/\",\"url\":\"https:\\\/\\\/tuguia.combarranquilla.co\\\/Revista\\\/wp-content\\\/uploads\\\/2022\\\/02\\\/logo-guia-combarranquilla.svg\",\"contentUrl\":\"https:\\\/\\\/tuguia.combarranquilla.co\\\/Revista\\\/wp-content\\\/uploads\\\/2022\\\/02\\\/logo-guia-combarranquilla.svg\",\"caption\":\"Tu Gu\u00eda Combarranquilla\"},\"image\":{\"@id\":\"https:\\\/\\\/tuguia.combarranquilla.co\\\/Revista\\\/#\\\/schema\\\/logo\\\/image\\\/\"}},{\"@type\":\"Person\",\"@id\":\"https:\\\/\\\/tuguia.combarranquilla.co\\\/Revista\\\/#\\\/schema\\\/person\\\/c2c396a77170bd1d5f8ba73294eb0d10\",\"name\":\"Comunicaciones Combarranquilla\",\"image\":{\"@type\":\"ImageObject\",\"inLanguage\":\"es-CO\",\"@id\":\"https:\\\/\\\/tuguia.combarranquilla.co\\\/Revista\\\/wp-content\\\/uploads\\\/2025\\\/05\\\/ABC-Al-Rojo-Logo-96x96.jpg\",\"url\":\"https:\\\/\\\/tuguia.combarranquilla.co\\\/Revista\\\/wp-content\\\/uploads\\\/2025\\\/05\\\/ABC-Al-Rojo-Logo-96x96.jpg\",\"contentUrl\":\"https:\\\/\\\/tuguia.combarranquilla.co\\\/Revista\\\/wp-content\\\/uploads\\\/2025\\\/05\\\/ABC-Al-Rojo-Logo-96x96.jpg\",\"caption\":\"Comunicaciones Combarranquilla\"},\"sameAs\":[\"https:\\\/\\\/www.combarranquilla.co\"],\"url\":\"https:\\\/\\\/tuguia.combarranquilla.co\\\/Revista\\\/author\\\/comunicaciones\\\/\"}]}<\/script>\n<!-- \/ Yoast SEO plugin. -->","yoast_head_json":{"title":"La Dieta del P y G, una conferencia llena de experiencias gratificantes. - Tu Gu\u00eda","robots":{"index":"index","follow":"follow","max-snippet":"max-snippet:-1","max-image-preview":"max-image-preview:large","max-video-preview":"max-video-preview:-1"},"canonical":"https:\/\/tuguia.combarranquilla.co\/Revista\/la-dieta-del-p-y-g-una-conferencia-llena-de-experiencias-gratificantes\/","og_locale":"es_ES","og_type":"article","og_title":"La Dieta del P y G, una conferencia llena de experiencias gratificantes. - Tu Gu\u00eda","og_description":"As\u00ed se vivi\u00f3 la conferencia La Dieta del P&amp;G de Antonina Canal, un espacio, donde, las personas aprendieron como perder kilos de bloqueos f\u00edsicos, emocionales y mentales. La conferencia \u201cLa Dieta del P y G\u201d, fue dictada por Antonina Canal, conferencista, bailarina, cinco veces medalla de oro en el mundial de danza del Cairo, terapeuta [&hellip;]","og_url":"https:\/\/tuguia.combarranquilla.co\/Revista\/la-dieta-del-p-y-g-una-conferencia-llena-de-experiencias-gratificantes\/","og_site_name":"Tu Gu\u00eda","article_published_time":"2023-10-02T13:45:39+00:00","article_modified_time":"2023-10-09T15:07:45+00:00","og_image":[{"width":1600,"height":1200,"url":"https:\/\/tuguia.combarranquilla.co\/Revista\/wp-content\/uploads\/2023\/10\/WhatsApp-Image-2023-10-05-at-14.01.56.jpeg","type":"image\/jpeg"}],"author":"Comunicaciones Combarranquilla","twitter_card":"summary_large_image","twitter_misc":{"Escrito por":"Comunicaciones Combarranquilla","Tiempo de lectura":"2 minutos"},"schema":{"@context":"https:\/\/schema.org","@graph":[{"@type":"Article","@id":"https:\/\/tuguia.combarranquilla.co\/Revista\/la-dieta-del-p-y-g-una-conferencia-llena-de-experiencias-gratificantes\/#article","isPartOf":{"@id":"https:\/\/tuguia.combarranquilla.co\/Revista\/la-dieta-del-p-y-g-una-conferencia-llena-de-experiencias-gratificantes\/"},"author":{"name":"Comunicaciones Combarranquilla","@id":"https:\/\/tuguia.combarranquilla.co\/Revista\/#\/schema\/person\/c2c396a77170bd1d5f8ba73294eb0d10"},"headline":"La Dieta del P y G, una conferencia llena de experiencias gratificantes.","datePublished":"2023-10-02T13:45:39+00:00","dateModified":"2023-10-09T15:07:45+00:00","mainEntityOfPage":{"@id":"https:\/\/tuguia.combarranquilla.co\/Revista\/la-dieta-del-p-y-g-una-conferencia-llena-de-experiencias-gratificantes\/"},"wordCount":314,"commentCount":0,"publisher":{"@id":"https:\/\/tuguia.combarranquilla.co\/Revista\/#organization"},"image":{"@id":"https:\/\/tuguia.combarranquilla.co\/Revista\/la-dieta-del-p-y-g-una-conferencia-llena-de-experiencias-gratificantes\/#primaryimage"},"thumbnailUrl":"https:\/\/tuguia.combarranquilla.co\/Revista\/wp-content\/uploads\/2023\/10\/WhatsApp-Image-2023-10-05-at-14.01.56.jpeg","articleSection":["FORMACI\u00d3N"],"inLanguage":"es-CO","potentialAction":[{"@type":"CommentAction","name":"Comment","target":["https:\/\/tuguia.combarranquilla.co\/Revista\/la-dieta-del-p-y-g-una-conferencia-llena-de-experiencias-gratificantes\/#respond"]}]},{"@type":"WebPage","@id":"https:\/\/tuguia.combarranquilla.co\/Revista\/la-dieta-del-p-y-g-una-conferencia-llena-de-experiencias-gratificantes\/","url":"https:\/\/tuguia.combarranquilla.co\/Revista\/la-dieta-del-p-y-g-una-conferencia-llena-de-experiencias-gratificantes\/","name":"La Dieta del P y G, una conferencia llena de experiencias gratificantes. - Tu Gu\u00eda","isPartOf":{"@id":"https:\/\/tuguia.combarranquilla.co\/Revista\/#website"},"primaryImageOfPage":{"@id":"https:\/\/tuguia.combarranquilla.co\/Revista\/la-dieta-del-p-y-g-una-conferencia-llena-de-experiencias-gratificantes\/#primaryimage"},"image":{"@id":"https:\/\/tuguia.combarranquilla.co\/Revista\/la-dieta-del-p-y-g-una-conferencia-llena-de-experiencias-gratificantes\/#primaryimage"},"thumbnailUrl":"https:\/\/tuguia.combarranquilla.co\/Revista\/wp-content\/uploads\/2023\/10\/WhatsApp-Image-2023-10-05-at-14.01.56.jpeg","datePublished":"2023-10-02T13:45:39+00:00","dateModified":"2023-10-09T15:07:45+00:00","breadcrumb":{"@id":"https:\/\/tuguia.combarranquilla.co\/Revista\/la-dieta-del-p-y-g-una-conferencia-llena-de-experiencias-gratificantes\/#breadcrumb"},"inLanguage":"es-CO","potentialAction":[{"@type":"ReadAction","target":["https:\/\/tuguia.combarranquilla.co\/Revista\/la-dieta-del-p-y-g-una-conferencia-llena-de-experiencias-gratificantes\/"]}]},{"@type":"ImageObject","inLanguage":"es-CO","@id":"https:\/\/tuguia.combarranquilla.co\/Revista\/la-dieta-del-p-y-g-una-conferencia-llena-de-experiencias-gratificantes\/#primaryimage","url":"https:\/\/tuguia.combarranquilla.co\/Revista\/wp-content\/uploads\/2023\/10\/WhatsApp-Image-2023-10-05-at-14.01.56.jpeg","contentUrl":"https:\/\/tuguia.combarranquilla.co\/Revista\/wp-content\/uploads\/2023\/10\/WhatsApp-Image-2023-10-05-at-14.01.56.jpeg","width":1600,"height":1200},{"@type":"BreadcrumbList","@id":"https:\/\/tuguia.combarranquilla.co\/Revista\/la-dieta-del-p-y-g-una-conferencia-llena-de-experiencias-gratificantes\/#breadcrumb","itemListElement":[{"@type":"ListItem","position":1,"name":"Inicio","item":"https:\/\/tuguia.combarranquilla.co\/Revista\/"},{"@type":"ListItem","position":2,"name":"La Dieta del P y G, una conferencia llena de experiencias gratificantes."}]},{"@type":"WebSite","@id":"https:\/\/tuguia.combarranquilla.co\/Revista\/#website","url":"https:\/\/tuguia.combarranquilla.co\/Revista\/","name":"Tu Gu\u00eda","description":"La revista donde lo tienes todo.","publisher":{"@id":"https:\/\/tuguia.combarranquilla.co\/Revista\/#organization"},"alternateName":"Tu Gu\u00eda Combarranquilla","potentialAction":[{"@type":"SearchAction","target":{"@type":"EntryPoint","urlTemplate":"https:\/\/tuguia.combarranquilla.co\/Revista\/?s={search_term_string}"},"query-input":{"@type":"PropertyValueSpecification","valueRequired":true,"valueName":"search_term_string"}}],"inLanguage":"es-CO"},{"@type":"Organization","@id":"https:\/\/tuguia.combarranquilla.co\/Revista\/#organization","name":"Tu Gu\u00eda Combarranquilla","url":"https:\/\/tuguia.combarranquilla.co\/Revista\/","logo":{"@type":"ImageObject","inLanguage":"es-CO","@id":"https:\/\/tuguia.combarranquilla.co\/Revista\/#\/schema\/logo\/image\/","url":"https:\/\/tuguia.combarranquilla.co\/Revista\/wp-content\/uploads\/2022\/02\/logo-guia-combarranquilla.svg","contentUrl":"https:\/\/tuguia.combarranquilla.co\/Revista\/wp-content\/uploads\/2022\/02\/logo-guia-combarranquilla.svg","caption":"Tu Gu\u00eda Combarranquilla"},"image":{"@id":"https:\/\/tuguia.combarranquilla.co\/Revista\/#\/schema\/logo\/image\/"}},{"@type":"Person","@id":"https:\/\/tuguia.combarranquilla.co\/Revista\/#\/schema\/person\/c2c396a77170bd1d5f8ba73294eb0d10","name":"Comunicaciones Combarranquilla","image":{"@type":"ImageObject","inLanguage":"es-CO","@id":"https:\/\/tuguia.combarranquilla.co\/Revista\/wp-content\/uploads\/2025\/05\/ABC-Al-Rojo-Logo-96x96.jpg","url":"https:\/\/tuguia.combarranquilla.co\/Revista\/wp-content\/uploads\/2025\/05\/ABC-Al-Rojo-Logo-96x96.jpg","contentUrl":"https:\/\/tuguia.combarranquilla.co\/Revista\/wp-content\/uploads\/2025\/05\/ABC-Al-Rojo-Logo-96x96.jpg","caption":"Comunicaciones Combarranquilla"},"sameAs":["https:\/\/www.combarranquilla.co"],"url":"https:\/\/tuguia.combarranquilla.co\/Revista\/author\/comunicaciones\/"}]}},"_links":{"self":[{"href":"https:\/\/tuguia.combarranquilla.co\/Revista\/wp-json\/wp\/v2\/posts\/2739","targetHints":{"allow":["GET"]}}],"collection":[{"href":"https:\/\/tuguia.combarranquilla.co\/Revista\/wp-json\/wp\/v2\/posts"}],"about":[{"href":"https:\/\/tuguia.combarranquilla.co\/Revista\/wp-json\/wp\/v2\/types\/post"}],"author":[{"embeddable":true,"href":"https:\/\/tuguia.combarranquilla.co\/Revista\/wp-json\/wp\/v2\/users\/2"}],"replies":[{"embeddable":true,"href":"https:\/\/tuguia.combarranquilla.co\/Revista\/wp-json\/wp\/v2\/comments?post=2739"}],"version-history":[{"count":8,"href":"https:\/\/tuguia.combarranquilla.co\/Revista\/wp-json\/wp\/v2\/posts\/2739\/revisions"}],"predecessor-version":[{"id":2750,"href":"https:\/\/tuguia.combarranquilla.co\/Revista\/wp-json\/wp\/v2\/posts\/2739\/revisions\/2750"}],"wp:featuredmedia":[{"embeddable":true,"href":"https:\/\/tuguia.combarranquilla.co\/Revista\/wp-json\/wp\/v2\/media\/2740"}],"wp:attachment":[{"href":"https:\/\/tuguia.combarranquilla.co\/Revista\/wp-json\/wp\/v2\/media?parent=2739"}],"wp:term":[{"taxonomy":"category","embeddable":true,"href":"https:\/\/tuguia.combarranquilla.co\/Revista\/wp-json\/wp\/v2\/categories?post=2739"},{"taxonomy":"post_tag","embeddable":true,"href":"https:\/\/tuguia.combarranquilla.co\/Revista\/wp-json\/wp\/v2\/tags?post=2739"}],"curies":[{"name":"wp","href":"https:\/\/api.w.org\/{rel}","templated":true}]}}