{"id":2758,"date":"2023-10-19T16:54:05","date_gmt":"2023-10-19T21:54:05","guid":{"rendered":"https:\/\/tuguia.combarranquilla.co\/Revista\/?p=2758"},"modified":"2023-10-19T16:57:47","modified_gmt":"2023-10-19T21:57:47","slug":"programate-para-asistir-a-nuestro-festival-mexicano","status":"publish","type":"post","link":"https:\/\/tuguia.combarranquilla.co\/Revista\/programate-para-asistir-a-nuestro-festival-mexicano\/","title":{"rendered":"Progr\u00e1mate para asistir a nuestro Festival Mexicano"},"content":{"rendered":"\n<p class=\"has-medium-font-size\">La cocina mexicana se toma nuestro Restaurante Mirador, para que deleites tu paladar con exquisitos platos, adem\u00e1s te ofrecemos un amplio men\u00fa con platos tradicionales mexicanos preparados por nuestro chef.<\/p>\n\n\n\n<p><\/p>\n\n\n\n<figure class=\"wp-block-gallery alignwide has-nested-images columns-default is-cropped wp-block-gallery-1 is-layout-flex wp-block-gallery-is-layout-flex\">\n<figure class=\"wp-block-image size-large\"><img decoding=\"async\" width=\"1024\" height=\"1024\" data-id=\"2762\" data-src=\"https:\/\/tuguia.combarranquilla.co\/Revista\/wp-content\/uploads\/2023\/10\/WhatsApp-Image-2023-10-10-at-9.52.46-AM-1024x1024.jpeg\" alt=\"\" class=\"wp-image-2762 lazyload\" data-srcset=\"https:\/\/tuguia.combarranquilla.co\/Revista\/wp-content\/uploads\/2023\/10\/WhatsApp-Image-2023-10-10-at-9.52.46-AM-1024x1024.jpeg 1024w, https:\/\/tuguia.combarranquilla.co\/Revista\/wp-content\/uploads\/2023\/10\/WhatsApp-Image-2023-10-10-at-9.52.46-AM-300x300.jpeg 300w, https:\/\/tuguia.combarranquilla.co\/Revista\/wp-content\/uploads\/2023\/10\/WhatsApp-Image-2023-10-10-at-9.52.46-AM-150x150.jpeg 150w, https:\/\/tuguia.combarranquilla.co\/Revista\/wp-content\/uploads\/2023\/10\/WhatsApp-Image-2023-10-10-at-9.52.46-AM-768x768.jpeg 768w, https:\/\/tuguia.combarranquilla.co\/Revista\/wp-content\/uploads\/2023\/10\/WhatsApp-Image-2023-10-10-at-9.52.46-AM.jpeg 1080w\" data-sizes=\"(max-width: 1024px) 100vw, 1024px\" src=\"data:image\/svg+xml;base64,PHN2ZyB3aWR0aD0iMSIgaGVpZ2h0PSIxIiB4bWxucz0iaHR0cDovL3d3dy53My5vcmcvMjAwMC9zdmciPjwvc3ZnPg==\" style=\"--smush-placeholder-width: 1024px; --smush-placeholder-aspect-ratio: 1024\/1024;\" \/><\/figure>\n\n\n\n<figure class=\"wp-block-image size-large\"><img decoding=\"async\" width=\"1024\" height=\"1024\" data-id=\"2763\" data-src=\"https:\/\/tuguia.combarranquilla.co\/Revista\/wp-content\/uploads\/2023\/10\/WhatsApp-Image-2023-10-10-at-9.52.46-AM-1-1-1024x1024.jpeg\" alt=\"\" class=\"wp-image-2763 lazyload\" data-srcset=\"https:\/\/tuguia.combarranquilla.co\/Revista\/wp-content\/uploads\/2023\/10\/WhatsApp-Image-2023-10-10-at-9.52.46-AM-1-1-1024x1024.jpeg 1024w, https:\/\/tuguia.combarranquilla.co\/Revista\/wp-content\/uploads\/2023\/10\/WhatsApp-Image-2023-10-10-at-9.52.46-AM-1-1-300x300.jpeg 300w, https:\/\/tuguia.combarranquilla.co\/Revista\/wp-content\/uploads\/2023\/10\/WhatsApp-Image-2023-10-10-at-9.52.46-AM-1-1-150x150.jpeg 150w, https:\/\/tuguia.combarranquilla.co\/Revista\/wp-content\/uploads\/2023\/10\/WhatsApp-Image-2023-10-10-at-9.52.46-AM-1-1-768x768.jpeg 768w, https:\/\/tuguia.combarranquilla.co\/Revista\/wp-content\/uploads\/2023\/10\/WhatsApp-Image-2023-10-10-at-9.52.46-AM-1-1.jpeg 1080w\" data-sizes=\"(max-width: 1024px) 100vw, 1024px\" src=\"data:image\/svg+xml;base64,PHN2ZyB3aWR0aD0iMSIgaGVpZ2h0PSIxIiB4bWxucz0iaHR0cDovL3d3dy53My5vcmcvMjAwMC9zdmciPjwvc3ZnPg==\" style=\"--smush-placeholder-width: 1024px; --smush-placeholder-aspect-ratio: 1024\/1024;\" \/><\/figure>\n<\/figure>\n\n\n\n<p class=\"has-text-align-center\">Conoce nuestro men\u00fa<\/p>\n\n\n<div class=\"wp-block-image\">\n<figure class=\"aligncenter size-large is-resized\"><img decoding=\"async\" width=\"791\" height=\"1024\" data-src=\"https:\/\/tuguia.combarranquilla.co\/Revista\/wp-content\/uploads\/2023\/10\/CARTA-MENU-IMPRIMIR_Mesa-de-trabajo-1-1-791x1024.jpg\" alt=\"\" class=\"wp-image-2812 lazyload\" style=\"--smush-placeholder-width: 791px; --smush-placeholder-aspect-ratio: 791\/1024;aspect-ratio:0.7724609375;width:576px;height:auto\" data-srcset=\"https:\/\/tuguia.combarranquilla.co\/Revista\/wp-content\/uploads\/2023\/10\/CARTA-MENU-IMPRIMIR_Mesa-de-trabajo-1-1-791x1024.jpg 791w, https:\/\/tuguia.combarranquilla.co\/Revista\/wp-content\/uploads\/2023\/10\/CARTA-MENU-IMPRIMIR_Mesa-de-trabajo-1-1-232x300.jpg 232w, https:\/\/tuguia.combarranquilla.co\/Revista\/wp-content\/uploads\/2023\/10\/CARTA-MENU-IMPRIMIR_Mesa-de-trabajo-1-1-768x994.jpg 768w, https:\/\/tuguia.combarranquilla.co\/Revista\/wp-content\/uploads\/2023\/10\/CARTA-MENU-IMPRIMIR_Mesa-de-trabajo-1-1-1187x1536.jpg 1187w, https:\/\/tuguia.combarranquilla.co\/Revista\/wp-content\/uploads\/2023\/10\/CARTA-MENU-IMPRIMIR_Mesa-de-trabajo-1-1.jpg 1275w\" data-sizes=\"(max-width: 791px) 100vw, 791px\" src=\"data:image\/svg+xml;base64,PHN2ZyB3aWR0aD0iMSIgaGVpZ2h0PSIxIiB4bWxucz0iaHR0cDovL3d3dy53My5vcmcvMjAwMC9zdmciPjwvc3ZnPg==\" \/><\/figure><\/div>\n\n\n<p class=\"has-text-align-center has-medium-font-size\">No te pierdas la oportunidad de saborear las delicias gastron\u00f3micas que M\u00e9xico tiene para ofrecerte.<\/p>\n\n\n\n<p class=\"has-text-align-center has-medium-font-size\">\ud83d\udcc5<strong> Fecha:<\/strong> del 19 al 22 de Octubre<br>\u23f0 <strong>Lunes a Viernes <\/strong>de 12:00 m. a 3:00 p.m. &#8211; 5:00 a 9:00 p.m.<br>\u23f0 <strong>S\u00e1bado<\/strong> de 12:00 m. a 9:00 p.m.<br>\u23f0<strong>Domingo <\/strong>de 12:00 m. a 4:00 p.m.<\/p>\n\n\n\n<p class=\"has-text-align-center has-medium-font-size\">\ud83d\udccd <strong>Lugar:<\/strong> Restaurante Mirador del R\u00edo | Unidad Country, Tercer Piso.<\/p>\n\n\n\n<p class=\"has-medium-font-size\">Una experiencia gastron\u00f3mica llena de sabores irresistibles; el espacio ideal para que disfrutes con tu familia y amigos.<\/p>\n","protected":false},"excerpt":{"rendered":"<p>La cocina mexicana se toma nuestro Restaurante Mirador, para que deleites tu paladar con exquisitos platos, adem\u00e1s te ofrecemos un amplio men\u00fa con platos tradicionales mexicanos preparados por nuestro chef. Conoce nuestro men\u00fa No te pierdas la oportunidad de saborear las delicias gastron\u00f3micas que M\u00e9xico tiene para ofrecerte. \ud83d\udcc5 Fecha: del 19 al 22 de [&hellip;]<\/p>\n","protected":false},"author":2,"featured_media":2759,"comment_status":"open","ping_status":"open","sticky":false,"template":"","format":"standard","meta":{"inline_featured_image":false,"footnotes":""},"categories":[3],"tags":[],"class_list":["post-2758","post","type-post","status-publish","format-standard","has-post-thumbnail","hentry","category-mirador-gastronomico"],"yoast_head":"<!-- This site is optimized with the Yoast SEO plugin v27.4 - https:\/\/yoast.com\/product\/yoast-seo-wordpress\/ -->\n<title>Progr\u00e1mate para asistir a nuestro Festival Mexicano - Tu Gu\u00eda<\/title>\n<meta name=\"robots\" content=\"index, follow, max-snippet:-1, max-image-preview:large, max-video-preview:-1\" \/>\n<link rel=\"canonical\" href=\"https:\/\/tuguia.combarranquilla.co\/Revista\/programate-para-asistir-a-nuestro-festival-mexicano\/\" \/>\n<meta property=\"og:locale\" content=\"es_ES\" \/>\n<meta property=\"og:type\" content=\"article\" \/>\n<meta property=\"og:title\" content=\"Progr\u00e1mate para asistir a nuestro Festival Mexicano - Tu Gu\u00eda\" \/>\n<meta property=\"og:description\" content=\"La cocina mexicana se toma nuestro Restaurante Mirador, para que deleites tu paladar con exquisitos platos, adem\u00e1s te ofrecemos un amplio men\u00fa con platos tradicionales mexicanos preparados por nuestro chef. Conoce nuestro men\u00fa No te pierdas la oportunidad de saborear las delicias gastron\u00f3micas que M\u00e9xico tiene para ofrecerte. \ud83d\udcc5 Fecha: del 19 al 22 de [&hellip;]\" \/>\n<meta property=\"og:url\" content=\"https:\/\/tuguia.combarranquilla.co\/Revista\/programate-para-asistir-a-nuestro-festival-mexicano\/\" \/>\n<meta property=\"og:site_name\" content=\"Tu Gu\u00eda\" \/>\n<meta property=\"article:published_time\" content=\"2023-10-19T21:54:05+00:00\" \/>\n<meta property=\"article:modified_time\" content=\"2023-10-19T21:57:47+00:00\" \/>\n<meta property=\"og:image\" content=\"https:\/\/tuguia.combarranquilla.co\/Revista\/wp-content\/uploads\/2023\/10\/WhatsApp-Image-2023-10-11-at-9.34.40-AM-rotated.jpeg\" \/>\n\t<meta property=\"og:image:width\" content=\"1600\" \/>\n\t<meta property=\"og:image:height\" content=\"1200\" \/>\n\t<meta property=\"og:image:type\" content=\"image\/jpeg\" \/>\n<meta name=\"author\" content=\"Comunicaciones Combarranquilla\" \/>\n<meta name=\"twitter:card\" content=\"summary_large_image\" \/>\n<meta name=\"twitter:label1\" content=\"Escrito por\" \/>\n\t<meta name=\"twitter:data1\" content=\"Comunicaciones Combarranquilla\" \/>\n\t<meta name=\"twitter:label2\" content=\"Tiempo de lectura\" \/>\n\t<meta name=\"twitter:data2\" content=\"1 minuto\" \/>\n<script type=\"application\/ld+json\" class=\"yoast-schema-graph\">{\"@context\":\"https:\\\/\\\/schema.org\",\"@graph\":[{\"@type\":\"Article\",\"@id\":\"https:\\\/\\\/tuguia.combarranquilla.co\\\/Revista\\\/programate-para-asistir-a-nuestro-festival-mexicano\\\/#article\",\"isPartOf\":{\"@id\":\"https:\\\/\\\/tuguia.combarranquilla.co\\\/Revista\\\/programate-para-asistir-a-nuestro-festival-mexicano\\\/\"},\"author\":{\"name\":\"Comunicaciones Combarranquilla\",\"@id\":\"https:\\\/\\\/tuguia.combarranquilla.co\\\/Revista\\\/#\\\/schema\\\/person\\\/c2c396a77170bd1d5f8ba73294eb0d10\"},\"headline\":\"Progr\u00e1mate para asistir a nuestro Festival Mexicano\",\"datePublished\":\"2023-10-19T21:54:05+00:00\",\"dateModified\":\"2023-10-19T21:57:47+00:00\",\"mainEntityOfPage\":{\"@id\":\"https:\\\/\\\/tuguia.combarranquilla.co\\\/Revista\\\/programate-para-asistir-a-nuestro-festival-mexicano\\\/\"},\"wordCount\":118,\"commentCount\":0,\"publisher\":{\"@id\":\"https:\\\/\\\/tuguia.combarranquilla.co\\\/Revista\\\/#organization\"},\"image\":{\"@id\":\"https:\\\/\\\/tuguia.combarranquilla.co\\\/Revista\\\/programate-para-asistir-a-nuestro-festival-mexicano\\\/#primaryimage\"},\"thumbnailUrl\":\"https:\\\/\\\/tuguia.combarranquilla.co\\\/Revista\\\/wp-content\\\/uploads\\\/2023\\\/10\\\/WhatsApp-Image-2023-10-11-at-9.34.40-AM-rotated.jpeg\",\"articleSection\":[\"MIRADOR GASTRON\u00d3MICO\"],\"inLanguage\":\"es-CO\",\"potentialAction\":[{\"@type\":\"CommentAction\",\"name\":\"Comment\",\"target\":[\"https:\\\/\\\/tuguia.combarranquilla.co\\\/Revista\\\/programate-para-asistir-a-nuestro-festival-mexicano\\\/#respond\"]}]},{\"@type\":\"WebPage\",\"@id\":\"https:\\\/\\\/tuguia.combarranquilla.co\\\/Revista\\\/programate-para-asistir-a-nuestro-festival-mexicano\\\/\",\"url\":\"https:\\\/\\\/tuguia.combarranquilla.co\\\/Revista\\\/programate-para-asistir-a-nuestro-festival-mexicano\\\/\",\"name\":\"Progr\u00e1mate para asistir a nuestro Festival Mexicano - Tu Gu\u00eda\",\"isPartOf\":{\"@id\":\"https:\\\/\\\/tuguia.combarranquilla.co\\\/Revista\\\/#website\"},\"primaryImageOfPage\":{\"@id\":\"https:\\\/\\\/tuguia.combarranquilla.co\\\/Revista\\\/programate-para-asistir-a-nuestro-festival-mexicano\\\/#primaryimage\"},\"image\":{\"@id\":\"https:\\\/\\\/tuguia.combarranquilla.co\\\/Revista\\\/programate-para-asistir-a-nuestro-festival-mexicano\\\/#primaryimage\"},\"thumbnailUrl\":\"https:\\\/\\\/tuguia.combarranquilla.co\\\/Revista\\\/wp-content\\\/uploads\\\/2023\\\/10\\\/WhatsApp-Image-2023-10-11-at-9.34.40-AM-rotated.jpeg\",\"datePublished\":\"2023-10-19T21:54:05+00:00\",\"dateModified\":\"2023-10-19T21:57:47+00:00\",\"breadcrumb\":{\"@id\":\"https:\\\/\\\/tuguia.combarranquilla.co\\\/Revista\\\/programate-para-asistir-a-nuestro-festival-mexicano\\\/#breadcrumb\"},\"inLanguage\":\"es-CO\",\"potentialAction\":[{\"@type\":\"ReadAction\",\"target\":[\"https:\\\/\\\/tuguia.combarranquilla.co\\\/Revista\\\/programate-para-asistir-a-nuestro-festival-mexicano\\\/\"]}]},{\"@type\":\"ImageObject\",\"inLanguage\":\"es-CO\",\"@id\":\"https:\\\/\\\/tuguia.combarranquilla.co\\\/Revista\\\/programate-para-asistir-a-nuestro-festival-mexicano\\\/#primaryimage\",\"url\":\"https:\\\/\\\/tuguia.combarranquilla.co\\\/Revista\\\/wp-content\\\/uploads\\\/2023\\\/10\\\/WhatsApp-Image-2023-10-11-at-9.34.40-AM-rotated.jpeg\",\"contentUrl\":\"https:\\\/\\\/tuguia.combarranquilla.co\\\/Revista\\\/wp-content\\\/uploads\\\/2023\\\/10\\\/WhatsApp-Image-2023-10-11-at-9.34.40-AM-rotated.jpeg\",\"width\":1600,\"height\":1200},{\"@type\":\"BreadcrumbList\",\"@id\":\"https:\\\/\\\/tuguia.combarranquilla.co\\\/Revista\\\/programate-para-asistir-a-nuestro-festival-mexicano\\\/#breadcrumb\",\"itemListElement\":[{\"@type\":\"ListItem\",\"position\":1,\"name\":\"Inicio\",\"item\":\"https:\\\/\\\/tuguia.combarranquilla.co\\\/Revista\\\/\"},{\"@type\":\"ListItem\",\"position\":2,\"name\":\"Progr\u00e1mate para asistir a nuestro Festival Mexicano\"}]},{\"@type\":\"WebSite\",\"@id\":\"https:\\\/\\\/tuguia.combarranquilla.co\\\/Revista\\\/#website\",\"url\":\"https:\\\/\\\/tuguia.combarranquilla.co\\\/Revista\\\/\",\"name\":\"Tu Gu\u00eda\",\"description\":\"La revista donde lo tienes todo.\",\"publisher\":{\"@id\":\"https:\\\/\\\/tuguia.combarranquilla.co\\\/Revista\\\/#organization\"},\"alternateName\":\"Tu Gu\u00eda Combarranquilla\",\"potentialAction\":[{\"@type\":\"SearchAction\",\"target\":{\"@type\":\"EntryPoint\",\"urlTemplate\":\"https:\\\/\\\/tuguia.combarranquilla.co\\\/Revista\\\/?s={search_term_string}\"},\"query-input\":{\"@type\":\"PropertyValueSpecification\",\"valueRequired\":true,\"valueName\":\"search_term_string\"}}],\"inLanguage\":\"es-CO\"},{\"@type\":\"Organization\",\"@id\":\"https:\\\/\\\/tuguia.combarranquilla.co\\\/Revista\\\/#organization\",\"name\":\"Tu Gu\u00eda Combarranquilla\",\"url\":\"https:\\\/\\\/tuguia.combarranquilla.co\\\/Revista\\\/\",\"logo\":{\"@type\":\"ImageObject\",\"inLanguage\":\"es-CO\",\"@id\":\"https:\\\/\\\/tuguia.combarranquilla.co\\\/Revista\\\/#\\\/schema\\\/logo\\\/image\\\/\",\"url\":\"https:\\\/\\\/tuguia.combarranquilla.co\\\/Revista\\\/wp-content\\\/uploads\\\/2022\\\/02\\\/logo-guia-combarranquilla.svg\",\"contentUrl\":\"https:\\\/\\\/tuguia.combarranquilla.co\\\/Revista\\\/wp-content\\\/uploads\\\/2022\\\/02\\\/logo-guia-combarranquilla.svg\",\"caption\":\"Tu Gu\u00eda Combarranquilla\"},\"image\":{\"@id\":\"https:\\\/\\\/tuguia.combarranquilla.co\\\/Revista\\\/#\\\/schema\\\/logo\\\/image\\\/\"}},{\"@type\":\"Person\",\"@id\":\"https:\\\/\\\/tuguia.combarranquilla.co\\\/Revista\\\/#\\\/schema\\\/person\\\/c2c396a77170bd1d5f8ba73294eb0d10\",\"name\":\"Comunicaciones Combarranquilla\",\"image\":{\"@type\":\"ImageObject\",\"inLanguage\":\"es-CO\",\"@id\":\"https:\\\/\\\/tuguia.combarranquilla.co\\\/Revista\\\/wp-content\\\/uploads\\\/2025\\\/05\\\/ABC-Al-Rojo-Logo-96x96.jpg\",\"url\":\"https:\\\/\\\/tuguia.combarranquilla.co\\\/Revista\\\/wp-content\\\/uploads\\\/2025\\\/05\\\/ABC-Al-Rojo-Logo-96x96.jpg\",\"contentUrl\":\"https:\\\/\\\/tuguia.combarranquilla.co\\\/Revista\\\/wp-content\\\/uploads\\\/2025\\\/05\\\/ABC-Al-Rojo-Logo-96x96.jpg\",\"caption\":\"Comunicaciones Combarranquilla\"},\"sameAs\":[\"https:\\\/\\\/www.combarranquilla.co\"],\"url\":\"https:\\\/\\\/tuguia.combarranquilla.co\\\/Revista\\\/author\\\/comunicaciones\\\/\"}]}<\/script>\n<!-- \/ Yoast SEO plugin. -->","yoast_head_json":{"title":"Progr\u00e1mate para asistir a nuestro Festival Mexicano - Tu Gu\u00eda","robots":{"index":"index","follow":"follow","max-snippet":"max-snippet:-1","max-image-preview":"max-image-preview:large","max-video-preview":"max-video-preview:-1"},"canonical":"https:\/\/tuguia.combarranquilla.co\/Revista\/programate-para-asistir-a-nuestro-festival-mexicano\/","og_locale":"es_ES","og_type":"article","og_title":"Progr\u00e1mate para asistir a nuestro Festival Mexicano - Tu Gu\u00eda","og_description":"La cocina mexicana se toma nuestro Restaurante Mirador, para que deleites tu paladar con exquisitos platos, adem\u00e1s te ofrecemos un amplio men\u00fa con platos tradicionales mexicanos preparados por nuestro chef. Conoce nuestro men\u00fa No te pierdas la oportunidad de saborear las delicias gastron\u00f3micas que M\u00e9xico tiene para ofrecerte. \ud83d\udcc5 Fecha: del 19 al 22 de [&hellip;]","og_url":"https:\/\/tuguia.combarranquilla.co\/Revista\/programate-para-asistir-a-nuestro-festival-mexicano\/","og_site_name":"Tu Gu\u00eda","article_published_time":"2023-10-19T21:54:05+00:00","article_modified_time":"2023-10-19T21:57:47+00:00","og_image":[{"width":1600,"height":1200,"url":"https:\/\/tuguia.combarranquilla.co\/Revista\/wp-content\/uploads\/2023\/10\/WhatsApp-Image-2023-10-11-at-9.34.40-AM-rotated.jpeg","type":"image\/jpeg"}],"author":"Comunicaciones Combarranquilla","twitter_card":"summary_large_image","twitter_misc":{"Escrito por":"Comunicaciones Combarranquilla","Tiempo de lectura":"1 minuto"},"schema":{"@context":"https:\/\/schema.org","@graph":[{"@type":"Article","@id":"https:\/\/tuguia.combarranquilla.co\/Revista\/programate-para-asistir-a-nuestro-festival-mexicano\/#article","isPartOf":{"@id":"https:\/\/tuguia.combarranquilla.co\/Revista\/programate-para-asistir-a-nuestro-festival-mexicano\/"},"author":{"name":"Comunicaciones Combarranquilla","@id":"https:\/\/tuguia.combarranquilla.co\/Revista\/#\/schema\/person\/c2c396a77170bd1d5f8ba73294eb0d10"},"headline":"Progr\u00e1mate para asistir a nuestro Festival Mexicano","datePublished":"2023-10-19T21:54:05+00:00","dateModified":"2023-10-19T21:57:47+00:00","mainEntityOfPage":{"@id":"https:\/\/tuguia.combarranquilla.co\/Revista\/programate-para-asistir-a-nuestro-festival-mexicano\/"},"wordCount":118,"commentCount":0,"publisher":{"@id":"https:\/\/tuguia.combarranquilla.co\/Revista\/#organization"},"image":{"@id":"https:\/\/tuguia.combarranquilla.co\/Revista\/programate-para-asistir-a-nuestro-festival-mexicano\/#primaryimage"},"thumbnailUrl":"https:\/\/tuguia.combarranquilla.co\/Revista\/wp-content\/uploads\/2023\/10\/WhatsApp-Image-2023-10-11-at-9.34.40-AM-rotated.jpeg","articleSection":["MIRADOR GASTRON\u00d3MICO"],"inLanguage":"es-CO","potentialAction":[{"@type":"CommentAction","name":"Comment","target":["https:\/\/tuguia.combarranquilla.co\/Revista\/programate-para-asistir-a-nuestro-festival-mexicano\/#respond"]}]},{"@type":"WebPage","@id":"https:\/\/tuguia.combarranquilla.co\/Revista\/programate-para-asistir-a-nuestro-festival-mexicano\/","url":"https:\/\/tuguia.combarranquilla.co\/Revista\/programate-para-asistir-a-nuestro-festival-mexicano\/","name":"Progr\u00e1mate para asistir a nuestro Festival Mexicano - Tu Gu\u00eda","isPartOf":{"@id":"https:\/\/tuguia.combarranquilla.co\/Revista\/#website"},"primaryImageOfPage":{"@id":"https:\/\/tuguia.combarranquilla.co\/Revista\/programate-para-asistir-a-nuestro-festival-mexicano\/#primaryimage"},"image":{"@id":"https:\/\/tuguia.combarranquilla.co\/Revista\/programate-para-asistir-a-nuestro-festival-mexicano\/#primaryimage"},"thumbnailUrl":"https:\/\/tuguia.combarranquilla.co\/Revista\/wp-content\/uploads\/2023\/10\/WhatsApp-Image-2023-10-11-at-9.34.40-AM-rotated.jpeg","datePublished":"2023-10-19T21:54:05+00:00","dateModified":"2023-10-19T21:57:47+00:00","breadcrumb":{"@id":"https:\/\/tuguia.combarranquilla.co\/Revista\/programate-para-asistir-a-nuestro-festival-mexicano\/#breadcrumb"},"inLanguage":"es-CO","potentialAction":[{"@type":"ReadAction","target":["https:\/\/tuguia.combarranquilla.co\/Revista\/programate-para-asistir-a-nuestro-festival-mexicano\/"]}]},{"@type":"ImageObject","inLanguage":"es-CO","@id":"https:\/\/tuguia.combarranquilla.co\/Revista\/programate-para-asistir-a-nuestro-festival-mexicano\/#primaryimage","url":"https:\/\/tuguia.combarranquilla.co\/Revista\/wp-content\/uploads\/2023\/10\/WhatsApp-Image-2023-10-11-at-9.34.40-AM-rotated.jpeg","contentUrl":"https:\/\/tuguia.combarranquilla.co\/Revista\/wp-content\/uploads\/2023\/10\/WhatsApp-Image-2023-10-11-at-9.34.40-AM-rotated.jpeg","width":1600,"height":1200},{"@type":"BreadcrumbList","@id":"https:\/\/tuguia.combarranquilla.co\/Revista\/programate-para-asistir-a-nuestro-festival-mexicano\/#breadcrumb","itemListElement":[{"@type":"ListItem","position":1,"name":"Inicio","item":"https:\/\/tuguia.combarranquilla.co\/Revista\/"},{"@type":"ListItem","position":2,"name":"Progr\u00e1mate para asistir a nuestro Festival Mexicano"}]},{"@type":"WebSite","@id":"https:\/\/tuguia.combarranquilla.co\/Revista\/#website","url":"https:\/\/tuguia.combarranquilla.co\/Revista\/","name":"Tu Gu\u00eda","description":"La revista donde lo tienes todo.","publisher":{"@id":"https:\/\/tuguia.combarranquilla.co\/Revista\/#organization"},"alternateName":"Tu Gu\u00eda Combarranquilla","potentialAction":[{"@type":"SearchAction","target":{"@type":"EntryPoint","urlTemplate":"https:\/\/tuguia.combarranquilla.co\/Revista\/?s={search_term_string}"},"query-input":{"@type":"PropertyValueSpecification","valueRequired":true,"valueName":"search_term_string"}}],"inLanguage":"es-CO"},{"@type":"Organization","@id":"https:\/\/tuguia.combarranquilla.co\/Revista\/#organization","name":"Tu Gu\u00eda Combarranquilla","url":"https:\/\/tuguia.combarranquilla.co\/Revista\/","logo":{"@type":"ImageObject","inLanguage":"es-CO","@id":"https:\/\/tuguia.combarranquilla.co\/Revista\/#\/schema\/logo\/image\/","url":"https:\/\/tuguia.combarranquilla.co\/Revista\/wp-content\/uploads\/2022\/02\/logo-guia-combarranquilla.svg","contentUrl":"https:\/\/tuguia.combarranquilla.co\/Revista\/wp-content\/uploads\/2022\/02\/logo-guia-combarranquilla.svg","caption":"Tu Gu\u00eda Combarranquilla"},"image":{"@id":"https:\/\/tuguia.combarranquilla.co\/Revista\/#\/schema\/logo\/image\/"}},{"@type":"Person","@id":"https:\/\/tuguia.combarranquilla.co\/Revista\/#\/schema\/person\/c2c396a77170bd1d5f8ba73294eb0d10","name":"Comunicaciones Combarranquilla","image":{"@type":"ImageObject","inLanguage":"es-CO","@id":"https:\/\/tuguia.combarranquilla.co\/Revista\/wp-content\/uploads\/2025\/05\/ABC-Al-Rojo-Logo-96x96.jpg","url":"https:\/\/tuguia.combarranquilla.co\/Revista\/wp-content\/uploads\/2025\/05\/ABC-Al-Rojo-Logo-96x96.jpg","contentUrl":"https:\/\/tuguia.combarranquilla.co\/Revista\/wp-content\/uploads\/2025\/05\/ABC-Al-Rojo-Logo-96x96.jpg","caption":"Comunicaciones Combarranquilla"},"sameAs":["https:\/\/www.combarranquilla.co"],"url":"https:\/\/tuguia.combarranquilla.co\/Revista\/author\/comunicaciones\/"}]}},"_links":{"self":[{"href":"https:\/\/tuguia.combarranquilla.co\/Revista\/wp-json\/wp\/v2\/posts\/2758","targetHints":{"allow":["GET"]}}],"collection":[{"href":"https:\/\/tuguia.combarranquilla.co\/Revista\/wp-json\/wp\/v2\/posts"}],"about":[{"href":"https:\/\/tuguia.combarranquilla.co\/Revista\/wp-json\/wp\/v2\/types\/post"}],"author":[{"embeddable":true,"href":"https:\/\/tuguia.combarranquilla.co\/Revista\/wp-json\/wp\/v2\/users\/2"}],"replies":[{"embeddable":true,"href":"https:\/\/tuguia.combarranquilla.co\/Revista\/wp-json\/wp\/v2\/comments?post=2758"}],"version-history":[{"count":12,"href":"https:\/\/tuguia.combarranquilla.co\/Revista\/wp-json\/wp\/v2\/posts\/2758\/revisions"}],"predecessor-version":[{"id":2825,"href":"https:\/\/tuguia.combarranquilla.co\/Revista\/wp-json\/wp\/v2\/posts\/2758\/revisions\/2825"}],"wp:featuredmedia":[{"embeddable":true,"href":"https:\/\/tuguia.combarranquilla.co\/Revista\/wp-json\/wp\/v2\/media\/2759"}],"wp:attachment":[{"href":"https:\/\/tuguia.combarranquilla.co\/Revista\/wp-json\/wp\/v2\/media?parent=2758"}],"wp:term":[{"taxonomy":"category","embeddable":true,"href":"https:\/\/tuguia.combarranquilla.co\/Revista\/wp-json\/wp\/v2\/categories?post=2758"},{"taxonomy":"post_tag","embeddable":true,"href":"https:\/\/tuguia.combarranquilla.co\/Revista\/wp-json\/wp\/v2\/tags?post=2758"}],"curies":[{"name":"wp","href":"https:\/\/api.w.org\/{rel}","templated":true}]}}