{"id":2816,"date":"2023-10-19T16:50:33","date_gmt":"2023-10-19T21:50:33","guid":{"rendered":"https:\/\/tuguia.combarranquilla.co\/Revista\/?p=2816"},"modified":"2023-10-19T16:52:16","modified_gmt":"2023-10-19T21:52:16","slug":"ceremonia-de-graduacion-de-los-programas-tecnicos-laborales-2023-2","status":"publish","type":"post","link":"https:\/\/tuguia.combarranquilla.co\/Revista\/ceremonia-de-graduacion-de-los-programas-tecnicos-laborales-2023-2\/","title":{"rendered":"Ceremonia de graduaci\u00f3n de los Programas T\u00e9cnicos Laborales 2023-2"},"content":{"rendered":"\n<p>Combarranquilla entreg\u00f3 207 certificaciones de sus Programas T\u00e9cnicos Laborales del per\u00edodo 2023-2. La ceremonia fue realizada el 18 de octubre en el Centro de Convenciones de la Unidad Country.<\/p>\n\n\n<div class=\"wp-block-image\">\n<figure class=\"aligncenter size-large is-resized\"><img decoding=\"async\" width=\"1024\" height=\"683\" data-src=\"https:\/\/tuguia.combarranquilla.co\/Revista\/wp-content\/uploads\/2023\/10\/DSC05986-1024x683.jpg\" alt=\"\" class=\"wp-image-2818 lazyload\" style=\"--smush-placeholder-width: 1024px; --smush-placeholder-aspect-ratio: 1024\/683;aspect-ratio:1.499267935578331;width:640px;height:auto\" data-srcset=\"https:\/\/tuguia.combarranquilla.co\/Revista\/wp-content\/uploads\/2023\/10\/DSC05986-1024x683.jpg 1024w, https:\/\/tuguia.combarranquilla.co\/Revista\/wp-content\/uploads\/2023\/10\/DSC05986-300x200.jpg 300w, https:\/\/tuguia.combarranquilla.co\/Revista\/wp-content\/uploads\/2023\/10\/DSC05986-768x512.jpg 768w, https:\/\/tuguia.combarranquilla.co\/Revista\/wp-content\/uploads\/2023\/10\/DSC05986-1536x1024.jpg 1536w, https:\/\/tuguia.combarranquilla.co\/Revista\/wp-content\/uploads\/2023\/10\/DSC05986-2048x1365.jpg 2048w\" data-sizes=\"(max-width: 1024px) 100vw, 1024px\" src=\"data:image\/svg+xml;base64,PHN2ZyB3aWR0aD0iMSIgaGVpZ2h0PSIxIiB4bWxucz0iaHR0cDovL3d3dy53My5vcmcvMjAwMC9zdmciPjwvc3ZnPg==\" \/><figcaption class=\"wp-element-caption\">La mesa directiva estuvo conformada por Ernesto Herrera, director de Combarranquilla, Vicente Nicolella, gerente de servicios y Sandra P\u00e1ez, jefe de educaci\u00f3n<\/figcaption><\/figure><\/div>\n\n\n<p><\/p>\n\n\n\n<p>Los estudiantes se graduaron de los diferentes programas t\u00e9cnicos que ofrece el Centro de Formaci\u00f3n, los cuales son: Auxiliar Agente de Viaje y Turismo, Auxiliar Contable y Financiero, Auxiliar en Almac\u00e9n y Bodegaje, Auxiliar en Comercio Exterior, Auxiliar en Mercadeo y Ventas, Auxiliar en Cocina y Auxiliar Administrativo.<\/p>\n\n\n\n<p>Para Combarranquilla es un orgullo contribuir en el futuro de j\u00f3venes y adultos que deseen forjar su camino educativo y emprender en su camino laboral. Su esfuerzo, compromiso y disciplina los lleva a cumplir una meta mas.<\/p>\n\n\n\n<p>Combarranquilla entrega a\u00f1o tras a\u00f1o, j\u00f3venes comprometidos con la&nbsp;<strong>educaci\u00f3n y la transformaci\u00f3n social.<\/strong><\/p>\n\n\n\n<p>\u00c9xitos en sus pr\u00f3ximos proyectos.<\/p>\n\n\n\n<p>Continuamos transformando vidas.<\/p>\n","protected":false},"excerpt":{"rendered":"<p>Combarranquilla entreg\u00f3 207 certificaciones de sus Programas T\u00e9cnicos Laborales del per\u00edodo 2023-2. La ceremonia fue realizada el 18 de octubre en el Centro de Convenciones de la Unidad Country. Los estudiantes se graduaron de los diferentes programas t\u00e9cnicos que ofrece el Centro de Formaci\u00f3n, los cuales son: Auxiliar Agente de Viaje y Turismo, Auxiliar Contable [&hellip;]<\/p>\n","protected":false},"author":2,"featured_media":2819,"comment_status":"open","ping_status":"open","sticky":false,"template":"","format":"standard","meta":{"inline_featured_image":false,"footnotes":""},"categories":[8],"tags":[],"class_list":["post-2816","post","type-post","status-publish","format-standard","has-post-thumbnail","hentry","category-formacion"],"yoast_head":"<!-- This site is optimized with the Yoast SEO plugin v27.4 - https:\/\/yoast.com\/product\/yoast-seo-wordpress\/ -->\n<title>Ceremonia de graduaci\u00f3n de los Programas T\u00e9cnicos Laborales 2023-2 - Tu Gu\u00eda<\/title>\n<meta name=\"robots\" content=\"index, follow, max-snippet:-1, max-image-preview:large, max-video-preview:-1\" \/>\n<link rel=\"canonical\" href=\"https:\/\/tuguia.combarranquilla.co\/Revista\/ceremonia-de-graduacion-de-los-programas-tecnicos-laborales-2023-2\/\" \/>\n<meta property=\"og:locale\" content=\"es_ES\" \/>\n<meta property=\"og:type\" content=\"article\" \/>\n<meta property=\"og:title\" content=\"Ceremonia de graduaci\u00f3n de los Programas T\u00e9cnicos Laborales 2023-2 - Tu Gu\u00eda\" \/>\n<meta property=\"og:description\" content=\"Combarranquilla entreg\u00f3 207 certificaciones de sus Programas T\u00e9cnicos Laborales del per\u00edodo 2023-2. La ceremonia fue realizada el 18 de octubre en el Centro de Convenciones de la Unidad Country. Los estudiantes se graduaron de los diferentes programas t\u00e9cnicos que ofrece el Centro de Formaci\u00f3n, los cuales son: Auxiliar Agente de Viaje y Turismo, Auxiliar Contable [&hellip;]\" \/>\n<meta property=\"og:url\" content=\"https:\/\/tuguia.combarranquilla.co\/Revista\/ceremonia-de-graduacion-de-los-programas-tecnicos-laborales-2023-2\/\" \/>\n<meta property=\"og:site_name\" content=\"Tu Gu\u00eda\" \/>\n<meta property=\"article:published_time\" content=\"2023-10-19T21:50:33+00:00\" \/>\n<meta property=\"article:modified_time\" content=\"2023-10-19T21:52:16+00:00\" \/>\n<meta property=\"og:image\" content=\"https:\/\/tuguia.combarranquilla.co\/Revista\/wp-content\/uploads\/2023\/10\/DSC06040-scaled.jpg\" \/>\n\t<meta property=\"og:image:width\" content=\"2560\" \/>\n\t<meta property=\"og:image:height\" content=\"1707\" \/>\n\t<meta property=\"og:image:type\" content=\"image\/jpeg\" \/>\n<meta name=\"author\" content=\"Comunicaciones Combarranquilla\" \/>\n<meta name=\"twitter:card\" content=\"summary_large_image\" \/>\n<meta name=\"twitter:label1\" content=\"Escrito por\" \/>\n\t<meta name=\"twitter:data1\" content=\"Comunicaciones Combarranquilla\" \/>\n\t<meta name=\"twitter:label2\" content=\"Tiempo de lectura\" \/>\n\t<meta name=\"twitter:data2\" content=\"1 minuto\" \/>\n<script type=\"application\/ld+json\" class=\"yoast-schema-graph\">{\"@context\":\"https:\\\/\\\/schema.org\",\"@graph\":[{\"@type\":\"Article\",\"@id\":\"https:\\\/\\\/tuguia.combarranquilla.co\\\/Revista\\\/ceremonia-de-graduacion-de-los-programas-tecnicos-laborales-2023-2\\\/#article\",\"isPartOf\":{\"@id\":\"https:\\\/\\\/tuguia.combarranquilla.co\\\/Revista\\\/ceremonia-de-graduacion-de-los-programas-tecnicos-laborales-2023-2\\\/\"},\"author\":{\"name\":\"Comunicaciones Combarranquilla\",\"@id\":\"https:\\\/\\\/tuguia.combarranquilla.co\\\/Revista\\\/#\\\/schema\\\/person\\\/c2c396a77170bd1d5f8ba73294eb0d10\"},\"headline\":\"Ceremonia de graduaci\u00f3n de los Programas T\u00e9cnicos Laborales 2023-2\",\"datePublished\":\"2023-10-19T21:50:33+00:00\",\"dateModified\":\"2023-10-19T21:52:16+00:00\",\"mainEntityOfPage\":{\"@id\":\"https:\\\/\\\/tuguia.combarranquilla.co\\\/Revista\\\/ceremonia-de-graduacion-de-los-programas-tecnicos-laborales-2023-2\\\/\"},\"wordCount\":182,\"commentCount\":0,\"publisher\":{\"@id\":\"https:\\\/\\\/tuguia.combarranquilla.co\\\/Revista\\\/#organization\"},\"image\":{\"@id\":\"https:\\\/\\\/tuguia.combarranquilla.co\\\/Revista\\\/ceremonia-de-graduacion-de-los-programas-tecnicos-laborales-2023-2\\\/#primaryimage\"},\"thumbnailUrl\":\"https:\\\/\\\/tuguia.combarranquilla.co\\\/Revista\\\/wp-content\\\/uploads\\\/2023\\\/10\\\/DSC06040-scaled.jpg\",\"articleSection\":[\"FORMACI\u00d3N\"],\"inLanguage\":\"es-CO\",\"potentialAction\":[{\"@type\":\"CommentAction\",\"name\":\"Comment\",\"target\":[\"https:\\\/\\\/tuguia.combarranquilla.co\\\/Revista\\\/ceremonia-de-graduacion-de-los-programas-tecnicos-laborales-2023-2\\\/#respond\"]}]},{\"@type\":\"WebPage\",\"@id\":\"https:\\\/\\\/tuguia.combarranquilla.co\\\/Revista\\\/ceremonia-de-graduacion-de-los-programas-tecnicos-laborales-2023-2\\\/\",\"url\":\"https:\\\/\\\/tuguia.combarranquilla.co\\\/Revista\\\/ceremonia-de-graduacion-de-los-programas-tecnicos-laborales-2023-2\\\/\",\"name\":\"Ceremonia de graduaci\u00f3n de los Programas T\u00e9cnicos Laborales 2023-2 - Tu Gu\u00eda\",\"isPartOf\":{\"@id\":\"https:\\\/\\\/tuguia.combarranquilla.co\\\/Revista\\\/#website\"},\"primaryImageOfPage\":{\"@id\":\"https:\\\/\\\/tuguia.combarranquilla.co\\\/Revista\\\/ceremonia-de-graduacion-de-los-programas-tecnicos-laborales-2023-2\\\/#primaryimage\"},\"image\":{\"@id\":\"https:\\\/\\\/tuguia.combarranquilla.co\\\/Revista\\\/ceremonia-de-graduacion-de-los-programas-tecnicos-laborales-2023-2\\\/#primaryimage\"},\"thumbnailUrl\":\"https:\\\/\\\/tuguia.combarranquilla.co\\\/Revista\\\/wp-content\\\/uploads\\\/2023\\\/10\\\/DSC06040-scaled.jpg\",\"datePublished\":\"2023-10-19T21:50:33+00:00\",\"dateModified\":\"2023-10-19T21:52:16+00:00\",\"breadcrumb\":{\"@id\":\"https:\\\/\\\/tuguia.combarranquilla.co\\\/Revista\\\/ceremonia-de-graduacion-de-los-programas-tecnicos-laborales-2023-2\\\/#breadcrumb\"},\"inLanguage\":\"es-CO\",\"potentialAction\":[{\"@type\":\"ReadAction\",\"target\":[\"https:\\\/\\\/tuguia.combarranquilla.co\\\/Revista\\\/ceremonia-de-graduacion-de-los-programas-tecnicos-laborales-2023-2\\\/\"]}]},{\"@type\":\"ImageObject\",\"inLanguage\":\"es-CO\",\"@id\":\"https:\\\/\\\/tuguia.combarranquilla.co\\\/Revista\\\/ceremonia-de-graduacion-de-los-programas-tecnicos-laborales-2023-2\\\/#primaryimage\",\"url\":\"https:\\\/\\\/tuguia.combarranquilla.co\\\/Revista\\\/wp-content\\\/uploads\\\/2023\\\/10\\\/DSC06040-scaled.jpg\",\"contentUrl\":\"https:\\\/\\\/tuguia.combarranquilla.co\\\/Revista\\\/wp-content\\\/uploads\\\/2023\\\/10\\\/DSC06040-scaled.jpg\",\"width\":2560,\"height\":1707},{\"@type\":\"BreadcrumbList\",\"@id\":\"https:\\\/\\\/tuguia.combarranquilla.co\\\/Revista\\\/ceremonia-de-graduacion-de-los-programas-tecnicos-laborales-2023-2\\\/#breadcrumb\",\"itemListElement\":[{\"@type\":\"ListItem\",\"position\":1,\"name\":\"Inicio\",\"item\":\"https:\\\/\\\/tuguia.combarranquilla.co\\\/Revista\\\/\"},{\"@type\":\"ListItem\",\"position\":2,\"name\":\"Ceremonia de graduaci\u00f3n de los Programas T\u00e9cnicos Laborales 2023-2\"}]},{\"@type\":\"WebSite\",\"@id\":\"https:\\\/\\\/tuguia.combarranquilla.co\\\/Revista\\\/#website\",\"url\":\"https:\\\/\\\/tuguia.combarranquilla.co\\\/Revista\\\/\",\"name\":\"Tu Gu\u00eda\",\"description\":\"La revista donde lo tienes todo.\",\"publisher\":{\"@id\":\"https:\\\/\\\/tuguia.combarranquilla.co\\\/Revista\\\/#organization\"},\"alternateName\":\"Tu Gu\u00eda Combarranquilla\",\"potentialAction\":[{\"@type\":\"SearchAction\",\"target\":{\"@type\":\"EntryPoint\",\"urlTemplate\":\"https:\\\/\\\/tuguia.combarranquilla.co\\\/Revista\\\/?s={search_term_string}\"},\"query-input\":{\"@type\":\"PropertyValueSpecification\",\"valueRequired\":true,\"valueName\":\"search_term_string\"}}],\"inLanguage\":\"es-CO\"},{\"@type\":\"Organization\",\"@id\":\"https:\\\/\\\/tuguia.combarranquilla.co\\\/Revista\\\/#organization\",\"name\":\"Tu Gu\u00eda Combarranquilla\",\"url\":\"https:\\\/\\\/tuguia.combarranquilla.co\\\/Revista\\\/\",\"logo\":{\"@type\":\"ImageObject\",\"inLanguage\":\"es-CO\",\"@id\":\"https:\\\/\\\/tuguia.combarranquilla.co\\\/Revista\\\/#\\\/schema\\\/logo\\\/image\\\/\",\"url\":\"https:\\\/\\\/tuguia.combarranquilla.co\\\/Revista\\\/wp-content\\\/uploads\\\/2022\\\/02\\\/logo-guia-combarranquilla.svg\",\"contentUrl\":\"https:\\\/\\\/tuguia.combarranquilla.co\\\/Revista\\\/wp-content\\\/uploads\\\/2022\\\/02\\\/logo-guia-combarranquilla.svg\",\"caption\":\"Tu Gu\u00eda Combarranquilla\"},\"image\":{\"@id\":\"https:\\\/\\\/tuguia.combarranquilla.co\\\/Revista\\\/#\\\/schema\\\/logo\\\/image\\\/\"}},{\"@type\":\"Person\",\"@id\":\"https:\\\/\\\/tuguia.combarranquilla.co\\\/Revista\\\/#\\\/schema\\\/person\\\/c2c396a77170bd1d5f8ba73294eb0d10\",\"name\":\"Comunicaciones Combarranquilla\",\"image\":{\"@type\":\"ImageObject\",\"inLanguage\":\"es-CO\",\"@id\":\"https:\\\/\\\/tuguia.combarranquilla.co\\\/Revista\\\/wp-content\\\/uploads\\\/2025\\\/05\\\/ABC-Al-Rojo-Logo-96x96.jpg\",\"url\":\"https:\\\/\\\/tuguia.combarranquilla.co\\\/Revista\\\/wp-content\\\/uploads\\\/2025\\\/05\\\/ABC-Al-Rojo-Logo-96x96.jpg\",\"contentUrl\":\"https:\\\/\\\/tuguia.combarranquilla.co\\\/Revista\\\/wp-content\\\/uploads\\\/2025\\\/05\\\/ABC-Al-Rojo-Logo-96x96.jpg\",\"caption\":\"Comunicaciones Combarranquilla\"},\"sameAs\":[\"https:\\\/\\\/www.combarranquilla.co\"],\"url\":\"https:\\\/\\\/tuguia.combarranquilla.co\\\/Revista\\\/author\\\/comunicaciones\\\/\"}]}<\/script>\n<!-- \/ Yoast SEO plugin. -->","yoast_head_json":{"title":"Ceremonia de graduaci\u00f3n de los Programas T\u00e9cnicos Laborales 2023-2 - Tu Gu\u00eda","robots":{"index":"index","follow":"follow","max-snippet":"max-snippet:-1","max-image-preview":"max-image-preview:large","max-video-preview":"max-video-preview:-1"},"canonical":"https:\/\/tuguia.combarranquilla.co\/Revista\/ceremonia-de-graduacion-de-los-programas-tecnicos-laborales-2023-2\/","og_locale":"es_ES","og_type":"article","og_title":"Ceremonia de graduaci\u00f3n de los Programas T\u00e9cnicos Laborales 2023-2 - Tu Gu\u00eda","og_description":"Combarranquilla entreg\u00f3 207 certificaciones de sus Programas T\u00e9cnicos Laborales del per\u00edodo 2023-2. La ceremonia fue realizada el 18 de octubre en el Centro de Convenciones de la Unidad Country. Los estudiantes se graduaron de los diferentes programas t\u00e9cnicos que ofrece el Centro de Formaci\u00f3n, los cuales son: Auxiliar Agente de Viaje y Turismo, Auxiliar Contable [&hellip;]","og_url":"https:\/\/tuguia.combarranquilla.co\/Revista\/ceremonia-de-graduacion-de-los-programas-tecnicos-laborales-2023-2\/","og_site_name":"Tu Gu\u00eda","article_published_time":"2023-10-19T21:50:33+00:00","article_modified_time":"2023-10-19T21:52:16+00:00","og_image":[{"width":2560,"height":1707,"url":"https:\/\/tuguia.combarranquilla.co\/Revista\/wp-content\/uploads\/2023\/10\/DSC06040-scaled.jpg","type":"image\/jpeg"}],"author":"Comunicaciones Combarranquilla","twitter_card":"summary_large_image","twitter_misc":{"Escrito por":"Comunicaciones Combarranquilla","Tiempo de lectura":"1 minuto"},"schema":{"@context":"https:\/\/schema.org","@graph":[{"@type":"Article","@id":"https:\/\/tuguia.combarranquilla.co\/Revista\/ceremonia-de-graduacion-de-los-programas-tecnicos-laborales-2023-2\/#article","isPartOf":{"@id":"https:\/\/tuguia.combarranquilla.co\/Revista\/ceremonia-de-graduacion-de-los-programas-tecnicos-laborales-2023-2\/"},"author":{"name":"Comunicaciones Combarranquilla","@id":"https:\/\/tuguia.combarranquilla.co\/Revista\/#\/schema\/person\/c2c396a77170bd1d5f8ba73294eb0d10"},"headline":"Ceremonia de graduaci\u00f3n de los Programas T\u00e9cnicos Laborales 2023-2","datePublished":"2023-10-19T21:50:33+00:00","dateModified":"2023-10-19T21:52:16+00:00","mainEntityOfPage":{"@id":"https:\/\/tuguia.combarranquilla.co\/Revista\/ceremonia-de-graduacion-de-los-programas-tecnicos-laborales-2023-2\/"},"wordCount":182,"commentCount":0,"publisher":{"@id":"https:\/\/tuguia.combarranquilla.co\/Revista\/#organization"},"image":{"@id":"https:\/\/tuguia.combarranquilla.co\/Revista\/ceremonia-de-graduacion-de-los-programas-tecnicos-laborales-2023-2\/#primaryimage"},"thumbnailUrl":"https:\/\/tuguia.combarranquilla.co\/Revista\/wp-content\/uploads\/2023\/10\/DSC06040-scaled.jpg","articleSection":["FORMACI\u00d3N"],"inLanguage":"es-CO","potentialAction":[{"@type":"CommentAction","name":"Comment","target":["https:\/\/tuguia.combarranquilla.co\/Revista\/ceremonia-de-graduacion-de-los-programas-tecnicos-laborales-2023-2\/#respond"]}]},{"@type":"WebPage","@id":"https:\/\/tuguia.combarranquilla.co\/Revista\/ceremonia-de-graduacion-de-los-programas-tecnicos-laborales-2023-2\/","url":"https:\/\/tuguia.combarranquilla.co\/Revista\/ceremonia-de-graduacion-de-los-programas-tecnicos-laborales-2023-2\/","name":"Ceremonia de graduaci\u00f3n de los Programas T\u00e9cnicos Laborales 2023-2 - Tu Gu\u00eda","isPartOf":{"@id":"https:\/\/tuguia.combarranquilla.co\/Revista\/#website"},"primaryImageOfPage":{"@id":"https:\/\/tuguia.combarranquilla.co\/Revista\/ceremonia-de-graduacion-de-los-programas-tecnicos-laborales-2023-2\/#primaryimage"},"image":{"@id":"https:\/\/tuguia.combarranquilla.co\/Revista\/ceremonia-de-graduacion-de-los-programas-tecnicos-laborales-2023-2\/#primaryimage"},"thumbnailUrl":"https:\/\/tuguia.combarranquilla.co\/Revista\/wp-content\/uploads\/2023\/10\/DSC06040-scaled.jpg","datePublished":"2023-10-19T21:50:33+00:00","dateModified":"2023-10-19T21:52:16+00:00","breadcrumb":{"@id":"https:\/\/tuguia.combarranquilla.co\/Revista\/ceremonia-de-graduacion-de-los-programas-tecnicos-laborales-2023-2\/#breadcrumb"},"inLanguage":"es-CO","potentialAction":[{"@type":"ReadAction","target":["https:\/\/tuguia.combarranquilla.co\/Revista\/ceremonia-de-graduacion-de-los-programas-tecnicos-laborales-2023-2\/"]}]},{"@type":"ImageObject","inLanguage":"es-CO","@id":"https:\/\/tuguia.combarranquilla.co\/Revista\/ceremonia-de-graduacion-de-los-programas-tecnicos-laborales-2023-2\/#primaryimage","url":"https:\/\/tuguia.combarranquilla.co\/Revista\/wp-content\/uploads\/2023\/10\/DSC06040-scaled.jpg","contentUrl":"https:\/\/tuguia.combarranquilla.co\/Revista\/wp-content\/uploads\/2023\/10\/DSC06040-scaled.jpg","width":2560,"height":1707},{"@type":"BreadcrumbList","@id":"https:\/\/tuguia.combarranquilla.co\/Revista\/ceremonia-de-graduacion-de-los-programas-tecnicos-laborales-2023-2\/#breadcrumb","itemListElement":[{"@type":"ListItem","position":1,"name":"Inicio","item":"https:\/\/tuguia.combarranquilla.co\/Revista\/"},{"@type":"ListItem","position":2,"name":"Ceremonia de graduaci\u00f3n de los Programas T\u00e9cnicos Laborales 2023-2"}]},{"@type":"WebSite","@id":"https:\/\/tuguia.combarranquilla.co\/Revista\/#website","url":"https:\/\/tuguia.combarranquilla.co\/Revista\/","name":"Tu Gu\u00eda","description":"La revista donde lo tienes todo.","publisher":{"@id":"https:\/\/tuguia.combarranquilla.co\/Revista\/#organization"},"alternateName":"Tu Gu\u00eda Combarranquilla","potentialAction":[{"@type":"SearchAction","target":{"@type":"EntryPoint","urlTemplate":"https:\/\/tuguia.combarranquilla.co\/Revista\/?s={search_term_string}"},"query-input":{"@type":"PropertyValueSpecification","valueRequired":true,"valueName":"search_term_string"}}],"inLanguage":"es-CO"},{"@type":"Organization","@id":"https:\/\/tuguia.combarranquilla.co\/Revista\/#organization","name":"Tu Gu\u00eda Combarranquilla","url":"https:\/\/tuguia.combarranquilla.co\/Revista\/","logo":{"@type":"ImageObject","inLanguage":"es-CO","@id":"https:\/\/tuguia.combarranquilla.co\/Revista\/#\/schema\/logo\/image\/","url":"https:\/\/tuguia.combarranquilla.co\/Revista\/wp-content\/uploads\/2022\/02\/logo-guia-combarranquilla.svg","contentUrl":"https:\/\/tuguia.combarranquilla.co\/Revista\/wp-content\/uploads\/2022\/02\/logo-guia-combarranquilla.svg","caption":"Tu Gu\u00eda Combarranquilla"},"image":{"@id":"https:\/\/tuguia.combarranquilla.co\/Revista\/#\/schema\/logo\/image\/"}},{"@type":"Person","@id":"https:\/\/tuguia.combarranquilla.co\/Revista\/#\/schema\/person\/c2c396a77170bd1d5f8ba73294eb0d10","name":"Comunicaciones Combarranquilla","image":{"@type":"ImageObject","inLanguage":"es-CO","@id":"https:\/\/tuguia.combarranquilla.co\/Revista\/wp-content\/uploads\/2025\/05\/ABC-Al-Rojo-Logo-96x96.jpg","url":"https:\/\/tuguia.combarranquilla.co\/Revista\/wp-content\/uploads\/2025\/05\/ABC-Al-Rojo-Logo-96x96.jpg","contentUrl":"https:\/\/tuguia.combarranquilla.co\/Revista\/wp-content\/uploads\/2025\/05\/ABC-Al-Rojo-Logo-96x96.jpg","caption":"Comunicaciones Combarranquilla"},"sameAs":["https:\/\/www.combarranquilla.co"],"url":"https:\/\/tuguia.combarranquilla.co\/Revista\/author\/comunicaciones\/"}]}},"_links":{"self":[{"href":"https:\/\/tuguia.combarranquilla.co\/Revista\/wp-json\/wp\/v2\/posts\/2816","targetHints":{"allow":["GET"]}}],"collection":[{"href":"https:\/\/tuguia.combarranquilla.co\/Revista\/wp-json\/wp\/v2\/posts"}],"about":[{"href":"https:\/\/tuguia.combarranquilla.co\/Revista\/wp-json\/wp\/v2\/types\/post"}],"author":[{"embeddable":true,"href":"https:\/\/tuguia.combarranquilla.co\/Revista\/wp-json\/wp\/v2\/users\/2"}],"replies":[{"embeddable":true,"href":"https:\/\/tuguia.combarranquilla.co\/Revista\/wp-json\/wp\/v2\/comments?post=2816"}],"version-history":[{"count":3,"href":"https:\/\/tuguia.combarranquilla.co\/Revista\/wp-json\/wp\/v2\/posts\/2816\/revisions"}],"predecessor-version":[{"id":2822,"href":"https:\/\/tuguia.combarranquilla.co\/Revista\/wp-json\/wp\/v2\/posts\/2816\/revisions\/2822"}],"wp:featuredmedia":[{"embeddable":true,"href":"https:\/\/tuguia.combarranquilla.co\/Revista\/wp-json\/wp\/v2\/media\/2819"}],"wp:attachment":[{"href":"https:\/\/tuguia.combarranquilla.co\/Revista\/wp-json\/wp\/v2\/media?parent=2816"}],"wp:term":[{"taxonomy":"category","embeddable":true,"href":"https:\/\/tuguia.combarranquilla.co\/Revista\/wp-json\/wp\/v2\/categories?post=2816"},{"taxonomy":"post_tag","embeddable":true,"href":"https:\/\/tuguia.combarranquilla.co\/Revista\/wp-json\/wp\/v2\/tags?post=2816"}],"curies":[{"name":"wp","href":"https:\/\/api.w.org\/{rel}","templated":true}]}}