{"id":2888,"date":"2023-10-17T14:40:37","date_gmt":"2023-10-17T19:40:37","guid":{"rendered":"https:\/\/tuguia.combarranquilla.co\/Revista\/?p=2888"},"modified":"2023-10-25T15:16:14","modified_gmt":"2023-10-25T20:16:14","slug":"asi-se-vivio-el-eclipse-solar-en-el-planetario-de-combarranquilla","status":"publish","type":"post","link":"https:\/\/tuguia.combarranquilla.co\/Revista\/asi-se-vivio-el-eclipse-solar-en-el-planetario-de-combarranquilla\/","title":{"rendered":"As\u00ed se vivi\u00f3 el Eclipse Solar en el Planetario de Combarranquilla"},"content":{"rendered":"<div class=\"wp-block-image\">\n<figure class=\"alignleft size-large is-resized\"><img decoding=\"async\" width=\"576\" height=\"1024\" data-src=\"https:\/\/tuguia.combarranquilla.co\/Revista\/wp-content\/uploads\/2023\/10\/WhatsApp-Image-2023-10-14-at-16.55.41-576x1024.jpeg\" alt=\"\" class=\"wp-image-2911 lazyload\" style=\"--smush-placeholder-width: 576px; --smush-placeholder-aspect-ratio: 576\/1024;aspect-ratio:0.5625;width:407px;height:auto\" data-srcset=\"https:\/\/tuguia.combarranquilla.co\/Revista\/wp-content\/uploads\/2023\/10\/WhatsApp-Image-2023-10-14-at-16.55.41-576x1024.jpeg 576w, https:\/\/tuguia.combarranquilla.co\/Revista\/wp-content\/uploads\/2023\/10\/WhatsApp-Image-2023-10-14-at-16.55.41-169x300.jpeg 169w, https:\/\/tuguia.combarranquilla.co\/Revista\/wp-content\/uploads\/2023\/10\/WhatsApp-Image-2023-10-14-at-16.55.41-768x1365.jpeg 768w, https:\/\/tuguia.combarranquilla.co\/Revista\/wp-content\/uploads\/2023\/10\/WhatsApp-Image-2023-10-14-at-16.55.41-864x1536.jpeg 864w, https:\/\/tuguia.combarranquilla.co\/Revista\/wp-content\/uploads\/2023\/10\/WhatsApp-Image-2023-10-14-at-16.55.41-1152x2048.jpeg 1152w, https:\/\/tuguia.combarranquilla.co\/Revista\/wp-content\/uploads\/2023\/10\/WhatsApp-Image-2023-10-14-at-16.55.41-scaled.jpeg 1440w\" data-sizes=\"(max-width: 576px) 100vw, 576px\" src=\"data:image\/svg+xml;base64,PHN2ZyB3aWR0aD0iMSIgaGVpZ2h0PSIxIiB4bWxucz0iaHR0cDovL3d3dy53My5vcmcvMjAwMC9zdmciPjwvc3ZnPg==\" \/><\/figure><\/div>\n\n\n<p class=\"has-medium-font-size\">El Eclipse se produjo el pasado 14 de octubre, en donde la luna se aline\u00f3 con el sol y la tierra para producir as\u00ed este fen\u00f3meno natural.<\/p>\n\n\n\n<p class=\"has-medium-font-size\">Esto ocurre cuando la Luna se alinea entre el sol y la Tierra, pero estando est\u00e1 en su punto m\u00e1s alejado desde el planeta. Este hecho hace que el di\u00e1metro aparente de la Luna sea un poco m\u00e1s peque\u00f1o que el del Sol, por lo que no alcanza a cubrirlo totalmente, dejando los bordes exteriores del disco solar visibles formando el denominado \u201cAnillo de fuego\u201d.<\/p>\n\n\n\n<p class=\"has-medium-font-size\">Desde el Planetario de Combarranquilla; ni\u00f1os, j\u00f3venes y adultos pudieron observar este gran acontecimiento desde las 11:00 a.m. hasta las 3:00 p.m. con la realizaci\u00f3n de diferentes actividades como: &nbsp;talleres para ni\u00f1os, charlas sobre m\u00e9todos seguros para observar el eclipse solar, proyecciones audiovisuales y observaci\u00f3n del eclipse a trav\u00e9s de telescopios.<\/p>\n\n\n\n<p class=\"has-medium-font-size\">La observaci\u00f3n del eclipse del sol, en cualquier caso; no se debe hacer nunca observando de forma directa ya que puede lastimar gravemente los ojos e incluso dejar ciego. La \u00fanica opci\u00f3n segura es una protecci\u00f3n ocular adecuada como gafas para eclipses o un filtro solar especial.<\/p>\n\n\n\n<p class=\"has-medium-font-size\">En el Planetario de Combarranquilla miembros de la Red de Astronom\u00eda de Colombia, se dispuso la venta de gafas certificadas bajo la norma ISO 12312-2 2015, para la observaci\u00f3n del eclipse.<\/p>\n\n\n<div class=\"wp-block-image\">\n<figure class=\"aligncenter size-large is-resized\"><img decoding=\"async\" width=\"784\" height=\"1024\" data-src=\"https:\/\/tuguia.combarranquilla.co\/Revista\/wp-content\/uploads\/2023\/10\/WhatsApp-Image-2023-10-14-at-1.46.08-PM-784x1024.jpeg\" alt=\"\" class=\"wp-image-2899 lazyload\" style=\"--smush-placeholder-width: 784px; --smush-placeholder-aspect-ratio: 784\/1024;aspect-ratio:0.765625;width:467px;height:auto\" data-srcset=\"https:\/\/tuguia.combarranquilla.co\/Revista\/wp-content\/uploads\/2023\/10\/WhatsApp-Image-2023-10-14-at-1.46.08-PM-784x1024.jpeg 784w, https:\/\/tuguia.combarranquilla.co\/Revista\/wp-content\/uploads\/2023\/10\/WhatsApp-Image-2023-10-14-at-1.46.08-PM-230x300.jpeg 230w, https:\/\/tuguia.combarranquilla.co\/Revista\/wp-content\/uploads\/2023\/10\/WhatsApp-Image-2023-10-14-at-1.46.08-PM-768x1003.jpeg 768w, https:\/\/tuguia.combarranquilla.co\/Revista\/wp-content\/uploads\/2023\/10\/WhatsApp-Image-2023-10-14-at-1.46.08-PM.jpeg 980w\" data-sizes=\"(max-width: 784px) 100vw, 784px\" src=\"data:image\/svg+xml;base64,PHN2ZyB3aWR0aD0iMSIgaGVpZ2h0PSIxIiB4bWxucz0iaHR0cDovL3d3dy53My5vcmcvMjAwMC9zdmciPjwvc3ZnPg==\" \/><\/figure><\/div>","protected":false},"excerpt":{"rendered":"<p>El Eclipse se produjo el pasado 14 de octubre, en donde la luna se aline\u00f3 con el sol y la tierra para producir as\u00ed este fen\u00f3meno natural. Esto ocurre cuando la Luna se alinea entre el sol y la Tierra, pero estando est\u00e1 en su punto m\u00e1s alejado desde el planeta. Este hecho hace que [&hellip;]<\/p>\n","protected":false},"author":2,"featured_media":2909,"comment_status":"open","ping_status":"open","sticky":false,"template":"","format":"standard","meta":{"inline_featured_image":false,"footnotes":""},"categories":[4],"tags":[],"class_list":["post-2888","post","type-post","status-publish","format-standard","has-post-thumbnail","hentry","category-ciencia-y-cultura"],"yoast_head":"<!-- This site is optimized with the Yoast SEO plugin v27.4 - https:\/\/yoast.com\/product\/yoast-seo-wordpress\/ -->\n<title>As\u00ed se vivi\u00f3 el Eclipse Solar en el Planetario de Combarranquilla - Tu Gu\u00eda<\/title>\n<meta name=\"robots\" content=\"index, follow, max-snippet:-1, max-image-preview:large, max-video-preview:-1\" \/>\n<link rel=\"canonical\" href=\"https:\/\/tuguia.combarranquilla.co\/Revista\/asi-se-vivio-el-eclipse-solar-en-el-planetario-de-combarranquilla\/\" \/>\n<meta property=\"og:locale\" content=\"es_ES\" \/>\n<meta property=\"og:type\" content=\"article\" \/>\n<meta property=\"og:title\" content=\"As\u00ed se vivi\u00f3 el Eclipse Solar en el Planetario de Combarranquilla - Tu Gu\u00eda\" \/>\n<meta property=\"og:description\" content=\"El Eclipse se produjo el pasado 14 de octubre, en donde la luna se aline\u00f3 con el sol y la tierra para producir as\u00ed este fen\u00f3meno natural. Esto ocurre cuando la Luna se alinea entre el sol y la Tierra, pero estando est\u00e1 en su punto m\u00e1s alejado desde el planeta. Este hecho hace que [&hellip;]\" \/>\n<meta property=\"og:url\" content=\"https:\/\/tuguia.combarranquilla.co\/Revista\/asi-se-vivio-el-eclipse-solar-en-el-planetario-de-combarranquilla\/\" \/>\n<meta property=\"og:site_name\" content=\"Tu Gu\u00eda\" \/>\n<meta property=\"article:published_time\" content=\"2023-10-17T19:40:37+00:00\" \/>\n<meta property=\"article:modified_time\" content=\"2023-10-25T20:16:14+00:00\" \/>\n<meta property=\"og:image\" content=\"https:\/\/tuguia.combarranquilla.co\/Revista\/wp-content\/uploads\/2023\/10\/WhatsApp-Image-2023-10-14-at-16.55.25.jpeg\" \/>\n\t<meta property=\"og:image:width\" content=\"1080\" \/>\n\t<meta property=\"og:image:height\" content=\"809\" \/>\n\t<meta property=\"og:image:type\" content=\"image\/jpeg\" \/>\n<meta name=\"author\" content=\"Comunicaciones Combarranquilla\" \/>\n<meta name=\"twitter:card\" content=\"summary_large_image\" \/>\n<meta name=\"twitter:label1\" content=\"Escrito por\" \/>\n\t<meta name=\"twitter:data1\" content=\"Comunicaciones Combarranquilla\" \/>\n\t<meta name=\"twitter:label2\" content=\"Tiempo de lectura\" \/>\n\t<meta name=\"twitter:data2\" content=\"1 minuto\" \/>\n<script type=\"application\/ld+json\" class=\"yoast-schema-graph\">{\"@context\":\"https:\\\/\\\/schema.org\",\"@graph\":[{\"@type\":\"Article\",\"@id\":\"https:\\\/\\\/tuguia.combarranquilla.co\\\/Revista\\\/asi-se-vivio-el-eclipse-solar-en-el-planetario-de-combarranquilla\\\/#article\",\"isPartOf\":{\"@id\":\"https:\\\/\\\/tuguia.combarranquilla.co\\\/Revista\\\/asi-se-vivio-el-eclipse-solar-en-el-planetario-de-combarranquilla\\\/\"},\"author\":{\"name\":\"Comunicaciones Combarranquilla\",\"@id\":\"https:\\\/\\\/tuguia.combarranquilla.co\\\/Revista\\\/#\\\/schema\\\/person\\\/c2c396a77170bd1d5f8ba73294eb0d10\"},\"headline\":\"As\u00ed se vivi\u00f3 el Eclipse Solar en el Planetario de Combarranquilla\",\"datePublished\":\"2023-10-17T19:40:37+00:00\",\"dateModified\":\"2023-10-25T20:16:14+00:00\",\"mainEntityOfPage\":{\"@id\":\"https:\\\/\\\/tuguia.combarranquilla.co\\\/Revista\\\/asi-se-vivio-el-eclipse-solar-en-el-planetario-de-combarranquilla\\\/\"},\"wordCount\":248,\"commentCount\":0,\"publisher\":{\"@id\":\"https:\\\/\\\/tuguia.combarranquilla.co\\\/Revista\\\/#organization\"},\"image\":{\"@id\":\"https:\\\/\\\/tuguia.combarranquilla.co\\\/Revista\\\/asi-se-vivio-el-eclipse-solar-en-el-planetario-de-combarranquilla\\\/#primaryimage\"},\"thumbnailUrl\":\"https:\\\/\\\/tuguia.combarranquilla.co\\\/Revista\\\/wp-content\\\/uploads\\\/2023\\\/10\\\/WhatsApp-Image-2023-10-14-at-16.55.25.jpeg\",\"articleSection\":[\"CIENCIA Y CULTURA\"],\"inLanguage\":\"es-CO\",\"potentialAction\":[{\"@type\":\"CommentAction\",\"name\":\"Comment\",\"target\":[\"https:\\\/\\\/tuguia.combarranquilla.co\\\/Revista\\\/asi-se-vivio-el-eclipse-solar-en-el-planetario-de-combarranquilla\\\/#respond\"]}]},{\"@type\":\"WebPage\",\"@id\":\"https:\\\/\\\/tuguia.combarranquilla.co\\\/Revista\\\/asi-se-vivio-el-eclipse-solar-en-el-planetario-de-combarranquilla\\\/\",\"url\":\"https:\\\/\\\/tuguia.combarranquilla.co\\\/Revista\\\/asi-se-vivio-el-eclipse-solar-en-el-planetario-de-combarranquilla\\\/\",\"name\":\"As\u00ed se vivi\u00f3 el Eclipse Solar en el Planetario de Combarranquilla - Tu Gu\u00eda\",\"isPartOf\":{\"@id\":\"https:\\\/\\\/tuguia.combarranquilla.co\\\/Revista\\\/#website\"},\"primaryImageOfPage\":{\"@id\":\"https:\\\/\\\/tuguia.combarranquilla.co\\\/Revista\\\/asi-se-vivio-el-eclipse-solar-en-el-planetario-de-combarranquilla\\\/#primaryimage\"},\"image\":{\"@id\":\"https:\\\/\\\/tuguia.combarranquilla.co\\\/Revista\\\/asi-se-vivio-el-eclipse-solar-en-el-planetario-de-combarranquilla\\\/#primaryimage\"},\"thumbnailUrl\":\"https:\\\/\\\/tuguia.combarranquilla.co\\\/Revista\\\/wp-content\\\/uploads\\\/2023\\\/10\\\/WhatsApp-Image-2023-10-14-at-16.55.25.jpeg\",\"datePublished\":\"2023-10-17T19:40:37+00:00\",\"dateModified\":\"2023-10-25T20:16:14+00:00\",\"breadcrumb\":{\"@id\":\"https:\\\/\\\/tuguia.combarranquilla.co\\\/Revista\\\/asi-se-vivio-el-eclipse-solar-en-el-planetario-de-combarranquilla\\\/#breadcrumb\"},\"inLanguage\":\"es-CO\",\"potentialAction\":[{\"@type\":\"ReadAction\",\"target\":[\"https:\\\/\\\/tuguia.combarranquilla.co\\\/Revista\\\/asi-se-vivio-el-eclipse-solar-en-el-planetario-de-combarranquilla\\\/\"]}]},{\"@type\":\"ImageObject\",\"inLanguage\":\"es-CO\",\"@id\":\"https:\\\/\\\/tuguia.combarranquilla.co\\\/Revista\\\/asi-se-vivio-el-eclipse-solar-en-el-planetario-de-combarranquilla\\\/#primaryimage\",\"url\":\"https:\\\/\\\/tuguia.combarranquilla.co\\\/Revista\\\/wp-content\\\/uploads\\\/2023\\\/10\\\/WhatsApp-Image-2023-10-14-at-16.55.25.jpeg\",\"contentUrl\":\"https:\\\/\\\/tuguia.combarranquilla.co\\\/Revista\\\/wp-content\\\/uploads\\\/2023\\\/10\\\/WhatsApp-Image-2023-10-14-at-16.55.25.jpeg\",\"width\":1080,\"height\":809},{\"@type\":\"BreadcrumbList\",\"@id\":\"https:\\\/\\\/tuguia.combarranquilla.co\\\/Revista\\\/asi-se-vivio-el-eclipse-solar-en-el-planetario-de-combarranquilla\\\/#breadcrumb\",\"itemListElement\":[{\"@type\":\"ListItem\",\"position\":1,\"name\":\"Inicio\",\"item\":\"https:\\\/\\\/tuguia.combarranquilla.co\\\/Revista\\\/\"},{\"@type\":\"ListItem\",\"position\":2,\"name\":\"As\u00ed se vivi\u00f3 el Eclipse Solar en el Planetario de Combarranquilla\"}]},{\"@type\":\"WebSite\",\"@id\":\"https:\\\/\\\/tuguia.combarranquilla.co\\\/Revista\\\/#website\",\"url\":\"https:\\\/\\\/tuguia.combarranquilla.co\\\/Revista\\\/\",\"name\":\"Tu Gu\u00eda\",\"description\":\"La revista donde lo tienes todo.\",\"publisher\":{\"@id\":\"https:\\\/\\\/tuguia.combarranquilla.co\\\/Revista\\\/#organization\"},\"alternateName\":\"Tu Gu\u00eda Combarranquilla\",\"potentialAction\":[{\"@type\":\"SearchAction\",\"target\":{\"@type\":\"EntryPoint\",\"urlTemplate\":\"https:\\\/\\\/tuguia.combarranquilla.co\\\/Revista\\\/?s={search_term_string}\"},\"query-input\":{\"@type\":\"PropertyValueSpecification\",\"valueRequired\":true,\"valueName\":\"search_term_string\"}}],\"inLanguage\":\"es-CO\"},{\"@type\":\"Organization\",\"@id\":\"https:\\\/\\\/tuguia.combarranquilla.co\\\/Revista\\\/#organization\",\"name\":\"Tu Gu\u00eda Combarranquilla\",\"url\":\"https:\\\/\\\/tuguia.combarranquilla.co\\\/Revista\\\/\",\"logo\":{\"@type\":\"ImageObject\",\"inLanguage\":\"es-CO\",\"@id\":\"https:\\\/\\\/tuguia.combarranquilla.co\\\/Revista\\\/#\\\/schema\\\/logo\\\/image\\\/\",\"url\":\"https:\\\/\\\/tuguia.combarranquilla.co\\\/Revista\\\/wp-content\\\/uploads\\\/2022\\\/02\\\/logo-guia-combarranquilla.svg\",\"contentUrl\":\"https:\\\/\\\/tuguia.combarranquilla.co\\\/Revista\\\/wp-content\\\/uploads\\\/2022\\\/02\\\/logo-guia-combarranquilla.svg\",\"caption\":\"Tu Gu\u00eda Combarranquilla\"},\"image\":{\"@id\":\"https:\\\/\\\/tuguia.combarranquilla.co\\\/Revista\\\/#\\\/schema\\\/logo\\\/image\\\/\"}},{\"@type\":\"Person\",\"@id\":\"https:\\\/\\\/tuguia.combarranquilla.co\\\/Revista\\\/#\\\/schema\\\/person\\\/c2c396a77170bd1d5f8ba73294eb0d10\",\"name\":\"Comunicaciones Combarranquilla\",\"image\":{\"@type\":\"ImageObject\",\"inLanguage\":\"es-CO\",\"@id\":\"https:\\\/\\\/tuguia.combarranquilla.co\\\/Revista\\\/wp-content\\\/uploads\\\/2025\\\/05\\\/ABC-Al-Rojo-Logo-96x96.jpg\",\"url\":\"https:\\\/\\\/tuguia.combarranquilla.co\\\/Revista\\\/wp-content\\\/uploads\\\/2025\\\/05\\\/ABC-Al-Rojo-Logo-96x96.jpg\",\"contentUrl\":\"https:\\\/\\\/tuguia.combarranquilla.co\\\/Revista\\\/wp-content\\\/uploads\\\/2025\\\/05\\\/ABC-Al-Rojo-Logo-96x96.jpg\",\"caption\":\"Comunicaciones Combarranquilla\"},\"sameAs\":[\"https:\\\/\\\/www.combarranquilla.co\"],\"url\":\"https:\\\/\\\/tuguia.combarranquilla.co\\\/Revista\\\/author\\\/comunicaciones\\\/\"}]}<\/script>\n<!-- \/ Yoast SEO plugin. -->","yoast_head_json":{"title":"As\u00ed se vivi\u00f3 el Eclipse Solar en el Planetario de Combarranquilla - Tu Gu\u00eda","robots":{"index":"index","follow":"follow","max-snippet":"max-snippet:-1","max-image-preview":"max-image-preview:large","max-video-preview":"max-video-preview:-1"},"canonical":"https:\/\/tuguia.combarranquilla.co\/Revista\/asi-se-vivio-el-eclipse-solar-en-el-planetario-de-combarranquilla\/","og_locale":"es_ES","og_type":"article","og_title":"As\u00ed se vivi\u00f3 el Eclipse Solar en el Planetario de Combarranquilla - Tu Gu\u00eda","og_description":"El Eclipse se produjo el pasado 14 de octubre, en donde la luna se aline\u00f3 con el sol y la tierra para producir as\u00ed este fen\u00f3meno natural. Esto ocurre cuando la Luna se alinea entre el sol y la Tierra, pero estando est\u00e1 en su punto m\u00e1s alejado desde el planeta. Este hecho hace que [&hellip;]","og_url":"https:\/\/tuguia.combarranquilla.co\/Revista\/asi-se-vivio-el-eclipse-solar-en-el-planetario-de-combarranquilla\/","og_site_name":"Tu Gu\u00eda","article_published_time":"2023-10-17T19:40:37+00:00","article_modified_time":"2023-10-25T20:16:14+00:00","og_image":[{"width":1080,"height":809,"url":"https:\/\/tuguia.combarranquilla.co\/Revista\/wp-content\/uploads\/2023\/10\/WhatsApp-Image-2023-10-14-at-16.55.25.jpeg","type":"image\/jpeg"}],"author":"Comunicaciones Combarranquilla","twitter_card":"summary_large_image","twitter_misc":{"Escrito por":"Comunicaciones Combarranquilla","Tiempo de lectura":"1 minuto"},"schema":{"@context":"https:\/\/schema.org","@graph":[{"@type":"Article","@id":"https:\/\/tuguia.combarranquilla.co\/Revista\/asi-se-vivio-el-eclipse-solar-en-el-planetario-de-combarranquilla\/#article","isPartOf":{"@id":"https:\/\/tuguia.combarranquilla.co\/Revista\/asi-se-vivio-el-eclipse-solar-en-el-planetario-de-combarranquilla\/"},"author":{"name":"Comunicaciones Combarranquilla","@id":"https:\/\/tuguia.combarranquilla.co\/Revista\/#\/schema\/person\/c2c396a77170bd1d5f8ba73294eb0d10"},"headline":"As\u00ed se vivi\u00f3 el Eclipse Solar en el Planetario de Combarranquilla","datePublished":"2023-10-17T19:40:37+00:00","dateModified":"2023-10-25T20:16:14+00:00","mainEntityOfPage":{"@id":"https:\/\/tuguia.combarranquilla.co\/Revista\/asi-se-vivio-el-eclipse-solar-en-el-planetario-de-combarranquilla\/"},"wordCount":248,"commentCount":0,"publisher":{"@id":"https:\/\/tuguia.combarranquilla.co\/Revista\/#organization"},"image":{"@id":"https:\/\/tuguia.combarranquilla.co\/Revista\/asi-se-vivio-el-eclipse-solar-en-el-planetario-de-combarranquilla\/#primaryimage"},"thumbnailUrl":"https:\/\/tuguia.combarranquilla.co\/Revista\/wp-content\/uploads\/2023\/10\/WhatsApp-Image-2023-10-14-at-16.55.25.jpeg","articleSection":["CIENCIA Y CULTURA"],"inLanguage":"es-CO","potentialAction":[{"@type":"CommentAction","name":"Comment","target":["https:\/\/tuguia.combarranquilla.co\/Revista\/asi-se-vivio-el-eclipse-solar-en-el-planetario-de-combarranquilla\/#respond"]}]},{"@type":"WebPage","@id":"https:\/\/tuguia.combarranquilla.co\/Revista\/asi-se-vivio-el-eclipse-solar-en-el-planetario-de-combarranquilla\/","url":"https:\/\/tuguia.combarranquilla.co\/Revista\/asi-se-vivio-el-eclipse-solar-en-el-planetario-de-combarranquilla\/","name":"As\u00ed se vivi\u00f3 el Eclipse Solar en el Planetario de Combarranquilla - Tu Gu\u00eda","isPartOf":{"@id":"https:\/\/tuguia.combarranquilla.co\/Revista\/#website"},"primaryImageOfPage":{"@id":"https:\/\/tuguia.combarranquilla.co\/Revista\/asi-se-vivio-el-eclipse-solar-en-el-planetario-de-combarranquilla\/#primaryimage"},"image":{"@id":"https:\/\/tuguia.combarranquilla.co\/Revista\/asi-se-vivio-el-eclipse-solar-en-el-planetario-de-combarranquilla\/#primaryimage"},"thumbnailUrl":"https:\/\/tuguia.combarranquilla.co\/Revista\/wp-content\/uploads\/2023\/10\/WhatsApp-Image-2023-10-14-at-16.55.25.jpeg","datePublished":"2023-10-17T19:40:37+00:00","dateModified":"2023-10-25T20:16:14+00:00","breadcrumb":{"@id":"https:\/\/tuguia.combarranquilla.co\/Revista\/asi-se-vivio-el-eclipse-solar-en-el-planetario-de-combarranquilla\/#breadcrumb"},"inLanguage":"es-CO","potentialAction":[{"@type":"ReadAction","target":["https:\/\/tuguia.combarranquilla.co\/Revista\/asi-se-vivio-el-eclipse-solar-en-el-planetario-de-combarranquilla\/"]}]},{"@type":"ImageObject","inLanguage":"es-CO","@id":"https:\/\/tuguia.combarranquilla.co\/Revista\/asi-se-vivio-el-eclipse-solar-en-el-planetario-de-combarranquilla\/#primaryimage","url":"https:\/\/tuguia.combarranquilla.co\/Revista\/wp-content\/uploads\/2023\/10\/WhatsApp-Image-2023-10-14-at-16.55.25.jpeg","contentUrl":"https:\/\/tuguia.combarranquilla.co\/Revista\/wp-content\/uploads\/2023\/10\/WhatsApp-Image-2023-10-14-at-16.55.25.jpeg","width":1080,"height":809},{"@type":"BreadcrumbList","@id":"https:\/\/tuguia.combarranquilla.co\/Revista\/asi-se-vivio-el-eclipse-solar-en-el-planetario-de-combarranquilla\/#breadcrumb","itemListElement":[{"@type":"ListItem","position":1,"name":"Inicio","item":"https:\/\/tuguia.combarranquilla.co\/Revista\/"},{"@type":"ListItem","position":2,"name":"As\u00ed se vivi\u00f3 el Eclipse Solar en el Planetario de Combarranquilla"}]},{"@type":"WebSite","@id":"https:\/\/tuguia.combarranquilla.co\/Revista\/#website","url":"https:\/\/tuguia.combarranquilla.co\/Revista\/","name":"Tu Gu\u00eda","description":"La revista donde lo tienes todo.","publisher":{"@id":"https:\/\/tuguia.combarranquilla.co\/Revista\/#organization"},"alternateName":"Tu Gu\u00eda Combarranquilla","potentialAction":[{"@type":"SearchAction","target":{"@type":"EntryPoint","urlTemplate":"https:\/\/tuguia.combarranquilla.co\/Revista\/?s={search_term_string}"},"query-input":{"@type":"PropertyValueSpecification","valueRequired":true,"valueName":"search_term_string"}}],"inLanguage":"es-CO"},{"@type":"Organization","@id":"https:\/\/tuguia.combarranquilla.co\/Revista\/#organization","name":"Tu Gu\u00eda Combarranquilla","url":"https:\/\/tuguia.combarranquilla.co\/Revista\/","logo":{"@type":"ImageObject","inLanguage":"es-CO","@id":"https:\/\/tuguia.combarranquilla.co\/Revista\/#\/schema\/logo\/image\/","url":"https:\/\/tuguia.combarranquilla.co\/Revista\/wp-content\/uploads\/2022\/02\/logo-guia-combarranquilla.svg","contentUrl":"https:\/\/tuguia.combarranquilla.co\/Revista\/wp-content\/uploads\/2022\/02\/logo-guia-combarranquilla.svg","caption":"Tu Gu\u00eda Combarranquilla"},"image":{"@id":"https:\/\/tuguia.combarranquilla.co\/Revista\/#\/schema\/logo\/image\/"}},{"@type":"Person","@id":"https:\/\/tuguia.combarranquilla.co\/Revista\/#\/schema\/person\/c2c396a77170bd1d5f8ba73294eb0d10","name":"Comunicaciones Combarranquilla","image":{"@type":"ImageObject","inLanguage":"es-CO","@id":"https:\/\/tuguia.combarranquilla.co\/Revista\/wp-content\/uploads\/2025\/05\/ABC-Al-Rojo-Logo-96x96.jpg","url":"https:\/\/tuguia.combarranquilla.co\/Revista\/wp-content\/uploads\/2025\/05\/ABC-Al-Rojo-Logo-96x96.jpg","contentUrl":"https:\/\/tuguia.combarranquilla.co\/Revista\/wp-content\/uploads\/2025\/05\/ABC-Al-Rojo-Logo-96x96.jpg","caption":"Comunicaciones Combarranquilla"},"sameAs":["https:\/\/www.combarranquilla.co"],"url":"https:\/\/tuguia.combarranquilla.co\/Revista\/author\/comunicaciones\/"}]}},"_links":{"self":[{"href":"https:\/\/tuguia.combarranquilla.co\/Revista\/wp-json\/wp\/v2\/posts\/2888","targetHints":{"allow":["GET"]}}],"collection":[{"href":"https:\/\/tuguia.combarranquilla.co\/Revista\/wp-json\/wp\/v2\/posts"}],"about":[{"href":"https:\/\/tuguia.combarranquilla.co\/Revista\/wp-json\/wp\/v2\/types\/post"}],"author":[{"embeddable":true,"href":"https:\/\/tuguia.combarranquilla.co\/Revista\/wp-json\/wp\/v2\/users\/2"}],"replies":[{"embeddable":true,"href":"https:\/\/tuguia.combarranquilla.co\/Revista\/wp-json\/wp\/v2\/comments?post=2888"}],"version-history":[{"count":7,"href":"https:\/\/tuguia.combarranquilla.co\/Revista\/wp-json\/wp\/v2\/posts\/2888\/revisions"}],"predecessor-version":[{"id":2915,"href":"https:\/\/tuguia.combarranquilla.co\/Revista\/wp-json\/wp\/v2\/posts\/2888\/revisions\/2915"}],"wp:featuredmedia":[{"embeddable":true,"href":"https:\/\/tuguia.combarranquilla.co\/Revista\/wp-json\/wp\/v2\/media\/2909"}],"wp:attachment":[{"href":"https:\/\/tuguia.combarranquilla.co\/Revista\/wp-json\/wp\/v2\/media?parent=2888"}],"wp:term":[{"taxonomy":"category","embeddable":true,"href":"https:\/\/tuguia.combarranquilla.co\/Revista\/wp-json\/wp\/v2\/categories?post=2888"},{"taxonomy":"post_tag","embeddable":true,"href":"https:\/\/tuguia.combarranquilla.co\/Revista\/wp-json\/wp\/v2\/tags?post=2888"}],"curies":[{"name":"wp","href":"https:\/\/api.w.org\/{rel}","templated":true}]}}