{"id":2902,"date":"2023-07-01T14:51:00","date_gmt":"2023-07-01T19:51:00","guid":{"rendered":"https:\/\/tuguia.combarranquilla.co\/Revista\/?p=2902"},"modified":"2023-10-25T14:55:29","modified_gmt":"2023-10-25T19:55:29","slug":"agendate-para-asistir-a-nuestro-festival-de-comida-de-mar","status":"publish","type":"post","link":"https:\/\/tuguia.combarranquilla.co\/Revista\/agendate-para-asistir-a-nuestro-festival-de-comida-de-mar\/","title":{"rendered":"Ag\u00e9ndate para asistir a nuestro Festival de Comida de Mar"},"content":{"rendered":"\n<p class=\"has-medium-font-size\">Ag\u00e9ndate este 2 y 3 de julio para asistir a nuestro Festival de Comida de Mar, en donde podr\u00e1s deleitar los deliciosos platos que nos regala el caribe. Adem\u00e1s, te ofrecemos un amplio men\u00fa con exquisitos platos llenos de sabores del mar preparados por nuestro chef.<\/p>\n\n\n\n<p class=\"has-medium-font-size\">No te pierdas la oportunidad de saborear las variedades de platos y preparaciones que nos regala el caribe.<\/p>\n\n\n<div class=\"wp-block-image\">\n<figure class=\"aligncenter size-large\"><img decoding=\"async\" width=\"819\" height=\"1024\" data-src=\"https:\/\/tuguia.combarranquilla.co\/Revista\/wp-content\/uploads\/2023\/10\/WhatsApp-Image-2023-10-23-at-10.04.02-AM-819x1024.jpeg\" alt=\"\" class=\"wp-image-2904 lazyload\" data-srcset=\"https:\/\/tuguia.combarranquilla.co\/Revista\/wp-content\/uploads\/2023\/10\/WhatsApp-Image-2023-10-23-at-10.04.02-AM-819x1024.jpeg 819w, https:\/\/tuguia.combarranquilla.co\/Revista\/wp-content\/uploads\/2023\/10\/WhatsApp-Image-2023-10-23-at-10.04.02-AM-240x300.jpeg 240w, https:\/\/tuguia.combarranquilla.co\/Revista\/wp-content\/uploads\/2023\/10\/WhatsApp-Image-2023-10-23-at-10.04.02-AM-768x960.jpeg 768w, https:\/\/tuguia.combarranquilla.co\/Revista\/wp-content\/uploads\/2023\/10\/WhatsApp-Image-2023-10-23-at-10.04.02-AM-1229x1536.jpeg 1229w, https:\/\/tuguia.combarranquilla.co\/Revista\/wp-content\/uploads\/2023\/10\/WhatsApp-Image-2023-10-23-at-10.04.02-AM.jpeg 1280w\" data-sizes=\"(max-width: 819px) 100vw, 819px\" src=\"data:image\/svg+xml;base64,PHN2ZyB3aWR0aD0iMSIgaGVpZ2h0PSIxIiB4bWxucz0iaHR0cDovL3d3dy53My5vcmcvMjAwMC9zdmciPjwvc3ZnPg==\" style=\"--smush-placeholder-width: 819px; --smush-placeholder-aspect-ratio: 819\/1024;\" \/><\/figure><\/div>\n\n\n<p class=\"has-text-align-center has-medium-font-size\">Conoce nuestro men\u00fa <\/p>\n\n\n<div class=\"wp-block-image\">\n<figure class=\"aligncenter size-large\"><img decoding=\"async\" width=\"791\" height=\"1024\" data-src=\"https:\/\/tuguia.combarranquilla.co\/Revista\/wp-content\/uploads\/2023\/10\/CARTA-COMIDA-DE-MAR-791x1024.png\" alt=\"\" class=\"wp-image-2905 lazyload\" data-srcset=\"https:\/\/tuguia.combarranquilla.co\/Revista\/wp-content\/uploads\/2023\/10\/CARTA-COMIDA-DE-MAR-791x1024.png 791w, https:\/\/tuguia.combarranquilla.co\/Revista\/wp-content\/uploads\/2023\/10\/CARTA-COMIDA-DE-MAR-232x300.png 232w, https:\/\/tuguia.combarranquilla.co\/Revista\/wp-content\/uploads\/2023\/10\/CARTA-COMIDA-DE-MAR-768x994.png 768w, https:\/\/tuguia.combarranquilla.co\/Revista\/wp-content\/uploads\/2023\/10\/CARTA-COMIDA-DE-MAR-1187x1536.png 1187w, https:\/\/tuguia.combarranquilla.co\/Revista\/wp-content\/uploads\/2023\/10\/CARTA-COMIDA-DE-MAR-1583x2048.png 1583w\" data-sizes=\"(max-width: 791px) 100vw, 791px\" src=\"data:image\/svg+xml;base64,PHN2ZyB3aWR0aD0iMSIgaGVpZ2h0PSIxIiB4bWxucz0iaHR0cDovL3d3dy53My5vcmcvMjAwMC9zdmciPjwvc3ZnPg==\" style=\"--smush-placeholder-width: 791px; --smush-placeholder-aspect-ratio: 791\/1024;\" \/><\/figure><\/div>\n\n\n<p class=\"has-medium-font-size\">\ud83d\udcc5 Fecha: 2 y 3 de Julio<\/p>\n\n\n\n<p class=\"has-medium-font-size\">\u23f0 A Partir de las 12:00 m.<\/p>\n\n\n\n<p class=\"has-medium-font-size\">\ud83d\udccd Lugar: Km. 1,5 v\u00eda Salgar \u2013 Sabanilla<\/p>\n\n\n\n<p class=\"has-medium-font-size\">Una experiencia gastron\u00f3mica llena de sabores de mar; el espacio ideal para que disfrutes con tu familia y amigos.<\/p>\n","protected":false},"excerpt":{"rendered":"<p>Ag\u00e9ndate este 2 y 3 de julio para asistir a nuestro Festival de Comida de Mar, en donde podr\u00e1s deleitar los deliciosos platos que nos regala el caribe. Adem\u00e1s, te ofrecemos un amplio men\u00fa con exquisitos platos llenos de sabores del mar preparados por nuestro chef. No te pierdas la oportunidad de saborear las variedades [&hellip;]<\/p>\n","protected":false},"author":2,"featured_media":2907,"comment_status":"open","ping_status":"open","sticky":false,"template":"","format":"standard","meta":{"inline_featured_image":false,"footnotes":""},"categories":[3],"tags":[],"class_list":["post-2902","post","type-post","status-publish","format-standard","has-post-thumbnail","hentry","category-mirador-gastronomico"],"yoast_head":"<!-- This site is optimized with the Yoast SEO plugin v27.4 - https:\/\/yoast.com\/product\/yoast-seo-wordpress\/ -->\n<title>Ag\u00e9ndate para asistir a nuestro Festival de Comida de Mar - Tu Gu\u00eda<\/title>\n<meta name=\"robots\" content=\"index, follow, max-snippet:-1, max-image-preview:large, max-video-preview:-1\" \/>\n<link rel=\"canonical\" href=\"https:\/\/tuguia.combarranquilla.co\/Revista\/agendate-para-asistir-a-nuestro-festival-de-comida-de-mar\/\" \/>\n<meta property=\"og:locale\" content=\"es_ES\" \/>\n<meta property=\"og:type\" content=\"article\" \/>\n<meta property=\"og:title\" content=\"Ag\u00e9ndate para asistir a nuestro Festival de Comida de Mar - Tu Gu\u00eda\" \/>\n<meta property=\"og:description\" content=\"Ag\u00e9ndate este 2 y 3 de julio para asistir a nuestro Festival de Comida de Mar, en donde podr\u00e1s deleitar los deliciosos platos que nos regala el caribe. Adem\u00e1s, te ofrecemos un amplio men\u00fa con exquisitos platos llenos de sabores del mar preparados por nuestro chef. No te pierdas la oportunidad de saborear las variedades [&hellip;]\" \/>\n<meta property=\"og:url\" content=\"https:\/\/tuguia.combarranquilla.co\/Revista\/agendate-para-asistir-a-nuestro-festival-de-comida-de-mar\/\" \/>\n<meta property=\"og:site_name\" content=\"Tu Gu\u00eda\" \/>\n<meta property=\"article:published_time\" content=\"2023-07-01T19:51:00+00:00\" \/>\n<meta property=\"article:modified_time\" content=\"2023-10-25T19:55:29+00:00\" \/>\n<meta property=\"og:image\" content=\"https:\/\/tuguia.combarranquilla.co\/Revista\/wp-content\/uploads\/2023\/10\/WhatsApp-Image-2023-10-23-at-2.09.59-PM.jpeg\" \/>\n\t<meta property=\"og:image:width\" content=\"1600\" \/>\n\t<meta property=\"og:image:height\" content=\"1200\" \/>\n\t<meta property=\"og:image:type\" content=\"image\/jpeg\" \/>\n<meta name=\"author\" content=\"Comunicaciones Combarranquilla\" \/>\n<meta name=\"twitter:card\" content=\"summary_large_image\" \/>\n<meta name=\"twitter:label1\" content=\"Escrito por\" \/>\n\t<meta name=\"twitter:data1\" content=\"Comunicaciones Combarranquilla\" \/>\n\t<meta name=\"twitter:label2\" content=\"Tiempo de lectura\" \/>\n\t<meta name=\"twitter:data2\" content=\"1 minuto\" \/>\n<script type=\"application\/ld+json\" class=\"yoast-schema-graph\">{\"@context\":\"https:\\\/\\\/schema.org\",\"@graph\":[{\"@type\":\"Article\",\"@id\":\"https:\\\/\\\/tuguia.combarranquilla.co\\\/Revista\\\/agendate-para-asistir-a-nuestro-festival-de-comida-de-mar\\\/#article\",\"isPartOf\":{\"@id\":\"https:\\\/\\\/tuguia.combarranquilla.co\\\/Revista\\\/agendate-para-asistir-a-nuestro-festival-de-comida-de-mar\\\/\"},\"author\":{\"name\":\"Comunicaciones Combarranquilla\",\"@id\":\"https:\\\/\\\/tuguia.combarranquilla.co\\\/Revista\\\/#\\\/schema\\\/person\\\/c2c396a77170bd1d5f8ba73294eb0d10\"},\"headline\":\"Ag\u00e9ndate para asistir a nuestro Festival de Comida de Mar\",\"datePublished\":\"2023-07-01T19:51:00+00:00\",\"dateModified\":\"2023-10-25T19:55:29+00:00\",\"mainEntityOfPage\":{\"@id\":\"https:\\\/\\\/tuguia.combarranquilla.co\\\/Revista\\\/agendate-para-asistir-a-nuestro-festival-de-comida-de-mar\\\/\"},\"wordCount\":114,\"commentCount\":0,\"publisher\":{\"@id\":\"https:\\\/\\\/tuguia.combarranquilla.co\\\/Revista\\\/#organization\"},\"image\":{\"@id\":\"https:\\\/\\\/tuguia.combarranquilla.co\\\/Revista\\\/agendate-para-asistir-a-nuestro-festival-de-comida-de-mar\\\/#primaryimage\"},\"thumbnailUrl\":\"https:\\\/\\\/tuguia.combarranquilla.co\\\/Revista\\\/wp-content\\\/uploads\\\/2023\\\/10\\\/WhatsApp-Image-2023-10-23-at-2.09.59-PM.jpeg\",\"articleSection\":[\"MIRADOR GASTRON\u00d3MICO\"],\"inLanguage\":\"es-CO\",\"potentialAction\":[{\"@type\":\"CommentAction\",\"name\":\"Comment\",\"target\":[\"https:\\\/\\\/tuguia.combarranquilla.co\\\/Revista\\\/agendate-para-asistir-a-nuestro-festival-de-comida-de-mar\\\/#respond\"]}]},{\"@type\":\"WebPage\",\"@id\":\"https:\\\/\\\/tuguia.combarranquilla.co\\\/Revista\\\/agendate-para-asistir-a-nuestro-festival-de-comida-de-mar\\\/\",\"url\":\"https:\\\/\\\/tuguia.combarranquilla.co\\\/Revista\\\/agendate-para-asistir-a-nuestro-festival-de-comida-de-mar\\\/\",\"name\":\"Ag\u00e9ndate para asistir a nuestro Festival de Comida de Mar - Tu Gu\u00eda\",\"isPartOf\":{\"@id\":\"https:\\\/\\\/tuguia.combarranquilla.co\\\/Revista\\\/#website\"},\"primaryImageOfPage\":{\"@id\":\"https:\\\/\\\/tuguia.combarranquilla.co\\\/Revista\\\/agendate-para-asistir-a-nuestro-festival-de-comida-de-mar\\\/#primaryimage\"},\"image\":{\"@id\":\"https:\\\/\\\/tuguia.combarranquilla.co\\\/Revista\\\/agendate-para-asistir-a-nuestro-festival-de-comida-de-mar\\\/#primaryimage\"},\"thumbnailUrl\":\"https:\\\/\\\/tuguia.combarranquilla.co\\\/Revista\\\/wp-content\\\/uploads\\\/2023\\\/10\\\/WhatsApp-Image-2023-10-23-at-2.09.59-PM.jpeg\",\"datePublished\":\"2023-07-01T19:51:00+00:00\",\"dateModified\":\"2023-10-25T19:55:29+00:00\",\"breadcrumb\":{\"@id\":\"https:\\\/\\\/tuguia.combarranquilla.co\\\/Revista\\\/agendate-para-asistir-a-nuestro-festival-de-comida-de-mar\\\/#breadcrumb\"},\"inLanguage\":\"es-CO\",\"potentialAction\":[{\"@type\":\"ReadAction\",\"target\":[\"https:\\\/\\\/tuguia.combarranquilla.co\\\/Revista\\\/agendate-para-asistir-a-nuestro-festival-de-comida-de-mar\\\/\"]}]},{\"@type\":\"ImageObject\",\"inLanguage\":\"es-CO\",\"@id\":\"https:\\\/\\\/tuguia.combarranquilla.co\\\/Revista\\\/agendate-para-asistir-a-nuestro-festival-de-comida-de-mar\\\/#primaryimage\",\"url\":\"https:\\\/\\\/tuguia.combarranquilla.co\\\/Revista\\\/wp-content\\\/uploads\\\/2023\\\/10\\\/WhatsApp-Image-2023-10-23-at-2.09.59-PM.jpeg\",\"contentUrl\":\"https:\\\/\\\/tuguia.combarranquilla.co\\\/Revista\\\/wp-content\\\/uploads\\\/2023\\\/10\\\/WhatsApp-Image-2023-10-23-at-2.09.59-PM.jpeg\",\"width\":1600,\"height\":1200},{\"@type\":\"BreadcrumbList\",\"@id\":\"https:\\\/\\\/tuguia.combarranquilla.co\\\/Revista\\\/agendate-para-asistir-a-nuestro-festival-de-comida-de-mar\\\/#breadcrumb\",\"itemListElement\":[{\"@type\":\"ListItem\",\"position\":1,\"name\":\"Inicio\",\"item\":\"https:\\\/\\\/tuguia.combarranquilla.co\\\/Revista\\\/\"},{\"@type\":\"ListItem\",\"position\":2,\"name\":\"Ag\u00e9ndate para asistir a nuestro Festival de Comida de Mar\"}]},{\"@type\":\"WebSite\",\"@id\":\"https:\\\/\\\/tuguia.combarranquilla.co\\\/Revista\\\/#website\",\"url\":\"https:\\\/\\\/tuguia.combarranquilla.co\\\/Revista\\\/\",\"name\":\"Tu Gu\u00eda\",\"description\":\"La revista donde lo tienes todo.\",\"publisher\":{\"@id\":\"https:\\\/\\\/tuguia.combarranquilla.co\\\/Revista\\\/#organization\"},\"alternateName\":\"Tu Gu\u00eda Combarranquilla\",\"potentialAction\":[{\"@type\":\"SearchAction\",\"target\":{\"@type\":\"EntryPoint\",\"urlTemplate\":\"https:\\\/\\\/tuguia.combarranquilla.co\\\/Revista\\\/?s={search_term_string}\"},\"query-input\":{\"@type\":\"PropertyValueSpecification\",\"valueRequired\":true,\"valueName\":\"search_term_string\"}}],\"inLanguage\":\"es-CO\"},{\"@type\":\"Organization\",\"@id\":\"https:\\\/\\\/tuguia.combarranquilla.co\\\/Revista\\\/#organization\",\"name\":\"Tu Gu\u00eda Combarranquilla\",\"url\":\"https:\\\/\\\/tuguia.combarranquilla.co\\\/Revista\\\/\",\"logo\":{\"@type\":\"ImageObject\",\"inLanguage\":\"es-CO\",\"@id\":\"https:\\\/\\\/tuguia.combarranquilla.co\\\/Revista\\\/#\\\/schema\\\/logo\\\/image\\\/\",\"url\":\"https:\\\/\\\/tuguia.combarranquilla.co\\\/Revista\\\/wp-content\\\/uploads\\\/2022\\\/02\\\/logo-guia-combarranquilla.svg\",\"contentUrl\":\"https:\\\/\\\/tuguia.combarranquilla.co\\\/Revista\\\/wp-content\\\/uploads\\\/2022\\\/02\\\/logo-guia-combarranquilla.svg\",\"caption\":\"Tu Gu\u00eda Combarranquilla\"},\"image\":{\"@id\":\"https:\\\/\\\/tuguia.combarranquilla.co\\\/Revista\\\/#\\\/schema\\\/logo\\\/image\\\/\"}},{\"@type\":\"Person\",\"@id\":\"https:\\\/\\\/tuguia.combarranquilla.co\\\/Revista\\\/#\\\/schema\\\/person\\\/c2c396a77170bd1d5f8ba73294eb0d10\",\"name\":\"Comunicaciones Combarranquilla\",\"image\":{\"@type\":\"ImageObject\",\"inLanguage\":\"es-CO\",\"@id\":\"https:\\\/\\\/tuguia.combarranquilla.co\\\/Revista\\\/wp-content\\\/uploads\\\/2025\\\/05\\\/ABC-Al-Rojo-Logo-96x96.jpg\",\"url\":\"https:\\\/\\\/tuguia.combarranquilla.co\\\/Revista\\\/wp-content\\\/uploads\\\/2025\\\/05\\\/ABC-Al-Rojo-Logo-96x96.jpg\",\"contentUrl\":\"https:\\\/\\\/tuguia.combarranquilla.co\\\/Revista\\\/wp-content\\\/uploads\\\/2025\\\/05\\\/ABC-Al-Rojo-Logo-96x96.jpg\",\"caption\":\"Comunicaciones Combarranquilla\"},\"sameAs\":[\"https:\\\/\\\/www.combarranquilla.co\"],\"url\":\"https:\\\/\\\/tuguia.combarranquilla.co\\\/Revista\\\/author\\\/comunicaciones\\\/\"}]}<\/script>\n<!-- \/ Yoast SEO plugin. -->","yoast_head_json":{"title":"Ag\u00e9ndate para asistir a nuestro Festival de Comida de Mar - Tu Gu\u00eda","robots":{"index":"index","follow":"follow","max-snippet":"max-snippet:-1","max-image-preview":"max-image-preview:large","max-video-preview":"max-video-preview:-1"},"canonical":"https:\/\/tuguia.combarranquilla.co\/Revista\/agendate-para-asistir-a-nuestro-festival-de-comida-de-mar\/","og_locale":"es_ES","og_type":"article","og_title":"Ag\u00e9ndate para asistir a nuestro Festival de Comida de Mar - Tu Gu\u00eda","og_description":"Ag\u00e9ndate este 2 y 3 de julio para asistir a nuestro Festival de Comida de Mar, en donde podr\u00e1s deleitar los deliciosos platos que nos regala el caribe. Adem\u00e1s, te ofrecemos un amplio men\u00fa con exquisitos platos llenos de sabores del mar preparados por nuestro chef. No te pierdas la oportunidad de saborear las variedades [&hellip;]","og_url":"https:\/\/tuguia.combarranquilla.co\/Revista\/agendate-para-asistir-a-nuestro-festival-de-comida-de-mar\/","og_site_name":"Tu Gu\u00eda","article_published_time":"2023-07-01T19:51:00+00:00","article_modified_time":"2023-10-25T19:55:29+00:00","og_image":[{"width":1600,"height":1200,"url":"https:\/\/tuguia.combarranquilla.co\/Revista\/wp-content\/uploads\/2023\/10\/WhatsApp-Image-2023-10-23-at-2.09.59-PM.jpeg","type":"image\/jpeg"}],"author":"Comunicaciones Combarranquilla","twitter_card":"summary_large_image","twitter_misc":{"Escrito por":"Comunicaciones Combarranquilla","Tiempo de lectura":"1 minuto"},"schema":{"@context":"https:\/\/schema.org","@graph":[{"@type":"Article","@id":"https:\/\/tuguia.combarranquilla.co\/Revista\/agendate-para-asistir-a-nuestro-festival-de-comida-de-mar\/#article","isPartOf":{"@id":"https:\/\/tuguia.combarranquilla.co\/Revista\/agendate-para-asistir-a-nuestro-festival-de-comida-de-mar\/"},"author":{"name":"Comunicaciones Combarranquilla","@id":"https:\/\/tuguia.combarranquilla.co\/Revista\/#\/schema\/person\/c2c396a77170bd1d5f8ba73294eb0d10"},"headline":"Ag\u00e9ndate para asistir a nuestro Festival de Comida de Mar","datePublished":"2023-07-01T19:51:00+00:00","dateModified":"2023-10-25T19:55:29+00:00","mainEntityOfPage":{"@id":"https:\/\/tuguia.combarranquilla.co\/Revista\/agendate-para-asistir-a-nuestro-festival-de-comida-de-mar\/"},"wordCount":114,"commentCount":0,"publisher":{"@id":"https:\/\/tuguia.combarranquilla.co\/Revista\/#organization"},"image":{"@id":"https:\/\/tuguia.combarranquilla.co\/Revista\/agendate-para-asistir-a-nuestro-festival-de-comida-de-mar\/#primaryimage"},"thumbnailUrl":"https:\/\/tuguia.combarranquilla.co\/Revista\/wp-content\/uploads\/2023\/10\/WhatsApp-Image-2023-10-23-at-2.09.59-PM.jpeg","articleSection":["MIRADOR GASTRON\u00d3MICO"],"inLanguage":"es-CO","potentialAction":[{"@type":"CommentAction","name":"Comment","target":["https:\/\/tuguia.combarranquilla.co\/Revista\/agendate-para-asistir-a-nuestro-festival-de-comida-de-mar\/#respond"]}]},{"@type":"WebPage","@id":"https:\/\/tuguia.combarranquilla.co\/Revista\/agendate-para-asistir-a-nuestro-festival-de-comida-de-mar\/","url":"https:\/\/tuguia.combarranquilla.co\/Revista\/agendate-para-asistir-a-nuestro-festival-de-comida-de-mar\/","name":"Ag\u00e9ndate para asistir a nuestro Festival de Comida de Mar - Tu Gu\u00eda","isPartOf":{"@id":"https:\/\/tuguia.combarranquilla.co\/Revista\/#website"},"primaryImageOfPage":{"@id":"https:\/\/tuguia.combarranquilla.co\/Revista\/agendate-para-asistir-a-nuestro-festival-de-comida-de-mar\/#primaryimage"},"image":{"@id":"https:\/\/tuguia.combarranquilla.co\/Revista\/agendate-para-asistir-a-nuestro-festival-de-comida-de-mar\/#primaryimage"},"thumbnailUrl":"https:\/\/tuguia.combarranquilla.co\/Revista\/wp-content\/uploads\/2023\/10\/WhatsApp-Image-2023-10-23-at-2.09.59-PM.jpeg","datePublished":"2023-07-01T19:51:00+00:00","dateModified":"2023-10-25T19:55:29+00:00","breadcrumb":{"@id":"https:\/\/tuguia.combarranquilla.co\/Revista\/agendate-para-asistir-a-nuestro-festival-de-comida-de-mar\/#breadcrumb"},"inLanguage":"es-CO","potentialAction":[{"@type":"ReadAction","target":["https:\/\/tuguia.combarranquilla.co\/Revista\/agendate-para-asistir-a-nuestro-festival-de-comida-de-mar\/"]}]},{"@type":"ImageObject","inLanguage":"es-CO","@id":"https:\/\/tuguia.combarranquilla.co\/Revista\/agendate-para-asistir-a-nuestro-festival-de-comida-de-mar\/#primaryimage","url":"https:\/\/tuguia.combarranquilla.co\/Revista\/wp-content\/uploads\/2023\/10\/WhatsApp-Image-2023-10-23-at-2.09.59-PM.jpeg","contentUrl":"https:\/\/tuguia.combarranquilla.co\/Revista\/wp-content\/uploads\/2023\/10\/WhatsApp-Image-2023-10-23-at-2.09.59-PM.jpeg","width":1600,"height":1200},{"@type":"BreadcrumbList","@id":"https:\/\/tuguia.combarranquilla.co\/Revista\/agendate-para-asistir-a-nuestro-festival-de-comida-de-mar\/#breadcrumb","itemListElement":[{"@type":"ListItem","position":1,"name":"Inicio","item":"https:\/\/tuguia.combarranquilla.co\/Revista\/"},{"@type":"ListItem","position":2,"name":"Ag\u00e9ndate para asistir a nuestro Festival de Comida de Mar"}]},{"@type":"WebSite","@id":"https:\/\/tuguia.combarranquilla.co\/Revista\/#website","url":"https:\/\/tuguia.combarranquilla.co\/Revista\/","name":"Tu Gu\u00eda","description":"La revista donde lo tienes todo.","publisher":{"@id":"https:\/\/tuguia.combarranquilla.co\/Revista\/#organization"},"alternateName":"Tu Gu\u00eda Combarranquilla","potentialAction":[{"@type":"SearchAction","target":{"@type":"EntryPoint","urlTemplate":"https:\/\/tuguia.combarranquilla.co\/Revista\/?s={search_term_string}"},"query-input":{"@type":"PropertyValueSpecification","valueRequired":true,"valueName":"search_term_string"}}],"inLanguage":"es-CO"},{"@type":"Organization","@id":"https:\/\/tuguia.combarranquilla.co\/Revista\/#organization","name":"Tu Gu\u00eda Combarranquilla","url":"https:\/\/tuguia.combarranquilla.co\/Revista\/","logo":{"@type":"ImageObject","inLanguage":"es-CO","@id":"https:\/\/tuguia.combarranquilla.co\/Revista\/#\/schema\/logo\/image\/","url":"https:\/\/tuguia.combarranquilla.co\/Revista\/wp-content\/uploads\/2022\/02\/logo-guia-combarranquilla.svg","contentUrl":"https:\/\/tuguia.combarranquilla.co\/Revista\/wp-content\/uploads\/2022\/02\/logo-guia-combarranquilla.svg","caption":"Tu Gu\u00eda Combarranquilla"},"image":{"@id":"https:\/\/tuguia.combarranquilla.co\/Revista\/#\/schema\/logo\/image\/"}},{"@type":"Person","@id":"https:\/\/tuguia.combarranquilla.co\/Revista\/#\/schema\/person\/c2c396a77170bd1d5f8ba73294eb0d10","name":"Comunicaciones Combarranquilla","image":{"@type":"ImageObject","inLanguage":"es-CO","@id":"https:\/\/tuguia.combarranquilla.co\/Revista\/wp-content\/uploads\/2025\/05\/ABC-Al-Rojo-Logo-96x96.jpg","url":"https:\/\/tuguia.combarranquilla.co\/Revista\/wp-content\/uploads\/2025\/05\/ABC-Al-Rojo-Logo-96x96.jpg","contentUrl":"https:\/\/tuguia.combarranquilla.co\/Revista\/wp-content\/uploads\/2025\/05\/ABC-Al-Rojo-Logo-96x96.jpg","caption":"Comunicaciones Combarranquilla"},"sameAs":["https:\/\/www.combarranquilla.co"],"url":"https:\/\/tuguia.combarranquilla.co\/Revista\/author\/comunicaciones\/"}]}},"_links":{"self":[{"href":"https:\/\/tuguia.combarranquilla.co\/Revista\/wp-json\/wp\/v2\/posts\/2902","targetHints":{"allow":["GET"]}}],"collection":[{"href":"https:\/\/tuguia.combarranquilla.co\/Revista\/wp-json\/wp\/v2\/posts"}],"about":[{"href":"https:\/\/tuguia.combarranquilla.co\/Revista\/wp-json\/wp\/v2\/types\/post"}],"author":[{"embeddable":true,"href":"https:\/\/tuguia.combarranquilla.co\/Revista\/wp-json\/wp\/v2\/users\/2"}],"replies":[{"embeddable":true,"href":"https:\/\/tuguia.combarranquilla.co\/Revista\/wp-json\/wp\/v2\/comments?post=2902"}],"version-history":[{"count":2,"href":"https:\/\/tuguia.combarranquilla.co\/Revista\/wp-json\/wp\/v2\/posts\/2902\/revisions"}],"predecessor-version":[{"id":2908,"href":"https:\/\/tuguia.combarranquilla.co\/Revista\/wp-json\/wp\/v2\/posts\/2902\/revisions\/2908"}],"wp:featuredmedia":[{"embeddable":true,"href":"https:\/\/tuguia.combarranquilla.co\/Revista\/wp-json\/wp\/v2\/media\/2907"}],"wp:attachment":[{"href":"https:\/\/tuguia.combarranquilla.co\/Revista\/wp-json\/wp\/v2\/media?parent=2902"}],"wp:term":[{"taxonomy":"category","embeddable":true,"href":"https:\/\/tuguia.combarranquilla.co\/Revista\/wp-json\/wp\/v2\/categories?post=2902"},{"taxonomy":"post_tag","embeddable":true,"href":"https:\/\/tuguia.combarranquilla.co\/Revista\/wp-json\/wp\/v2\/tags?post=2902"}],"curies":[{"name":"wp","href":"https:\/\/api.w.org\/{rel}","templated":true}]}}