{"id":2926,"date":"2023-10-05T08:47:50","date_gmt":"2023-10-05T13:47:50","guid":{"rendered":"https:\/\/tuguia.combarranquilla.co\/Revista\/?p=2926"},"modified":"2023-11-07T08:48:08","modified_gmt":"2023-11-07T13:48:08","slug":"te-llevamos-a-ti-y-a-toda-tu-familia-al-cabo-de-la-vela","status":"publish","type":"post","link":"https:\/\/tuguia.combarranquilla.co\/Revista\/te-llevamos-a-ti-y-a-toda-tu-familia-al-cabo-de-la-vela\/","title":{"rendered":"Te llevamos a ti y a toda tu familia al Cabo de la Vela"},"content":{"rendered":"\n<h2 class=\"wp-block-heading\">Alista tus maletas y prep\u00e1rate para el mes de noviembre, Cabo de la Vela uno de los destinos paradisiacos de Colombia espera por ti. <\/h2>\n\n\n\n<p class=\"has-medium-font-size\">Esc\u00e1pate y descon\u00e9ctate de tu rutina, del 11 al 13 de noviembre Combarranquilla te lleva al Cabo de la Vela para que puedas disfrutar de un espacio lleno de relajaci\u00f3n, buena m\u00fasica y exquisita comida. <\/p>\n\n\n\n<p class=\"has-medium-font-size\">Dale un giro a tu d\u00eda a d\u00eda y sal a divertirte con tus personas favoritas en lugar impresionante, con playas de arena blanca y aguas cristalinas y sin duda alguna con el perfecto atardercer, que te har\u00e1 perderte en momentos m\u00e1gicos. <\/p>\n\n\n\n<p class=\"has-medium-font-size\">El plan turistico <strong>INCLUYE:<\/strong><\/p>\n\n\n\n<ul class=\"wp-block-list\">\n<li class=\"has-medium-font-size\">Transporte terrestre climatizado &#8211; Barranquilla &#8211; Cabo de la Vela &#8211; Barranquilla. <\/li>\n\n\n\n<li class=\"has-medium-font-size\">Alojamiento 2 noches, 3 d\u00edas (acomodaci\u00f3n doble y triple) <\/li>\n\n\n\n<li class=\"has-medium-font-size\">Alimentaci\u00f3n (2 desayunos, 3 almuerzos y 2 cenas) <\/li>\n\n\n\n<li class=\"has-medium-font-size\">Visita a la playa Arco\u00edris, Pil\u00f3n de Az\u00facar, Playa Ojo de Agua y Mirador del Faro. <\/li>\n\n\n\n<li class=\"has-medium-font-size\">Gu\u00eda acompa\u00f1ante <\/li>\n\n\n\n<li class=\"has-medium-font-size\">Tarjeta de asistencia m\u00e9dica. <\/li>\n<\/ul>\n\n\n\n<p class=\"has-medium-font-size\"><strong>NO INCLUYE: <\/strong><\/p>\n\n\n\n<ul class=\"wp-block-list\">\n<li class=\"has-medium-font-size\">Gastos no especificados<\/li>\n<\/ul>\n\n\n\n<p class=\"has-medium-font-size\">Si eres afiliado a Combarranquilla, pregunta por nuestro plan de financiamiento <strong>SIN CODEUDOR<\/strong> \u00a1<em>Con nosotros es posible viajar<\/em>! <\/p>\n\n\n\n<figure class=\"wp-block-image size-large\"><img decoding=\"async\" width=\"1024\" height=\"683\" data-src=\"https:\/\/tuguia.combarranquilla.co\/Revista\/wp-content\/uploads\/2023\/11\/pexels-rachel-claire-4577545-1024x683.jpg\" alt=\"\" class=\"wp-image-2982 lazyload\" data-srcset=\"https:\/\/tuguia.combarranquilla.co\/Revista\/wp-content\/uploads\/2023\/11\/pexels-rachel-claire-4577545-1024x683.jpg 1024w, https:\/\/tuguia.combarranquilla.co\/Revista\/wp-content\/uploads\/2023\/11\/pexels-rachel-claire-4577545-300x200.jpg 300w, https:\/\/tuguia.combarranquilla.co\/Revista\/wp-content\/uploads\/2023\/11\/pexels-rachel-claire-4577545-768x512.jpg 768w, https:\/\/tuguia.combarranquilla.co\/Revista\/wp-content\/uploads\/2023\/11\/pexels-rachel-claire-4577545-1536x1024.jpg 1536w, https:\/\/tuguia.combarranquilla.co\/Revista\/wp-content\/uploads\/2023\/11\/pexels-rachel-claire-4577545-2048x1365.jpg 2048w\" data-sizes=\"(max-width: 1024px) 100vw, 1024px\" src=\"data:image\/svg+xml;base64,PHN2ZyB3aWR0aD0iMSIgaGVpZ2h0PSIxIiB4bWxucz0iaHR0cDovL3d3dy53My5vcmcvMjAwMC9zdmciPjwvc3ZnPg==\" style=\"--smush-placeholder-width: 1024px; --smush-placeholder-aspect-ratio: 1024\/683;\" \/><\/figure>\n\n\n\n<p class=\"has-medium-font-size\"><strong>NOTAS:<\/strong><\/p>\n\n\n\n<ul class=\"has-medium-font-size wp-block-list\">\n<li>Tarifas sujetas a cambios sin previo aviso.<\/li>\n\n\n\n<li>Plan sujeto a grupo m\u00ednimon de 25 personas <\/li>\n\n\n\n<li>A partir de los 9 a\u00f1os se cancela el valor de la tarifa de adultos<\/li>\n\n\n\n<li>El financiamiento aplica solo para afiliados trabajadoes de empresas con convenio a cr\u00e9ditos. <\/li>\n<\/ul>\n\n\n\n<p class=\"has-medium-font-size\"><strong>TARIFAS<\/strong>:<\/p>\n\n\n\n<ul class=\"wp-block-list\">\n<li class=\"has-medium-font-size\"><strong>Adultos:<\/strong> $862.700 <em>incluye alimentaci\u00f3n.<\/em><\/li>\n\n\n\n<li class=\"has-medium-font-size\"><strong>Ni\u00f1os (de 0 a 4 a\u00f1os):<\/strong> $256.600 <em>no incluye alimentaci\u00f3n.<\/em><\/li>\n\n\n\n<li class=\"has-medium-font-size\"><strong>Ni\u00f1os (de 5 a 8 a\u00f1os):<\/strong> $690.200 <em> incluye alimentaci\u00f3n.<\/em><\/li>\n<\/ul>\n\n\n\n<p><\/p>\n\n\n\n<p class=\"has-medium-font-size\">M\u00e1s inforrmes a 3225049 ext. 1231 -1232-1233-1236-1237 o comunicate a la l\u00ednea de WhatsApp 3163224566 <\/p>\n","protected":false},"excerpt":{"rendered":"<p>Alista tus maletas y prep\u00e1rate para el mes de noviembre, Cabo de la Vela uno de los destinos paradisiacos de Colombia espera por ti. Esc\u00e1pate y descon\u00e9ctate de tu rutina, del 11 al 13 de noviembre Combarranquilla te lleva al Cabo de la Vela para que puedas disfrutar de un espacio lleno de relajaci\u00f3n, buena [&hellip;]<\/p>\n","protected":false},"author":2,"featured_media":2933,"comment_status":"open","ping_status":"open","sticky":false,"template":"","format":"standard","meta":{"inline_featured_image":false,"footnotes":""},"categories":[1],"tags":[],"class_list":["post-2926","post","type-post","status-publish","format-standard","has-post-thumbnail","hentry","category-entretenimiento"],"yoast_head":"<!-- This site is optimized with the Yoast SEO plugin v27.4 - https:\/\/yoast.com\/product\/yoast-seo-wordpress\/ -->\n<title>Te llevamos a ti y a toda tu familia al Cabo de la Vela - Tu Gu\u00eda<\/title>\n<meta name=\"robots\" content=\"index, follow, max-snippet:-1, max-image-preview:large, max-video-preview:-1\" \/>\n<link rel=\"canonical\" href=\"https:\/\/tuguia.combarranquilla.co\/Revista\/te-llevamos-a-ti-y-a-toda-tu-familia-al-cabo-de-la-vela\/\" \/>\n<meta property=\"og:locale\" content=\"es_ES\" \/>\n<meta property=\"og:type\" content=\"article\" \/>\n<meta property=\"og:title\" content=\"Te llevamos a ti y a toda tu familia al Cabo de la Vela - Tu Gu\u00eda\" \/>\n<meta property=\"og:description\" content=\"Alista tus maletas y prep\u00e1rate para el mes de noviembre, Cabo de la Vela uno de los destinos paradisiacos de Colombia espera por ti. Esc\u00e1pate y descon\u00e9ctate de tu rutina, del 11 al 13 de noviembre Combarranquilla te lleva al Cabo de la Vela para que puedas disfrutar de un espacio lleno de relajaci\u00f3n, buena [&hellip;]\" \/>\n<meta property=\"og:url\" content=\"https:\/\/tuguia.combarranquilla.co\/Revista\/te-llevamos-a-ti-y-a-toda-tu-familia-al-cabo-de-la-vela\/\" \/>\n<meta property=\"og:site_name\" content=\"Tu Gu\u00eda\" \/>\n<meta property=\"article:published_time\" content=\"2023-10-05T13:47:50+00:00\" \/>\n<meta property=\"article:modified_time\" content=\"2023-11-07T13:48:08+00:00\" \/>\n<meta property=\"og:image\" content=\"https:\/\/tuguia.combarranquilla.co\/Revista\/wp-content\/uploads\/2023\/11\/Diseno-sin-titulo.png\" \/>\n\t<meta property=\"og:image:width\" content=\"1640\" \/>\n\t<meta property=\"og:image:height\" content=\"924\" \/>\n\t<meta property=\"og:image:type\" content=\"image\/png\" \/>\n<meta name=\"author\" content=\"Comunicaciones Combarranquilla\" \/>\n<meta name=\"twitter:card\" content=\"summary_large_image\" \/>\n<meta name=\"twitter:label1\" content=\"Escrito por\" \/>\n\t<meta name=\"twitter:data1\" content=\"Comunicaciones Combarranquilla\" \/>\n\t<meta name=\"twitter:label2\" content=\"Tiempo de lectura\" \/>\n\t<meta name=\"twitter:data2\" content=\"1 minuto\" \/>\n<script type=\"application\/ld+json\" class=\"yoast-schema-graph\">{\"@context\":\"https:\\\/\\\/schema.org\",\"@graph\":[{\"@type\":\"Article\",\"@id\":\"https:\\\/\\\/tuguia.combarranquilla.co\\\/Revista\\\/te-llevamos-a-ti-y-a-toda-tu-familia-al-cabo-de-la-vela\\\/#article\",\"isPartOf\":{\"@id\":\"https:\\\/\\\/tuguia.combarranquilla.co\\\/Revista\\\/te-llevamos-a-ti-y-a-toda-tu-familia-al-cabo-de-la-vela\\\/\"},\"author\":{\"name\":\"Comunicaciones Combarranquilla\",\"@id\":\"https:\\\/\\\/tuguia.combarranquilla.co\\\/Revista\\\/#\\\/schema\\\/person\\\/c2c396a77170bd1d5f8ba73294eb0d10\"},\"headline\":\"Te llevamos a ti y a toda tu familia al Cabo de la Vela\",\"datePublished\":\"2023-10-05T13:47:50+00:00\",\"dateModified\":\"2023-11-07T13:48:08+00:00\",\"mainEntityOfPage\":{\"@id\":\"https:\\\/\\\/tuguia.combarranquilla.co\\\/Revista\\\/te-llevamos-a-ti-y-a-toda-tu-familia-al-cabo-de-la-vela\\\/\"},\"wordCount\":289,\"commentCount\":0,\"publisher\":{\"@id\":\"https:\\\/\\\/tuguia.combarranquilla.co\\\/Revista\\\/#organization\"},\"image\":{\"@id\":\"https:\\\/\\\/tuguia.combarranquilla.co\\\/Revista\\\/te-llevamos-a-ti-y-a-toda-tu-familia-al-cabo-de-la-vela\\\/#primaryimage\"},\"thumbnailUrl\":\"https:\\\/\\\/tuguia.combarranquilla.co\\\/Revista\\\/wp-content\\\/uploads\\\/2023\\\/11\\\/Diseno-sin-titulo.png\",\"articleSection\":[\"ENTRETENIMIENTO\"],\"inLanguage\":\"es-CO\",\"potentialAction\":[{\"@type\":\"CommentAction\",\"name\":\"Comment\",\"target\":[\"https:\\\/\\\/tuguia.combarranquilla.co\\\/Revista\\\/te-llevamos-a-ti-y-a-toda-tu-familia-al-cabo-de-la-vela\\\/#respond\"]}]},{\"@type\":\"WebPage\",\"@id\":\"https:\\\/\\\/tuguia.combarranquilla.co\\\/Revista\\\/te-llevamos-a-ti-y-a-toda-tu-familia-al-cabo-de-la-vela\\\/\",\"url\":\"https:\\\/\\\/tuguia.combarranquilla.co\\\/Revista\\\/te-llevamos-a-ti-y-a-toda-tu-familia-al-cabo-de-la-vela\\\/\",\"name\":\"Te llevamos a ti y a toda tu familia al Cabo de la Vela - Tu Gu\u00eda\",\"isPartOf\":{\"@id\":\"https:\\\/\\\/tuguia.combarranquilla.co\\\/Revista\\\/#website\"},\"primaryImageOfPage\":{\"@id\":\"https:\\\/\\\/tuguia.combarranquilla.co\\\/Revista\\\/te-llevamos-a-ti-y-a-toda-tu-familia-al-cabo-de-la-vela\\\/#primaryimage\"},\"image\":{\"@id\":\"https:\\\/\\\/tuguia.combarranquilla.co\\\/Revista\\\/te-llevamos-a-ti-y-a-toda-tu-familia-al-cabo-de-la-vela\\\/#primaryimage\"},\"thumbnailUrl\":\"https:\\\/\\\/tuguia.combarranquilla.co\\\/Revista\\\/wp-content\\\/uploads\\\/2023\\\/11\\\/Diseno-sin-titulo.png\",\"datePublished\":\"2023-10-05T13:47:50+00:00\",\"dateModified\":\"2023-11-07T13:48:08+00:00\",\"breadcrumb\":{\"@id\":\"https:\\\/\\\/tuguia.combarranquilla.co\\\/Revista\\\/te-llevamos-a-ti-y-a-toda-tu-familia-al-cabo-de-la-vela\\\/#breadcrumb\"},\"inLanguage\":\"es-CO\",\"potentialAction\":[{\"@type\":\"ReadAction\",\"target\":[\"https:\\\/\\\/tuguia.combarranquilla.co\\\/Revista\\\/te-llevamos-a-ti-y-a-toda-tu-familia-al-cabo-de-la-vela\\\/\"]}]},{\"@type\":\"ImageObject\",\"inLanguage\":\"es-CO\",\"@id\":\"https:\\\/\\\/tuguia.combarranquilla.co\\\/Revista\\\/te-llevamos-a-ti-y-a-toda-tu-familia-al-cabo-de-la-vela\\\/#primaryimage\",\"url\":\"https:\\\/\\\/tuguia.combarranquilla.co\\\/Revista\\\/wp-content\\\/uploads\\\/2023\\\/11\\\/Diseno-sin-titulo.png\",\"contentUrl\":\"https:\\\/\\\/tuguia.combarranquilla.co\\\/Revista\\\/wp-content\\\/uploads\\\/2023\\\/11\\\/Diseno-sin-titulo.png\",\"width\":1640,\"height\":924},{\"@type\":\"BreadcrumbList\",\"@id\":\"https:\\\/\\\/tuguia.combarranquilla.co\\\/Revista\\\/te-llevamos-a-ti-y-a-toda-tu-familia-al-cabo-de-la-vela\\\/#breadcrumb\",\"itemListElement\":[{\"@type\":\"ListItem\",\"position\":1,\"name\":\"Inicio\",\"item\":\"https:\\\/\\\/tuguia.combarranquilla.co\\\/Revista\\\/\"},{\"@type\":\"ListItem\",\"position\":2,\"name\":\"Te llevamos a ti y a toda tu familia al Cabo de la Vela\"}]},{\"@type\":\"WebSite\",\"@id\":\"https:\\\/\\\/tuguia.combarranquilla.co\\\/Revista\\\/#website\",\"url\":\"https:\\\/\\\/tuguia.combarranquilla.co\\\/Revista\\\/\",\"name\":\"Tu Gu\u00eda\",\"description\":\"La revista donde lo tienes todo.\",\"publisher\":{\"@id\":\"https:\\\/\\\/tuguia.combarranquilla.co\\\/Revista\\\/#organization\"},\"alternateName\":\"Tu Gu\u00eda Combarranquilla\",\"potentialAction\":[{\"@type\":\"SearchAction\",\"target\":{\"@type\":\"EntryPoint\",\"urlTemplate\":\"https:\\\/\\\/tuguia.combarranquilla.co\\\/Revista\\\/?s={search_term_string}\"},\"query-input\":{\"@type\":\"PropertyValueSpecification\",\"valueRequired\":true,\"valueName\":\"search_term_string\"}}],\"inLanguage\":\"es-CO\"},{\"@type\":\"Organization\",\"@id\":\"https:\\\/\\\/tuguia.combarranquilla.co\\\/Revista\\\/#organization\",\"name\":\"Tu Gu\u00eda Combarranquilla\",\"url\":\"https:\\\/\\\/tuguia.combarranquilla.co\\\/Revista\\\/\",\"logo\":{\"@type\":\"ImageObject\",\"inLanguage\":\"es-CO\",\"@id\":\"https:\\\/\\\/tuguia.combarranquilla.co\\\/Revista\\\/#\\\/schema\\\/logo\\\/image\\\/\",\"url\":\"https:\\\/\\\/tuguia.combarranquilla.co\\\/Revista\\\/wp-content\\\/uploads\\\/2022\\\/02\\\/logo-guia-combarranquilla.svg\",\"contentUrl\":\"https:\\\/\\\/tuguia.combarranquilla.co\\\/Revista\\\/wp-content\\\/uploads\\\/2022\\\/02\\\/logo-guia-combarranquilla.svg\",\"caption\":\"Tu Gu\u00eda Combarranquilla\"},\"image\":{\"@id\":\"https:\\\/\\\/tuguia.combarranquilla.co\\\/Revista\\\/#\\\/schema\\\/logo\\\/image\\\/\"}},{\"@type\":\"Person\",\"@id\":\"https:\\\/\\\/tuguia.combarranquilla.co\\\/Revista\\\/#\\\/schema\\\/person\\\/c2c396a77170bd1d5f8ba73294eb0d10\",\"name\":\"Comunicaciones Combarranquilla\",\"image\":{\"@type\":\"ImageObject\",\"inLanguage\":\"es-CO\",\"@id\":\"https:\\\/\\\/tuguia.combarranquilla.co\\\/Revista\\\/wp-content\\\/uploads\\\/2025\\\/05\\\/ABC-Al-Rojo-Logo-96x96.jpg\",\"url\":\"https:\\\/\\\/tuguia.combarranquilla.co\\\/Revista\\\/wp-content\\\/uploads\\\/2025\\\/05\\\/ABC-Al-Rojo-Logo-96x96.jpg\",\"contentUrl\":\"https:\\\/\\\/tuguia.combarranquilla.co\\\/Revista\\\/wp-content\\\/uploads\\\/2025\\\/05\\\/ABC-Al-Rojo-Logo-96x96.jpg\",\"caption\":\"Comunicaciones Combarranquilla\"},\"sameAs\":[\"https:\\\/\\\/www.combarranquilla.co\"],\"url\":\"https:\\\/\\\/tuguia.combarranquilla.co\\\/Revista\\\/author\\\/comunicaciones\\\/\"}]}<\/script>\n<!-- \/ Yoast SEO plugin. -->","yoast_head_json":{"title":"Te llevamos a ti y a toda tu familia al Cabo de la Vela - Tu Gu\u00eda","robots":{"index":"index","follow":"follow","max-snippet":"max-snippet:-1","max-image-preview":"max-image-preview:large","max-video-preview":"max-video-preview:-1"},"canonical":"https:\/\/tuguia.combarranquilla.co\/Revista\/te-llevamos-a-ti-y-a-toda-tu-familia-al-cabo-de-la-vela\/","og_locale":"es_ES","og_type":"article","og_title":"Te llevamos a ti y a toda tu familia al Cabo de la Vela - Tu Gu\u00eda","og_description":"Alista tus maletas y prep\u00e1rate para el mes de noviembre, Cabo de la Vela uno de los destinos paradisiacos de Colombia espera por ti. Esc\u00e1pate y descon\u00e9ctate de tu rutina, del 11 al 13 de noviembre Combarranquilla te lleva al Cabo de la Vela para que puedas disfrutar de un espacio lleno de relajaci\u00f3n, buena [&hellip;]","og_url":"https:\/\/tuguia.combarranquilla.co\/Revista\/te-llevamos-a-ti-y-a-toda-tu-familia-al-cabo-de-la-vela\/","og_site_name":"Tu Gu\u00eda","article_published_time":"2023-10-05T13:47:50+00:00","article_modified_time":"2023-11-07T13:48:08+00:00","og_image":[{"width":1640,"height":924,"url":"https:\/\/tuguia.combarranquilla.co\/Revista\/wp-content\/uploads\/2023\/11\/Diseno-sin-titulo.png","type":"image\/png"}],"author":"Comunicaciones Combarranquilla","twitter_card":"summary_large_image","twitter_misc":{"Escrito por":"Comunicaciones Combarranquilla","Tiempo de lectura":"1 minuto"},"schema":{"@context":"https:\/\/schema.org","@graph":[{"@type":"Article","@id":"https:\/\/tuguia.combarranquilla.co\/Revista\/te-llevamos-a-ti-y-a-toda-tu-familia-al-cabo-de-la-vela\/#article","isPartOf":{"@id":"https:\/\/tuguia.combarranquilla.co\/Revista\/te-llevamos-a-ti-y-a-toda-tu-familia-al-cabo-de-la-vela\/"},"author":{"name":"Comunicaciones Combarranquilla","@id":"https:\/\/tuguia.combarranquilla.co\/Revista\/#\/schema\/person\/c2c396a77170bd1d5f8ba73294eb0d10"},"headline":"Te llevamos a ti y a toda tu familia al Cabo de la Vela","datePublished":"2023-10-05T13:47:50+00:00","dateModified":"2023-11-07T13:48:08+00:00","mainEntityOfPage":{"@id":"https:\/\/tuguia.combarranquilla.co\/Revista\/te-llevamos-a-ti-y-a-toda-tu-familia-al-cabo-de-la-vela\/"},"wordCount":289,"commentCount":0,"publisher":{"@id":"https:\/\/tuguia.combarranquilla.co\/Revista\/#organization"},"image":{"@id":"https:\/\/tuguia.combarranquilla.co\/Revista\/te-llevamos-a-ti-y-a-toda-tu-familia-al-cabo-de-la-vela\/#primaryimage"},"thumbnailUrl":"https:\/\/tuguia.combarranquilla.co\/Revista\/wp-content\/uploads\/2023\/11\/Diseno-sin-titulo.png","articleSection":["ENTRETENIMIENTO"],"inLanguage":"es-CO","potentialAction":[{"@type":"CommentAction","name":"Comment","target":["https:\/\/tuguia.combarranquilla.co\/Revista\/te-llevamos-a-ti-y-a-toda-tu-familia-al-cabo-de-la-vela\/#respond"]}]},{"@type":"WebPage","@id":"https:\/\/tuguia.combarranquilla.co\/Revista\/te-llevamos-a-ti-y-a-toda-tu-familia-al-cabo-de-la-vela\/","url":"https:\/\/tuguia.combarranquilla.co\/Revista\/te-llevamos-a-ti-y-a-toda-tu-familia-al-cabo-de-la-vela\/","name":"Te llevamos a ti y a toda tu familia al Cabo de la Vela - Tu Gu\u00eda","isPartOf":{"@id":"https:\/\/tuguia.combarranquilla.co\/Revista\/#website"},"primaryImageOfPage":{"@id":"https:\/\/tuguia.combarranquilla.co\/Revista\/te-llevamos-a-ti-y-a-toda-tu-familia-al-cabo-de-la-vela\/#primaryimage"},"image":{"@id":"https:\/\/tuguia.combarranquilla.co\/Revista\/te-llevamos-a-ti-y-a-toda-tu-familia-al-cabo-de-la-vela\/#primaryimage"},"thumbnailUrl":"https:\/\/tuguia.combarranquilla.co\/Revista\/wp-content\/uploads\/2023\/11\/Diseno-sin-titulo.png","datePublished":"2023-10-05T13:47:50+00:00","dateModified":"2023-11-07T13:48:08+00:00","breadcrumb":{"@id":"https:\/\/tuguia.combarranquilla.co\/Revista\/te-llevamos-a-ti-y-a-toda-tu-familia-al-cabo-de-la-vela\/#breadcrumb"},"inLanguage":"es-CO","potentialAction":[{"@type":"ReadAction","target":["https:\/\/tuguia.combarranquilla.co\/Revista\/te-llevamos-a-ti-y-a-toda-tu-familia-al-cabo-de-la-vela\/"]}]},{"@type":"ImageObject","inLanguage":"es-CO","@id":"https:\/\/tuguia.combarranquilla.co\/Revista\/te-llevamos-a-ti-y-a-toda-tu-familia-al-cabo-de-la-vela\/#primaryimage","url":"https:\/\/tuguia.combarranquilla.co\/Revista\/wp-content\/uploads\/2023\/11\/Diseno-sin-titulo.png","contentUrl":"https:\/\/tuguia.combarranquilla.co\/Revista\/wp-content\/uploads\/2023\/11\/Diseno-sin-titulo.png","width":1640,"height":924},{"@type":"BreadcrumbList","@id":"https:\/\/tuguia.combarranquilla.co\/Revista\/te-llevamos-a-ti-y-a-toda-tu-familia-al-cabo-de-la-vela\/#breadcrumb","itemListElement":[{"@type":"ListItem","position":1,"name":"Inicio","item":"https:\/\/tuguia.combarranquilla.co\/Revista\/"},{"@type":"ListItem","position":2,"name":"Te llevamos a ti y a toda tu familia al Cabo de la Vela"}]},{"@type":"WebSite","@id":"https:\/\/tuguia.combarranquilla.co\/Revista\/#website","url":"https:\/\/tuguia.combarranquilla.co\/Revista\/","name":"Tu Gu\u00eda","description":"La revista donde lo tienes todo.","publisher":{"@id":"https:\/\/tuguia.combarranquilla.co\/Revista\/#organization"},"alternateName":"Tu Gu\u00eda Combarranquilla","potentialAction":[{"@type":"SearchAction","target":{"@type":"EntryPoint","urlTemplate":"https:\/\/tuguia.combarranquilla.co\/Revista\/?s={search_term_string}"},"query-input":{"@type":"PropertyValueSpecification","valueRequired":true,"valueName":"search_term_string"}}],"inLanguage":"es-CO"},{"@type":"Organization","@id":"https:\/\/tuguia.combarranquilla.co\/Revista\/#organization","name":"Tu Gu\u00eda Combarranquilla","url":"https:\/\/tuguia.combarranquilla.co\/Revista\/","logo":{"@type":"ImageObject","inLanguage":"es-CO","@id":"https:\/\/tuguia.combarranquilla.co\/Revista\/#\/schema\/logo\/image\/","url":"https:\/\/tuguia.combarranquilla.co\/Revista\/wp-content\/uploads\/2022\/02\/logo-guia-combarranquilla.svg","contentUrl":"https:\/\/tuguia.combarranquilla.co\/Revista\/wp-content\/uploads\/2022\/02\/logo-guia-combarranquilla.svg","caption":"Tu Gu\u00eda Combarranquilla"},"image":{"@id":"https:\/\/tuguia.combarranquilla.co\/Revista\/#\/schema\/logo\/image\/"}},{"@type":"Person","@id":"https:\/\/tuguia.combarranquilla.co\/Revista\/#\/schema\/person\/c2c396a77170bd1d5f8ba73294eb0d10","name":"Comunicaciones Combarranquilla","image":{"@type":"ImageObject","inLanguage":"es-CO","@id":"https:\/\/tuguia.combarranquilla.co\/Revista\/wp-content\/uploads\/2025\/05\/ABC-Al-Rojo-Logo-96x96.jpg","url":"https:\/\/tuguia.combarranquilla.co\/Revista\/wp-content\/uploads\/2025\/05\/ABC-Al-Rojo-Logo-96x96.jpg","contentUrl":"https:\/\/tuguia.combarranquilla.co\/Revista\/wp-content\/uploads\/2025\/05\/ABC-Al-Rojo-Logo-96x96.jpg","caption":"Comunicaciones Combarranquilla"},"sameAs":["https:\/\/www.combarranquilla.co"],"url":"https:\/\/tuguia.combarranquilla.co\/Revista\/author\/comunicaciones\/"}]}},"_links":{"self":[{"href":"https:\/\/tuguia.combarranquilla.co\/Revista\/wp-json\/wp\/v2\/posts\/2926","targetHints":{"allow":["GET"]}}],"collection":[{"href":"https:\/\/tuguia.combarranquilla.co\/Revista\/wp-json\/wp\/v2\/posts"}],"about":[{"href":"https:\/\/tuguia.combarranquilla.co\/Revista\/wp-json\/wp\/v2\/types\/post"}],"author":[{"embeddable":true,"href":"https:\/\/tuguia.combarranquilla.co\/Revista\/wp-json\/wp\/v2\/users\/2"}],"replies":[{"embeddable":true,"href":"https:\/\/tuguia.combarranquilla.co\/Revista\/wp-json\/wp\/v2\/comments?post=2926"}],"version-history":[{"count":6,"href":"https:\/\/tuguia.combarranquilla.co\/Revista\/wp-json\/wp\/v2\/posts\/2926\/revisions"}],"predecessor-version":[{"id":2985,"href":"https:\/\/tuguia.combarranquilla.co\/Revista\/wp-json\/wp\/v2\/posts\/2926\/revisions\/2985"}],"wp:featuredmedia":[{"embeddable":true,"href":"https:\/\/tuguia.combarranquilla.co\/Revista\/wp-json\/wp\/v2\/media\/2933"}],"wp:attachment":[{"href":"https:\/\/tuguia.combarranquilla.co\/Revista\/wp-json\/wp\/v2\/media?parent=2926"}],"wp:term":[{"taxonomy":"category","embeddable":true,"href":"https:\/\/tuguia.combarranquilla.co\/Revista\/wp-json\/wp\/v2\/categories?post=2926"},{"taxonomy":"post_tag","embeddable":true,"href":"https:\/\/tuguia.combarranquilla.co\/Revista\/wp-json\/wp\/v2\/tags?post=2926"}],"curies":[{"name":"wp","href":"https:\/\/api.w.org\/{rel}","templated":true}]}}