{"id":3031,"date":"2023-11-03T09:46:26","date_gmt":"2023-11-03T14:46:26","guid":{"rendered":"https:\/\/tuguia.combarranquilla.co\/Revista\/?p=3031"},"modified":"2023-11-22T14:40:02","modified_gmt":"2023-11-22T19:40:02","slug":"conoce-como-alquilar-nuestras-deportivas-y-sus-tarifas","status":"publish","type":"post","link":"https:\/\/tuguia.combarranquilla.co\/Revista\/conoce-como-alquilar-nuestras-deportivas-y-sus-tarifas\/","title":{"rendered":"Conoce c\u00f3mo alquilar nuestras canchas deportivas y sus tarifas"},"content":{"rendered":"\n<p class=\"has-medium-font-size\">En Combarranquilla tenemos espacios de esparcimiento deportivo para ti, tu familia y amigos. Es muy f\u00e1cil realizar el alquiler de estos espacios de forma presencial o a trav\u00e9s de nuestros canales digitales.<\/p>\n\n\n\n<ol class=\"wp-block-list\">\n<li class=\"has-medium-font-size\">Dir\u00edgete a nuestras unidades en los horarios de 8:00 a.m. a 12:00 m. y de 1:00 p.m. a 5:00 p.m.<\/li>\n\n\n\n<li class=\"has-medium-font-size\">Pregunta por la disponibilidad de canchas que tenemos para ti.<\/li>\n\n\n\n<li class=\"has-medium-font-size\">Alquila tu cancha en el horario que desees, seg\u00fan la disponibilidad.<\/li>\n\n\n\n<li class=\"has-medium-font-size\">Inicia el proceso de pago de tu cancha como te lo indique el asesor.<\/li>\n<\/ol>\n\n\n\n<figure class=\"wp-block-image size-large\"><img decoding=\"async\" width=\"768\" height=\"1024\" data-src=\"https:\/\/tuguia.combarranquilla.co\/Revista\/wp-content\/uploads\/2023\/11\/281EB71E-4DDB-4002-BE86-67CF85914929-768x1024.jpeg\" alt=\"\" class=\"wp-image-3068 lazyload\" data-srcset=\"https:\/\/tuguia.combarranquilla.co\/Revista\/wp-content\/uploads\/2023\/11\/281EB71E-4DDB-4002-BE86-67CF85914929-768x1024.jpeg 768w, https:\/\/tuguia.combarranquilla.co\/Revista\/wp-content\/uploads\/2023\/11\/281EB71E-4DDB-4002-BE86-67CF85914929-225x300.jpeg 225w, https:\/\/tuguia.combarranquilla.co\/Revista\/wp-content\/uploads\/2023\/11\/281EB71E-4DDB-4002-BE86-67CF85914929-1152x1536.jpeg 1152w, https:\/\/tuguia.combarranquilla.co\/Revista\/wp-content\/uploads\/2023\/11\/281EB71E-4DDB-4002-BE86-67CF85914929-1536x2048.jpeg 1536w, https:\/\/tuguia.combarranquilla.co\/Revista\/wp-content\/uploads\/2023\/11\/281EB71E-4DDB-4002-BE86-67CF85914929-scaled.jpeg 1920w\" data-sizes=\"(max-width: 768px) 100vw, 768px\" src=\"data:image\/svg+xml;base64,PHN2ZyB3aWR0aD0iMSIgaGVpZ2h0PSIxIiB4bWxucz0iaHR0cDovL3d3dy53My5vcmcvMjAwMC9zdmciPjwvc3ZnPg==\" style=\"--smush-placeholder-width: 768px; --smush-placeholder-aspect-ratio: 768\/1024;\" \/><\/figure>\n\n\n\n<p class=\"has-medium-font-size\">Si no puedes realizar el proceso de alquiler de la cancha de forma presencial, tambi\u00e9n lo puedes realizar a trav\u00e9s de nuestros canales digitales o a trav\u00e9s de la l\u00ednea telef\u00f3nica 3225049 ext. 1231 \u2013 1232 \u2013 1233 \u2013 1236 \u2013 1237.<\/p>\n\n\n\n<p class=\"has-medium-font-size\"><strong>&nbsp;TARIFAS<\/strong><\/p>\n\n\n\n<figure class=\"wp-block-table\"><table><tbody><tr><td class=\"has-text-align-left\" data-align=\"left\"><strong>CANCHAS<\/strong><\/td><td><strong>CAT. A<\/strong><\/td><td><strong>CAT. B<\/strong><\/td><td><strong>CAT. C<\/strong><\/td><td><strong>No Afiliado<\/strong><\/td><\/tr><tr><td class=\"has-text-align-left\" data-align=\"left\">Cancha M\u00faltiple Unidad Mario Santodomingo (Calle 30)<strong><\/strong><\/td><td>$48.600<\/td><td>$51.500<\/td><td>$56.800<\/td><td>$89.500<\/td><\/tr><tr><td class=\"has-text-align-left\" data-align=\"left\">Cancha de F\u00fatbol 5 Unidad Boston<strong><\/strong><\/td><td>$103.300<\/td><td>$103.300<\/td><td>$103.300<\/td><td>$119.800<\/td><\/tr><tr><td class=\"has-text-align-left\" data-align=\"left\">Cancha de F\u00fatbol Grama Centro Recreacional Solinilla<strong><\/strong><\/td><td>$178.700<\/td><td>$180.600<\/td><td>$187.900<\/td><td>$338.900<\/td><\/tr><tr><td class=\"has-text-align-left\" data-align=\"left\">Cancha de Microf\u00fatbol Centro Recreacional Solinilla<strong><\/strong><\/td><td>$91.900<\/td><td>$103.300<\/td><td>$117.000<\/td><td>$166.500<\/td><\/tr><tr><td class=\"has-text-align-left\" data-align=\"left\">Cancha de Mini F\u00fatbol 9 Centro Recreacional Solinilla<strong><\/strong><\/td><td>$106.700<\/td><td>$108.000<\/td><td>$112.900<\/td><td>$217.500<\/td><\/tr><tr><td class=\"has-text-align-left\" data-align=\"left\">Cancha M\u00faltiple Piso (Voleibol, B\u00e1squet) Centro Recreacional Solinilla<strong><\/strong><\/td><td>$54.300<\/td><td>$55.700<\/td><td>$63.600<\/td><td>$88.000<\/td><\/tr><\/tbody><\/table><\/figure>\n","protected":false},"excerpt":{"rendered":"<p>En Combarranquilla tenemos espacios de esparcimiento deportivo para ti, tu familia y amigos. Es muy f\u00e1cil realizar el alquiler de estos espacios de forma presencial o a trav\u00e9s de nuestros canales digitales. Si no puedes realizar el proceso de alquiler de la cancha de forma presencial, tambi\u00e9n lo puedes realizar a trav\u00e9s de nuestros canales [&hellip;]<\/p>\n","protected":false},"author":2,"featured_media":3032,"comment_status":"open","ping_status":"open","sticky":false,"template":"","format":"standard","meta":{"inline_featured_image":false,"footnotes":""},"categories":[5],"tags":[],"class_list":["post-3031","post","type-post","status-publish","format-standard","has-post-thumbnail","hentry","category-vida-saludable"],"yoast_head":"<!-- This site is optimized with the Yoast SEO plugin v27.4 - https:\/\/yoast.com\/product\/yoast-seo-wordpress\/ -->\n<title>Conoce c\u00f3mo alquilar nuestras canchas deportivas y sus tarifas - Tu Gu\u00eda<\/title>\n<meta name=\"robots\" content=\"index, follow, max-snippet:-1, max-image-preview:large, max-video-preview:-1\" \/>\n<link rel=\"canonical\" href=\"https:\/\/tuguia.combarranquilla.co\/Revista\/conoce-como-alquilar-nuestras-deportivas-y-sus-tarifas\/\" \/>\n<meta property=\"og:locale\" content=\"es_ES\" \/>\n<meta property=\"og:type\" content=\"article\" \/>\n<meta property=\"og:title\" content=\"Conoce c\u00f3mo alquilar nuestras canchas deportivas y sus tarifas - Tu Gu\u00eda\" \/>\n<meta property=\"og:description\" content=\"En Combarranquilla tenemos espacios de esparcimiento deportivo para ti, tu familia y amigos. Es muy f\u00e1cil realizar el alquiler de estos espacios de forma presencial o a trav\u00e9s de nuestros canales digitales. Si no puedes realizar el proceso de alquiler de la cancha de forma presencial, tambi\u00e9n lo puedes realizar a trav\u00e9s de nuestros canales [&hellip;]\" \/>\n<meta property=\"og:url\" content=\"https:\/\/tuguia.combarranquilla.co\/Revista\/conoce-como-alquilar-nuestras-deportivas-y-sus-tarifas\/\" \/>\n<meta property=\"og:site_name\" content=\"Tu Gu\u00eda\" \/>\n<meta property=\"article:published_time\" content=\"2023-11-03T14:46:26+00:00\" \/>\n<meta property=\"article:modified_time\" content=\"2023-11-22T19:40:02+00:00\" \/>\n<meta property=\"og:image\" content=\"https:\/\/tuguia.combarranquilla.co\/Revista\/wp-content\/uploads\/2023\/11\/WhatsApp-Image-2023-11-08-at-2.08.13-PM.jpeg\" \/>\n\t<meta property=\"og:image:width\" content=\"1600\" \/>\n\t<meta property=\"og:image:height\" content=\"1066\" \/>\n\t<meta property=\"og:image:type\" content=\"image\/jpeg\" \/>\n<meta name=\"author\" content=\"Comunicaciones Combarranquilla\" \/>\n<meta name=\"twitter:card\" content=\"summary_large_image\" \/>\n<meta name=\"twitter:label1\" content=\"Escrito por\" \/>\n\t<meta name=\"twitter:data1\" content=\"Comunicaciones Combarranquilla\" \/>\n\t<meta name=\"twitter:label2\" content=\"Tiempo de lectura\" \/>\n\t<meta name=\"twitter:data2\" content=\"1 minuto\" \/>\n<script type=\"application\/ld+json\" class=\"yoast-schema-graph\">{\"@context\":\"https:\\\/\\\/schema.org\",\"@graph\":[{\"@type\":\"Article\",\"@id\":\"https:\\\/\\\/tuguia.combarranquilla.co\\\/Revista\\\/conoce-como-alquilar-nuestras-deportivas-y-sus-tarifas\\\/#article\",\"isPartOf\":{\"@id\":\"https:\\\/\\\/tuguia.combarranquilla.co\\\/Revista\\\/conoce-como-alquilar-nuestras-deportivas-y-sus-tarifas\\\/\"},\"author\":{\"name\":\"Comunicaciones Combarranquilla\",\"@id\":\"https:\\\/\\\/tuguia.combarranquilla.co\\\/Revista\\\/#\\\/schema\\\/person\\\/c2c396a77170bd1d5f8ba73294eb0d10\"},\"headline\":\"Conoce c\u00f3mo alquilar nuestras canchas deportivas y sus tarifas\",\"datePublished\":\"2023-11-03T14:46:26+00:00\",\"dateModified\":\"2023-11-22T19:40:02+00:00\",\"mainEntityOfPage\":{\"@id\":\"https:\\\/\\\/tuguia.combarranquilla.co\\\/Revista\\\/conoce-como-alquilar-nuestras-deportivas-y-sus-tarifas\\\/\"},\"wordCount\":194,\"commentCount\":0,\"publisher\":{\"@id\":\"https:\\\/\\\/tuguia.combarranquilla.co\\\/Revista\\\/#organization\"},\"image\":{\"@id\":\"https:\\\/\\\/tuguia.combarranquilla.co\\\/Revista\\\/conoce-como-alquilar-nuestras-deportivas-y-sus-tarifas\\\/#primaryimage\"},\"thumbnailUrl\":\"https:\\\/\\\/tuguia.combarranquilla.co\\\/Revista\\\/wp-content\\\/uploads\\\/2023\\\/11\\\/WhatsApp-Image-2023-11-08-at-2.08.13-PM.jpeg\",\"articleSection\":[\"VIDA SALUDABLE\"],\"inLanguage\":\"es-CO\",\"potentialAction\":[{\"@type\":\"CommentAction\",\"name\":\"Comment\",\"target\":[\"https:\\\/\\\/tuguia.combarranquilla.co\\\/Revista\\\/conoce-como-alquilar-nuestras-deportivas-y-sus-tarifas\\\/#respond\"]}]},{\"@type\":\"WebPage\",\"@id\":\"https:\\\/\\\/tuguia.combarranquilla.co\\\/Revista\\\/conoce-como-alquilar-nuestras-deportivas-y-sus-tarifas\\\/\",\"url\":\"https:\\\/\\\/tuguia.combarranquilla.co\\\/Revista\\\/conoce-como-alquilar-nuestras-deportivas-y-sus-tarifas\\\/\",\"name\":\"Conoce c\u00f3mo alquilar nuestras canchas deportivas y sus tarifas - Tu Gu\u00eda\",\"isPartOf\":{\"@id\":\"https:\\\/\\\/tuguia.combarranquilla.co\\\/Revista\\\/#website\"},\"primaryImageOfPage\":{\"@id\":\"https:\\\/\\\/tuguia.combarranquilla.co\\\/Revista\\\/conoce-como-alquilar-nuestras-deportivas-y-sus-tarifas\\\/#primaryimage\"},\"image\":{\"@id\":\"https:\\\/\\\/tuguia.combarranquilla.co\\\/Revista\\\/conoce-como-alquilar-nuestras-deportivas-y-sus-tarifas\\\/#primaryimage\"},\"thumbnailUrl\":\"https:\\\/\\\/tuguia.combarranquilla.co\\\/Revista\\\/wp-content\\\/uploads\\\/2023\\\/11\\\/WhatsApp-Image-2023-11-08-at-2.08.13-PM.jpeg\",\"datePublished\":\"2023-11-03T14:46:26+00:00\",\"dateModified\":\"2023-11-22T19:40:02+00:00\",\"breadcrumb\":{\"@id\":\"https:\\\/\\\/tuguia.combarranquilla.co\\\/Revista\\\/conoce-como-alquilar-nuestras-deportivas-y-sus-tarifas\\\/#breadcrumb\"},\"inLanguage\":\"es-CO\",\"potentialAction\":[{\"@type\":\"ReadAction\",\"target\":[\"https:\\\/\\\/tuguia.combarranquilla.co\\\/Revista\\\/conoce-como-alquilar-nuestras-deportivas-y-sus-tarifas\\\/\"]}]},{\"@type\":\"ImageObject\",\"inLanguage\":\"es-CO\",\"@id\":\"https:\\\/\\\/tuguia.combarranquilla.co\\\/Revista\\\/conoce-como-alquilar-nuestras-deportivas-y-sus-tarifas\\\/#primaryimage\",\"url\":\"https:\\\/\\\/tuguia.combarranquilla.co\\\/Revista\\\/wp-content\\\/uploads\\\/2023\\\/11\\\/WhatsApp-Image-2023-11-08-at-2.08.13-PM.jpeg\",\"contentUrl\":\"https:\\\/\\\/tuguia.combarranquilla.co\\\/Revista\\\/wp-content\\\/uploads\\\/2023\\\/11\\\/WhatsApp-Image-2023-11-08-at-2.08.13-PM.jpeg\",\"width\":1600,\"height\":1066},{\"@type\":\"BreadcrumbList\",\"@id\":\"https:\\\/\\\/tuguia.combarranquilla.co\\\/Revista\\\/conoce-como-alquilar-nuestras-deportivas-y-sus-tarifas\\\/#breadcrumb\",\"itemListElement\":[{\"@type\":\"ListItem\",\"position\":1,\"name\":\"Inicio\",\"item\":\"https:\\\/\\\/tuguia.combarranquilla.co\\\/Revista\\\/\"},{\"@type\":\"ListItem\",\"position\":2,\"name\":\"Conoce c\u00f3mo alquilar nuestras canchas deportivas y sus tarifas\"}]},{\"@type\":\"WebSite\",\"@id\":\"https:\\\/\\\/tuguia.combarranquilla.co\\\/Revista\\\/#website\",\"url\":\"https:\\\/\\\/tuguia.combarranquilla.co\\\/Revista\\\/\",\"name\":\"Tu Gu\u00eda\",\"description\":\"La revista donde lo tienes todo.\",\"publisher\":{\"@id\":\"https:\\\/\\\/tuguia.combarranquilla.co\\\/Revista\\\/#organization\"},\"alternateName\":\"Tu Gu\u00eda Combarranquilla\",\"potentialAction\":[{\"@type\":\"SearchAction\",\"target\":{\"@type\":\"EntryPoint\",\"urlTemplate\":\"https:\\\/\\\/tuguia.combarranquilla.co\\\/Revista\\\/?s={search_term_string}\"},\"query-input\":{\"@type\":\"PropertyValueSpecification\",\"valueRequired\":true,\"valueName\":\"search_term_string\"}}],\"inLanguage\":\"es-CO\"},{\"@type\":\"Organization\",\"@id\":\"https:\\\/\\\/tuguia.combarranquilla.co\\\/Revista\\\/#organization\",\"name\":\"Tu Gu\u00eda Combarranquilla\",\"url\":\"https:\\\/\\\/tuguia.combarranquilla.co\\\/Revista\\\/\",\"logo\":{\"@type\":\"ImageObject\",\"inLanguage\":\"es-CO\",\"@id\":\"https:\\\/\\\/tuguia.combarranquilla.co\\\/Revista\\\/#\\\/schema\\\/logo\\\/image\\\/\",\"url\":\"https:\\\/\\\/tuguia.combarranquilla.co\\\/Revista\\\/wp-content\\\/uploads\\\/2022\\\/02\\\/logo-guia-combarranquilla.svg\",\"contentUrl\":\"https:\\\/\\\/tuguia.combarranquilla.co\\\/Revista\\\/wp-content\\\/uploads\\\/2022\\\/02\\\/logo-guia-combarranquilla.svg\",\"caption\":\"Tu Gu\u00eda Combarranquilla\"},\"image\":{\"@id\":\"https:\\\/\\\/tuguia.combarranquilla.co\\\/Revista\\\/#\\\/schema\\\/logo\\\/image\\\/\"}},{\"@type\":\"Person\",\"@id\":\"https:\\\/\\\/tuguia.combarranquilla.co\\\/Revista\\\/#\\\/schema\\\/person\\\/c2c396a77170bd1d5f8ba73294eb0d10\",\"name\":\"Comunicaciones Combarranquilla\",\"image\":{\"@type\":\"ImageObject\",\"inLanguage\":\"es-CO\",\"@id\":\"https:\\\/\\\/tuguia.combarranquilla.co\\\/Revista\\\/wp-content\\\/uploads\\\/2025\\\/05\\\/ABC-Al-Rojo-Logo-96x96.jpg\",\"url\":\"https:\\\/\\\/tuguia.combarranquilla.co\\\/Revista\\\/wp-content\\\/uploads\\\/2025\\\/05\\\/ABC-Al-Rojo-Logo-96x96.jpg\",\"contentUrl\":\"https:\\\/\\\/tuguia.combarranquilla.co\\\/Revista\\\/wp-content\\\/uploads\\\/2025\\\/05\\\/ABC-Al-Rojo-Logo-96x96.jpg\",\"caption\":\"Comunicaciones Combarranquilla\"},\"sameAs\":[\"https:\\\/\\\/www.combarranquilla.co\"],\"url\":\"https:\\\/\\\/tuguia.combarranquilla.co\\\/Revista\\\/author\\\/comunicaciones\\\/\"}]}<\/script>\n<!-- \/ Yoast SEO plugin. -->","yoast_head_json":{"title":"Conoce c\u00f3mo alquilar nuestras canchas deportivas y sus tarifas - Tu Gu\u00eda","robots":{"index":"index","follow":"follow","max-snippet":"max-snippet:-1","max-image-preview":"max-image-preview:large","max-video-preview":"max-video-preview:-1"},"canonical":"https:\/\/tuguia.combarranquilla.co\/Revista\/conoce-como-alquilar-nuestras-deportivas-y-sus-tarifas\/","og_locale":"es_ES","og_type":"article","og_title":"Conoce c\u00f3mo alquilar nuestras canchas deportivas y sus tarifas - Tu Gu\u00eda","og_description":"En Combarranquilla tenemos espacios de esparcimiento deportivo para ti, tu familia y amigos. Es muy f\u00e1cil realizar el alquiler de estos espacios de forma presencial o a trav\u00e9s de nuestros canales digitales. Si no puedes realizar el proceso de alquiler de la cancha de forma presencial, tambi\u00e9n lo puedes realizar a trav\u00e9s de nuestros canales [&hellip;]","og_url":"https:\/\/tuguia.combarranquilla.co\/Revista\/conoce-como-alquilar-nuestras-deportivas-y-sus-tarifas\/","og_site_name":"Tu Gu\u00eda","article_published_time":"2023-11-03T14:46:26+00:00","article_modified_time":"2023-11-22T19:40:02+00:00","og_image":[{"width":1600,"height":1066,"url":"https:\/\/tuguia.combarranquilla.co\/Revista\/wp-content\/uploads\/2023\/11\/WhatsApp-Image-2023-11-08-at-2.08.13-PM.jpeg","type":"image\/jpeg"}],"author":"Comunicaciones Combarranquilla","twitter_card":"summary_large_image","twitter_misc":{"Escrito por":"Comunicaciones Combarranquilla","Tiempo de lectura":"1 minuto"},"schema":{"@context":"https:\/\/schema.org","@graph":[{"@type":"Article","@id":"https:\/\/tuguia.combarranquilla.co\/Revista\/conoce-como-alquilar-nuestras-deportivas-y-sus-tarifas\/#article","isPartOf":{"@id":"https:\/\/tuguia.combarranquilla.co\/Revista\/conoce-como-alquilar-nuestras-deportivas-y-sus-tarifas\/"},"author":{"name":"Comunicaciones Combarranquilla","@id":"https:\/\/tuguia.combarranquilla.co\/Revista\/#\/schema\/person\/c2c396a77170bd1d5f8ba73294eb0d10"},"headline":"Conoce c\u00f3mo alquilar nuestras canchas deportivas y sus tarifas","datePublished":"2023-11-03T14:46:26+00:00","dateModified":"2023-11-22T19:40:02+00:00","mainEntityOfPage":{"@id":"https:\/\/tuguia.combarranquilla.co\/Revista\/conoce-como-alquilar-nuestras-deportivas-y-sus-tarifas\/"},"wordCount":194,"commentCount":0,"publisher":{"@id":"https:\/\/tuguia.combarranquilla.co\/Revista\/#organization"},"image":{"@id":"https:\/\/tuguia.combarranquilla.co\/Revista\/conoce-como-alquilar-nuestras-deportivas-y-sus-tarifas\/#primaryimage"},"thumbnailUrl":"https:\/\/tuguia.combarranquilla.co\/Revista\/wp-content\/uploads\/2023\/11\/WhatsApp-Image-2023-11-08-at-2.08.13-PM.jpeg","articleSection":["VIDA SALUDABLE"],"inLanguage":"es-CO","potentialAction":[{"@type":"CommentAction","name":"Comment","target":["https:\/\/tuguia.combarranquilla.co\/Revista\/conoce-como-alquilar-nuestras-deportivas-y-sus-tarifas\/#respond"]}]},{"@type":"WebPage","@id":"https:\/\/tuguia.combarranquilla.co\/Revista\/conoce-como-alquilar-nuestras-deportivas-y-sus-tarifas\/","url":"https:\/\/tuguia.combarranquilla.co\/Revista\/conoce-como-alquilar-nuestras-deportivas-y-sus-tarifas\/","name":"Conoce c\u00f3mo alquilar nuestras canchas deportivas y sus tarifas - Tu Gu\u00eda","isPartOf":{"@id":"https:\/\/tuguia.combarranquilla.co\/Revista\/#website"},"primaryImageOfPage":{"@id":"https:\/\/tuguia.combarranquilla.co\/Revista\/conoce-como-alquilar-nuestras-deportivas-y-sus-tarifas\/#primaryimage"},"image":{"@id":"https:\/\/tuguia.combarranquilla.co\/Revista\/conoce-como-alquilar-nuestras-deportivas-y-sus-tarifas\/#primaryimage"},"thumbnailUrl":"https:\/\/tuguia.combarranquilla.co\/Revista\/wp-content\/uploads\/2023\/11\/WhatsApp-Image-2023-11-08-at-2.08.13-PM.jpeg","datePublished":"2023-11-03T14:46:26+00:00","dateModified":"2023-11-22T19:40:02+00:00","breadcrumb":{"@id":"https:\/\/tuguia.combarranquilla.co\/Revista\/conoce-como-alquilar-nuestras-deportivas-y-sus-tarifas\/#breadcrumb"},"inLanguage":"es-CO","potentialAction":[{"@type":"ReadAction","target":["https:\/\/tuguia.combarranquilla.co\/Revista\/conoce-como-alquilar-nuestras-deportivas-y-sus-tarifas\/"]}]},{"@type":"ImageObject","inLanguage":"es-CO","@id":"https:\/\/tuguia.combarranquilla.co\/Revista\/conoce-como-alquilar-nuestras-deportivas-y-sus-tarifas\/#primaryimage","url":"https:\/\/tuguia.combarranquilla.co\/Revista\/wp-content\/uploads\/2023\/11\/WhatsApp-Image-2023-11-08-at-2.08.13-PM.jpeg","contentUrl":"https:\/\/tuguia.combarranquilla.co\/Revista\/wp-content\/uploads\/2023\/11\/WhatsApp-Image-2023-11-08-at-2.08.13-PM.jpeg","width":1600,"height":1066},{"@type":"BreadcrumbList","@id":"https:\/\/tuguia.combarranquilla.co\/Revista\/conoce-como-alquilar-nuestras-deportivas-y-sus-tarifas\/#breadcrumb","itemListElement":[{"@type":"ListItem","position":1,"name":"Inicio","item":"https:\/\/tuguia.combarranquilla.co\/Revista\/"},{"@type":"ListItem","position":2,"name":"Conoce c\u00f3mo alquilar nuestras canchas deportivas y sus tarifas"}]},{"@type":"WebSite","@id":"https:\/\/tuguia.combarranquilla.co\/Revista\/#website","url":"https:\/\/tuguia.combarranquilla.co\/Revista\/","name":"Tu Gu\u00eda","description":"La revista donde lo tienes todo.","publisher":{"@id":"https:\/\/tuguia.combarranquilla.co\/Revista\/#organization"},"alternateName":"Tu Gu\u00eda Combarranquilla","potentialAction":[{"@type":"SearchAction","target":{"@type":"EntryPoint","urlTemplate":"https:\/\/tuguia.combarranquilla.co\/Revista\/?s={search_term_string}"},"query-input":{"@type":"PropertyValueSpecification","valueRequired":true,"valueName":"search_term_string"}}],"inLanguage":"es-CO"},{"@type":"Organization","@id":"https:\/\/tuguia.combarranquilla.co\/Revista\/#organization","name":"Tu Gu\u00eda Combarranquilla","url":"https:\/\/tuguia.combarranquilla.co\/Revista\/","logo":{"@type":"ImageObject","inLanguage":"es-CO","@id":"https:\/\/tuguia.combarranquilla.co\/Revista\/#\/schema\/logo\/image\/","url":"https:\/\/tuguia.combarranquilla.co\/Revista\/wp-content\/uploads\/2022\/02\/logo-guia-combarranquilla.svg","contentUrl":"https:\/\/tuguia.combarranquilla.co\/Revista\/wp-content\/uploads\/2022\/02\/logo-guia-combarranquilla.svg","caption":"Tu Gu\u00eda Combarranquilla"},"image":{"@id":"https:\/\/tuguia.combarranquilla.co\/Revista\/#\/schema\/logo\/image\/"}},{"@type":"Person","@id":"https:\/\/tuguia.combarranquilla.co\/Revista\/#\/schema\/person\/c2c396a77170bd1d5f8ba73294eb0d10","name":"Comunicaciones Combarranquilla","image":{"@type":"ImageObject","inLanguage":"es-CO","@id":"https:\/\/tuguia.combarranquilla.co\/Revista\/wp-content\/uploads\/2025\/05\/ABC-Al-Rojo-Logo-96x96.jpg","url":"https:\/\/tuguia.combarranquilla.co\/Revista\/wp-content\/uploads\/2025\/05\/ABC-Al-Rojo-Logo-96x96.jpg","contentUrl":"https:\/\/tuguia.combarranquilla.co\/Revista\/wp-content\/uploads\/2025\/05\/ABC-Al-Rojo-Logo-96x96.jpg","caption":"Comunicaciones Combarranquilla"},"sameAs":["https:\/\/www.combarranquilla.co"],"url":"https:\/\/tuguia.combarranquilla.co\/Revista\/author\/comunicaciones\/"}]}},"_links":{"self":[{"href":"https:\/\/tuguia.combarranquilla.co\/Revista\/wp-json\/wp\/v2\/posts\/3031","targetHints":{"allow":["GET"]}}],"collection":[{"href":"https:\/\/tuguia.combarranquilla.co\/Revista\/wp-json\/wp\/v2\/posts"}],"about":[{"href":"https:\/\/tuguia.combarranquilla.co\/Revista\/wp-json\/wp\/v2\/types\/post"}],"author":[{"embeddable":true,"href":"https:\/\/tuguia.combarranquilla.co\/Revista\/wp-json\/wp\/v2\/users\/2"}],"replies":[{"embeddable":true,"href":"https:\/\/tuguia.combarranquilla.co\/Revista\/wp-json\/wp\/v2\/comments?post=3031"}],"version-history":[{"count":10,"href":"https:\/\/tuguia.combarranquilla.co\/Revista\/wp-json\/wp\/v2\/posts\/3031\/revisions"}],"predecessor-version":[{"id":3089,"href":"https:\/\/tuguia.combarranquilla.co\/Revista\/wp-json\/wp\/v2\/posts\/3031\/revisions\/3089"}],"wp:featuredmedia":[{"embeddable":true,"href":"https:\/\/tuguia.combarranquilla.co\/Revista\/wp-json\/wp\/v2\/media\/3032"}],"wp:attachment":[{"href":"https:\/\/tuguia.combarranquilla.co\/Revista\/wp-json\/wp\/v2\/media?parent=3031"}],"wp:term":[{"taxonomy":"category","embeddable":true,"href":"https:\/\/tuguia.combarranquilla.co\/Revista\/wp-json\/wp\/v2\/categories?post=3031"},{"taxonomy":"post_tag","embeddable":true,"href":"https:\/\/tuguia.combarranquilla.co\/Revista\/wp-json\/wp\/v2\/tags?post=3031"}],"curies":[{"name":"wp","href":"https:\/\/api.w.org\/{rel}","templated":true}]}}