{"id":3072,"date":"2023-11-15T14:31:02","date_gmt":"2023-11-15T19:31:02","guid":{"rendered":"https:\/\/tuguia.combarranquilla.co\/Revista\/?p=3072"},"modified":"2023-11-22T16:31:31","modified_gmt":"2023-11-22T21:31:31","slug":"programate-para-tus-vacaciones-funciones-especiales","status":"publish","type":"post","link":"https:\/\/tuguia.combarranquilla.co\/Revista\/programate-para-tus-vacaciones-funciones-especiales\/","title":{"rendered":"Progr\u00e1mate para tus vacaciones \u00a1FUNCIONES ESPECIALES!"},"content":{"rendered":"\n<h2 class=\"wp-block-heading\">Las vacaciones de fin de a\u00f1o se acercan y Planetario e Imagenia lo saben. Por eso, apartir del 29 de noviembre hasta el 20 de enero tendremos funciones desde los mi\u00e9rcoles.<\/h2>\n\n\n\n<h2 class=\"wp-block-heading\">\u00a1Es hora de vivir experiencias llenas de diversi\u00f3n y aprendizaje!<\/h2>\n\n\n\n<p class=\"has-medium-font-size\">De mi\u00e9rcoles a s\u00e1bados podr\u00e1s disfrutar de funciones especiales, donde, aprender\u00e1s de manera l\u00fadica todo lo relacionado a planetas, constelaciones y todo sobre el mundo astron\u00f3mico \u00a1Adem\u00e1s! Tambi\u00e9n tendr\u00e1s la oportunidad de conocer 4 salas tem\u00e1ticas relacionadas con el clima, las tecnolog\u00edas de informaci\u00f3n y comunicaci\u00f3n y mucho mas sobre fen\u00f3menos de la naturaleza presentes en nuestra vida diaria. <\/p>\n\n\n\n<h2 class=\"wp-block-heading\"><br>Planetario.<\/h2>\n\n\n\n<h2 class=\"wp-block-heading has-medium-font-size\">TARIFAS <\/h2>\n\n\n\n<p>Categor\u00eda A (GRUPO FAMILIAR): $6.000<br>Categor\u00eda B (GRUPO FAMILIAR): $8.000<br>Categor\u00eda C (P\/P): $12.300<br>NO AFILIADO (P\/P): $14.600 <\/p>\n\n\n\n<h2 class=\"wp-block-heading has-medium-font-size\">FUNCIONES<\/h2>\n\n\n\n<div class=\"wp-block-columns is-layout-flex wp-container-core-columns-is-layout-9d6595d7 wp-block-columns-is-layout-flex\">\n<div class=\"wp-block-column is-layout-flow wp-block-column-is-layout-flow\">\n<h2 class=\"wp-block-heading\">Mi\u00e9rcoles, jueves y viernes. <\/h2>\n\n\n\n<ul class=\"wp-block-list\">\n<li class=\"has-medium-font-size\">2:00 p.m. <\/li>\n\n\n\n<li class=\"has-medium-font-size\">3:00 p.m. <\/li>\n\n\n\n<li class=\"has-medium-font-size\">4:00 p.m.<\/li>\n<\/ul>\n<\/div>\n\n\n\n<div class=\"wp-block-column is-layout-flow wp-block-column-is-layout-flow\">\n<h2 class=\"wp-block-heading\">S\u00e1bados<\/h2>\n\n\n\n<ul class=\"wp-block-list\">\n<li class=\"has-medium-font-size\">10:00 a.m. <\/li>\n\n\n\n<li class=\"has-medium-font-size\">11:00 a.m <\/li>\n\n\n\n<li class=\"has-medium-font-size\">2:00 p.m <\/li>\n\n\n\n<li class=\"has-medium-font-size\">3:00 p.m  <\/li>\n\n\n\n<li class=\"has-medium-font-size\">4:00 p.m.<\/li>\n<\/ul>\n<\/div>\n<\/div>\n\n\n\n<figure class=\"wp-block-image size-large\"><img decoding=\"async\" width=\"1024\" height=\"768\" data-src=\"https:\/\/tuguia.combarranquilla.co\/Revista\/wp-content\/uploads\/2023\/11\/IMG_0269-1024x768.jpeg\" alt=\"\" class=\"wp-image-3074 lazyload\" data-srcset=\"https:\/\/tuguia.combarranquilla.co\/Revista\/wp-content\/uploads\/2023\/11\/IMG_0269-1024x768.jpeg 1024w, https:\/\/tuguia.combarranquilla.co\/Revista\/wp-content\/uploads\/2023\/11\/IMG_0269-300x225.jpeg 300w, https:\/\/tuguia.combarranquilla.co\/Revista\/wp-content\/uploads\/2023\/11\/IMG_0269-768x576.jpeg 768w, https:\/\/tuguia.combarranquilla.co\/Revista\/wp-content\/uploads\/2023\/11\/IMG_0269-1536x1151.jpeg 1536w\" data-sizes=\"(max-width: 1024px) 100vw, 1024px\" src=\"data:image\/svg+xml;base64,PHN2ZyB3aWR0aD0iMSIgaGVpZ2h0PSIxIiB4bWxucz0iaHR0cDovL3d3dy53My5vcmcvMjAwMC9zdmciPjwvc3ZnPg==\" style=\"--smush-placeholder-width: 1024px; --smush-placeholder-aspect-ratio: 1024\/768;\" \/><\/figure>\n\n\n\n<h2 class=\"wp-block-heading\"><br>Imagenia<\/h2>\n\n\n\n<h2 class=\"wp-block-heading has-medium-font-size\">TARIFAS <\/h2>\n\n\n\n<p>Categor\u00eda A (GRUPO FAMILIAR): $7.600<br>Categor\u00eda B (GRUPO FAMILIAR): $11.300<br>Categor\u00eda C (P\/P): $15.200<br>NO AFILIADO (P\/P): $18.000<\/p>\n\n\n\n<h2 class=\"wp-block-heading has-medium-font-size\">FUNCIONES<\/h2>\n\n\n\n<div class=\"wp-block-columns is-layout-flex wp-container-core-columns-is-layout-9d6595d7 wp-block-columns-is-layout-flex\">\n<div class=\"wp-block-column is-layout-flow wp-block-column-is-layout-flow\">\n<h2 class=\"wp-block-heading\">Mi\u00e9rcoles, jueves y viernes. <\/h2>\n\n\n\n<ul class=\"wp-block-list\">\n<li class=\"has-medium-font-size\">2:00 p.m. <\/li>\n\n\n\n<li class=\"has-medium-font-size\">3:00 p.m. <\/li>\n\n\n\n<li class=\"has-medium-font-size\">4:00 p.m.<\/li>\n<\/ul>\n<\/div>\n\n\n\n<div class=\"wp-block-column is-layout-flow wp-block-column-is-layout-flow\">\n<h2 class=\"wp-block-heading\">S\u00e1bados<\/h2>\n\n\n\n<ul class=\"wp-block-list\">\n<li class=\"has-medium-font-size\">9:00 a.m. <\/li>\n\n\n\n<li class=\"has-medium-font-size\">10:00 a.m. <\/li>\n\n\n\n<li class=\"has-medium-font-size\">11:00 a.m <\/li>\n\n\n\n<li class=\"has-medium-font-size\">2:00 p.m <\/li>\n\n\n\n<li class=\"has-medium-font-size\">3:00 p.m <\/li>\n\n\n\n<li class=\"has-medium-font-size\">4:00 p.m.<\/li>\n<\/ul>\n<\/div>\n<\/div>\n\n\n\n<figure class=\"wp-block-image size-large\"><img decoding=\"async\" width=\"1024\" height=\"683\" data-src=\"https:\/\/tuguia.combarranquilla.co\/Revista\/wp-content\/uploads\/2023\/11\/DSC_0393-1024x683.jpg\" alt=\"\" class=\"wp-image-3075 lazyload\" data-srcset=\"https:\/\/tuguia.combarranquilla.co\/Revista\/wp-content\/uploads\/2023\/11\/DSC_0393-1024x683.jpg 1024w, https:\/\/tuguia.combarranquilla.co\/Revista\/wp-content\/uploads\/2023\/11\/DSC_0393-300x200.jpg 300w, https:\/\/tuguia.combarranquilla.co\/Revista\/wp-content\/uploads\/2023\/11\/DSC_0393-768x512.jpg 768w, https:\/\/tuguia.combarranquilla.co\/Revista\/wp-content\/uploads\/2023\/11\/DSC_0393-1536x1025.jpg 1536w, https:\/\/tuguia.combarranquilla.co\/Revista\/wp-content\/uploads\/2023\/11\/DSC_0393-2048x1367.jpg 2048w\" data-sizes=\"(max-width: 1024px) 100vw, 1024px\" src=\"data:image\/svg+xml;base64,PHN2ZyB3aWR0aD0iMSIgaGVpZ2h0PSIxIiB4bWxucz0iaHR0cDovL3d3dy53My5vcmcvMjAwMC9zdmciPjwvc3ZnPg==\" style=\"--smush-placeholder-width: 1024px; --smush-placeholder-aspect-ratio: 1024\/683;\" \/><\/figure>\n\n\n\n<p class=\"has-medium-font-size\"><strong>M\u00e1s informes al correo: planetario.boston@combarranquilla.co <\/strong><\/p>\n\n\n\n<p><\/p>\n","protected":false},"excerpt":{"rendered":"<p>Las vacaciones de fin de a\u00f1o se acercan y Planetario e Imagenia lo saben. Por eso, apartir del 29 de noviembre hasta el 20 de enero tendremos funciones desde los mi\u00e9rcoles. \u00a1Es hora de vivir experiencias llenas de diversi\u00f3n y aprendizaje! De mi\u00e9rcoles a s\u00e1bados podr\u00e1s disfrutar de funciones especiales, donde, aprender\u00e1s de manera l\u00fadica [&hellip;]<\/p>\n","protected":false},"author":2,"featured_media":3082,"comment_status":"open","ping_status":"open","sticky":false,"template":"","format":"standard","meta":{"inline_featured_image":false,"footnotes":""},"categories":[4],"tags":[],"class_list":["post-3072","post","type-post","status-publish","format-standard","has-post-thumbnail","hentry","category-ciencia-y-cultura"],"yoast_head":"<!-- This site is optimized with the Yoast SEO plugin v27.4 - https:\/\/yoast.com\/product\/yoast-seo-wordpress\/ -->\n<title>Progr\u00e1mate para tus vacaciones \u00a1FUNCIONES ESPECIALES! - Tu Gu\u00eda<\/title>\n<meta name=\"robots\" content=\"index, follow, max-snippet:-1, max-image-preview:large, max-video-preview:-1\" \/>\n<link rel=\"canonical\" href=\"https:\/\/tuguia.combarranquilla.co\/Revista\/programate-para-tus-vacaciones-funciones-especiales\/\" \/>\n<meta property=\"og:locale\" content=\"es_ES\" \/>\n<meta property=\"og:type\" content=\"article\" \/>\n<meta property=\"og:title\" content=\"Progr\u00e1mate para tus vacaciones \u00a1FUNCIONES ESPECIALES! - Tu Gu\u00eda\" \/>\n<meta property=\"og:description\" content=\"Las vacaciones de fin de a\u00f1o se acercan y Planetario e Imagenia lo saben. Por eso, apartir del 29 de noviembre hasta el 20 de enero tendremos funciones desde los mi\u00e9rcoles. \u00a1Es hora de vivir experiencias llenas de diversi\u00f3n y aprendizaje! De mi\u00e9rcoles a s\u00e1bados podr\u00e1s disfrutar de funciones especiales, donde, aprender\u00e1s de manera l\u00fadica [&hellip;]\" \/>\n<meta property=\"og:url\" content=\"https:\/\/tuguia.combarranquilla.co\/Revista\/programate-para-tus-vacaciones-funciones-especiales\/\" \/>\n<meta property=\"og:site_name\" content=\"Tu Gu\u00eda\" \/>\n<meta property=\"article:published_time\" content=\"2023-11-15T19:31:02+00:00\" \/>\n<meta property=\"article:modified_time\" content=\"2023-11-22T21:31:31+00:00\" \/>\n<meta property=\"og:image\" content=\"https:\/\/tuguia.combarranquilla.co\/Revista\/wp-content\/uploads\/2023\/11\/IMG_4993-scaled.jpg\" \/>\n\t<meta property=\"og:image:width\" content=\"2560\" \/>\n\t<meta property=\"og:image:height\" content=\"1920\" \/>\n\t<meta property=\"og:image:type\" content=\"image\/jpeg\" \/>\n<meta name=\"author\" content=\"Comunicaciones Combarranquilla\" \/>\n<meta name=\"twitter:card\" content=\"summary_large_image\" \/>\n<meta name=\"twitter:label1\" content=\"Escrito por\" \/>\n\t<meta name=\"twitter:data1\" content=\"Comunicaciones Combarranquilla\" \/>\n\t<meta name=\"twitter:label2\" content=\"Tiempo de lectura\" \/>\n\t<meta name=\"twitter:data2\" content=\"1 minuto\" \/>\n<script type=\"application\/ld+json\" class=\"yoast-schema-graph\">{\"@context\":\"https:\\\/\\\/schema.org\",\"@graph\":[{\"@type\":\"Article\",\"@id\":\"https:\\\/\\\/tuguia.combarranquilla.co\\\/Revista\\\/programate-para-tus-vacaciones-funciones-especiales\\\/#article\",\"isPartOf\":{\"@id\":\"https:\\\/\\\/tuguia.combarranquilla.co\\\/Revista\\\/programate-para-tus-vacaciones-funciones-especiales\\\/\"},\"author\":{\"name\":\"Comunicaciones Combarranquilla\",\"@id\":\"https:\\\/\\\/tuguia.combarranquilla.co\\\/Revista\\\/#\\\/schema\\\/person\\\/c2c396a77170bd1d5f8ba73294eb0d10\"},\"headline\":\"Progr\u00e1mate para tus vacaciones \u00a1FUNCIONES ESPECIALES!\",\"datePublished\":\"2023-11-15T19:31:02+00:00\",\"dateModified\":\"2023-11-22T21:31:31+00:00\",\"mainEntityOfPage\":{\"@id\":\"https:\\\/\\\/tuguia.combarranquilla.co\\\/Revista\\\/programate-para-tus-vacaciones-funciones-especiales\\\/\"},\"wordCount\":222,\"commentCount\":0,\"publisher\":{\"@id\":\"https:\\\/\\\/tuguia.combarranquilla.co\\\/Revista\\\/#organization\"},\"image\":{\"@id\":\"https:\\\/\\\/tuguia.combarranquilla.co\\\/Revista\\\/programate-para-tus-vacaciones-funciones-especiales\\\/#primaryimage\"},\"thumbnailUrl\":\"https:\\\/\\\/tuguia.combarranquilla.co\\\/Revista\\\/wp-content\\\/uploads\\\/2023\\\/11\\\/IMG_4993-scaled.jpg\",\"articleSection\":[\"CIENCIA Y CULTURA\"],\"inLanguage\":\"es-CO\",\"potentialAction\":[{\"@type\":\"CommentAction\",\"name\":\"Comment\",\"target\":[\"https:\\\/\\\/tuguia.combarranquilla.co\\\/Revista\\\/programate-para-tus-vacaciones-funciones-especiales\\\/#respond\"]}]},{\"@type\":\"WebPage\",\"@id\":\"https:\\\/\\\/tuguia.combarranquilla.co\\\/Revista\\\/programate-para-tus-vacaciones-funciones-especiales\\\/\",\"url\":\"https:\\\/\\\/tuguia.combarranquilla.co\\\/Revista\\\/programate-para-tus-vacaciones-funciones-especiales\\\/\",\"name\":\"Progr\u00e1mate para tus vacaciones \u00a1FUNCIONES ESPECIALES! - Tu Gu\u00eda\",\"isPartOf\":{\"@id\":\"https:\\\/\\\/tuguia.combarranquilla.co\\\/Revista\\\/#website\"},\"primaryImageOfPage\":{\"@id\":\"https:\\\/\\\/tuguia.combarranquilla.co\\\/Revista\\\/programate-para-tus-vacaciones-funciones-especiales\\\/#primaryimage\"},\"image\":{\"@id\":\"https:\\\/\\\/tuguia.combarranquilla.co\\\/Revista\\\/programate-para-tus-vacaciones-funciones-especiales\\\/#primaryimage\"},\"thumbnailUrl\":\"https:\\\/\\\/tuguia.combarranquilla.co\\\/Revista\\\/wp-content\\\/uploads\\\/2023\\\/11\\\/IMG_4993-scaled.jpg\",\"datePublished\":\"2023-11-15T19:31:02+00:00\",\"dateModified\":\"2023-11-22T21:31:31+00:00\",\"breadcrumb\":{\"@id\":\"https:\\\/\\\/tuguia.combarranquilla.co\\\/Revista\\\/programate-para-tus-vacaciones-funciones-especiales\\\/#breadcrumb\"},\"inLanguage\":\"es-CO\",\"potentialAction\":[{\"@type\":\"ReadAction\",\"target\":[\"https:\\\/\\\/tuguia.combarranquilla.co\\\/Revista\\\/programate-para-tus-vacaciones-funciones-especiales\\\/\"]}]},{\"@type\":\"ImageObject\",\"inLanguage\":\"es-CO\",\"@id\":\"https:\\\/\\\/tuguia.combarranquilla.co\\\/Revista\\\/programate-para-tus-vacaciones-funciones-especiales\\\/#primaryimage\",\"url\":\"https:\\\/\\\/tuguia.combarranquilla.co\\\/Revista\\\/wp-content\\\/uploads\\\/2023\\\/11\\\/IMG_4993-scaled.jpg\",\"contentUrl\":\"https:\\\/\\\/tuguia.combarranquilla.co\\\/Revista\\\/wp-content\\\/uploads\\\/2023\\\/11\\\/IMG_4993-scaled.jpg\",\"width\":2560,\"height\":1920},{\"@type\":\"BreadcrumbList\",\"@id\":\"https:\\\/\\\/tuguia.combarranquilla.co\\\/Revista\\\/programate-para-tus-vacaciones-funciones-especiales\\\/#breadcrumb\",\"itemListElement\":[{\"@type\":\"ListItem\",\"position\":1,\"name\":\"Inicio\",\"item\":\"https:\\\/\\\/tuguia.combarranquilla.co\\\/Revista\\\/\"},{\"@type\":\"ListItem\",\"position\":2,\"name\":\"Progr\u00e1mate para tus vacaciones \u00a1FUNCIONES ESPECIALES!\"}]},{\"@type\":\"WebSite\",\"@id\":\"https:\\\/\\\/tuguia.combarranquilla.co\\\/Revista\\\/#website\",\"url\":\"https:\\\/\\\/tuguia.combarranquilla.co\\\/Revista\\\/\",\"name\":\"Tu Gu\u00eda\",\"description\":\"La revista donde lo tienes todo.\",\"publisher\":{\"@id\":\"https:\\\/\\\/tuguia.combarranquilla.co\\\/Revista\\\/#organization\"},\"alternateName\":\"Tu Gu\u00eda Combarranquilla\",\"potentialAction\":[{\"@type\":\"SearchAction\",\"target\":{\"@type\":\"EntryPoint\",\"urlTemplate\":\"https:\\\/\\\/tuguia.combarranquilla.co\\\/Revista\\\/?s={search_term_string}\"},\"query-input\":{\"@type\":\"PropertyValueSpecification\",\"valueRequired\":true,\"valueName\":\"search_term_string\"}}],\"inLanguage\":\"es-CO\"},{\"@type\":\"Organization\",\"@id\":\"https:\\\/\\\/tuguia.combarranquilla.co\\\/Revista\\\/#organization\",\"name\":\"Tu Gu\u00eda Combarranquilla\",\"url\":\"https:\\\/\\\/tuguia.combarranquilla.co\\\/Revista\\\/\",\"logo\":{\"@type\":\"ImageObject\",\"inLanguage\":\"es-CO\",\"@id\":\"https:\\\/\\\/tuguia.combarranquilla.co\\\/Revista\\\/#\\\/schema\\\/logo\\\/image\\\/\",\"url\":\"https:\\\/\\\/tuguia.combarranquilla.co\\\/Revista\\\/wp-content\\\/uploads\\\/2022\\\/02\\\/logo-guia-combarranquilla.svg\",\"contentUrl\":\"https:\\\/\\\/tuguia.combarranquilla.co\\\/Revista\\\/wp-content\\\/uploads\\\/2022\\\/02\\\/logo-guia-combarranquilla.svg\",\"caption\":\"Tu Gu\u00eda Combarranquilla\"},\"image\":{\"@id\":\"https:\\\/\\\/tuguia.combarranquilla.co\\\/Revista\\\/#\\\/schema\\\/logo\\\/image\\\/\"}},{\"@type\":\"Person\",\"@id\":\"https:\\\/\\\/tuguia.combarranquilla.co\\\/Revista\\\/#\\\/schema\\\/person\\\/c2c396a77170bd1d5f8ba73294eb0d10\",\"name\":\"Comunicaciones Combarranquilla\",\"image\":{\"@type\":\"ImageObject\",\"inLanguage\":\"es-CO\",\"@id\":\"https:\\\/\\\/tuguia.combarranquilla.co\\\/Revista\\\/wp-content\\\/uploads\\\/2025\\\/05\\\/ABC-Al-Rojo-Logo-96x96.jpg\",\"url\":\"https:\\\/\\\/tuguia.combarranquilla.co\\\/Revista\\\/wp-content\\\/uploads\\\/2025\\\/05\\\/ABC-Al-Rojo-Logo-96x96.jpg\",\"contentUrl\":\"https:\\\/\\\/tuguia.combarranquilla.co\\\/Revista\\\/wp-content\\\/uploads\\\/2025\\\/05\\\/ABC-Al-Rojo-Logo-96x96.jpg\",\"caption\":\"Comunicaciones Combarranquilla\"},\"sameAs\":[\"https:\\\/\\\/www.combarranquilla.co\"],\"url\":\"https:\\\/\\\/tuguia.combarranquilla.co\\\/Revista\\\/author\\\/comunicaciones\\\/\"}]}<\/script>\n<!-- \/ Yoast SEO plugin. -->","yoast_head_json":{"title":"Progr\u00e1mate para tus vacaciones \u00a1FUNCIONES ESPECIALES! - Tu Gu\u00eda","robots":{"index":"index","follow":"follow","max-snippet":"max-snippet:-1","max-image-preview":"max-image-preview:large","max-video-preview":"max-video-preview:-1"},"canonical":"https:\/\/tuguia.combarranquilla.co\/Revista\/programate-para-tus-vacaciones-funciones-especiales\/","og_locale":"es_ES","og_type":"article","og_title":"Progr\u00e1mate para tus vacaciones \u00a1FUNCIONES ESPECIALES! - Tu Gu\u00eda","og_description":"Las vacaciones de fin de a\u00f1o se acercan y Planetario e Imagenia lo saben. Por eso, apartir del 29 de noviembre hasta el 20 de enero tendremos funciones desde los mi\u00e9rcoles. \u00a1Es hora de vivir experiencias llenas de diversi\u00f3n y aprendizaje! De mi\u00e9rcoles a s\u00e1bados podr\u00e1s disfrutar de funciones especiales, donde, aprender\u00e1s de manera l\u00fadica [&hellip;]","og_url":"https:\/\/tuguia.combarranquilla.co\/Revista\/programate-para-tus-vacaciones-funciones-especiales\/","og_site_name":"Tu Gu\u00eda","article_published_time":"2023-11-15T19:31:02+00:00","article_modified_time":"2023-11-22T21:31:31+00:00","og_image":[{"width":2560,"height":1920,"url":"https:\/\/tuguia.combarranquilla.co\/Revista\/wp-content\/uploads\/2023\/11\/IMG_4993-scaled.jpg","type":"image\/jpeg"}],"author":"Comunicaciones Combarranquilla","twitter_card":"summary_large_image","twitter_misc":{"Escrito por":"Comunicaciones Combarranquilla","Tiempo de lectura":"1 minuto"},"schema":{"@context":"https:\/\/schema.org","@graph":[{"@type":"Article","@id":"https:\/\/tuguia.combarranquilla.co\/Revista\/programate-para-tus-vacaciones-funciones-especiales\/#article","isPartOf":{"@id":"https:\/\/tuguia.combarranquilla.co\/Revista\/programate-para-tus-vacaciones-funciones-especiales\/"},"author":{"name":"Comunicaciones Combarranquilla","@id":"https:\/\/tuguia.combarranquilla.co\/Revista\/#\/schema\/person\/c2c396a77170bd1d5f8ba73294eb0d10"},"headline":"Progr\u00e1mate para tus vacaciones \u00a1FUNCIONES ESPECIALES!","datePublished":"2023-11-15T19:31:02+00:00","dateModified":"2023-11-22T21:31:31+00:00","mainEntityOfPage":{"@id":"https:\/\/tuguia.combarranquilla.co\/Revista\/programate-para-tus-vacaciones-funciones-especiales\/"},"wordCount":222,"commentCount":0,"publisher":{"@id":"https:\/\/tuguia.combarranquilla.co\/Revista\/#organization"},"image":{"@id":"https:\/\/tuguia.combarranquilla.co\/Revista\/programate-para-tus-vacaciones-funciones-especiales\/#primaryimage"},"thumbnailUrl":"https:\/\/tuguia.combarranquilla.co\/Revista\/wp-content\/uploads\/2023\/11\/IMG_4993-scaled.jpg","articleSection":["CIENCIA Y CULTURA"],"inLanguage":"es-CO","potentialAction":[{"@type":"CommentAction","name":"Comment","target":["https:\/\/tuguia.combarranquilla.co\/Revista\/programate-para-tus-vacaciones-funciones-especiales\/#respond"]}]},{"@type":"WebPage","@id":"https:\/\/tuguia.combarranquilla.co\/Revista\/programate-para-tus-vacaciones-funciones-especiales\/","url":"https:\/\/tuguia.combarranquilla.co\/Revista\/programate-para-tus-vacaciones-funciones-especiales\/","name":"Progr\u00e1mate para tus vacaciones \u00a1FUNCIONES ESPECIALES! - Tu Gu\u00eda","isPartOf":{"@id":"https:\/\/tuguia.combarranquilla.co\/Revista\/#website"},"primaryImageOfPage":{"@id":"https:\/\/tuguia.combarranquilla.co\/Revista\/programate-para-tus-vacaciones-funciones-especiales\/#primaryimage"},"image":{"@id":"https:\/\/tuguia.combarranquilla.co\/Revista\/programate-para-tus-vacaciones-funciones-especiales\/#primaryimage"},"thumbnailUrl":"https:\/\/tuguia.combarranquilla.co\/Revista\/wp-content\/uploads\/2023\/11\/IMG_4993-scaled.jpg","datePublished":"2023-11-15T19:31:02+00:00","dateModified":"2023-11-22T21:31:31+00:00","breadcrumb":{"@id":"https:\/\/tuguia.combarranquilla.co\/Revista\/programate-para-tus-vacaciones-funciones-especiales\/#breadcrumb"},"inLanguage":"es-CO","potentialAction":[{"@type":"ReadAction","target":["https:\/\/tuguia.combarranquilla.co\/Revista\/programate-para-tus-vacaciones-funciones-especiales\/"]}]},{"@type":"ImageObject","inLanguage":"es-CO","@id":"https:\/\/tuguia.combarranquilla.co\/Revista\/programate-para-tus-vacaciones-funciones-especiales\/#primaryimage","url":"https:\/\/tuguia.combarranquilla.co\/Revista\/wp-content\/uploads\/2023\/11\/IMG_4993-scaled.jpg","contentUrl":"https:\/\/tuguia.combarranquilla.co\/Revista\/wp-content\/uploads\/2023\/11\/IMG_4993-scaled.jpg","width":2560,"height":1920},{"@type":"BreadcrumbList","@id":"https:\/\/tuguia.combarranquilla.co\/Revista\/programate-para-tus-vacaciones-funciones-especiales\/#breadcrumb","itemListElement":[{"@type":"ListItem","position":1,"name":"Inicio","item":"https:\/\/tuguia.combarranquilla.co\/Revista\/"},{"@type":"ListItem","position":2,"name":"Progr\u00e1mate para tus vacaciones \u00a1FUNCIONES ESPECIALES!"}]},{"@type":"WebSite","@id":"https:\/\/tuguia.combarranquilla.co\/Revista\/#website","url":"https:\/\/tuguia.combarranquilla.co\/Revista\/","name":"Tu Gu\u00eda","description":"La revista donde lo tienes todo.","publisher":{"@id":"https:\/\/tuguia.combarranquilla.co\/Revista\/#organization"},"alternateName":"Tu Gu\u00eda Combarranquilla","potentialAction":[{"@type":"SearchAction","target":{"@type":"EntryPoint","urlTemplate":"https:\/\/tuguia.combarranquilla.co\/Revista\/?s={search_term_string}"},"query-input":{"@type":"PropertyValueSpecification","valueRequired":true,"valueName":"search_term_string"}}],"inLanguage":"es-CO"},{"@type":"Organization","@id":"https:\/\/tuguia.combarranquilla.co\/Revista\/#organization","name":"Tu Gu\u00eda Combarranquilla","url":"https:\/\/tuguia.combarranquilla.co\/Revista\/","logo":{"@type":"ImageObject","inLanguage":"es-CO","@id":"https:\/\/tuguia.combarranquilla.co\/Revista\/#\/schema\/logo\/image\/","url":"https:\/\/tuguia.combarranquilla.co\/Revista\/wp-content\/uploads\/2022\/02\/logo-guia-combarranquilla.svg","contentUrl":"https:\/\/tuguia.combarranquilla.co\/Revista\/wp-content\/uploads\/2022\/02\/logo-guia-combarranquilla.svg","caption":"Tu Gu\u00eda Combarranquilla"},"image":{"@id":"https:\/\/tuguia.combarranquilla.co\/Revista\/#\/schema\/logo\/image\/"}},{"@type":"Person","@id":"https:\/\/tuguia.combarranquilla.co\/Revista\/#\/schema\/person\/c2c396a77170bd1d5f8ba73294eb0d10","name":"Comunicaciones Combarranquilla","image":{"@type":"ImageObject","inLanguage":"es-CO","@id":"https:\/\/tuguia.combarranquilla.co\/Revista\/wp-content\/uploads\/2025\/05\/ABC-Al-Rojo-Logo-96x96.jpg","url":"https:\/\/tuguia.combarranquilla.co\/Revista\/wp-content\/uploads\/2025\/05\/ABC-Al-Rojo-Logo-96x96.jpg","contentUrl":"https:\/\/tuguia.combarranquilla.co\/Revista\/wp-content\/uploads\/2025\/05\/ABC-Al-Rojo-Logo-96x96.jpg","caption":"Comunicaciones Combarranquilla"},"sameAs":["https:\/\/www.combarranquilla.co"],"url":"https:\/\/tuguia.combarranquilla.co\/Revista\/author\/comunicaciones\/"}]}},"_links":{"self":[{"href":"https:\/\/tuguia.combarranquilla.co\/Revista\/wp-json\/wp\/v2\/posts\/3072","targetHints":{"allow":["GET"]}}],"collection":[{"href":"https:\/\/tuguia.combarranquilla.co\/Revista\/wp-json\/wp\/v2\/posts"}],"about":[{"href":"https:\/\/tuguia.combarranquilla.co\/Revista\/wp-json\/wp\/v2\/types\/post"}],"author":[{"embeddable":true,"href":"https:\/\/tuguia.combarranquilla.co\/Revista\/wp-json\/wp\/v2\/users\/2"}],"replies":[{"embeddable":true,"href":"https:\/\/tuguia.combarranquilla.co\/Revista\/wp-json\/wp\/v2\/comments?post=3072"}],"version-history":[{"count":7,"href":"https:\/\/tuguia.combarranquilla.co\/Revista\/wp-json\/wp\/v2\/posts\/3072\/revisions"}],"predecessor-version":[{"id":3100,"href":"https:\/\/tuguia.combarranquilla.co\/Revista\/wp-json\/wp\/v2\/posts\/3072\/revisions\/3100"}],"wp:featuredmedia":[{"embeddable":true,"href":"https:\/\/tuguia.combarranquilla.co\/Revista\/wp-json\/wp\/v2\/media\/3082"}],"wp:attachment":[{"href":"https:\/\/tuguia.combarranquilla.co\/Revista\/wp-json\/wp\/v2\/media?parent=3072"}],"wp:term":[{"taxonomy":"category","embeddable":true,"href":"https:\/\/tuguia.combarranquilla.co\/Revista\/wp-json\/wp\/v2\/categories?post=3072"},{"taxonomy":"post_tag","embeddable":true,"href":"https:\/\/tuguia.combarranquilla.co\/Revista\/wp-json\/wp\/v2\/tags?post=3072"}],"curies":[{"name":"wp","href":"https:\/\/api.w.org\/{rel}","templated":true}]}}