{"id":3087,"date":"2023-11-07T14:47:32","date_gmt":"2023-11-07T19:47:32","guid":{"rendered":"https:\/\/tuguia.combarranquilla.co\/Revista\/?p=3087"},"modified":"2023-11-27T15:34:35","modified_gmt":"2023-11-27T20:34:35","slug":"%f0%9d%97%98%f0%9d%97%b9-%f0%9d%97%94%f0%9d%97%bf%f0%9d%98%81%f0%9d%97%b2-%f0%9d%97%b1%f0%9d%97%b2-%f0%9d%97%9f%f0%9d%97%b6%f0%9d%97%b1%f0%9d%97%b2%f0%9d%97%bf%f0%9d%97%ae%f0%9d%97%bf-%f0%9d%97%a8","status":"publish","type":"post","link":"https:\/\/tuguia.combarranquilla.co\/Revista\/%f0%9d%97%98%f0%9d%97%b9-%f0%9d%97%94%f0%9d%97%bf%f0%9d%98%81%f0%9d%97%b2-%f0%9d%97%b1%f0%9d%97%b2-%f0%9d%97%9f%f0%9d%97%b6%f0%9d%97%b1%f0%9d%97%b2%f0%9d%97%bf%f0%9d%97%ae%f0%9d%97%bf-%f0%9d%97%a8\/","title":{"rendered":"\ud835\uddd8\ud835\uddf9 \ud835\uddd4\ud835\uddff\ud835\ude01\ud835\uddf2 \ud835\uddf1\ud835\uddf2 \ud835\udddf\ud835\uddf6\ud835\uddf1\ud835\uddf2\ud835\uddff\ud835\uddee\ud835\uddff: \ud835\udde8\ud835\uddfb\ud835\uddee \ud835\uddd8\ud835\ude05\ud835\uddfd\ud835\uddf2\ud835\uddff\ud835\uddf6\ud835\uddf2\ud835\uddfb\ud835\uddf0\ud835\uddf6\ud835\uddee \ud835\udde7\ud835\uddff\ud835\uddee\ud835\uddfb\ud835\ude00\ud835\uddf3\ud835\uddfc\ud835\uddff\ud835\uddfa\ud835\uddee\ud835\uddf1\ud835\uddfc\ud835\uddff\ud835\uddee \ud835\uddf2\ud835\uddfb \ud835\uddd6\ud835\uddfc\ud835\uddfa\ud835\uddef\ud835\uddee\ud835\uddff\ud835\uddff\ud835\uddee\ud835\uddfb\ud835\uddfe\ud835\ude02\ud835\uddf6\ud835\uddf9\ud835\uddf9\ud835\uddee"},"content":{"rendered":"\n<p>El 3 de noviembre marc\u00f3 un hito en nuestra b\u00fasqueda de excelencia empresarial al sumergirnos en la conferencia &#8220;El Arte de Liderar&#8221; celebrada en Combarranquilla. Este evento se revel\u00f3 como una joya \u00fanica, desentra\u00f1ando los misterios del liderazgo en medio de los cambiantes paisajes socio-culturales y generacionales en las empresas.<\/p>\n\n\n\n<p>Explorando las Ense\u00f1anzas de Benjam\u00edn Castro<br>\ud83c\udf99\ufe0f Benjam\u00edn Castro, un destacado ingeniero industrial, escritor y coach de vida, nos condujo a trav\u00e9s de un viaje inspirador. Como formador y conferencista certificado por el John Maxwell Team, Castro no solo es un l\u00edder por derecho propio, sino tambi\u00e9n un gu\u00eda maestro en el arte del liderazgo.<\/p>\n\n\n\n<p>\ud835\udde6\ud835\uddee\ud835\uddef\ud835\uddf6\ud835\uddf1\ud835\ude02\ud835\uddff\u00ed\ud835\uddee \ud835\uddd8\ud835\uddfa\ud835\uddfd\ud835\uddff\ud835\uddf2\ud835\ude00\ud835\uddee\ud835\uddff\ud835\uddf6\ud835\uddee\ud835\uddf9 \ud835\uddf2\ud835\uddfb \ud835\uddd4\ud835\uddf0\ud835\uddf0\ud835\uddf6\u00f3\ud835\uddfb<\/p>\n\n\n\n<p>Durante la hora y media de su presentaci\u00f3n, Benjam\u00edn comparti\u00f3 un tesoro de conocimientos. Desde estrategias pr\u00e1cticas hasta reflexiones profundas, cada palabra reson\u00f3 con una pasi\u00f3n palpable por el liderazgo. Su capacidad para traducir complejas din\u00e1micas empresariales en consejos aplicables fue un faro para todos los presentes.<\/p>\n\n\n\n<p>\ud835\uddd7\ud835\uddf2\ud835\ude00\ud835\uddee\ud835\uddf3\u00ed\ud835\uddfc\ud835\ude00 \ud835\uddf0\ud835\uddfc\ud835\uddfa\ud835\uddfc \ud835\udde2\ud835\uddfd\ud835\uddfc\ud835\uddff\ud835\ude01\ud835\ude02\ud835\uddfb\ud835\uddf6\ud835\uddf1\ud835\uddee\ud835\uddf1\ud835\uddf2\ud835\ude00: \ud835\uddd6\ud835\uddf9\ud835\uddee\ud835\ude03\ud835\uddf2 \ud835\uddf1\ud835\uddf2\ud835\uddf9 \u00c9\ud835\ude05\ud835\uddf6\ud835\ude01\ud835\uddfc \ud835\uddd8\ud835\uddfa\ud835\uddfd\ud835\uddff\ud835\uddf2\ud835\ude00\ud835\uddee\ud835\uddff\ud835\uddf6\ud835\uddee\ud835\uddf9<\/p>\n\n\n\n<p>En un mundo donde el cambio es la constante, la conferencia nos desafi\u00f3 a ver los cambios socio-culturales y generacionales no como obst\u00e1culos, sino como oportunidades de crecimiento. Benjam\u00edn destac\u00f3 casos reales y ofreci\u00f3 consejos pr\u00e1cticos sobre c\u00f3mo adaptarnos y liderar con \u00e9xito en este entorno din\u00e1mico.<\/p>\n\n\n\n<p>Adem\u00e1s de ofrecernos una experiencia \u00fanica y entretenida con un baile tradicional de la costa para explicar la sincronizaci\u00f3n que debe haber entre un l\u00edder y su equipo de trabajo para tener resultados que hagan crecer a una organizaci\u00f3n.<\/p>\n\n\n\n<div class=\"wp-block-media-text is-stacked-on-mobile\"><figure class=\"wp-block-media-text__media\"><video controls src=\"https:\/\/tuguia.combarranquilla.co\/Revista\/wp-content\/uploads\/2023\/11\/IMG_6228-2.mov\"><\/video><\/figure><div class=\"wp-block-media-text__content\">\n<p><strong>Combarranquilla, Unidad Country.<\/strong><\/p>\n\n\n\n<figure class=\"wp-block-image size-large\"><img decoding=\"async\" width=\"1024\" height=\"1024\" data-src=\"https:\/\/tuguia.combarranquilla.co\/Revista\/wp-content\/uploads\/2023\/11\/WhatsApp-Image-2023-11-22-at-2.17.06-PM-2-1024x1024.jpeg\" alt=\"\" class=\"wp-image-3091 lazyload\" data-srcset=\"https:\/\/tuguia.combarranquilla.co\/Revista\/wp-content\/uploads\/2023\/11\/WhatsApp-Image-2023-11-22-at-2.17.06-PM-2-1024x1024.jpeg 1024w, https:\/\/tuguia.combarranquilla.co\/Revista\/wp-content\/uploads\/2023\/11\/WhatsApp-Image-2023-11-22-at-2.17.06-PM-2-300x300.jpeg 300w, https:\/\/tuguia.combarranquilla.co\/Revista\/wp-content\/uploads\/2023\/11\/WhatsApp-Image-2023-11-22-at-2.17.06-PM-2-150x150.jpeg 150w, https:\/\/tuguia.combarranquilla.co\/Revista\/wp-content\/uploads\/2023\/11\/WhatsApp-Image-2023-11-22-at-2.17.06-PM-2-768x768.jpeg 768w, https:\/\/tuguia.combarranquilla.co\/Revista\/wp-content\/uploads\/2023\/11\/WhatsApp-Image-2023-11-22-at-2.17.06-PM-2.jpeg 1080w\" data-sizes=\"(max-width: 1024px) 100vw, 1024px\" src=\"data:image\/svg+xml;base64,PHN2ZyB3aWR0aD0iMSIgaGVpZ2h0PSIxIiB4bWxucz0iaHR0cDovL3d3dy53My5vcmcvMjAwMC9zdmciPjwvc3ZnPg==\" style=\"--smush-placeholder-width: 1024px; --smush-placeholder-aspect-ratio: 1024\/1024;\" \/><\/figure>\n\n\n\n<figure class=\"wp-block-image size-large\"><img decoding=\"async\" width=\"1024\" height=\"1024\" data-src=\"https:\/\/tuguia.combarranquilla.co\/Revista\/wp-content\/uploads\/2023\/11\/Untitled-design-14-1-1024x1024.png\" alt=\"\" class=\"wp-image-3096 lazyload\" data-srcset=\"https:\/\/tuguia.combarranquilla.co\/Revista\/wp-content\/uploads\/2023\/11\/Untitled-design-14-1-1024x1024.png 1024w, https:\/\/tuguia.combarranquilla.co\/Revista\/wp-content\/uploads\/2023\/11\/Untitled-design-14-1-300x300.png 300w, https:\/\/tuguia.combarranquilla.co\/Revista\/wp-content\/uploads\/2023\/11\/Untitled-design-14-1-150x150.png 150w, https:\/\/tuguia.combarranquilla.co\/Revista\/wp-content\/uploads\/2023\/11\/Untitled-design-14-1-768x768.png 768w, https:\/\/tuguia.combarranquilla.co\/Revista\/wp-content\/uploads\/2023\/11\/Untitled-design-14-1.png 1080w\" data-sizes=\"(max-width: 1024px) 100vw, 1024px\" src=\"data:image\/svg+xml;base64,PHN2ZyB3aWR0aD0iMSIgaGVpZ2h0PSIxIiB4bWxucz0iaHR0cDovL3d3dy53My5vcmcvMjAwMC9zdmciPjwvc3ZnPg==\" style=\"--smush-placeholder-width: 1024px; --smush-placeholder-aspect-ratio: 1024\/1024;\" \/><\/figure>\n<\/div><\/div>\n\n\n\n<p>\ud835\udde8\ud835\uddfb \ud835\uddd8\ud835\ude03\ud835\uddf2\ud835\uddfb\ud835\ude01\ud835\uddfc \ud835\uddf1\ud835\uddf2 \ud835\uddd6\ud835\uddee\ud835\uddf9\ud835\uddf6\ud835\uddf1\ud835\uddee\ud835\uddf1 \ud835\uddf1\ud835\uddf2\ud835\ude00\ud835\uddf1\ud835\uddf2 \ud835\uddf9\ud835\uddee \ud835\udde5\ud835\uddf2\ud835\uddf0\ud835\uddf2\ud835\uddfd\ud835\uddf0\ud835\uddf6\u00f3\ud835\uddfb \ud835\uddf5\ud835\uddee\ud835\ude00\ud835\ude01\ud835\uddee \ud835\uddf9\ud835\uddee \ud835\uddd7\ud835\uddf2\ud835\ude00\ud835\uddfd\ud835\uddf2\ud835\uddf1\ud835\uddf6\ud835\uddf1\ud835\uddee<\/p>\n\n\n\n<p>La elecci\u00f3n de Combarranquilla, Unidad Country, como sede del evento, demostr\u00f3 ser acertada. La organizaci\u00f3n impecable y la calidad del ambiente proporcionaron el tel\u00f3n de fondo perfecto para este viaje de aprendizaje. Desde la c\u00e1lida recepci\u00f3n hasta la disposici\u00f3n cuidadosa de los asientos, cada detalle fue una manifestaci\u00f3n de la dedicaci\u00f3n a la excelencia.<\/p>\n\n\n\n<p>\u00bf\ud835\udde4\ud835\ude02\u00e9 \ud835\udde6\ud835\uddf6\ud835\uddf4\ud835\ude02\ud835\uddf2 \ud835\uddd7\ud835\uddf2\ud835\ude00\ud835\uddfd\ud835\ude02\u00e9\ud835\ude00?<\/p>\n\n\n\n<p>Si estas interesado en adquirir m\u00e1s conocimientos y crecimiento como l\u00edder en este mundo en constante evoluci\u00f3n, mant\u00e9n tus antenas sintonizadas para los futuros eventos que Combarranquilla tiene preparados. Cada conferencia podr\u00eda ser la chispa que encienda tu camino hacia un liderazgo exitoso en el cambiante panorama empresarial de hoy.<\/p>\n\n\n\n<p>Te invitamos a estar pendiente de nuestra agenda.<\/p>\n","protected":false},"excerpt":{"rendered":"<p>El 3 de noviembre marc\u00f3 un hito en nuestra b\u00fasqueda de excelencia empresarial al sumergirnos en la conferencia &#8220;El Arte de Liderar&#8221; celebrada en Combarranquilla. Este evento se revel\u00f3 como una joya \u00fanica, desentra\u00f1ando los misterios del liderazgo en medio de los cambiantes paisajes socio-culturales y generacionales en las empresas. Explorando las Ense\u00f1anzas de Benjam\u00edn [&hellip;]<\/p>\n","protected":false},"author":2,"featured_media":3077,"comment_status":"open","ping_status":"open","sticky":false,"template":"","format":"standard","meta":{"inline_featured_image":false,"footnotes":""},"categories":[8],"tags":[],"class_list":["post-3087","post","type-post","status-publish","format-standard","has-post-thumbnail","hentry","category-formacion"],"yoast_head":"<!-- This site is optimized with the Yoast SEO plugin v27.4 - https:\/\/yoast.com\/product\/yoast-seo-wordpress\/ -->\n<title>\ud835\uddd8\ud835\uddf9 \ud835\uddd4\ud835\uddff\ud835\ude01\ud835\uddf2 \ud835\uddf1\ud835\uddf2 \ud835\udddf\ud835\uddf6\ud835\uddf1\ud835\uddf2\ud835\uddff\ud835\uddee\ud835\uddff: \ud835\udde8\ud835\uddfb\ud835\uddee \ud835\uddd8\ud835\ude05\ud835\uddfd\ud835\uddf2\ud835\uddff\ud835\uddf6\ud835\uddf2\ud835\uddfb\ud835\uddf0\ud835\uddf6\ud835\uddee \ud835\udde7\ud835\uddff\ud835\uddee\ud835\uddfb\ud835\ude00\ud835\uddf3\ud835\uddfc\ud835\uddff\ud835\uddfa\ud835\uddee\ud835\uddf1\ud835\uddfc\ud835\uddff\ud835\uddee \ud835\uddf2\ud835\uddfb \ud835\uddd6\ud835\uddfc\ud835\uddfa\ud835\uddef\ud835\uddee\ud835\uddff\ud835\uddff\ud835\uddee\ud835\uddfb\ud835\uddfe\ud835\ude02\ud835\uddf6\ud835\uddf9\ud835\uddf9\ud835\uddee - Tu Gu\u00eda<\/title>\n<meta name=\"robots\" content=\"index, follow, max-snippet:-1, max-image-preview:large, max-video-preview:-1\" \/>\n<link rel=\"canonical\" href=\"https:\/\/tuguia.combarranquilla.co\/Revista\/\ud835\uddd8\ud835\uddf9-\ud835\uddd4\ud835\uddff\ud835\ude01\ud835\uddf2-\ud835\uddf1\ud835\uddf2-\ud835\udddf\ud835\uddf6\ud835\uddf1\ud835\uddf2\ud835\uddff\ud835\uddee\ud835\uddff-\ud835\udde8\/\" \/>\n<meta property=\"og:locale\" content=\"es_ES\" \/>\n<meta property=\"og:type\" content=\"article\" \/>\n<meta property=\"og:title\" content=\"\ud835\uddd8\ud835\uddf9 \ud835\uddd4\ud835\uddff\ud835\ude01\ud835\uddf2 \ud835\uddf1\ud835\uddf2 \ud835\udddf\ud835\uddf6\ud835\uddf1\ud835\uddf2\ud835\uddff\ud835\uddee\ud835\uddff: \ud835\udde8\ud835\uddfb\ud835\uddee \ud835\uddd8\ud835\ude05\ud835\uddfd\ud835\uddf2\ud835\uddff\ud835\uddf6\ud835\uddf2\ud835\uddfb\ud835\uddf0\ud835\uddf6\ud835\uddee \ud835\udde7\ud835\uddff\ud835\uddee\ud835\uddfb\ud835\ude00\ud835\uddf3\ud835\uddfc\ud835\uddff\ud835\uddfa\ud835\uddee\ud835\uddf1\ud835\uddfc\ud835\uddff\ud835\uddee \ud835\uddf2\ud835\uddfb \ud835\uddd6\ud835\uddfc\ud835\uddfa\ud835\uddef\ud835\uddee\ud835\uddff\ud835\uddff\ud835\uddee\ud835\uddfb\ud835\uddfe\ud835\ude02\ud835\uddf6\ud835\uddf9\ud835\uddf9\ud835\uddee - Tu Gu\u00eda\" \/>\n<meta property=\"og:description\" content=\"El 3 de noviembre marc\u00f3 un hito en nuestra b\u00fasqueda de excelencia empresarial al sumergirnos en la conferencia &#8220;El Arte de Liderar&#8221; celebrada en Combarranquilla. Este evento se revel\u00f3 como una joya \u00fanica, desentra\u00f1ando los misterios del liderazgo en medio de los cambiantes paisajes socio-culturales y generacionales en las empresas. Explorando las Ense\u00f1anzas de Benjam\u00edn [&hellip;]\" \/>\n<meta property=\"og:url\" content=\"https:\/\/tuguia.combarranquilla.co\/Revista\/\ud835\uddd8\ud835\uddf9-\ud835\uddd4\ud835\uddff\ud835\ude01\ud835\uddf2-\ud835\uddf1\ud835\uddf2-\ud835\udddf\ud835\uddf6\ud835\uddf1\ud835\uddf2\ud835\uddff\ud835\uddee\ud835\uddff-\ud835\udde8\/\" \/>\n<meta property=\"og:site_name\" content=\"Tu Gu\u00eda\" \/>\n<meta property=\"article:published_time\" content=\"2023-11-07T19:47:32+00:00\" \/>\n<meta property=\"article:modified_time\" content=\"2023-11-27T20:34:35+00:00\" \/>\n<meta property=\"og:image\" content=\"https:\/\/tuguia.combarranquilla.co\/Revista\/wp-content\/uploads\/2023\/11\/Untitled-design-12.png\" \/>\n\t<meta property=\"og:image:width\" content=\"1080\" \/>\n\t<meta property=\"og:image:height\" content=\"1080\" \/>\n\t<meta property=\"og:image:type\" content=\"image\/png\" \/>\n<meta name=\"author\" content=\"Comunicaciones Combarranquilla\" \/>\n<meta name=\"twitter:card\" content=\"summary_large_image\" \/>\n<meta name=\"twitter:label1\" content=\"Escrito por\" \/>\n\t<meta name=\"twitter:data1\" content=\"Comunicaciones Combarranquilla\" \/>\n\t<meta name=\"twitter:label2\" content=\"Tiempo de lectura\" \/>\n\t<meta name=\"twitter:data2\" content=\"2 minutos\" \/>\n<script type=\"application\/ld+json\" class=\"yoast-schema-graph\">{\"@context\":\"https:\\\/\\\/schema.org\",\"@graph\":[{\"@type\":\"Article\",\"@id\":\"https:\\\/\\\/tuguia.combarranquilla.co\\\/Revista\\\/%f0%9d%97%98%f0%9d%97%b9-%f0%9d%97%94%f0%9d%97%bf%f0%9d%98%81%f0%9d%97%b2-%f0%9d%97%b1%f0%9d%97%b2-%f0%9d%97%9f%f0%9d%97%b6%f0%9d%97%b1%f0%9d%97%b2%f0%9d%97%bf%f0%9d%97%ae%f0%9d%97%bf-%f0%9d%97%a8\\\/#article\",\"isPartOf\":{\"@id\":\"https:\\\/\\\/tuguia.combarranquilla.co\\\/Revista\\\/%f0%9d%97%98%f0%9d%97%b9-%f0%9d%97%94%f0%9d%97%bf%f0%9d%98%81%f0%9d%97%b2-%f0%9d%97%b1%f0%9d%97%b2-%f0%9d%97%9f%f0%9d%97%b6%f0%9d%97%b1%f0%9d%97%b2%f0%9d%97%bf%f0%9d%97%ae%f0%9d%97%bf-%f0%9d%97%a8\\\/\"},\"author\":{\"name\":\"Comunicaciones Combarranquilla\",\"@id\":\"https:\\\/\\\/tuguia.combarranquilla.co\\\/Revista\\\/#\\\/schema\\\/person\\\/c2c396a77170bd1d5f8ba73294eb0d10\"},\"headline\":\"\ud835\uddd8\ud835\uddf9 \ud835\uddd4\ud835\uddff\ud835\ude01\ud835\uddf2 \ud835\uddf1\ud835\uddf2 \ud835\udddf\ud835\uddf6\ud835\uddf1\ud835\uddf2\ud835\uddff\ud835\uddee\ud835\uddff: \ud835\udde8\ud835\uddfb\ud835\uddee \ud835\uddd8\ud835\ude05\ud835\uddfd\ud835\uddf2\ud835\uddff\ud835\uddf6\ud835\uddf2\ud835\uddfb\ud835\uddf0\ud835\uddf6\ud835\uddee \ud835\udde7\ud835\uddff\ud835\uddee\ud835\uddfb\ud835\ude00\ud835\uddf3\ud835\uddfc\ud835\uddff\ud835\uddfa\ud835\uddee\ud835\uddf1\ud835\uddfc\ud835\uddff\ud835\uddee \ud835\uddf2\ud835\uddfb \ud835\uddd6\ud835\uddfc\ud835\uddfa\ud835\uddef\ud835\uddee\ud835\uddff\ud835\uddff\ud835\uddee\ud835\uddfb\ud835\uddfe\ud835\ude02\ud835\uddf6\ud835\uddf9\ud835\uddf9\ud835\uddee\",\"datePublished\":\"2023-11-07T19:47:32+00:00\",\"dateModified\":\"2023-11-27T20:34:35+00:00\",\"mainEntityOfPage\":{\"@id\":\"https:\\\/\\\/tuguia.combarranquilla.co\\\/Revista\\\/%f0%9d%97%98%f0%9d%97%b9-%f0%9d%97%94%f0%9d%97%bf%f0%9d%98%81%f0%9d%97%b2-%f0%9d%97%b1%f0%9d%97%b2-%f0%9d%97%9f%f0%9d%97%b6%f0%9d%97%b1%f0%9d%97%b2%f0%9d%97%bf%f0%9d%97%ae%f0%9d%97%bf-%f0%9d%97%a8\\\/\"},\"wordCount\":387,\"commentCount\":0,\"publisher\":{\"@id\":\"https:\\\/\\\/tuguia.combarranquilla.co\\\/Revista\\\/#organization\"},\"image\":{\"@id\":\"https:\\\/\\\/tuguia.combarranquilla.co\\\/Revista\\\/%f0%9d%97%98%f0%9d%97%b9-%f0%9d%97%94%f0%9d%97%bf%f0%9d%98%81%f0%9d%97%b2-%f0%9d%97%b1%f0%9d%97%b2-%f0%9d%97%9f%f0%9d%97%b6%f0%9d%97%b1%f0%9d%97%b2%f0%9d%97%bf%f0%9d%97%ae%f0%9d%97%bf-%f0%9d%97%a8\\\/#primaryimage\"},\"thumbnailUrl\":\"https:\\\/\\\/tuguia.combarranquilla.co\\\/Revista\\\/wp-content\\\/uploads\\\/2023\\\/11\\\/Untitled-design-12.png\",\"articleSection\":[\"FORMACI\u00d3N\"],\"inLanguage\":\"es-CO\",\"potentialAction\":[{\"@type\":\"CommentAction\",\"name\":\"Comment\",\"target\":[\"https:\\\/\\\/tuguia.combarranquilla.co\\\/Revista\\\/%f0%9d%97%98%f0%9d%97%b9-%f0%9d%97%94%f0%9d%97%bf%f0%9d%98%81%f0%9d%97%b2-%f0%9d%97%b1%f0%9d%97%b2-%f0%9d%97%9f%f0%9d%97%b6%f0%9d%97%b1%f0%9d%97%b2%f0%9d%97%bf%f0%9d%97%ae%f0%9d%97%bf-%f0%9d%97%a8\\\/#respond\"]}]},{\"@type\":\"WebPage\",\"@id\":\"https:\\\/\\\/tuguia.combarranquilla.co\\\/Revista\\\/%f0%9d%97%98%f0%9d%97%b9-%f0%9d%97%94%f0%9d%97%bf%f0%9d%98%81%f0%9d%97%b2-%f0%9d%97%b1%f0%9d%97%b2-%f0%9d%97%9f%f0%9d%97%b6%f0%9d%97%b1%f0%9d%97%b2%f0%9d%97%bf%f0%9d%97%ae%f0%9d%97%bf-%f0%9d%97%a8\\\/\",\"url\":\"https:\\\/\\\/tuguia.combarranquilla.co\\\/Revista\\\/%f0%9d%97%98%f0%9d%97%b9-%f0%9d%97%94%f0%9d%97%bf%f0%9d%98%81%f0%9d%97%b2-%f0%9d%97%b1%f0%9d%97%b2-%f0%9d%97%9f%f0%9d%97%b6%f0%9d%97%b1%f0%9d%97%b2%f0%9d%97%bf%f0%9d%97%ae%f0%9d%97%bf-%f0%9d%97%a8\\\/\",\"name\":\"\ud835\uddd8\ud835\uddf9 \ud835\uddd4\ud835\uddff\ud835\ude01\ud835\uddf2 \ud835\uddf1\ud835\uddf2 \ud835\udddf\ud835\uddf6\ud835\uddf1\ud835\uddf2\ud835\uddff\ud835\uddee\ud835\uddff: \ud835\udde8\ud835\uddfb\ud835\uddee \ud835\uddd8\ud835\ude05\ud835\uddfd\ud835\uddf2\ud835\uddff\ud835\uddf6\ud835\uddf2\ud835\uddfb\ud835\uddf0\ud835\uddf6\ud835\uddee \ud835\udde7\ud835\uddff\ud835\uddee\ud835\uddfb\ud835\ude00\ud835\uddf3\ud835\uddfc\ud835\uddff\ud835\uddfa\ud835\uddee\ud835\uddf1\ud835\uddfc\ud835\uddff\ud835\uddee \ud835\uddf2\ud835\uddfb \ud835\uddd6\ud835\uddfc\ud835\uddfa\ud835\uddef\ud835\uddee\ud835\uddff\ud835\uddff\ud835\uddee\ud835\uddfb\ud835\uddfe\ud835\ude02\ud835\uddf6\ud835\uddf9\ud835\uddf9\ud835\uddee - Tu Gu\u00eda\",\"isPartOf\":{\"@id\":\"https:\\\/\\\/tuguia.combarranquilla.co\\\/Revista\\\/#website\"},\"primaryImageOfPage\":{\"@id\":\"https:\\\/\\\/tuguia.combarranquilla.co\\\/Revista\\\/%f0%9d%97%98%f0%9d%97%b9-%f0%9d%97%94%f0%9d%97%bf%f0%9d%98%81%f0%9d%97%b2-%f0%9d%97%b1%f0%9d%97%b2-%f0%9d%97%9f%f0%9d%97%b6%f0%9d%97%b1%f0%9d%97%b2%f0%9d%97%bf%f0%9d%97%ae%f0%9d%97%bf-%f0%9d%97%a8\\\/#primaryimage\"},\"image\":{\"@id\":\"https:\\\/\\\/tuguia.combarranquilla.co\\\/Revista\\\/%f0%9d%97%98%f0%9d%97%b9-%f0%9d%97%94%f0%9d%97%bf%f0%9d%98%81%f0%9d%97%b2-%f0%9d%97%b1%f0%9d%97%b2-%f0%9d%97%9f%f0%9d%97%b6%f0%9d%97%b1%f0%9d%97%b2%f0%9d%97%bf%f0%9d%97%ae%f0%9d%97%bf-%f0%9d%97%a8\\\/#primaryimage\"},\"thumbnailUrl\":\"https:\\\/\\\/tuguia.combarranquilla.co\\\/Revista\\\/wp-content\\\/uploads\\\/2023\\\/11\\\/Untitled-design-12.png\",\"datePublished\":\"2023-11-07T19:47:32+00:00\",\"dateModified\":\"2023-11-27T20:34:35+00:00\",\"breadcrumb\":{\"@id\":\"https:\\\/\\\/tuguia.combarranquilla.co\\\/Revista\\\/%f0%9d%97%98%f0%9d%97%b9-%f0%9d%97%94%f0%9d%97%bf%f0%9d%98%81%f0%9d%97%b2-%f0%9d%97%b1%f0%9d%97%b2-%f0%9d%97%9f%f0%9d%97%b6%f0%9d%97%b1%f0%9d%97%b2%f0%9d%97%bf%f0%9d%97%ae%f0%9d%97%bf-%f0%9d%97%a8\\\/#breadcrumb\"},\"inLanguage\":\"es-CO\",\"potentialAction\":[{\"@type\":\"ReadAction\",\"target\":[\"https:\\\/\\\/tuguia.combarranquilla.co\\\/Revista\\\/%f0%9d%97%98%f0%9d%97%b9-%f0%9d%97%94%f0%9d%97%bf%f0%9d%98%81%f0%9d%97%b2-%f0%9d%97%b1%f0%9d%97%b2-%f0%9d%97%9f%f0%9d%97%b6%f0%9d%97%b1%f0%9d%97%b2%f0%9d%97%bf%f0%9d%97%ae%f0%9d%97%bf-%f0%9d%97%a8\\\/\"]}]},{\"@type\":\"ImageObject\",\"inLanguage\":\"es-CO\",\"@id\":\"https:\\\/\\\/tuguia.combarranquilla.co\\\/Revista\\\/%f0%9d%97%98%f0%9d%97%b9-%f0%9d%97%94%f0%9d%97%bf%f0%9d%98%81%f0%9d%97%b2-%f0%9d%97%b1%f0%9d%97%b2-%f0%9d%97%9f%f0%9d%97%b6%f0%9d%97%b1%f0%9d%97%b2%f0%9d%97%bf%f0%9d%97%ae%f0%9d%97%bf-%f0%9d%97%a8\\\/#primaryimage\",\"url\":\"https:\\\/\\\/tuguia.combarranquilla.co\\\/Revista\\\/wp-content\\\/uploads\\\/2023\\\/11\\\/Untitled-design-12.png\",\"contentUrl\":\"https:\\\/\\\/tuguia.combarranquilla.co\\\/Revista\\\/wp-content\\\/uploads\\\/2023\\\/11\\\/Untitled-design-12.png\",\"width\":1080,\"height\":1080},{\"@type\":\"BreadcrumbList\",\"@id\":\"https:\\\/\\\/tuguia.combarranquilla.co\\\/Revista\\\/%f0%9d%97%98%f0%9d%97%b9-%f0%9d%97%94%f0%9d%97%bf%f0%9d%98%81%f0%9d%97%b2-%f0%9d%97%b1%f0%9d%97%b2-%f0%9d%97%9f%f0%9d%97%b6%f0%9d%97%b1%f0%9d%97%b2%f0%9d%97%bf%f0%9d%97%ae%f0%9d%97%bf-%f0%9d%97%a8\\\/#breadcrumb\",\"itemListElement\":[{\"@type\":\"ListItem\",\"position\":1,\"name\":\"Inicio\",\"item\":\"https:\\\/\\\/tuguia.combarranquilla.co\\\/Revista\\\/\"},{\"@type\":\"ListItem\",\"position\":2,\"name\":\"\ud835\uddd8\ud835\uddf9 \ud835\uddd4\ud835\uddff\ud835\ude01\ud835\uddf2 \ud835\uddf1\ud835\uddf2 \ud835\udddf\ud835\uddf6\ud835\uddf1\ud835\uddf2\ud835\uddff\ud835\uddee\ud835\uddff: \ud835\udde8\ud835\uddfb\ud835\uddee \ud835\uddd8\ud835\ude05\ud835\uddfd\ud835\uddf2\ud835\uddff\ud835\uddf6\ud835\uddf2\ud835\uddfb\ud835\uddf0\ud835\uddf6\ud835\uddee \ud835\udde7\ud835\uddff\ud835\uddee\ud835\uddfb\ud835\ude00\ud835\uddf3\ud835\uddfc\ud835\uddff\ud835\uddfa\ud835\uddee\ud835\uddf1\ud835\uddfc\ud835\uddff\ud835\uddee \ud835\uddf2\ud835\uddfb \ud835\uddd6\ud835\uddfc\ud835\uddfa\ud835\uddef\ud835\uddee\ud835\uddff\ud835\uddff\ud835\uddee\ud835\uddfb\ud835\uddfe\ud835\ude02\ud835\uddf6\ud835\uddf9\ud835\uddf9\ud835\uddee\"}]},{\"@type\":\"WebSite\",\"@id\":\"https:\\\/\\\/tuguia.combarranquilla.co\\\/Revista\\\/#website\",\"url\":\"https:\\\/\\\/tuguia.combarranquilla.co\\\/Revista\\\/\",\"name\":\"Tu Gu\u00eda\",\"description\":\"La revista donde lo tienes todo.\",\"publisher\":{\"@id\":\"https:\\\/\\\/tuguia.combarranquilla.co\\\/Revista\\\/#organization\"},\"alternateName\":\"Tu Gu\u00eda Combarranquilla\",\"potentialAction\":[{\"@type\":\"SearchAction\",\"target\":{\"@type\":\"EntryPoint\",\"urlTemplate\":\"https:\\\/\\\/tuguia.combarranquilla.co\\\/Revista\\\/?s={search_term_string}\"},\"query-input\":{\"@type\":\"PropertyValueSpecification\",\"valueRequired\":true,\"valueName\":\"search_term_string\"}}],\"inLanguage\":\"es-CO\"},{\"@type\":\"Organization\",\"@id\":\"https:\\\/\\\/tuguia.combarranquilla.co\\\/Revista\\\/#organization\",\"name\":\"Tu Gu\u00eda Combarranquilla\",\"url\":\"https:\\\/\\\/tuguia.combarranquilla.co\\\/Revista\\\/\",\"logo\":{\"@type\":\"ImageObject\",\"inLanguage\":\"es-CO\",\"@id\":\"https:\\\/\\\/tuguia.combarranquilla.co\\\/Revista\\\/#\\\/schema\\\/logo\\\/image\\\/\",\"url\":\"https:\\\/\\\/tuguia.combarranquilla.co\\\/Revista\\\/wp-content\\\/uploads\\\/2022\\\/02\\\/logo-guia-combarranquilla.svg\",\"contentUrl\":\"https:\\\/\\\/tuguia.combarranquilla.co\\\/Revista\\\/wp-content\\\/uploads\\\/2022\\\/02\\\/logo-guia-combarranquilla.svg\",\"caption\":\"Tu Gu\u00eda Combarranquilla\"},\"image\":{\"@id\":\"https:\\\/\\\/tuguia.combarranquilla.co\\\/Revista\\\/#\\\/schema\\\/logo\\\/image\\\/\"}},{\"@type\":\"Person\",\"@id\":\"https:\\\/\\\/tuguia.combarranquilla.co\\\/Revista\\\/#\\\/schema\\\/person\\\/c2c396a77170bd1d5f8ba73294eb0d10\",\"name\":\"Comunicaciones Combarranquilla\",\"image\":{\"@type\":\"ImageObject\",\"inLanguage\":\"es-CO\",\"@id\":\"https:\\\/\\\/tuguia.combarranquilla.co\\\/Revista\\\/wp-content\\\/uploads\\\/2025\\\/05\\\/ABC-Al-Rojo-Logo-96x96.jpg\",\"url\":\"https:\\\/\\\/tuguia.combarranquilla.co\\\/Revista\\\/wp-content\\\/uploads\\\/2025\\\/05\\\/ABC-Al-Rojo-Logo-96x96.jpg\",\"contentUrl\":\"https:\\\/\\\/tuguia.combarranquilla.co\\\/Revista\\\/wp-content\\\/uploads\\\/2025\\\/05\\\/ABC-Al-Rojo-Logo-96x96.jpg\",\"caption\":\"Comunicaciones Combarranquilla\"},\"sameAs\":[\"https:\\\/\\\/www.combarranquilla.co\"],\"url\":\"https:\\\/\\\/tuguia.combarranquilla.co\\\/Revista\\\/author\\\/comunicaciones\\\/\"}]}<\/script>\n<!-- \/ Yoast SEO plugin. -->","yoast_head_json":{"title":"\ud835\uddd8\ud835\uddf9 \ud835\uddd4\ud835\uddff\ud835\ude01\ud835\uddf2 \ud835\uddf1\ud835\uddf2 \ud835\udddf\ud835\uddf6\ud835\uddf1\ud835\uddf2\ud835\uddff\ud835\uddee\ud835\uddff: \ud835\udde8\ud835\uddfb\ud835\uddee \ud835\uddd8\ud835\ude05\ud835\uddfd\ud835\uddf2\ud835\uddff\ud835\uddf6\ud835\uddf2\ud835\uddfb\ud835\uddf0\ud835\uddf6\ud835\uddee \ud835\udde7\ud835\uddff\ud835\uddee\ud835\uddfb\ud835\ude00\ud835\uddf3\ud835\uddfc\ud835\uddff\ud835\uddfa\ud835\uddee\ud835\uddf1\ud835\uddfc\ud835\uddff\ud835\uddee \ud835\uddf2\ud835\uddfb \ud835\uddd6\ud835\uddfc\ud835\uddfa\ud835\uddef\ud835\uddee\ud835\uddff\ud835\uddff\ud835\uddee\ud835\uddfb\ud835\uddfe\ud835\ude02\ud835\uddf6\ud835\uddf9\ud835\uddf9\ud835\uddee - Tu Gu\u00eda","robots":{"index":"index","follow":"follow","max-snippet":"max-snippet:-1","max-image-preview":"max-image-preview:large","max-video-preview":"max-video-preview:-1"},"canonical":"https:\/\/tuguia.combarranquilla.co\/Revista\/\ud835\uddd8\ud835\uddf9-\ud835\uddd4\ud835\uddff\ud835\ude01\ud835\uddf2-\ud835\uddf1\ud835\uddf2-\ud835\udddf\ud835\uddf6\ud835\uddf1\ud835\uddf2\ud835\uddff\ud835\uddee\ud835\uddff-\ud835\udde8\/","og_locale":"es_ES","og_type":"article","og_title":"\ud835\uddd8\ud835\uddf9 \ud835\uddd4\ud835\uddff\ud835\ude01\ud835\uddf2 \ud835\uddf1\ud835\uddf2 \ud835\udddf\ud835\uddf6\ud835\uddf1\ud835\uddf2\ud835\uddff\ud835\uddee\ud835\uddff: \ud835\udde8\ud835\uddfb\ud835\uddee \ud835\uddd8\ud835\ude05\ud835\uddfd\ud835\uddf2\ud835\uddff\ud835\uddf6\ud835\uddf2\ud835\uddfb\ud835\uddf0\ud835\uddf6\ud835\uddee \ud835\udde7\ud835\uddff\ud835\uddee\ud835\uddfb\ud835\ude00\ud835\uddf3\ud835\uddfc\ud835\uddff\ud835\uddfa\ud835\uddee\ud835\uddf1\ud835\uddfc\ud835\uddff\ud835\uddee \ud835\uddf2\ud835\uddfb \ud835\uddd6\ud835\uddfc\ud835\uddfa\ud835\uddef\ud835\uddee\ud835\uddff\ud835\uddff\ud835\uddee\ud835\uddfb\ud835\uddfe\ud835\ude02\ud835\uddf6\ud835\uddf9\ud835\uddf9\ud835\uddee - Tu Gu\u00eda","og_description":"El 3 de noviembre marc\u00f3 un hito en nuestra b\u00fasqueda de excelencia empresarial al sumergirnos en la conferencia &#8220;El Arte de Liderar&#8221; celebrada en Combarranquilla. Este evento se revel\u00f3 como una joya \u00fanica, desentra\u00f1ando los misterios del liderazgo en medio de los cambiantes paisajes socio-culturales y generacionales en las empresas. Explorando las Ense\u00f1anzas de Benjam\u00edn [&hellip;]","og_url":"https:\/\/tuguia.combarranquilla.co\/Revista\/\ud835\uddd8\ud835\uddf9-\ud835\uddd4\ud835\uddff\ud835\ude01\ud835\uddf2-\ud835\uddf1\ud835\uddf2-\ud835\udddf\ud835\uddf6\ud835\uddf1\ud835\uddf2\ud835\uddff\ud835\uddee\ud835\uddff-\ud835\udde8\/","og_site_name":"Tu Gu\u00eda","article_published_time":"2023-11-07T19:47:32+00:00","article_modified_time":"2023-11-27T20:34:35+00:00","og_image":[{"width":1080,"height":1080,"url":"https:\/\/tuguia.combarranquilla.co\/Revista\/wp-content\/uploads\/2023\/11\/Untitled-design-12.png","type":"image\/png"}],"author":"Comunicaciones Combarranquilla","twitter_card":"summary_large_image","twitter_misc":{"Escrito por":"Comunicaciones Combarranquilla","Tiempo de lectura":"2 minutos"},"schema":{"@context":"https:\/\/schema.org","@graph":[{"@type":"Article","@id":"https:\/\/tuguia.combarranquilla.co\/Revista\/%f0%9d%97%98%f0%9d%97%b9-%f0%9d%97%94%f0%9d%97%bf%f0%9d%98%81%f0%9d%97%b2-%f0%9d%97%b1%f0%9d%97%b2-%f0%9d%97%9f%f0%9d%97%b6%f0%9d%97%b1%f0%9d%97%b2%f0%9d%97%bf%f0%9d%97%ae%f0%9d%97%bf-%f0%9d%97%a8\/#article","isPartOf":{"@id":"https:\/\/tuguia.combarranquilla.co\/Revista\/%f0%9d%97%98%f0%9d%97%b9-%f0%9d%97%94%f0%9d%97%bf%f0%9d%98%81%f0%9d%97%b2-%f0%9d%97%b1%f0%9d%97%b2-%f0%9d%97%9f%f0%9d%97%b6%f0%9d%97%b1%f0%9d%97%b2%f0%9d%97%bf%f0%9d%97%ae%f0%9d%97%bf-%f0%9d%97%a8\/"},"author":{"name":"Comunicaciones Combarranquilla","@id":"https:\/\/tuguia.combarranquilla.co\/Revista\/#\/schema\/person\/c2c396a77170bd1d5f8ba73294eb0d10"},"headline":"\ud835\uddd8\ud835\uddf9 \ud835\uddd4\ud835\uddff\ud835\ude01\ud835\uddf2 \ud835\uddf1\ud835\uddf2 \ud835\udddf\ud835\uddf6\ud835\uddf1\ud835\uddf2\ud835\uddff\ud835\uddee\ud835\uddff: \ud835\udde8\ud835\uddfb\ud835\uddee \ud835\uddd8\ud835\ude05\ud835\uddfd\ud835\uddf2\ud835\uddff\ud835\uddf6\ud835\uddf2\ud835\uddfb\ud835\uddf0\ud835\uddf6\ud835\uddee \ud835\udde7\ud835\uddff\ud835\uddee\ud835\uddfb\ud835\ude00\ud835\uddf3\ud835\uddfc\ud835\uddff\ud835\uddfa\ud835\uddee\ud835\uddf1\ud835\uddfc\ud835\uddff\ud835\uddee \ud835\uddf2\ud835\uddfb \ud835\uddd6\ud835\uddfc\ud835\uddfa\ud835\uddef\ud835\uddee\ud835\uddff\ud835\uddff\ud835\uddee\ud835\uddfb\ud835\uddfe\ud835\ude02\ud835\uddf6\ud835\uddf9\ud835\uddf9\ud835\uddee","datePublished":"2023-11-07T19:47:32+00:00","dateModified":"2023-11-27T20:34:35+00:00","mainEntityOfPage":{"@id":"https:\/\/tuguia.combarranquilla.co\/Revista\/%f0%9d%97%98%f0%9d%97%b9-%f0%9d%97%94%f0%9d%97%bf%f0%9d%98%81%f0%9d%97%b2-%f0%9d%97%b1%f0%9d%97%b2-%f0%9d%97%9f%f0%9d%97%b6%f0%9d%97%b1%f0%9d%97%b2%f0%9d%97%bf%f0%9d%97%ae%f0%9d%97%bf-%f0%9d%97%a8\/"},"wordCount":387,"commentCount":0,"publisher":{"@id":"https:\/\/tuguia.combarranquilla.co\/Revista\/#organization"},"image":{"@id":"https:\/\/tuguia.combarranquilla.co\/Revista\/%f0%9d%97%98%f0%9d%97%b9-%f0%9d%97%94%f0%9d%97%bf%f0%9d%98%81%f0%9d%97%b2-%f0%9d%97%b1%f0%9d%97%b2-%f0%9d%97%9f%f0%9d%97%b6%f0%9d%97%b1%f0%9d%97%b2%f0%9d%97%bf%f0%9d%97%ae%f0%9d%97%bf-%f0%9d%97%a8\/#primaryimage"},"thumbnailUrl":"https:\/\/tuguia.combarranquilla.co\/Revista\/wp-content\/uploads\/2023\/11\/Untitled-design-12.png","articleSection":["FORMACI\u00d3N"],"inLanguage":"es-CO","potentialAction":[{"@type":"CommentAction","name":"Comment","target":["https:\/\/tuguia.combarranquilla.co\/Revista\/%f0%9d%97%98%f0%9d%97%b9-%f0%9d%97%94%f0%9d%97%bf%f0%9d%98%81%f0%9d%97%b2-%f0%9d%97%b1%f0%9d%97%b2-%f0%9d%97%9f%f0%9d%97%b6%f0%9d%97%b1%f0%9d%97%b2%f0%9d%97%bf%f0%9d%97%ae%f0%9d%97%bf-%f0%9d%97%a8\/#respond"]}]},{"@type":"WebPage","@id":"https:\/\/tuguia.combarranquilla.co\/Revista\/%f0%9d%97%98%f0%9d%97%b9-%f0%9d%97%94%f0%9d%97%bf%f0%9d%98%81%f0%9d%97%b2-%f0%9d%97%b1%f0%9d%97%b2-%f0%9d%97%9f%f0%9d%97%b6%f0%9d%97%b1%f0%9d%97%b2%f0%9d%97%bf%f0%9d%97%ae%f0%9d%97%bf-%f0%9d%97%a8\/","url":"https:\/\/tuguia.combarranquilla.co\/Revista\/%f0%9d%97%98%f0%9d%97%b9-%f0%9d%97%94%f0%9d%97%bf%f0%9d%98%81%f0%9d%97%b2-%f0%9d%97%b1%f0%9d%97%b2-%f0%9d%97%9f%f0%9d%97%b6%f0%9d%97%b1%f0%9d%97%b2%f0%9d%97%bf%f0%9d%97%ae%f0%9d%97%bf-%f0%9d%97%a8\/","name":"\ud835\uddd8\ud835\uddf9 \ud835\uddd4\ud835\uddff\ud835\ude01\ud835\uddf2 \ud835\uddf1\ud835\uddf2 \ud835\udddf\ud835\uddf6\ud835\uddf1\ud835\uddf2\ud835\uddff\ud835\uddee\ud835\uddff: \ud835\udde8\ud835\uddfb\ud835\uddee \ud835\uddd8\ud835\ude05\ud835\uddfd\ud835\uddf2\ud835\uddff\ud835\uddf6\ud835\uddf2\ud835\uddfb\ud835\uddf0\ud835\uddf6\ud835\uddee \ud835\udde7\ud835\uddff\ud835\uddee\ud835\uddfb\ud835\ude00\ud835\uddf3\ud835\uddfc\ud835\uddff\ud835\uddfa\ud835\uddee\ud835\uddf1\ud835\uddfc\ud835\uddff\ud835\uddee \ud835\uddf2\ud835\uddfb \ud835\uddd6\ud835\uddfc\ud835\uddfa\ud835\uddef\ud835\uddee\ud835\uddff\ud835\uddff\ud835\uddee\ud835\uddfb\ud835\uddfe\ud835\ude02\ud835\uddf6\ud835\uddf9\ud835\uddf9\ud835\uddee - Tu Gu\u00eda","isPartOf":{"@id":"https:\/\/tuguia.combarranquilla.co\/Revista\/#website"},"primaryImageOfPage":{"@id":"https:\/\/tuguia.combarranquilla.co\/Revista\/%f0%9d%97%98%f0%9d%97%b9-%f0%9d%97%94%f0%9d%97%bf%f0%9d%98%81%f0%9d%97%b2-%f0%9d%97%b1%f0%9d%97%b2-%f0%9d%97%9f%f0%9d%97%b6%f0%9d%97%b1%f0%9d%97%b2%f0%9d%97%bf%f0%9d%97%ae%f0%9d%97%bf-%f0%9d%97%a8\/#primaryimage"},"image":{"@id":"https:\/\/tuguia.combarranquilla.co\/Revista\/%f0%9d%97%98%f0%9d%97%b9-%f0%9d%97%94%f0%9d%97%bf%f0%9d%98%81%f0%9d%97%b2-%f0%9d%97%b1%f0%9d%97%b2-%f0%9d%97%9f%f0%9d%97%b6%f0%9d%97%b1%f0%9d%97%b2%f0%9d%97%bf%f0%9d%97%ae%f0%9d%97%bf-%f0%9d%97%a8\/#primaryimage"},"thumbnailUrl":"https:\/\/tuguia.combarranquilla.co\/Revista\/wp-content\/uploads\/2023\/11\/Untitled-design-12.png","datePublished":"2023-11-07T19:47:32+00:00","dateModified":"2023-11-27T20:34:35+00:00","breadcrumb":{"@id":"https:\/\/tuguia.combarranquilla.co\/Revista\/%f0%9d%97%98%f0%9d%97%b9-%f0%9d%97%94%f0%9d%97%bf%f0%9d%98%81%f0%9d%97%b2-%f0%9d%97%b1%f0%9d%97%b2-%f0%9d%97%9f%f0%9d%97%b6%f0%9d%97%b1%f0%9d%97%b2%f0%9d%97%bf%f0%9d%97%ae%f0%9d%97%bf-%f0%9d%97%a8\/#breadcrumb"},"inLanguage":"es-CO","potentialAction":[{"@type":"ReadAction","target":["https:\/\/tuguia.combarranquilla.co\/Revista\/%f0%9d%97%98%f0%9d%97%b9-%f0%9d%97%94%f0%9d%97%bf%f0%9d%98%81%f0%9d%97%b2-%f0%9d%97%b1%f0%9d%97%b2-%f0%9d%97%9f%f0%9d%97%b6%f0%9d%97%b1%f0%9d%97%b2%f0%9d%97%bf%f0%9d%97%ae%f0%9d%97%bf-%f0%9d%97%a8\/"]}]},{"@type":"ImageObject","inLanguage":"es-CO","@id":"https:\/\/tuguia.combarranquilla.co\/Revista\/%f0%9d%97%98%f0%9d%97%b9-%f0%9d%97%94%f0%9d%97%bf%f0%9d%98%81%f0%9d%97%b2-%f0%9d%97%b1%f0%9d%97%b2-%f0%9d%97%9f%f0%9d%97%b6%f0%9d%97%b1%f0%9d%97%b2%f0%9d%97%bf%f0%9d%97%ae%f0%9d%97%bf-%f0%9d%97%a8\/#primaryimage","url":"https:\/\/tuguia.combarranquilla.co\/Revista\/wp-content\/uploads\/2023\/11\/Untitled-design-12.png","contentUrl":"https:\/\/tuguia.combarranquilla.co\/Revista\/wp-content\/uploads\/2023\/11\/Untitled-design-12.png","width":1080,"height":1080},{"@type":"BreadcrumbList","@id":"https:\/\/tuguia.combarranquilla.co\/Revista\/%f0%9d%97%98%f0%9d%97%b9-%f0%9d%97%94%f0%9d%97%bf%f0%9d%98%81%f0%9d%97%b2-%f0%9d%97%b1%f0%9d%97%b2-%f0%9d%97%9f%f0%9d%97%b6%f0%9d%97%b1%f0%9d%97%b2%f0%9d%97%bf%f0%9d%97%ae%f0%9d%97%bf-%f0%9d%97%a8\/#breadcrumb","itemListElement":[{"@type":"ListItem","position":1,"name":"Inicio","item":"https:\/\/tuguia.combarranquilla.co\/Revista\/"},{"@type":"ListItem","position":2,"name":"\ud835\uddd8\ud835\uddf9 \ud835\uddd4\ud835\uddff\ud835\ude01\ud835\uddf2 \ud835\uddf1\ud835\uddf2 \ud835\udddf\ud835\uddf6\ud835\uddf1\ud835\uddf2\ud835\uddff\ud835\uddee\ud835\uddff: \ud835\udde8\ud835\uddfb\ud835\uddee \ud835\uddd8\ud835\ude05\ud835\uddfd\ud835\uddf2\ud835\uddff\ud835\uddf6\ud835\uddf2\ud835\uddfb\ud835\uddf0\ud835\uddf6\ud835\uddee \ud835\udde7\ud835\uddff\ud835\uddee\ud835\uddfb\ud835\ude00\ud835\uddf3\ud835\uddfc\ud835\uddff\ud835\uddfa\ud835\uddee\ud835\uddf1\ud835\uddfc\ud835\uddff\ud835\uddee \ud835\uddf2\ud835\uddfb \ud835\uddd6\ud835\uddfc\ud835\uddfa\ud835\uddef\ud835\uddee\ud835\uddff\ud835\uddff\ud835\uddee\ud835\uddfb\ud835\uddfe\ud835\ude02\ud835\uddf6\ud835\uddf9\ud835\uddf9\ud835\uddee"}]},{"@type":"WebSite","@id":"https:\/\/tuguia.combarranquilla.co\/Revista\/#website","url":"https:\/\/tuguia.combarranquilla.co\/Revista\/","name":"Tu Gu\u00eda","description":"La revista donde lo tienes todo.","publisher":{"@id":"https:\/\/tuguia.combarranquilla.co\/Revista\/#organization"},"alternateName":"Tu Gu\u00eda Combarranquilla","potentialAction":[{"@type":"SearchAction","target":{"@type":"EntryPoint","urlTemplate":"https:\/\/tuguia.combarranquilla.co\/Revista\/?s={search_term_string}"},"query-input":{"@type":"PropertyValueSpecification","valueRequired":true,"valueName":"search_term_string"}}],"inLanguage":"es-CO"},{"@type":"Organization","@id":"https:\/\/tuguia.combarranquilla.co\/Revista\/#organization","name":"Tu Gu\u00eda Combarranquilla","url":"https:\/\/tuguia.combarranquilla.co\/Revista\/","logo":{"@type":"ImageObject","inLanguage":"es-CO","@id":"https:\/\/tuguia.combarranquilla.co\/Revista\/#\/schema\/logo\/image\/","url":"https:\/\/tuguia.combarranquilla.co\/Revista\/wp-content\/uploads\/2022\/02\/logo-guia-combarranquilla.svg","contentUrl":"https:\/\/tuguia.combarranquilla.co\/Revista\/wp-content\/uploads\/2022\/02\/logo-guia-combarranquilla.svg","caption":"Tu Gu\u00eda Combarranquilla"},"image":{"@id":"https:\/\/tuguia.combarranquilla.co\/Revista\/#\/schema\/logo\/image\/"}},{"@type":"Person","@id":"https:\/\/tuguia.combarranquilla.co\/Revista\/#\/schema\/person\/c2c396a77170bd1d5f8ba73294eb0d10","name":"Comunicaciones Combarranquilla","image":{"@type":"ImageObject","inLanguage":"es-CO","@id":"https:\/\/tuguia.combarranquilla.co\/Revista\/wp-content\/uploads\/2025\/05\/ABC-Al-Rojo-Logo-96x96.jpg","url":"https:\/\/tuguia.combarranquilla.co\/Revista\/wp-content\/uploads\/2025\/05\/ABC-Al-Rojo-Logo-96x96.jpg","contentUrl":"https:\/\/tuguia.combarranquilla.co\/Revista\/wp-content\/uploads\/2025\/05\/ABC-Al-Rojo-Logo-96x96.jpg","caption":"Comunicaciones Combarranquilla"},"sameAs":["https:\/\/www.combarranquilla.co"],"url":"https:\/\/tuguia.combarranquilla.co\/Revista\/author\/comunicaciones\/"}]}},"_links":{"self":[{"href":"https:\/\/tuguia.combarranquilla.co\/Revista\/wp-json\/wp\/v2\/posts\/3087","targetHints":{"allow":["GET"]}}],"collection":[{"href":"https:\/\/tuguia.combarranquilla.co\/Revista\/wp-json\/wp\/v2\/posts"}],"about":[{"href":"https:\/\/tuguia.combarranquilla.co\/Revista\/wp-json\/wp\/v2\/types\/post"}],"author":[{"embeddable":true,"href":"https:\/\/tuguia.combarranquilla.co\/Revista\/wp-json\/wp\/v2\/users\/2"}],"replies":[{"embeddable":true,"href":"https:\/\/tuguia.combarranquilla.co\/Revista\/wp-json\/wp\/v2\/comments?post=3087"}],"version-history":[{"count":2,"href":"https:\/\/tuguia.combarranquilla.co\/Revista\/wp-json\/wp\/v2\/posts\/3087\/revisions"}],"predecessor-version":[{"id":3099,"href":"https:\/\/tuguia.combarranquilla.co\/Revista\/wp-json\/wp\/v2\/posts\/3087\/revisions\/3099"}],"wp:featuredmedia":[{"embeddable":true,"href":"https:\/\/tuguia.combarranquilla.co\/Revista\/wp-json\/wp\/v2\/media\/3077"}],"wp:attachment":[{"href":"https:\/\/tuguia.combarranquilla.co\/Revista\/wp-json\/wp\/v2\/media?parent=3087"}],"wp:term":[{"taxonomy":"category","embeddable":true,"href":"https:\/\/tuguia.combarranquilla.co\/Revista\/wp-json\/wp\/v2\/categories?post=3087"},{"taxonomy":"post_tag","embeddable":true,"href":"https:\/\/tuguia.combarranquilla.co\/Revista\/wp-json\/wp\/v2\/tags?post=3087"}],"curies":[{"name":"wp","href":"https:\/\/api.w.org\/{rel}","templated":true}]}}