{"id":3188,"date":"2023-12-04T16:41:16","date_gmt":"2023-12-04T21:41:16","guid":{"rendered":"https:\/\/tuguia.combarranquilla.co\/Revista\/?p=3188"},"modified":"2023-12-04T16:41:17","modified_gmt":"2023-12-04T21:41:17","slug":"sorprende-a-tus-seres-queridos-con-una-deliciosa-cena-navidena","status":"publish","type":"post","link":"https:\/\/tuguia.combarranquilla.co\/Revista\/sorprende-a-tus-seres-queridos-con-una-deliciosa-cena-navidena\/","title":{"rendered":"Sorprende a tus seres queridos con una deliciosa cena navide\u00f1a."},"content":{"rendered":"\n<p class=\"has-medium-font-size\">Diciembre, mes para compartir en familia y amigos por eso hoy te recomendamos una espectacular receta para sorprender a tus seres queridos en esta temporada especial.<\/p>\n\n\n\n<p>Prep\u00e1rala y disfr\u00fatala.<\/p>\n\n\n\n<p class=\"has-text-align-center has-medium-font-size\"><strong>Langostinos a la Crema<\/strong><\/p>\n\n\n\n<ul class=\"wp-block-list\">\n<li class=\"has-medium-font-size\">600 gr de Langostinos<\/li>\n\n\n\n<li class=\"has-medium-font-size\">3 Dientes de ajo<\/li>\n\n\n\n<li class=\"has-medium-font-size\">300 ml de Crema de leche<\/li>\n\n\n\n<li class=\"has-medium-font-size\">15 gr de Curry en polvo<\/li>\n\n\n\n<li class=\"has-medium-font-size\">1 Cucharadita de f\u00e9cula de ma\u00edz<\/li>\n\n\n\n<li class=\"has-medium-font-size\">40 ml de Vino blanco<\/li>\n\n\n\n<li class=\"has-medium-font-size\">Sal y Pimienta al gusto<\/li>\n<\/ul>\n\n\n\n<p class=\"has-medium-font-size\"><strong>Preparaci\u00f3n<\/strong>: <\/p>\n\n\n\n<ol class=\"wp-block-list\">\n<li class=\"has-medium-font-size\"><strong><\/strong>En un sart\u00e9n colocar un poco de aceite o mantequilla, agregar ajo y cuando este caliente, agregar los langostinos, sal y pimienta. Dejar sellar.<\/li>\n\n\n\n<li class=\"has-medium-font-size\"><strong><\/strong>Agregar vino blanco y dejar evaporar el alcohol.<\/li>\n\n\n\n<li class=\"has-medium-font-size\"><strong><\/strong>Agregar crema de leche, curry en polvo y la f\u00e9cula de ma\u00edz disuelta en agua previamente.<\/li>\n\n\n\n<li class=\"has-medium-font-size\">Dejar cocinar hasta que tenga la consistencia deseada y reservar.<\/li>\n<\/ol>\n\n\n\n<p class=\"has-text-align-center has-medium-font-size\"><strong>Lomo de Cerdo Acaramelado<\/strong><\/p>\n\n\n\n<ul class=\"wp-block-list\">\n<li class=\"has-medium-font-size\">600 gr de Lomo de cerdo<\/li>\n\n\n\n<li class=\"has-medium-font-size\">50 gr de Mostaza<\/li>\n\n\n\n<li class=\"has-medium-font-size\">80 ml de Soya<\/li>\n\n\n\n<li class=\"has-medium-font-size\">2 limones<\/li>\n\n\n\n<li class=\"has-medium-font-size\">4 Dientes de ajo<\/li>\n\n\n\n<li class=\"has-medium-font-size\">4 Naranjas<\/li>\n\n\n\n<li class=\"has-medium-font-size\">2 Cucharadas de az\u00facar<\/li>\n\n\n\n<li class=\"has-medium-font-size\">Jengibre picado al gusto<\/li>\n\n\n\n<li class=\"has-medium-font-size\">Sal y Pimienta al gusto<\/li>\n<\/ul>\n\n\n\n<p class=\"has-medium-font-size\"><strong>Preparaci\u00f3n:<\/strong><\/p>\n\n\n\n<ol class=\"wp-block-list\">\n<li class=\"has-medium-font-size\"><strong><\/strong>Cortar el lomo de cerdo en medallones. Adobar con salsa de soya, ajo, lim\u00f3n, mostaza, sal y pimienta.<\/li>\n\n\n\n<li class=\"has-medium-font-size\"><strong><\/strong>Sellar a fuego alto con aceite hasta cocinar completamente.<\/li>\n\n\n\n<li class=\"has-medium-font-size\">A\u00f1adir az\u00facar, zumo de naranja, jengibre picado y dejar cocinar hasta que el lomo de cerdo quede acaramelado.<\/li>\n<\/ol>\n\n\n<div class=\"wp-block-image\">\n<figure class=\"aligncenter size-large\"><img decoding=\"async\" width=\"700\" height=\"1024\" data-src=\"https:\/\/tuguia.combarranquilla.co\/Revista\/wp-content\/uploads\/2023\/12\/WhatsApp-Image-2023-12-04-at-1.57.14-PM-1-700x1024.jpeg\" alt=\"\" class=\"wp-image-3198 lazyload\" data-srcset=\"https:\/\/tuguia.combarranquilla.co\/Revista\/wp-content\/uploads\/2023\/12\/WhatsApp-Image-2023-12-04-at-1.57.14-PM-1-700x1024.jpeg 700w, https:\/\/tuguia.combarranquilla.co\/Revista\/wp-content\/uploads\/2023\/12\/WhatsApp-Image-2023-12-04-at-1.57.14-PM-1-205x300.jpeg 205w, https:\/\/tuguia.combarranquilla.co\/Revista\/wp-content\/uploads\/2023\/12\/WhatsApp-Image-2023-12-04-at-1.57.14-PM-1-768x1123.jpeg 768w, https:\/\/tuguia.combarranquilla.co\/Revista\/wp-content\/uploads\/2023\/12\/WhatsApp-Image-2023-12-04-at-1.57.14-PM-1-1050x1536.jpeg 1050w, https:\/\/tuguia.combarranquilla.co\/Revista\/wp-content\/uploads\/2023\/12\/WhatsApp-Image-2023-12-04-at-1.57.14-PM-1.jpeg 1094w\" data-sizes=\"(max-width: 700px) 100vw, 700px\" src=\"data:image\/svg+xml;base64,PHN2ZyB3aWR0aD0iMSIgaGVpZ2h0PSIxIiB4bWxucz0iaHR0cDovL3d3dy53My5vcmcvMjAwMC9zdmciPjwvc3ZnPg==\" style=\"--smush-placeholder-width: 700px; --smush-placeholder-aspect-ratio: 700\/1024;\" \/><\/figure><\/div>\n\n\n<p class=\"has-text-align-center has-medium-font-size\"><strong>Pur\u00e9 de Papa<\/strong><\/p>\n\n\n\n<ul class=\"has-medium-font-size wp-block-list\">\n<li>500 gr de Papa<\/li>\n\n\n\n<li>100 gr de Queso mozzarella<\/li>\n\n\n\n<li>50 gr de Mantequilla<\/li>\n\n\n\n<li>Ralladura de nuez moscada<\/li>\n\n\n\n<li>30 gr de Crema de leche<\/li>\n<\/ul>\n\n\n\n<p class=\"has-medium-font-size\"><strong>Preparaci\u00f3n:<\/strong><\/p>\n\n\n\n<ol class=\"wp-block-list\">\n<li class=\"has-medium-font-size\"><strong><\/strong>Cocinar la papa en abundante agua hasta que est\u00e9 completamente cocida.<\/li>\n\n\n\n<li class=\"has-medium-font-size\"><strong><\/strong>Triturar hasta hacer un pur\u00e9 y mezclar con la mantequilla, crema de leche, queso mozzarella y ralladura de nuez moscada.<\/li>\n\n\n\n<li class=\"has-medium-font-size\">Colocar en un molde, a\u00f1adir queso parmesano y llevar al horno por 15 minutos a 220 grados cent\u00edgrados.<\/li>\n<\/ol>\n\n\n\n<p class=\"has-text-align-center has-medium-font-size\"><strong>Ensalada Griega<\/strong><\/p>\n\n\n\n<ul class=\"wp-block-list\">\n<li class=\"has-medium-font-size\">Lechuga romana<\/li>\n\n\n\n<li class=\"has-medium-font-size\">Lechuga Crespa<\/li>\n\n\n\n<li class=\"has-medium-font-size\">Cebolla roja<\/li>\n\n\n\n<li class=\"has-medium-font-size\">Pepino<\/li>\n\n\n\n<li class=\"has-medium-font-size\">Tomate Cherry<\/li>\n\n\n\n<li class=\"has-medium-font-size\">Queso coste\u00f1o<\/li>\n\n\n\n<li class=\"has-medium-font-size\">Aceitunas<\/li>\n\n\n\n<li class=\"has-medium-font-size\">Aceite de oliva<\/li>\n\n\n\n<li class=\"has-medium-font-size\">Vinagre<\/li>\n<\/ul>\n\n\n\n<p class=\"has-medium-font-size\"><strong>Preparaci\u00f3n:<\/strong><\/p>\n\n\n\n<p class=\"has-medium-font-size\">Disponer todos los vegetales en un recipiente y mezclar. A\u00f1adir vinagre y aceite de oliva; y servir.<\/p>\n","protected":false},"excerpt":{"rendered":"<p>Diciembre, mes para compartir en familia y amigos por eso hoy te recomendamos una espectacular receta para sorprender a tus seres queridos en esta temporada especial. Prep\u00e1rala y disfr\u00fatala. Langostinos a la Crema Preparaci\u00f3n: Lomo de Cerdo Acaramelado Preparaci\u00f3n: Pur\u00e9 de Papa Preparaci\u00f3n: Ensalada Griega Preparaci\u00f3n: Disponer todos los vegetales en un recipiente y mezclar. [&hellip;]<\/p>\n","protected":false},"author":2,"featured_media":3189,"comment_status":"open","ping_status":"open","sticky":false,"template":"","format":"standard","meta":{"inline_featured_image":false,"footnotes":""},"categories":[3],"tags":[],"class_list":["post-3188","post","type-post","status-publish","format-standard","has-post-thumbnail","hentry","category-mirador-gastronomico"],"yoast_head":"<!-- This site is optimized with the Yoast SEO plugin v27.4 - https:\/\/yoast.com\/product\/yoast-seo-wordpress\/ -->\n<title>Sorprende a tus seres queridos con una deliciosa cena navide\u00f1a. - Tu Gu\u00eda<\/title>\n<meta name=\"robots\" content=\"index, follow, max-snippet:-1, max-image-preview:large, max-video-preview:-1\" \/>\n<link rel=\"canonical\" href=\"https:\/\/tuguia.combarranquilla.co\/Revista\/sorprende-a-tus-seres-queridos-con-una-deliciosa-cena-navidena\/\" \/>\n<meta property=\"og:locale\" content=\"es_ES\" \/>\n<meta property=\"og:type\" content=\"article\" \/>\n<meta property=\"og:title\" content=\"Sorprende a tus seres queridos con una deliciosa cena navide\u00f1a. - Tu Gu\u00eda\" \/>\n<meta property=\"og:description\" content=\"Diciembre, mes para compartir en familia y amigos por eso hoy te recomendamos una espectacular receta para sorprender a tus seres queridos en esta temporada especial. Prep\u00e1rala y disfr\u00fatala. Langostinos a la Crema Preparaci\u00f3n: Lomo de Cerdo Acaramelado Preparaci\u00f3n: Pur\u00e9 de Papa Preparaci\u00f3n: Ensalada Griega Preparaci\u00f3n: Disponer todos los vegetales en un recipiente y mezclar. [&hellip;]\" \/>\n<meta property=\"og:url\" content=\"https:\/\/tuguia.combarranquilla.co\/Revista\/sorprende-a-tus-seres-queridos-con-una-deliciosa-cena-navidena\/\" \/>\n<meta property=\"og:site_name\" content=\"Tu Gu\u00eda\" \/>\n<meta property=\"article:published_time\" content=\"2023-12-04T21:41:16+00:00\" \/>\n<meta property=\"article:modified_time\" content=\"2023-12-04T21:41:17+00:00\" \/>\n<meta property=\"og:image\" content=\"https:\/\/tuguia.combarranquilla.co\/Revista\/wp-content\/uploads\/2023\/12\/sabrosa-apetitosa-carne-cerdo-asada-verduras-dia-accion-gracias-cerca-scaled.jpg\" \/>\n\t<meta property=\"og:image:width\" content=\"2560\" \/>\n\t<meta property=\"og:image:height\" content=\"1707\" \/>\n\t<meta property=\"og:image:type\" content=\"image\/jpeg\" \/>\n<meta name=\"author\" content=\"Comunicaciones Combarranquilla\" \/>\n<meta name=\"twitter:card\" content=\"summary_large_image\" \/>\n<meta name=\"twitter:label1\" content=\"Escrito por\" \/>\n\t<meta name=\"twitter:data1\" content=\"Comunicaciones Combarranquilla\" \/>\n\t<meta name=\"twitter:label2\" content=\"Tiempo de lectura\" \/>\n\t<meta name=\"twitter:data2\" content=\"2 minutos\" \/>\n<script type=\"application\/ld+json\" class=\"yoast-schema-graph\">{\"@context\":\"https:\\\/\\\/schema.org\",\"@graph\":[{\"@type\":\"Article\",\"@id\":\"https:\\\/\\\/tuguia.combarranquilla.co\\\/Revista\\\/sorprende-a-tus-seres-queridos-con-una-deliciosa-cena-navidena\\\/#article\",\"isPartOf\":{\"@id\":\"https:\\\/\\\/tuguia.combarranquilla.co\\\/Revista\\\/sorprende-a-tus-seres-queridos-con-una-deliciosa-cena-navidena\\\/\"},\"author\":{\"name\":\"Comunicaciones Combarranquilla\",\"@id\":\"https:\\\/\\\/tuguia.combarranquilla.co\\\/Revista\\\/#\\\/schema\\\/person\\\/c2c396a77170bd1d5f8ba73294eb0d10\"},\"headline\":\"Sorprende a tus seres queridos con una deliciosa cena navide\u00f1a.\",\"datePublished\":\"2023-12-04T21:41:16+00:00\",\"dateModified\":\"2023-12-04T21:41:17+00:00\",\"mainEntityOfPage\":{\"@id\":\"https:\\\/\\\/tuguia.combarranquilla.co\\\/Revista\\\/sorprende-a-tus-seres-queridos-con-una-deliciosa-cena-navidena\\\/\"},\"wordCount\":336,\"commentCount\":0,\"publisher\":{\"@id\":\"https:\\\/\\\/tuguia.combarranquilla.co\\\/Revista\\\/#organization\"},\"image\":{\"@id\":\"https:\\\/\\\/tuguia.combarranquilla.co\\\/Revista\\\/sorprende-a-tus-seres-queridos-con-una-deliciosa-cena-navidena\\\/#primaryimage\"},\"thumbnailUrl\":\"https:\\\/\\\/tuguia.combarranquilla.co\\\/Revista\\\/wp-content\\\/uploads\\\/2023\\\/12\\\/sabrosa-apetitosa-carne-cerdo-asada-verduras-dia-accion-gracias-cerca-scaled.jpg\",\"articleSection\":[\"MIRADOR GASTRON\u00d3MICO\"],\"inLanguage\":\"es-CO\",\"potentialAction\":[{\"@type\":\"CommentAction\",\"name\":\"Comment\",\"target\":[\"https:\\\/\\\/tuguia.combarranquilla.co\\\/Revista\\\/sorprende-a-tus-seres-queridos-con-una-deliciosa-cena-navidena\\\/#respond\"]}]},{\"@type\":\"WebPage\",\"@id\":\"https:\\\/\\\/tuguia.combarranquilla.co\\\/Revista\\\/sorprende-a-tus-seres-queridos-con-una-deliciosa-cena-navidena\\\/\",\"url\":\"https:\\\/\\\/tuguia.combarranquilla.co\\\/Revista\\\/sorprende-a-tus-seres-queridos-con-una-deliciosa-cena-navidena\\\/\",\"name\":\"Sorprende a tus seres queridos con una deliciosa cena navide\u00f1a. - Tu Gu\u00eda\",\"isPartOf\":{\"@id\":\"https:\\\/\\\/tuguia.combarranquilla.co\\\/Revista\\\/#website\"},\"primaryImageOfPage\":{\"@id\":\"https:\\\/\\\/tuguia.combarranquilla.co\\\/Revista\\\/sorprende-a-tus-seres-queridos-con-una-deliciosa-cena-navidena\\\/#primaryimage\"},\"image\":{\"@id\":\"https:\\\/\\\/tuguia.combarranquilla.co\\\/Revista\\\/sorprende-a-tus-seres-queridos-con-una-deliciosa-cena-navidena\\\/#primaryimage\"},\"thumbnailUrl\":\"https:\\\/\\\/tuguia.combarranquilla.co\\\/Revista\\\/wp-content\\\/uploads\\\/2023\\\/12\\\/sabrosa-apetitosa-carne-cerdo-asada-verduras-dia-accion-gracias-cerca-scaled.jpg\",\"datePublished\":\"2023-12-04T21:41:16+00:00\",\"dateModified\":\"2023-12-04T21:41:17+00:00\",\"breadcrumb\":{\"@id\":\"https:\\\/\\\/tuguia.combarranquilla.co\\\/Revista\\\/sorprende-a-tus-seres-queridos-con-una-deliciosa-cena-navidena\\\/#breadcrumb\"},\"inLanguage\":\"es-CO\",\"potentialAction\":[{\"@type\":\"ReadAction\",\"target\":[\"https:\\\/\\\/tuguia.combarranquilla.co\\\/Revista\\\/sorprende-a-tus-seres-queridos-con-una-deliciosa-cena-navidena\\\/\"]}]},{\"@type\":\"ImageObject\",\"inLanguage\":\"es-CO\",\"@id\":\"https:\\\/\\\/tuguia.combarranquilla.co\\\/Revista\\\/sorprende-a-tus-seres-queridos-con-una-deliciosa-cena-navidena\\\/#primaryimage\",\"url\":\"https:\\\/\\\/tuguia.combarranquilla.co\\\/Revista\\\/wp-content\\\/uploads\\\/2023\\\/12\\\/sabrosa-apetitosa-carne-cerdo-asada-verduras-dia-accion-gracias-cerca-scaled.jpg\",\"contentUrl\":\"https:\\\/\\\/tuguia.combarranquilla.co\\\/Revista\\\/wp-content\\\/uploads\\\/2023\\\/12\\\/sabrosa-apetitosa-carne-cerdo-asada-verduras-dia-accion-gracias-cerca-scaled.jpg\",\"width\":2560,\"height\":1707,\"caption\":\"*Imagen de Referencia\"},{\"@type\":\"BreadcrumbList\",\"@id\":\"https:\\\/\\\/tuguia.combarranquilla.co\\\/Revista\\\/sorprende-a-tus-seres-queridos-con-una-deliciosa-cena-navidena\\\/#breadcrumb\",\"itemListElement\":[{\"@type\":\"ListItem\",\"position\":1,\"name\":\"Inicio\",\"item\":\"https:\\\/\\\/tuguia.combarranquilla.co\\\/Revista\\\/\"},{\"@type\":\"ListItem\",\"position\":2,\"name\":\"Sorprende a tus seres queridos con una deliciosa cena navide\u00f1a.\"}]},{\"@type\":\"WebSite\",\"@id\":\"https:\\\/\\\/tuguia.combarranquilla.co\\\/Revista\\\/#website\",\"url\":\"https:\\\/\\\/tuguia.combarranquilla.co\\\/Revista\\\/\",\"name\":\"Tu Gu\u00eda\",\"description\":\"La revista donde lo tienes todo.\",\"publisher\":{\"@id\":\"https:\\\/\\\/tuguia.combarranquilla.co\\\/Revista\\\/#organization\"},\"alternateName\":\"Tu Gu\u00eda Combarranquilla\",\"potentialAction\":[{\"@type\":\"SearchAction\",\"target\":{\"@type\":\"EntryPoint\",\"urlTemplate\":\"https:\\\/\\\/tuguia.combarranquilla.co\\\/Revista\\\/?s={search_term_string}\"},\"query-input\":{\"@type\":\"PropertyValueSpecification\",\"valueRequired\":true,\"valueName\":\"search_term_string\"}}],\"inLanguage\":\"es-CO\"},{\"@type\":\"Organization\",\"@id\":\"https:\\\/\\\/tuguia.combarranquilla.co\\\/Revista\\\/#organization\",\"name\":\"Tu Gu\u00eda Combarranquilla\",\"url\":\"https:\\\/\\\/tuguia.combarranquilla.co\\\/Revista\\\/\",\"logo\":{\"@type\":\"ImageObject\",\"inLanguage\":\"es-CO\",\"@id\":\"https:\\\/\\\/tuguia.combarranquilla.co\\\/Revista\\\/#\\\/schema\\\/logo\\\/image\\\/\",\"url\":\"https:\\\/\\\/tuguia.combarranquilla.co\\\/Revista\\\/wp-content\\\/uploads\\\/2022\\\/02\\\/logo-guia-combarranquilla.svg\",\"contentUrl\":\"https:\\\/\\\/tuguia.combarranquilla.co\\\/Revista\\\/wp-content\\\/uploads\\\/2022\\\/02\\\/logo-guia-combarranquilla.svg\",\"caption\":\"Tu Gu\u00eda Combarranquilla\"},\"image\":{\"@id\":\"https:\\\/\\\/tuguia.combarranquilla.co\\\/Revista\\\/#\\\/schema\\\/logo\\\/image\\\/\"}},{\"@type\":\"Person\",\"@id\":\"https:\\\/\\\/tuguia.combarranquilla.co\\\/Revista\\\/#\\\/schema\\\/person\\\/c2c396a77170bd1d5f8ba73294eb0d10\",\"name\":\"Comunicaciones Combarranquilla\",\"image\":{\"@type\":\"ImageObject\",\"inLanguage\":\"es-CO\",\"@id\":\"https:\\\/\\\/tuguia.combarranquilla.co\\\/Revista\\\/wp-content\\\/uploads\\\/2025\\\/05\\\/ABC-Al-Rojo-Logo-96x96.jpg\",\"url\":\"https:\\\/\\\/tuguia.combarranquilla.co\\\/Revista\\\/wp-content\\\/uploads\\\/2025\\\/05\\\/ABC-Al-Rojo-Logo-96x96.jpg\",\"contentUrl\":\"https:\\\/\\\/tuguia.combarranquilla.co\\\/Revista\\\/wp-content\\\/uploads\\\/2025\\\/05\\\/ABC-Al-Rojo-Logo-96x96.jpg\",\"caption\":\"Comunicaciones Combarranquilla\"},\"sameAs\":[\"https:\\\/\\\/www.combarranquilla.co\"],\"url\":\"https:\\\/\\\/tuguia.combarranquilla.co\\\/Revista\\\/author\\\/comunicaciones\\\/\"}]}<\/script>\n<!-- \/ Yoast SEO plugin. -->","yoast_head_json":{"title":"Sorprende a tus seres queridos con una deliciosa cena navide\u00f1a. - Tu Gu\u00eda","robots":{"index":"index","follow":"follow","max-snippet":"max-snippet:-1","max-image-preview":"max-image-preview:large","max-video-preview":"max-video-preview:-1"},"canonical":"https:\/\/tuguia.combarranquilla.co\/Revista\/sorprende-a-tus-seres-queridos-con-una-deliciosa-cena-navidena\/","og_locale":"es_ES","og_type":"article","og_title":"Sorprende a tus seres queridos con una deliciosa cena navide\u00f1a. - Tu Gu\u00eda","og_description":"Diciembre, mes para compartir en familia y amigos por eso hoy te recomendamos una espectacular receta para sorprender a tus seres queridos en esta temporada especial. Prep\u00e1rala y disfr\u00fatala. Langostinos a la Crema Preparaci\u00f3n: Lomo de Cerdo Acaramelado Preparaci\u00f3n: Pur\u00e9 de Papa Preparaci\u00f3n: Ensalada Griega Preparaci\u00f3n: Disponer todos los vegetales en un recipiente y mezclar. [&hellip;]","og_url":"https:\/\/tuguia.combarranquilla.co\/Revista\/sorprende-a-tus-seres-queridos-con-una-deliciosa-cena-navidena\/","og_site_name":"Tu Gu\u00eda","article_published_time":"2023-12-04T21:41:16+00:00","article_modified_time":"2023-12-04T21:41:17+00:00","og_image":[{"width":2560,"height":1707,"url":"https:\/\/tuguia.combarranquilla.co\/Revista\/wp-content\/uploads\/2023\/12\/sabrosa-apetitosa-carne-cerdo-asada-verduras-dia-accion-gracias-cerca-scaled.jpg","type":"image\/jpeg"}],"author":"Comunicaciones Combarranquilla","twitter_card":"summary_large_image","twitter_misc":{"Escrito por":"Comunicaciones Combarranquilla","Tiempo de lectura":"2 minutos"},"schema":{"@context":"https:\/\/schema.org","@graph":[{"@type":"Article","@id":"https:\/\/tuguia.combarranquilla.co\/Revista\/sorprende-a-tus-seres-queridos-con-una-deliciosa-cena-navidena\/#article","isPartOf":{"@id":"https:\/\/tuguia.combarranquilla.co\/Revista\/sorprende-a-tus-seres-queridos-con-una-deliciosa-cena-navidena\/"},"author":{"name":"Comunicaciones Combarranquilla","@id":"https:\/\/tuguia.combarranquilla.co\/Revista\/#\/schema\/person\/c2c396a77170bd1d5f8ba73294eb0d10"},"headline":"Sorprende a tus seres queridos con una deliciosa cena navide\u00f1a.","datePublished":"2023-12-04T21:41:16+00:00","dateModified":"2023-12-04T21:41:17+00:00","mainEntityOfPage":{"@id":"https:\/\/tuguia.combarranquilla.co\/Revista\/sorprende-a-tus-seres-queridos-con-una-deliciosa-cena-navidena\/"},"wordCount":336,"commentCount":0,"publisher":{"@id":"https:\/\/tuguia.combarranquilla.co\/Revista\/#organization"},"image":{"@id":"https:\/\/tuguia.combarranquilla.co\/Revista\/sorprende-a-tus-seres-queridos-con-una-deliciosa-cena-navidena\/#primaryimage"},"thumbnailUrl":"https:\/\/tuguia.combarranquilla.co\/Revista\/wp-content\/uploads\/2023\/12\/sabrosa-apetitosa-carne-cerdo-asada-verduras-dia-accion-gracias-cerca-scaled.jpg","articleSection":["MIRADOR GASTRON\u00d3MICO"],"inLanguage":"es-CO","potentialAction":[{"@type":"CommentAction","name":"Comment","target":["https:\/\/tuguia.combarranquilla.co\/Revista\/sorprende-a-tus-seres-queridos-con-una-deliciosa-cena-navidena\/#respond"]}]},{"@type":"WebPage","@id":"https:\/\/tuguia.combarranquilla.co\/Revista\/sorprende-a-tus-seres-queridos-con-una-deliciosa-cena-navidena\/","url":"https:\/\/tuguia.combarranquilla.co\/Revista\/sorprende-a-tus-seres-queridos-con-una-deliciosa-cena-navidena\/","name":"Sorprende a tus seres queridos con una deliciosa cena navide\u00f1a. - Tu Gu\u00eda","isPartOf":{"@id":"https:\/\/tuguia.combarranquilla.co\/Revista\/#website"},"primaryImageOfPage":{"@id":"https:\/\/tuguia.combarranquilla.co\/Revista\/sorprende-a-tus-seres-queridos-con-una-deliciosa-cena-navidena\/#primaryimage"},"image":{"@id":"https:\/\/tuguia.combarranquilla.co\/Revista\/sorprende-a-tus-seres-queridos-con-una-deliciosa-cena-navidena\/#primaryimage"},"thumbnailUrl":"https:\/\/tuguia.combarranquilla.co\/Revista\/wp-content\/uploads\/2023\/12\/sabrosa-apetitosa-carne-cerdo-asada-verduras-dia-accion-gracias-cerca-scaled.jpg","datePublished":"2023-12-04T21:41:16+00:00","dateModified":"2023-12-04T21:41:17+00:00","breadcrumb":{"@id":"https:\/\/tuguia.combarranquilla.co\/Revista\/sorprende-a-tus-seres-queridos-con-una-deliciosa-cena-navidena\/#breadcrumb"},"inLanguage":"es-CO","potentialAction":[{"@type":"ReadAction","target":["https:\/\/tuguia.combarranquilla.co\/Revista\/sorprende-a-tus-seres-queridos-con-una-deliciosa-cena-navidena\/"]}]},{"@type":"ImageObject","inLanguage":"es-CO","@id":"https:\/\/tuguia.combarranquilla.co\/Revista\/sorprende-a-tus-seres-queridos-con-una-deliciosa-cena-navidena\/#primaryimage","url":"https:\/\/tuguia.combarranquilla.co\/Revista\/wp-content\/uploads\/2023\/12\/sabrosa-apetitosa-carne-cerdo-asada-verduras-dia-accion-gracias-cerca-scaled.jpg","contentUrl":"https:\/\/tuguia.combarranquilla.co\/Revista\/wp-content\/uploads\/2023\/12\/sabrosa-apetitosa-carne-cerdo-asada-verduras-dia-accion-gracias-cerca-scaled.jpg","width":2560,"height":1707,"caption":"*Imagen de Referencia"},{"@type":"BreadcrumbList","@id":"https:\/\/tuguia.combarranquilla.co\/Revista\/sorprende-a-tus-seres-queridos-con-una-deliciosa-cena-navidena\/#breadcrumb","itemListElement":[{"@type":"ListItem","position":1,"name":"Inicio","item":"https:\/\/tuguia.combarranquilla.co\/Revista\/"},{"@type":"ListItem","position":2,"name":"Sorprende a tus seres queridos con una deliciosa cena navide\u00f1a."}]},{"@type":"WebSite","@id":"https:\/\/tuguia.combarranquilla.co\/Revista\/#website","url":"https:\/\/tuguia.combarranquilla.co\/Revista\/","name":"Tu Gu\u00eda","description":"La revista donde lo tienes todo.","publisher":{"@id":"https:\/\/tuguia.combarranquilla.co\/Revista\/#organization"},"alternateName":"Tu Gu\u00eda Combarranquilla","potentialAction":[{"@type":"SearchAction","target":{"@type":"EntryPoint","urlTemplate":"https:\/\/tuguia.combarranquilla.co\/Revista\/?s={search_term_string}"},"query-input":{"@type":"PropertyValueSpecification","valueRequired":true,"valueName":"search_term_string"}}],"inLanguage":"es-CO"},{"@type":"Organization","@id":"https:\/\/tuguia.combarranquilla.co\/Revista\/#organization","name":"Tu Gu\u00eda Combarranquilla","url":"https:\/\/tuguia.combarranquilla.co\/Revista\/","logo":{"@type":"ImageObject","inLanguage":"es-CO","@id":"https:\/\/tuguia.combarranquilla.co\/Revista\/#\/schema\/logo\/image\/","url":"https:\/\/tuguia.combarranquilla.co\/Revista\/wp-content\/uploads\/2022\/02\/logo-guia-combarranquilla.svg","contentUrl":"https:\/\/tuguia.combarranquilla.co\/Revista\/wp-content\/uploads\/2022\/02\/logo-guia-combarranquilla.svg","caption":"Tu Gu\u00eda Combarranquilla"},"image":{"@id":"https:\/\/tuguia.combarranquilla.co\/Revista\/#\/schema\/logo\/image\/"}},{"@type":"Person","@id":"https:\/\/tuguia.combarranquilla.co\/Revista\/#\/schema\/person\/c2c396a77170bd1d5f8ba73294eb0d10","name":"Comunicaciones Combarranquilla","image":{"@type":"ImageObject","inLanguage":"es-CO","@id":"https:\/\/tuguia.combarranquilla.co\/Revista\/wp-content\/uploads\/2025\/05\/ABC-Al-Rojo-Logo-96x96.jpg","url":"https:\/\/tuguia.combarranquilla.co\/Revista\/wp-content\/uploads\/2025\/05\/ABC-Al-Rojo-Logo-96x96.jpg","contentUrl":"https:\/\/tuguia.combarranquilla.co\/Revista\/wp-content\/uploads\/2025\/05\/ABC-Al-Rojo-Logo-96x96.jpg","caption":"Comunicaciones Combarranquilla"},"sameAs":["https:\/\/www.combarranquilla.co"],"url":"https:\/\/tuguia.combarranquilla.co\/Revista\/author\/comunicaciones\/"}]}},"_links":{"self":[{"href":"https:\/\/tuguia.combarranquilla.co\/Revista\/wp-json\/wp\/v2\/posts\/3188","targetHints":{"allow":["GET"]}}],"collection":[{"href":"https:\/\/tuguia.combarranquilla.co\/Revista\/wp-json\/wp\/v2\/posts"}],"about":[{"href":"https:\/\/tuguia.combarranquilla.co\/Revista\/wp-json\/wp\/v2\/types\/post"}],"author":[{"embeddable":true,"href":"https:\/\/tuguia.combarranquilla.co\/Revista\/wp-json\/wp\/v2\/users\/2"}],"replies":[{"embeddable":true,"href":"https:\/\/tuguia.combarranquilla.co\/Revista\/wp-json\/wp\/v2\/comments?post=3188"}],"version-history":[{"count":10,"href":"https:\/\/tuguia.combarranquilla.co\/Revista\/wp-json\/wp\/v2\/posts\/3188\/revisions"}],"predecessor-version":[{"id":3212,"href":"https:\/\/tuguia.combarranquilla.co\/Revista\/wp-json\/wp\/v2\/posts\/3188\/revisions\/3212"}],"wp:featuredmedia":[{"embeddable":true,"href":"https:\/\/tuguia.combarranquilla.co\/Revista\/wp-json\/wp\/v2\/media\/3189"}],"wp:attachment":[{"href":"https:\/\/tuguia.combarranquilla.co\/Revista\/wp-json\/wp\/v2\/media?parent=3188"}],"wp:term":[{"taxonomy":"category","embeddable":true,"href":"https:\/\/tuguia.combarranquilla.co\/Revista\/wp-json\/wp\/v2\/categories?post=3188"},{"taxonomy":"post_tag","embeddable":true,"href":"https:\/\/tuguia.combarranquilla.co\/Revista\/wp-json\/wp\/v2\/tags?post=3188"}],"curies":[{"name":"wp","href":"https:\/\/api.w.org\/{rel}","templated":true}]}}