{"id":3202,"date":"2023-12-05T09:35:10","date_gmt":"2023-12-05T14:35:10","guid":{"rendered":"https:\/\/tuguia.combarranquilla.co\/Revista\/?p=3202"},"modified":"2023-12-05T09:37:13","modified_gmt":"2023-12-05T14:37:13","slug":"trabajar-con-proposito-permite-transformar-vidas","status":"publish","type":"post","link":"https:\/\/tuguia.combarranquilla.co\/Revista\/trabajar-con-proposito-permite-transformar-vidas\/","title":{"rendered":"Trabajar con prop\u00f3sito permite transformar vidas"},"content":{"rendered":"\n<p>Garantizar la integridad f\u00edsica, educativa y emocional de poblaciones vulnerables, adultos mayores y personas en condici\u00f3n de discapacidad es un privilegio para Combarranquilla. D\u00eda a d\u00eda, se levantan con la mente fija en ese prop\u00f3sito; buscando transformar vidas en cada rinc\u00f3n del departamento del Atl\u00e1ntico.<\/p>\n\n\n\n<h2 class=\"wp-block-heading\">JEC (Jornada Escolar Complementaria)<\/h2>\n\n\n\n<p>Mediante el fondo de ley FONI\u00d1EZ, los j\u00f3venes que participan en el JEC no solo tienen la oportunidad de adquirir y fortalecer sus conocimientos en diversas \u00e1reas relacionadas con actividades l\u00fadicas, art\u00edsticas y deportivas, sino que tambi\u00e9n reciben una s\u00f3lida formaci\u00f3n en valores fundamentales que le aportan a su desarrollo personal, \u00e9tico y moral.<\/p>\n\n\n\n<p>Este programa se ejecuta&nbsp;en convenio con instituciones ubicadas en los municipios de Repel\u00f3n, Puerto Colombia, Candelaria, Galapa, Luruaco, Pioj\u00f3, Palmar de Varela, Polonuevo, Juan de Acosta, Puerto Colombia, Sabanagrande, Sabanalarga, Malambo, Soledad y el Distrito de Barranquilla.<\/p>\n\n\n<div class=\"wp-block-image\">\n<figure class=\"aligncenter size-large is-resized\"><img decoding=\"async\" width=\"819\" height=\"1024\" data-src=\"https:\/\/tuguia.combarranquilla.co\/Revista\/wp-content\/uploads\/2023\/12\/Programa-Soicial-Inclusion-03-819x1024.png\" alt=\"\" class=\"wp-image-3205 lazyload\" style=\"--smush-placeholder-width: 819px; --smush-placeholder-aspect-ratio: 819\/1024;width:362px;height:auto\" data-srcset=\"https:\/\/tuguia.combarranquilla.co\/Revista\/wp-content\/uploads\/2023\/12\/Programa-Soicial-Inclusion-03-819x1024.png 819w, https:\/\/tuguia.combarranquilla.co\/Revista\/wp-content\/uploads\/2023\/12\/Programa-Soicial-Inclusion-03-240x300.png 240w, https:\/\/tuguia.combarranquilla.co\/Revista\/wp-content\/uploads\/2023\/12\/Programa-Soicial-Inclusion-03-768x960.png 768w, https:\/\/tuguia.combarranquilla.co\/Revista\/wp-content\/uploads\/2023\/12\/Programa-Soicial-Inclusion-03-1229x1536.png 1229w, https:\/\/tuguia.combarranquilla.co\/Revista\/wp-content\/uploads\/2023\/12\/Programa-Soicial-Inclusion-03-1638x2048.png 1638w, https:\/\/tuguia.combarranquilla.co\/Revista\/wp-content\/uploads\/2023\/12\/Programa-Soicial-Inclusion-03.png 1800w\" data-sizes=\"(max-width: 819px) 100vw, 819px\" src=\"data:image\/svg+xml;base64,PHN2ZyB3aWR0aD0iMSIgaGVpZ2h0PSIxIiB4bWxucz0iaHR0cDovL3d3dy53My5vcmcvMjAwMC9zdmciPjwvc3ZnPg==\" \/><\/figure><\/div>\n\n\n<p><\/p>\n\n\n\n<h2 class=\"wp-block-heading\">AIPI (Atenci\u00f3n integral a la ni\u00f1ez)<\/h2>\n\n\n\n<p>El equipo de educadores, madres comunitarias, psic\u00f3logos y pedagogos se dedican a formar ni\u00f1os entre los 2 y 6 a\u00f1os, a trav\u00e9s de diferentes modalidades como la danza, m\u00fasica, gimnasia, futbol, ciencia y tecnolog\u00eda. &#8220;<em>Estas herramientas no solo enriquecen su desarrollo social y cognitivo, sino que tambi\u00e9n los empoderan como futuros agentes de cambio<\/em>&#8220;, se\u00f1al\u00f3 Ernesto Herrera, director de Combarranquilla. <\/p>\n\n\n<div class=\"wp-block-image\">\n<figure class=\"aligncenter size-large is-resized\"><img decoding=\"async\" width=\"1024\" height=\"661\" data-src=\"https:\/\/tuguia.combarranquilla.co\/Revista\/wp-content\/uploads\/2023\/12\/image_123650291-9-1024x661.jpg\" alt=\"\" class=\"wp-image-3244 lazyload\" style=\"--smush-placeholder-width: 1024px; --smush-placeholder-aspect-ratio: 1024\/661;width:465px;height:auto\" data-srcset=\"https:\/\/tuguia.combarranquilla.co\/Revista\/wp-content\/uploads\/2023\/12\/image_123650291-9-1024x661.jpg 1024w, https:\/\/tuguia.combarranquilla.co\/Revista\/wp-content\/uploads\/2023\/12\/image_123650291-9-300x194.jpg 300w, https:\/\/tuguia.combarranquilla.co\/Revista\/wp-content\/uploads\/2023\/12\/image_123650291-9-768x496.jpg 768w, https:\/\/tuguia.combarranquilla.co\/Revista\/wp-content\/uploads\/2023\/12\/image_123650291-9.jpg 1102w\" data-sizes=\"(max-width: 1024px) 100vw, 1024px\" src=\"data:image\/svg+xml;base64,PHN2ZyB3aWR0aD0iMSIgaGVpZ2h0PSIxIiB4bWxucz0iaHR0cDovL3d3dy53My5vcmcvMjAwMC9zdmciPjwvc3ZnPg==\" \/><\/figure><\/div>\n\n\n<p><\/p>\n\n\n\n<p>De acuerdo con Herrera, &#8220;<em>Trabajar de la mano con otras entidades nacionales y territoriales nos ha permitido construir a una sociedad en el que los ni\u00f1os y adolescentes sean la base principal del pa\u00eds. Con los Programas JEC y AIPI, Combarranquilla busca llegar a miles de hogares Atlanticenses para impulsar y fortalecer las capacidades comunicativas y sociales de ni\u00f1os y jovenes; ense\u00f1ando a los m\u00e1s grandes a hacer buen uso del tiempo libre y a fortalecer sus competencias b\u00e1sicas y ciudadanas&#8221;. <\/em><\/p>\n\n\n\n<h2 class=\"wp-block-heading\">Adulto mayor<\/h2>\n\n\n\n<p>A trav\u00e9s de este programa integral, se promueve el bienestar f\u00edsico y mental de adultos mayores de 60 a\u00f1os, con el objetivo de fomentar la pr\u00e1ctica de la actividad f\u00edsica, la recreaci\u00f3n y la calidad de vida.<\/p>\n\n\n\n<p>Carmen Fontalvo, Coordinadora de Biblioteca y Cultura en Combarranquilla destac\u00f3 que &#8220;<em>este programa ha cambiado las vidas de cada uno de ellos. Aqu\u00ed, se sienten productivos y logran disfrutar en familia. Es un espacio de aprendizaje y entretenimiento, con acceso a cursos de nataci\u00f3n, cocina, gimnasio, pintura, bisuter\u00eda, entre otros&#8221;. <\/em><\/p>\n\n\n<div class=\"wp-block-image\">\n<figure class=\"aligncenter size-large is-resized\"><img decoding=\"async\" width=\"1024\" height=\"553\" data-src=\"https:\/\/tuguia.combarranquilla.co\/Revista\/wp-content\/uploads\/2023\/12\/image_123650291-10-1-1024x553.jpg\" alt=\"\" class=\"wp-image-3246 lazyload\" style=\"--smush-placeholder-width: 1024px; --smush-placeholder-aspect-ratio: 1024\/553;width:543px;height:auto\" data-srcset=\"https:\/\/tuguia.combarranquilla.co\/Revista\/wp-content\/uploads\/2023\/12\/image_123650291-10-1-1024x553.jpg 1024w, https:\/\/tuguia.combarranquilla.co\/Revista\/wp-content\/uploads\/2023\/12\/image_123650291-10-1-300x162.jpg 300w, https:\/\/tuguia.combarranquilla.co\/Revista\/wp-content\/uploads\/2023\/12\/image_123650291-10-1-768x415.jpg 768w, https:\/\/tuguia.combarranquilla.co\/Revista\/wp-content\/uploads\/2023\/12\/image_123650291-10-1.jpg 1284w\" data-sizes=\"(max-width: 1024px) 100vw, 1024px\" src=\"data:image\/svg+xml;base64,PHN2ZyB3aWR0aD0iMSIgaGVpZ2h0PSIxIiB4bWxucz0iaHR0cDovL3d3dy53My5vcmcvMjAwMC9zdmciPjwvc3ZnPg==\" \/><\/figure><\/div>\n\n\n<p><\/p>\n\n\n\n<h2 class=\"wp-block-heading\">Personas en condici\u00f3n de discapacidad<\/h2>\n\n\n\n<p>La inclusi\u00f3n es un tema fundamental para Combarranquilla. Por medio de este programa se brinda un apoyo educativo a personas con diferentes tipos de discapacidades como son f\u00edsicas, sensoriales, ps\u00edquicas, sensitivas o emocionales. Esto, mediante talleres de pintura, danza, inform\u00e1tica, estimulaci\u00f3n musical, bisuter\u00eda, de habilidades sociales y cursos de nataci\u00f3n.<\/p>\n\n\n<div class=\"wp-block-image\">\n<figure class=\"aligncenter size-full is-resized\"><img decoding=\"async\" width=\"415\" height=\"184\" data-src=\"https:\/\/tuguia.combarranquilla.co\/Revista\/wp-content\/uploads\/2023\/12\/Captura-de-pantalla-2023-12-05-092403.png\" alt=\"\" class=\"wp-image-3269 lazyload\" style=\"--smush-placeholder-width: 415px; --smush-placeholder-aspect-ratio: 415\/184;width:532px;height:auto\" data-srcset=\"https:\/\/tuguia.combarranquilla.co\/Revista\/wp-content\/uploads\/2023\/12\/Captura-de-pantalla-2023-12-05-092403.png 415w, https:\/\/tuguia.combarranquilla.co\/Revista\/wp-content\/uploads\/2023\/12\/Captura-de-pantalla-2023-12-05-092403-300x133.png 300w\" data-sizes=\"(max-width: 415px) 100vw, 415px\" src=\"data:image\/svg+xml;base64,PHN2ZyB3aWR0aD0iMSIgaGVpZ2h0PSIxIiB4bWxucz0iaHR0cDovL3d3dy53My5vcmcvMjAwMC9zdmciPjwvc3ZnPg==\" \/><\/figure><\/div>\n\n\n<p><\/p>\n\n\n\n<p>La iniciativa de incorporar este tipo de poblaciones en la Caja demuestra una amplia visi\u00f3n corporativa que contribuye al fortalecimiento de una sociedad m\u00e1s inclusiva y diversa. &#8220;<em>Hemos contado con la fortuna de encontrar historias de transformaci\u00f3n que d\u00eda a d\u00eda nos motivan a seguir mejorando, aprendiendo y fortaleciendo cada proceso para brindar un servicio de calidad<\/em>&#8220;, se\u00f1al\u00f3 Ernesto, destacando que Combarranquilla continuar\u00e1 trabajando proactivamente por y para sus afiliados. <\/p>\n\n\n\n<p><\/p>\n\n\n\n<figure class=\"wp-block-gallery alignwide has-nested-images columns-default is-cropped wp-block-gallery-1 is-layout-flex wp-block-gallery-is-layout-flex\">\n<figure class=\"wp-block-image size-large\"><img decoding=\"async\" width=\"819\" height=\"1024\" data-id=\"3226\" data-src=\"https:\/\/tuguia.combarranquilla.co\/Revista\/wp-content\/uploads\/2023\/12\/Programa-Soicial-Inclusion-02-819x1024.png\" alt=\"\" class=\"wp-image-3226 lazyload\" data-srcset=\"https:\/\/tuguia.combarranquilla.co\/Revista\/wp-content\/uploads\/2023\/12\/Programa-Soicial-Inclusion-02-819x1024.png 819w, https:\/\/tuguia.combarranquilla.co\/Revista\/wp-content\/uploads\/2023\/12\/Programa-Soicial-Inclusion-02-240x300.png 240w, https:\/\/tuguia.combarranquilla.co\/Revista\/wp-content\/uploads\/2023\/12\/Programa-Soicial-Inclusion-02-768x960.png 768w, https:\/\/tuguia.combarranquilla.co\/Revista\/wp-content\/uploads\/2023\/12\/Programa-Soicial-Inclusion-02-1229x1536.png 1229w, https:\/\/tuguia.combarranquilla.co\/Revista\/wp-content\/uploads\/2023\/12\/Programa-Soicial-Inclusion-02-1638x2048.png 1638w, https:\/\/tuguia.combarranquilla.co\/Revista\/wp-content\/uploads\/2023\/12\/Programa-Soicial-Inclusion-02.png 1800w\" data-sizes=\"(max-width: 819px) 100vw, 819px\" src=\"data:image\/svg+xml;base64,PHN2ZyB3aWR0aD0iMSIgaGVpZ2h0PSIxIiB4bWxucz0iaHR0cDovL3d3dy53My5vcmcvMjAwMC9zdmciPjwvc3ZnPg==\" style=\"--smush-placeholder-width: 819px; --smush-placeholder-aspect-ratio: 819\/1024;\" \/><\/figure>\n\n\n\n<figure class=\"wp-block-image size-large\"><img decoding=\"async\" width=\"819\" height=\"1024\" data-id=\"3227\" data-src=\"https:\/\/tuguia.combarranquilla.co\/Revista\/wp-content\/uploads\/2023\/12\/Programa-Soicial-Inclusion-04-819x1024.png\" alt=\"\" class=\"wp-image-3227 lazyload\" data-srcset=\"https:\/\/tuguia.combarranquilla.co\/Revista\/wp-content\/uploads\/2023\/12\/Programa-Soicial-Inclusion-04-819x1024.png 819w, https:\/\/tuguia.combarranquilla.co\/Revista\/wp-content\/uploads\/2023\/12\/Programa-Soicial-Inclusion-04-240x300.png 240w, https:\/\/tuguia.combarranquilla.co\/Revista\/wp-content\/uploads\/2023\/12\/Programa-Soicial-Inclusion-04-768x960.png 768w, https:\/\/tuguia.combarranquilla.co\/Revista\/wp-content\/uploads\/2023\/12\/Programa-Soicial-Inclusion-04-1229x1536.png 1229w, https:\/\/tuguia.combarranquilla.co\/Revista\/wp-content\/uploads\/2023\/12\/Programa-Soicial-Inclusion-04-1638x2048.png 1638w, https:\/\/tuguia.combarranquilla.co\/Revista\/wp-content\/uploads\/2023\/12\/Programa-Soicial-Inclusion-04.png 1800w\" data-sizes=\"(max-width: 819px) 100vw, 819px\" src=\"data:image\/svg+xml;base64,PHN2ZyB3aWR0aD0iMSIgaGVpZ2h0PSIxIiB4bWxucz0iaHR0cDovL3d3dy53My5vcmcvMjAwMC9zdmciPjwvc3ZnPg==\" style=\"--smush-placeholder-width: 819px; --smush-placeholder-aspect-ratio: 819\/1024;\" \/><\/figure>\n<\/figure>\n\n\n\n<p><\/p>\n","protected":false},"excerpt":{"rendered":"<p>Garantizar la integridad f\u00edsica, educativa y emocional de poblaciones vulnerables, adultos mayores y personas en condici\u00f3n de discapacidad es un privilegio para Combarranquilla. D\u00eda a d\u00eda, se levantan con la mente fija en ese prop\u00f3sito; buscando transformar vidas en cada rinc\u00f3n del departamento del Atl\u00e1ntico. JEC (Jornada Escolar Complementaria) Mediante el fondo de ley FONI\u00d1EZ, [&hellip;]<\/p>\n","protected":false},"author":2,"featured_media":3203,"comment_status":"open","ping_status":"open","sticky":false,"template":"","format":"standard","meta":{"inline_featured_image":false,"footnotes":""},"categories":[7],"tags":[],"class_list":["post-3202","post","type-post","status-publish","format-standard","has-post-thumbnail","hentry","category-familia-combarranquilla"],"yoast_head":"<!-- This site is optimized with the Yoast SEO plugin v27.4 - https:\/\/yoast.com\/product\/yoast-seo-wordpress\/ -->\n<title>Trabajar con prop\u00f3sito permite transformar vidas - Tu Gu\u00eda<\/title>\n<meta name=\"robots\" content=\"index, follow, max-snippet:-1, max-image-preview:large, max-video-preview:-1\" \/>\n<link rel=\"canonical\" href=\"https:\/\/tuguia.combarranquilla.co\/Revista\/trabajar-con-proposito-permite-transformar-vidas\/\" \/>\n<meta property=\"og:locale\" content=\"es_ES\" \/>\n<meta property=\"og:type\" content=\"article\" \/>\n<meta property=\"og:title\" content=\"Trabajar con prop\u00f3sito permite transformar vidas - Tu Gu\u00eda\" \/>\n<meta property=\"og:description\" content=\"Garantizar la integridad f\u00edsica, educativa y emocional de poblaciones vulnerables, adultos mayores y personas en condici\u00f3n de discapacidad es un privilegio para Combarranquilla. D\u00eda a d\u00eda, se levantan con la mente fija en ese prop\u00f3sito; buscando transformar vidas en cada rinc\u00f3n del departamento del Atl\u00e1ntico. JEC (Jornada Escolar Complementaria) Mediante el fondo de ley FONI\u00d1EZ, [&hellip;]\" \/>\n<meta property=\"og:url\" content=\"https:\/\/tuguia.combarranquilla.co\/Revista\/trabajar-con-proposito-permite-transformar-vidas\/\" \/>\n<meta property=\"og:site_name\" content=\"Tu Gu\u00eda\" \/>\n<meta property=\"article:published_time\" content=\"2023-12-05T14:35:10+00:00\" \/>\n<meta property=\"article:modified_time\" content=\"2023-12-05T14:37:13+00:00\" \/>\n<meta property=\"og:image\" content=\"https:\/\/tuguia.combarranquilla.co\/Revista\/wp-content\/uploads\/2023\/12\/Programa-Soicial-Inclusion_Mesa-de-trabajo-1-819x1024.png\" \/>\n\t<meta property=\"og:image:width\" content=\"819\" \/>\n\t<meta property=\"og:image:height\" content=\"1024\" \/>\n\t<meta property=\"og:image:type\" content=\"image\/png\" \/>\n<meta name=\"author\" content=\"Comunicaciones Combarranquilla\" \/>\n<meta name=\"twitter:card\" content=\"summary_large_image\" \/>\n<meta name=\"twitter:label1\" content=\"Escrito por\" \/>\n\t<meta name=\"twitter:data1\" content=\"Comunicaciones Combarranquilla\" \/>\n\t<meta name=\"twitter:label2\" content=\"Tiempo de lectura\" \/>\n\t<meta name=\"twitter:data2\" content=\"3 minutos\" \/>\n<script type=\"application\/ld+json\" class=\"yoast-schema-graph\">{\"@context\":\"https:\\\/\\\/schema.org\",\"@graph\":[{\"@type\":\"Article\",\"@id\":\"https:\\\/\\\/tuguia.combarranquilla.co\\\/Revista\\\/trabajar-con-proposito-permite-transformar-vidas\\\/#article\",\"isPartOf\":{\"@id\":\"https:\\\/\\\/tuguia.combarranquilla.co\\\/Revista\\\/trabajar-con-proposito-permite-transformar-vidas\\\/\"},\"author\":{\"name\":\"Comunicaciones Combarranquilla\",\"@id\":\"https:\\\/\\\/tuguia.combarranquilla.co\\\/Revista\\\/#\\\/schema\\\/person\\\/c2c396a77170bd1d5f8ba73294eb0d10\"},\"headline\":\"Trabajar con prop\u00f3sito permite transformar vidas\",\"datePublished\":\"2023-12-05T14:35:10+00:00\",\"dateModified\":\"2023-12-05T14:37:13+00:00\",\"mainEntityOfPage\":{\"@id\":\"https:\\\/\\\/tuguia.combarranquilla.co\\\/Revista\\\/trabajar-con-proposito-permite-transformar-vidas\\\/\"},\"wordCount\":560,\"commentCount\":0,\"publisher\":{\"@id\":\"https:\\\/\\\/tuguia.combarranquilla.co\\\/Revista\\\/#organization\"},\"image\":{\"@id\":\"https:\\\/\\\/tuguia.combarranquilla.co\\\/Revista\\\/trabajar-con-proposito-permite-transformar-vidas\\\/#primaryimage\"},\"thumbnailUrl\":\"https:\\\/\\\/tuguia.combarranquilla.co\\\/Revista\\\/wp-content\\\/uploads\\\/2023\\\/12\\\/Programa-Soicial-Inclusion_Mesa-de-trabajo-1.png\",\"articleSection\":[\"FAMILIA COMBARRANQUILLA\"],\"inLanguage\":\"es-CO\",\"potentialAction\":[{\"@type\":\"CommentAction\",\"name\":\"Comment\",\"target\":[\"https:\\\/\\\/tuguia.combarranquilla.co\\\/Revista\\\/trabajar-con-proposito-permite-transformar-vidas\\\/#respond\"]}]},{\"@type\":\"WebPage\",\"@id\":\"https:\\\/\\\/tuguia.combarranquilla.co\\\/Revista\\\/trabajar-con-proposito-permite-transformar-vidas\\\/\",\"url\":\"https:\\\/\\\/tuguia.combarranquilla.co\\\/Revista\\\/trabajar-con-proposito-permite-transformar-vidas\\\/\",\"name\":\"Trabajar con prop\u00f3sito permite transformar vidas - Tu Gu\u00eda\",\"isPartOf\":{\"@id\":\"https:\\\/\\\/tuguia.combarranquilla.co\\\/Revista\\\/#website\"},\"primaryImageOfPage\":{\"@id\":\"https:\\\/\\\/tuguia.combarranquilla.co\\\/Revista\\\/trabajar-con-proposito-permite-transformar-vidas\\\/#primaryimage\"},\"image\":{\"@id\":\"https:\\\/\\\/tuguia.combarranquilla.co\\\/Revista\\\/trabajar-con-proposito-permite-transformar-vidas\\\/#primaryimage\"},\"thumbnailUrl\":\"https:\\\/\\\/tuguia.combarranquilla.co\\\/Revista\\\/wp-content\\\/uploads\\\/2023\\\/12\\\/Programa-Soicial-Inclusion_Mesa-de-trabajo-1.png\",\"datePublished\":\"2023-12-05T14:35:10+00:00\",\"dateModified\":\"2023-12-05T14:37:13+00:00\",\"breadcrumb\":{\"@id\":\"https:\\\/\\\/tuguia.combarranquilla.co\\\/Revista\\\/trabajar-con-proposito-permite-transformar-vidas\\\/#breadcrumb\"},\"inLanguage\":\"es-CO\",\"potentialAction\":[{\"@type\":\"ReadAction\",\"target\":[\"https:\\\/\\\/tuguia.combarranquilla.co\\\/Revista\\\/trabajar-con-proposito-permite-transformar-vidas\\\/\"]}]},{\"@type\":\"ImageObject\",\"inLanguage\":\"es-CO\",\"@id\":\"https:\\\/\\\/tuguia.combarranquilla.co\\\/Revista\\\/trabajar-con-proposito-permite-transformar-vidas\\\/#primaryimage\",\"url\":\"https:\\\/\\\/tuguia.combarranquilla.co\\\/Revista\\\/wp-content\\\/uploads\\\/2023\\\/12\\\/Programa-Soicial-Inclusion_Mesa-de-trabajo-1.png\",\"contentUrl\":\"https:\\\/\\\/tuguia.combarranquilla.co\\\/Revista\\\/wp-content\\\/uploads\\\/2023\\\/12\\\/Programa-Soicial-Inclusion_Mesa-de-trabajo-1.png\",\"width\":1800,\"height\":2250},{\"@type\":\"BreadcrumbList\",\"@id\":\"https:\\\/\\\/tuguia.combarranquilla.co\\\/Revista\\\/trabajar-con-proposito-permite-transformar-vidas\\\/#breadcrumb\",\"itemListElement\":[{\"@type\":\"ListItem\",\"position\":1,\"name\":\"Inicio\",\"item\":\"https:\\\/\\\/tuguia.combarranquilla.co\\\/Revista\\\/\"},{\"@type\":\"ListItem\",\"position\":2,\"name\":\"Trabajar con prop\u00f3sito permite transformar vidas\"}]},{\"@type\":\"WebSite\",\"@id\":\"https:\\\/\\\/tuguia.combarranquilla.co\\\/Revista\\\/#website\",\"url\":\"https:\\\/\\\/tuguia.combarranquilla.co\\\/Revista\\\/\",\"name\":\"Tu Gu\u00eda\",\"description\":\"La revista donde lo tienes todo.\",\"publisher\":{\"@id\":\"https:\\\/\\\/tuguia.combarranquilla.co\\\/Revista\\\/#organization\"},\"alternateName\":\"Tu Gu\u00eda Combarranquilla\",\"potentialAction\":[{\"@type\":\"SearchAction\",\"target\":{\"@type\":\"EntryPoint\",\"urlTemplate\":\"https:\\\/\\\/tuguia.combarranquilla.co\\\/Revista\\\/?s={search_term_string}\"},\"query-input\":{\"@type\":\"PropertyValueSpecification\",\"valueRequired\":true,\"valueName\":\"search_term_string\"}}],\"inLanguage\":\"es-CO\"},{\"@type\":\"Organization\",\"@id\":\"https:\\\/\\\/tuguia.combarranquilla.co\\\/Revista\\\/#organization\",\"name\":\"Tu Gu\u00eda Combarranquilla\",\"url\":\"https:\\\/\\\/tuguia.combarranquilla.co\\\/Revista\\\/\",\"logo\":{\"@type\":\"ImageObject\",\"inLanguage\":\"es-CO\",\"@id\":\"https:\\\/\\\/tuguia.combarranquilla.co\\\/Revista\\\/#\\\/schema\\\/logo\\\/image\\\/\",\"url\":\"https:\\\/\\\/tuguia.combarranquilla.co\\\/Revista\\\/wp-content\\\/uploads\\\/2022\\\/02\\\/logo-guia-combarranquilla.svg\",\"contentUrl\":\"https:\\\/\\\/tuguia.combarranquilla.co\\\/Revista\\\/wp-content\\\/uploads\\\/2022\\\/02\\\/logo-guia-combarranquilla.svg\",\"caption\":\"Tu Gu\u00eda Combarranquilla\"},\"image\":{\"@id\":\"https:\\\/\\\/tuguia.combarranquilla.co\\\/Revista\\\/#\\\/schema\\\/logo\\\/image\\\/\"}},{\"@type\":\"Person\",\"@id\":\"https:\\\/\\\/tuguia.combarranquilla.co\\\/Revista\\\/#\\\/schema\\\/person\\\/c2c396a77170bd1d5f8ba73294eb0d10\",\"name\":\"Comunicaciones Combarranquilla\",\"image\":{\"@type\":\"ImageObject\",\"inLanguage\":\"es-CO\",\"@id\":\"https:\\\/\\\/tuguia.combarranquilla.co\\\/Revista\\\/wp-content\\\/uploads\\\/2025\\\/05\\\/ABC-Al-Rojo-Logo-96x96.jpg\",\"url\":\"https:\\\/\\\/tuguia.combarranquilla.co\\\/Revista\\\/wp-content\\\/uploads\\\/2025\\\/05\\\/ABC-Al-Rojo-Logo-96x96.jpg\",\"contentUrl\":\"https:\\\/\\\/tuguia.combarranquilla.co\\\/Revista\\\/wp-content\\\/uploads\\\/2025\\\/05\\\/ABC-Al-Rojo-Logo-96x96.jpg\",\"caption\":\"Comunicaciones Combarranquilla\"},\"sameAs\":[\"https:\\\/\\\/www.combarranquilla.co\"],\"url\":\"https:\\\/\\\/tuguia.combarranquilla.co\\\/Revista\\\/author\\\/comunicaciones\\\/\"}]}<\/script>\n<!-- \/ Yoast SEO plugin. -->","yoast_head_json":{"title":"Trabajar con prop\u00f3sito permite transformar vidas - Tu Gu\u00eda","robots":{"index":"index","follow":"follow","max-snippet":"max-snippet:-1","max-image-preview":"max-image-preview:large","max-video-preview":"max-video-preview:-1"},"canonical":"https:\/\/tuguia.combarranquilla.co\/Revista\/trabajar-con-proposito-permite-transformar-vidas\/","og_locale":"es_ES","og_type":"article","og_title":"Trabajar con prop\u00f3sito permite transformar vidas - Tu Gu\u00eda","og_description":"Garantizar la integridad f\u00edsica, educativa y emocional de poblaciones vulnerables, adultos mayores y personas en condici\u00f3n de discapacidad es un privilegio para Combarranquilla. D\u00eda a d\u00eda, se levantan con la mente fija en ese prop\u00f3sito; buscando transformar vidas en cada rinc\u00f3n del departamento del Atl\u00e1ntico. JEC (Jornada Escolar Complementaria) Mediante el fondo de ley FONI\u00d1EZ, [&hellip;]","og_url":"https:\/\/tuguia.combarranquilla.co\/Revista\/trabajar-con-proposito-permite-transformar-vidas\/","og_site_name":"Tu Gu\u00eda","article_published_time":"2023-12-05T14:35:10+00:00","article_modified_time":"2023-12-05T14:37:13+00:00","og_image":[{"width":819,"height":1024,"url":"https:\/\/tuguia.combarranquilla.co\/Revista\/wp-content\/uploads\/2023\/12\/Programa-Soicial-Inclusion_Mesa-de-trabajo-1-819x1024.png","type":"image\/png"}],"author":"Comunicaciones Combarranquilla","twitter_card":"summary_large_image","twitter_misc":{"Escrito por":"Comunicaciones Combarranquilla","Tiempo de lectura":"3 minutos"},"schema":{"@context":"https:\/\/schema.org","@graph":[{"@type":"Article","@id":"https:\/\/tuguia.combarranquilla.co\/Revista\/trabajar-con-proposito-permite-transformar-vidas\/#article","isPartOf":{"@id":"https:\/\/tuguia.combarranquilla.co\/Revista\/trabajar-con-proposito-permite-transformar-vidas\/"},"author":{"name":"Comunicaciones Combarranquilla","@id":"https:\/\/tuguia.combarranquilla.co\/Revista\/#\/schema\/person\/c2c396a77170bd1d5f8ba73294eb0d10"},"headline":"Trabajar con prop\u00f3sito permite transformar vidas","datePublished":"2023-12-05T14:35:10+00:00","dateModified":"2023-12-05T14:37:13+00:00","mainEntityOfPage":{"@id":"https:\/\/tuguia.combarranquilla.co\/Revista\/trabajar-con-proposito-permite-transformar-vidas\/"},"wordCount":560,"commentCount":0,"publisher":{"@id":"https:\/\/tuguia.combarranquilla.co\/Revista\/#organization"},"image":{"@id":"https:\/\/tuguia.combarranquilla.co\/Revista\/trabajar-con-proposito-permite-transformar-vidas\/#primaryimage"},"thumbnailUrl":"https:\/\/tuguia.combarranquilla.co\/Revista\/wp-content\/uploads\/2023\/12\/Programa-Soicial-Inclusion_Mesa-de-trabajo-1.png","articleSection":["FAMILIA COMBARRANQUILLA"],"inLanguage":"es-CO","potentialAction":[{"@type":"CommentAction","name":"Comment","target":["https:\/\/tuguia.combarranquilla.co\/Revista\/trabajar-con-proposito-permite-transformar-vidas\/#respond"]}]},{"@type":"WebPage","@id":"https:\/\/tuguia.combarranquilla.co\/Revista\/trabajar-con-proposito-permite-transformar-vidas\/","url":"https:\/\/tuguia.combarranquilla.co\/Revista\/trabajar-con-proposito-permite-transformar-vidas\/","name":"Trabajar con prop\u00f3sito permite transformar vidas - Tu Gu\u00eda","isPartOf":{"@id":"https:\/\/tuguia.combarranquilla.co\/Revista\/#website"},"primaryImageOfPage":{"@id":"https:\/\/tuguia.combarranquilla.co\/Revista\/trabajar-con-proposito-permite-transformar-vidas\/#primaryimage"},"image":{"@id":"https:\/\/tuguia.combarranquilla.co\/Revista\/trabajar-con-proposito-permite-transformar-vidas\/#primaryimage"},"thumbnailUrl":"https:\/\/tuguia.combarranquilla.co\/Revista\/wp-content\/uploads\/2023\/12\/Programa-Soicial-Inclusion_Mesa-de-trabajo-1.png","datePublished":"2023-12-05T14:35:10+00:00","dateModified":"2023-12-05T14:37:13+00:00","breadcrumb":{"@id":"https:\/\/tuguia.combarranquilla.co\/Revista\/trabajar-con-proposito-permite-transformar-vidas\/#breadcrumb"},"inLanguage":"es-CO","potentialAction":[{"@type":"ReadAction","target":["https:\/\/tuguia.combarranquilla.co\/Revista\/trabajar-con-proposito-permite-transformar-vidas\/"]}]},{"@type":"ImageObject","inLanguage":"es-CO","@id":"https:\/\/tuguia.combarranquilla.co\/Revista\/trabajar-con-proposito-permite-transformar-vidas\/#primaryimage","url":"https:\/\/tuguia.combarranquilla.co\/Revista\/wp-content\/uploads\/2023\/12\/Programa-Soicial-Inclusion_Mesa-de-trabajo-1.png","contentUrl":"https:\/\/tuguia.combarranquilla.co\/Revista\/wp-content\/uploads\/2023\/12\/Programa-Soicial-Inclusion_Mesa-de-trabajo-1.png","width":1800,"height":2250},{"@type":"BreadcrumbList","@id":"https:\/\/tuguia.combarranquilla.co\/Revista\/trabajar-con-proposito-permite-transformar-vidas\/#breadcrumb","itemListElement":[{"@type":"ListItem","position":1,"name":"Inicio","item":"https:\/\/tuguia.combarranquilla.co\/Revista\/"},{"@type":"ListItem","position":2,"name":"Trabajar con prop\u00f3sito permite transformar vidas"}]},{"@type":"WebSite","@id":"https:\/\/tuguia.combarranquilla.co\/Revista\/#website","url":"https:\/\/tuguia.combarranquilla.co\/Revista\/","name":"Tu Gu\u00eda","description":"La revista donde lo tienes todo.","publisher":{"@id":"https:\/\/tuguia.combarranquilla.co\/Revista\/#organization"},"alternateName":"Tu Gu\u00eda Combarranquilla","potentialAction":[{"@type":"SearchAction","target":{"@type":"EntryPoint","urlTemplate":"https:\/\/tuguia.combarranquilla.co\/Revista\/?s={search_term_string}"},"query-input":{"@type":"PropertyValueSpecification","valueRequired":true,"valueName":"search_term_string"}}],"inLanguage":"es-CO"},{"@type":"Organization","@id":"https:\/\/tuguia.combarranquilla.co\/Revista\/#organization","name":"Tu Gu\u00eda Combarranquilla","url":"https:\/\/tuguia.combarranquilla.co\/Revista\/","logo":{"@type":"ImageObject","inLanguage":"es-CO","@id":"https:\/\/tuguia.combarranquilla.co\/Revista\/#\/schema\/logo\/image\/","url":"https:\/\/tuguia.combarranquilla.co\/Revista\/wp-content\/uploads\/2022\/02\/logo-guia-combarranquilla.svg","contentUrl":"https:\/\/tuguia.combarranquilla.co\/Revista\/wp-content\/uploads\/2022\/02\/logo-guia-combarranquilla.svg","caption":"Tu Gu\u00eda Combarranquilla"},"image":{"@id":"https:\/\/tuguia.combarranquilla.co\/Revista\/#\/schema\/logo\/image\/"}},{"@type":"Person","@id":"https:\/\/tuguia.combarranquilla.co\/Revista\/#\/schema\/person\/c2c396a77170bd1d5f8ba73294eb0d10","name":"Comunicaciones Combarranquilla","image":{"@type":"ImageObject","inLanguage":"es-CO","@id":"https:\/\/tuguia.combarranquilla.co\/Revista\/wp-content\/uploads\/2025\/05\/ABC-Al-Rojo-Logo-96x96.jpg","url":"https:\/\/tuguia.combarranquilla.co\/Revista\/wp-content\/uploads\/2025\/05\/ABC-Al-Rojo-Logo-96x96.jpg","contentUrl":"https:\/\/tuguia.combarranquilla.co\/Revista\/wp-content\/uploads\/2025\/05\/ABC-Al-Rojo-Logo-96x96.jpg","caption":"Comunicaciones Combarranquilla"},"sameAs":["https:\/\/www.combarranquilla.co"],"url":"https:\/\/tuguia.combarranquilla.co\/Revista\/author\/comunicaciones\/"}]}},"_links":{"self":[{"href":"https:\/\/tuguia.combarranquilla.co\/Revista\/wp-json\/wp\/v2\/posts\/3202","targetHints":{"allow":["GET"]}}],"collection":[{"href":"https:\/\/tuguia.combarranquilla.co\/Revista\/wp-json\/wp\/v2\/posts"}],"about":[{"href":"https:\/\/tuguia.combarranquilla.co\/Revista\/wp-json\/wp\/v2\/types\/post"}],"author":[{"embeddable":true,"href":"https:\/\/tuguia.combarranquilla.co\/Revista\/wp-json\/wp\/v2\/users\/2"}],"replies":[{"embeddable":true,"href":"https:\/\/tuguia.combarranquilla.co\/Revista\/wp-json\/wp\/v2\/comments?post=3202"}],"version-history":[{"count":41,"href":"https:\/\/tuguia.combarranquilla.co\/Revista\/wp-json\/wp\/v2\/posts\/3202\/revisions"}],"predecessor-version":[{"id":3283,"href":"https:\/\/tuguia.combarranquilla.co\/Revista\/wp-json\/wp\/v2\/posts\/3202\/revisions\/3283"}],"wp:featuredmedia":[{"embeddable":true,"href":"https:\/\/tuguia.combarranquilla.co\/Revista\/wp-json\/wp\/v2\/media\/3203"}],"wp:attachment":[{"href":"https:\/\/tuguia.combarranquilla.co\/Revista\/wp-json\/wp\/v2\/media?parent=3202"}],"wp:term":[{"taxonomy":"category","embeddable":true,"href":"https:\/\/tuguia.combarranquilla.co\/Revista\/wp-json\/wp\/v2\/categories?post=3202"},{"taxonomy":"post_tag","embeddable":true,"href":"https:\/\/tuguia.combarranquilla.co\/Revista\/wp-json\/wp\/v2\/tags?post=3202"}],"curies":[{"name":"wp","href":"https:\/\/api.w.org\/{rel}","templated":true}]}}