{"id":3219,"date":"2023-11-02T08:17:00","date_gmt":"2023-11-02T13:17:00","guid":{"rendered":"https:\/\/tuguia.combarranquilla.co\/Revista\/?p=3219"},"modified":"2023-12-21T15:22:18","modified_gmt":"2023-12-21T20:22:18","slug":"como-garantizar-que-tus-empleados-se-sientan-valorados","status":"publish","type":"post","link":"https:\/\/tuguia.combarranquilla.co\/Revista\/como-garantizar-que-tus-empleados-se-sientan-valorados\/","title":{"rendered":"C\u00f3mo garantizar que tus empleados se sientan valorados"},"content":{"rendered":"\n<p>En la actualidad, la retenci\u00f3n de empleados y la productividad de la fuerza laboral son dos de los desaf\u00edos m\u00e1s apremiantes para cualquier empresa. La pregunta es: \u00bfQu\u00e9 medidas tomas para asegurarte de que tus empleados se sientan valorados? La respuesta es crucial, ya que la satisfacci\u00f3n de los empleados est\u00e1 directamente relacionada con su compromiso y desempe\u00f1o en el trabajo. En este art\u00edculo, exploraremos estrategias efectivas para garantizar que tus empleados se sientan valorados y, como resultado, mejoren la retenci\u00f3n y productividad de tu equipo.<\/p>\n\n\n\n<ol class=\"wp-block-list\">\n<li><strong>Comunicaci\u00f3n Transparente<\/strong><br>Uno de los pilares fundamentales para que los empleados se sientan valorados es la comunicaci\u00f3n transparente. Los l\u00edderes de la empresa deben establecer canales de comunicaci\u00f3n efectivos que fomenten un flujo constante de informaci\u00f3n. Esto incluye la comunicaci\u00f3n sobre la visi\u00f3n de la empresa, cambios en la direcci\u00f3n y el desempe\u00f1o de la organizaci\u00f3n.<\/li>\n<\/ol>\n\n\n\n<p>Cuando los empleados se sienten en la oscuridad o mal informados, su moral disminuye y su percepci\u00f3n de ser valorados se ve comprometida. La comunicaci\u00f3n transparente les da un sentido de pertenencia y les hace sentir que son parte de algo m\u00e1s grande.<\/p>\n\n\n\n<ol class=\"wp-block-list\" start=\"2\">\n<li><strong>Reconocimiento y Apreciaci\u00f3n<\/strong><br>El reconocimiento es una poderosa herramienta para hacer que los empleados se sientan valorados. Las formas de reconocimiento pueden variar, desde elogios p\u00fablicos hasta programas de recompensas. Es importante adaptar el reconocimiento a la cultura y preferencias de tu empresa y de tus empleados.<\/li>\n<\/ol>\n\n\n\n<p>Un programa de reconocimiento efectivo debe ser constante y espec\u00edfico. M\u00e1s all\u00e1 de &#8220;buen trabajo&#8221;, es m\u00e1s significativo reconocer logros espec\u00edficos y el impacto que han tenido en la organizaci\u00f3n.<\/p>\n\n\n\n<ol class=\"wp-block-list\" start=\"3\">\n<li><strong>Oportunidades de Desarrollo Profesional<\/strong><br>Cuando los empleados ven oportunidades para crecer y desarrollarse profesionalmente en una empresa, es m\u00e1s probable que se sientan valorados. Las empresas pueden brindar estas oportunidades a trav\u00e9s de programas de capacitaci\u00f3n, mentor\u00edas, o promoci\u00f3n interna.<\/li>\n<\/ol>\n\n\n\n<p>La inversi\u00f3n en el desarrollo profesional de los empleados no solo mejora su percepci\u00f3n de ser valorados, sino que tambi\u00e9n aumenta la retenci\u00f3n, ya que los empleados ven un futuro claro dentro de la organizaci\u00f3n.<\/p>\n\n\n\n<ol class=\"wp-block-list\" start=\"4\">\n<li><strong>Flexibilidad en el Trabajo<\/strong><br>La vida laboral y personal de los empleados a menudo se entrelaza, y la flexibilidad en el trabajo es un factor importante para que se sientan valorados. Esto incluye opciones como el trabajo desde casa, horarios flexibles y d\u00edas libres compensatorios.<\/li>\n<\/ol>\n\n\n\n<p>Brindar a los empleados la capacidad de equilibrar sus compromisos personales y laborales demuestra empat\u00eda y preocupaci\u00f3n por su bienestar.<\/p>\n\n\n\n<ol class=\"wp-block-list\" start=\"5\">\n<li><strong>Participaci\u00f3n en la Toma de Decisiones<\/strong><br>La participaci\u00f3n de los empleados en la toma de decisiones puede aumentar significativamente su percepci\u00f3n de valor. Cuando se les consulta sobre temas que afectan su trabajo o la direcci\u00f3n de la empresa, se sienten empoderados y reconocidos.<\/li>\n<\/ol>\n\n\n\n<p>La retroalimentaci\u00f3n de los empleados no solo debe buscarse, sino que tambi\u00e9n debe ser implementada en la medida de lo posible. Cuando los empleados ven que sus opiniones son tomadas en cuenta, se sienten valorados y se comprometen m\u00e1s con el \u00e9xito de la empresa.<\/p>\n\n\n\n<ol class=\"wp-block-list\" start=\"6\">\n<li><strong>Apoyo en el Bienestar<\/strong><br>El bienestar de los empleados es un aspecto esencial para que se sientan valorados. Las empresas pueden brindar apoyo en este sentido a trav\u00e9s de programas de bienestar, seguros de salud, apoyo emocional y flexibilidad para atender asuntos personales.<\/li>\n<\/ol>\n\n\n\n<p>La preocupaci\u00f3n genuina por la salud y el bienestar de los empleados refuerza la percepci\u00f3n de que son valorados y cuidados.<\/p>\n\n\n\n<ol class=\"wp-block-list\" start=\"7\">\n<li><strong>Cultura de Diversidad e Inclusi\u00f3n<\/strong><br>Promover una cultura de diversidad e inclusi\u00f3n es fundamental para que todos los empleados se sientan valorados, independientemente de su origen o caracter\u00edsticas personales.<\/li>\n<\/ol>\n\n\n\n<p>La diversidad en la fuerza laboral trae consigo una variedad de perspectivas y experiencias que enriquecen la empresa. Cuando los empleados ven que sus diferencias son valoradas y respetadas, se sienten m\u00e1s comprometidos y motivados.<\/p>\n\n\n\n<ol class=\"wp-block-list\" start=\"8\">\n<li><strong>Evaluaci\u00f3n del Desempe\u00f1o Constructiva<\/strong><br>Las evaluaciones de desempe\u00f1o deben ser una herramienta para el crecimiento y desarrollo, no solo un medio para se\u00f1alar errores. Las conversaciones de evaluaci\u00f3n deben ser constructivas, centrarse en los logros y en c\u00f3mo los empleados pueden mejorar.<\/li>\n<\/ol>\n\n\n\n<p>Ofrecer orientaci\u00f3n y apoyo en el desarrollo despu\u00e9s de las evaluaciones demuestra que la empresa est\u00e1 comprometida con el crecimiento de sus empleados y que se preocupa por su \u00e9xito a largo plazo.<\/p>\n\n\n\n<ol class=\"wp-block-list\" start=\"9\">\n<li><strong>Gesti\u00f3n de Conflictos Efectiva<\/strong><br>Los conflictos en el trabajo son inevitables, pero c\u00f3mo se manejan es fundamental. La gesti\u00f3n de conflictos debe ser justa, imparcial y efectiva.<\/li>\n<\/ol>\n\n\n\n<p>Cuando los empleados ven que los conflictos se abordan de manera justa y que se busca una resoluci\u00f3n que beneficie a todas las partes, se sienten valorados y respetados.<\/p>\n\n\n\n<ol class=\"wp-block-list\" start=\"10\">\n<li>Encuesta de Satisfacci\u00f3n<br>Una herramienta valiosa para medir si los empleados se sienten valorados es realizar encuestas de satisfacci\u00f3n. Estas encuestas pueden identificar \u00e1reas de mejora y permitir a los empleados expresar sus preocupaciones.<\/li>\n<\/ol>\n\n\n\n<p>Sin embargo, lo m\u00e1s importante es actuar sobre los resultados de estas encuestas. Los empleados deben ver que sus comentarios se toman en serio y que se toman medidas para abordar sus inquietudes.<\/p>\n\n\n\n<p><strong>Conclusi\u00f3n<\/strong><br>En resumen, garantizar que los empleados se sientan valorados es esencial para retener talento y aumentar la productividad. La comunicaci\u00f3n transparente, el reconocimiento, las oportunidades de desarrollo y el bienestar son elementos clave para lograrlo. Adem\u00e1s, la inclusi\u00f3n, la gesti\u00f3n de conflictos efectiva y las encuestas de satisfacci\u00f3n son herramientas valiosas para medir y mejorar la percepci\u00f3n de valor de los empleados.<\/p>\n\n\n\n<p>Al priorizar el valor de los empleados, las empresas pueden crear un ambiente de trabajo en el que los trabajadores se sientan comprometidos, motivados y dispuestos a contribuir al \u00e9xito de la organizaci\u00f3n. La retenci\u00f3n de empleados, la productividad y la moral mejorar\u00e1n, lo que a su vez beneficiar\u00e1 a la empresa en t\u00e9rminos de crecimiento y \u00e9xito a largo plazo.<\/p>\n","protected":false},"excerpt":{"rendered":"<p>En la actualidad, la retenci\u00f3n de empleados y la productividad de la fuerza laboral son dos de los desaf\u00edos m\u00e1s apremiantes para cualquier empresa. La pregunta es: \u00bfQu\u00e9 medidas tomas para asegurarte de que tus empleados se sientan valorados? La respuesta es crucial, ya que la satisfacci\u00f3n de los empleados est\u00e1 directamente relacionada con su [&hellip;]<\/p>\n","protected":false},"author":2,"featured_media":3263,"comment_status":"open","ping_status":"open","sticky":false,"template":"","format":"standard","meta":{"inline_featured_image":false,"footnotes":""},"categories":[7],"tags":[],"class_list":["post-3219","post","type-post","status-publish","format-standard","has-post-thumbnail","hentry","category-familia-combarranquilla"],"yoast_head":"<!-- This site is optimized with the Yoast SEO plugin v27.4 - https:\/\/yoast.com\/product\/yoast-seo-wordpress\/ -->\n<title>C\u00f3mo garantizar que tus empleados se sientan valorados - Tu Gu\u00eda<\/title>\n<meta name=\"robots\" content=\"index, follow, max-snippet:-1, max-image-preview:large, max-video-preview:-1\" \/>\n<link rel=\"canonical\" href=\"https:\/\/tuguia.combarranquilla.co\/Revista\/como-garantizar-que-tus-empleados-se-sientan-valorados\/\" \/>\n<meta property=\"og:locale\" content=\"es_ES\" \/>\n<meta property=\"og:type\" content=\"article\" \/>\n<meta property=\"og:title\" content=\"C\u00f3mo garantizar que tus empleados se sientan valorados - Tu Gu\u00eda\" \/>\n<meta property=\"og:description\" content=\"En la actualidad, la retenci\u00f3n de empleados y la productividad de la fuerza laboral son dos de los desaf\u00edos m\u00e1s apremiantes para cualquier empresa. La pregunta es: \u00bfQu\u00e9 medidas tomas para asegurarte de que tus empleados se sientan valorados? La respuesta es crucial, ya que la satisfacci\u00f3n de los empleados est\u00e1 directamente relacionada con su [&hellip;]\" \/>\n<meta property=\"og:url\" content=\"https:\/\/tuguia.combarranquilla.co\/Revista\/como-garantizar-que-tus-empleados-se-sientan-valorados\/\" \/>\n<meta property=\"og:site_name\" content=\"Tu Gu\u00eda\" \/>\n<meta property=\"article:published_time\" content=\"2023-11-02T13:17:00+00:00\" \/>\n<meta property=\"article:modified_time\" content=\"2023-12-21T20:22:18+00:00\" \/>\n<meta property=\"og:image\" content=\"https:\/\/tuguia.combarranquilla.co\/Revista\/wp-content\/uploads\/2023\/11\/Black-and-Gray-Gradient-Professional-Presentation.png\" \/>\n\t<meta property=\"og:image:width\" content=\"1920\" \/>\n\t<meta property=\"og:image:height\" content=\"1080\" \/>\n\t<meta property=\"og:image:type\" content=\"image\/png\" \/>\n<meta name=\"author\" content=\"Comunicaciones Combarranquilla\" \/>\n<meta name=\"twitter:card\" content=\"summary_large_image\" \/>\n<meta name=\"twitter:label1\" content=\"Escrito por\" \/>\n\t<meta name=\"twitter:data1\" content=\"Comunicaciones Combarranquilla\" \/>\n\t<meta name=\"twitter:label2\" content=\"Tiempo de lectura\" \/>\n\t<meta name=\"twitter:data2\" content=\"5 minutos\" \/>\n<script type=\"application\/ld+json\" class=\"yoast-schema-graph\">{\"@context\":\"https:\\\/\\\/schema.org\",\"@graph\":[{\"@type\":\"Article\",\"@id\":\"https:\\\/\\\/tuguia.combarranquilla.co\\\/Revista\\\/como-garantizar-que-tus-empleados-se-sientan-valorados\\\/#article\",\"isPartOf\":{\"@id\":\"https:\\\/\\\/tuguia.combarranquilla.co\\\/Revista\\\/como-garantizar-que-tus-empleados-se-sientan-valorados\\\/\"},\"author\":{\"name\":\"Comunicaciones Combarranquilla\",\"@id\":\"https:\\\/\\\/tuguia.combarranquilla.co\\\/Revista\\\/#\\\/schema\\\/person\\\/c2c396a77170bd1d5f8ba73294eb0d10\"},\"headline\":\"C\u00f3mo garantizar que tus empleados se sientan valorados\",\"datePublished\":\"2023-11-02T13:17:00+00:00\",\"dateModified\":\"2023-12-21T20:22:18+00:00\",\"mainEntityOfPage\":{\"@id\":\"https:\\\/\\\/tuguia.combarranquilla.co\\\/Revista\\\/como-garantizar-que-tus-empleados-se-sientan-valorados\\\/\"},\"wordCount\":1029,\"commentCount\":0,\"publisher\":{\"@id\":\"https:\\\/\\\/tuguia.combarranquilla.co\\\/Revista\\\/#organization\"},\"image\":{\"@id\":\"https:\\\/\\\/tuguia.combarranquilla.co\\\/Revista\\\/como-garantizar-que-tus-empleados-se-sientan-valorados\\\/#primaryimage\"},\"thumbnailUrl\":\"https:\\\/\\\/tuguia.combarranquilla.co\\\/Revista\\\/wp-content\\\/uploads\\\/2023\\\/11\\\/Black-and-Gray-Gradient-Professional-Presentation.png\",\"articleSection\":[\"FAMILIA COMBARRANQUILLA\"],\"inLanguage\":\"es-CO\",\"potentialAction\":[{\"@type\":\"CommentAction\",\"name\":\"Comment\",\"target\":[\"https:\\\/\\\/tuguia.combarranquilla.co\\\/Revista\\\/como-garantizar-que-tus-empleados-se-sientan-valorados\\\/#respond\"]}]},{\"@type\":\"WebPage\",\"@id\":\"https:\\\/\\\/tuguia.combarranquilla.co\\\/Revista\\\/como-garantizar-que-tus-empleados-se-sientan-valorados\\\/\",\"url\":\"https:\\\/\\\/tuguia.combarranquilla.co\\\/Revista\\\/como-garantizar-que-tus-empleados-se-sientan-valorados\\\/\",\"name\":\"C\u00f3mo garantizar que tus empleados se sientan valorados - Tu Gu\u00eda\",\"isPartOf\":{\"@id\":\"https:\\\/\\\/tuguia.combarranquilla.co\\\/Revista\\\/#website\"},\"primaryImageOfPage\":{\"@id\":\"https:\\\/\\\/tuguia.combarranquilla.co\\\/Revista\\\/como-garantizar-que-tus-empleados-se-sientan-valorados\\\/#primaryimage\"},\"image\":{\"@id\":\"https:\\\/\\\/tuguia.combarranquilla.co\\\/Revista\\\/como-garantizar-que-tus-empleados-se-sientan-valorados\\\/#primaryimage\"},\"thumbnailUrl\":\"https:\\\/\\\/tuguia.combarranquilla.co\\\/Revista\\\/wp-content\\\/uploads\\\/2023\\\/11\\\/Black-and-Gray-Gradient-Professional-Presentation.png\",\"datePublished\":\"2023-11-02T13:17:00+00:00\",\"dateModified\":\"2023-12-21T20:22:18+00:00\",\"breadcrumb\":{\"@id\":\"https:\\\/\\\/tuguia.combarranquilla.co\\\/Revista\\\/como-garantizar-que-tus-empleados-se-sientan-valorados\\\/#breadcrumb\"},\"inLanguage\":\"es-CO\",\"potentialAction\":[{\"@type\":\"ReadAction\",\"target\":[\"https:\\\/\\\/tuguia.combarranquilla.co\\\/Revista\\\/como-garantizar-que-tus-empleados-se-sientan-valorados\\\/\"]}]},{\"@type\":\"ImageObject\",\"inLanguage\":\"es-CO\",\"@id\":\"https:\\\/\\\/tuguia.combarranquilla.co\\\/Revista\\\/como-garantizar-que-tus-empleados-se-sientan-valorados\\\/#primaryimage\",\"url\":\"https:\\\/\\\/tuguia.combarranquilla.co\\\/Revista\\\/wp-content\\\/uploads\\\/2023\\\/11\\\/Black-and-Gray-Gradient-Professional-Presentation.png\",\"contentUrl\":\"https:\\\/\\\/tuguia.combarranquilla.co\\\/Revista\\\/wp-content\\\/uploads\\\/2023\\\/11\\\/Black-and-Gray-Gradient-Professional-Presentation.png\",\"width\":1920,\"height\":1080},{\"@type\":\"BreadcrumbList\",\"@id\":\"https:\\\/\\\/tuguia.combarranquilla.co\\\/Revista\\\/como-garantizar-que-tus-empleados-se-sientan-valorados\\\/#breadcrumb\",\"itemListElement\":[{\"@type\":\"ListItem\",\"position\":1,\"name\":\"Inicio\",\"item\":\"https:\\\/\\\/tuguia.combarranquilla.co\\\/Revista\\\/\"},{\"@type\":\"ListItem\",\"position\":2,\"name\":\"C\u00f3mo garantizar que tus empleados se sientan valorados\"}]},{\"@type\":\"WebSite\",\"@id\":\"https:\\\/\\\/tuguia.combarranquilla.co\\\/Revista\\\/#website\",\"url\":\"https:\\\/\\\/tuguia.combarranquilla.co\\\/Revista\\\/\",\"name\":\"Tu Gu\u00eda\",\"description\":\"La revista donde lo tienes todo.\",\"publisher\":{\"@id\":\"https:\\\/\\\/tuguia.combarranquilla.co\\\/Revista\\\/#organization\"},\"alternateName\":\"Tu Gu\u00eda Combarranquilla\",\"potentialAction\":[{\"@type\":\"SearchAction\",\"target\":{\"@type\":\"EntryPoint\",\"urlTemplate\":\"https:\\\/\\\/tuguia.combarranquilla.co\\\/Revista\\\/?s={search_term_string}\"},\"query-input\":{\"@type\":\"PropertyValueSpecification\",\"valueRequired\":true,\"valueName\":\"search_term_string\"}}],\"inLanguage\":\"es-CO\"},{\"@type\":\"Organization\",\"@id\":\"https:\\\/\\\/tuguia.combarranquilla.co\\\/Revista\\\/#organization\",\"name\":\"Tu Gu\u00eda Combarranquilla\",\"url\":\"https:\\\/\\\/tuguia.combarranquilla.co\\\/Revista\\\/\",\"logo\":{\"@type\":\"ImageObject\",\"inLanguage\":\"es-CO\",\"@id\":\"https:\\\/\\\/tuguia.combarranquilla.co\\\/Revista\\\/#\\\/schema\\\/logo\\\/image\\\/\",\"url\":\"https:\\\/\\\/tuguia.combarranquilla.co\\\/Revista\\\/wp-content\\\/uploads\\\/2022\\\/02\\\/logo-guia-combarranquilla.svg\",\"contentUrl\":\"https:\\\/\\\/tuguia.combarranquilla.co\\\/Revista\\\/wp-content\\\/uploads\\\/2022\\\/02\\\/logo-guia-combarranquilla.svg\",\"caption\":\"Tu Gu\u00eda Combarranquilla\"},\"image\":{\"@id\":\"https:\\\/\\\/tuguia.combarranquilla.co\\\/Revista\\\/#\\\/schema\\\/logo\\\/image\\\/\"}},{\"@type\":\"Person\",\"@id\":\"https:\\\/\\\/tuguia.combarranquilla.co\\\/Revista\\\/#\\\/schema\\\/person\\\/c2c396a77170bd1d5f8ba73294eb0d10\",\"name\":\"Comunicaciones Combarranquilla\",\"image\":{\"@type\":\"ImageObject\",\"inLanguage\":\"es-CO\",\"@id\":\"https:\\\/\\\/tuguia.combarranquilla.co\\\/Revista\\\/wp-content\\\/uploads\\\/2025\\\/05\\\/ABC-Al-Rojo-Logo-96x96.jpg\",\"url\":\"https:\\\/\\\/tuguia.combarranquilla.co\\\/Revista\\\/wp-content\\\/uploads\\\/2025\\\/05\\\/ABC-Al-Rojo-Logo-96x96.jpg\",\"contentUrl\":\"https:\\\/\\\/tuguia.combarranquilla.co\\\/Revista\\\/wp-content\\\/uploads\\\/2025\\\/05\\\/ABC-Al-Rojo-Logo-96x96.jpg\",\"caption\":\"Comunicaciones Combarranquilla\"},\"sameAs\":[\"https:\\\/\\\/www.combarranquilla.co\"],\"url\":\"https:\\\/\\\/tuguia.combarranquilla.co\\\/Revista\\\/author\\\/comunicaciones\\\/\"}]}<\/script>\n<!-- \/ Yoast SEO plugin. -->","yoast_head_json":{"title":"C\u00f3mo garantizar que tus empleados se sientan valorados - Tu Gu\u00eda","robots":{"index":"index","follow":"follow","max-snippet":"max-snippet:-1","max-image-preview":"max-image-preview:large","max-video-preview":"max-video-preview:-1"},"canonical":"https:\/\/tuguia.combarranquilla.co\/Revista\/como-garantizar-que-tus-empleados-se-sientan-valorados\/","og_locale":"es_ES","og_type":"article","og_title":"C\u00f3mo garantizar que tus empleados se sientan valorados - Tu Gu\u00eda","og_description":"En la actualidad, la retenci\u00f3n de empleados y la productividad de la fuerza laboral son dos de los desaf\u00edos m\u00e1s apremiantes para cualquier empresa. La pregunta es: \u00bfQu\u00e9 medidas tomas para asegurarte de que tus empleados se sientan valorados? La respuesta es crucial, ya que la satisfacci\u00f3n de los empleados est\u00e1 directamente relacionada con su [&hellip;]","og_url":"https:\/\/tuguia.combarranquilla.co\/Revista\/como-garantizar-que-tus-empleados-se-sientan-valorados\/","og_site_name":"Tu Gu\u00eda","article_published_time":"2023-11-02T13:17:00+00:00","article_modified_time":"2023-12-21T20:22:18+00:00","og_image":[{"width":1920,"height":1080,"url":"https:\/\/tuguia.combarranquilla.co\/Revista\/wp-content\/uploads\/2023\/11\/Black-and-Gray-Gradient-Professional-Presentation.png","type":"image\/png"}],"author":"Comunicaciones Combarranquilla","twitter_card":"summary_large_image","twitter_misc":{"Escrito por":"Comunicaciones Combarranquilla","Tiempo de lectura":"5 minutos"},"schema":{"@context":"https:\/\/schema.org","@graph":[{"@type":"Article","@id":"https:\/\/tuguia.combarranquilla.co\/Revista\/como-garantizar-que-tus-empleados-se-sientan-valorados\/#article","isPartOf":{"@id":"https:\/\/tuguia.combarranquilla.co\/Revista\/como-garantizar-que-tus-empleados-se-sientan-valorados\/"},"author":{"name":"Comunicaciones Combarranquilla","@id":"https:\/\/tuguia.combarranquilla.co\/Revista\/#\/schema\/person\/c2c396a77170bd1d5f8ba73294eb0d10"},"headline":"C\u00f3mo garantizar que tus empleados se sientan valorados","datePublished":"2023-11-02T13:17:00+00:00","dateModified":"2023-12-21T20:22:18+00:00","mainEntityOfPage":{"@id":"https:\/\/tuguia.combarranquilla.co\/Revista\/como-garantizar-que-tus-empleados-se-sientan-valorados\/"},"wordCount":1029,"commentCount":0,"publisher":{"@id":"https:\/\/tuguia.combarranquilla.co\/Revista\/#organization"},"image":{"@id":"https:\/\/tuguia.combarranquilla.co\/Revista\/como-garantizar-que-tus-empleados-se-sientan-valorados\/#primaryimage"},"thumbnailUrl":"https:\/\/tuguia.combarranquilla.co\/Revista\/wp-content\/uploads\/2023\/11\/Black-and-Gray-Gradient-Professional-Presentation.png","articleSection":["FAMILIA COMBARRANQUILLA"],"inLanguage":"es-CO","potentialAction":[{"@type":"CommentAction","name":"Comment","target":["https:\/\/tuguia.combarranquilla.co\/Revista\/como-garantizar-que-tus-empleados-se-sientan-valorados\/#respond"]}]},{"@type":"WebPage","@id":"https:\/\/tuguia.combarranquilla.co\/Revista\/como-garantizar-que-tus-empleados-se-sientan-valorados\/","url":"https:\/\/tuguia.combarranquilla.co\/Revista\/como-garantizar-que-tus-empleados-se-sientan-valorados\/","name":"C\u00f3mo garantizar que tus empleados se sientan valorados - Tu Gu\u00eda","isPartOf":{"@id":"https:\/\/tuguia.combarranquilla.co\/Revista\/#website"},"primaryImageOfPage":{"@id":"https:\/\/tuguia.combarranquilla.co\/Revista\/como-garantizar-que-tus-empleados-se-sientan-valorados\/#primaryimage"},"image":{"@id":"https:\/\/tuguia.combarranquilla.co\/Revista\/como-garantizar-que-tus-empleados-se-sientan-valorados\/#primaryimage"},"thumbnailUrl":"https:\/\/tuguia.combarranquilla.co\/Revista\/wp-content\/uploads\/2023\/11\/Black-and-Gray-Gradient-Professional-Presentation.png","datePublished":"2023-11-02T13:17:00+00:00","dateModified":"2023-12-21T20:22:18+00:00","breadcrumb":{"@id":"https:\/\/tuguia.combarranquilla.co\/Revista\/como-garantizar-que-tus-empleados-se-sientan-valorados\/#breadcrumb"},"inLanguage":"es-CO","potentialAction":[{"@type":"ReadAction","target":["https:\/\/tuguia.combarranquilla.co\/Revista\/como-garantizar-que-tus-empleados-se-sientan-valorados\/"]}]},{"@type":"ImageObject","inLanguage":"es-CO","@id":"https:\/\/tuguia.combarranquilla.co\/Revista\/como-garantizar-que-tus-empleados-se-sientan-valorados\/#primaryimage","url":"https:\/\/tuguia.combarranquilla.co\/Revista\/wp-content\/uploads\/2023\/11\/Black-and-Gray-Gradient-Professional-Presentation.png","contentUrl":"https:\/\/tuguia.combarranquilla.co\/Revista\/wp-content\/uploads\/2023\/11\/Black-and-Gray-Gradient-Professional-Presentation.png","width":1920,"height":1080},{"@type":"BreadcrumbList","@id":"https:\/\/tuguia.combarranquilla.co\/Revista\/como-garantizar-que-tus-empleados-se-sientan-valorados\/#breadcrumb","itemListElement":[{"@type":"ListItem","position":1,"name":"Inicio","item":"https:\/\/tuguia.combarranquilla.co\/Revista\/"},{"@type":"ListItem","position":2,"name":"C\u00f3mo garantizar que tus empleados se sientan valorados"}]},{"@type":"WebSite","@id":"https:\/\/tuguia.combarranquilla.co\/Revista\/#website","url":"https:\/\/tuguia.combarranquilla.co\/Revista\/","name":"Tu Gu\u00eda","description":"La revista donde lo tienes todo.","publisher":{"@id":"https:\/\/tuguia.combarranquilla.co\/Revista\/#organization"},"alternateName":"Tu Gu\u00eda Combarranquilla","potentialAction":[{"@type":"SearchAction","target":{"@type":"EntryPoint","urlTemplate":"https:\/\/tuguia.combarranquilla.co\/Revista\/?s={search_term_string}"},"query-input":{"@type":"PropertyValueSpecification","valueRequired":true,"valueName":"search_term_string"}}],"inLanguage":"es-CO"},{"@type":"Organization","@id":"https:\/\/tuguia.combarranquilla.co\/Revista\/#organization","name":"Tu Gu\u00eda Combarranquilla","url":"https:\/\/tuguia.combarranquilla.co\/Revista\/","logo":{"@type":"ImageObject","inLanguage":"es-CO","@id":"https:\/\/tuguia.combarranquilla.co\/Revista\/#\/schema\/logo\/image\/","url":"https:\/\/tuguia.combarranquilla.co\/Revista\/wp-content\/uploads\/2022\/02\/logo-guia-combarranquilla.svg","contentUrl":"https:\/\/tuguia.combarranquilla.co\/Revista\/wp-content\/uploads\/2022\/02\/logo-guia-combarranquilla.svg","caption":"Tu Gu\u00eda Combarranquilla"},"image":{"@id":"https:\/\/tuguia.combarranquilla.co\/Revista\/#\/schema\/logo\/image\/"}},{"@type":"Person","@id":"https:\/\/tuguia.combarranquilla.co\/Revista\/#\/schema\/person\/c2c396a77170bd1d5f8ba73294eb0d10","name":"Comunicaciones Combarranquilla","image":{"@type":"ImageObject","inLanguage":"es-CO","@id":"https:\/\/tuguia.combarranquilla.co\/Revista\/wp-content\/uploads\/2025\/05\/ABC-Al-Rojo-Logo-96x96.jpg","url":"https:\/\/tuguia.combarranquilla.co\/Revista\/wp-content\/uploads\/2025\/05\/ABC-Al-Rojo-Logo-96x96.jpg","contentUrl":"https:\/\/tuguia.combarranquilla.co\/Revista\/wp-content\/uploads\/2025\/05\/ABC-Al-Rojo-Logo-96x96.jpg","caption":"Comunicaciones Combarranquilla"},"sameAs":["https:\/\/www.combarranquilla.co"],"url":"https:\/\/tuguia.combarranquilla.co\/Revista\/author\/comunicaciones\/"}]}},"_links":{"self":[{"href":"https:\/\/tuguia.combarranquilla.co\/Revista\/wp-json\/wp\/v2\/posts\/3219","targetHints":{"allow":["GET"]}}],"collection":[{"href":"https:\/\/tuguia.combarranquilla.co\/Revista\/wp-json\/wp\/v2\/posts"}],"about":[{"href":"https:\/\/tuguia.combarranquilla.co\/Revista\/wp-json\/wp\/v2\/types\/post"}],"author":[{"embeddable":true,"href":"https:\/\/tuguia.combarranquilla.co\/Revista\/wp-json\/wp\/v2\/users\/2"}],"replies":[{"embeddable":true,"href":"https:\/\/tuguia.combarranquilla.co\/Revista\/wp-json\/wp\/v2\/comments?post=3219"}],"version-history":[{"count":2,"href":"https:\/\/tuguia.combarranquilla.co\/Revista\/wp-json\/wp\/v2\/posts\/3219\/revisions"}],"predecessor-version":[{"id":3299,"href":"https:\/\/tuguia.combarranquilla.co\/Revista\/wp-json\/wp\/v2\/posts\/3219\/revisions\/3299"}],"wp:featuredmedia":[{"embeddable":true,"href":"https:\/\/tuguia.combarranquilla.co\/Revista\/wp-json\/wp\/v2\/media\/3263"}],"wp:attachment":[{"href":"https:\/\/tuguia.combarranquilla.co\/Revista\/wp-json\/wp\/v2\/media?parent=3219"}],"wp:term":[{"taxonomy":"category","embeddable":true,"href":"https:\/\/tuguia.combarranquilla.co\/Revista\/wp-json\/wp\/v2\/categories?post=3219"},{"taxonomy":"post_tag","embeddable":true,"href":"https:\/\/tuguia.combarranquilla.co\/Revista\/wp-json\/wp\/v2\/tags?post=3219"}],"curies":[{"name":"wp","href":"https:\/\/api.w.org\/{rel}","templated":true}]}}