{"id":3224,"date":"2023-12-05T10:54:34","date_gmt":"2023-12-05T15:54:34","guid":{"rendered":"https:\/\/tuguia.combarranquilla.co\/Revista\/?p=3224"},"modified":"2023-12-05T11:55:30","modified_gmt":"2023-12-05T16:55:30","slug":"centro-de-formacion-combarranquilla-un-espacio-para-nuevas-propuestas-de-educacion","status":"publish","type":"post","link":"https:\/\/tuguia.combarranquilla.co\/Revista\/centro-de-formacion-combarranquilla-un-espacio-para-nuevas-propuestas-de-educacion\/","title":{"rendered":"Centro de Formaci\u00f3n Combarranquilla&#8230;"},"content":{"rendered":"\n<p><em> Un espacio para nuevas propuestas de educaci\u00f3n<\/em><\/p>\n\n\n\n<p style=\"font-size:20px\">Combarranquilla con el prop\u00f3sito de ofrecer alternativas de formaci\u00f3n que respondan a las necesidades e intereses de los afiliados y sus familias, ha estructurado a trav\u00e9s de su Centro de Formaci\u00f3n un Portafolio de Educaci\u00f3n amplio e interesante para j\u00f3venes y adultos. <\/p>\n\n\n\n<p style=\"font-size:20px\">Para este 2024 el Centro de Formaci\u00f3n Combarranquilla trae propuestas educativas muy innovadoras e interesantes. Contamos con 2 programas T\u00e9cnicos Laborales nuevos  y cursos ocupacionales, seminarios y diplomados con un portafolio muy innovador y atractivo.<\/p>\n\n\n\n<p class=\"has-medium-font-size\"><strong>T\u00e9cnico Laboral en Auxiliar de Panader\u00eda y Pasteler\u00eda<\/strong><br><em><strong>Ocupaciones que el egresado pueda desempe\u00f1ar: <\/strong><\/em><\/p>\n\n\n\n<ul class=\"has-medium-font-size wp-block-list\">\n<li style=\"font-size:20px\">Amasador panader\u00eda <\/li>\n\n\n\n<li style=\"font-size:20px\">Bizcochero <\/li>\n\n\n\n<li style=\"font-size:20px\">Galletero <\/li>\n\n\n\n<li style=\"font-size:20px\">Hornero elaboraci\u00f3n galletas<\/li>\n\n\n\n<li style=\"font-size:20px\">Hornero panader\u00eda <\/li>\n\n\n\n<li style=\"font-size:20px\">Panadero <\/li>\n\n\n\n<li style=\"font-size:20px\">Panadero bizcochero<\/li>\n\n\n\n<li style=\"font-size:20px\">Panadero galletero <\/li>\n\n\n\n<li style=\"font-size:20px\">Panadero pastelero<\/li>\n\n\n\n<li style=\"font-size:20px\">Pastelero<\/li>\n\n\n\n<li style=\"font-size:20px\">Pizzero<\/li>\n<\/ul>\n\n\n\n<p style=\"font-size:20px\"><strong>Duraci\u00f3n:<\/strong><br>II semestres acad\u00e9micos.<br>I Semestre para la etapa productiva.<\/p>\n\n\n\n<figure class=\"wp-block-image size-large\"><img decoding=\"async\" width=\"1024\" height=\"683\" data-src=\"https:\/\/tuguia.combarranquilla.co\/Revista\/wp-content\/uploads\/2023\/12\/pexels-gustavo-fring-3983581-1024x683.jpg\" alt=\"\" class=\"wp-image-3290 lazyload\" data-srcset=\"https:\/\/tuguia.combarranquilla.co\/Revista\/wp-content\/uploads\/2023\/12\/pexels-gustavo-fring-3983581-1024x683.jpg 1024w, https:\/\/tuguia.combarranquilla.co\/Revista\/wp-content\/uploads\/2023\/12\/pexels-gustavo-fring-3983581-300x200.jpg 300w, https:\/\/tuguia.combarranquilla.co\/Revista\/wp-content\/uploads\/2023\/12\/pexels-gustavo-fring-3983581-768x512.jpg 768w, https:\/\/tuguia.combarranquilla.co\/Revista\/wp-content\/uploads\/2023\/12\/pexels-gustavo-fring-3983581-1536x1024.jpg 1536w, https:\/\/tuguia.combarranquilla.co\/Revista\/wp-content\/uploads\/2023\/12\/pexels-gustavo-fring-3983581-2048x1365.jpg 2048w\" data-sizes=\"(max-width: 1024px) 100vw, 1024px\" src=\"data:image\/svg+xml;base64,PHN2ZyB3aWR0aD0iMSIgaGVpZ2h0PSIxIiB4bWxucz0iaHR0cDovL3d3dy53My5vcmcvMjAwMC9zdmciPjwvc3ZnPg==\" style=\"--smush-placeholder-width: 1024px; --smush-placeholder-aspect-ratio: 1024\/683;\" \/><figcaption class=\"wp-element-caption\"><em>Imagen de referencia<\/em><\/figcaption><\/figure>\n\n\n\n<p style=\"font-size:20px\"><strong>T\u00e9cnico Laboral en Auxiliar de Archivo y Registro<\/strong><br><em><strong>Ocupaciones que el egresado pueda desempe\u00f1ar: &nbsp;<\/strong><\/em><\/p>\n\n\n\n<ul class=\"has-medium-font-size wp-block-list\">\n<li style=\"font-size:20px\">Auxiliar de archivo<\/li>\n\n\n\n<li style=\"font-size:20px\">Auxiliar de archivo y registro<\/li>\n\n\n\n<li style=\"font-size:20px\">Auxiliar de correspondencia<\/li>\n\n\n\n<li style=\"font-size:20px\">Auxiliar de radicaci\u00f3n<\/li>\n\n\n\n<li style=\"font-size:20px\">Oficinista de clasificaci\u00f3n y archivo<\/li>\n\n\n\n<li style=\"font-size:20px\">Radicador de documentos<\/li>\n<\/ul>\n\n\n\n<p style=\"font-size:20px\"><strong>Duraci\u00f3n:<\/strong><br>II semestres acad\u00e9micos.<br>I semestre para la etapa productiva<\/p>\n\n\n\n<figure class=\"wp-block-gallery has-nested-images columns-default is-cropped wp-block-gallery-1 is-layout-flex wp-block-gallery-is-layout-flex\">\n<figure class=\"wp-block-image size-large\"><img decoding=\"async\" width=\"1024\" height=\"577\" data-id=\"3291\" data-src=\"https:\/\/tuguia.combarranquilla.co\/Revista\/wp-content\/uploads\/2023\/12\/pexels-kindel-media-7054757-1024x577.jpg\" alt=\"\" class=\"wp-image-3291 lazyload\" data-srcset=\"https:\/\/tuguia.combarranquilla.co\/Revista\/wp-content\/uploads\/2023\/12\/pexels-kindel-media-7054757-1024x577.jpg 1024w, https:\/\/tuguia.combarranquilla.co\/Revista\/wp-content\/uploads\/2023\/12\/pexels-kindel-media-7054757-300x169.jpg 300w, https:\/\/tuguia.combarranquilla.co\/Revista\/wp-content\/uploads\/2023\/12\/pexels-kindel-media-7054757-768x433.jpg 768w, https:\/\/tuguia.combarranquilla.co\/Revista\/wp-content\/uploads\/2023\/12\/pexels-kindel-media-7054757-1536x865.jpg 1536w, https:\/\/tuguia.combarranquilla.co\/Revista\/wp-content\/uploads\/2023\/12\/pexels-kindel-media-7054757-2048x1154.jpg 2048w\" data-sizes=\"(max-width: 1024px) 100vw, 1024px\" src=\"data:image\/svg+xml;base64,PHN2ZyB3aWR0aD0iMSIgaGVpZ2h0PSIxIiB4bWxucz0iaHR0cDovL3d3dy53My5vcmcvMjAwMC9zdmciPjwvc3ZnPg==\" style=\"--smush-placeholder-width: 1024px; --smush-placeholder-aspect-ratio: 1024\/577;\" \/><figcaption class=\"wp-element-caption\"><em>Imagen de referencia<\/em><\/figcaption><\/figure>\n<\/figure>\n\n\n\n<p style=\"font-size:20px\"><strong>Cursos ocupacionales<\/strong>:<br>Taller de maquillaje art\u00edstica para carnaval<br>T\u00e9cnicas y decoraci\u00f3n de tortas en Fondant<br><br><strong>Diplomados:<\/strong><br>La inteligencia artificial en marketing digital<br><br><strong>Seminarios:<\/strong><br>Nutrici\u00f3n, metabolismo y estados de \u00e1nimo<br>Dise\u00f1o de p\u00e1gina web din\u00e1micas<br>Liderazgo de alto desempe\u00f1o &#8221; Herramientas pr\u00e1cticas para expandir la visi\u00f3n&#8221;<\/p>\n\n\n\n<p class=\"has-medium-font-size\">No esperes m\u00e1s. En el 2024 estudia en el Centro de Formaci\u00f3n Combarranquilla<\/p>\n\n\n\n<p class=\"has-medium-font-size\">Si deseas conocer informaci\u00f3n mas detallada puedes comunicarte a nuestra l\u00ednea verde 605-3225049 <\/p>\n\n\n\n<p><br><\/p>\n\n\n\n<p><\/p>\n","protected":false},"excerpt":{"rendered":"<p>Un espacio para nuevas propuestas de educaci\u00f3n Combarranquilla con el prop\u00f3sito de ofrecer alternativas de formaci\u00f3n que respondan a las necesidades e intereses de los afiliados y sus familias, ha estructurado a trav\u00e9s de su Centro de Formaci\u00f3n un Portafolio de Educaci\u00f3n amplio e interesante para j\u00f3venes y adultos. Para este 2024 el Centro de [&hellip;]<\/p>\n","protected":false},"author":2,"featured_media":3060,"comment_status":"open","ping_status":"open","sticky":false,"template":"","format":"standard","meta":{"inline_featured_image":false,"footnotes":""},"categories":[8],"tags":[],"class_list":["post-3224","post","type-post","status-publish","format-standard","has-post-thumbnail","hentry","category-formacion"],"yoast_head":"<!-- This site is optimized with the Yoast SEO plugin v27.4 - https:\/\/yoast.com\/product\/yoast-seo-wordpress\/ -->\n<title>Centro de Formaci\u00f3n Combarranquilla... - Tu Gu\u00eda<\/title>\n<meta name=\"robots\" content=\"index, follow, max-snippet:-1, max-image-preview:large, max-video-preview:-1\" \/>\n<link rel=\"canonical\" href=\"https:\/\/tuguia.combarranquilla.co\/Revista\/centro-de-formacion-combarranquilla-un-espacio-para-nuevas-propuestas-de-educacion\/\" \/>\n<meta property=\"og:locale\" content=\"es_ES\" \/>\n<meta property=\"og:type\" content=\"article\" \/>\n<meta property=\"og:title\" content=\"Centro de Formaci\u00f3n Combarranquilla... - Tu Gu\u00eda\" \/>\n<meta property=\"og:description\" content=\"Un espacio para nuevas propuestas de educaci\u00f3n Combarranquilla con el prop\u00f3sito de ofrecer alternativas de formaci\u00f3n que respondan a las necesidades e intereses de los afiliados y sus familias, ha estructurado a trav\u00e9s de su Centro de Formaci\u00f3n un Portafolio de Educaci\u00f3n amplio e interesante para j\u00f3venes y adultos. Para este 2024 el Centro de [&hellip;]\" \/>\n<meta property=\"og:url\" content=\"https:\/\/tuguia.combarranquilla.co\/Revista\/centro-de-formacion-combarranquilla-un-espacio-para-nuevas-propuestas-de-educacion\/\" \/>\n<meta property=\"og:site_name\" content=\"Tu Gu\u00eda\" \/>\n<meta property=\"article:published_time\" content=\"2023-12-05T15:54:34+00:00\" \/>\n<meta property=\"article:modified_time\" content=\"2023-12-05T16:55:30+00:00\" \/>\n<meta property=\"og:image\" content=\"https:\/\/tuguia.combarranquilla.co\/Revista\/wp-content\/uploads\/2023\/11\/2-1.png\" \/>\n\t<meta property=\"og:image:width\" content=\"1004\" \/>\n\t<meta property=\"og:image:height\" content=\"590\" \/>\n\t<meta property=\"og:image:type\" content=\"image\/png\" \/>\n<meta name=\"author\" content=\"Comunicaciones Combarranquilla\" \/>\n<meta name=\"twitter:card\" content=\"summary_large_image\" \/>\n<meta name=\"twitter:label1\" content=\"Escrito por\" \/>\n\t<meta name=\"twitter:data1\" content=\"Comunicaciones Combarranquilla\" \/>\n\t<meta name=\"twitter:label2\" content=\"Tiempo de lectura\" \/>\n\t<meta name=\"twitter:data2\" content=\"1 minuto\" \/>\n<script type=\"application\/ld+json\" class=\"yoast-schema-graph\">{\"@context\":\"https:\\\/\\\/schema.org\",\"@graph\":[{\"@type\":\"Article\",\"@id\":\"https:\\\/\\\/tuguia.combarranquilla.co\\\/Revista\\\/centro-de-formacion-combarranquilla-un-espacio-para-nuevas-propuestas-de-educacion\\\/#article\",\"isPartOf\":{\"@id\":\"https:\\\/\\\/tuguia.combarranquilla.co\\\/Revista\\\/centro-de-formacion-combarranquilla-un-espacio-para-nuevas-propuestas-de-educacion\\\/\"},\"author\":{\"name\":\"Comunicaciones Combarranquilla\",\"@id\":\"https:\\\/\\\/tuguia.combarranquilla.co\\\/Revista\\\/#\\\/schema\\\/person\\\/c2c396a77170bd1d5f8ba73294eb0d10\"},\"headline\":\"Centro de Formaci\u00f3n Combarranquilla&#8230;\",\"datePublished\":\"2023-12-05T15:54:34+00:00\",\"dateModified\":\"2023-12-05T16:55:30+00:00\",\"mainEntityOfPage\":{\"@id\":\"https:\\\/\\\/tuguia.combarranquilla.co\\\/Revista\\\/centro-de-formacion-combarranquilla-un-espacio-para-nuevas-propuestas-de-educacion\\\/\"},\"wordCount\":286,\"commentCount\":0,\"publisher\":{\"@id\":\"https:\\\/\\\/tuguia.combarranquilla.co\\\/Revista\\\/#organization\"},\"image\":{\"@id\":\"https:\\\/\\\/tuguia.combarranquilla.co\\\/Revista\\\/centro-de-formacion-combarranquilla-un-espacio-para-nuevas-propuestas-de-educacion\\\/#primaryimage\"},\"thumbnailUrl\":\"https:\\\/\\\/tuguia.combarranquilla.co\\\/Revista\\\/wp-content\\\/uploads\\\/2023\\\/11\\\/2-1.png\",\"articleSection\":[\"FORMACI\u00d3N\"],\"inLanguage\":\"es-CO\",\"potentialAction\":[{\"@type\":\"CommentAction\",\"name\":\"Comment\",\"target\":[\"https:\\\/\\\/tuguia.combarranquilla.co\\\/Revista\\\/centro-de-formacion-combarranquilla-un-espacio-para-nuevas-propuestas-de-educacion\\\/#respond\"]}]},{\"@type\":\"WebPage\",\"@id\":\"https:\\\/\\\/tuguia.combarranquilla.co\\\/Revista\\\/centro-de-formacion-combarranquilla-un-espacio-para-nuevas-propuestas-de-educacion\\\/\",\"url\":\"https:\\\/\\\/tuguia.combarranquilla.co\\\/Revista\\\/centro-de-formacion-combarranquilla-un-espacio-para-nuevas-propuestas-de-educacion\\\/\",\"name\":\"Centro de Formaci\u00f3n Combarranquilla... - Tu Gu\u00eda\",\"isPartOf\":{\"@id\":\"https:\\\/\\\/tuguia.combarranquilla.co\\\/Revista\\\/#website\"},\"primaryImageOfPage\":{\"@id\":\"https:\\\/\\\/tuguia.combarranquilla.co\\\/Revista\\\/centro-de-formacion-combarranquilla-un-espacio-para-nuevas-propuestas-de-educacion\\\/#primaryimage\"},\"image\":{\"@id\":\"https:\\\/\\\/tuguia.combarranquilla.co\\\/Revista\\\/centro-de-formacion-combarranquilla-un-espacio-para-nuevas-propuestas-de-educacion\\\/#primaryimage\"},\"thumbnailUrl\":\"https:\\\/\\\/tuguia.combarranquilla.co\\\/Revista\\\/wp-content\\\/uploads\\\/2023\\\/11\\\/2-1.png\",\"datePublished\":\"2023-12-05T15:54:34+00:00\",\"dateModified\":\"2023-12-05T16:55:30+00:00\",\"breadcrumb\":{\"@id\":\"https:\\\/\\\/tuguia.combarranquilla.co\\\/Revista\\\/centro-de-formacion-combarranquilla-un-espacio-para-nuevas-propuestas-de-educacion\\\/#breadcrumb\"},\"inLanguage\":\"es-CO\",\"potentialAction\":[{\"@type\":\"ReadAction\",\"target\":[\"https:\\\/\\\/tuguia.combarranquilla.co\\\/Revista\\\/centro-de-formacion-combarranquilla-un-espacio-para-nuevas-propuestas-de-educacion\\\/\"]}]},{\"@type\":\"ImageObject\",\"inLanguage\":\"es-CO\",\"@id\":\"https:\\\/\\\/tuguia.combarranquilla.co\\\/Revista\\\/centro-de-formacion-combarranquilla-un-espacio-para-nuevas-propuestas-de-educacion\\\/#primaryimage\",\"url\":\"https:\\\/\\\/tuguia.combarranquilla.co\\\/Revista\\\/wp-content\\\/uploads\\\/2023\\\/11\\\/2-1.png\",\"contentUrl\":\"https:\\\/\\\/tuguia.combarranquilla.co\\\/Revista\\\/wp-content\\\/uploads\\\/2023\\\/11\\\/2-1.png\",\"width\":1004,\"height\":590},{\"@type\":\"BreadcrumbList\",\"@id\":\"https:\\\/\\\/tuguia.combarranquilla.co\\\/Revista\\\/centro-de-formacion-combarranquilla-un-espacio-para-nuevas-propuestas-de-educacion\\\/#breadcrumb\",\"itemListElement\":[{\"@type\":\"ListItem\",\"position\":1,\"name\":\"Inicio\",\"item\":\"https:\\\/\\\/tuguia.combarranquilla.co\\\/Revista\\\/\"},{\"@type\":\"ListItem\",\"position\":2,\"name\":\"Centro de Formaci\u00f3n Combarranquilla&#8230;\"}]},{\"@type\":\"WebSite\",\"@id\":\"https:\\\/\\\/tuguia.combarranquilla.co\\\/Revista\\\/#website\",\"url\":\"https:\\\/\\\/tuguia.combarranquilla.co\\\/Revista\\\/\",\"name\":\"Tu Gu\u00eda\",\"description\":\"La revista donde lo tienes todo.\",\"publisher\":{\"@id\":\"https:\\\/\\\/tuguia.combarranquilla.co\\\/Revista\\\/#organization\"},\"alternateName\":\"Tu Gu\u00eda Combarranquilla\",\"potentialAction\":[{\"@type\":\"SearchAction\",\"target\":{\"@type\":\"EntryPoint\",\"urlTemplate\":\"https:\\\/\\\/tuguia.combarranquilla.co\\\/Revista\\\/?s={search_term_string}\"},\"query-input\":{\"@type\":\"PropertyValueSpecification\",\"valueRequired\":true,\"valueName\":\"search_term_string\"}}],\"inLanguage\":\"es-CO\"},{\"@type\":\"Organization\",\"@id\":\"https:\\\/\\\/tuguia.combarranquilla.co\\\/Revista\\\/#organization\",\"name\":\"Tu Gu\u00eda Combarranquilla\",\"url\":\"https:\\\/\\\/tuguia.combarranquilla.co\\\/Revista\\\/\",\"logo\":{\"@type\":\"ImageObject\",\"inLanguage\":\"es-CO\",\"@id\":\"https:\\\/\\\/tuguia.combarranquilla.co\\\/Revista\\\/#\\\/schema\\\/logo\\\/image\\\/\",\"url\":\"https:\\\/\\\/tuguia.combarranquilla.co\\\/Revista\\\/wp-content\\\/uploads\\\/2022\\\/02\\\/logo-guia-combarranquilla.svg\",\"contentUrl\":\"https:\\\/\\\/tuguia.combarranquilla.co\\\/Revista\\\/wp-content\\\/uploads\\\/2022\\\/02\\\/logo-guia-combarranquilla.svg\",\"caption\":\"Tu Gu\u00eda Combarranquilla\"},\"image\":{\"@id\":\"https:\\\/\\\/tuguia.combarranquilla.co\\\/Revista\\\/#\\\/schema\\\/logo\\\/image\\\/\"}},{\"@type\":\"Person\",\"@id\":\"https:\\\/\\\/tuguia.combarranquilla.co\\\/Revista\\\/#\\\/schema\\\/person\\\/c2c396a77170bd1d5f8ba73294eb0d10\",\"name\":\"Comunicaciones Combarranquilla\",\"image\":{\"@type\":\"ImageObject\",\"inLanguage\":\"es-CO\",\"@id\":\"https:\\\/\\\/tuguia.combarranquilla.co\\\/Revista\\\/wp-content\\\/uploads\\\/2025\\\/05\\\/ABC-Al-Rojo-Logo-96x96.jpg\",\"url\":\"https:\\\/\\\/tuguia.combarranquilla.co\\\/Revista\\\/wp-content\\\/uploads\\\/2025\\\/05\\\/ABC-Al-Rojo-Logo-96x96.jpg\",\"contentUrl\":\"https:\\\/\\\/tuguia.combarranquilla.co\\\/Revista\\\/wp-content\\\/uploads\\\/2025\\\/05\\\/ABC-Al-Rojo-Logo-96x96.jpg\",\"caption\":\"Comunicaciones Combarranquilla\"},\"sameAs\":[\"https:\\\/\\\/www.combarranquilla.co\"],\"url\":\"https:\\\/\\\/tuguia.combarranquilla.co\\\/Revista\\\/author\\\/comunicaciones\\\/\"}]}<\/script>\n<!-- \/ Yoast SEO plugin. -->","yoast_head_json":{"title":"Centro de Formaci\u00f3n Combarranquilla... - Tu Gu\u00eda","robots":{"index":"index","follow":"follow","max-snippet":"max-snippet:-1","max-image-preview":"max-image-preview:large","max-video-preview":"max-video-preview:-1"},"canonical":"https:\/\/tuguia.combarranquilla.co\/Revista\/centro-de-formacion-combarranquilla-un-espacio-para-nuevas-propuestas-de-educacion\/","og_locale":"es_ES","og_type":"article","og_title":"Centro de Formaci\u00f3n Combarranquilla... - Tu Gu\u00eda","og_description":"Un espacio para nuevas propuestas de educaci\u00f3n Combarranquilla con el prop\u00f3sito de ofrecer alternativas de formaci\u00f3n que respondan a las necesidades e intereses de los afiliados y sus familias, ha estructurado a trav\u00e9s de su Centro de Formaci\u00f3n un Portafolio de Educaci\u00f3n amplio e interesante para j\u00f3venes y adultos. Para este 2024 el Centro de [&hellip;]","og_url":"https:\/\/tuguia.combarranquilla.co\/Revista\/centro-de-formacion-combarranquilla-un-espacio-para-nuevas-propuestas-de-educacion\/","og_site_name":"Tu Gu\u00eda","article_published_time":"2023-12-05T15:54:34+00:00","article_modified_time":"2023-12-05T16:55:30+00:00","og_image":[{"width":1004,"height":590,"url":"https:\/\/tuguia.combarranquilla.co\/Revista\/wp-content\/uploads\/2023\/11\/2-1.png","type":"image\/png"}],"author":"Comunicaciones Combarranquilla","twitter_card":"summary_large_image","twitter_misc":{"Escrito por":"Comunicaciones Combarranquilla","Tiempo de lectura":"1 minuto"},"schema":{"@context":"https:\/\/schema.org","@graph":[{"@type":"Article","@id":"https:\/\/tuguia.combarranquilla.co\/Revista\/centro-de-formacion-combarranquilla-un-espacio-para-nuevas-propuestas-de-educacion\/#article","isPartOf":{"@id":"https:\/\/tuguia.combarranquilla.co\/Revista\/centro-de-formacion-combarranquilla-un-espacio-para-nuevas-propuestas-de-educacion\/"},"author":{"name":"Comunicaciones Combarranquilla","@id":"https:\/\/tuguia.combarranquilla.co\/Revista\/#\/schema\/person\/c2c396a77170bd1d5f8ba73294eb0d10"},"headline":"Centro de Formaci\u00f3n Combarranquilla&#8230;","datePublished":"2023-12-05T15:54:34+00:00","dateModified":"2023-12-05T16:55:30+00:00","mainEntityOfPage":{"@id":"https:\/\/tuguia.combarranquilla.co\/Revista\/centro-de-formacion-combarranquilla-un-espacio-para-nuevas-propuestas-de-educacion\/"},"wordCount":286,"commentCount":0,"publisher":{"@id":"https:\/\/tuguia.combarranquilla.co\/Revista\/#organization"},"image":{"@id":"https:\/\/tuguia.combarranquilla.co\/Revista\/centro-de-formacion-combarranquilla-un-espacio-para-nuevas-propuestas-de-educacion\/#primaryimage"},"thumbnailUrl":"https:\/\/tuguia.combarranquilla.co\/Revista\/wp-content\/uploads\/2023\/11\/2-1.png","articleSection":["FORMACI\u00d3N"],"inLanguage":"es-CO","potentialAction":[{"@type":"CommentAction","name":"Comment","target":["https:\/\/tuguia.combarranquilla.co\/Revista\/centro-de-formacion-combarranquilla-un-espacio-para-nuevas-propuestas-de-educacion\/#respond"]}]},{"@type":"WebPage","@id":"https:\/\/tuguia.combarranquilla.co\/Revista\/centro-de-formacion-combarranquilla-un-espacio-para-nuevas-propuestas-de-educacion\/","url":"https:\/\/tuguia.combarranquilla.co\/Revista\/centro-de-formacion-combarranquilla-un-espacio-para-nuevas-propuestas-de-educacion\/","name":"Centro de Formaci\u00f3n Combarranquilla... - Tu Gu\u00eda","isPartOf":{"@id":"https:\/\/tuguia.combarranquilla.co\/Revista\/#website"},"primaryImageOfPage":{"@id":"https:\/\/tuguia.combarranquilla.co\/Revista\/centro-de-formacion-combarranquilla-un-espacio-para-nuevas-propuestas-de-educacion\/#primaryimage"},"image":{"@id":"https:\/\/tuguia.combarranquilla.co\/Revista\/centro-de-formacion-combarranquilla-un-espacio-para-nuevas-propuestas-de-educacion\/#primaryimage"},"thumbnailUrl":"https:\/\/tuguia.combarranquilla.co\/Revista\/wp-content\/uploads\/2023\/11\/2-1.png","datePublished":"2023-12-05T15:54:34+00:00","dateModified":"2023-12-05T16:55:30+00:00","breadcrumb":{"@id":"https:\/\/tuguia.combarranquilla.co\/Revista\/centro-de-formacion-combarranquilla-un-espacio-para-nuevas-propuestas-de-educacion\/#breadcrumb"},"inLanguage":"es-CO","potentialAction":[{"@type":"ReadAction","target":["https:\/\/tuguia.combarranquilla.co\/Revista\/centro-de-formacion-combarranquilla-un-espacio-para-nuevas-propuestas-de-educacion\/"]}]},{"@type":"ImageObject","inLanguage":"es-CO","@id":"https:\/\/tuguia.combarranquilla.co\/Revista\/centro-de-formacion-combarranquilla-un-espacio-para-nuevas-propuestas-de-educacion\/#primaryimage","url":"https:\/\/tuguia.combarranquilla.co\/Revista\/wp-content\/uploads\/2023\/11\/2-1.png","contentUrl":"https:\/\/tuguia.combarranquilla.co\/Revista\/wp-content\/uploads\/2023\/11\/2-1.png","width":1004,"height":590},{"@type":"BreadcrumbList","@id":"https:\/\/tuguia.combarranquilla.co\/Revista\/centro-de-formacion-combarranquilla-un-espacio-para-nuevas-propuestas-de-educacion\/#breadcrumb","itemListElement":[{"@type":"ListItem","position":1,"name":"Inicio","item":"https:\/\/tuguia.combarranquilla.co\/Revista\/"},{"@type":"ListItem","position":2,"name":"Centro de Formaci\u00f3n Combarranquilla&#8230;"}]},{"@type":"WebSite","@id":"https:\/\/tuguia.combarranquilla.co\/Revista\/#website","url":"https:\/\/tuguia.combarranquilla.co\/Revista\/","name":"Tu Gu\u00eda","description":"La revista donde lo tienes todo.","publisher":{"@id":"https:\/\/tuguia.combarranquilla.co\/Revista\/#organization"},"alternateName":"Tu Gu\u00eda Combarranquilla","potentialAction":[{"@type":"SearchAction","target":{"@type":"EntryPoint","urlTemplate":"https:\/\/tuguia.combarranquilla.co\/Revista\/?s={search_term_string}"},"query-input":{"@type":"PropertyValueSpecification","valueRequired":true,"valueName":"search_term_string"}}],"inLanguage":"es-CO"},{"@type":"Organization","@id":"https:\/\/tuguia.combarranquilla.co\/Revista\/#organization","name":"Tu Gu\u00eda Combarranquilla","url":"https:\/\/tuguia.combarranquilla.co\/Revista\/","logo":{"@type":"ImageObject","inLanguage":"es-CO","@id":"https:\/\/tuguia.combarranquilla.co\/Revista\/#\/schema\/logo\/image\/","url":"https:\/\/tuguia.combarranquilla.co\/Revista\/wp-content\/uploads\/2022\/02\/logo-guia-combarranquilla.svg","contentUrl":"https:\/\/tuguia.combarranquilla.co\/Revista\/wp-content\/uploads\/2022\/02\/logo-guia-combarranquilla.svg","caption":"Tu Gu\u00eda Combarranquilla"},"image":{"@id":"https:\/\/tuguia.combarranquilla.co\/Revista\/#\/schema\/logo\/image\/"}},{"@type":"Person","@id":"https:\/\/tuguia.combarranquilla.co\/Revista\/#\/schema\/person\/c2c396a77170bd1d5f8ba73294eb0d10","name":"Comunicaciones Combarranquilla","image":{"@type":"ImageObject","inLanguage":"es-CO","@id":"https:\/\/tuguia.combarranquilla.co\/Revista\/wp-content\/uploads\/2025\/05\/ABC-Al-Rojo-Logo-96x96.jpg","url":"https:\/\/tuguia.combarranquilla.co\/Revista\/wp-content\/uploads\/2025\/05\/ABC-Al-Rojo-Logo-96x96.jpg","contentUrl":"https:\/\/tuguia.combarranquilla.co\/Revista\/wp-content\/uploads\/2025\/05\/ABC-Al-Rojo-Logo-96x96.jpg","caption":"Comunicaciones Combarranquilla"},"sameAs":["https:\/\/www.combarranquilla.co"],"url":"https:\/\/tuguia.combarranquilla.co\/Revista\/author\/comunicaciones\/"}]}},"_links":{"self":[{"href":"https:\/\/tuguia.combarranquilla.co\/Revista\/wp-json\/wp\/v2\/posts\/3224","targetHints":{"allow":["GET"]}}],"collection":[{"href":"https:\/\/tuguia.combarranquilla.co\/Revista\/wp-json\/wp\/v2\/posts"}],"about":[{"href":"https:\/\/tuguia.combarranquilla.co\/Revista\/wp-json\/wp\/v2\/types\/post"}],"author":[{"embeddable":true,"href":"https:\/\/tuguia.combarranquilla.co\/Revista\/wp-json\/wp\/v2\/users\/2"}],"replies":[{"embeddable":true,"href":"https:\/\/tuguia.combarranquilla.co\/Revista\/wp-json\/wp\/v2\/comments?post=3224"}],"version-history":[{"count":9,"href":"https:\/\/tuguia.combarranquilla.co\/Revista\/wp-json\/wp\/v2\/posts\/3224\/revisions"}],"predecessor-version":[{"id":3296,"href":"https:\/\/tuguia.combarranquilla.co\/Revista\/wp-json\/wp\/v2\/posts\/3224\/revisions\/3296"}],"wp:featuredmedia":[{"embeddable":true,"href":"https:\/\/tuguia.combarranquilla.co\/Revista\/wp-json\/wp\/v2\/media\/3060"}],"wp:attachment":[{"href":"https:\/\/tuguia.combarranquilla.co\/Revista\/wp-json\/wp\/v2\/media?parent=3224"}],"wp:term":[{"taxonomy":"category","embeddable":true,"href":"https:\/\/tuguia.combarranquilla.co\/Revista\/wp-json\/wp\/v2\/categories?post=3224"},{"taxonomy":"post_tag","embeddable":true,"href":"https:\/\/tuguia.combarranquilla.co\/Revista\/wp-json\/wp\/v2\/tags?post=3224"}],"curies":[{"name":"wp","href":"https:\/\/api.w.org\/{rel}","templated":true}]}}